{"id":64930,"date":"2025-08-14T07:00:50","date_gmt":"2025-08-14T05:00:50","guid":{"rendered":"https:\/\/www.immobilienbusiness.ch\/?p=64930"},"modified":"2025-08-13T12:49:24","modified_gmt":"2025-08-13T10:49:24","slug":"bonainvest-daniel-baumann-wird-ceo","status":"publish","type":"post","link":"https:\/\/www.immobilienbusiness.ch\/fr\/personalia\/2025-08-14\/bonainvest-daniel-baumann-wird-ceo\/","title":{"rendered":"Bonainvest : Daniel Baumann devient CEO"},"content":{"rendered":"<figure id=\"attachment_64932\" aria-describedby=\"caption-attachment-64932\" style=\"width: 768px\" class=\"wp-caption alignnone\"><a href=\"https:\/\/www.immobilienbusiness.ch\/wp-content\/uploads\/2025\/08\/Daniel-Baumann.png\"><img loading=\"lazy\" decoding=\"async\" class=\"size-large wp-image-64932\" src=\"https:\/\/www.immobilienbusiness.ch\/wp-content\/uploads\/2025\/08\/Daniel-Baumann-1024x707.png\" alt=\"\" width=\"768\" height=\"530\" srcset=\"https:\/\/www.immobilienbusiness.ch\/wp-content\/uploads\/2025\/08\/Daniel-Baumann-1024x707.png 1024w, https:\/\/www.immobilienbusiness.ch\/wp-content\/uploads\/2025\/08\/Daniel-Baumann-300x207.png 300w, https:\/\/www.immobilienbusiness.ch\/wp-content\/uploads\/2025\/08\/Daniel-Baumann-768x530.png 768w, https:\/\/www.immobilienbusiness.ch\/wp-content\/uploads\/2025\/08\/Daniel-Baumann-18x12.png 18w, https:\/\/www.immobilienbusiness.ch\/wp-content\/uploads\/2025\/08\/Daniel-Baumann-375x259.png 375w, https:\/\/www.immobilienbusiness.ch\/wp-content\/uploads\/2025\/08\/Daniel-Baumann-507x350.png 507w, https:\/\/www.immobilienbusiness.ch\/wp-content\/uploads\/2025\/08\/Daniel-Baumann-1000x690.png 1000w, https:\/\/www.immobilienbusiness.ch\/wp-content\/uploads\/2025\/08\/Daniel-Baumann.png 1200w\" sizes=\"auto, (max-width: 768px) 100vw, 768px\" \/><\/a><figcaption id=\"caption-attachment-64932\" class=\"wp-caption-text\">Daniel Baumann (Photo : \u00a9 Bonainvest)<\/figcaption><\/figure>\n<p>Bonainvest Holding AG annonce une nouvelle phase de croissance ainsi qu'un changement \u00e0 l'\u00e9tage de la direction : Daniel Baumann a \u00e9t\u00e9 nomm\u00e9 nouveau Chief Executive Officer \u00e0 partir du 1er janvier 2026. Comme le communique le conseil d'administration de Bonainvest, Daniel Baumann occupera d\u00e8s le mois d'octobre le poste de chef de projet du d\u00e9veloppement de l'entreprise et sera membre de la direction. Baumann reprend la direction op\u00e9rationnelle du groupe \"avec la mission claire de faire avancer le d\u00e9veloppement strat\u00e9gique de Bonainvest\", est-il pr\u00e9cis\u00e9.<\/p>\n<p>Daniel Baumann apporte avec lui une longue et fructueuse carri\u00e8re dans le secteur financier et immobilier. En tant que CFO \u00e0 l'esprit d'entreprise, il a jou\u00e9 un r\u00f4le d\u00e9terminant dans le succ\u00e8s de l'IPO d'Ina Invest AG, o\u00f9 il a contribu\u00e9 \u00e0 la constitution d'un portefeuille immobilier de plus de 850 millions de CHF ainsi qu'\u00e0 plusieurs transactions de fusions et acquisitions. En raison de son expertise dans les questions de march\u00e9 des capitaux, de num\u00e9risation et de gestion d'entreprise, le conseil d'administration le consid\u00e8re comme \"la personne id\u00e9ale pour la prochaine phase de croissance de Bonainvest\". L'objectif, comme le pr\u00e9cise Bonainvest, est de continuer \u00e0 renforcer sa position \"en tant que d\u00e9veloppeur et investisseur immobilier innovant et d'ouvrir de nouvelles perspectives de croissance\". <em>(M.ARR.)<\/em><\/p>","protected":false},"excerpt":{"rendered":"<p>L'ancien directeur financier d'Ina Invest commencera \u00e0 travailler pour Bonainvest Holding AG en octobre et prendra ses nouvelles fonctions en janvier.<\/p>","protected":false},"author":102,"featured_media":64932,"comment_status":"closed","ping_status":"closed","sticky":false,"template":"","format":"standard","meta":{"_acf_changed":false,"_yoast_wpseo_focuskw":"Bonainvest","_yoast_wpseo_title":"","_yoast_wpseo_metadesc":"Bonainvest","_yoast_wpseo_linkdex":55,"pgc_sgb_lightbox_settings":"","footnotes":""},"categories":[1912],"tags":[1106,1563],"class_list":["post-64930","post","type-post","status-publish","format-standard","has-post-thumbnail","hentry","category-personalia","tag-bonainvest","tag-personalia"],"acf":[],"yoast_head":"<!-- This site is optimized with the Yoast SEO plugin v27.4 - https:\/\/yoast.com\/product\/yoast-seo-wordpress\/ -->\n<title>Bonainvest: Daniel Baumann wird CEO - IMMOBILIEN Business<\/title>\n<meta name=\"description\" content=\"Bonainvest\" \/>\n<meta name=\"robots\" content=\"index, follow, max-snippet:-1, max-image-preview:large, max-video-preview:-1\" \/>\n<link rel=\"canonical\" href=\"https:\/\/www.immobilienbusiness.ch\/fr\/personalia\/2025-08-14\/bonainvest-daniel-baumann-wird-ceo\/\" \/>\n<meta property=\"og:locale\" content=\"fr_FR\" \/>\n<meta property=\"og:type\" content=\"article\" \/>\n<meta property=\"og:title\" content=\"Bonainvest: Daniel Baumann wird CEO - IMMOBILIEN Business\" \/>\n<meta property=\"og:description\" content=\"Bonainvest\" \/>\n<meta property=\"og:url\" content=\"https:\/\/www.immobilienbusiness.ch\/fr\/personalia\/2025-08-14\/bonainvest-daniel-baumann-wird-ceo\/\" \/>\n<meta property=\"og:site_name\" content=\"IMMOBILIEN Business\" \/>\n<meta property=\"article:publisher\" content=\"https:\/\/www.facebook.com\/immobilienbusiness\/\" \/>\n<meta property=\"article:published_time\" content=\"2025-08-14T05:00:50+00:00\" \/>\n<meta property=\"og:image\" content=\"https:\/\/www.immobilienbusiness.ch\/wp-content\/uploads\/2025\/08\/Daniel-Baumann.png\" \/>\n\t<meta property=\"og:image:width\" content=\"1200\" \/>\n\t<meta property=\"og:image:height\" content=\"828\" \/>\n\t<meta property=\"og:image:type\" content=\"image\/png\" \/>\n<meta name=\"author\" content=\"Alexander Wachter\" \/>\n<meta name=\"twitter:card\" content=\"summary_large_image\" \/>\n<script type=\"application\/ld+json\" class=\"yoast-schema-graph\">{\"@context\":\"https:\\\/\\\/schema.org\",\"@graph\":[{\"@type\":\"Article\",\"@id\":\"https:\\\/\\\/www.immobilienbusiness.ch\\\/de\\\/personalia\\\/2025-08-14\\\/bonainvest-daniel-baumann-wird-ceo\\\/#article\",\"isPartOf\":{\"@id\":\"https:\\\/\\\/www.immobilienbusiness.ch\\\/de\\\/personalia\\\/2025-08-14\\\/bonainvest-daniel-baumann-wird-ceo\\\/\"},\"author\":{\"name\":\"Alexander Wachter\",\"@id\":\"https:\\\/\\\/www.immobilienbusiness.ch\\\/#\\\/schema\\\/person\\\/aba8bea2db926aa0c24c08c43fe1fcd5\"},\"headline\":\"Bonainvest: Daniel Baumann wird CEO\",\"datePublished\":\"2025-08-14T05:00:50+00:00\",\"mainEntityOfPage\":{\"@id\":\"https:\\\/\\\/www.immobilienbusiness.ch\\\/de\\\/personalia\\\/2025-08-14\\\/bonainvest-daniel-baumann-wird-ceo\\\/\"},\"wordCount\":179,\"publisher\":{\"@id\":\"https:\\\/\\\/www.immobilienbusiness.ch\\\/#organization\"},\"image\":{\"@id\":\"https:\\\/\\\/www.immobilienbusiness.ch\\\/de\\\/personalia\\\/2025-08-14\\\/bonainvest-daniel-baumann-wird-ceo\\\/#primaryimage\"},\"thumbnailUrl\":\"https:\\\/\\\/www.immobilienbusiness.ch\\\/wp-content\\\/uploads\\\/2025\\\/08\\\/Daniel-Baumann.png\",\"keywords\":[\"Bonainvest\",\"Personalia\"],\"articleSection\":[\"PERSONALIA\"],\"inLanguage\":\"fr-FR\"},{\"@type\":\"WebPage\",\"@id\":\"https:\\\/\\\/www.immobilienbusiness.ch\\\/de\\\/personalia\\\/2025-08-14\\\/bonainvest-daniel-baumann-wird-ceo\\\/\",\"url\":\"https:\\\/\\\/www.immobilienbusiness.ch\\\/de\\\/personalia\\\/2025-08-14\\\/bonainvest-daniel-baumann-wird-ceo\\\/\",\"name\":\"Bonainvest: Daniel Baumann wird CEO - IMMOBILIEN Business\",\"isPartOf\":{\"@id\":\"https:\\\/\\\/www.immobilienbusiness.ch\\\/#website\"},\"primaryImageOfPage\":{\"@id\":\"https:\\\/\\\/www.immobilienbusiness.ch\\\/de\\\/personalia\\\/2025-08-14\\\/bonainvest-daniel-baumann-wird-ceo\\\/#primaryimage\"},\"image\":{\"@id\":\"https:\\\/\\\/www.immobilienbusiness.ch\\\/de\\\/personalia\\\/2025-08-14\\\/bonainvest-daniel-baumann-wird-ceo\\\/#primaryimage\"},\"thumbnailUrl\":\"https:\\\/\\\/www.immobilienbusiness.ch\\\/wp-content\\\/uploads\\\/2025\\\/08\\\/Daniel-Baumann.png\",\"datePublished\":\"2025-08-14T05:00:50+00:00\",\"description\":\"Bonainvest\",\"breadcrumb\":{\"@id\":\"https:\\\/\\\/www.immobilienbusiness.ch\\\/de\\\/personalia\\\/2025-08-14\\\/bonainvest-daniel-baumann-wird-ceo\\\/#breadcrumb\"},\"inLanguage\":\"fr-FR\",\"potentialAction\":[{\"@type\":\"ReadAction\",\"target\":[\"https:\\\/\\\/www.immobilienbusiness.ch\\\/de\\\/personalia\\\/2025-08-14\\\/bonainvest-daniel-baumann-wird-ceo\\\/\"]}]},{\"@type\":\"ImageObject\",\"inLanguage\":\"fr-FR\",\"@id\":\"https:\\\/\\\/www.immobilienbusiness.ch\\\/de\\\/personalia\\\/2025-08-14\\\/bonainvest-daniel-baumann-wird-ceo\\\/#primaryimage\",\"url\":\"https:\\\/\\\/www.immobilienbusiness.ch\\\/wp-content\\\/uploads\\\/2025\\\/08\\\/Daniel-Baumann.png\",\"contentUrl\":\"https:\\\/\\\/www.immobilienbusiness.ch\\\/wp-content\\\/uploads\\\/2025\\\/08\\\/Daniel-Baumann.png\",\"width\":1200,\"height\":828,\"caption\":\"Daniel Baumann (Bild: \u00a9 Bonainvest)\"},{\"@type\":\"BreadcrumbList\",\"@id\":\"https:\\\/\\\/www.immobilienbusiness.ch\\\/de\\\/personalia\\\/2025-08-14\\\/bonainvest-daniel-baumann-wird-ceo\\\/#breadcrumb\",\"itemListElement\":[{\"@type\":\"ListItem\",\"position\":1,\"name\":\"Home\",\"item\":\"https:\\\/\\\/www.immobilienbusiness.ch\\\/\"},{\"@type\":\"ListItem\",\"position\":2,\"name\":\"Bonainvest: Daniel Baumann wird CEO\"}]},{\"@type\":\"WebSite\",\"@id\":\"https:\\\/\\\/www.immobilienbusiness.ch\\\/#website\",\"url\":\"https:\\\/\\\/www.immobilienbusiness.ch\\\/\",\"name\":\"IMMOBILIEN Business\",\"description\":\"Unabh\u00e4ngiges Schweizer Wirtschaftsmagazin mit Fokus auf Immobilien, Architektur- und Bau sowie Investment- und Finanzierung.\",\"publisher\":{\"@id\":\"https:\\\/\\\/www.immobilienbusiness.ch\\\/#organization\"},\"potentialAction\":[{\"@type\":\"SearchAction\",\"target\":{\"@type\":\"EntryPoint\",\"urlTemplate\":\"https:\\\/\\\/www.immobilienbusiness.ch\\\/?s={search_term_string}\"},\"query-input\":{\"@type\":\"PropertyValueSpecification\",\"valueRequired\":true,\"valueName\":\"search_term_string\"}}],\"inLanguage\":\"fr-FR\"},{\"@type\":\"Organization\",\"@id\":\"https:\\\/\\\/www.immobilienbusiness.ch\\\/#organization\",\"name\":\"IMMOBILIEN Business\",\"url\":\"https:\\\/\\\/www.immobilienbusiness.ch\\\/\",\"logo\":{\"@type\":\"ImageObject\",\"inLanguage\":\"fr-FR\",\"@id\":\"https:\\\/\\\/www.immobilienbusiness.ch\\\/#\\\/schema\\\/logo\\\/image\\\/\",\"url\":\"https:\\\/\\\/www.immobilienbusiness.ch\\\/wp-content\\\/uploads\\\/2021\\\/07\\\/logo_ib.png\",\"contentUrl\":\"https:\\\/\\\/www.immobilienbusiness.ch\\\/wp-content\\\/uploads\\\/2021\\\/07\\\/logo_ib.png\",\"width\":800,\"height\":181,\"caption\":\"IMMOBILIEN Business\"},\"image\":{\"@id\":\"https:\\\/\\\/www.immobilienbusiness.ch\\\/#\\\/schema\\\/logo\\\/image\\\/\"},\"sameAs\":[\"https:\\\/\\\/www.facebook.com\\\/immobilienbusiness\\\/\"]},{\"@type\":\"Person\",\"@id\":\"https:\\\/\\\/www.immobilienbusiness.ch\\\/#\\\/schema\\\/person\\\/aba8bea2db926aa0c24c08c43fe1fcd5\",\"name\":\"Alexander Wachter\",\"image\":{\"@type\":\"ImageObject\",\"inLanguage\":\"fr-FR\",\"@id\":\"https:\\\/\\\/secure.gravatar.com\\\/avatar\\\/1a09e471f5389b0e0a6416eac287e0927c7c97a7b77f9e787eba3af7aee281dd?s=96&d=mm&r=g\",\"url\":\"https:\\\/\\\/secure.gravatar.com\\\/avatar\\\/1a09e471f5389b0e0a6416eac287e0927c7c97a7b77f9e787eba3af7aee281dd?s=96&d=mm&r=g\",\"contentUrl\":\"https:\\\/\\\/secure.gravatar.com\\\/avatar\\\/1a09e471f5389b0e0a6416eac287e0927c7c97a7b77f9e787eba3af7aee281dd?s=96&d=mm&r=g\",\"caption\":\"Alexander Wachter\"},\"url\":\"https:\\\/\\\/www.immobilienbusiness.ch\\\/fr\\\/author\\\/alexander-wachter\\\/\"}]}<\/script>\n<!-- \/ Yoast SEO plugin. -->","yoast_head_json":{"title":"Bonainvest : Daniel Baumann devient CEO - IMMOBILIER Business","description":"Bonainvest","robots":{"index":"index","follow":"follow","max-snippet":"max-snippet:-1","max-image-preview":"max-image-preview:large","max-video-preview":"max-video-preview:-1"},"canonical":"https:\/\/www.immobilienbusiness.ch\/fr\/personalia\/2025-08-14\/bonainvest-daniel-baumann-wird-ceo\/","og_locale":"fr_FR","og_type":"article","og_title":"Bonainvest: Daniel Baumann wird CEO - IMMOBILIEN Business","og_description":"Bonainvest","og_url":"https:\/\/www.immobilienbusiness.ch\/fr\/personalia\/2025-08-14\/bonainvest-daniel-baumann-wird-ceo\/","og_site_name":"IMMOBILIEN Business","article_publisher":"https:\/\/www.facebook.com\/immobilienbusiness\/","article_published_time":"2025-08-14T05:00:50+00:00","og_image":[{"width":1200,"height":828,"url":"https:\/\/www.immobilienbusiness.ch\/wp-content\/uploads\/2025\/08\/Daniel-Baumann.png","type":"image\/png"}],"author":"Alexander Wachter","twitter_card":"summary_large_image","schema":{"@context":"https:\/\/schema.org","@graph":[{"@type":"Article","@id":"https:\/\/www.immobilienbusiness.ch\/de\/personalia\/2025-08-14\/bonainvest-daniel-baumann-wird-ceo\/#article","isPartOf":{"@id":"https:\/\/www.immobilienbusiness.ch\/de\/personalia\/2025-08-14\/bonainvest-daniel-baumann-wird-ceo\/"},"author":{"name":"Alexander Wachter","@id":"https:\/\/www.immobilienbusiness.ch\/#\/schema\/person\/aba8bea2db926aa0c24c08c43fe1fcd5"},"headline":"Bonainvest: Daniel Baumann wird CEO","datePublished":"2025-08-14T05:00:50+00:00","mainEntityOfPage":{"@id":"https:\/\/www.immobilienbusiness.ch\/de\/personalia\/2025-08-14\/bonainvest-daniel-baumann-wird-ceo\/"},"wordCount":179,"publisher":{"@id":"https:\/\/www.immobilienbusiness.ch\/#organization"},"image":{"@id":"https:\/\/www.immobilienbusiness.ch\/de\/personalia\/2025-08-14\/bonainvest-daniel-baumann-wird-ceo\/#primaryimage"},"thumbnailUrl":"https:\/\/www.immobilienbusiness.ch\/wp-content\/uploads\/2025\/08\/Daniel-Baumann.png","keywords":["Bonainvest","Personalia"],"articleSection":["PERSONALIA"],"inLanguage":"fr-FR"},{"@type":"WebPage","@id":"https:\/\/www.immobilienbusiness.ch\/de\/personalia\/2025-08-14\/bonainvest-daniel-baumann-wird-ceo\/","url":"https:\/\/www.immobilienbusiness.ch\/de\/personalia\/2025-08-14\/bonainvest-daniel-baumann-wird-ceo\/","name":"Bonainvest : Daniel Baumann devient CEO - IMMOBILIER Business","isPartOf":{"@id":"https:\/\/www.immobilienbusiness.ch\/#website"},"primaryImageOfPage":{"@id":"https:\/\/www.immobilienbusiness.ch\/de\/personalia\/2025-08-14\/bonainvest-daniel-baumann-wird-ceo\/#primaryimage"},"image":{"@id":"https:\/\/www.immobilienbusiness.ch\/de\/personalia\/2025-08-14\/bonainvest-daniel-baumann-wird-ceo\/#primaryimage"},"thumbnailUrl":"https:\/\/www.immobilienbusiness.ch\/wp-content\/uploads\/2025\/08\/Daniel-Baumann.png","datePublished":"2025-08-14T05:00:50+00:00","description":"Bonainvest","breadcrumb":{"@id":"https:\/\/www.immobilienbusiness.ch\/de\/personalia\/2025-08-14\/bonainvest-daniel-baumann-wird-ceo\/#breadcrumb"},"inLanguage":"fr-FR","potentialAction":[{"@type":"ReadAction","target":["https:\/\/www.immobilienbusiness.ch\/de\/personalia\/2025-08-14\/bonainvest-daniel-baumann-wird-ceo\/"]}]},{"@type":"ImageObject","inLanguage":"fr-FR","@id":"https:\/\/www.immobilienbusiness.ch\/de\/personalia\/2025-08-14\/bonainvest-daniel-baumann-wird-ceo\/#primaryimage","url":"https:\/\/www.immobilienbusiness.ch\/wp-content\/uploads\/2025\/08\/Daniel-Baumann.png","contentUrl":"https:\/\/www.immobilienbusiness.ch\/wp-content\/uploads\/2025\/08\/Daniel-Baumann.png","width":1200,"height":828,"caption":"Daniel Baumann (Bild: \u00a9 Bonainvest)"},{"@type":"BreadcrumbList","@id":"https:\/\/www.immobilienbusiness.ch\/de\/personalia\/2025-08-14\/bonainvest-daniel-baumann-wird-ceo\/#breadcrumb","itemListElement":[{"@type":"ListItem","position":1,"name":"Home","item":"https:\/\/www.immobilienbusiness.ch\/"},{"@type":"ListItem","position":2,"name":"Bonainvest: Daniel Baumann wird CEO"}]},{"@type":"WebSite","@id":"https:\/\/www.immobilienbusiness.ch\/#website","url":"https:\/\/www.immobilienbusiness.ch\/","name":"IMMOBILIER Business","description":"Magazine \u00e9conomique suisse ind\u00e9pendant ax\u00e9 sur l'immobilier, l'architecture et la construction ainsi que sur les investissements et le financement.","publisher":{"@id":"https:\/\/www.immobilienbusiness.ch\/#organization"},"potentialAction":[{"@type":"SearchAction","target":{"@type":"EntryPoint","urlTemplate":"https:\/\/www.immobilienbusiness.ch\/?s={search_term_string}"},"query-input":{"@type":"PropertyValueSpecification","valueRequired":true,"valueName":"search_term_string"}}],"inLanguage":"fr-FR"},{"@type":"Organization","@id":"https:\/\/www.immobilienbusiness.ch\/#organization","name":"IMMOBILIER Business","url":"https:\/\/www.immobilienbusiness.ch\/","logo":{"@type":"ImageObject","inLanguage":"fr-FR","@id":"https:\/\/www.immobilienbusiness.ch\/#\/schema\/logo\/image\/","url":"https:\/\/www.immobilienbusiness.ch\/wp-content\/uploads\/2021\/07\/logo_ib.png","contentUrl":"https:\/\/www.immobilienbusiness.ch\/wp-content\/uploads\/2021\/07\/logo_ib.png","width":800,"height":181,"caption":"IMMOBILIEN Business"},"image":{"@id":"https:\/\/www.immobilienbusiness.ch\/#\/schema\/logo\/image\/"},"sameAs":["https:\/\/www.facebook.com\/immobilienbusiness\/"]},{"@type":"Person","@id":"https:\/\/www.immobilienbusiness.ch\/#\/schema\/person\/aba8bea2db926aa0c24c08c43fe1fcd5","name":"Alexander Wachter","image":{"@type":"ImageObject","inLanguage":"fr-FR","@id":"https:\/\/secure.gravatar.com\/avatar\/1a09e471f5389b0e0a6416eac287e0927c7c97a7b77f9e787eba3af7aee281dd?s=96&d=mm&r=g","url":"https:\/\/secure.gravatar.com\/avatar\/1a09e471f5389b0e0a6416eac287e0927c7c97a7b77f9e787eba3af7aee281dd?s=96&d=mm&r=g","contentUrl":"https:\/\/secure.gravatar.com\/avatar\/1a09e471f5389b0e0a6416eac287e0927c7c97a7b77f9e787eba3af7aee281dd?s=96&d=mm&r=g","caption":"Alexander Wachter"},"url":"https:\/\/www.immobilienbusiness.ch\/fr\/author\/alexander-wachter\/"}]}},"_links":{"self":[{"href":"https:\/\/www.immobilienbusiness.ch\/fr\/wp-json\/wp\/v2\/posts\/64930","targetHints":{"allow":["GET"]}}],"collection":[{"href":"https:\/\/www.immobilienbusiness.ch\/fr\/wp-json\/wp\/v2\/posts"}],"about":[{"href":"https:\/\/www.immobilienbusiness.ch\/fr\/wp-json\/wp\/v2\/types\/post"}],"author":[{"embeddable":true,"href":"https:\/\/www.immobilienbusiness.ch\/fr\/wp-json\/wp\/v2\/users\/102"}],"replies":[{"embeddable":true,"href":"https:\/\/www.immobilienbusiness.ch\/fr\/wp-json\/wp\/v2\/comments?post=64930"}],"version-history":[{"count":2,"href":"https:\/\/www.immobilienbusiness.ch\/fr\/wp-json\/wp\/v2\/posts\/64930\/revisions"}],"predecessor-version":[{"id":64933,"href":"https:\/\/www.immobilienbusiness.ch\/fr\/wp-json\/wp\/v2\/posts\/64930\/revisions\/64933"}],"wp:featuredmedia":[{"embeddable":true,"href":"https:\/\/www.immobilienbusiness.ch\/fr\/wp-json\/wp\/v2\/media\/64932"}],"wp:attachment":[{"href":"https:\/\/www.immobilienbusiness.ch\/fr\/wp-json\/wp\/v2\/media?parent=64930"}],"wp:term":[{"taxonomy":"category","embeddable":true,"href":"https:\/\/www.immobilienbusiness.ch\/fr\/wp-json\/wp\/v2\/categories?post=64930"},{"taxonomy":"post_tag","embeddable":true,"href":"https:\/\/www.immobilienbusiness.ch\/fr\/wp-json\/wp\/v2\/tags?post=64930"}],"curies":[{"name":"wp","href":"https:\/\/api.w.org\/{rel}","templated":true}]}}