{"id":64923,"date":"2025-08-13T05:23:46","date_gmt":"2025-08-13T03:23:46","guid":{"rendered":"https:\/\/www.immobilienbusiness.ch\/?p=64923"},"modified":"2025-08-14T09:05:53","modified_gmt":"2025-08-14T07:05:53","slug":"zuerich-paradeplatz-wird-begruent","status":"publish","type":"post","link":"https:\/\/www.immobilienbusiness.ch\/fr\/unternehmen\/2025-08-13\/zuerich-paradeplatz-wird-begruent\/","title":{"rendered":"Zurich : la Paradeplatz se couvre de verdure"},"content":{"rendered":"<figure id=\"attachment_64924\" aria-describedby=\"caption-attachment-64924\" style=\"width: 880px\" class=\"wp-caption alignnone\"><a href=\"https:\/\/www.immobilienbusiness.ch\/wp-content\/uploads\/2025\/08\/Stadtgruen.png\"><img loading=\"lazy\" decoding=\"async\" class=\"size-full wp-image-64924\" src=\"https:\/\/www.immobilienbusiness.ch\/wp-content\/uploads\/2025\/08\/Stadtgruen.png\" alt=\"\" width=\"880\" height=\"586\" srcset=\"https:\/\/www.immobilienbusiness.ch\/wp-content\/uploads\/2025\/08\/Stadtgruen.png 880w, https:\/\/www.immobilienbusiness.ch\/wp-content\/uploads\/2025\/08\/Stadtgruen-300x200.png 300w, https:\/\/www.immobilienbusiness.ch\/wp-content\/uploads\/2025\/08\/Stadtgruen-768x511.png 768w, https:\/\/www.immobilienbusiness.ch\/wp-content\/uploads\/2025\/08\/Stadtgruen-18x12.png 18w, https:\/\/www.immobilienbusiness.ch\/wp-content\/uploads\/2025\/08\/Stadtgruen-375x250.png 375w, https:\/\/www.immobilienbusiness.ch\/wp-content\/uploads\/2025\/08\/Stadtgruen-526x350.png 526w\" sizes=\"auto, (max-width: 880px) 100vw, 880px\" \/><\/a><figcaption id=\"caption-attachment-64924\" class=\"wp-caption-text\">Des installations temporaires d'arbres avec des possibilit\u00e9s de s'asseoir doivent am\u00e9liorer la qualit\u00e9 de s\u00e9jour dans les lieux centraux (Photo : \u00a9 Visual Massimo Milano)<\/figcaption><\/figure>\n<p>Avec le projet pilote \"Gr\u00fcnes Gastspiel\", la ville de Zurich veut installer temporairement de jeunes arbres sur diff\u00e9rentes places publiques avant leur plantation d\u00e9finitive. \"L'objectif est de rendre la v\u00e9g\u00e9talisation visible et d'examiner de nouvelles possibilit\u00e9s d'am\u00e9nagement\", \u00e9crit l'administration dans un communiqu\u00e9. Les arbres sont plac\u00e9s dans des \"Air Pots\" sur des plateformes sp\u00e9cialement con\u00e7ues avec un r\u00e9servoir d'eau int\u00e9gr\u00e9 et des possibilit\u00e9s de fixation. Cette construction permet une v\u00e9g\u00e9talisation flexible, m\u00eame sur des surfaces imperm\u00e9ables. Des chaises, des bancs et des chaises longues seront install\u00e9s autour des arbres. \"Des mesures temporaires comme celles-ci pourraient s'\u00e9tablir \u00e0 long terme comme un instrument compl\u00e9mentaire de l'am\u00e9nagement urbain, car elles montrent des solutions sur la voie d'une ville durablement plus verte\", explique Christine Br\u00e4m, directrice de Gr\u00fcn Stadt Z\u00fcrich.<\/p>\n<p>Les 50 premiers jeunes arbres seront install\u00e9s le long de la Bahnhofstrasse \u00e0 Zurich - la plupart sur la Paradeplatz, quelques-uns sur la Z\u00fcghusplatz et la Herkulesplatz. Les arbres, qui peuvent atteindre 8 m\u00e8tres de haut et 2,5 m\u00e8tres de large, y resteront pendant environ trois mois avant d'\u00eatre soit plant\u00e9s sur le site de la Stadthaus, soit transf\u00e9r\u00e9s vers un autre site interm\u00e9diaire en novembre. Les arbres comprennent aussi bien des esp\u00e8ces indig\u00e8nes comme les charmes, les tilleuls et les ormes que des magnolias ou des arbres en bois de fer.<\/p>\n<h3>Projet pilote sur quatre ans<\/h3>\n<p>Cette mesure fait partie du projet pilote \"Green Gastspiel\" qui durera quatre ans. Durant cette p\u00e9riode, diff\u00e9rents sites seront test\u00e9s et l'effet des mesures sera \u00e9valu\u00e9. La population sera impliqu\u00e9e dans l'\u00e9valuation, est-il pr\u00e9cis\u00e9. <em>(aw)<\/em><\/p>\n<p>&nbsp;<\/p>\n<p>&nbsp;<\/p>\n<p>&nbsp;<\/p>","protected":false},"excerpt":{"rendered":"<p>Dans le cadre d'un projet pilote, la ville installe des bacs \u00e0 arbres avec de jeunes arbres pouvant atteindre huit m\u00e8tres de haut dans la Bahnhofstrasse et surtout sur la Paradeplatz.<\/p>","protected":false},"author":102,"featured_media":64924,"comment_status":"closed","ping_status":"closed","sticky":false,"template":"","format":"standard","meta":{"_acf_changed":false,"_yoast_wpseo_focuskw":"Z\u00fcrich","_yoast_wpseo_title":"","_yoast_wpseo_metadesc":"Im Rahmen eines Pilotprojekts stellt die Stadt Baumk\u00fcbel mit bis zu acht Meter hohen Jungb\u00e4umen an der Bahnhofstrasse und vor allem dem Paradeplatz auf.","_yoast_wpseo_linkdex":70,"pgc_sgb_lightbox_settings":"","footnotes":""},"categories":[988],"tags":[2320,1726,1888],"class_list":["post-64923","post","type-post","status-publish","format-standard","has-post-thumbnail","hentry","category-unternehmen","tag-oeffentliche-hand","tag-stadtplanung","tag-zuerich"],"acf":[],"yoast_head":"<!-- This site is optimized with the Yoast SEO plugin v27.4 - https:\/\/yoast.com\/product\/yoast-seo-wordpress\/ -->\n<title>Z\u00fcrich: Paradeplatz wird begr\u00fcnt - IMMOBILIEN Business<\/title>\n<meta name=\"description\" content=\"Im Rahmen eines Pilotprojekts stellt die Stadt Baumk\u00fcbel mit bis zu acht Meter hohen Jungb\u00e4umen an der Bahnhofstrasse und vor allem dem Paradeplatz auf.\" \/>\n<meta name=\"robots\" content=\"index, follow, max-snippet:-1, max-image-preview:large, max-video-preview:-1\" \/>\n<link rel=\"canonical\" href=\"https:\/\/www.immobilienbusiness.ch\/fr\/unternehmen\/2025-08-13\/zuerich-paradeplatz-wird-begruent\/\" \/>\n<meta property=\"og:locale\" content=\"fr_FR\" \/>\n<meta property=\"og:type\" content=\"article\" \/>\n<meta property=\"og:title\" content=\"Z\u00fcrich: Paradeplatz wird begr\u00fcnt - IMMOBILIEN Business\" \/>\n<meta property=\"og:description\" content=\"Im Rahmen eines Pilotprojekts stellt die Stadt Baumk\u00fcbel mit bis zu acht Meter hohen Jungb\u00e4umen an der Bahnhofstrasse und vor allem dem Paradeplatz auf.\" \/>\n<meta property=\"og:url\" content=\"https:\/\/www.immobilienbusiness.ch\/fr\/unternehmen\/2025-08-13\/zuerich-paradeplatz-wird-begruent\/\" \/>\n<meta property=\"og:site_name\" content=\"IMMOBILIEN Business\" \/>\n<meta property=\"article:publisher\" content=\"https:\/\/www.facebook.com\/immobilienbusiness\/\" \/>\n<meta property=\"article:published_time\" content=\"2025-08-13T03:23:46+00:00\" \/>\n<meta property=\"article:modified_time\" content=\"2025-08-14T07:05:53+00:00\" \/>\n<meta property=\"og:image\" content=\"https:\/\/www.immobilienbusiness.ch\/wp-content\/uploads\/2025\/08\/Stadtgruen.png\" \/>\n\t<meta property=\"og:image:width\" content=\"880\" \/>\n\t<meta property=\"og:image:height\" content=\"586\" \/>\n\t<meta property=\"og:image:type\" content=\"image\/png\" \/>\n<meta name=\"author\" content=\"Alexander Wachter\" \/>\n<meta name=\"twitter:card\" content=\"summary_large_image\" \/>\n<script type=\"application\/ld+json\" class=\"yoast-schema-graph\">{\"@context\":\"https:\\\/\\\/schema.org\",\"@graph\":[{\"@type\":\"Article\",\"@id\":\"https:\\\/\\\/www.immobilienbusiness.ch\\\/en\\\/unternehmen\\\/2025-08-13\\\/zuerich-paradeplatz-wird-begruent\\\/#article\",\"isPartOf\":{\"@id\":\"https:\\\/\\\/www.immobilienbusiness.ch\\\/en\\\/unternehmen\\\/2025-08-13\\\/zuerich-paradeplatz-wird-begruent\\\/\"},\"author\":{\"name\":\"Alexander Wachter\",\"@id\":\"https:\\\/\\\/www.immobilienbusiness.ch\\\/#\\\/schema\\\/person\\\/aba8bea2db926aa0c24c08c43fe1fcd5\"},\"headline\":\"Z\u00fcrich: Paradeplatz wird begr\u00fcnt\",\"datePublished\":\"2025-08-13T03:23:46+00:00\",\"dateModified\":\"2025-08-14T07:05:53+00:00\",\"mainEntityOfPage\":{\"@id\":\"https:\\\/\\\/www.immobilienbusiness.ch\\\/en\\\/unternehmen\\\/2025-08-13\\\/zuerich-paradeplatz-wird-begruent\\\/\"},\"wordCount\":282,\"publisher\":{\"@id\":\"https:\\\/\\\/www.immobilienbusiness.ch\\\/#organization\"},\"image\":{\"@id\":\"https:\\\/\\\/www.immobilienbusiness.ch\\\/en\\\/unternehmen\\\/2025-08-13\\\/zuerich-paradeplatz-wird-begruent\\\/#primaryimage\"},\"thumbnailUrl\":\"https:\\\/\\\/www.immobilienbusiness.ch\\\/wp-content\\\/uploads\\\/2025\\\/08\\\/Stadtgruen.png\",\"keywords\":[\"\u00d6ffentliche Hand\",\"Stadtplanung\",\"Z\u00fcrich\"],\"articleSection\":[\"UNTERNEHMEN\"],\"inLanguage\":\"fr-FR\"},{\"@type\":\"WebPage\",\"@id\":\"https:\\\/\\\/www.immobilienbusiness.ch\\\/en\\\/unternehmen\\\/2025-08-13\\\/zuerich-paradeplatz-wird-begruent\\\/\",\"url\":\"https:\\\/\\\/www.immobilienbusiness.ch\\\/en\\\/unternehmen\\\/2025-08-13\\\/zuerich-paradeplatz-wird-begruent\\\/\",\"name\":\"Z\u00fcrich: Paradeplatz wird begr\u00fcnt - IMMOBILIEN Business\",\"isPartOf\":{\"@id\":\"https:\\\/\\\/www.immobilienbusiness.ch\\\/#website\"},\"primaryImageOfPage\":{\"@id\":\"https:\\\/\\\/www.immobilienbusiness.ch\\\/en\\\/unternehmen\\\/2025-08-13\\\/zuerich-paradeplatz-wird-begruent\\\/#primaryimage\"},\"image\":{\"@id\":\"https:\\\/\\\/www.immobilienbusiness.ch\\\/en\\\/unternehmen\\\/2025-08-13\\\/zuerich-paradeplatz-wird-begruent\\\/#primaryimage\"},\"thumbnailUrl\":\"https:\\\/\\\/www.immobilienbusiness.ch\\\/wp-content\\\/uploads\\\/2025\\\/08\\\/Stadtgruen.png\",\"datePublished\":\"2025-08-13T03:23:46+00:00\",\"dateModified\":\"2025-08-14T07:05:53+00:00\",\"description\":\"Im Rahmen eines Pilotprojekts stellt die Stadt Baumk\u00fcbel mit bis zu acht Meter hohen Jungb\u00e4umen an der Bahnhofstrasse und vor allem dem Paradeplatz auf.\",\"breadcrumb\":{\"@id\":\"https:\\\/\\\/www.immobilienbusiness.ch\\\/en\\\/unternehmen\\\/2025-08-13\\\/zuerich-paradeplatz-wird-begruent\\\/#breadcrumb\"},\"inLanguage\":\"fr-FR\",\"potentialAction\":[{\"@type\":\"ReadAction\",\"target\":[\"https:\\\/\\\/www.immobilienbusiness.ch\\\/en\\\/unternehmen\\\/2025-08-13\\\/zuerich-paradeplatz-wird-begruent\\\/\"]}]},{\"@type\":\"ImageObject\",\"inLanguage\":\"fr-FR\",\"@id\":\"https:\\\/\\\/www.immobilienbusiness.ch\\\/en\\\/unternehmen\\\/2025-08-13\\\/zuerich-paradeplatz-wird-begruent\\\/#primaryimage\",\"url\":\"https:\\\/\\\/www.immobilienbusiness.ch\\\/wp-content\\\/uploads\\\/2025\\\/08\\\/Stadtgruen.png\",\"contentUrl\":\"https:\\\/\\\/www.immobilienbusiness.ch\\\/wp-content\\\/uploads\\\/2025\\\/08\\\/Stadtgruen.png\",\"width\":880,\"height\":586,\"caption\":\"Tempor\u00e4re Baum-Installationen mit Sitzm\u00f6glichkeiten sollen die Verweilqualit\u00e4t an zentralen Orten erh\u00f6hen (Bild: \u00a9 Visual Massimo Milano)\"},{\"@type\":\"BreadcrumbList\",\"@id\":\"https:\\\/\\\/www.immobilienbusiness.ch\\\/en\\\/unternehmen\\\/2025-08-13\\\/zuerich-paradeplatz-wird-begruent\\\/#breadcrumb\",\"itemListElement\":[{\"@type\":\"ListItem\",\"position\":1,\"name\":\"Home\",\"item\":\"https:\\\/\\\/www.immobilienbusiness.ch\\\/\"},{\"@type\":\"ListItem\",\"position\":2,\"name\":\"Z\u00fcrich: Paradeplatz wird begr\u00fcnt\"}]},{\"@type\":\"WebSite\",\"@id\":\"https:\\\/\\\/www.immobilienbusiness.ch\\\/#website\",\"url\":\"https:\\\/\\\/www.immobilienbusiness.ch\\\/\",\"name\":\"IMMOBILIEN Business\",\"description\":\"Unabh\u00e4ngiges Schweizer Wirtschaftsmagazin mit Fokus auf Immobilien, Architektur- und Bau sowie Investment- und Finanzierung.\",\"publisher\":{\"@id\":\"https:\\\/\\\/www.immobilienbusiness.ch\\\/#organization\"},\"potentialAction\":[{\"@type\":\"SearchAction\",\"target\":{\"@type\":\"EntryPoint\",\"urlTemplate\":\"https:\\\/\\\/www.immobilienbusiness.ch\\\/?s={search_term_string}\"},\"query-input\":{\"@type\":\"PropertyValueSpecification\",\"valueRequired\":true,\"valueName\":\"search_term_string\"}}],\"inLanguage\":\"fr-FR\"},{\"@type\":\"Organization\",\"@id\":\"https:\\\/\\\/www.immobilienbusiness.ch\\\/#organization\",\"name\":\"IMMOBILIEN Business\",\"url\":\"https:\\\/\\\/www.immobilienbusiness.ch\\\/\",\"logo\":{\"@type\":\"ImageObject\",\"inLanguage\":\"fr-FR\",\"@id\":\"https:\\\/\\\/www.immobilienbusiness.ch\\\/#\\\/schema\\\/logo\\\/image\\\/\",\"url\":\"https:\\\/\\\/www.immobilienbusiness.ch\\\/wp-content\\\/uploads\\\/2021\\\/07\\\/logo_ib.png\",\"contentUrl\":\"https:\\\/\\\/www.immobilienbusiness.ch\\\/wp-content\\\/uploads\\\/2021\\\/07\\\/logo_ib.png\",\"width\":800,\"height\":181,\"caption\":\"IMMOBILIEN Business\"},\"image\":{\"@id\":\"https:\\\/\\\/www.immobilienbusiness.ch\\\/#\\\/schema\\\/logo\\\/image\\\/\"},\"sameAs\":[\"https:\\\/\\\/www.facebook.com\\\/immobilienbusiness\\\/\"]},{\"@type\":\"Person\",\"@id\":\"https:\\\/\\\/www.immobilienbusiness.ch\\\/#\\\/schema\\\/person\\\/aba8bea2db926aa0c24c08c43fe1fcd5\",\"name\":\"Alexander Wachter\",\"image\":{\"@type\":\"ImageObject\",\"inLanguage\":\"fr-FR\",\"@id\":\"https:\\\/\\\/secure.gravatar.com\\\/avatar\\\/1a09e471f5389b0e0a6416eac287e0927c7c97a7b77f9e787eba3af7aee281dd?s=96&d=mm&r=g\",\"url\":\"https:\\\/\\\/secure.gravatar.com\\\/avatar\\\/1a09e471f5389b0e0a6416eac287e0927c7c97a7b77f9e787eba3af7aee281dd?s=96&d=mm&r=g\",\"contentUrl\":\"https:\\\/\\\/secure.gravatar.com\\\/avatar\\\/1a09e471f5389b0e0a6416eac287e0927c7c97a7b77f9e787eba3af7aee281dd?s=96&d=mm&r=g\",\"caption\":\"Alexander Wachter\"},\"url\":\"https:\\\/\\\/www.immobilienbusiness.ch\\\/fr\\\/author\\\/alexander-wachter\\\/\"}]}<\/script>\n<!-- \/ Yoast SEO plugin. -->","yoast_head_json":{"title":"Zurich : la Paradeplatz se couvre de verdure - IMMOBILIER Business","description":"Dans le cadre d'un projet pilote, la ville installe des bacs \u00e0 arbres avec de jeunes arbres pouvant atteindre huit m\u00e8tres de haut dans la Bahnhofstrasse et surtout sur la Paradeplatz.","robots":{"index":"index","follow":"follow","max-snippet":"max-snippet:-1","max-image-preview":"max-image-preview:large","max-video-preview":"max-video-preview:-1"},"canonical":"https:\/\/www.immobilienbusiness.ch\/fr\/unternehmen\/2025-08-13\/zuerich-paradeplatz-wird-begruent\/","og_locale":"fr_FR","og_type":"article","og_title":"Z\u00fcrich: Paradeplatz wird begr\u00fcnt - IMMOBILIEN Business","og_description":"Im Rahmen eines Pilotprojekts stellt die Stadt Baumk\u00fcbel mit bis zu acht Meter hohen Jungb\u00e4umen an der Bahnhofstrasse und vor allem dem Paradeplatz auf.","og_url":"https:\/\/www.immobilienbusiness.ch\/fr\/unternehmen\/2025-08-13\/zuerich-paradeplatz-wird-begruent\/","og_site_name":"IMMOBILIEN Business","article_publisher":"https:\/\/www.facebook.com\/immobilienbusiness\/","article_published_time":"2025-08-13T03:23:46+00:00","article_modified_time":"2025-08-14T07:05:53+00:00","og_image":[{"width":880,"height":586,"url":"https:\/\/www.immobilienbusiness.ch\/wp-content\/uploads\/2025\/08\/Stadtgruen.png","type":"image\/png"}],"author":"Alexander Wachter","twitter_card":"summary_large_image","schema":{"@context":"https:\/\/schema.org","@graph":[{"@type":"Article","@id":"https:\/\/www.immobilienbusiness.ch\/en\/unternehmen\/2025-08-13\/zuerich-paradeplatz-wird-begruent\/#article","isPartOf":{"@id":"https:\/\/www.immobilienbusiness.ch\/en\/unternehmen\/2025-08-13\/zuerich-paradeplatz-wird-begruent\/"},"author":{"name":"Alexander Wachter","@id":"https:\/\/www.immobilienbusiness.ch\/#\/schema\/person\/aba8bea2db926aa0c24c08c43fe1fcd5"},"headline":"Z\u00fcrich: Paradeplatz wird begr\u00fcnt","datePublished":"2025-08-13T03:23:46+00:00","dateModified":"2025-08-14T07:05:53+00:00","mainEntityOfPage":{"@id":"https:\/\/www.immobilienbusiness.ch\/en\/unternehmen\/2025-08-13\/zuerich-paradeplatz-wird-begruent\/"},"wordCount":282,"publisher":{"@id":"https:\/\/www.immobilienbusiness.ch\/#organization"},"image":{"@id":"https:\/\/www.immobilienbusiness.ch\/en\/unternehmen\/2025-08-13\/zuerich-paradeplatz-wird-begruent\/#primaryimage"},"thumbnailUrl":"https:\/\/www.immobilienbusiness.ch\/wp-content\/uploads\/2025\/08\/Stadtgruen.png","keywords":["\u00d6ffentliche Hand","Stadtplanung","Z\u00fcrich"],"articleSection":["UNTERNEHMEN"],"inLanguage":"fr-FR"},{"@type":"WebPage","@id":"https:\/\/www.immobilienbusiness.ch\/en\/unternehmen\/2025-08-13\/zuerich-paradeplatz-wird-begruent\/","url":"https:\/\/www.immobilienbusiness.ch\/en\/unternehmen\/2025-08-13\/zuerich-paradeplatz-wird-begruent\/","name":"Zurich : la Paradeplatz se couvre de verdure - IMMOBILIER Business","isPartOf":{"@id":"https:\/\/www.immobilienbusiness.ch\/#website"},"primaryImageOfPage":{"@id":"https:\/\/www.immobilienbusiness.ch\/en\/unternehmen\/2025-08-13\/zuerich-paradeplatz-wird-begruent\/#primaryimage"},"image":{"@id":"https:\/\/www.immobilienbusiness.ch\/en\/unternehmen\/2025-08-13\/zuerich-paradeplatz-wird-begruent\/#primaryimage"},"thumbnailUrl":"https:\/\/www.immobilienbusiness.ch\/wp-content\/uploads\/2025\/08\/Stadtgruen.png","datePublished":"2025-08-13T03:23:46+00:00","dateModified":"2025-08-14T07:05:53+00:00","description":"Dans le cadre d'un projet pilote, la ville installe des bacs \u00e0 arbres avec de jeunes arbres pouvant atteindre huit m\u00e8tres de haut dans la Bahnhofstrasse et surtout sur la Paradeplatz.","breadcrumb":{"@id":"https:\/\/www.immobilienbusiness.ch\/en\/unternehmen\/2025-08-13\/zuerich-paradeplatz-wird-begruent\/#breadcrumb"},"inLanguage":"fr-FR","potentialAction":[{"@type":"ReadAction","target":["https:\/\/www.immobilienbusiness.ch\/en\/unternehmen\/2025-08-13\/zuerich-paradeplatz-wird-begruent\/"]}]},{"@type":"ImageObject","inLanguage":"fr-FR","@id":"https:\/\/www.immobilienbusiness.ch\/en\/unternehmen\/2025-08-13\/zuerich-paradeplatz-wird-begruent\/#primaryimage","url":"https:\/\/www.immobilienbusiness.ch\/wp-content\/uploads\/2025\/08\/Stadtgruen.png","contentUrl":"https:\/\/www.immobilienbusiness.ch\/wp-content\/uploads\/2025\/08\/Stadtgruen.png","width":880,"height":586,"caption":"Tempor\u00e4re Baum-Installationen mit Sitzm\u00f6glichkeiten sollen die Verweilqualit\u00e4t an zentralen Orten erh\u00f6hen (Bild: \u00a9 Visual Massimo Milano)"},{"@type":"BreadcrumbList","@id":"https:\/\/www.immobilienbusiness.ch\/en\/unternehmen\/2025-08-13\/zuerich-paradeplatz-wird-begruent\/#breadcrumb","itemListElement":[{"@type":"ListItem","position":1,"name":"Home","item":"https:\/\/www.immobilienbusiness.ch\/"},{"@type":"ListItem","position":2,"name":"Z\u00fcrich: Paradeplatz wird begr\u00fcnt"}]},{"@type":"WebSite","@id":"https:\/\/www.immobilienbusiness.ch\/#website","url":"https:\/\/www.immobilienbusiness.ch\/","name":"IMMOBILIER Business","description":"Magazine \u00e9conomique suisse ind\u00e9pendant ax\u00e9 sur l'immobilier, l'architecture et la construction ainsi que sur les investissements et le financement.","publisher":{"@id":"https:\/\/www.immobilienbusiness.ch\/#organization"},"potentialAction":[{"@type":"SearchAction","target":{"@type":"EntryPoint","urlTemplate":"https:\/\/www.immobilienbusiness.ch\/?s={search_term_string}"},"query-input":{"@type":"PropertyValueSpecification","valueRequired":true,"valueName":"search_term_string"}}],"inLanguage":"fr-FR"},{"@type":"Organization","@id":"https:\/\/www.immobilienbusiness.ch\/#organization","name":"IMMOBILIER Business","url":"https:\/\/www.immobilienbusiness.ch\/","logo":{"@type":"ImageObject","inLanguage":"fr-FR","@id":"https:\/\/www.immobilienbusiness.ch\/#\/schema\/logo\/image\/","url":"https:\/\/www.immobilienbusiness.ch\/wp-content\/uploads\/2021\/07\/logo_ib.png","contentUrl":"https:\/\/www.immobilienbusiness.ch\/wp-content\/uploads\/2021\/07\/logo_ib.png","width":800,"height":181,"caption":"IMMOBILIEN Business"},"image":{"@id":"https:\/\/www.immobilienbusiness.ch\/#\/schema\/logo\/image\/"},"sameAs":["https:\/\/www.facebook.com\/immobilienbusiness\/"]},{"@type":"Person","@id":"https:\/\/www.immobilienbusiness.ch\/#\/schema\/person\/aba8bea2db926aa0c24c08c43fe1fcd5","name":"Alexander Wachter","image":{"@type":"ImageObject","inLanguage":"fr-FR","@id":"https:\/\/secure.gravatar.com\/avatar\/1a09e471f5389b0e0a6416eac287e0927c7c97a7b77f9e787eba3af7aee281dd?s=96&d=mm&r=g","url":"https:\/\/secure.gravatar.com\/avatar\/1a09e471f5389b0e0a6416eac287e0927c7c97a7b77f9e787eba3af7aee281dd?s=96&d=mm&r=g","contentUrl":"https:\/\/secure.gravatar.com\/avatar\/1a09e471f5389b0e0a6416eac287e0927c7c97a7b77f9e787eba3af7aee281dd?s=96&d=mm&r=g","caption":"Alexander Wachter"},"url":"https:\/\/www.immobilienbusiness.ch\/fr\/author\/alexander-wachter\/"}]}},"_links":{"self":[{"href":"https:\/\/www.immobilienbusiness.ch\/fr\/wp-json\/wp\/v2\/posts\/64923","targetHints":{"allow":["GET"]}}],"collection":[{"href":"https:\/\/www.immobilienbusiness.ch\/fr\/wp-json\/wp\/v2\/posts"}],"about":[{"href":"https:\/\/www.immobilienbusiness.ch\/fr\/wp-json\/wp\/v2\/types\/post"}],"author":[{"embeddable":true,"href":"https:\/\/www.immobilienbusiness.ch\/fr\/wp-json\/wp\/v2\/users\/102"}],"replies":[{"embeddable":true,"href":"https:\/\/www.immobilienbusiness.ch\/fr\/wp-json\/wp\/v2\/comments?post=64923"}],"version-history":[{"count":1,"href":"https:\/\/www.immobilienbusiness.ch\/fr\/wp-json\/wp\/v2\/posts\/64923\/revisions"}],"predecessor-version":[{"id":64925,"href":"https:\/\/www.immobilienbusiness.ch\/fr\/wp-json\/wp\/v2\/posts\/64923\/revisions\/64925"}],"wp:featuredmedia":[{"embeddable":true,"href":"https:\/\/www.immobilienbusiness.ch\/fr\/wp-json\/wp\/v2\/media\/64924"}],"wp:attachment":[{"href":"https:\/\/www.immobilienbusiness.ch\/fr\/wp-json\/wp\/v2\/media?parent=64923"}],"wp:term":[{"taxonomy":"category","embeddable":true,"href":"https:\/\/www.immobilienbusiness.ch\/fr\/wp-json\/wp\/v2\/categories?post=64923"},{"taxonomy":"post_tag","embeddable":true,"href":"https:\/\/www.immobilienbusiness.ch\/fr\/wp-json\/wp\/v2\/tags?post=64923"}],"curies":[{"name":"wp","href":"https:\/\/api.w.org\/{rel}","templated":true}]}}