{"id":6492,"date":"2017-02-28T08:55:46","date_gmt":"2017-02-28T07:55:46","guid":{"rendered":"https:\/\/www.immobilienbusiness.ch\/?p=6492"},"modified":"2017-02-28T08:55:46","modified_gmt":"2017-02-28T07:55:46","slug":"activ-group-uebernimmt-gewerbepark-zuchwil","status":"publish","type":"post","link":"https:\/\/www.immobilienbusiness.ch\/fr\/regionen\/2017-02-28\/activ-group-uebernimmt-gewerbepark-zuchwil\/","title":{"rendered":"Activ-Group reprend le parc industriel de Zuchwil"},"content":{"rendered":"<figure id=\"attachment_6493\" aria-describedby=\"caption-attachment-6493\" style=\"width: 680px\" class=\"wp-caption alignnone\"><img loading=\"lazy\" decoding=\"async\" class=\"size-medium wp-image-6493\" src=\"https:\/\/www.immobilienbusiness.ch\/wp-content\/uploads\/2017\/02\/Depositphotos_65508953_l-2015.jpg\" alt=\"\" width=\"680\" height=\"453\" srcset=\"https:\/\/www.immobilienbusiness.ch\/wp-content\/uploads\/2017\/02\/Depositphotos_65508953_l-2015.jpg 2000w, https:\/\/www.immobilienbusiness.ch\/wp-content\/uploads\/2017\/02\/Depositphotos_65508953_l-2015-300x200.jpg 300w, https:\/\/www.immobilienbusiness.ch\/wp-content\/uploads\/2017\/02\/Depositphotos_65508953_l-2015-1024x682.jpg 1024w, https:\/\/www.immobilienbusiness.ch\/wp-content\/uploads\/2017\/02\/Depositphotos_65508953_l-2015-768x512.jpg 768w, https:\/\/www.immobilienbusiness.ch\/wp-content\/uploads\/2017\/02\/Depositphotos_65508953_l-2015-1536x1024.jpg 1536w, https:\/\/www.immobilienbusiness.ch\/wp-content\/uploads\/2017\/02\/Depositphotos_65508953_l-2015-16x12.jpg 16w, https:\/\/www.immobilienbusiness.ch\/wp-content\/uploads\/2017\/02\/Depositphotos_65508953_l-2015-263x175.jpg 263w, https:\/\/www.immobilienbusiness.ch\/wp-content\/uploads\/2017\/02\/Depositphotos_65508953_l-2015-525x350.jpg 525w, https:\/\/www.immobilienbusiness.ch\/wp-content\/uploads\/2017\/02\/Depositphotos_65508953_l-2015-1200x800.jpg 1200w, https:\/\/www.immobilienbusiness.ch\/wp-content\/uploads\/2017\/02\/Depositphotos_65508953_l-2015-920x613.jpg 920w, https:\/\/www.immobilienbusiness.ch\/wp-content\/uploads\/2017\/02\/Depositphotos_65508953_l-2015-1400x933.jpg 1400w\" sizes=\"auto, (max-width: 680px) 100vw, 680px\" \/><figcaption id=\"caption-attachment-6493\" class=\"wp-caption-text\">Le groupe allemand Activ investit \u00e0 Zuchwil (photo : 4masik - depositphotos)<\/figcaption><\/figure>\n<p>Activ-Group a rachet\u00e9 le site \u00e0 Scintilla AG par le biais de sa nouvelle soci\u00e9t\u00e9 Activ-Gewerbe-Park AG, dont le si\u00e8ge est \u00e0 Zuchwil (SO). Il s'agit d'une zone commerciale de 35 500 m\u00b2 qui dispose d'une surface nette de plancher d'environ 43 000 m\u00b2 r\u00e9partie sur neuf b\u00e2timents.<\/p>\n<p>Scintilla AG restera locataire d'environ 17 000 m\u00b2, le reste des surfaces - des bureaux et des salles de r\u00e9union aux halls de production et aux entrep\u00f4ts - sera relou\u00e9. Activ-Group vise un m\u00e9lange de locataires, avec des priorit\u00e9s dans les secteurs pharmaceutique, industriel et logistique.<\/p>\n<h2>Bonne accessibilit\u00e9<\/h2>\n<p>Le site, rebaptis\u00e9 \"Activ-Gewerbe-Park Solothurn\", est situ\u00e9 \u00e0 la Luterbachstrasse 10 dans la zone industrielle de Zuchwil. Il se trouve sur la Luzernstrasse, qui constitue la liaison avec la ville de Soleure et le raccordement \u00e0 l'A5. Une liaison rapide avec Zurich est assur\u00e9e par une entr\u00e9e directe sur l'A5\/A1.<\/p>\n<p>Activ-Group est la plus grande division du groupe d'entreprises D\u00fcnkel Holding, qui est \u00e9tabli depuis 1933 \u00e0 Schemmerhofen (Bade-Wurtemberg) et emploie environ 200 personnes. Le groupe Activ regroupe plusieurs filiales actives dans le domaine du d\u00e9veloppement de projets immobiliers ainsi que dans des domaines connexes, comme la construction et l'exploitation de parcs d'\u00e9nergie solaire. Les points forts du groupe sont l'immobilier sp\u00e9cialis\u00e9 et commercial ainsi que les zones d'activit\u00e9s. Un autre domaine d'activit\u00e9 est celui des biens immobiliers sp\u00e9ciaux tels que l'h\u00f4tellerie, les univers et la gastronomie d'aventure ainsi que la r\u00e9novation et la revitalisation de b\u00e2timents class\u00e9s monuments historiques.<\/p>","protected":false},"excerpt":{"rendered":"<p>Le d\u00e9veloppeur de projets allemand Activ-Group s'\u00e9tend en Suisse. Le groupe a acquis un terrain industriel \u00e0 Zuchwil.<\/p>","protected":false},"author":3,"featured_media":6493,"comment_status":"open","ping_status":"open","sticky":false,"template":"","format":"standard","meta":{"_acf_changed":false,"_yoast_wpseo_focuskw":"Activ-Group","_yoast_wpseo_title":"","_yoast_wpseo_metadesc":"Der deutsche Projektentwickler Activ-Group expandiert in die Schweiz. Die Gruppe hat ein Gewerbeareal in Zuchwil erworben.","_yoast_wpseo_linkdex":83,"pgc_sgb_lightbox_settings":"","footnotes":""},"categories":[985],"tags":[1205,1272,1451],"class_list":["post-6492","post","type-post","status-publish","format-standard","has-post-thumbnail","hentry","category-regionen","tag-espace-mittelland","tag-gewerbeimmobilien","tag-logistik"],"acf":[],"yoast_head":"<!-- This site is optimized with the Yoast SEO plugin v27.4 - https:\/\/yoast.com\/product\/yoast-seo-wordpress\/ -->\n<title>Activ-Group \u00fcbernimmt Zuchwiler Gewerbepark - IMMOBILIEN Business<\/title>\n<meta name=\"description\" content=\"Der deutsche Projektentwickler Activ-Group expandiert in die Schweiz. Die Gruppe hat ein Gewerbeareal in Zuchwil erworben.\" \/>\n<meta name=\"robots\" content=\"index, follow, max-snippet:-1, max-image-preview:large, max-video-preview:-1\" \/>\n<link rel=\"canonical\" href=\"https:\/\/www.immobilienbusiness.ch\/fr\/regionen\/2017-02-28\/activ-group-uebernimmt-gewerbepark-zuchwil\/\" \/>\n<meta property=\"og:locale\" content=\"fr_FR\" \/>\n<meta property=\"og:type\" content=\"article\" \/>\n<meta property=\"og:title\" content=\"Activ-Group \u00fcbernimmt Zuchwiler Gewerbepark\" \/>\n<meta property=\"og:description\" content=\"Der deutsche Projektentwickler Activ-Group expandiert in die Schweiz. Die Gruppe hat ein Gewerbeareal in Zuchwil erworben.\" \/>\n<meta property=\"og:url\" content=\"https:\/\/www.immobilienbusiness.ch\/fr\/regionen\/2017-02-28\/activ-group-uebernimmt-gewerbepark-zuchwil\/\" \/>\n<meta property=\"og:site_name\" content=\"IMMOBILIEN Business\" \/>\n<meta property=\"article:publisher\" content=\"https:\/\/www.facebook.com\/immobilienbusiness\/\" \/>\n<meta property=\"article:published_time\" content=\"2017-02-28T07:55:46+00:00\" \/>\n<meta property=\"og:image\" content=\"https:\/\/www.immobilienbusiness.ch\/wp-content\/uploads\/2017\/02\/Depositphotos_65508953_l-2015.jpg\" \/>\n\t<meta property=\"og:image:width\" content=\"2000\" \/>\n\t<meta property=\"og:image:height\" content=\"1333\" \/>\n\t<meta property=\"og:image:type\" content=\"image\/jpeg\" \/>\n<meta name=\"author\" content=\"anja.hall\" \/>\n<meta name=\"twitter:card\" content=\"summary_large_image\" \/>\n<meta name=\"twitter:title\" content=\"Der deutsche Projektentwickler Activ-Group expandiert in die Schweiz. Die Gruppe hat ein Gewerbeareal in Zuchwil erworben.\" \/>\n<meta name=\"twitter:description\" content=\"Der deutsche Projektentwickler Activ-Group expandiert in die Schweiz. Die Gruppe hat ein Gewerbeareal in Zuchwil erworben.\" \/>\n<meta name=\"twitter:image\" content=\"https:\/\/www.immobilienbusiness.ch\/wp-content\/uploads\/2017\/02\/Depositphotos_65508953_l-2015.jpg\" \/>\n<script type=\"application\/ld+json\" class=\"yoast-schema-graph\">{\"@context\":\"https:\\\/\\\/schema.org\",\"@graph\":[{\"@type\":\"Article\",\"@id\":\"https:\\\/\\\/www.immobilienbusiness.ch\\\/de\\\/regionen\\\/2017-02-28\\\/activ-group-uebernimmt-gewerbepark-zuchwil\\\/#article\",\"isPartOf\":{\"@id\":\"https:\\\/\\\/www.immobilienbusiness.ch\\\/de\\\/regionen\\\/2017-02-28\\\/activ-group-uebernimmt-gewerbepark-zuchwil\\\/\"},\"author\":{\"name\":\"anja.hall\",\"@id\":\"https:\\\/\\\/www.immobilienbusiness.ch\\\/#\\\/schema\\\/person\\\/3fc036297b10b9f42d6db5ee932af8c8\"},\"headline\":\"Activ-Group \u00fcbernimmt Zuchwiler Gewerbepark\",\"datePublished\":\"2017-02-28T07:55:46+00:00\",\"mainEntityOfPage\":{\"@id\":\"https:\\\/\\\/www.immobilienbusiness.ch\\\/de\\\/regionen\\\/2017-02-28\\\/activ-group-uebernimmt-gewerbepark-zuchwil\\\/\"},\"wordCount\":245,\"commentCount\":0,\"publisher\":{\"@id\":\"https:\\\/\\\/www.immobilienbusiness.ch\\\/#organization\"},\"image\":{\"@id\":\"https:\\\/\\\/www.immobilienbusiness.ch\\\/de\\\/regionen\\\/2017-02-28\\\/activ-group-uebernimmt-gewerbepark-zuchwil\\\/#primaryimage\"},\"thumbnailUrl\":\"https:\\\/\\\/www.immobilienbusiness.ch\\\/wp-content\\\/uploads\\\/2017\\\/02\\\/Depositphotos_65508953_l-2015.jpg\",\"keywords\":[\"Espace Mittelland\",\"Gewerbeimmobilien\",\"Logistik\"],\"articleSection\":[\"REGIONEN\"],\"inLanguage\":\"fr-FR\"},{\"@type\":\"WebPage\",\"@id\":\"https:\\\/\\\/www.immobilienbusiness.ch\\\/de\\\/regionen\\\/2017-02-28\\\/activ-group-uebernimmt-gewerbepark-zuchwil\\\/\",\"url\":\"https:\\\/\\\/www.immobilienbusiness.ch\\\/de\\\/regionen\\\/2017-02-28\\\/activ-group-uebernimmt-gewerbepark-zuchwil\\\/\",\"name\":\"Activ-Group \u00fcbernimmt Zuchwiler Gewerbepark - IMMOBILIEN Business\",\"isPartOf\":{\"@id\":\"https:\\\/\\\/www.immobilienbusiness.ch\\\/#website\"},\"primaryImageOfPage\":{\"@id\":\"https:\\\/\\\/www.immobilienbusiness.ch\\\/de\\\/regionen\\\/2017-02-28\\\/activ-group-uebernimmt-gewerbepark-zuchwil\\\/#primaryimage\"},\"image\":{\"@id\":\"https:\\\/\\\/www.immobilienbusiness.ch\\\/de\\\/regionen\\\/2017-02-28\\\/activ-group-uebernimmt-gewerbepark-zuchwil\\\/#primaryimage\"},\"thumbnailUrl\":\"https:\\\/\\\/www.immobilienbusiness.ch\\\/wp-content\\\/uploads\\\/2017\\\/02\\\/Depositphotos_65508953_l-2015.jpg\",\"datePublished\":\"2017-02-28T07:55:46+00:00\",\"description\":\"Der deutsche Projektentwickler Activ-Group expandiert in die Schweiz. Die Gruppe hat ein Gewerbeareal in Zuchwil erworben.\",\"breadcrumb\":{\"@id\":\"https:\\\/\\\/www.immobilienbusiness.ch\\\/de\\\/regionen\\\/2017-02-28\\\/activ-group-uebernimmt-gewerbepark-zuchwil\\\/#breadcrumb\"},\"inLanguage\":\"fr-FR\",\"potentialAction\":[{\"@type\":\"ReadAction\",\"target\":[\"https:\\\/\\\/www.immobilienbusiness.ch\\\/de\\\/regionen\\\/2017-02-28\\\/activ-group-uebernimmt-gewerbepark-zuchwil\\\/\"]}]},{\"@type\":\"ImageObject\",\"inLanguage\":\"fr-FR\",\"@id\":\"https:\\\/\\\/www.immobilienbusiness.ch\\\/de\\\/regionen\\\/2017-02-28\\\/activ-group-uebernimmt-gewerbepark-zuchwil\\\/#primaryimage\",\"url\":\"https:\\\/\\\/www.immobilienbusiness.ch\\\/wp-content\\\/uploads\\\/2017\\\/02\\\/Depositphotos_65508953_l-2015.jpg\",\"contentUrl\":\"https:\\\/\\\/www.immobilienbusiness.ch\\\/wp-content\\\/uploads\\\/2017\\\/02\\\/Depositphotos_65508953_l-2015.jpg\",\"width\":2000,\"height\":1333,\"caption\":\"Die deutsche Activ-Group investiert in Zuchwil (Foto: 4masik - depositphotos)\"},{\"@type\":\"BreadcrumbList\",\"@id\":\"https:\\\/\\\/www.immobilienbusiness.ch\\\/de\\\/regionen\\\/2017-02-28\\\/activ-group-uebernimmt-gewerbepark-zuchwil\\\/#breadcrumb\",\"itemListElement\":[{\"@type\":\"ListItem\",\"position\":1,\"name\":\"Home\",\"item\":\"https:\\\/\\\/www.immobilienbusiness.ch\\\/\"},{\"@type\":\"ListItem\",\"position\":2,\"name\":\"Activ-Group \u00fcbernimmt Zuchwiler Gewerbepark\"}]},{\"@type\":\"WebSite\",\"@id\":\"https:\\\/\\\/www.immobilienbusiness.ch\\\/#website\",\"url\":\"https:\\\/\\\/www.immobilienbusiness.ch\\\/\",\"name\":\"IMMOBILIEN Business\",\"description\":\"Unabh\u00e4ngiges Schweizer Wirtschaftsmagazin mit Fokus auf Immobilien, Architektur- und Bau sowie Investment- und Finanzierung.\",\"publisher\":{\"@id\":\"https:\\\/\\\/www.immobilienbusiness.ch\\\/#organization\"},\"potentialAction\":[{\"@type\":\"SearchAction\",\"target\":{\"@type\":\"EntryPoint\",\"urlTemplate\":\"https:\\\/\\\/www.immobilienbusiness.ch\\\/?s={search_term_string}\"},\"query-input\":{\"@type\":\"PropertyValueSpecification\",\"valueRequired\":true,\"valueName\":\"search_term_string\"}}],\"inLanguage\":\"fr-FR\"},{\"@type\":\"Organization\",\"@id\":\"https:\\\/\\\/www.immobilienbusiness.ch\\\/#organization\",\"name\":\"IMMOBILIEN Business\",\"url\":\"https:\\\/\\\/www.immobilienbusiness.ch\\\/\",\"logo\":{\"@type\":\"ImageObject\",\"inLanguage\":\"fr-FR\",\"@id\":\"https:\\\/\\\/www.immobilienbusiness.ch\\\/#\\\/schema\\\/logo\\\/image\\\/\",\"url\":\"https:\\\/\\\/www.immobilienbusiness.ch\\\/wp-content\\\/uploads\\\/2021\\\/07\\\/logo_ib.png\",\"contentUrl\":\"https:\\\/\\\/www.immobilienbusiness.ch\\\/wp-content\\\/uploads\\\/2021\\\/07\\\/logo_ib.png\",\"width\":800,\"height\":181,\"caption\":\"IMMOBILIEN Business\"},\"image\":{\"@id\":\"https:\\\/\\\/www.immobilienbusiness.ch\\\/#\\\/schema\\\/logo\\\/image\\\/\"},\"sameAs\":[\"https:\\\/\\\/www.facebook.com\\\/immobilienbusiness\\\/\"]},{\"@type\":\"Person\",\"@id\":\"https:\\\/\\\/www.immobilienbusiness.ch\\\/#\\\/schema\\\/person\\\/3fc036297b10b9f42d6db5ee932af8c8\",\"name\":\"anja.hall\",\"image\":{\"@type\":\"ImageObject\",\"inLanguage\":\"fr-FR\",\"@id\":\"https:\\\/\\\/secure.gravatar.com\\\/avatar\\\/066b5a0d447013502c71a5782f4f3469f03cfe595cc2329fb94652fe47511bfb?s=96&d=mm&r=g\",\"url\":\"https:\\\/\\\/secure.gravatar.com\\\/avatar\\\/066b5a0d447013502c71a5782f4f3469f03cfe595cc2329fb94652fe47511bfb?s=96&d=mm&r=g\",\"contentUrl\":\"https:\\\/\\\/secure.gravatar.com\\\/avatar\\\/066b5a0d447013502c71a5782f4f3469f03cfe595cc2329fb94652fe47511bfb?s=96&d=mm&r=g\",\"caption\":\"anja.hall\"},\"url\":\"https:\\\/\\\/www.immobilienbusiness.ch\\\/fr\\\/author\\\/anja-hall\\\/\"}]}<\/script>\n<!-- \/ Yoast SEO plugin. -->","yoast_head_json":{"title":"Activ-Group \u00fcbernimmt Zuchwiler Gewerbepark - IMMOBILIEN Business","description":"Le d\u00e9veloppeur de projets allemand Activ-Group s'\u00e9tend en Suisse. Le groupe a acquis un terrain industriel \u00e0 Zuchwil.","robots":{"index":"index","follow":"follow","max-snippet":"max-snippet:-1","max-image-preview":"max-image-preview:large","max-video-preview":"max-video-preview:-1"},"canonical":"https:\/\/www.immobilienbusiness.ch\/fr\/regionen\/2017-02-28\/activ-group-uebernimmt-gewerbepark-zuchwil\/","og_locale":"fr_FR","og_type":"article","og_title":"Activ-Group \u00fcbernimmt Zuchwiler Gewerbepark","og_description":"Der deutsche Projektentwickler Activ-Group expandiert in die Schweiz. Die Gruppe hat ein Gewerbeareal in Zuchwil erworben.","og_url":"https:\/\/www.immobilienbusiness.ch\/fr\/regionen\/2017-02-28\/activ-group-uebernimmt-gewerbepark-zuchwil\/","og_site_name":"IMMOBILIEN Business","article_publisher":"https:\/\/www.facebook.com\/immobilienbusiness\/","article_published_time":"2017-02-28T07:55:46+00:00","og_image":[{"width":2000,"height":1333,"url":"https:\/\/www.immobilienbusiness.ch\/wp-content\/uploads\/2017\/02\/Depositphotos_65508953_l-2015.jpg","type":"image\/jpeg"}],"author":"anja.hall","twitter_card":"summary_large_image","twitter_title":"Der deutsche Projektentwickler Activ-Group expandiert in die Schweiz. Die Gruppe hat ein Gewerbeareal in Zuchwil erworben.","twitter_description":"Der deutsche Projektentwickler Activ-Group expandiert in die Schweiz. Die Gruppe hat ein Gewerbeareal in Zuchwil erworben.","twitter_image":"https:\/\/www.immobilienbusiness.ch\/wp-content\/uploads\/2017\/02\/Depositphotos_65508953_l-2015.jpg","schema":{"@context":"https:\/\/schema.org","@graph":[{"@type":"Article","@id":"https:\/\/www.immobilienbusiness.ch\/de\/regionen\/2017-02-28\/activ-group-uebernimmt-gewerbepark-zuchwil\/#article","isPartOf":{"@id":"https:\/\/www.immobilienbusiness.ch\/de\/regionen\/2017-02-28\/activ-group-uebernimmt-gewerbepark-zuchwil\/"},"author":{"name":"anja.hall","@id":"https:\/\/www.immobilienbusiness.ch\/#\/schema\/person\/3fc036297b10b9f42d6db5ee932af8c8"},"headline":"Activ-Group \u00fcbernimmt Zuchwiler Gewerbepark","datePublished":"2017-02-28T07:55:46+00:00","mainEntityOfPage":{"@id":"https:\/\/www.immobilienbusiness.ch\/de\/regionen\/2017-02-28\/activ-group-uebernimmt-gewerbepark-zuchwil\/"},"wordCount":245,"commentCount":0,"publisher":{"@id":"https:\/\/www.immobilienbusiness.ch\/#organization"},"image":{"@id":"https:\/\/www.immobilienbusiness.ch\/de\/regionen\/2017-02-28\/activ-group-uebernimmt-gewerbepark-zuchwil\/#primaryimage"},"thumbnailUrl":"https:\/\/www.immobilienbusiness.ch\/wp-content\/uploads\/2017\/02\/Depositphotos_65508953_l-2015.jpg","keywords":["Espace Mittelland","Gewerbeimmobilien","Logistik"],"articleSection":["REGIONEN"],"inLanguage":"fr-FR"},{"@type":"WebPage","@id":"https:\/\/www.immobilienbusiness.ch\/de\/regionen\/2017-02-28\/activ-group-uebernimmt-gewerbepark-zuchwil\/","url":"https:\/\/www.immobilienbusiness.ch\/de\/regionen\/2017-02-28\/activ-group-uebernimmt-gewerbepark-zuchwil\/","name":"Activ-Group \u00fcbernimmt Zuchwiler Gewerbepark - IMMOBILIEN Business","isPartOf":{"@id":"https:\/\/www.immobilienbusiness.ch\/#website"},"primaryImageOfPage":{"@id":"https:\/\/www.immobilienbusiness.ch\/de\/regionen\/2017-02-28\/activ-group-uebernimmt-gewerbepark-zuchwil\/#primaryimage"},"image":{"@id":"https:\/\/www.immobilienbusiness.ch\/de\/regionen\/2017-02-28\/activ-group-uebernimmt-gewerbepark-zuchwil\/#primaryimage"},"thumbnailUrl":"https:\/\/www.immobilienbusiness.ch\/wp-content\/uploads\/2017\/02\/Depositphotos_65508953_l-2015.jpg","datePublished":"2017-02-28T07:55:46+00:00","description":"Le d\u00e9veloppeur de projets allemand Activ-Group s'\u00e9tend en Suisse. Le groupe a acquis un terrain industriel \u00e0 Zuchwil.","breadcrumb":{"@id":"https:\/\/www.immobilienbusiness.ch\/de\/regionen\/2017-02-28\/activ-group-uebernimmt-gewerbepark-zuchwil\/#breadcrumb"},"inLanguage":"fr-FR","potentialAction":[{"@type":"ReadAction","target":["https:\/\/www.immobilienbusiness.ch\/de\/regionen\/2017-02-28\/activ-group-uebernimmt-gewerbepark-zuchwil\/"]}]},{"@type":"ImageObject","inLanguage":"fr-FR","@id":"https:\/\/www.immobilienbusiness.ch\/de\/regionen\/2017-02-28\/activ-group-uebernimmt-gewerbepark-zuchwil\/#primaryimage","url":"https:\/\/www.immobilienbusiness.ch\/wp-content\/uploads\/2017\/02\/Depositphotos_65508953_l-2015.jpg","contentUrl":"https:\/\/www.immobilienbusiness.ch\/wp-content\/uploads\/2017\/02\/Depositphotos_65508953_l-2015.jpg","width":2000,"height":1333,"caption":"Die deutsche Activ-Group investiert in Zuchwil (Foto: 4masik - depositphotos)"},{"@type":"BreadcrumbList","@id":"https:\/\/www.immobilienbusiness.ch\/de\/regionen\/2017-02-28\/activ-group-uebernimmt-gewerbepark-zuchwil\/#breadcrumb","itemListElement":[{"@type":"ListItem","position":1,"name":"Home","item":"https:\/\/www.immobilienbusiness.ch\/"},{"@type":"ListItem","position":2,"name":"Activ-Group \u00fcbernimmt Zuchwiler Gewerbepark"}]},{"@type":"WebSite","@id":"https:\/\/www.immobilienbusiness.ch\/#website","url":"https:\/\/www.immobilienbusiness.ch\/","name":"IMMOBILIER Business","description":"Magazine \u00e9conomique suisse ind\u00e9pendant ax\u00e9 sur l'immobilier, l'architecture et la construction ainsi que sur les investissements et le financement.","publisher":{"@id":"https:\/\/www.immobilienbusiness.ch\/#organization"},"potentialAction":[{"@type":"SearchAction","target":{"@type":"EntryPoint","urlTemplate":"https:\/\/www.immobilienbusiness.ch\/?s={search_term_string}"},"query-input":{"@type":"PropertyValueSpecification","valueRequired":true,"valueName":"search_term_string"}}],"inLanguage":"fr-FR"},{"@type":"Organization","@id":"https:\/\/www.immobilienbusiness.ch\/#organization","name":"IMMOBILIER Business","url":"https:\/\/www.immobilienbusiness.ch\/","logo":{"@type":"ImageObject","inLanguage":"fr-FR","@id":"https:\/\/www.immobilienbusiness.ch\/#\/schema\/logo\/image\/","url":"https:\/\/www.immobilienbusiness.ch\/wp-content\/uploads\/2021\/07\/logo_ib.png","contentUrl":"https:\/\/www.immobilienbusiness.ch\/wp-content\/uploads\/2021\/07\/logo_ib.png","width":800,"height":181,"caption":"IMMOBILIEN Business"},"image":{"@id":"https:\/\/www.immobilienbusiness.ch\/#\/schema\/logo\/image\/"},"sameAs":["https:\/\/www.facebook.com\/immobilienbusiness\/"]},{"@type":"Person","@id":"https:\/\/www.immobilienbusiness.ch\/#\/schema\/person\/3fc036297b10b9f42d6db5ee932af8c8","name":"anja.hall","image":{"@type":"ImageObject","inLanguage":"fr-FR","@id":"https:\/\/secure.gravatar.com\/avatar\/066b5a0d447013502c71a5782f4f3469f03cfe595cc2329fb94652fe47511bfb?s=96&d=mm&r=g","url":"https:\/\/secure.gravatar.com\/avatar\/066b5a0d447013502c71a5782f4f3469f03cfe595cc2329fb94652fe47511bfb?s=96&d=mm&r=g","contentUrl":"https:\/\/secure.gravatar.com\/avatar\/066b5a0d447013502c71a5782f4f3469f03cfe595cc2329fb94652fe47511bfb?s=96&d=mm&r=g","caption":"anja.hall"},"url":"https:\/\/www.immobilienbusiness.ch\/fr\/author\/anja-hall\/"}]}},"_links":{"self":[{"href":"https:\/\/www.immobilienbusiness.ch\/fr\/wp-json\/wp\/v2\/posts\/6492","targetHints":{"allow":["GET"]}}],"collection":[{"href":"https:\/\/www.immobilienbusiness.ch\/fr\/wp-json\/wp\/v2\/posts"}],"about":[{"href":"https:\/\/www.immobilienbusiness.ch\/fr\/wp-json\/wp\/v2\/types\/post"}],"author":[{"embeddable":true,"href":"https:\/\/www.immobilienbusiness.ch\/fr\/wp-json\/wp\/v2\/users\/3"}],"replies":[{"embeddable":true,"href":"https:\/\/www.immobilienbusiness.ch\/fr\/wp-json\/wp\/v2\/comments?post=6492"}],"version-history":[{"count":0,"href":"https:\/\/www.immobilienbusiness.ch\/fr\/wp-json\/wp\/v2\/posts\/6492\/revisions"}],"wp:featuredmedia":[{"embeddable":true,"href":"https:\/\/www.immobilienbusiness.ch\/fr\/wp-json\/wp\/v2\/media\/6493"}],"wp:attachment":[{"href":"https:\/\/www.immobilienbusiness.ch\/fr\/wp-json\/wp\/v2\/media?parent=6492"}],"wp:term":[{"taxonomy":"category","embeddable":true,"href":"https:\/\/www.immobilienbusiness.ch\/fr\/wp-json\/wp\/v2\/categories?post=6492"},{"taxonomy":"post_tag","embeddable":true,"href":"https:\/\/www.immobilienbusiness.ch\/fr\/wp-json\/wp\/v2\/tags?post=6492"}],"curies":[{"name":"wp","href":"https:\/\/api.w.org\/{rel}","templated":true}]}}