{"id":64889,"date":"2025-08-11T06:51:42","date_gmt":"2025-08-11T04:51:42","guid":{"rendered":"https:\/\/www.immobilienbusiness.ch\/?p=64889"},"modified":"2025-08-12T07:32:56","modified_gmt":"2025-08-12T05:32:56","slug":"markstein-gruppe-immovision-immobiliengesellschaft-auf-kurs","status":"publish","type":"post","link":"https:\/\/www.immobilienbusiness.ch\/fr\/unternehmen\/2025-08-11\/markstein-gruppe-immovision-immobiliengesellschaft-auf-kurs\/","title":{"rendered":"Groupe Markstein : les soci\u00e9t\u00e9s immobili\u00e8res Immovision sur la bonne voie"},"content":{"rendered":"<figure id=\"attachment_64890\" aria-describedby=\"caption-attachment-64890\" style=\"width: 768px\" class=\"wp-caption alignnone\"><a href=\"https:\/\/www.immobilienbusiness.ch\/wp-content\/uploads\/2025\/08\/FinMa_04_Immovision_Niederglatt-scaled.jpg\"><img loading=\"lazy\" decoding=\"async\" class=\"size-large wp-image-64890\" src=\"https:\/\/www.immobilienbusiness.ch\/wp-content\/uploads\/2025\/08\/FinMa_04_Immovision_Niederglatt-1024x683.jpg\" alt=\"\" width=\"768\" height=\"512\" srcset=\"https:\/\/www.immobilienbusiness.ch\/wp-content\/uploads\/2025\/08\/FinMa_04_Immovision_Niederglatt-1024x683.jpg 1024w, https:\/\/www.immobilienbusiness.ch\/wp-content\/uploads\/2025\/08\/FinMa_04_Immovision_Niederglatt-300x200.jpg 300w, https:\/\/www.immobilienbusiness.ch\/wp-content\/uploads\/2025\/08\/FinMa_04_Immovision_Niederglatt-768x512.jpg 768w, https:\/\/www.immobilienbusiness.ch\/wp-content\/uploads\/2025\/08\/FinMa_04_Immovision_Niederglatt-1536x1024.jpg 1536w, https:\/\/www.immobilienbusiness.ch\/wp-content\/uploads\/2025\/08\/FinMa_04_Immovision_Niederglatt-2048x1366.jpg 2048w, https:\/\/www.immobilienbusiness.ch\/wp-content\/uploads\/2025\/08\/FinMa_04_Immovision_Niederglatt-18x12.jpg 18w, https:\/\/www.immobilienbusiness.ch\/wp-content\/uploads\/2025\/08\/FinMa_04_Immovision_Niederglatt-375x250.jpg 375w, https:\/\/www.immobilienbusiness.ch\/wp-content\/uploads\/2025\/08\/FinMa_04_Immovision_Niederglatt-525x350.jpg 525w, https:\/\/www.immobilienbusiness.ch\/wp-content\/uploads\/2025\/08\/FinMa_04_Immovision_Niederglatt-1000x667.jpg 1000w, https:\/\/www.immobilienbusiness.ch\/wp-content\/uploads\/2025\/08\/FinMa_04_Immovision_Niederglatt-scaled.jpg 1200w\" sizes=\"auto, (max-width: 768px) 100vw, 768px\" \/><\/a><figcaption id=\"caption-attachment-64890\" class=\"wp-caption-text\">Un immeuble d'Immovision 1 AG \u00e0 Nederglatt (photo : \u00a9 Markstein)<\/figcaption><\/figure>\n<p>Markstein Advisory AG g\u00e8re, au nom de diff\u00e9rents groupes d'investisseurs, des biens immobiliers d'une valeur d'environ 1 milliard de CHF, dont les soci\u00e9t\u00e9s d'investissement Immovision 1, 2 et 3, des portefeuilles de logements immobiliers aux orientations diverses. Immovision 1 et 3 sont des produits de capitalisation dont la croissance est principalement g\u00e9n\u00e9r\u00e9e par de nouvelles constructions. Dans Immovision 2, en revanche, un dividende annuel est distribu\u00e9 - le capital d'apport est plus petit par rapport aux deux autres.<\/p>\n<h3>ImmoVision1 SA<\/h3>\n<p>Pour Immovision1 AG, l'exercice 2024 a \u00e9t\u00e9 couronn\u00e9 de succ\u00e8s, annonce Markstein. Les revenus locatifs ont nettement augment\u00e9, principalement gr\u00e2ce aux immeubles de Niederglatt (ZH) et de Herzogenbuchsee (AG) qui, pour la premi\u00e8re fois, ont g\u00e9n\u00e9r\u00e9 des revenus sur l'ensemble de l'ann\u00e9e. De plus, la hausse des loyers a eu un effet positif sur les revenus : Les nouvelles locations ont \u00e9t\u00e9 conclues \u00e0 des loyers de march\u00e9 plus \u00e9lev\u00e9s ; l'adaptation des loyers existants suite \u00e0 l'augmentation du taux d'int\u00e9r\u00eat de r\u00e9f\u00e9rence a \u00e9galement g\u00e9n\u00e9r\u00e9 des recettes suppl\u00e9mentaires - ce qui a notamment entra\u00een\u00e9 une revalorisation des valeurs de march\u00e9. En outre, la vente d'un immeuble d'habitation \u00e0 Schaffhouse a contribu\u00e9 au r\u00e9sultat. Sur la base des valeurs de march\u00e9, le r\u00e9sultat de l'entreprise s'\u00e9l\u00e8ve \u00e0 7,6 millions de CHF en 2024 (rendement pond\u00e9r\u00e9 des fonds propres : 8,0%). La valeur de march\u00e9 de tous les immeubles de placement (hors projets et installations en construction) se chiffre \u00e0 229,5 millions de CHF \u00e0 la date de cl\u00f4ture du bilan (r\u00e9\u00e9valuation brute : 1,5 %).<\/p>\n<h3>Immovision2 AG<\/h3>\n<p>Selon les informations fournies, Immovision2 AG a \u00e9galement continu\u00e9 d'am\u00e9liorer sa situation b\u00e9n\u00e9ficiaire au cours de l'exercice 2024, malgr\u00e9 un assainissement du portefeuille. Bien qu'au d\u00e9but du second semestre, un immeuble \u00e0 Oetwil am See (ZH) ait \u00e9t\u00e9 vendu avec profit, les revenus locatifs ont continu\u00e9 \u00e0 augmenter par rapport \u00e0 l'ann\u00e9e pr\u00e9c\u00e9dente, selon Markstein. Cela a eu un effet positif sur les recettes.<\/p>\n<p>Les nouvelles locations \u00e0 des loyers plus \u00e9lev\u00e9s et l'adaptation des baux existants en raison de l'augmentation du taux d'int\u00e9r\u00eat de r\u00e9f\u00e9rence ont \u00e9t\u00e9 prises en compte dans les \u00e9valuations de fin d'ann\u00e9e, ce qui a entra\u00een\u00e9 une l\u00e9g\u00e8re revalorisation du portefeuille, malgr\u00e9 quelques augmentations des taux d'actualisation. Le r\u00e9sultat de l'entreprise sur la base des valeurs de march\u00e9 s'\u00e9levait en 2024 \u00e0 5,3 millions de CHF (rendement pond\u00e9r\u00e9 des fonds propres : 6,4%). La valeur de march\u00e9 du portefeuille d'Immovision2 SA, y compris les quatre immeubles de la filiale Swiss Immoconsult SA, s'\u00e9levait \u00e0 218,4 millions de CHF \u00e0 la date de cl\u00f4ture du bilan (r\u00e9\u00e9valuation brute : 0,6%).<\/p>\n<h3>Immovision3 AG<\/h3>\n<p>ImmoVision3 AG a \u00e9galement enregistr\u00e9 une nette augmentation des revenus locatifs au cours de la p\u00e9riode sous revue, principalement en raison de l'ach\u00e8vement du nouveau projet de construction \u00e0 Stein am Rhein (SH), qui est enti\u00e8rement lou\u00e9 depuis novembre 2024. Avec la premi\u00e8re location des 41 appartements nouvellement construits, l'immeuble a g\u00e9n\u00e9r\u00e9 des revenus pour la premi\u00e8re fois au cours de la p\u00e9riode sous revue. De plus, l'augmentation du taux d'int\u00e9r\u00eat de r\u00e9f\u00e9rence a entra\u00een\u00e9 une hausse des revenus locatifs pour les baux existants. En outre, le transfert de la nouvelle construction dans le portefeuille des immeubles de rapport a g\u00e9n\u00e9r\u00e9 un gain de valeur. Le r\u00e9sultat d'entreprise 2024 sur la base des valeurs de march\u00e9 se chiffre \u00e0 1,0 million de CHF (rendement pond\u00e9r\u00e9 des fonds propres : 4,8%). La valeur de march\u00e9 de l'ensemble des immeubles de placement - hors projets et installations en cours de construction - s'\u00e9l\u00e8ve \u00e0 38,7 millions de CHF \u00e0 la date de cl\u00f4ture du bilan (r\u00e9\u00e9valuation brute : 2,5%). <em>(M.ARR.)<\/em><\/p>\n<p>&nbsp;<\/p>","protected":false},"excerpt":{"rendered":"<p>Les soci\u00e9t\u00e9s immobili\u00e8res Immovision1, Immovision2 et Immovision3, g\u00e9r\u00e9es par Markstein Advisory AG, ont augment\u00e9 leurs revenus locatifs au cours de l'exercice 2024.<\/p>","protected":false},"author":102,"featured_media":64890,"comment_status":"closed","ping_status":"closed","sticky":false,"template":"","format":"standard","meta":{"_acf_changed":false,"_yoast_wpseo_focuskw":"Markstein","_yoast_wpseo_title":"","_yoast_wpseo_metadesc":"Die von der Markstein Advisory AG verwalteten Immobiliengesellschaft Immovision1, Immovision2 und Immovision3 haben die Mietertr\u00e4ge im Gesch\u00e4ftsjahrs 2024 gesteigert.","_yoast_wpseo_linkdex":77,"pgc_sgb_lightbox_settings":"","footnotes":""},"categories":[988],"tags":[1344,3608,1470],"class_list":["post-64889","post","type-post","status-publish","format-standard","has-post-thumbnail","hentry","category-unternehmen","tag-immobilienfonds","tag-jahresbericht","tag-markstein"],"acf":[],"yoast_head":"<!-- This site is optimized with the Yoast SEO plugin v27.5 - https:\/\/yoast.com\/product\/yoast-seo-wordpress\/ -->\n<title>Markstein-Gruppe: Immovision-Immobiliengesellschaften auf Kurs - IMMOBILIEN Business<\/title>\n<meta name=\"description\" content=\"Die von der Markstein Advisory AG verwalteten Immobiliengesellschaft Immovision1, Immovision2 und Immovision3 haben die Mietertr\u00e4ge im Gesch\u00e4ftsjahrs 2024 gesteigert.\" \/>\n<meta name=\"robots\" content=\"index, follow, max-snippet:-1, max-image-preview:large, max-video-preview:-1\" \/>\n<link rel=\"canonical\" href=\"https:\/\/www.immobilienbusiness.ch\/fr\/unternehmen\/2025-08-11\/markstein-gruppe-immovision-immobiliengesellschaft-auf-kurs\/\" \/>\n<meta property=\"og:locale\" content=\"fr_FR\" \/>\n<meta property=\"og:type\" content=\"article\" \/>\n<meta property=\"og:title\" content=\"Markstein-Gruppe: Immovision-Immobiliengesellschaften auf Kurs - IMMOBILIEN Business\" \/>\n<meta property=\"og:description\" content=\"Die von der Markstein Advisory AG verwalteten Immobiliengesellschaft Immovision1, Immovision2 und Immovision3 haben die Mietertr\u00e4ge im Gesch\u00e4ftsjahrs 2024 gesteigert.\" \/>\n<meta property=\"og:url\" content=\"https:\/\/www.immobilienbusiness.ch\/fr\/unternehmen\/2025-08-11\/markstein-gruppe-immovision-immobiliengesellschaft-auf-kurs\/\" \/>\n<meta property=\"og:site_name\" content=\"IMMOBILIEN Business\" \/>\n<meta property=\"article:publisher\" content=\"https:\/\/www.facebook.com\/immobilienbusiness\/\" \/>\n<meta property=\"article:published_time\" content=\"2025-08-11T04:51:42+00:00\" \/>\n<meta property=\"article:modified_time\" content=\"2025-08-12T05:32:56+00:00\" \/>\n<meta property=\"og:image\" content=\"https:\/\/www.immobilienbusiness.ch\/wp-content\/uploads\/2025\/08\/FinMa_04_Immovision_Niederglatt-scaled.jpg\" \/>\n\t<meta property=\"og:image:width\" content=\"1200\" \/>\n\t<meta property=\"og:image:height\" content=\"801\" \/>\n\t<meta property=\"og:image:type\" content=\"image\/jpeg\" \/>\n<meta name=\"author\" content=\"Alexander Wachter\" \/>\n<meta name=\"twitter:card\" content=\"summary_large_image\" \/>\n<script type=\"application\/ld+json\" class=\"yoast-schema-graph\">{\"@context\":\"https:\\\/\\\/schema.org\",\"@graph\":[{\"@type\":\"Article\",\"@id\":\"https:\\\/\\\/www.immobilienbusiness.ch\\\/en\\\/unternehmen\\\/2025-08-11\\\/markstein-gruppe-immovision-immobiliengesellschaft-auf-kurs\\\/#article\",\"isPartOf\":{\"@id\":\"https:\\\/\\\/www.immobilienbusiness.ch\\\/en\\\/unternehmen\\\/2025-08-11\\\/markstein-gruppe-immovision-immobiliengesellschaft-auf-kurs\\\/\"},\"author\":{\"name\":\"Alexander Wachter\",\"@id\":\"https:\\\/\\\/www.immobilienbusiness.ch\\\/#\\\/schema\\\/person\\\/aba8bea2db926aa0c24c08c43fe1fcd5\"},\"headline\":\"Markstein-Gruppe: Immovision-Immobiliengesellschaften auf Kurs\",\"datePublished\":\"2025-08-11T04:51:42+00:00\",\"dateModified\":\"2025-08-12T05:32:56+00:00\",\"mainEntityOfPage\":{\"@id\":\"https:\\\/\\\/www.immobilienbusiness.ch\\\/en\\\/unternehmen\\\/2025-08-11\\\/markstein-gruppe-immovision-immobiliengesellschaft-auf-kurs\\\/\"},\"wordCount\":469,\"publisher\":{\"@id\":\"https:\\\/\\\/www.immobilienbusiness.ch\\\/#organization\"},\"image\":{\"@id\":\"https:\\\/\\\/www.immobilienbusiness.ch\\\/en\\\/unternehmen\\\/2025-08-11\\\/markstein-gruppe-immovision-immobiliengesellschaft-auf-kurs\\\/#primaryimage\"},\"thumbnailUrl\":\"https:\\\/\\\/www.immobilienbusiness.ch\\\/wp-content\\\/uploads\\\/2025\\\/08\\\/FinMa_04_Immovision_Niederglatt-scaled.jpg\",\"keywords\":[\"Immobilienfonds\",\"Jahresbericht\",\"Markstein\"],\"articleSection\":[\"UNTERNEHMEN\"],\"inLanguage\":\"fr-FR\"},{\"@type\":\"WebPage\",\"@id\":\"https:\\\/\\\/www.immobilienbusiness.ch\\\/en\\\/unternehmen\\\/2025-08-11\\\/markstein-gruppe-immovision-immobiliengesellschaft-auf-kurs\\\/\",\"url\":\"https:\\\/\\\/www.immobilienbusiness.ch\\\/en\\\/unternehmen\\\/2025-08-11\\\/markstein-gruppe-immovision-immobiliengesellschaft-auf-kurs\\\/\",\"name\":\"Markstein-Gruppe: Immovision-Immobiliengesellschaften auf Kurs - IMMOBILIEN Business\",\"isPartOf\":{\"@id\":\"https:\\\/\\\/www.immobilienbusiness.ch\\\/#website\"},\"primaryImageOfPage\":{\"@id\":\"https:\\\/\\\/www.immobilienbusiness.ch\\\/en\\\/unternehmen\\\/2025-08-11\\\/markstein-gruppe-immovision-immobiliengesellschaft-auf-kurs\\\/#primaryimage\"},\"image\":{\"@id\":\"https:\\\/\\\/www.immobilienbusiness.ch\\\/en\\\/unternehmen\\\/2025-08-11\\\/markstein-gruppe-immovision-immobiliengesellschaft-auf-kurs\\\/#primaryimage\"},\"thumbnailUrl\":\"https:\\\/\\\/www.immobilienbusiness.ch\\\/wp-content\\\/uploads\\\/2025\\\/08\\\/FinMa_04_Immovision_Niederglatt-scaled.jpg\",\"datePublished\":\"2025-08-11T04:51:42+00:00\",\"dateModified\":\"2025-08-12T05:32:56+00:00\",\"description\":\"Die von der Markstein Advisory AG verwalteten Immobiliengesellschaft Immovision1, Immovision2 und Immovision3 haben die Mietertr\u00e4ge im Gesch\u00e4ftsjahrs 2024 gesteigert.\",\"breadcrumb\":{\"@id\":\"https:\\\/\\\/www.immobilienbusiness.ch\\\/en\\\/unternehmen\\\/2025-08-11\\\/markstein-gruppe-immovision-immobiliengesellschaft-auf-kurs\\\/#breadcrumb\"},\"inLanguage\":\"fr-FR\",\"potentialAction\":[{\"@type\":\"ReadAction\",\"target\":[\"https:\\\/\\\/www.immobilienbusiness.ch\\\/en\\\/unternehmen\\\/2025-08-11\\\/markstein-gruppe-immovision-immobiliengesellschaft-auf-kurs\\\/\"]}]},{\"@type\":\"ImageObject\",\"inLanguage\":\"fr-FR\",\"@id\":\"https:\\\/\\\/www.immobilienbusiness.ch\\\/en\\\/unternehmen\\\/2025-08-11\\\/markstein-gruppe-immovision-immobiliengesellschaft-auf-kurs\\\/#primaryimage\",\"url\":\"https:\\\/\\\/www.immobilienbusiness.ch\\\/wp-content\\\/uploads\\\/2025\\\/08\\\/FinMa_04_Immovision_Niederglatt-scaled.jpg\",\"contentUrl\":\"https:\\\/\\\/www.immobilienbusiness.ch\\\/wp-content\\\/uploads\\\/2025\\\/08\\\/FinMa_04_Immovision_Niederglatt-scaled.jpg\",\"width\":1200,\"height\":801,\"caption\":\"Eine Liegenschaft der Immovision 1 in Nederglatt (Bild: \u00a9 Markstein)\"},{\"@type\":\"BreadcrumbList\",\"@id\":\"https:\\\/\\\/www.immobilienbusiness.ch\\\/en\\\/unternehmen\\\/2025-08-11\\\/markstein-gruppe-immovision-immobiliengesellschaft-auf-kurs\\\/#breadcrumb\",\"itemListElement\":[{\"@type\":\"ListItem\",\"position\":1,\"name\":\"Home\",\"item\":\"https:\\\/\\\/www.immobilienbusiness.ch\\\/\"},{\"@type\":\"ListItem\",\"position\":2,\"name\":\"Markstein-Gruppe: Immovision-Immobiliengesellschaften auf Kurs\"}]},{\"@type\":\"WebSite\",\"@id\":\"https:\\\/\\\/www.immobilienbusiness.ch\\\/#website\",\"url\":\"https:\\\/\\\/www.immobilienbusiness.ch\\\/\",\"name\":\"IMMOBILIEN Business\",\"description\":\"Unabh\u00e4ngiges Schweizer Wirtschaftsmagazin mit Fokus auf Immobilien, Architektur- und Bau sowie Investment- und Finanzierung.\",\"publisher\":{\"@id\":\"https:\\\/\\\/www.immobilienbusiness.ch\\\/#organization\"},\"potentialAction\":[{\"@type\":\"SearchAction\",\"target\":{\"@type\":\"EntryPoint\",\"urlTemplate\":\"https:\\\/\\\/www.immobilienbusiness.ch\\\/?s={search_term_string}\"},\"query-input\":{\"@type\":\"PropertyValueSpecification\",\"valueRequired\":true,\"valueName\":\"search_term_string\"}}],\"inLanguage\":\"fr-FR\"},{\"@type\":\"Organization\",\"@id\":\"https:\\\/\\\/www.immobilienbusiness.ch\\\/#organization\",\"name\":\"IMMOBILIEN Business\",\"url\":\"https:\\\/\\\/www.immobilienbusiness.ch\\\/\",\"logo\":{\"@type\":\"ImageObject\",\"inLanguage\":\"fr-FR\",\"@id\":\"https:\\\/\\\/www.immobilienbusiness.ch\\\/#\\\/schema\\\/logo\\\/image\\\/\",\"url\":\"https:\\\/\\\/www.immobilienbusiness.ch\\\/wp-content\\\/uploads\\\/2021\\\/07\\\/logo_ib.png\",\"contentUrl\":\"https:\\\/\\\/www.immobilienbusiness.ch\\\/wp-content\\\/uploads\\\/2021\\\/07\\\/logo_ib.png\",\"width\":800,\"height\":181,\"caption\":\"IMMOBILIEN Business\"},\"image\":{\"@id\":\"https:\\\/\\\/www.immobilienbusiness.ch\\\/#\\\/schema\\\/logo\\\/image\\\/\"},\"sameAs\":[\"https:\\\/\\\/www.facebook.com\\\/immobilienbusiness\\\/\"]},{\"@type\":\"Person\",\"@id\":\"https:\\\/\\\/www.immobilienbusiness.ch\\\/#\\\/schema\\\/person\\\/aba8bea2db926aa0c24c08c43fe1fcd5\",\"name\":\"Alexander Wachter\",\"image\":{\"@type\":\"ImageObject\",\"inLanguage\":\"fr-FR\",\"@id\":\"https:\\\/\\\/secure.gravatar.com\\\/avatar\\\/1a09e471f5389b0e0a6416eac287e0927c7c97a7b77f9e787eba3af7aee281dd?s=96&d=mm&r=g\",\"url\":\"https:\\\/\\\/secure.gravatar.com\\\/avatar\\\/1a09e471f5389b0e0a6416eac287e0927c7c97a7b77f9e787eba3af7aee281dd?s=96&d=mm&r=g\",\"contentUrl\":\"https:\\\/\\\/secure.gravatar.com\\\/avatar\\\/1a09e471f5389b0e0a6416eac287e0927c7c97a7b77f9e787eba3af7aee281dd?s=96&d=mm&r=g\",\"caption\":\"Alexander Wachter\"},\"url\":\"https:\\\/\\\/www.immobilienbusiness.ch\\\/fr\\\/author\\\/alexander-wachter\\\/\"}]}<\/script>\n<!-- \/ Yoast SEO plugin. -->","yoast_head_json":{"title":"Groupe Markstein : les soci\u00e9t\u00e9s immobili\u00e8res Immovision maintiennent le cap - IMMOBILIER Business","description":"Les soci\u00e9t\u00e9s immobili\u00e8res Immovision1, Immovision2 et Immovision3, g\u00e9r\u00e9es par Markstein Advisory AG, ont augment\u00e9 leurs revenus locatifs au cours de l'exercice 2024.","robots":{"index":"index","follow":"follow","max-snippet":"max-snippet:-1","max-image-preview":"max-image-preview:large","max-video-preview":"max-video-preview:-1"},"canonical":"https:\/\/www.immobilienbusiness.ch\/fr\/unternehmen\/2025-08-11\/markstein-gruppe-immovision-immobiliengesellschaft-auf-kurs\/","og_locale":"fr_FR","og_type":"article","og_title":"Markstein-Gruppe: Immovision-Immobiliengesellschaften auf Kurs - IMMOBILIEN Business","og_description":"Die von der Markstein Advisory AG verwalteten Immobiliengesellschaft Immovision1, Immovision2 und Immovision3 haben die Mietertr\u00e4ge im Gesch\u00e4ftsjahrs 2024 gesteigert.","og_url":"https:\/\/www.immobilienbusiness.ch\/fr\/unternehmen\/2025-08-11\/markstein-gruppe-immovision-immobiliengesellschaft-auf-kurs\/","og_site_name":"IMMOBILIEN Business","article_publisher":"https:\/\/www.facebook.com\/immobilienbusiness\/","article_published_time":"2025-08-11T04:51:42+00:00","article_modified_time":"2025-08-12T05:32:56+00:00","og_image":[{"width":1200,"height":801,"url":"https:\/\/www.immobilienbusiness.ch\/wp-content\/uploads\/2025\/08\/FinMa_04_Immovision_Niederglatt-scaled.jpg","type":"image\/jpeg"}],"author":"Alexander Wachter","twitter_card":"summary_large_image","schema":{"@context":"https:\/\/schema.org","@graph":[{"@type":"Article","@id":"https:\/\/www.immobilienbusiness.ch\/en\/unternehmen\/2025-08-11\/markstein-gruppe-immovision-immobiliengesellschaft-auf-kurs\/#article","isPartOf":{"@id":"https:\/\/www.immobilienbusiness.ch\/en\/unternehmen\/2025-08-11\/markstein-gruppe-immovision-immobiliengesellschaft-auf-kurs\/"},"author":{"name":"Alexander Wachter","@id":"https:\/\/www.immobilienbusiness.ch\/#\/schema\/person\/aba8bea2db926aa0c24c08c43fe1fcd5"},"headline":"Markstein-Gruppe: Immovision-Immobiliengesellschaften auf Kurs","datePublished":"2025-08-11T04:51:42+00:00","dateModified":"2025-08-12T05:32:56+00:00","mainEntityOfPage":{"@id":"https:\/\/www.immobilienbusiness.ch\/en\/unternehmen\/2025-08-11\/markstein-gruppe-immovision-immobiliengesellschaft-auf-kurs\/"},"wordCount":469,"publisher":{"@id":"https:\/\/www.immobilienbusiness.ch\/#organization"},"image":{"@id":"https:\/\/www.immobilienbusiness.ch\/en\/unternehmen\/2025-08-11\/markstein-gruppe-immovision-immobiliengesellschaft-auf-kurs\/#primaryimage"},"thumbnailUrl":"https:\/\/www.immobilienbusiness.ch\/wp-content\/uploads\/2025\/08\/FinMa_04_Immovision_Niederglatt-scaled.jpg","keywords":["Immobilienfonds","Jahresbericht","Markstein"],"articleSection":["UNTERNEHMEN"],"inLanguage":"fr-FR"},{"@type":"WebPage","@id":"https:\/\/www.immobilienbusiness.ch\/en\/unternehmen\/2025-08-11\/markstein-gruppe-immovision-immobiliengesellschaft-auf-kurs\/","url":"https:\/\/www.immobilienbusiness.ch\/en\/unternehmen\/2025-08-11\/markstein-gruppe-immovision-immobiliengesellschaft-auf-kurs\/","name":"Groupe Markstein : les soci\u00e9t\u00e9s immobili\u00e8res Immovision maintiennent le cap - IMMOBILIER Business","isPartOf":{"@id":"https:\/\/www.immobilienbusiness.ch\/#website"},"primaryImageOfPage":{"@id":"https:\/\/www.immobilienbusiness.ch\/en\/unternehmen\/2025-08-11\/markstein-gruppe-immovision-immobiliengesellschaft-auf-kurs\/#primaryimage"},"image":{"@id":"https:\/\/www.immobilienbusiness.ch\/en\/unternehmen\/2025-08-11\/markstein-gruppe-immovision-immobiliengesellschaft-auf-kurs\/#primaryimage"},"thumbnailUrl":"https:\/\/www.immobilienbusiness.ch\/wp-content\/uploads\/2025\/08\/FinMa_04_Immovision_Niederglatt-scaled.jpg","datePublished":"2025-08-11T04:51:42+00:00","dateModified":"2025-08-12T05:32:56+00:00","description":"Les soci\u00e9t\u00e9s immobili\u00e8res Immovision1, Immovision2 et Immovision3, g\u00e9r\u00e9es par Markstein Advisory AG, ont augment\u00e9 leurs revenus locatifs au cours de l'exercice 2024.","breadcrumb":{"@id":"https:\/\/www.immobilienbusiness.ch\/en\/unternehmen\/2025-08-11\/markstein-gruppe-immovision-immobiliengesellschaft-auf-kurs\/#breadcrumb"},"inLanguage":"fr-FR","potentialAction":[{"@type":"ReadAction","target":["https:\/\/www.immobilienbusiness.ch\/en\/unternehmen\/2025-08-11\/markstein-gruppe-immovision-immobiliengesellschaft-auf-kurs\/"]}]},{"@type":"ImageObject","inLanguage":"fr-FR","@id":"https:\/\/www.immobilienbusiness.ch\/en\/unternehmen\/2025-08-11\/markstein-gruppe-immovision-immobiliengesellschaft-auf-kurs\/#primaryimage","url":"https:\/\/www.immobilienbusiness.ch\/wp-content\/uploads\/2025\/08\/FinMa_04_Immovision_Niederglatt-scaled.jpg","contentUrl":"https:\/\/www.immobilienbusiness.ch\/wp-content\/uploads\/2025\/08\/FinMa_04_Immovision_Niederglatt-scaled.jpg","width":1200,"height":801,"caption":"Eine Liegenschaft der Immovision 1 in Nederglatt (Bild: \u00a9 Markstein)"},{"@type":"BreadcrumbList","@id":"https:\/\/www.immobilienbusiness.ch\/en\/unternehmen\/2025-08-11\/markstein-gruppe-immovision-immobiliengesellschaft-auf-kurs\/#breadcrumb","itemListElement":[{"@type":"ListItem","position":1,"name":"Home","item":"https:\/\/www.immobilienbusiness.ch\/"},{"@type":"ListItem","position":2,"name":"Markstein-Gruppe: Immovision-Immobiliengesellschaften auf Kurs"}]},{"@type":"WebSite","@id":"https:\/\/www.immobilienbusiness.ch\/#website","url":"https:\/\/www.immobilienbusiness.ch\/","name":"IMMOBILIER Business","description":"Magazine \u00e9conomique suisse ind\u00e9pendant ax\u00e9 sur l'immobilier, l'architecture et la construction ainsi que sur les investissements et le financement.","publisher":{"@id":"https:\/\/www.immobilienbusiness.ch\/#organization"},"potentialAction":[{"@type":"SearchAction","target":{"@type":"EntryPoint","urlTemplate":"https:\/\/www.immobilienbusiness.ch\/?s={search_term_string}"},"query-input":{"@type":"PropertyValueSpecification","valueRequired":true,"valueName":"search_term_string"}}],"inLanguage":"fr-FR"},{"@type":"Organization","@id":"https:\/\/www.immobilienbusiness.ch\/#organization","name":"IMMOBILIER Business","url":"https:\/\/www.immobilienbusiness.ch\/","logo":{"@type":"ImageObject","inLanguage":"fr-FR","@id":"https:\/\/www.immobilienbusiness.ch\/#\/schema\/logo\/image\/","url":"https:\/\/www.immobilienbusiness.ch\/wp-content\/uploads\/2021\/07\/logo_ib.png","contentUrl":"https:\/\/www.immobilienbusiness.ch\/wp-content\/uploads\/2021\/07\/logo_ib.png","width":800,"height":181,"caption":"IMMOBILIEN Business"},"image":{"@id":"https:\/\/www.immobilienbusiness.ch\/#\/schema\/logo\/image\/"},"sameAs":["https:\/\/www.facebook.com\/immobilienbusiness\/"]},{"@type":"Person","@id":"https:\/\/www.immobilienbusiness.ch\/#\/schema\/person\/aba8bea2db926aa0c24c08c43fe1fcd5","name":"Alexander Wachter","image":{"@type":"ImageObject","inLanguage":"fr-FR","@id":"https:\/\/secure.gravatar.com\/avatar\/1a09e471f5389b0e0a6416eac287e0927c7c97a7b77f9e787eba3af7aee281dd?s=96&d=mm&r=g","url":"https:\/\/secure.gravatar.com\/avatar\/1a09e471f5389b0e0a6416eac287e0927c7c97a7b77f9e787eba3af7aee281dd?s=96&d=mm&r=g","contentUrl":"https:\/\/secure.gravatar.com\/avatar\/1a09e471f5389b0e0a6416eac287e0927c7c97a7b77f9e787eba3af7aee281dd?s=96&d=mm&r=g","caption":"Alexander Wachter"},"url":"https:\/\/www.immobilienbusiness.ch\/fr\/author\/alexander-wachter\/"}]}},"_links":{"self":[{"href":"https:\/\/www.immobilienbusiness.ch\/fr\/wp-json\/wp\/v2\/posts\/64889","targetHints":{"allow":["GET"]}}],"collection":[{"href":"https:\/\/www.immobilienbusiness.ch\/fr\/wp-json\/wp\/v2\/posts"}],"about":[{"href":"https:\/\/www.immobilienbusiness.ch\/fr\/wp-json\/wp\/v2\/types\/post"}],"author":[{"embeddable":true,"href":"https:\/\/www.immobilienbusiness.ch\/fr\/wp-json\/wp\/v2\/users\/102"}],"replies":[{"embeddable":true,"href":"https:\/\/www.immobilienbusiness.ch\/fr\/wp-json\/wp\/v2\/comments?post=64889"}],"version-history":[{"count":2,"href":"https:\/\/www.immobilienbusiness.ch\/fr\/wp-json\/wp\/v2\/posts\/64889\/revisions"}],"predecessor-version":[{"id":64897,"href":"https:\/\/www.immobilienbusiness.ch\/fr\/wp-json\/wp\/v2\/posts\/64889\/revisions\/64897"}],"wp:featuredmedia":[{"embeddable":true,"href":"https:\/\/www.immobilienbusiness.ch\/fr\/wp-json\/wp\/v2\/media\/64890"}],"wp:attachment":[{"href":"https:\/\/www.immobilienbusiness.ch\/fr\/wp-json\/wp\/v2\/media?parent=64889"}],"wp:term":[{"taxonomy":"category","embeddable":true,"href":"https:\/\/www.immobilienbusiness.ch\/fr\/wp-json\/wp\/v2\/categories?post=64889"},{"taxonomy":"post_tag","embeddable":true,"href":"https:\/\/www.immobilienbusiness.ch\/fr\/wp-json\/wp\/v2\/tags?post=64889"}],"curies":[{"name":"wp","href":"https:\/\/api.w.org\/{rel}","templated":true}]}}