{"id":64760,"date":"2025-07-25T06:18:02","date_gmt":"2025-07-25T04:18:02","guid":{"rendered":"https:\/\/www.immobilienbusiness.ch\/?p=64760"},"modified":"2025-07-31T08:34:26","modified_gmt":"2025-07-31T06:34:26","slug":"romanshorn-baustart-fuer-projekt-seehoefe","status":"publish","type":"post","link":"https:\/\/www.immobilienbusiness.ch\/fr\/regionen\/2025-07-25\/romanshorn-baustart-fuer-projekt-seehoefe\/","title":{"rendered":"Romanshorn : d\u00e9but de la construction du projet \"Seeh\u00f6fe"},"content":{"rendered":"<figure id=\"attachment_64762\" aria-describedby=\"caption-attachment-64762\" style=\"width: 768px\" class=\"wp-caption alignnone\"><a href=\"https:\/\/www.immobilienbusiness.ch\/wp-content\/uploads\/2025\/07\/Nachricht_S_9_unten_Romanshorn_Seehoefe-scaled.jpg\"><img loading=\"lazy\" decoding=\"async\" class=\"size-large wp-image-64762\" src=\"https:\/\/www.immobilienbusiness.ch\/wp-content\/uploads\/2025\/07\/Nachricht_S_9_unten_Romanshorn_Seehoefe-1024x623.jpg\" alt=\"\" width=\"768\" height=\"467\" srcset=\"https:\/\/www.immobilienbusiness.ch\/wp-content\/uploads\/2025\/07\/Nachricht_S_9_unten_Romanshorn_Seehoefe-1024x623.jpg 1024w, https:\/\/www.immobilienbusiness.ch\/wp-content\/uploads\/2025\/07\/Nachricht_S_9_unten_Romanshorn_Seehoefe-300x182.jpg 300w, https:\/\/www.immobilienbusiness.ch\/wp-content\/uploads\/2025\/07\/Nachricht_S_9_unten_Romanshorn_Seehoefe-768x467.jpg 768w, https:\/\/www.immobilienbusiness.ch\/wp-content\/uploads\/2025\/07\/Nachricht_S_9_unten_Romanshorn_Seehoefe-1536x934.jpg 1536w, https:\/\/www.immobilienbusiness.ch\/wp-content\/uploads\/2025\/07\/Nachricht_S_9_unten_Romanshorn_Seehoefe-18x12.jpg 18w, https:\/\/www.immobilienbusiness.ch\/wp-content\/uploads\/2025\/07\/Nachricht_S_9_unten_Romanshorn_Seehoefe-375x228.jpg 375w, https:\/\/www.immobilienbusiness.ch\/wp-content\/uploads\/2025\/07\/Nachricht_S_9_unten_Romanshorn_Seehoefe-576x350.jpg 576w, https:\/\/www.immobilienbusiness.ch\/wp-content\/uploads\/2025\/07\/Nachricht_S_9_unten_Romanshorn_Seehoefe-1000x608.jpg 1000w, https:\/\/www.immobilienbusiness.ch\/wp-content\/uploads\/2025\/07\/Nachricht_S_9_unten_Romanshorn_Seehoefe-scaled.jpg 1200w\" sizes=\"auto, (max-width: 768px) 100vw, 768px\" \/><\/a><figcaption id=\"caption-attachment-64762\" class=\"wp-caption-text\">Visualisation des \"Seeh\u00f6fe\" (image : zVg)<\/figcaption><\/figure>\n<p>La d\u00e9construction des anciens immeubles sur cet ancien site industriel d'environ 11 400 m\u00b2 situ\u00e9 directement au bord du lac de Constance est termin\u00e9e ; le d\u00e9but des travaux de construction des sept nouveaux b\u00e2timents con\u00e7us par l'architecte Max Dudler et de la r\u00e9novation du b\u00e2timent d'usine class\u00e9 monument historique devrait avoir lieu en septembre. Il est pr\u00e9vu de construire 148 appartements en copropri\u00e9t\u00e9 (de 1,5 \u00e0 6,5 pi\u00e8ces) ainsi que des espaces communs, un espace de co-working et un centre de fitness ; l'emm\u00e9nagement des premiers appartements est pr\u00e9vu pour fin 2027. L'int\u00e9r\u00eat pour les appartements en copropri\u00e9t\u00e9 est grand, rapporte Alexander Michel de la soci\u00e9t\u00e9 IT3 Immobilien + Treuhand AG, charg\u00e9e de la commercialisation. Apr\u00e8s le lancement de la vente en d\u00e9but d'ann\u00e9e, de nombreux appartements ont d\u00e9j\u00e0 \u00e9t\u00e9 r\u00e9serv\u00e9s ; plus de la moiti\u00e9 des 148 unit\u00e9s ont \u00e9t\u00e9 attribu\u00e9es entre-temps (\u00e9tat : juillet 2025). Actuellement, 71 appartements sont encore \u00e0 vendre.<\/p>\n<p>Selon les m\u00e9dias r\u00e9gionaux, le ma\u00eetre d'ouvrage du projet est la soci\u00e9t\u00e9 immobili\u00e8re M.U.T. Areal Lakeside AG, dont le si\u00e8ge est \u00e0 Zoug et qui appartient au groupe Mava. Elle a acquis le site au printemps 2019 et y investit entre 80 et 90 millions de CHF, selon les indications de la ville de Romanshorn. <em>(M.ARR.)<\/em><\/p>","protected":false},"excerpt":{"rendered":"<p>L'ancien site d'Hydrel \u00e0 Romanshorn (TG) sera transform\u00e9 en quartier r\u00e9sidentiel \"Seeh\u00f6fe\" d'ici 2028. Con\u00e7u par Max Dudler, le projet pr\u00e9voit la construction de 148 logements \u00e0 proximit\u00e9 imm\u00e9diate du Seepark.<\/p>","protected":false},"author":102,"featured_media":64762,"comment_status":"closed","ping_status":"closed","sticky":false,"template":"","format":"standard","meta":{"_acf_changed":false,"_yoast_wpseo_focuskw":"Romanshorn","_yoast_wpseo_title":"","_yoast_wpseo_metadesc":"Das ehemalige Hydrel-Areal in Romanshorn (TG) wird bis 2028 in das Wohnquartier \u00abSeeh\u00f6fe\u00bb transformiert. Mit der von Max Dudler entworfenen \u00dcberbauung entstehen 148 Wohnungen in direkter N\u00e4he zum Seepark","_yoast_wpseo_linkdex":60,"pgc_sgb_lightbox_settings":"","footnotes":""},"categories":[985],"tags":[1185,4275,4274,3262,1599,2492,1997,1800],"class_list":["post-64760","post","type-post","status-publish","format-standard","has-post-thumbnail","hentry","category-regionen","tag-eigentumswohnungen","tag-it3-immobilien-treuhand-ag","tag-m-u-t-areal-lakeside-ag","tag-max-dudler","tag-projekt-in-bau","tag-romanshorn","tag-tg","tag-umnutzung"],"acf":[],"yoast_head":"<!-- This site is optimized with the Yoast SEO plugin v27.5 - https:\/\/yoast.com\/product\/yoast-seo-wordpress\/ -->\n<title>Romanshorn: Baustart f\u00fcr Projekt \u00abSeeh\u00f6fe\u00bb - IMMOBILIEN Business<\/title>\n<meta name=\"description\" content=\"Das ehemalige Hydrel-Areal in Romanshorn (TG) wird bis 2028 in das Wohnquartier \u00abSeeh\u00f6fe\u00bb transformiert. Mit der von Max Dudler entworfenen \u00dcberbauung entstehen 148 Wohnungen in direkter N\u00e4he zum Seepark\" \/>\n<meta name=\"robots\" content=\"index, follow, max-snippet:-1, max-image-preview:large, max-video-preview:-1\" \/>\n<link rel=\"canonical\" href=\"https:\/\/www.immobilienbusiness.ch\/fr\/regionen\/2025-07-25\/romanshorn-baustart-fuer-projekt-seehoefe\/\" \/>\n<meta property=\"og:locale\" content=\"fr_FR\" \/>\n<meta property=\"og:type\" content=\"article\" \/>\n<meta property=\"og:title\" content=\"Romanshorn: Baustart f\u00fcr Projekt \u00abSeeh\u00f6fe\u00bb - IMMOBILIEN Business\" \/>\n<meta property=\"og:description\" content=\"Das ehemalige Hydrel-Areal in Romanshorn (TG) wird bis 2028 in das Wohnquartier \u00abSeeh\u00f6fe\u00bb transformiert. Mit der von Max Dudler entworfenen \u00dcberbauung entstehen 148 Wohnungen in direkter N\u00e4he zum Seepark\" \/>\n<meta property=\"og:url\" content=\"https:\/\/www.immobilienbusiness.ch\/fr\/regionen\/2025-07-25\/romanshorn-baustart-fuer-projekt-seehoefe\/\" \/>\n<meta property=\"og:site_name\" content=\"IMMOBILIEN Business\" \/>\n<meta property=\"article:publisher\" content=\"https:\/\/www.facebook.com\/immobilienbusiness\/\" \/>\n<meta property=\"article:published_time\" content=\"2025-07-25T04:18:02+00:00\" \/>\n<meta property=\"article:modified_time\" content=\"2025-07-31T06:34:26+00:00\" \/>\n<meta property=\"og:image\" content=\"https:\/\/www.immobilienbusiness.ch\/wp-content\/uploads\/2025\/07\/Nachricht_S_9_unten_Romanshorn_Seehoefe-scaled.jpg\" \/>\n\t<meta property=\"og:image:width\" content=\"1200\" \/>\n\t<meta property=\"og:image:height\" content=\"729\" \/>\n\t<meta property=\"og:image:type\" content=\"image\/jpeg\" \/>\n<meta name=\"author\" content=\"Alexander Wachter\" \/>\n<meta name=\"twitter:card\" content=\"summary_large_image\" \/>\n<script type=\"application\/ld+json\" class=\"yoast-schema-graph\">{\"@context\":\"https:\\\/\\\/schema.org\",\"@graph\":[{\"@type\":\"Article\",\"@id\":\"https:\\\/\\\/www.immobilienbusiness.ch\\\/de\\\/regionen\\\/2025-07-25\\\/romanshorn-baustart-fuer-projekt-seehoefe\\\/#article\",\"isPartOf\":{\"@id\":\"https:\\\/\\\/www.immobilienbusiness.ch\\\/de\\\/regionen\\\/2025-07-25\\\/romanshorn-baustart-fuer-projekt-seehoefe\\\/\"},\"author\":{\"name\":\"Alexander Wachter\",\"@id\":\"https:\\\/\\\/www.immobilienbusiness.ch\\\/#\\\/schema\\\/person\\\/aba8bea2db926aa0c24c08c43fe1fcd5\"},\"headline\":\"Romanshorn: Baustart f\u00fcr Projekt \u00abSeeh\u00f6fe\u00bb\",\"datePublished\":\"2025-07-25T04:18:02+00:00\",\"dateModified\":\"2025-07-31T06:34:26+00:00\",\"mainEntityOfPage\":{\"@id\":\"https:\\\/\\\/www.immobilienbusiness.ch\\\/de\\\/regionen\\\/2025-07-25\\\/romanshorn-baustart-fuer-projekt-seehoefe\\\/\"},\"wordCount\":177,\"publisher\":{\"@id\":\"https:\\\/\\\/www.immobilienbusiness.ch\\\/#organization\"},\"image\":{\"@id\":\"https:\\\/\\\/www.immobilienbusiness.ch\\\/de\\\/regionen\\\/2025-07-25\\\/romanshorn-baustart-fuer-projekt-seehoefe\\\/#primaryimage\"},\"thumbnailUrl\":\"https:\\\/\\\/www.immobilienbusiness.ch\\\/wp-content\\\/uploads\\\/2025\\\/07\\\/Nachricht_S_9_unten_Romanshorn_Seehoefe-scaled.jpg\",\"keywords\":[\"Eigentumswohnungen\",\"IT3 Immobilien + Treuhand AG\",\"M.U.T. Areal Lakeside AG\",\"Max Dudler\",\"Projekt in Bau\",\"Romanshorn\",\"TG\",\"Umnutzung\"],\"articleSection\":[\"REGIONEN\"],\"inLanguage\":\"fr-FR\"},{\"@type\":\"WebPage\",\"@id\":\"https:\\\/\\\/www.immobilienbusiness.ch\\\/de\\\/regionen\\\/2025-07-25\\\/romanshorn-baustart-fuer-projekt-seehoefe\\\/\",\"url\":\"https:\\\/\\\/www.immobilienbusiness.ch\\\/de\\\/regionen\\\/2025-07-25\\\/romanshorn-baustart-fuer-projekt-seehoefe\\\/\",\"name\":\"Romanshorn: Baustart f\u00fcr Projekt \u00abSeeh\u00f6fe\u00bb - IMMOBILIEN Business\",\"isPartOf\":{\"@id\":\"https:\\\/\\\/www.immobilienbusiness.ch\\\/#website\"},\"primaryImageOfPage\":{\"@id\":\"https:\\\/\\\/www.immobilienbusiness.ch\\\/de\\\/regionen\\\/2025-07-25\\\/romanshorn-baustart-fuer-projekt-seehoefe\\\/#primaryimage\"},\"image\":{\"@id\":\"https:\\\/\\\/www.immobilienbusiness.ch\\\/de\\\/regionen\\\/2025-07-25\\\/romanshorn-baustart-fuer-projekt-seehoefe\\\/#primaryimage\"},\"thumbnailUrl\":\"https:\\\/\\\/www.immobilienbusiness.ch\\\/wp-content\\\/uploads\\\/2025\\\/07\\\/Nachricht_S_9_unten_Romanshorn_Seehoefe-scaled.jpg\",\"datePublished\":\"2025-07-25T04:18:02+00:00\",\"dateModified\":\"2025-07-31T06:34:26+00:00\",\"description\":\"Das ehemalige Hydrel-Areal in Romanshorn (TG) wird bis 2028 in das Wohnquartier \u00abSeeh\u00f6fe\u00bb transformiert. Mit der von Max Dudler entworfenen \u00dcberbauung entstehen 148 Wohnungen in direkter N\u00e4he zum Seepark\",\"breadcrumb\":{\"@id\":\"https:\\\/\\\/www.immobilienbusiness.ch\\\/de\\\/regionen\\\/2025-07-25\\\/romanshorn-baustart-fuer-projekt-seehoefe\\\/#breadcrumb\"},\"inLanguage\":\"fr-FR\",\"potentialAction\":[{\"@type\":\"ReadAction\",\"target\":[\"https:\\\/\\\/www.immobilienbusiness.ch\\\/de\\\/regionen\\\/2025-07-25\\\/romanshorn-baustart-fuer-projekt-seehoefe\\\/\"]}]},{\"@type\":\"ImageObject\",\"inLanguage\":\"fr-FR\",\"@id\":\"https:\\\/\\\/www.immobilienbusiness.ch\\\/de\\\/regionen\\\/2025-07-25\\\/romanshorn-baustart-fuer-projekt-seehoefe\\\/#primaryimage\",\"url\":\"https:\\\/\\\/www.immobilienbusiness.ch\\\/wp-content\\\/uploads\\\/2025\\\/07\\\/Nachricht_S_9_unten_Romanshorn_Seehoefe-scaled.jpg\",\"contentUrl\":\"https:\\\/\\\/www.immobilienbusiness.ch\\\/wp-content\\\/uploads\\\/2025\\\/07\\\/Nachricht_S_9_unten_Romanshorn_Seehoefe-scaled.jpg\",\"width\":1200,\"height\":729,\"caption\":\"Visualisierung der \u00abSeeh\u00f6fe\u00bb (Bild: zVg)\"},{\"@type\":\"BreadcrumbList\",\"@id\":\"https:\\\/\\\/www.immobilienbusiness.ch\\\/de\\\/regionen\\\/2025-07-25\\\/romanshorn-baustart-fuer-projekt-seehoefe\\\/#breadcrumb\",\"itemListElement\":[{\"@type\":\"ListItem\",\"position\":1,\"name\":\"Home\",\"item\":\"https:\\\/\\\/www.immobilienbusiness.ch\\\/\"},{\"@type\":\"ListItem\",\"position\":2,\"name\":\"Romanshorn: Baustart f\u00fcr Projekt \u00abSeeh\u00f6fe\u00bb\"}]},{\"@type\":\"WebSite\",\"@id\":\"https:\\\/\\\/www.immobilienbusiness.ch\\\/#website\",\"url\":\"https:\\\/\\\/www.immobilienbusiness.ch\\\/\",\"name\":\"IMMOBILIEN Business\",\"description\":\"Unabh\u00e4ngiges Schweizer Wirtschaftsmagazin mit Fokus auf Immobilien, Architektur- und Bau sowie Investment- und Finanzierung.\",\"publisher\":{\"@id\":\"https:\\\/\\\/www.immobilienbusiness.ch\\\/#organization\"},\"potentialAction\":[{\"@type\":\"SearchAction\",\"target\":{\"@type\":\"EntryPoint\",\"urlTemplate\":\"https:\\\/\\\/www.immobilienbusiness.ch\\\/?s={search_term_string}\"},\"query-input\":{\"@type\":\"PropertyValueSpecification\",\"valueRequired\":true,\"valueName\":\"search_term_string\"}}],\"inLanguage\":\"fr-FR\"},{\"@type\":\"Organization\",\"@id\":\"https:\\\/\\\/www.immobilienbusiness.ch\\\/#organization\",\"name\":\"IMMOBILIEN Business\",\"url\":\"https:\\\/\\\/www.immobilienbusiness.ch\\\/\",\"logo\":{\"@type\":\"ImageObject\",\"inLanguage\":\"fr-FR\",\"@id\":\"https:\\\/\\\/www.immobilienbusiness.ch\\\/#\\\/schema\\\/logo\\\/image\\\/\",\"url\":\"https:\\\/\\\/www.immobilienbusiness.ch\\\/wp-content\\\/uploads\\\/2021\\\/07\\\/logo_ib.png\",\"contentUrl\":\"https:\\\/\\\/www.immobilienbusiness.ch\\\/wp-content\\\/uploads\\\/2021\\\/07\\\/logo_ib.png\",\"width\":800,\"height\":181,\"caption\":\"IMMOBILIEN Business\"},\"image\":{\"@id\":\"https:\\\/\\\/www.immobilienbusiness.ch\\\/#\\\/schema\\\/logo\\\/image\\\/\"},\"sameAs\":[\"https:\\\/\\\/www.facebook.com\\\/immobilienbusiness\\\/\"]},{\"@type\":\"Person\",\"@id\":\"https:\\\/\\\/www.immobilienbusiness.ch\\\/#\\\/schema\\\/person\\\/aba8bea2db926aa0c24c08c43fe1fcd5\",\"name\":\"Alexander Wachter\",\"image\":{\"@type\":\"ImageObject\",\"inLanguage\":\"fr-FR\",\"@id\":\"https:\\\/\\\/secure.gravatar.com\\\/avatar\\\/1a09e471f5389b0e0a6416eac287e0927c7c97a7b77f9e787eba3af7aee281dd?s=96&d=mm&r=g\",\"url\":\"https:\\\/\\\/secure.gravatar.com\\\/avatar\\\/1a09e471f5389b0e0a6416eac287e0927c7c97a7b77f9e787eba3af7aee281dd?s=96&d=mm&r=g\",\"contentUrl\":\"https:\\\/\\\/secure.gravatar.com\\\/avatar\\\/1a09e471f5389b0e0a6416eac287e0927c7c97a7b77f9e787eba3af7aee281dd?s=96&d=mm&r=g\",\"caption\":\"Alexander Wachter\"},\"url\":\"https:\\\/\\\/www.immobilienbusiness.ch\\\/fr\\\/author\\\/alexander-wachter\\\/\"}]}<\/script>\n<!-- \/ Yoast SEO plugin. -->","yoast_head_json":{"title":"Romanshorn: Baustart f\u00fcr Projekt \u00abSeeh\u00f6fe\u00bb - IMMOBILIEN Business","description":"L'ancien site d'Hydrel \u00e0 Romanshorn (TG) sera transform\u00e9 en quartier r\u00e9sidentiel \"Seeh\u00f6fe\" d'ici 2028. Con\u00e7u par Max Dudler, le projet pr\u00e9voit la construction de 148 logements \u00e0 proximit\u00e9 imm\u00e9diate du Seepark.","robots":{"index":"index","follow":"follow","max-snippet":"max-snippet:-1","max-image-preview":"max-image-preview:large","max-video-preview":"max-video-preview:-1"},"canonical":"https:\/\/www.immobilienbusiness.ch\/fr\/regionen\/2025-07-25\/romanshorn-baustart-fuer-projekt-seehoefe\/","og_locale":"fr_FR","og_type":"article","og_title":"Romanshorn: Baustart f\u00fcr Projekt \u00abSeeh\u00f6fe\u00bb - IMMOBILIEN Business","og_description":"Das ehemalige Hydrel-Areal in Romanshorn (TG) wird bis 2028 in das Wohnquartier \u00abSeeh\u00f6fe\u00bb transformiert. Mit der von Max Dudler entworfenen \u00dcberbauung entstehen 148 Wohnungen in direkter N\u00e4he zum Seepark","og_url":"https:\/\/www.immobilienbusiness.ch\/fr\/regionen\/2025-07-25\/romanshorn-baustart-fuer-projekt-seehoefe\/","og_site_name":"IMMOBILIEN Business","article_publisher":"https:\/\/www.facebook.com\/immobilienbusiness\/","article_published_time":"2025-07-25T04:18:02+00:00","article_modified_time":"2025-07-31T06:34:26+00:00","og_image":[{"width":1200,"height":729,"url":"https:\/\/www.immobilienbusiness.ch\/wp-content\/uploads\/2025\/07\/Nachricht_S_9_unten_Romanshorn_Seehoefe-scaled.jpg","type":"image\/jpeg"}],"author":"Alexander Wachter","twitter_card":"summary_large_image","schema":{"@context":"https:\/\/schema.org","@graph":[{"@type":"Article","@id":"https:\/\/www.immobilienbusiness.ch\/de\/regionen\/2025-07-25\/romanshorn-baustart-fuer-projekt-seehoefe\/#article","isPartOf":{"@id":"https:\/\/www.immobilienbusiness.ch\/de\/regionen\/2025-07-25\/romanshorn-baustart-fuer-projekt-seehoefe\/"},"author":{"name":"Alexander Wachter","@id":"https:\/\/www.immobilienbusiness.ch\/#\/schema\/person\/aba8bea2db926aa0c24c08c43fe1fcd5"},"headline":"Romanshorn: Baustart f\u00fcr Projekt \u00abSeeh\u00f6fe\u00bb","datePublished":"2025-07-25T04:18:02+00:00","dateModified":"2025-07-31T06:34:26+00:00","mainEntityOfPage":{"@id":"https:\/\/www.immobilienbusiness.ch\/de\/regionen\/2025-07-25\/romanshorn-baustart-fuer-projekt-seehoefe\/"},"wordCount":177,"publisher":{"@id":"https:\/\/www.immobilienbusiness.ch\/#organization"},"image":{"@id":"https:\/\/www.immobilienbusiness.ch\/de\/regionen\/2025-07-25\/romanshorn-baustart-fuer-projekt-seehoefe\/#primaryimage"},"thumbnailUrl":"https:\/\/www.immobilienbusiness.ch\/wp-content\/uploads\/2025\/07\/Nachricht_S_9_unten_Romanshorn_Seehoefe-scaled.jpg","keywords":["Eigentumswohnungen","IT3 Immobilien + Treuhand AG","M.U.T. Areal Lakeside AG","Max Dudler","Projekt in Bau","Romanshorn","TG","Umnutzung"],"articleSection":["REGIONEN"],"inLanguage":"fr-FR"},{"@type":"WebPage","@id":"https:\/\/www.immobilienbusiness.ch\/de\/regionen\/2025-07-25\/romanshorn-baustart-fuer-projekt-seehoefe\/","url":"https:\/\/www.immobilienbusiness.ch\/de\/regionen\/2025-07-25\/romanshorn-baustart-fuer-projekt-seehoefe\/","name":"Romanshorn: Baustart f\u00fcr Projekt \u00abSeeh\u00f6fe\u00bb - IMMOBILIEN Business","isPartOf":{"@id":"https:\/\/www.immobilienbusiness.ch\/#website"},"primaryImageOfPage":{"@id":"https:\/\/www.immobilienbusiness.ch\/de\/regionen\/2025-07-25\/romanshorn-baustart-fuer-projekt-seehoefe\/#primaryimage"},"image":{"@id":"https:\/\/www.immobilienbusiness.ch\/de\/regionen\/2025-07-25\/romanshorn-baustart-fuer-projekt-seehoefe\/#primaryimage"},"thumbnailUrl":"https:\/\/www.immobilienbusiness.ch\/wp-content\/uploads\/2025\/07\/Nachricht_S_9_unten_Romanshorn_Seehoefe-scaled.jpg","datePublished":"2025-07-25T04:18:02+00:00","dateModified":"2025-07-31T06:34:26+00:00","description":"L'ancien site d'Hydrel \u00e0 Romanshorn (TG) sera transform\u00e9 en quartier r\u00e9sidentiel \"Seeh\u00f6fe\" d'ici 2028. Con\u00e7u par Max Dudler, le projet pr\u00e9voit la construction de 148 logements \u00e0 proximit\u00e9 imm\u00e9diate du Seepark.","breadcrumb":{"@id":"https:\/\/www.immobilienbusiness.ch\/de\/regionen\/2025-07-25\/romanshorn-baustart-fuer-projekt-seehoefe\/#breadcrumb"},"inLanguage":"fr-FR","potentialAction":[{"@type":"ReadAction","target":["https:\/\/www.immobilienbusiness.ch\/de\/regionen\/2025-07-25\/romanshorn-baustart-fuer-projekt-seehoefe\/"]}]},{"@type":"ImageObject","inLanguage":"fr-FR","@id":"https:\/\/www.immobilienbusiness.ch\/de\/regionen\/2025-07-25\/romanshorn-baustart-fuer-projekt-seehoefe\/#primaryimage","url":"https:\/\/www.immobilienbusiness.ch\/wp-content\/uploads\/2025\/07\/Nachricht_S_9_unten_Romanshorn_Seehoefe-scaled.jpg","contentUrl":"https:\/\/www.immobilienbusiness.ch\/wp-content\/uploads\/2025\/07\/Nachricht_S_9_unten_Romanshorn_Seehoefe-scaled.jpg","width":1200,"height":729,"caption":"Visualisierung der \u00abSeeh\u00f6fe\u00bb (Bild: zVg)"},{"@type":"BreadcrumbList","@id":"https:\/\/www.immobilienbusiness.ch\/de\/regionen\/2025-07-25\/romanshorn-baustart-fuer-projekt-seehoefe\/#breadcrumb","itemListElement":[{"@type":"ListItem","position":1,"name":"Home","item":"https:\/\/www.immobilienbusiness.ch\/"},{"@type":"ListItem","position":2,"name":"Romanshorn: Baustart f\u00fcr Projekt \u00abSeeh\u00f6fe\u00bb"}]},{"@type":"WebSite","@id":"https:\/\/www.immobilienbusiness.ch\/#website","url":"https:\/\/www.immobilienbusiness.ch\/","name":"IMMOBILIER Business","description":"Magazine \u00e9conomique suisse ind\u00e9pendant ax\u00e9 sur l'immobilier, l'architecture et la construction ainsi que sur les investissements et le financement.","publisher":{"@id":"https:\/\/www.immobilienbusiness.ch\/#organization"},"potentialAction":[{"@type":"SearchAction","target":{"@type":"EntryPoint","urlTemplate":"https:\/\/www.immobilienbusiness.ch\/?s={search_term_string}"},"query-input":{"@type":"PropertyValueSpecification","valueRequired":true,"valueName":"search_term_string"}}],"inLanguage":"fr-FR"},{"@type":"Organization","@id":"https:\/\/www.immobilienbusiness.ch\/#organization","name":"IMMOBILIER Business","url":"https:\/\/www.immobilienbusiness.ch\/","logo":{"@type":"ImageObject","inLanguage":"fr-FR","@id":"https:\/\/www.immobilienbusiness.ch\/#\/schema\/logo\/image\/","url":"https:\/\/www.immobilienbusiness.ch\/wp-content\/uploads\/2021\/07\/logo_ib.png","contentUrl":"https:\/\/www.immobilienbusiness.ch\/wp-content\/uploads\/2021\/07\/logo_ib.png","width":800,"height":181,"caption":"IMMOBILIEN Business"},"image":{"@id":"https:\/\/www.immobilienbusiness.ch\/#\/schema\/logo\/image\/"},"sameAs":["https:\/\/www.facebook.com\/immobilienbusiness\/"]},{"@type":"Person","@id":"https:\/\/www.immobilienbusiness.ch\/#\/schema\/person\/aba8bea2db926aa0c24c08c43fe1fcd5","name":"Alexander Wachter","image":{"@type":"ImageObject","inLanguage":"fr-FR","@id":"https:\/\/secure.gravatar.com\/avatar\/1a09e471f5389b0e0a6416eac287e0927c7c97a7b77f9e787eba3af7aee281dd?s=96&d=mm&r=g","url":"https:\/\/secure.gravatar.com\/avatar\/1a09e471f5389b0e0a6416eac287e0927c7c97a7b77f9e787eba3af7aee281dd?s=96&d=mm&r=g","contentUrl":"https:\/\/secure.gravatar.com\/avatar\/1a09e471f5389b0e0a6416eac287e0927c7c97a7b77f9e787eba3af7aee281dd?s=96&d=mm&r=g","caption":"Alexander Wachter"},"url":"https:\/\/www.immobilienbusiness.ch\/fr\/author\/alexander-wachter\/"}]}},"_links":{"self":[{"href":"https:\/\/www.immobilienbusiness.ch\/fr\/wp-json\/wp\/v2\/posts\/64760","targetHints":{"allow":["GET"]}}],"collection":[{"href":"https:\/\/www.immobilienbusiness.ch\/fr\/wp-json\/wp\/v2\/posts"}],"about":[{"href":"https:\/\/www.immobilienbusiness.ch\/fr\/wp-json\/wp\/v2\/types\/post"}],"author":[{"embeddable":true,"href":"https:\/\/www.immobilienbusiness.ch\/fr\/wp-json\/wp\/v2\/users\/102"}],"replies":[{"embeddable":true,"href":"https:\/\/www.immobilienbusiness.ch\/fr\/wp-json\/wp\/v2\/comments?post=64760"}],"version-history":[{"count":4,"href":"https:\/\/www.immobilienbusiness.ch\/fr\/wp-json\/wp\/v2\/posts\/64760\/revisions"}],"predecessor-version":[{"id":64810,"href":"https:\/\/www.immobilienbusiness.ch\/fr\/wp-json\/wp\/v2\/posts\/64760\/revisions\/64810"}],"wp:featuredmedia":[{"embeddable":true,"href":"https:\/\/www.immobilienbusiness.ch\/fr\/wp-json\/wp\/v2\/media\/64762"}],"wp:attachment":[{"href":"https:\/\/www.immobilienbusiness.ch\/fr\/wp-json\/wp\/v2\/media?parent=64760"}],"wp:term":[{"taxonomy":"category","embeddable":true,"href":"https:\/\/www.immobilienbusiness.ch\/fr\/wp-json\/wp\/v2\/categories?post=64760"},{"taxonomy":"post_tag","embeddable":true,"href":"https:\/\/www.immobilienbusiness.ch\/fr\/wp-json\/wp\/v2\/tags?post=64760"}],"curies":[{"name":"wp","href":"https:\/\/api.w.org\/{rel}","templated":true}]}}