{"id":64549,"date":"2025-07-15T06:23:39","date_gmt":"2025-07-15T04:23:39","guid":{"rendered":"https:\/\/www.immobilienbusiness.ch\/?p=64549"},"modified":"2025-07-17T12:27:52","modified_gmt":"2025-07-17T10:27:52","slug":"peach-property-kapitalerhoehung-vollstaendig-gezeichnet","status":"publish","type":"post","link":"https:\/\/www.immobilienbusiness.ch\/fr\/unternehmen\/2025-07-15\/peach-property-kapitalerhoehung-vollstaendig-gezeichnet\/","title":{"rendered":"Peach Property : augmentation de capital enti\u00e8rement souscrite"},"content":{"rendered":"<figure id=\"attachment_61431\" aria-describedby=\"caption-attachment-61431\" style=\"width: 389px\" class=\"wp-caption alignnone\"><a href=\"https:\/\/www.immobilienbusiness.ch\/wp-content\/uploads\/2024\/11\/Gerald-Klinck.png\"><img loading=\"lazy\" decoding=\"async\" class=\"size-full wp-image-61431\" src=\"https:\/\/www.immobilienbusiness.ch\/wp-content\/uploads\/2024\/11\/Gerald-Klinck.png\" alt=\"\" width=\"389\" height=\"338\" srcset=\"https:\/\/www.immobilienbusiness.ch\/wp-content\/uploads\/2024\/11\/Gerald-Klinck.png 389w, https:\/\/www.immobilienbusiness.ch\/wp-content\/uploads\/2024\/11\/Gerald-Klinck-300x261.png 300w, https:\/\/www.immobilienbusiness.ch\/wp-content\/uploads\/2024\/11\/Gerald-Klinck-14x12.png 14w, https:\/\/www.immobilienbusiness.ch\/wp-content\/uploads\/2024\/11\/Gerald-Klinck-345x300.png 345w\" sizes=\"auto, (max-width: 389px) 100vw, 389px\" \/><\/a><figcaption id=\"caption-attachment-61431\" class=\"wp-caption-text\">CEO Gerald Klinck (photo : Peach Property)<\/figcaption><\/figure>\n<p>Peach Property Group AG, dont le si\u00e8ge est \u00e0 Zurich, a conclu une augmentation de capital d'un montant de 50 millions de CHF. Toutes les nouvelles actions nominatives \u00e9mises dans un rapport de souscription de 32:7 ont \u00e9t\u00e9 souscrites, indique l'entreprise. La soci\u00e9t\u00e9, qui se concentre sur l'immobilier r\u00e9sidentiel allemand, veut utiliser le capital pour rembourser un emprunt convertible de 50 millions de CHF, \u00e9mis \u00e0 3,00 % et arrivant \u00e0 \u00e9ch\u00e9ance en mai 2026. En outre, Peach annonce que le financement d'un solde de 173 millions d'euros de l'emprunt d'entreprise (4,375 %) arrivant \u00e0 \u00e9ch\u00e9ance en novembre 2025 se d\u00e9roule comme pr\u00e9vu. Apr\u00e8s l'utilisation d'une facilit\u00e9 de cr\u00e9dit conclue en juin 2025, il reste moins de 100 millions d'euros, est-il pr\u00e9cis\u00e9 : \"A cet effet, Peach Property Group se trouve d\u00e9j\u00e0 en discussions tr\u00e8s prometteuses avec un partenaire financier\", indique un communiqu\u00e9. \"Avec l'afflux de fonds issus de l'augmentation de capital, nous gagnons une marge de man\u0153uvre financi\u00e8re d\u00e9cisive\", d\u00e9clare le CEO Gerald Klinck.<\/p>\n<p>Peach Property Group s'est retrouv\u00e9 dans une situation difficile suite \u00e0 des pertes d'\u00e9valuation \u00e9lev\u00e9es de son portefeuille de logements allemands et a d\u00fb monnayer une partie de son portefeuille. <a href=\"https:\/\/www.immobilienbusiness.ch\/fr\/unternehmen\/2024-11-19\/peach-property-verkauft-in-deutschland-deutlich-unter-buchwert\/\" target=\"_blank\" rel=\"noopener\">(IB a rapport\u00e9)<\/a>.<em> (aw)<\/em><\/p>","protected":false},"excerpt":{"rendered":"<p>Gr\u00e2ce \u00e0 l'apport de 50 millions de francs, la soci\u00e9t\u00e9 sp\u00e9cialis\u00e9e dans les logements allemands gagne une \"marge de man\u0153uvre financi\u00e8re d\u00e9cisive\", d\u00e9clare le CEO.<\/p>","protected":false},"author":102,"featured_media":61431,"comment_status":"closed","ping_status":"closed","sticky":false,"template":"","format":"standard","meta":{"_acf_changed":false,"_yoast_wpseo_focuskw":"Peach","_yoast_wpseo_title":"","_yoast_wpseo_metadesc":"Durch die zugeflossenen 50 Millionen Franken gewinne die auf deutsche Wohnungen spezialisierte Gesellschaft \u00abentscheidenden finanziellen Spielraum\u00bb, sagt der CEO.","_yoast_wpseo_linkdex":63,"pgc_sgb_lightbox_settings":"","footnotes":""},"categories":[988],"tags":[1052,1222,1412,1558,2109],"class_list":["post-64549","post","type-post","status-publish","format-standard","has-post-thumbnail","hentry","category-unternehmen","tag-ausland","tag-finanzierung","tag-kapitalerhoehung","tag-peach-property","tag-wohnungen"],"acf":[],"yoast_head":"<!-- This site is optimized with the Yoast SEO plugin v27.4 - https:\/\/yoast.com\/product\/yoast-seo-wordpress\/ -->\n<title>Peach Property: Kapitalerh\u00f6hung vollst\u00e4ndig gezeichnet - IMMOBILIEN Business<\/title>\n<meta name=\"description\" content=\"Durch die zugeflossenen 50 Millionen Franken gewinne die auf deutsche Wohnungen spezialisierte Gesellschaft \u00abentscheidenden finanziellen Spielraum\u00bb, sagt der CEO.\" \/>\n<meta name=\"robots\" content=\"index, follow, max-snippet:-1, max-image-preview:large, max-video-preview:-1\" \/>\n<link rel=\"canonical\" href=\"https:\/\/www.immobilienbusiness.ch\/fr\/unternehmen\/2025-07-15\/peach-property-kapitalerhoehung-vollstaendig-gezeichnet\/\" \/>\n<meta property=\"og:locale\" content=\"fr_FR\" \/>\n<meta property=\"og:type\" content=\"article\" \/>\n<meta property=\"og:title\" content=\"Peach Property: Kapitalerh\u00f6hung vollst\u00e4ndig gezeichnet - IMMOBILIEN Business\" \/>\n<meta property=\"og:description\" content=\"Durch die zugeflossenen 50 Millionen Franken gewinne die auf deutsche Wohnungen spezialisierte Gesellschaft \u00abentscheidenden finanziellen Spielraum\u00bb, sagt der CEO.\" \/>\n<meta property=\"og:url\" content=\"https:\/\/www.immobilienbusiness.ch\/fr\/unternehmen\/2025-07-15\/peach-property-kapitalerhoehung-vollstaendig-gezeichnet\/\" \/>\n<meta property=\"og:site_name\" content=\"IMMOBILIEN Business\" \/>\n<meta property=\"article:publisher\" content=\"https:\/\/www.facebook.com\/immobilienbusiness\/\" \/>\n<meta property=\"article:published_time\" content=\"2025-07-15T04:23:39+00:00\" \/>\n<meta property=\"article:modified_time\" content=\"2025-07-17T10:27:52+00:00\" \/>\n<meta property=\"og:image\" content=\"https:\/\/www.immobilienbusiness.ch\/wp-content\/uploads\/2024\/11\/Gerald-Klinck.png\" \/>\n\t<meta property=\"og:image:width\" content=\"389\" \/>\n\t<meta property=\"og:image:height\" content=\"338\" \/>\n\t<meta property=\"og:image:type\" content=\"image\/png\" \/>\n<meta name=\"author\" content=\"Alexander Wachter\" \/>\n<meta name=\"twitter:card\" content=\"summary_large_image\" \/>\n<script type=\"application\/ld+json\" class=\"yoast-schema-graph\">{\"@context\":\"https:\\\/\\\/schema.org\",\"@graph\":[{\"@type\":\"Article\",\"@id\":\"https:\\\/\\\/www.immobilienbusiness.ch\\\/de\\\/unternehmen\\\/2025-07-15\\\/peach-property-kapitalerhoehung-vollstaendig-gezeichnet\\\/#article\",\"isPartOf\":{\"@id\":\"https:\\\/\\\/www.immobilienbusiness.ch\\\/de\\\/unternehmen\\\/2025-07-15\\\/peach-property-kapitalerhoehung-vollstaendig-gezeichnet\\\/\"},\"author\":{\"name\":\"Alexander Wachter\",\"@id\":\"https:\\\/\\\/www.immobilienbusiness.ch\\\/#\\\/schema\\\/person\\\/aba8bea2db926aa0c24c08c43fe1fcd5\"},\"headline\":\"Peach Property: Kapitalerh\u00f6hung vollst\u00e4ndig gezeichnet\",\"datePublished\":\"2025-07-15T04:23:39+00:00\",\"dateModified\":\"2025-07-17T10:27:52+00:00\",\"mainEntityOfPage\":{\"@id\":\"https:\\\/\\\/www.immobilienbusiness.ch\\\/de\\\/unternehmen\\\/2025-07-15\\\/peach-property-kapitalerhoehung-vollstaendig-gezeichnet\\\/\"},\"wordCount\":186,\"publisher\":{\"@id\":\"https:\\\/\\\/www.immobilienbusiness.ch\\\/#organization\"},\"image\":{\"@id\":\"https:\\\/\\\/www.immobilienbusiness.ch\\\/de\\\/unternehmen\\\/2025-07-15\\\/peach-property-kapitalerhoehung-vollstaendig-gezeichnet\\\/#primaryimage\"},\"thumbnailUrl\":\"https:\\\/\\\/www.immobilienbusiness.ch\\\/wp-content\\\/uploads\\\/2024\\\/11\\\/Gerald-Klinck.png\",\"keywords\":[\"Ausland\",\"Finanzierung\",\"Kapitalerh\u00f6hung\",\"Peach Property\",\"Wohnungen\"],\"articleSection\":[\"UNTERNEHMEN\"],\"inLanguage\":\"fr-FR\"},{\"@type\":\"WebPage\",\"@id\":\"https:\\\/\\\/www.immobilienbusiness.ch\\\/de\\\/unternehmen\\\/2025-07-15\\\/peach-property-kapitalerhoehung-vollstaendig-gezeichnet\\\/\",\"url\":\"https:\\\/\\\/www.immobilienbusiness.ch\\\/de\\\/unternehmen\\\/2025-07-15\\\/peach-property-kapitalerhoehung-vollstaendig-gezeichnet\\\/\",\"name\":\"Peach Property: Kapitalerh\u00f6hung vollst\u00e4ndig gezeichnet - IMMOBILIEN Business\",\"isPartOf\":{\"@id\":\"https:\\\/\\\/www.immobilienbusiness.ch\\\/#website\"},\"primaryImageOfPage\":{\"@id\":\"https:\\\/\\\/www.immobilienbusiness.ch\\\/de\\\/unternehmen\\\/2025-07-15\\\/peach-property-kapitalerhoehung-vollstaendig-gezeichnet\\\/#primaryimage\"},\"image\":{\"@id\":\"https:\\\/\\\/www.immobilienbusiness.ch\\\/de\\\/unternehmen\\\/2025-07-15\\\/peach-property-kapitalerhoehung-vollstaendig-gezeichnet\\\/#primaryimage\"},\"thumbnailUrl\":\"https:\\\/\\\/www.immobilienbusiness.ch\\\/wp-content\\\/uploads\\\/2024\\\/11\\\/Gerald-Klinck.png\",\"datePublished\":\"2025-07-15T04:23:39+00:00\",\"dateModified\":\"2025-07-17T10:27:52+00:00\",\"description\":\"Durch die zugeflossenen 50 Millionen Franken gewinne die auf deutsche Wohnungen spezialisierte Gesellschaft \u00abentscheidenden finanziellen Spielraum\u00bb, sagt der CEO.\",\"breadcrumb\":{\"@id\":\"https:\\\/\\\/www.immobilienbusiness.ch\\\/de\\\/unternehmen\\\/2025-07-15\\\/peach-property-kapitalerhoehung-vollstaendig-gezeichnet\\\/#breadcrumb\"},\"inLanguage\":\"fr-FR\",\"potentialAction\":[{\"@type\":\"ReadAction\",\"target\":[\"https:\\\/\\\/www.immobilienbusiness.ch\\\/de\\\/unternehmen\\\/2025-07-15\\\/peach-property-kapitalerhoehung-vollstaendig-gezeichnet\\\/\"]}]},{\"@type\":\"ImageObject\",\"inLanguage\":\"fr-FR\",\"@id\":\"https:\\\/\\\/www.immobilienbusiness.ch\\\/de\\\/unternehmen\\\/2025-07-15\\\/peach-property-kapitalerhoehung-vollstaendig-gezeichnet\\\/#primaryimage\",\"url\":\"https:\\\/\\\/www.immobilienbusiness.ch\\\/wp-content\\\/uploads\\\/2024\\\/11\\\/Gerald-Klinck.png\",\"contentUrl\":\"https:\\\/\\\/www.immobilienbusiness.ch\\\/wp-content\\\/uploads\\\/2024\\\/11\\\/Gerald-Klinck.png\",\"width\":389,\"height\":338,\"caption\":\"CEO Gerald Klinck (Bild: Peach Property)\"},{\"@type\":\"BreadcrumbList\",\"@id\":\"https:\\\/\\\/www.immobilienbusiness.ch\\\/de\\\/unternehmen\\\/2025-07-15\\\/peach-property-kapitalerhoehung-vollstaendig-gezeichnet\\\/#breadcrumb\",\"itemListElement\":[{\"@type\":\"ListItem\",\"position\":1,\"name\":\"Home\",\"item\":\"https:\\\/\\\/www.immobilienbusiness.ch\\\/\"},{\"@type\":\"ListItem\",\"position\":2,\"name\":\"Peach Property: Kapitalerh\u00f6hung vollst\u00e4ndig gezeichnet\"}]},{\"@type\":\"WebSite\",\"@id\":\"https:\\\/\\\/www.immobilienbusiness.ch\\\/#website\",\"url\":\"https:\\\/\\\/www.immobilienbusiness.ch\\\/\",\"name\":\"IMMOBILIEN Business\",\"description\":\"Unabh\u00e4ngiges Schweizer Wirtschaftsmagazin mit Fokus auf Immobilien, Architektur- und Bau sowie Investment- und Finanzierung.\",\"publisher\":{\"@id\":\"https:\\\/\\\/www.immobilienbusiness.ch\\\/#organization\"},\"potentialAction\":[{\"@type\":\"SearchAction\",\"target\":{\"@type\":\"EntryPoint\",\"urlTemplate\":\"https:\\\/\\\/www.immobilienbusiness.ch\\\/?s={search_term_string}\"},\"query-input\":{\"@type\":\"PropertyValueSpecification\",\"valueRequired\":true,\"valueName\":\"search_term_string\"}}],\"inLanguage\":\"fr-FR\"},{\"@type\":\"Organization\",\"@id\":\"https:\\\/\\\/www.immobilienbusiness.ch\\\/#organization\",\"name\":\"IMMOBILIEN Business\",\"url\":\"https:\\\/\\\/www.immobilienbusiness.ch\\\/\",\"logo\":{\"@type\":\"ImageObject\",\"inLanguage\":\"fr-FR\",\"@id\":\"https:\\\/\\\/www.immobilienbusiness.ch\\\/#\\\/schema\\\/logo\\\/image\\\/\",\"url\":\"https:\\\/\\\/www.immobilienbusiness.ch\\\/wp-content\\\/uploads\\\/2021\\\/07\\\/logo_ib.png\",\"contentUrl\":\"https:\\\/\\\/www.immobilienbusiness.ch\\\/wp-content\\\/uploads\\\/2021\\\/07\\\/logo_ib.png\",\"width\":800,\"height\":181,\"caption\":\"IMMOBILIEN Business\"},\"image\":{\"@id\":\"https:\\\/\\\/www.immobilienbusiness.ch\\\/#\\\/schema\\\/logo\\\/image\\\/\"},\"sameAs\":[\"https:\\\/\\\/www.facebook.com\\\/immobilienbusiness\\\/\"]},{\"@type\":\"Person\",\"@id\":\"https:\\\/\\\/www.immobilienbusiness.ch\\\/#\\\/schema\\\/person\\\/aba8bea2db926aa0c24c08c43fe1fcd5\",\"name\":\"Alexander Wachter\",\"image\":{\"@type\":\"ImageObject\",\"inLanguage\":\"fr-FR\",\"@id\":\"https:\\\/\\\/secure.gravatar.com\\\/avatar\\\/1a09e471f5389b0e0a6416eac287e0927c7c97a7b77f9e787eba3af7aee281dd?s=96&d=mm&r=g\",\"url\":\"https:\\\/\\\/secure.gravatar.com\\\/avatar\\\/1a09e471f5389b0e0a6416eac287e0927c7c97a7b77f9e787eba3af7aee281dd?s=96&d=mm&r=g\",\"contentUrl\":\"https:\\\/\\\/secure.gravatar.com\\\/avatar\\\/1a09e471f5389b0e0a6416eac287e0927c7c97a7b77f9e787eba3af7aee281dd?s=96&d=mm&r=g\",\"caption\":\"Alexander Wachter\"},\"url\":\"https:\\\/\\\/www.immobilienbusiness.ch\\\/fr\\\/author\\\/alexander-wachter\\\/\"}]}<\/script>\n<!-- \/ Yoast SEO plugin. -->","yoast_head_json":{"title":"Peach Property: Kapitalerh\u00f6hung vollst\u00e4ndig gezeichnet - IMMOBILIEN Business","description":"Gr\u00e2ce \u00e0 l'apport de 50 millions de francs, la soci\u00e9t\u00e9 sp\u00e9cialis\u00e9e dans les logements allemands gagne une \"marge de man\u0153uvre financi\u00e8re d\u00e9cisive\", d\u00e9clare le CEO.","robots":{"index":"index","follow":"follow","max-snippet":"max-snippet:-1","max-image-preview":"max-image-preview:large","max-video-preview":"max-video-preview:-1"},"canonical":"https:\/\/www.immobilienbusiness.ch\/fr\/unternehmen\/2025-07-15\/peach-property-kapitalerhoehung-vollstaendig-gezeichnet\/","og_locale":"fr_FR","og_type":"article","og_title":"Peach Property: Kapitalerh\u00f6hung vollst\u00e4ndig gezeichnet - IMMOBILIEN Business","og_description":"Durch die zugeflossenen 50 Millionen Franken gewinne die auf deutsche Wohnungen spezialisierte Gesellschaft \u00abentscheidenden finanziellen Spielraum\u00bb, sagt der CEO.","og_url":"https:\/\/www.immobilienbusiness.ch\/fr\/unternehmen\/2025-07-15\/peach-property-kapitalerhoehung-vollstaendig-gezeichnet\/","og_site_name":"IMMOBILIEN Business","article_publisher":"https:\/\/www.facebook.com\/immobilienbusiness\/","article_published_time":"2025-07-15T04:23:39+00:00","article_modified_time":"2025-07-17T10:27:52+00:00","og_image":[{"width":389,"height":338,"url":"https:\/\/www.immobilienbusiness.ch\/wp-content\/uploads\/2024\/11\/Gerald-Klinck.png","type":"image\/png"}],"author":"Alexander Wachter","twitter_card":"summary_large_image","schema":{"@context":"https:\/\/schema.org","@graph":[{"@type":"Article","@id":"https:\/\/www.immobilienbusiness.ch\/de\/unternehmen\/2025-07-15\/peach-property-kapitalerhoehung-vollstaendig-gezeichnet\/#article","isPartOf":{"@id":"https:\/\/www.immobilienbusiness.ch\/de\/unternehmen\/2025-07-15\/peach-property-kapitalerhoehung-vollstaendig-gezeichnet\/"},"author":{"name":"Alexander Wachter","@id":"https:\/\/www.immobilienbusiness.ch\/#\/schema\/person\/aba8bea2db926aa0c24c08c43fe1fcd5"},"headline":"Peach Property: Kapitalerh\u00f6hung vollst\u00e4ndig gezeichnet","datePublished":"2025-07-15T04:23:39+00:00","dateModified":"2025-07-17T10:27:52+00:00","mainEntityOfPage":{"@id":"https:\/\/www.immobilienbusiness.ch\/de\/unternehmen\/2025-07-15\/peach-property-kapitalerhoehung-vollstaendig-gezeichnet\/"},"wordCount":186,"publisher":{"@id":"https:\/\/www.immobilienbusiness.ch\/#organization"},"image":{"@id":"https:\/\/www.immobilienbusiness.ch\/de\/unternehmen\/2025-07-15\/peach-property-kapitalerhoehung-vollstaendig-gezeichnet\/#primaryimage"},"thumbnailUrl":"https:\/\/www.immobilienbusiness.ch\/wp-content\/uploads\/2024\/11\/Gerald-Klinck.png","keywords":["Ausland","Finanzierung","Kapitalerh\u00f6hung","Peach Property","Wohnungen"],"articleSection":["UNTERNEHMEN"],"inLanguage":"fr-FR"},{"@type":"WebPage","@id":"https:\/\/www.immobilienbusiness.ch\/de\/unternehmen\/2025-07-15\/peach-property-kapitalerhoehung-vollstaendig-gezeichnet\/","url":"https:\/\/www.immobilienbusiness.ch\/de\/unternehmen\/2025-07-15\/peach-property-kapitalerhoehung-vollstaendig-gezeichnet\/","name":"Peach Property: Kapitalerh\u00f6hung vollst\u00e4ndig gezeichnet - IMMOBILIEN Business","isPartOf":{"@id":"https:\/\/www.immobilienbusiness.ch\/#website"},"primaryImageOfPage":{"@id":"https:\/\/www.immobilienbusiness.ch\/de\/unternehmen\/2025-07-15\/peach-property-kapitalerhoehung-vollstaendig-gezeichnet\/#primaryimage"},"image":{"@id":"https:\/\/www.immobilienbusiness.ch\/de\/unternehmen\/2025-07-15\/peach-property-kapitalerhoehung-vollstaendig-gezeichnet\/#primaryimage"},"thumbnailUrl":"https:\/\/www.immobilienbusiness.ch\/wp-content\/uploads\/2024\/11\/Gerald-Klinck.png","datePublished":"2025-07-15T04:23:39+00:00","dateModified":"2025-07-17T10:27:52+00:00","description":"Gr\u00e2ce \u00e0 l'apport de 50 millions de francs, la soci\u00e9t\u00e9 sp\u00e9cialis\u00e9e dans les logements allemands gagne une \"marge de man\u0153uvre financi\u00e8re d\u00e9cisive\", d\u00e9clare le CEO.","breadcrumb":{"@id":"https:\/\/www.immobilienbusiness.ch\/de\/unternehmen\/2025-07-15\/peach-property-kapitalerhoehung-vollstaendig-gezeichnet\/#breadcrumb"},"inLanguage":"fr-FR","potentialAction":[{"@type":"ReadAction","target":["https:\/\/www.immobilienbusiness.ch\/de\/unternehmen\/2025-07-15\/peach-property-kapitalerhoehung-vollstaendig-gezeichnet\/"]}]},{"@type":"ImageObject","inLanguage":"fr-FR","@id":"https:\/\/www.immobilienbusiness.ch\/de\/unternehmen\/2025-07-15\/peach-property-kapitalerhoehung-vollstaendig-gezeichnet\/#primaryimage","url":"https:\/\/www.immobilienbusiness.ch\/wp-content\/uploads\/2024\/11\/Gerald-Klinck.png","contentUrl":"https:\/\/www.immobilienbusiness.ch\/wp-content\/uploads\/2024\/11\/Gerald-Klinck.png","width":389,"height":338,"caption":"CEO Gerald Klinck (Bild: Peach Property)"},{"@type":"BreadcrumbList","@id":"https:\/\/www.immobilienbusiness.ch\/de\/unternehmen\/2025-07-15\/peach-property-kapitalerhoehung-vollstaendig-gezeichnet\/#breadcrumb","itemListElement":[{"@type":"ListItem","position":1,"name":"Home","item":"https:\/\/www.immobilienbusiness.ch\/"},{"@type":"ListItem","position":2,"name":"Peach Property: Kapitalerh\u00f6hung vollst\u00e4ndig gezeichnet"}]},{"@type":"WebSite","@id":"https:\/\/www.immobilienbusiness.ch\/#website","url":"https:\/\/www.immobilienbusiness.ch\/","name":"IMMOBILIER Business","description":"Magazine \u00e9conomique suisse ind\u00e9pendant ax\u00e9 sur l'immobilier, l'architecture et la construction ainsi que sur les investissements et le financement.","publisher":{"@id":"https:\/\/www.immobilienbusiness.ch\/#organization"},"potentialAction":[{"@type":"SearchAction","target":{"@type":"EntryPoint","urlTemplate":"https:\/\/www.immobilienbusiness.ch\/?s={search_term_string}"},"query-input":{"@type":"PropertyValueSpecification","valueRequired":true,"valueName":"search_term_string"}}],"inLanguage":"fr-FR"},{"@type":"Organization","@id":"https:\/\/www.immobilienbusiness.ch\/#organization","name":"IMMOBILIER Business","url":"https:\/\/www.immobilienbusiness.ch\/","logo":{"@type":"ImageObject","inLanguage":"fr-FR","@id":"https:\/\/www.immobilienbusiness.ch\/#\/schema\/logo\/image\/","url":"https:\/\/www.immobilienbusiness.ch\/wp-content\/uploads\/2021\/07\/logo_ib.png","contentUrl":"https:\/\/www.immobilienbusiness.ch\/wp-content\/uploads\/2021\/07\/logo_ib.png","width":800,"height":181,"caption":"IMMOBILIEN Business"},"image":{"@id":"https:\/\/www.immobilienbusiness.ch\/#\/schema\/logo\/image\/"},"sameAs":["https:\/\/www.facebook.com\/immobilienbusiness\/"]},{"@type":"Person","@id":"https:\/\/www.immobilienbusiness.ch\/#\/schema\/person\/aba8bea2db926aa0c24c08c43fe1fcd5","name":"Alexander Wachter","image":{"@type":"ImageObject","inLanguage":"fr-FR","@id":"https:\/\/secure.gravatar.com\/avatar\/1a09e471f5389b0e0a6416eac287e0927c7c97a7b77f9e787eba3af7aee281dd?s=96&d=mm&r=g","url":"https:\/\/secure.gravatar.com\/avatar\/1a09e471f5389b0e0a6416eac287e0927c7c97a7b77f9e787eba3af7aee281dd?s=96&d=mm&r=g","contentUrl":"https:\/\/secure.gravatar.com\/avatar\/1a09e471f5389b0e0a6416eac287e0927c7c97a7b77f9e787eba3af7aee281dd?s=96&d=mm&r=g","caption":"Alexander Wachter"},"url":"https:\/\/www.immobilienbusiness.ch\/fr\/author\/alexander-wachter\/"}]}},"_links":{"self":[{"href":"https:\/\/www.immobilienbusiness.ch\/fr\/wp-json\/wp\/v2\/posts\/64549","targetHints":{"allow":["GET"]}}],"collection":[{"href":"https:\/\/www.immobilienbusiness.ch\/fr\/wp-json\/wp\/v2\/posts"}],"about":[{"href":"https:\/\/www.immobilienbusiness.ch\/fr\/wp-json\/wp\/v2\/types\/post"}],"author":[{"embeddable":true,"href":"https:\/\/www.immobilienbusiness.ch\/fr\/wp-json\/wp\/v2\/users\/102"}],"replies":[{"embeddable":true,"href":"https:\/\/www.immobilienbusiness.ch\/fr\/wp-json\/wp\/v2\/comments?post=64549"}],"version-history":[{"count":4,"href":"https:\/\/www.immobilienbusiness.ch\/fr\/wp-json\/wp\/v2\/posts\/64549\/revisions"}],"predecessor-version":[{"id":64629,"href":"https:\/\/www.immobilienbusiness.ch\/fr\/wp-json\/wp\/v2\/posts\/64549\/revisions\/64629"}],"wp:featuredmedia":[{"embeddable":true,"href":"https:\/\/www.immobilienbusiness.ch\/fr\/wp-json\/wp\/v2\/media\/61431"}],"wp:attachment":[{"href":"https:\/\/www.immobilienbusiness.ch\/fr\/wp-json\/wp\/v2\/media?parent=64549"}],"wp:term":[{"taxonomy":"category","embeddable":true,"href":"https:\/\/www.immobilienbusiness.ch\/fr\/wp-json\/wp\/v2\/categories?post=64549"},{"taxonomy":"post_tag","embeddable":true,"href":"https:\/\/www.immobilienbusiness.ch\/fr\/wp-json\/wp\/v2\/tags?post=64549"}],"curies":[{"name":"wp","href":"https:\/\/api.w.org\/{rel}","templated":true}]}}