{"id":64542,"date":"2025-07-14T08:07:45","date_gmt":"2025-07-14T06:07:45","guid":{"rendered":"https:\/\/www.immobilienbusiness.ch\/?p=64542"},"modified":"2025-07-17T12:36:55","modified_gmt":"2025-07-17T10:36:55","slug":"pom-will-mit-neuem-investor-wachsen","status":"publish","type":"post","link":"https:\/\/www.immobilienbusiness.ch\/fr\/unternehmen\/2025-07-14\/pom-will-mit-neuem-investor-wachsen\/","title":{"rendered":"Pom+ veut se d\u00e9velopper avec un nouvel investisseur"},"content":{"rendered":"<figure id=\"attachment_64543\" aria-describedby=\"caption-attachment-64543\" style=\"width: 598px\" class=\"wp-caption alignnone\"><a href=\"https:\/\/www.immobilienbusiness.ch\/wp-content\/uploads\/2025\/07\/Pom-Partner.png\"><img loading=\"lazy\" decoding=\"async\" class=\"size-full wp-image-64543\" src=\"https:\/\/www.immobilienbusiness.ch\/wp-content\/uploads\/2025\/07\/Pom-Partner.png\" alt=\"\" width=\"598\" height=\"337\" srcset=\"https:\/\/www.immobilienbusiness.ch\/wp-content\/uploads\/2025\/07\/Pom-Partner.png 598w, https:\/\/www.immobilienbusiness.ch\/wp-content\/uploads\/2025\/07\/Pom-Partner-300x169.png 300w, https:\/\/www.immobilienbusiness.ch\/wp-content\/uploads\/2025\/07\/Pom-Partner-18x10.png 18w, https:\/\/www.immobilienbusiness.ch\/wp-content\/uploads\/2025\/07\/Pom-Partner-375x211.png 375w\" sizes=\"auto, (max-width: 598px) 100vw, 598px\" \/><\/a><figcaption id=\"caption-attachment-64543\" class=\"wp-caption-text\">Les partenaires de Pom+ avec le fondateur Peter Staub (2e en partant de la gauche, en bas) (photo : zVg)<\/figcaption><\/figure>\n<p>La soci\u00e9t\u00e9 Pom+ Group AG annonce l'entr\u00e9e au capital de la soci\u00e9t\u00e9 de participation White Peaks Capital. \"Cette participation marque le d\u00e9but d'une nouvelle phase de croissance pour Pom+, avec pour objectif de d\u00e9velopper de mani\u00e8re cibl\u00e9e sa pr\u00e9sence sur le march\u00e9 en Suisse et \u00e0 l'international dans le domaine de la num\u00e9risation et de la durabilit\u00e9 dans le secteur immobilier\", \u00e9crit le prestataire de services immobiliers dans un communiqu\u00e9. \"En tant qu'investisseur entrepreneurial sp\u00e9cialis\u00e9 dans les PME, White Peaks est le partenaire id\u00e9al pour nous\", d\u00e9clare Peter Staub, fondateur et pr\u00e9sident du conseil d'administration de Pom+. Selon les informations fournies, tous les partenaires restent investis, ils continuent \u00e0 g\u00e9rer l'entreprise sur le plan op\u00e9rationnel.<\/p>\n<p>Outre un capital \u00e0 long terme, White Peaks apporte \u00e9galement son savoir-faire. Il est maintenant pr\u00e9vu de d\u00e9velopper les domaines de la num\u00e9risation, de l'intelligence artificielle et de la durabilit\u00e9. Sur le plan strat\u00e9gique, l'accent est mis sur l'internationalisation, en partant de l'Allemagne, o\u00f9 Pom+ est d\u00e9j\u00e0 active. Du point de vue du contenu, il s'agit en priorit\u00e9 de d\u00e9velopper et de commercialiser ses propres produits num\u00e9riques et d'automatiser les processus clients gr\u00e2ce \u00e0 l'utilisation d'\"Agentic AI\". Il est \u00e9galement pr\u00e9vu d'\u00e9largir l'\u00e9quipe et de poursuivre des acquisitions strat\u00e9giques.<\/p>\n<h3>Derri\u00e8re l'investisseur se trouve la famille Jacobs<\/h3>\n<p>Le si\u00e8ge de White Peaks se trouve \u00e0 Zurich. Selon le journal \u00e9conomique allemand \"Handelsblatt\", l'entreprise appartient \u00e0 la famille d'entrepreneurs Jacobs de Hambourg, qui a fait sa fortune initiale dans le commerce du caf\u00e9. La soci\u00e9t\u00e9 de participation a pris la majorit\u00e9 des parts de Pom+, rapporte le journal. <em>(aw)<\/em><\/p>","protected":false},"excerpt":{"rendered":"<p>Par le biais de la soci\u00e9t\u00e9 de participation zurichoise White Peaks, une famille d'entrepreneurs allemands entre au capital du conseiller immobilier et, selon un rapport de presse, prend la majorit\u00e9 des parts.<\/p>","protected":false},"author":102,"featured_media":64543,"comment_status":"closed","ping_status":"closed","sticky":false,"template":"","format":"standard","meta":{"_acf_changed":false,"_yoast_wpseo_focuskw":"Pom+","_yoast_wpseo_title":"","_yoast_wpseo_metadesc":"Mit der Z\u00fcrcher Beteiligungsgesellschaft White Peaks steigt eine deutsche Unternehmerfamilie bei dem Immobilienberater ein und \u00fcbernimmt laut einem Medienbericht die Mehrheit der Anteile.","_yoast_wpseo_linkdex":70,"pgc_sgb_lightbox_settings":"","footnotes":""},"categories":[988],"tags":[1340,1580,4258],"class_list":["post-64542","post","type-post","status-publish","format-standard","has-post-thumbnail","hentry","category-unternehmen","tag-immobiliendienstleister","tag-pom","tag-white-peaks"],"acf":[],"yoast_head":"<!-- This site is optimized with the Yoast SEO plugin v27.4 - https:\/\/yoast.com\/product\/yoast-seo-wordpress\/ -->\n<title>Pom+ will mit neuem Investor wachsen - IMMOBILIEN Business<\/title>\n<meta name=\"description\" content=\"Mit der Z\u00fcrcher Beteiligungsgesellschaft White Peaks steigt eine deutsche Unternehmerfamilie bei dem Immobilienberater ein und \u00fcbernimmt laut einem Medienbericht die Mehrheit der Anteile.\" \/>\n<meta name=\"robots\" content=\"index, follow, max-snippet:-1, max-image-preview:large, max-video-preview:-1\" \/>\n<link rel=\"canonical\" href=\"https:\/\/www.immobilienbusiness.ch\/fr\/unternehmen\/2025-07-14\/pom-will-mit-neuem-investor-wachsen\/\" \/>\n<meta property=\"og:locale\" content=\"fr_FR\" \/>\n<meta property=\"og:type\" content=\"article\" \/>\n<meta property=\"og:title\" content=\"Pom+ will mit neuem Investor wachsen - IMMOBILIEN Business\" \/>\n<meta property=\"og:description\" content=\"Mit der Z\u00fcrcher Beteiligungsgesellschaft White Peaks steigt eine deutsche Unternehmerfamilie bei dem Immobilienberater ein und \u00fcbernimmt laut einem Medienbericht die Mehrheit der Anteile.\" \/>\n<meta property=\"og:url\" content=\"https:\/\/www.immobilienbusiness.ch\/fr\/unternehmen\/2025-07-14\/pom-will-mit-neuem-investor-wachsen\/\" \/>\n<meta property=\"og:site_name\" content=\"IMMOBILIEN Business\" \/>\n<meta property=\"article:publisher\" content=\"https:\/\/www.facebook.com\/immobilienbusiness\/\" \/>\n<meta property=\"article:published_time\" content=\"2025-07-14T06:07:45+00:00\" \/>\n<meta property=\"article:modified_time\" content=\"2025-07-17T10:36:55+00:00\" \/>\n<meta property=\"og:image\" content=\"https:\/\/www.immobilienbusiness.ch\/wp-content\/uploads\/2025\/07\/Pom-Partner.png\" \/>\n\t<meta property=\"og:image:width\" content=\"598\" \/>\n\t<meta property=\"og:image:height\" content=\"337\" \/>\n\t<meta property=\"og:image:type\" content=\"image\/png\" \/>\n<meta name=\"author\" content=\"Alexander Wachter\" \/>\n<meta name=\"twitter:card\" content=\"summary_large_image\" \/>\n<script type=\"application\/ld+json\" class=\"yoast-schema-graph\">{\"@context\":\"https:\\\/\\\/schema.org\",\"@graph\":[{\"@type\":\"Article\",\"@id\":\"https:\\\/\\\/www.immobilienbusiness.ch\\\/de\\\/unternehmen\\\/2025-07-14\\\/pom-will-mit-neuem-investor-wachsen\\\/#article\",\"isPartOf\":{\"@id\":\"https:\\\/\\\/www.immobilienbusiness.ch\\\/de\\\/unternehmen\\\/2025-07-14\\\/pom-will-mit-neuem-investor-wachsen\\\/\"},\"author\":{\"name\":\"Alexander Wachter\",\"@id\":\"https:\\\/\\\/www.immobilienbusiness.ch\\\/#\\\/schema\\\/person\\\/aba8bea2db926aa0c24c08c43fe1fcd5\"},\"headline\":\"Pom+ will mit neuem Investor wachsen\",\"datePublished\":\"2025-07-14T06:07:45+00:00\",\"dateModified\":\"2025-07-17T10:36:55+00:00\",\"mainEntityOfPage\":{\"@id\":\"https:\\\/\\\/www.immobilienbusiness.ch\\\/de\\\/unternehmen\\\/2025-07-14\\\/pom-will-mit-neuem-investor-wachsen\\\/\"},\"wordCount\":236,\"publisher\":{\"@id\":\"https:\\\/\\\/www.immobilienbusiness.ch\\\/#organization\"},\"image\":{\"@id\":\"https:\\\/\\\/www.immobilienbusiness.ch\\\/de\\\/unternehmen\\\/2025-07-14\\\/pom-will-mit-neuem-investor-wachsen\\\/#primaryimage\"},\"thumbnailUrl\":\"https:\\\/\\\/www.immobilienbusiness.ch\\\/wp-content\\\/uploads\\\/2025\\\/07\\\/Pom-Partner.png\",\"keywords\":[\"Immobiliendienstleister\",\"pom+\",\"White Peaks\"],\"articleSection\":[\"UNTERNEHMEN\"],\"inLanguage\":\"fr-FR\"},{\"@type\":\"WebPage\",\"@id\":\"https:\\\/\\\/www.immobilienbusiness.ch\\\/de\\\/unternehmen\\\/2025-07-14\\\/pom-will-mit-neuem-investor-wachsen\\\/\",\"url\":\"https:\\\/\\\/www.immobilienbusiness.ch\\\/de\\\/unternehmen\\\/2025-07-14\\\/pom-will-mit-neuem-investor-wachsen\\\/\",\"name\":\"Pom+ will mit neuem Investor wachsen - IMMOBILIEN Business\",\"isPartOf\":{\"@id\":\"https:\\\/\\\/www.immobilienbusiness.ch\\\/#website\"},\"primaryImageOfPage\":{\"@id\":\"https:\\\/\\\/www.immobilienbusiness.ch\\\/de\\\/unternehmen\\\/2025-07-14\\\/pom-will-mit-neuem-investor-wachsen\\\/#primaryimage\"},\"image\":{\"@id\":\"https:\\\/\\\/www.immobilienbusiness.ch\\\/de\\\/unternehmen\\\/2025-07-14\\\/pom-will-mit-neuem-investor-wachsen\\\/#primaryimage\"},\"thumbnailUrl\":\"https:\\\/\\\/www.immobilienbusiness.ch\\\/wp-content\\\/uploads\\\/2025\\\/07\\\/Pom-Partner.png\",\"datePublished\":\"2025-07-14T06:07:45+00:00\",\"dateModified\":\"2025-07-17T10:36:55+00:00\",\"description\":\"Mit der Z\u00fcrcher Beteiligungsgesellschaft White Peaks steigt eine deutsche Unternehmerfamilie bei dem Immobilienberater ein und \u00fcbernimmt laut einem Medienbericht die Mehrheit der Anteile.\",\"breadcrumb\":{\"@id\":\"https:\\\/\\\/www.immobilienbusiness.ch\\\/de\\\/unternehmen\\\/2025-07-14\\\/pom-will-mit-neuem-investor-wachsen\\\/#breadcrumb\"},\"inLanguage\":\"fr-FR\",\"potentialAction\":[{\"@type\":\"ReadAction\",\"target\":[\"https:\\\/\\\/www.immobilienbusiness.ch\\\/de\\\/unternehmen\\\/2025-07-14\\\/pom-will-mit-neuem-investor-wachsen\\\/\"]}]},{\"@type\":\"ImageObject\",\"inLanguage\":\"fr-FR\",\"@id\":\"https:\\\/\\\/www.immobilienbusiness.ch\\\/de\\\/unternehmen\\\/2025-07-14\\\/pom-will-mit-neuem-investor-wachsen\\\/#primaryimage\",\"url\":\"https:\\\/\\\/www.immobilienbusiness.ch\\\/wp-content\\\/uploads\\\/2025\\\/07\\\/Pom-Partner.png\",\"contentUrl\":\"https:\\\/\\\/www.immobilienbusiness.ch\\\/wp-content\\\/uploads\\\/2025\\\/07\\\/Pom-Partner.png\",\"width\":598,\"height\":337,\"caption\":\"Die Partner von Pom+ (Bild: \u00a9 zVg)\"},{\"@type\":\"BreadcrumbList\",\"@id\":\"https:\\\/\\\/www.immobilienbusiness.ch\\\/de\\\/unternehmen\\\/2025-07-14\\\/pom-will-mit-neuem-investor-wachsen\\\/#breadcrumb\",\"itemListElement\":[{\"@type\":\"ListItem\",\"position\":1,\"name\":\"Home\",\"item\":\"https:\\\/\\\/www.immobilienbusiness.ch\\\/\"},{\"@type\":\"ListItem\",\"position\":2,\"name\":\"Pom+ will mit neuem Investor wachsen\"}]},{\"@type\":\"WebSite\",\"@id\":\"https:\\\/\\\/www.immobilienbusiness.ch\\\/#website\",\"url\":\"https:\\\/\\\/www.immobilienbusiness.ch\\\/\",\"name\":\"IMMOBILIEN Business\",\"description\":\"Unabh\u00e4ngiges Schweizer Wirtschaftsmagazin mit Fokus auf Immobilien, Architektur- und Bau sowie Investment- und Finanzierung.\",\"publisher\":{\"@id\":\"https:\\\/\\\/www.immobilienbusiness.ch\\\/#organization\"},\"potentialAction\":[{\"@type\":\"SearchAction\",\"target\":{\"@type\":\"EntryPoint\",\"urlTemplate\":\"https:\\\/\\\/www.immobilienbusiness.ch\\\/?s={search_term_string}\"},\"query-input\":{\"@type\":\"PropertyValueSpecification\",\"valueRequired\":true,\"valueName\":\"search_term_string\"}}],\"inLanguage\":\"fr-FR\"},{\"@type\":\"Organization\",\"@id\":\"https:\\\/\\\/www.immobilienbusiness.ch\\\/#organization\",\"name\":\"IMMOBILIEN Business\",\"url\":\"https:\\\/\\\/www.immobilienbusiness.ch\\\/\",\"logo\":{\"@type\":\"ImageObject\",\"inLanguage\":\"fr-FR\",\"@id\":\"https:\\\/\\\/www.immobilienbusiness.ch\\\/#\\\/schema\\\/logo\\\/image\\\/\",\"url\":\"https:\\\/\\\/www.immobilienbusiness.ch\\\/wp-content\\\/uploads\\\/2021\\\/07\\\/logo_ib.png\",\"contentUrl\":\"https:\\\/\\\/www.immobilienbusiness.ch\\\/wp-content\\\/uploads\\\/2021\\\/07\\\/logo_ib.png\",\"width\":800,\"height\":181,\"caption\":\"IMMOBILIEN Business\"},\"image\":{\"@id\":\"https:\\\/\\\/www.immobilienbusiness.ch\\\/#\\\/schema\\\/logo\\\/image\\\/\"},\"sameAs\":[\"https:\\\/\\\/www.facebook.com\\\/immobilienbusiness\\\/\"]},{\"@type\":\"Person\",\"@id\":\"https:\\\/\\\/www.immobilienbusiness.ch\\\/#\\\/schema\\\/person\\\/aba8bea2db926aa0c24c08c43fe1fcd5\",\"name\":\"Alexander Wachter\",\"image\":{\"@type\":\"ImageObject\",\"inLanguage\":\"fr-FR\",\"@id\":\"https:\\\/\\\/secure.gravatar.com\\\/avatar\\\/1a09e471f5389b0e0a6416eac287e0927c7c97a7b77f9e787eba3af7aee281dd?s=96&d=mm&r=g\",\"url\":\"https:\\\/\\\/secure.gravatar.com\\\/avatar\\\/1a09e471f5389b0e0a6416eac287e0927c7c97a7b77f9e787eba3af7aee281dd?s=96&d=mm&r=g\",\"contentUrl\":\"https:\\\/\\\/secure.gravatar.com\\\/avatar\\\/1a09e471f5389b0e0a6416eac287e0927c7c97a7b77f9e787eba3af7aee281dd?s=96&d=mm&r=g\",\"caption\":\"Alexander Wachter\"},\"url\":\"https:\\\/\\\/www.immobilienbusiness.ch\\\/fr\\\/author\\\/alexander-wachter\\\/\"}]}<\/script>\n<!-- \/ Yoast SEO plugin. -->","yoast_head_json":{"title":"Pom+ veut se d\u00e9velopper avec un nouvel investisseur - IMMOBILIER Business","description":"Avec la soci\u00e9t\u00e9 de participation zurichoise White Peaks, c'est une famille d'entrepreneurs allemands qui entre au capital du conseiller immobilier et qui, selon un rapport de presse, prend la majorit\u00e9 des parts.","robots":{"index":"index","follow":"follow","max-snippet":"max-snippet:-1","max-image-preview":"max-image-preview:large","max-video-preview":"max-video-preview:-1"},"canonical":"https:\/\/www.immobilienbusiness.ch\/fr\/unternehmen\/2025-07-14\/pom-will-mit-neuem-investor-wachsen\/","og_locale":"fr_FR","og_type":"article","og_title":"Pom+ will mit neuem Investor wachsen - IMMOBILIEN Business","og_description":"Mit der Z\u00fcrcher Beteiligungsgesellschaft White Peaks steigt eine deutsche Unternehmerfamilie bei dem Immobilienberater ein und \u00fcbernimmt laut einem Medienbericht die Mehrheit der Anteile.","og_url":"https:\/\/www.immobilienbusiness.ch\/fr\/unternehmen\/2025-07-14\/pom-will-mit-neuem-investor-wachsen\/","og_site_name":"IMMOBILIEN Business","article_publisher":"https:\/\/www.facebook.com\/immobilienbusiness\/","article_published_time":"2025-07-14T06:07:45+00:00","article_modified_time":"2025-07-17T10:36:55+00:00","og_image":[{"width":598,"height":337,"url":"https:\/\/www.immobilienbusiness.ch\/wp-content\/uploads\/2025\/07\/Pom-Partner.png","type":"image\/png"}],"author":"Alexander Wachter","twitter_card":"summary_large_image","schema":{"@context":"https:\/\/schema.org","@graph":[{"@type":"Article","@id":"https:\/\/www.immobilienbusiness.ch\/de\/unternehmen\/2025-07-14\/pom-will-mit-neuem-investor-wachsen\/#article","isPartOf":{"@id":"https:\/\/www.immobilienbusiness.ch\/de\/unternehmen\/2025-07-14\/pom-will-mit-neuem-investor-wachsen\/"},"author":{"name":"Alexander Wachter","@id":"https:\/\/www.immobilienbusiness.ch\/#\/schema\/person\/aba8bea2db926aa0c24c08c43fe1fcd5"},"headline":"Pom+ will mit neuem Investor wachsen","datePublished":"2025-07-14T06:07:45+00:00","dateModified":"2025-07-17T10:36:55+00:00","mainEntityOfPage":{"@id":"https:\/\/www.immobilienbusiness.ch\/de\/unternehmen\/2025-07-14\/pom-will-mit-neuem-investor-wachsen\/"},"wordCount":236,"publisher":{"@id":"https:\/\/www.immobilienbusiness.ch\/#organization"},"image":{"@id":"https:\/\/www.immobilienbusiness.ch\/de\/unternehmen\/2025-07-14\/pom-will-mit-neuem-investor-wachsen\/#primaryimage"},"thumbnailUrl":"https:\/\/www.immobilienbusiness.ch\/wp-content\/uploads\/2025\/07\/Pom-Partner.png","keywords":["Immobiliendienstleister","pom+","White Peaks"],"articleSection":["UNTERNEHMEN"],"inLanguage":"fr-FR"},{"@type":"WebPage","@id":"https:\/\/www.immobilienbusiness.ch\/de\/unternehmen\/2025-07-14\/pom-will-mit-neuem-investor-wachsen\/","url":"https:\/\/www.immobilienbusiness.ch\/de\/unternehmen\/2025-07-14\/pom-will-mit-neuem-investor-wachsen\/","name":"Pom+ veut se d\u00e9velopper avec un nouvel investisseur - IMMOBILIER Business","isPartOf":{"@id":"https:\/\/www.immobilienbusiness.ch\/#website"},"primaryImageOfPage":{"@id":"https:\/\/www.immobilienbusiness.ch\/de\/unternehmen\/2025-07-14\/pom-will-mit-neuem-investor-wachsen\/#primaryimage"},"image":{"@id":"https:\/\/www.immobilienbusiness.ch\/de\/unternehmen\/2025-07-14\/pom-will-mit-neuem-investor-wachsen\/#primaryimage"},"thumbnailUrl":"https:\/\/www.immobilienbusiness.ch\/wp-content\/uploads\/2025\/07\/Pom-Partner.png","datePublished":"2025-07-14T06:07:45+00:00","dateModified":"2025-07-17T10:36:55+00:00","description":"Avec la soci\u00e9t\u00e9 de participation zurichoise White Peaks, c'est une famille d'entrepreneurs allemands qui entre au capital du conseiller immobilier et qui, selon un rapport de presse, prend la majorit\u00e9 des parts.","breadcrumb":{"@id":"https:\/\/www.immobilienbusiness.ch\/de\/unternehmen\/2025-07-14\/pom-will-mit-neuem-investor-wachsen\/#breadcrumb"},"inLanguage":"fr-FR","potentialAction":[{"@type":"ReadAction","target":["https:\/\/www.immobilienbusiness.ch\/de\/unternehmen\/2025-07-14\/pom-will-mit-neuem-investor-wachsen\/"]}]},{"@type":"ImageObject","inLanguage":"fr-FR","@id":"https:\/\/www.immobilienbusiness.ch\/de\/unternehmen\/2025-07-14\/pom-will-mit-neuem-investor-wachsen\/#primaryimage","url":"https:\/\/www.immobilienbusiness.ch\/wp-content\/uploads\/2025\/07\/Pom-Partner.png","contentUrl":"https:\/\/www.immobilienbusiness.ch\/wp-content\/uploads\/2025\/07\/Pom-Partner.png","width":598,"height":337,"caption":"Die Partner von Pom+ (Bild: \u00a9 zVg)"},{"@type":"BreadcrumbList","@id":"https:\/\/www.immobilienbusiness.ch\/de\/unternehmen\/2025-07-14\/pom-will-mit-neuem-investor-wachsen\/#breadcrumb","itemListElement":[{"@type":"ListItem","position":1,"name":"Home","item":"https:\/\/www.immobilienbusiness.ch\/"},{"@type":"ListItem","position":2,"name":"Pom+ will mit neuem Investor wachsen"}]},{"@type":"WebSite","@id":"https:\/\/www.immobilienbusiness.ch\/#website","url":"https:\/\/www.immobilienbusiness.ch\/","name":"IMMOBILIER Business","description":"Magazine \u00e9conomique suisse ind\u00e9pendant ax\u00e9 sur l'immobilier, l'architecture et la construction ainsi que sur les investissements et le financement.","publisher":{"@id":"https:\/\/www.immobilienbusiness.ch\/#organization"},"potentialAction":[{"@type":"SearchAction","target":{"@type":"EntryPoint","urlTemplate":"https:\/\/www.immobilienbusiness.ch\/?s={search_term_string}"},"query-input":{"@type":"PropertyValueSpecification","valueRequired":true,"valueName":"search_term_string"}}],"inLanguage":"fr-FR"},{"@type":"Organization","@id":"https:\/\/www.immobilienbusiness.ch\/#organization","name":"IMMOBILIER Business","url":"https:\/\/www.immobilienbusiness.ch\/","logo":{"@type":"ImageObject","inLanguage":"fr-FR","@id":"https:\/\/www.immobilienbusiness.ch\/#\/schema\/logo\/image\/","url":"https:\/\/www.immobilienbusiness.ch\/wp-content\/uploads\/2021\/07\/logo_ib.png","contentUrl":"https:\/\/www.immobilienbusiness.ch\/wp-content\/uploads\/2021\/07\/logo_ib.png","width":800,"height":181,"caption":"IMMOBILIEN Business"},"image":{"@id":"https:\/\/www.immobilienbusiness.ch\/#\/schema\/logo\/image\/"},"sameAs":["https:\/\/www.facebook.com\/immobilienbusiness\/"]},{"@type":"Person","@id":"https:\/\/www.immobilienbusiness.ch\/#\/schema\/person\/aba8bea2db926aa0c24c08c43fe1fcd5","name":"Alexander Wachter","image":{"@type":"ImageObject","inLanguage":"fr-FR","@id":"https:\/\/secure.gravatar.com\/avatar\/1a09e471f5389b0e0a6416eac287e0927c7c97a7b77f9e787eba3af7aee281dd?s=96&d=mm&r=g","url":"https:\/\/secure.gravatar.com\/avatar\/1a09e471f5389b0e0a6416eac287e0927c7c97a7b77f9e787eba3af7aee281dd?s=96&d=mm&r=g","contentUrl":"https:\/\/secure.gravatar.com\/avatar\/1a09e471f5389b0e0a6416eac287e0927c7c97a7b77f9e787eba3af7aee281dd?s=96&d=mm&r=g","caption":"Alexander Wachter"},"url":"https:\/\/www.immobilienbusiness.ch\/fr\/author\/alexander-wachter\/"}]}},"_links":{"self":[{"href":"https:\/\/www.immobilienbusiness.ch\/fr\/wp-json\/wp\/v2\/posts\/64542","targetHints":{"allow":["GET"]}}],"collection":[{"href":"https:\/\/www.immobilienbusiness.ch\/fr\/wp-json\/wp\/v2\/posts"}],"about":[{"href":"https:\/\/www.immobilienbusiness.ch\/fr\/wp-json\/wp\/v2\/types\/post"}],"author":[{"embeddable":true,"href":"https:\/\/www.immobilienbusiness.ch\/fr\/wp-json\/wp\/v2\/users\/102"}],"replies":[{"embeddable":true,"href":"https:\/\/www.immobilienbusiness.ch\/fr\/wp-json\/wp\/v2\/comments?post=64542"}],"version-history":[{"count":4,"href":"https:\/\/www.immobilienbusiness.ch\/fr\/wp-json\/wp\/v2\/posts\/64542\/revisions"}],"predecessor-version":[{"id":64634,"href":"https:\/\/www.immobilienbusiness.ch\/fr\/wp-json\/wp\/v2\/posts\/64542\/revisions\/64634"}],"wp:featuredmedia":[{"embeddable":true,"href":"https:\/\/www.immobilienbusiness.ch\/fr\/wp-json\/wp\/v2\/media\/64543"}],"wp:attachment":[{"href":"https:\/\/www.immobilienbusiness.ch\/fr\/wp-json\/wp\/v2\/media?parent=64542"}],"wp:term":[{"taxonomy":"category","embeddable":true,"href":"https:\/\/www.immobilienbusiness.ch\/fr\/wp-json\/wp\/v2\/categories?post=64542"},{"taxonomy":"post_tag","embeddable":true,"href":"https:\/\/www.immobilienbusiness.ch\/fr\/wp-json\/wp\/v2\/tags?post=64542"}],"curies":[{"name":"wp","href":"https:\/\/api.w.org\/{rel}","templated":true}]}}