{"id":64495,"date":"2025-07-10T06:56:42","date_gmt":"2025-07-10T04:56:42","guid":{"rendered":"https:\/\/www.immobilienbusiness.ch\/?p=64495"},"modified":"2025-07-10T11:50:37","modified_gmt":"2025-07-10T09:50:37","slug":"honegger-gruppe-neuer-regionalleiter-westschweiz","status":"publish","type":"post","link":"https:\/\/www.immobilienbusiness.ch\/fr\/personalia\/2025-07-10\/honegger-gruppe-neuer-regionalleiter-westschweiz\/","title":{"rendered":"Groupe Honegger : nouveau directeur r\u00e9gional pour la Suisse romande"},"content":{"rendered":"<figure id=\"attachment_64496\" aria-describedby=\"caption-attachment-64496\" style=\"width: 768px\" class=\"wp-caption alignnone\"><a href=\"https:\/\/www.immobilienbusiness.ch\/wp-content\/uploads\/2025\/07\/Emilio-Amadin.png\"><img loading=\"lazy\" decoding=\"async\" class=\"size-large wp-image-64496\" src=\"https:\/\/www.immobilienbusiness.ch\/wp-content\/uploads\/2025\/07\/Emilio-Amadin-1024x826.png\" alt=\"\" width=\"768\" height=\"620\" srcset=\"https:\/\/www.immobilienbusiness.ch\/wp-content\/uploads\/2025\/07\/Emilio-Amadin-1024x826.png 1024w, https:\/\/www.immobilienbusiness.ch\/wp-content\/uploads\/2025\/07\/Emilio-Amadin-300x242.png 300w, https:\/\/www.immobilienbusiness.ch\/wp-content\/uploads\/2025\/07\/Emilio-Amadin-768x619.png 768w, https:\/\/www.immobilienbusiness.ch\/wp-content\/uploads\/2025\/07\/Emilio-Amadin-15x12.png 15w, https:\/\/www.immobilienbusiness.ch\/wp-content\/uploads\/2025\/07\/Emilio-Amadin-372x300.png 372w, https:\/\/www.immobilienbusiness.ch\/wp-content\/uploads\/2025\/07\/Emilio-Amadin-434x350.png 434w, https:\/\/www.immobilienbusiness.ch\/wp-content\/uploads\/2025\/07\/Emilio-Amadin-992x800.png 992w, https:\/\/www.immobilienbusiness.ch\/wp-content\/uploads\/2025\/07\/Emilio-Amadin.png 1027w\" sizes=\"auto, (max-width: 768px) 100vw, 768px\" \/><\/a><figcaption id=\"caption-attachment-64496\" class=\"wp-caption-text\">Emilio Abadin (photo : \u00a9 Honegger AG)<\/figcaption><\/figure>\n<p>Emilio Abadin travaille depuis juin pour la division Facility Management du groupe Honegger. Il doit reprendre \"dans un avenir proche\" le poste de directeur r\u00e9gional pour la Suisse romande, indique l'entreprise de services. Abadin est pressenti pour succ\u00e9der \u00e0 Gianfranco Rotta. Selon le communiqu\u00e9, l'actuel directeur r\u00e9gional pour la Suisse romande et le Tessin prendra sa retraite dans les premiers mois de l'ann\u00e9e prochaine. D'ici l\u00e0, Abadin sera initi\u00e9 \u00e0 ses nouvelles fonctions.<\/p>\n<p>Abadin a travaill\u00e9 ces quatre derni\u00e8res ann\u00e9es et demie en tant que directeur r\u00e9gional pour Vebego et pour les entreprises allemandes Dussmann et Apleona\/Bilfiger - respectivement en tant que directeur r\u00e9gional pour la Suisse romande et le Tessin. <em>(aw)<\/em><\/p>","protected":false},"excerpt":{"rendered":"<p>Emilio Abadin vient de la soci\u00e9t\u00e9 concurrente Vebego pour rejoindre le prestataire de services FM.<\/p>","protected":false},"author":102,"featured_media":64496,"comment_status":"closed","ping_status":"closed","sticky":false,"template":"","format":"standard","meta":{"_acf_changed":false,"_yoast_wpseo_focuskw":"Honegger","_yoast_wpseo_title":"","_yoast_wpseo_metadesc":"Emilio Abadin kommt vom Wettbewerber Vebego zu dem FM-Dienstleister.","_yoast_wpseo_linkdex":67,"pgc_sgb_lightbox_settings":"","footnotes":""},"categories":[1912],"tags":[1034,4254,2096,4068,1563,1818],"class_list":["post-64495","post","type-post","status-publish","format-standard","has-post-thumbnail","hentry","category-personalia","tag-apleona","tag-dussmann","tag-fm","tag-honegger-ag","tag-personalia","tag-vebego"],"acf":[],"yoast_head":"<!-- This site is optimized with the Yoast SEO plugin v27.4 - https:\/\/yoast.com\/product\/yoast-seo-wordpress\/ -->\n<title>Honegger Gruppe: Neuer Regionalleiter Westschweiz - IMMOBILIEN Business<\/title>\n<meta name=\"description\" content=\"Emilio Abadin kommt vom Wettbewerber Vebego zu dem FM-Dienstleister.\" \/>\n<meta name=\"robots\" content=\"index, follow, max-snippet:-1, max-image-preview:large, max-video-preview:-1\" \/>\n<link rel=\"canonical\" href=\"https:\/\/www.immobilienbusiness.ch\/fr\/personalia\/2025-07-10\/honegger-gruppe-neuer-regionalleiter-westschweiz\/\" \/>\n<meta property=\"og:locale\" content=\"fr_FR\" \/>\n<meta property=\"og:type\" content=\"article\" \/>\n<meta property=\"og:title\" content=\"Honegger Gruppe: Neuer Regionalleiter Westschweiz - IMMOBILIEN Business\" \/>\n<meta property=\"og:description\" content=\"Emilio Abadin kommt vom Wettbewerber Vebego zu dem FM-Dienstleister.\" \/>\n<meta property=\"og:url\" content=\"https:\/\/www.immobilienbusiness.ch\/fr\/personalia\/2025-07-10\/honegger-gruppe-neuer-regionalleiter-westschweiz\/\" \/>\n<meta property=\"og:site_name\" content=\"IMMOBILIEN Business\" \/>\n<meta property=\"article:publisher\" content=\"https:\/\/www.facebook.com\/immobilienbusiness\/\" \/>\n<meta property=\"article:published_time\" content=\"2025-07-10T04:56:42+00:00\" \/>\n<meta property=\"article:modified_time\" content=\"2025-07-10T09:50:37+00:00\" \/>\n<meta property=\"og:image\" content=\"https:\/\/www.immobilienbusiness.ch\/wp-content\/uploads\/2025\/07\/Emilio-Amadin.png\" \/>\n\t<meta property=\"og:image:width\" content=\"1027\" \/>\n\t<meta property=\"og:image:height\" content=\"828\" \/>\n\t<meta property=\"og:image:type\" content=\"image\/png\" \/>\n<meta name=\"author\" content=\"Alexander Wachter\" \/>\n<meta name=\"twitter:card\" content=\"summary_large_image\" \/>\n<script type=\"application\/ld+json\" class=\"yoast-schema-graph\">{\"@context\":\"https:\\\/\\\/schema.org\",\"@graph\":[{\"@type\":\"Article\",\"@id\":\"https:\\\/\\\/www.immobilienbusiness.ch\\\/en\\\/personalia\\\/2025-07-10\\\/honegger-gruppe-neuer-regionalleiter-westschweiz\\\/#article\",\"isPartOf\":{\"@id\":\"https:\\\/\\\/www.immobilienbusiness.ch\\\/en\\\/personalia\\\/2025-07-10\\\/honegger-gruppe-neuer-regionalleiter-westschweiz\\\/\"},\"author\":{\"name\":\"Alexander Wachter\",\"@id\":\"https:\\\/\\\/www.immobilienbusiness.ch\\\/#\\\/schema\\\/person\\\/aba8bea2db926aa0c24c08c43fe1fcd5\"},\"headline\":\"Honegger Gruppe: Neuer Regionalleiter Westschweiz\",\"datePublished\":\"2025-07-10T04:56:42+00:00\",\"dateModified\":\"2025-07-10T09:50:37+00:00\",\"mainEntityOfPage\":{\"@id\":\"https:\\\/\\\/www.immobilienbusiness.ch\\\/en\\\/personalia\\\/2025-07-10\\\/honegger-gruppe-neuer-regionalleiter-westschweiz\\\/\"},\"wordCount\":123,\"publisher\":{\"@id\":\"https:\\\/\\\/www.immobilienbusiness.ch\\\/#organization\"},\"image\":{\"@id\":\"https:\\\/\\\/www.immobilienbusiness.ch\\\/en\\\/personalia\\\/2025-07-10\\\/honegger-gruppe-neuer-regionalleiter-westschweiz\\\/#primaryimage\"},\"thumbnailUrl\":\"https:\\\/\\\/www.immobilienbusiness.ch\\\/wp-content\\\/uploads\\\/2025\\\/07\\\/Emilio-Amadin.png\",\"keywords\":[\"Apleona\",\"Dussmann\",\"FM\",\"Honegger AG\",\"Personalia\",\"Vebego\"],\"articleSection\":[\"PERSONALIA\"],\"inLanguage\":\"fr-FR\"},{\"@type\":\"WebPage\",\"@id\":\"https:\\\/\\\/www.immobilienbusiness.ch\\\/en\\\/personalia\\\/2025-07-10\\\/honegger-gruppe-neuer-regionalleiter-westschweiz\\\/\",\"url\":\"https:\\\/\\\/www.immobilienbusiness.ch\\\/en\\\/personalia\\\/2025-07-10\\\/honegger-gruppe-neuer-regionalleiter-westschweiz\\\/\",\"name\":\"Honegger Gruppe: Neuer Regionalleiter Westschweiz - IMMOBILIEN Business\",\"isPartOf\":{\"@id\":\"https:\\\/\\\/www.immobilienbusiness.ch\\\/#website\"},\"primaryImageOfPage\":{\"@id\":\"https:\\\/\\\/www.immobilienbusiness.ch\\\/en\\\/personalia\\\/2025-07-10\\\/honegger-gruppe-neuer-regionalleiter-westschweiz\\\/#primaryimage\"},\"image\":{\"@id\":\"https:\\\/\\\/www.immobilienbusiness.ch\\\/en\\\/personalia\\\/2025-07-10\\\/honegger-gruppe-neuer-regionalleiter-westschweiz\\\/#primaryimage\"},\"thumbnailUrl\":\"https:\\\/\\\/www.immobilienbusiness.ch\\\/wp-content\\\/uploads\\\/2025\\\/07\\\/Emilio-Amadin.png\",\"datePublished\":\"2025-07-10T04:56:42+00:00\",\"dateModified\":\"2025-07-10T09:50:37+00:00\",\"description\":\"Emilio Abadin kommt vom Wettbewerber Vebego zu dem FM-Dienstleister.\",\"breadcrumb\":{\"@id\":\"https:\\\/\\\/www.immobilienbusiness.ch\\\/en\\\/personalia\\\/2025-07-10\\\/honegger-gruppe-neuer-regionalleiter-westschweiz\\\/#breadcrumb\"},\"inLanguage\":\"fr-FR\",\"potentialAction\":[{\"@type\":\"ReadAction\",\"target\":[\"https:\\\/\\\/www.immobilienbusiness.ch\\\/en\\\/personalia\\\/2025-07-10\\\/honegger-gruppe-neuer-regionalleiter-westschweiz\\\/\"]}]},{\"@type\":\"ImageObject\",\"inLanguage\":\"fr-FR\",\"@id\":\"https:\\\/\\\/www.immobilienbusiness.ch\\\/en\\\/personalia\\\/2025-07-10\\\/honegger-gruppe-neuer-regionalleiter-westschweiz\\\/#primaryimage\",\"url\":\"https:\\\/\\\/www.immobilienbusiness.ch\\\/wp-content\\\/uploads\\\/2025\\\/07\\\/Emilio-Amadin.png\",\"contentUrl\":\"https:\\\/\\\/www.immobilienbusiness.ch\\\/wp-content\\\/uploads\\\/2025\\\/07\\\/Emilio-Amadin.png\",\"width\":1027,\"height\":828,\"caption\":\"Emilio Abadin (Bild: \u00a9 Honegger AG)\"},{\"@type\":\"BreadcrumbList\",\"@id\":\"https:\\\/\\\/www.immobilienbusiness.ch\\\/en\\\/personalia\\\/2025-07-10\\\/honegger-gruppe-neuer-regionalleiter-westschweiz\\\/#breadcrumb\",\"itemListElement\":[{\"@type\":\"ListItem\",\"position\":1,\"name\":\"Home\",\"item\":\"https:\\\/\\\/www.immobilienbusiness.ch\\\/\"},{\"@type\":\"ListItem\",\"position\":2,\"name\":\"Honegger Gruppe: Neuer Regionalleiter Westschweiz\"}]},{\"@type\":\"WebSite\",\"@id\":\"https:\\\/\\\/www.immobilienbusiness.ch\\\/#website\",\"url\":\"https:\\\/\\\/www.immobilienbusiness.ch\\\/\",\"name\":\"IMMOBILIEN Business\",\"description\":\"Unabh\u00e4ngiges Schweizer Wirtschaftsmagazin mit Fokus auf Immobilien, Architektur- und Bau sowie Investment- und Finanzierung.\",\"publisher\":{\"@id\":\"https:\\\/\\\/www.immobilienbusiness.ch\\\/#organization\"},\"potentialAction\":[{\"@type\":\"SearchAction\",\"target\":{\"@type\":\"EntryPoint\",\"urlTemplate\":\"https:\\\/\\\/www.immobilienbusiness.ch\\\/?s={search_term_string}\"},\"query-input\":{\"@type\":\"PropertyValueSpecification\",\"valueRequired\":true,\"valueName\":\"search_term_string\"}}],\"inLanguage\":\"fr-FR\"},{\"@type\":\"Organization\",\"@id\":\"https:\\\/\\\/www.immobilienbusiness.ch\\\/#organization\",\"name\":\"IMMOBILIEN Business\",\"url\":\"https:\\\/\\\/www.immobilienbusiness.ch\\\/\",\"logo\":{\"@type\":\"ImageObject\",\"inLanguage\":\"fr-FR\",\"@id\":\"https:\\\/\\\/www.immobilienbusiness.ch\\\/#\\\/schema\\\/logo\\\/image\\\/\",\"url\":\"https:\\\/\\\/www.immobilienbusiness.ch\\\/wp-content\\\/uploads\\\/2021\\\/07\\\/logo_ib.png\",\"contentUrl\":\"https:\\\/\\\/www.immobilienbusiness.ch\\\/wp-content\\\/uploads\\\/2021\\\/07\\\/logo_ib.png\",\"width\":800,\"height\":181,\"caption\":\"IMMOBILIEN Business\"},\"image\":{\"@id\":\"https:\\\/\\\/www.immobilienbusiness.ch\\\/#\\\/schema\\\/logo\\\/image\\\/\"},\"sameAs\":[\"https:\\\/\\\/www.facebook.com\\\/immobilienbusiness\\\/\"]},{\"@type\":\"Person\",\"@id\":\"https:\\\/\\\/www.immobilienbusiness.ch\\\/#\\\/schema\\\/person\\\/aba8bea2db926aa0c24c08c43fe1fcd5\",\"name\":\"Alexander Wachter\",\"image\":{\"@type\":\"ImageObject\",\"inLanguage\":\"fr-FR\",\"@id\":\"https:\\\/\\\/secure.gravatar.com\\\/avatar\\\/1a09e471f5389b0e0a6416eac287e0927c7c97a7b77f9e787eba3af7aee281dd?s=96&d=mm&r=g\",\"url\":\"https:\\\/\\\/secure.gravatar.com\\\/avatar\\\/1a09e471f5389b0e0a6416eac287e0927c7c97a7b77f9e787eba3af7aee281dd?s=96&d=mm&r=g\",\"contentUrl\":\"https:\\\/\\\/secure.gravatar.com\\\/avatar\\\/1a09e471f5389b0e0a6416eac287e0927c7c97a7b77f9e787eba3af7aee281dd?s=96&d=mm&r=g\",\"caption\":\"Alexander Wachter\"},\"url\":\"https:\\\/\\\/www.immobilienbusiness.ch\\\/fr\\\/author\\\/alexander-wachter\\\/\"}]}<\/script>\n<!-- \/ Yoast SEO plugin. -->","yoast_head_json":{"title":"Groupe Honegger : nouveau responsable r\u00e9gional pour la Suisse romande - IMMOBILIER Business","description":"Emilio Abadin vient de la soci\u00e9t\u00e9 concurrente Vebego pour rejoindre le prestataire de services FM.","robots":{"index":"index","follow":"follow","max-snippet":"max-snippet:-1","max-image-preview":"max-image-preview:large","max-video-preview":"max-video-preview:-1"},"canonical":"https:\/\/www.immobilienbusiness.ch\/fr\/personalia\/2025-07-10\/honegger-gruppe-neuer-regionalleiter-westschweiz\/","og_locale":"fr_FR","og_type":"article","og_title":"Honegger Gruppe: Neuer Regionalleiter Westschweiz - IMMOBILIEN Business","og_description":"Emilio Abadin kommt vom Wettbewerber Vebego zu dem FM-Dienstleister.","og_url":"https:\/\/www.immobilienbusiness.ch\/fr\/personalia\/2025-07-10\/honegger-gruppe-neuer-regionalleiter-westschweiz\/","og_site_name":"IMMOBILIEN Business","article_publisher":"https:\/\/www.facebook.com\/immobilienbusiness\/","article_published_time":"2025-07-10T04:56:42+00:00","article_modified_time":"2025-07-10T09:50:37+00:00","og_image":[{"width":1027,"height":828,"url":"https:\/\/www.immobilienbusiness.ch\/wp-content\/uploads\/2025\/07\/Emilio-Amadin.png","type":"image\/png"}],"author":"Alexander Wachter","twitter_card":"summary_large_image","schema":{"@context":"https:\/\/schema.org","@graph":[{"@type":"Article","@id":"https:\/\/www.immobilienbusiness.ch\/en\/personalia\/2025-07-10\/honegger-gruppe-neuer-regionalleiter-westschweiz\/#article","isPartOf":{"@id":"https:\/\/www.immobilienbusiness.ch\/en\/personalia\/2025-07-10\/honegger-gruppe-neuer-regionalleiter-westschweiz\/"},"author":{"name":"Alexander Wachter","@id":"https:\/\/www.immobilienbusiness.ch\/#\/schema\/person\/aba8bea2db926aa0c24c08c43fe1fcd5"},"headline":"Honegger Gruppe: Neuer Regionalleiter Westschweiz","datePublished":"2025-07-10T04:56:42+00:00","dateModified":"2025-07-10T09:50:37+00:00","mainEntityOfPage":{"@id":"https:\/\/www.immobilienbusiness.ch\/en\/personalia\/2025-07-10\/honegger-gruppe-neuer-regionalleiter-westschweiz\/"},"wordCount":123,"publisher":{"@id":"https:\/\/www.immobilienbusiness.ch\/#organization"},"image":{"@id":"https:\/\/www.immobilienbusiness.ch\/en\/personalia\/2025-07-10\/honegger-gruppe-neuer-regionalleiter-westschweiz\/#primaryimage"},"thumbnailUrl":"https:\/\/www.immobilienbusiness.ch\/wp-content\/uploads\/2025\/07\/Emilio-Amadin.png","keywords":["Apleona","Dussmann","FM","Honegger AG","Personalia","Vebego"],"articleSection":["PERSONALIA"],"inLanguage":"fr-FR"},{"@type":"WebPage","@id":"https:\/\/www.immobilienbusiness.ch\/en\/personalia\/2025-07-10\/honegger-gruppe-neuer-regionalleiter-westschweiz\/","url":"https:\/\/www.immobilienbusiness.ch\/en\/personalia\/2025-07-10\/honegger-gruppe-neuer-regionalleiter-westschweiz\/","name":"Groupe Honegger : nouveau responsable r\u00e9gional pour la Suisse romande - IMMOBILIER Business","isPartOf":{"@id":"https:\/\/www.immobilienbusiness.ch\/#website"},"primaryImageOfPage":{"@id":"https:\/\/www.immobilienbusiness.ch\/en\/personalia\/2025-07-10\/honegger-gruppe-neuer-regionalleiter-westschweiz\/#primaryimage"},"image":{"@id":"https:\/\/www.immobilienbusiness.ch\/en\/personalia\/2025-07-10\/honegger-gruppe-neuer-regionalleiter-westschweiz\/#primaryimage"},"thumbnailUrl":"https:\/\/www.immobilienbusiness.ch\/wp-content\/uploads\/2025\/07\/Emilio-Amadin.png","datePublished":"2025-07-10T04:56:42+00:00","dateModified":"2025-07-10T09:50:37+00:00","description":"Emilio Abadin vient de la soci\u00e9t\u00e9 concurrente Vebego pour rejoindre le prestataire de services FM.","breadcrumb":{"@id":"https:\/\/www.immobilienbusiness.ch\/en\/personalia\/2025-07-10\/honegger-gruppe-neuer-regionalleiter-westschweiz\/#breadcrumb"},"inLanguage":"fr-FR","potentialAction":[{"@type":"ReadAction","target":["https:\/\/www.immobilienbusiness.ch\/en\/personalia\/2025-07-10\/honegger-gruppe-neuer-regionalleiter-westschweiz\/"]}]},{"@type":"ImageObject","inLanguage":"fr-FR","@id":"https:\/\/www.immobilienbusiness.ch\/en\/personalia\/2025-07-10\/honegger-gruppe-neuer-regionalleiter-westschweiz\/#primaryimage","url":"https:\/\/www.immobilienbusiness.ch\/wp-content\/uploads\/2025\/07\/Emilio-Amadin.png","contentUrl":"https:\/\/www.immobilienbusiness.ch\/wp-content\/uploads\/2025\/07\/Emilio-Amadin.png","width":1027,"height":828,"caption":"Emilio Abadin (Bild: \u00a9 Honegger AG)"},{"@type":"BreadcrumbList","@id":"https:\/\/www.immobilienbusiness.ch\/en\/personalia\/2025-07-10\/honegger-gruppe-neuer-regionalleiter-westschweiz\/#breadcrumb","itemListElement":[{"@type":"ListItem","position":1,"name":"Home","item":"https:\/\/www.immobilienbusiness.ch\/"},{"@type":"ListItem","position":2,"name":"Honegger Gruppe: Neuer Regionalleiter Westschweiz"}]},{"@type":"WebSite","@id":"https:\/\/www.immobilienbusiness.ch\/#website","url":"https:\/\/www.immobilienbusiness.ch\/","name":"IMMOBILIER Business","description":"Magazine \u00e9conomique suisse ind\u00e9pendant ax\u00e9 sur l'immobilier, l'architecture et la construction ainsi que sur les investissements et le financement.","publisher":{"@id":"https:\/\/www.immobilienbusiness.ch\/#organization"},"potentialAction":[{"@type":"SearchAction","target":{"@type":"EntryPoint","urlTemplate":"https:\/\/www.immobilienbusiness.ch\/?s={search_term_string}"},"query-input":{"@type":"PropertyValueSpecification","valueRequired":true,"valueName":"search_term_string"}}],"inLanguage":"fr-FR"},{"@type":"Organization","@id":"https:\/\/www.immobilienbusiness.ch\/#organization","name":"IMMOBILIER Business","url":"https:\/\/www.immobilienbusiness.ch\/","logo":{"@type":"ImageObject","inLanguage":"fr-FR","@id":"https:\/\/www.immobilienbusiness.ch\/#\/schema\/logo\/image\/","url":"https:\/\/www.immobilienbusiness.ch\/wp-content\/uploads\/2021\/07\/logo_ib.png","contentUrl":"https:\/\/www.immobilienbusiness.ch\/wp-content\/uploads\/2021\/07\/logo_ib.png","width":800,"height":181,"caption":"IMMOBILIEN Business"},"image":{"@id":"https:\/\/www.immobilienbusiness.ch\/#\/schema\/logo\/image\/"},"sameAs":["https:\/\/www.facebook.com\/immobilienbusiness\/"]},{"@type":"Person","@id":"https:\/\/www.immobilienbusiness.ch\/#\/schema\/person\/aba8bea2db926aa0c24c08c43fe1fcd5","name":"Alexander Wachter","image":{"@type":"ImageObject","inLanguage":"fr-FR","@id":"https:\/\/secure.gravatar.com\/avatar\/1a09e471f5389b0e0a6416eac287e0927c7c97a7b77f9e787eba3af7aee281dd?s=96&d=mm&r=g","url":"https:\/\/secure.gravatar.com\/avatar\/1a09e471f5389b0e0a6416eac287e0927c7c97a7b77f9e787eba3af7aee281dd?s=96&d=mm&r=g","contentUrl":"https:\/\/secure.gravatar.com\/avatar\/1a09e471f5389b0e0a6416eac287e0927c7c97a7b77f9e787eba3af7aee281dd?s=96&d=mm&r=g","caption":"Alexander Wachter"},"url":"https:\/\/www.immobilienbusiness.ch\/fr\/author\/alexander-wachter\/"}]}},"_links":{"self":[{"href":"https:\/\/www.immobilienbusiness.ch\/fr\/wp-json\/wp\/v2\/posts\/64495","targetHints":{"allow":["GET"]}}],"collection":[{"href":"https:\/\/www.immobilienbusiness.ch\/fr\/wp-json\/wp\/v2\/posts"}],"about":[{"href":"https:\/\/www.immobilienbusiness.ch\/fr\/wp-json\/wp\/v2\/types\/post"}],"author":[{"embeddable":true,"href":"https:\/\/www.immobilienbusiness.ch\/fr\/wp-json\/wp\/v2\/users\/102"}],"replies":[{"embeddable":true,"href":"https:\/\/www.immobilienbusiness.ch\/fr\/wp-json\/wp\/v2\/comments?post=64495"}],"version-history":[{"count":2,"href":"https:\/\/www.immobilienbusiness.ch\/fr\/wp-json\/wp\/v2\/posts\/64495\/revisions"}],"predecessor-version":[{"id":64503,"href":"https:\/\/www.immobilienbusiness.ch\/fr\/wp-json\/wp\/v2\/posts\/64495\/revisions\/64503"}],"wp:featuredmedia":[{"embeddable":true,"href":"https:\/\/www.immobilienbusiness.ch\/fr\/wp-json\/wp\/v2\/media\/64496"}],"wp:attachment":[{"href":"https:\/\/www.immobilienbusiness.ch\/fr\/wp-json\/wp\/v2\/media?parent=64495"}],"wp:term":[{"taxonomy":"category","embeddable":true,"href":"https:\/\/www.immobilienbusiness.ch\/fr\/wp-json\/wp\/v2\/categories?post=64495"},{"taxonomy":"post_tag","embeddable":true,"href":"https:\/\/www.immobilienbusiness.ch\/fr\/wp-json\/wp\/v2\/tags?post=64495"}],"curies":[{"name":"wp","href":"https:\/\/api.w.org\/{rel}","templated":true}]}}