{"id":64243,"date":"2025-06-30T07:15:18","date_gmt":"2025-06-30T05:15:18","guid":{"rendered":"https:\/\/www.immobilienbusiness.ch\/?p=64243"},"modified":"2025-07-03T12:26:51","modified_gmt":"2025-07-03T10:26:51","slug":"ebikon-schindler-plant-ein-eigenes-hotel","status":"publish","type":"post","link":"https:\/\/www.immobilienbusiness.ch\/fr\/regionen\/2025-06-30\/ebikon-schindler-plant-ein-eigenes-hotel\/","title":{"rendered":"Ebikon : Schindler pr\u00e9voit un h\u00f4tel et des appartements"},"content":{"rendered":"<figure id=\"attachment_64244\" aria-describedby=\"caption-attachment-64244\" style=\"width: 768px\" class=\"wp-caption alignnone\"><a href=\"https:\/\/www.immobilienbusiness.ch\/wp-content\/uploads\/2025\/06\/Hotel_Schindler_Ebikon_K05_Final-01-scaled.jpg\"><img loading=\"lazy\" decoding=\"async\" class=\"size-large wp-image-64244\" src=\"https:\/\/www.immobilienbusiness.ch\/wp-content\/uploads\/2025\/06\/Hotel_Schindler_Ebikon_K05_Final-01-1024x611.jpg\" alt=\"\" width=\"768\" height=\"458\" srcset=\"https:\/\/www.immobilienbusiness.ch\/wp-content\/uploads\/2025\/06\/Hotel_Schindler_Ebikon_K05_Final-01-1024x611.jpg 1024w, https:\/\/www.immobilienbusiness.ch\/wp-content\/uploads\/2025\/06\/Hotel_Schindler_Ebikon_K05_Final-01-300x179.jpg 300w, https:\/\/www.immobilienbusiness.ch\/wp-content\/uploads\/2025\/06\/Hotel_Schindler_Ebikon_K05_Final-01-768x458.jpg 768w, https:\/\/www.immobilienbusiness.ch\/wp-content\/uploads\/2025\/06\/Hotel_Schindler_Ebikon_K05_Final-01-1536x917.jpg 1536w, https:\/\/www.immobilienbusiness.ch\/wp-content\/uploads\/2025\/06\/Hotel_Schindler_Ebikon_K05_Final-01-2048x1223.jpg 2048w, https:\/\/www.immobilienbusiness.ch\/wp-content\/uploads\/2025\/06\/Hotel_Schindler_Ebikon_K05_Final-01-18x12.jpg 18w, https:\/\/www.immobilienbusiness.ch\/wp-content\/uploads\/2025\/06\/Hotel_Schindler_Ebikon_K05_Final-01-375x224.jpg 375w, https:\/\/www.immobilienbusiness.ch\/wp-content\/uploads\/2025\/06\/Hotel_Schindler_Ebikon_K05_Final-01-586x350.jpg 586w, https:\/\/www.immobilienbusiness.ch\/wp-content\/uploads\/2025\/06\/Hotel_Schindler_Ebikon_K05_Final-01-1000x597.jpg 1000w, https:\/\/www.immobilienbusiness.ch\/wp-content\/uploads\/2025\/06\/Hotel_Schindler_Ebikon_K05_Final-01-scaled.jpg 1200w\" sizes=\"auto, (max-width: 768px) 100vw, 768px\" \/><\/a><figcaption id=\"caption-attachment-64244\" class=\"wp-caption-text\">Le complexe pr\u00e9vu par Schindler \u00e0 Ebikon comprend un h\u00f4tel et des logements locatifs (visualisation : zVg)<\/figcaption><\/figure>\n<p>La soci\u00e9t\u00e9 Schindler Aufz\u00fcge AG pr\u00e9voit de construire un complexe h\u00f4telier et r\u00e9sidentiel \u00e0 Ebikon. L'entreprise active au niveau mondial justifie son projet par le fait qu'elle a \"un besoin urgent\" de logements pour les h\u00f4tes internationaux du campus Schindler et les collaborateurs. Avec 130 chambres d'h\u00f4tel et plusieurs appartements \u00e0 louer, le nouveau b\u00e2timent contribuera \u00e9galement \u00e0 la revalorisation du site.<\/p>\n<p>Le b\u00e2timent doit \u00eatre construit sur le terrain situ\u00e9 en face du si\u00e8ge principal de Schindler. Selon les indications, l'h\u00f4tel sera g\u00e9r\u00e9 par un \"prestataire exp\u00e9riment\u00e9\" et sera ouvert \u00e0 tous les clients. L'exploitant n'a toutefois pas encore \u00e9t\u00e9 choisi. Le plan d'am\u00e9nagement doit \u00eatre d\u00e9pos\u00e9 d\u00e9but juillet. L'arri\u00e8re du b\u00e2timent sera \"ouvert et v\u00e9g\u00e9talis\u00e9\", pr\u00e9cise Schindler. D'autres services, comme une offre gastronomique, sont envisageables. La demande de permis de construire est pr\u00e9vue pour d\u00e9but 2026. La construction d\u00e9butera \u00e0 l'automne 2026, l'ach\u00e8vement et l'ouverture sont pr\u00e9vus pour la mi-2028.<\/p>\n<h3>La commune salue les plans<\/h3>\n<p>La commune d'Ebikon soutient le projet. \"Nous sommes tr\u00e8s heureux des plans de Schindler\", d\u00e9clare le pr\u00e9sident de la commune Daniel Gasser. Selon lui, le nouvel h\u00f4tel comble une lacune dans l'offre d'Ebikon. \"Avec cette construction, nous souhaitons non seulement r\u00e9pondre \u00e0 un besoin pratique, mais aussi apporter une contribution durable et positive \u00e0 la r\u00e9gion\", d\u00e9clare le CEO de Schindler, Franz-Xaver Simmen. <em>(aw)<\/em><\/p>","protected":false},"excerpt":{"rendered":"<p>Le fabricant mondial d'ascenseurs veut r\u00e9aliser d'ici 2028 un b\u00e2timent \u00e0 usage d'h\u00f4tel et de logements locatifs et cr\u00e9er ainsi des logements dont les employ\u00e9s et les visiteurs de son campus d'entreprise ont un besoin urgent.<\/p>","protected":false},"author":102,"featured_media":64244,"comment_status":"closed","ping_status":"closed","sticky":false,"template":"","format":"standard","meta":{"_acf_changed":false,"_yoast_wpseo_focuskw":"Ebikon","_yoast_wpseo_title":"","_yoast_wpseo_metadesc":"Der weltweit t\u00e4tige Aufzug-Hersteller will bis 2028 ein Geb\u00e4ude mit Hotelnutzung und Mietwohnungen realisieren und damit dringend ben\u00f6tigte Unterk\u00fcnfte f\u00fcr Besch\u00e4ftigte und Besucher seines Unternehmenscampus schaffen.","_yoast_wpseo_linkdex":70,"pgc_sgb_lightbox_settings":"","footnotes":""},"categories":[985],"tags":[2237,1181,1313,1492,1600,4239],"class_list":["post-64243","post","type-post","status-publish","format-standard","has-post-thumbnail","hentry","category-regionen","tag-corporate-real-estate","tag-ebikon","tag-hotel","tag-mietwohnungen","tag-projekt-in-planung","tag-schindler"],"acf":[],"yoast_head":"<!-- This site is optimized with the Yoast SEO plugin v27.4 - https:\/\/yoast.com\/product\/yoast-seo-wordpress\/ -->\n<title>Ebikon: Schindler plant Hotel und Wohnungen - IMMOBILIEN Business<\/title>\n<meta name=\"description\" content=\"Der weltweit t\u00e4tige Aufzug-Hersteller will bis 2028 ein Geb\u00e4ude mit Hotelnutzung und Mietwohnungen realisieren und damit dringend ben\u00f6tigte Unterk\u00fcnfte f\u00fcr Besch\u00e4ftigte und Besucher seines Unternehmenscampus schaffen.\" \/>\n<meta name=\"robots\" content=\"index, follow, max-snippet:-1, max-image-preview:large, max-video-preview:-1\" \/>\n<link rel=\"canonical\" href=\"https:\/\/www.immobilienbusiness.ch\/fr\/regionen\/2025-06-30\/ebikon-schindler-plant-ein-eigenes-hotel\/\" \/>\n<meta property=\"og:locale\" content=\"fr_FR\" \/>\n<meta property=\"og:type\" content=\"article\" \/>\n<meta property=\"og:title\" content=\"Ebikon: Schindler plant Hotel und Wohnungen - IMMOBILIEN Business\" \/>\n<meta property=\"og:description\" content=\"Der weltweit t\u00e4tige Aufzug-Hersteller will bis 2028 ein Geb\u00e4ude mit Hotelnutzung und Mietwohnungen realisieren und damit dringend ben\u00f6tigte Unterk\u00fcnfte f\u00fcr Besch\u00e4ftigte und Besucher seines Unternehmenscampus schaffen.\" \/>\n<meta property=\"og:url\" content=\"https:\/\/www.immobilienbusiness.ch\/fr\/regionen\/2025-06-30\/ebikon-schindler-plant-ein-eigenes-hotel\/\" \/>\n<meta property=\"og:site_name\" content=\"IMMOBILIEN Business\" \/>\n<meta property=\"article:publisher\" content=\"https:\/\/www.facebook.com\/immobilienbusiness\/\" \/>\n<meta property=\"article:published_time\" content=\"2025-06-30T05:15:18+00:00\" \/>\n<meta property=\"article:modified_time\" content=\"2025-07-03T10:26:51+00:00\" \/>\n<meta property=\"og:image\" content=\"https:\/\/www.immobilienbusiness.ch\/wp-content\/uploads\/2025\/06\/Hotel_Schindler_Ebikon_K05_Final-01-scaled.jpg\" \/>\n\t<meta property=\"og:image:width\" content=\"1200\" \/>\n\t<meta property=\"og:image:height\" content=\"717\" \/>\n\t<meta property=\"og:image:type\" content=\"image\/jpeg\" \/>\n<meta name=\"author\" content=\"Alexander Wachter\" \/>\n<meta name=\"twitter:card\" content=\"summary_large_image\" \/>\n<script type=\"application\/ld+json\" class=\"yoast-schema-graph\">{\"@context\":\"https:\\\/\\\/schema.org\",\"@graph\":[{\"@type\":\"Article\",\"@id\":\"https:\\\/\\\/www.immobilienbusiness.ch\\\/de\\\/regionen\\\/2025-06-30\\\/ebikon-schindler-plant-ein-eigenes-hotel\\\/#article\",\"isPartOf\":{\"@id\":\"https:\\\/\\\/www.immobilienbusiness.ch\\\/de\\\/regionen\\\/2025-06-30\\\/ebikon-schindler-plant-ein-eigenes-hotel\\\/\"},\"author\":{\"name\":\"Alexander Wachter\",\"@id\":\"https:\\\/\\\/www.immobilienbusiness.ch\\\/#\\\/schema\\\/person\\\/aba8bea2db926aa0c24c08c43fe1fcd5\"},\"headline\":\"Ebikon: Schindler plant Hotel und Wohnungen\",\"datePublished\":\"2025-06-30T05:15:18+00:00\",\"dateModified\":\"2025-07-03T10:26:51+00:00\",\"mainEntityOfPage\":{\"@id\":\"https:\\\/\\\/www.immobilienbusiness.ch\\\/de\\\/regionen\\\/2025-06-30\\\/ebikon-schindler-plant-ein-eigenes-hotel\\\/\"},\"wordCount\":239,\"publisher\":{\"@id\":\"https:\\\/\\\/www.immobilienbusiness.ch\\\/#organization\"},\"image\":{\"@id\":\"https:\\\/\\\/www.immobilienbusiness.ch\\\/de\\\/regionen\\\/2025-06-30\\\/ebikon-schindler-plant-ein-eigenes-hotel\\\/#primaryimage\"},\"thumbnailUrl\":\"https:\\\/\\\/www.immobilienbusiness.ch\\\/wp-content\\\/uploads\\\/2025\\\/06\\\/Hotel_Schindler_Ebikon_K05_Final-01-scaled.jpg\",\"keywords\":[\"Corporate Real Estate\",\"Ebikon\",\"Hotel\",\"Mietwohnungen\",\"Projekt in Planung\",\"Schindler\"],\"articleSection\":[\"REGIONEN\"],\"inLanguage\":\"fr-FR\"},{\"@type\":\"WebPage\",\"@id\":\"https:\\\/\\\/www.immobilienbusiness.ch\\\/de\\\/regionen\\\/2025-06-30\\\/ebikon-schindler-plant-ein-eigenes-hotel\\\/\",\"url\":\"https:\\\/\\\/www.immobilienbusiness.ch\\\/de\\\/regionen\\\/2025-06-30\\\/ebikon-schindler-plant-ein-eigenes-hotel\\\/\",\"name\":\"Ebikon: Schindler plant Hotel und Wohnungen - IMMOBILIEN Business\",\"isPartOf\":{\"@id\":\"https:\\\/\\\/www.immobilienbusiness.ch\\\/#website\"},\"primaryImageOfPage\":{\"@id\":\"https:\\\/\\\/www.immobilienbusiness.ch\\\/de\\\/regionen\\\/2025-06-30\\\/ebikon-schindler-plant-ein-eigenes-hotel\\\/#primaryimage\"},\"image\":{\"@id\":\"https:\\\/\\\/www.immobilienbusiness.ch\\\/de\\\/regionen\\\/2025-06-30\\\/ebikon-schindler-plant-ein-eigenes-hotel\\\/#primaryimage\"},\"thumbnailUrl\":\"https:\\\/\\\/www.immobilienbusiness.ch\\\/wp-content\\\/uploads\\\/2025\\\/06\\\/Hotel_Schindler_Ebikon_K05_Final-01-scaled.jpg\",\"datePublished\":\"2025-06-30T05:15:18+00:00\",\"dateModified\":\"2025-07-03T10:26:51+00:00\",\"description\":\"Der weltweit t\u00e4tige Aufzug-Hersteller will bis 2028 ein Geb\u00e4ude mit Hotelnutzung und Mietwohnungen realisieren und damit dringend ben\u00f6tigte Unterk\u00fcnfte f\u00fcr Besch\u00e4ftigte und Besucher seines Unternehmenscampus schaffen.\",\"breadcrumb\":{\"@id\":\"https:\\\/\\\/www.immobilienbusiness.ch\\\/de\\\/regionen\\\/2025-06-30\\\/ebikon-schindler-plant-ein-eigenes-hotel\\\/#breadcrumb\"},\"inLanguage\":\"fr-FR\",\"potentialAction\":[{\"@type\":\"ReadAction\",\"target\":[\"https:\\\/\\\/www.immobilienbusiness.ch\\\/de\\\/regionen\\\/2025-06-30\\\/ebikon-schindler-plant-ein-eigenes-hotel\\\/\"]}]},{\"@type\":\"ImageObject\",\"inLanguage\":\"fr-FR\",\"@id\":\"https:\\\/\\\/www.immobilienbusiness.ch\\\/de\\\/regionen\\\/2025-06-30\\\/ebikon-schindler-plant-ein-eigenes-hotel\\\/#primaryimage\",\"url\":\"https:\\\/\\\/www.immobilienbusiness.ch\\\/wp-content\\\/uploads\\\/2025\\\/06\\\/Hotel_Schindler_Ebikon_K05_Final-01-scaled.jpg\",\"contentUrl\":\"https:\\\/\\\/www.immobilienbusiness.ch\\\/wp-content\\\/uploads\\\/2025\\\/06\\\/Hotel_Schindler_Ebikon_K05_Final-01-scaled.jpg\",\"width\":1200,\"height\":717,\"caption\":\"Der geplante Komplex von Schindler in Ebikon umfasst ein Hotel und Mietwohnungen (Visualisierung: zVg)\"},{\"@type\":\"BreadcrumbList\",\"@id\":\"https:\\\/\\\/www.immobilienbusiness.ch\\\/de\\\/regionen\\\/2025-06-30\\\/ebikon-schindler-plant-ein-eigenes-hotel\\\/#breadcrumb\",\"itemListElement\":[{\"@type\":\"ListItem\",\"position\":1,\"name\":\"Home\",\"item\":\"https:\\\/\\\/www.immobilienbusiness.ch\\\/\"},{\"@type\":\"ListItem\",\"position\":2,\"name\":\"Ebikon: Schindler plant Hotel und Wohnungen\"}]},{\"@type\":\"WebSite\",\"@id\":\"https:\\\/\\\/www.immobilienbusiness.ch\\\/#website\",\"url\":\"https:\\\/\\\/www.immobilienbusiness.ch\\\/\",\"name\":\"IMMOBILIEN Business\",\"description\":\"Unabh\u00e4ngiges Schweizer Wirtschaftsmagazin mit Fokus auf Immobilien, Architektur- und Bau sowie Investment- und Finanzierung.\",\"publisher\":{\"@id\":\"https:\\\/\\\/www.immobilienbusiness.ch\\\/#organization\"},\"potentialAction\":[{\"@type\":\"SearchAction\",\"target\":{\"@type\":\"EntryPoint\",\"urlTemplate\":\"https:\\\/\\\/www.immobilienbusiness.ch\\\/?s={search_term_string}\"},\"query-input\":{\"@type\":\"PropertyValueSpecification\",\"valueRequired\":true,\"valueName\":\"search_term_string\"}}],\"inLanguage\":\"fr-FR\"},{\"@type\":\"Organization\",\"@id\":\"https:\\\/\\\/www.immobilienbusiness.ch\\\/#organization\",\"name\":\"IMMOBILIEN Business\",\"url\":\"https:\\\/\\\/www.immobilienbusiness.ch\\\/\",\"logo\":{\"@type\":\"ImageObject\",\"inLanguage\":\"fr-FR\",\"@id\":\"https:\\\/\\\/www.immobilienbusiness.ch\\\/#\\\/schema\\\/logo\\\/image\\\/\",\"url\":\"https:\\\/\\\/www.immobilienbusiness.ch\\\/wp-content\\\/uploads\\\/2021\\\/07\\\/logo_ib.png\",\"contentUrl\":\"https:\\\/\\\/www.immobilienbusiness.ch\\\/wp-content\\\/uploads\\\/2021\\\/07\\\/logo_ib.png\",\"width\":800,\"height\":181,\"caption\":\"IMMOBILIEN Business\"},\"image\":{\"@id\":\"https:\\\/\\\/www.immobilienbusiness.ch\\\/#\\\/schema\\\/logo\\\/image\\\/\"},\"sameAs\":[\"https:\\\/\\\/www.facebook.com\\\/immobilienbusiness\\\/\"]},{\"@type\":\"Person\",\"@id\":\"https:\\\/\\\/www.immobilienbusiness.ch\\\/#\\\/schema\\\/person\\\/aba8bea2db926aa0c24c08c43fe1fcd5\",\"name\":\"Alexander Wachter\",\"image\":{\"@type\":\"ImageObject\",\"inLanguage\":\"fr-FR\",\"@id\":\"https:\\\/\\\/secure.gravatar.com\\\/avatar\\\/1a09e471f5389b0e0a6416eac287e0927c7c97a7b77f9e787eba3af7aee281dd?s=96&d=mm&r=g\",\"url\":\"https:\\\/\\\/secure.gravatar.com\\\/avatar\\\/1a09e471f5389b0e0a6416eac287e0927c7c97a7b77f9e787eba3af7aee281dd?s=96&d=mm&r=g\",\"contentUrl\":\"https:\\\/\\\/secure.gravatar.com\\\/avatar\\\/1a09e471f5389b0e0a6416eac287e0927c7c97a7b77f9e787eba3af7aee281dd?s=96&d=mm&r=g\",\"caption\":\"Alexander Wachter\"},\"url\":\"https:\\\/\\\/www.immobilienbusiness.ch\\\/fr\\\/author\\\/alexander-wachter\\\/\"}]}<\/script>\n<!-- \/ Yoast SEO plugin. -->","yoast_head_json":{"title":"Ebikon : Schindler pr\u00e9voit un h\u00f4tel et des appartements - IMMOBILIER Business","description":"Le fabricant mondial d'ascenseurs veut r\u00e9aliser d'ici 2028 un b\u00e2timent \u00e0 usage d'h\u00f4tel et de logements locatifs et cr\u00e9er ainsi des logements dont les employ\u00e9s et les visiteurs de son campus d'entreprise ont un besoin urgent.","robots":{"index":"index","follow":"follow","max-snippet":"max-snippet:-1","max-image-preview":"max-image-preview:large","max-video-preview":"max-video-preview:-1"},"canonical":"https:\/\/www.immobilienbusiness.ch\/fr\/regionen\/2025-06-30\/ebikon-schindler-plant-ein-eigenes-hotel\/","og_locale":"fr_FR","og_type":"article","og_title":"Ebikon: Schindler plant Hotel und Wohnungen - IMMOBILIEN Business","og_description":"Der weltweit t\u00e4tige Aufzug-Hersteller will bis 2028 ein Geb\u00e4ude mit Hotelnutzung und Mietwohnungen realisieren und damit dringend ben\u00f6tigte Unterk\u00fcnfte f\u00fcr Besch\u00e4ftigte und Besucher seines Unternehmenscampus schaffen.","og_url":"https:\/\/www.immobilienbusiness.ch\/fr\/regionen\/2025-06-30\/ebikon-schindler-plant-ein-eigenes-hotel\/","og_site_name":"IMMOBILIEN Business","article_publisher":"https:\/\/www.facebook.com\/immobilienbusiness\/","article_published_time":"2025-06-30T05:15:18+00:00","article_modified_time":"2025-07-03T10:26:51+00:00","og_image":[{"width":1200,"height":717,"url":"https:\/\/www.immobilienbusiness.ch\/wp-content\/uploads\/2025\/06\/Hotel_Schindler_Ebikon_K05_Final-01-scaled.jpg","type":"image\/jpeg"}],"author":"Alexander Wachter","twitter_card":"summary_large_image","schema":{"@context":"https:\/\/schema.org","@graph":[{"@type":"Article","@id":"https:\/\/www.immobilienbusiness.ch\/de\/regionen\/2025-06-30\/ebikon-schindler-plant-ein-eigenes-hotel\/#article","isPartOf":{"@id":"https:\/\/www.immobilienbusiness.ch\/de\/regionen\/2025-06-30\/ebikon-schindler-plant-ein-eigenes-hotel\/"},"author":{"name":"Alexander Wachter","@id":"https:\/\/www.immobilienbusiness.ch\/#\/schema\/person\/aba8bea2db926aa0c24c08c43fe1fcd5"},"headline":"Ebikon: Schindler plant Hotel und Wohnungen","datePublished":"2025-06-30T05:15:18+00:00","dateModified":"2025-07-03T10:26:51+00:00","mainEntityOfPage":{"@id":"https:\/\/www.immobilienbusiness.ch\/de\/regionen\/2025-06-30\/ebikon-schindler-plant-ein-eigenes-hotel\/"},"wordCount":239,"publisher":{"@id":"https:\/\/www.immobilienbusiness.ch\/#organization"},"image":{"@id":"https:\/\/www.immobilienbusiness.ch\/de\/regionen\/2025-06-30\/ebikon-schindler-plant-ein-eigenes-hotel\/#primaryimage"},"thumbnailUrl":"https:\/\/www.immobilienbusiness.ch\/wp-content\/uploads\/2025\/06\/Hotel_Schindler_Ebikon_K05_Final-01-scaled.jpg","keywords":["Corporate Real Estate","Ebikon","Hotel","Mietwohnungen","Projekt in Planung","Schindler"],"articleSection":["REGIONEN"],"inLanguage":"fr-FR"},{"@type":"WebPage","@id":"https:\/\/www.immobilienbusiness.ch\/de\/regionen\/2025-06-30\/ebikon-schindler-plant-ein-eigenes-hotel\/","url":"https:\/\/www.immobilienbusiness.ch\/de\/regionen\/2025-06-30\/ebikon-schindler-plant-ein-eigenes-hotel\/","name":"Ebikon : Schindler pr\u00e9voit un h\u00f4tel et des appartements - IMMOBILIER Business","isPartOf":{"@id":"https:\/\/www.immobilienbusiness.ch\/#website"},"primaryImageOfPage":{"@id":"https:\/\/www.immobilienbusiness.ch\/de\/regionen\/2025-06-30\/ebikon-schindler-plant-ein-eigenes-hotel\/#primaryimage"},"image":{"@id":"https:\/\/www.immobilienbusiness.ch\/de\/regionen\/2025-06-30\/ebikon-schindler-plant-ein-eigenes-hotel\/#primaryimage"},"thumbnailUrl":"https:\/\/www.immobilienbusiness.ch\/wp-content\/uploads\/2025\/06\/Hotel_Schindler_Ebikon_K05_Final-01-scaled.jpg","datePublished":"2025-06-30T05:15:18+00:00","dateModified":"2025-07-03T10:26:51+00:00","description":"Le fabricant mondial d'ascenseurs veut r\u00e9aliser d'ici 2028 un b\u00e2timent \u00e0 usage d'h\u00f4tel et de logements locatifs et cr\u00e9er ainsi des logements dont les employ\u00e9s et les visiteurs de son campus d'entreprise ont un besoin urgent.","breadcrumb":{"@id":"https:\/\/www.immobilienbusiness.ch\/de\/regionen\/2025-06-30\/ebikon-schindler-plant-ein-eigenes-hotel\/#breadcrumb"},"inLanguage":"fr-FR","potentialAction":[{"@type":"ReadAction","target":["https:\/\/www.immobilienbusiness.ch\/de\/regionen\/2025-06-30\/ebikon-schindler-plant-ein-eigenes-hotel\/"]}]},{"@type":"ImageObject","inLanguage":"fr-FR","@id":"https:\/\/www.immobilienbusiness.ch\/de\/regionen\/2025-06-30\/ebikon-schindler-plant-ein-eigenes-hotel\/#primaryimage","url":"https:\/\/www.immobilienbusiness.ch\/wp-content\/uploads\/2025\/06\/Hotel_Schindler_Ebikon_K05_Final-01-scaled.jpg","contentUrl":"https:\/\/www.immobilienbusiness.ch\/wp-content\/uploads\/2025\/06\/Hotel_Schindler_Ebikon_K05_Final-01-scaled.jpg","width":1200,"height":717,"caption":"Der geplante Komplex von Schindler in Ebikon umfasst ein Hotel und Mietwohnungen (Visualisierung: zVg)"},{"@type":"BreadcrumbList","@id":"https:\/\/www.immobilienbusiness.ch\/de\/regionen\/2025-06-30\/ebikon-schindler-plant-ein-eigenes-hotel\/#breadcrumb","itemListElement":[{"@type":"ListItem","position":1,"name":"Home","item":"https:\/\/www.immobilienbusiness.ch\/"},{"@type":"ListItem","position":2,"name":"Ebikon: Schindler plant Hotel und Wohnungen"}]},{"@type":"WebSite","@id":"https:\/\/www.immobilienbusiness.ch\/#website","url":"https:\/\/www.immobilienbusiness.ch\/","name":"IMMOBILIER Business","description":"Magazine \u00e9conomique suisse ind\u00e9pendant ax\u00e9 sur l'immobilier, l'architecture et la construction ainsi que sur les investissements et le financement.","publisher":{"@id":"https:\/\/www.immobilienbusiness.ch\/#organization"},"potentialAction":[{"@type":"SearchAction","target":{"@type":"EntryPoint","urlTemplate":"https:\/\/www.immobilienbusiness.ch\/?s={search_term_string}"},"query-input":{"@type":"PropertyValueSpecification","valueRequired":true,"valueName":"search_term_string"}}],"inLanguage":"fr-FR"},{"@type":"Organization","@id":"https:\/\/www.immobilienbusiness.ch\/#organization","name":"IMMOBILIER Business","url":"https:\/\/www.immobilienbusiness.ch\/","logo":{"@type":"ImageObject","inLanguage":"fr-FR","@id":"https:\/\/www.immobilienbusiness.ch\/#\/schema\/logo\/image\/","url":"https:\/\/www.immobilienbusiness.ch\/wp-content\/uploads\/2021\/07\/logo_ib.png","contentUrl":"https:\/\/www.immobilienbusiness.ch\/wp-content\/uploads\/2021\/07\/logo_ib.png","width":800,"height":181,"caption":"IMMOBILIEN Business"},"image":{"@id":"https:\/\/www.immobilienbusiness.ch\/#\/schema\/logo\/image\/"},"sameAs":["https:\/\/www.facebook.com\/immobilienbusiness\/"]},{"@type":"Person","@id":"https:\/\/www.immobilienbusiness.ch\/#\/schema\/person\/aba8bea2db926aa0c24c08c43fe1fcd5","name":"Alexander Wachter","image":{"@type":"ImageObject","inLanguage":"fr-FR","@id":"https:\/\/secure.gravatar.com\/avatar\/1a09e471f5389b0e0a6416eac287e0927c7c97a7b77f9e787eba3af7aee281dd?s=96&d=mm&r=g","url":"https:\/\/secure.gravatar.com\/avatar\/1a09e471f5389b0e0a6416eac287e0927c7c97a7b77f9e787eba3af7aee281dd?s=96&d=mm&r=g","contentUrl":"https:\/\/secure.gravatar.com\/avatar\/1a09e471f5389b0e0a6416eac287e0927c7c97a7b77f9e787eba3af7aee281dd?s=96&d=mm&r=g","caption":"Alexander Wachter"},"url":"https:\/\/www.immobilienbusiness.ch\/fr\/author\/alexander-wachter\/"}]}},"_links":{"self":[{"href":"https:\/\/www.immobilienbusiness.ch\/fr\/wp-json\/wp\/v2\/posts\/64243","targetHints":{"allow":["GET"]}}],"collection":[{"href":"https:\/\/www.immobilienbusiness.ch\/fr\/wp-json\/wp\/v2\/posts"}],"about":[{"href":"https:\/\/www.immobilienbusiness.ch\/fr\/wp-json\/wp\/v2\/types\/post"}],"author":[{"embeddable":true,"href":"https:\/\/www.immobilienbusiness.ch\/fr\/wp-json\/wp\/v2\/users\/102"}],"replies":[{"embeddable":true,"href":"https:\/\/www.immobilienbusiness.ch\/fr\/wp-json\/wp\/v2\/comments?post=64243"}],"version-history":[{"count":2,"href":"https:\/\/www.immobilienbusiness.ch\/fr\/wp-json\/wp\/v2\/posts\/64243\/revisions"}],"predecessor-version":[{"id":64246,"href":"https:\/\/www.immobilienbusiness.ch\/fr\/wp-json\/wp\/v2\/posts\/64243\/revisions\/64246"}],"wp:featuredmedia":[{"embeddable":true,"href":"https:\/\/www.immobilienbusiness.ch\/fr\/wp-json\/wp\/v2\/media\/64244"}],"wp:attachment":[{"href":"https:\/\/www.immobilienbusiness.ch\/fr\/wp-json\/wp\/v2\/media?parent=64243"}],"wp:term":[{"taxonomy":"category","embeddable":true,"href":"https:\/\/www.immobilienbusiness.ch\/fr\/wp-json\/wp\/v2\/categories?post=64243"},{"taxonomy":"post_tag","embeddable":true,"href":"https:\/\/www.immobilienbusiness.ch\/fr\/wp-json\/wp\/v2\/tags?post=64243"}],"curies":[{"name":"wp","href":"https:\/\/api.w.org\/{rel}","templated":true}]}}