{"id":64060,"date":"2025-06-14T07:51:25","date_gmt":"2025-06-14T05:51:25","guid":{"rendered":"https:\/\/www.immobilienbusiness.ch\/?p=64060"},"modified":"2025-06-27T07:51:42","modified_gmt":"2025-06-27T05:51:42","slug":"la-fonciere-mietertrag-deutlich-gestiegen","status":"publish","type":"post","link":"https:\/\/www.immobilienbusiness.ch\/fr\/unternehmen\/2025-06-14\/la-fonciere-mietertrag-deutlich-gestiegen\/","title":{"rendered":"La Fonci\u00e8re : revenus locatifs en nette hausse"},"content":{"rendered":"<figure id=\"attachment_61276\" aria-describedby=\"caption-attachment-61276\" style=\"width: 738px\" class=\"wp-caption alignnone\"><a href=\"https:\/\/www.immobilienbusiness.ch\/wp-content\/uploads\/2024\/11\/Fonciere-Servett-93-Genf.png\"><img loading=\"lazy\" decoding=\"async\" class=\"size-full wp-image-61276\" src=\"https:\/\/www.immobilienbusiness.ch\/wp-content\/uploads\/2024\/11\/Fonciere-Servett-93-Genf.png\" alt=\"\" width=\"738\" height=\"465\" srcset=\"https:\/\/www.immobilienbusiness.ch\/wp-content\/uploads\/2024\/11\/Fonciere-Servett-93-Genf.png 738w, https:\/\/www.immobilienbusiness.ch\/wp-content\/uploads\/2024\/11\/Fonciere-Servett-93-Genf-300x189.png 300w, https:\/\/www.immobilienbusiness.ch\/wp-content\/uploads\/2024\/11\/Fonciere-Servett-93-Genf-18x12.png 18w, https:\/\/www.immobilienbusiness.ch\/wp-content\/uploads\/2024\/11\/Fonciere-Servett-93-Genf-375x236.png 375w, https:\/\/www.immobilienbusiness.ch\/wp-content\/uploads\/2024\/11\/Fonciere-Servett-93-Genf-555x350.png 555w\" sizes=\"auto, (max-width: 738px) 100vw, 738px\" \/><\/a><figcaption id=\"caption-attachment-61276\" class=\"wp-caption-text\">La rue de la Servette 93 \u00e0 Gen\u00e8ve (photo : La Fonci\u00e8re)<\/figcaption><\/figure>\n<p>Selon le rapport semestriel, le fonds immobilier La Fonci\u00e8re a franchi pour la premi\u00e8re fois le seuil des 50 millions de CHF de revenus locatifs. Les revenus locatifs ont augment\u00e9 de 13,4% pour atteindre 50,3 millions de CHF. En ce qui concerne le revenu net, le fonds a enregistr\u00e9 une augmentation de 16,0% par rapport \u00e0 la m\u00eame p\u00e9riode de l'ann\u00e9e pr\u00e9c\u00e9dente, pour atteindre 19,4 millions de CHF :<\/p>\n<p>Le taux d'endettement a \u00e9t\u00e9 r\u00e9duit de 6,3 % par rapport au premier semestre pour atteindre 18,7% . Au cours du premier semestre, le fonds a acquis pour 59,1 millions de CHF le nouvel immeuble situ\u00e9 au 93 rue de la Servette \u00e0 Gen\u00e8ve, qui avait \u00e9t\u00e9 construit en m\u00eame temps que l'immeuble num\u00e9ro 89 abc construit par le fonds. Aucune vente n'a eu lieu au cours du premier semestre.<\/p>\n<p>Le r\u00e9sultat total de 13,7 millions de CHF est nettement inf\u00e9rieur \u00e0 celui d'il y a un an (47,6 millions). Cela s'explique par une perte en capital non r\u00e9alis\u00e9e de 5,6 millions d'euros. CHF, contre un b\u00e9n\u00e9fice correspondant de 30,9 millions de CHF \u00e0 la m\u00eame p\u00e9riode. Toutefois, seuls quelques immeubles s\u00e9lectionn\u00e9s ont \u00e9t\u00e9 r\u00e9\u00e9valu\u00e9s au cours du semestre, ces chiffres doivent donc \u00eatre consid\u00e9r\u00e9s comme un instantan\u00e9. <em>(aw)<\/em><\/p>","protected":false},"excerpt":{"rendered":"<p>Le fonds a consid\u00e9rablement augment\u00e9 ses revenus locatifs et son revenu net au cours de la premi\u00e8re moiti\u00e9 de l'ann\u00e9e.<\/p>","protected":false},"author":102,"featured_media":61276,"comment_status":"closed","ping_status":"closed","sticky":false,"template":"","format":"standard","meta":{"_acf_changed":false,"_yoast_wpseo_focuskw":"La Fonci\u00e8re","_yoast_wpseo_title":"","_yoast_wpseo_metadesc":"Der Fonds hat in der ersten Halbjahresperiode sowohl den Mietertrag als auch den Nettoertrag erheblich ausgebaut.","_yoast_wpseo_linkdex":55,"pgc_sgb_lightbox_settings":"","footnotes":""},"categories":[988],"tags":[1290,1344,1431],"class_list":["post-64060","post","type-post","status-publish","format-standard","has-post-thumbnail","hentry","category-unternehmen","tag-halbjahresergebnis","tag-immobilienfonds","tag-la-fonciere"],"acf":[],"yoast_head":"<!-- This site is optimized with the Yoast SEO plugin v27.5 - https:\/\/yoast.com\/product\/yoast-seo-wordpress\/ -->\n<title>La Fonci\u00e8re: Mietertrag deutlich gestiegen - IMMOBILIEN Business<\/title>\n<meta name=\"description\" content=\"Der Fonds hat in der ersten Halbjahresperiode sowohl den Mietertrag als auch den Nettoertrag erheblich ausgebaut.\" \/>\n<meta name=\"robots\" content=\"index, follow, max-snippet:-1, max-image-preview:large, max-video-preview:-1\" \/>\n<link rel=\"canonical\" href=\"https:\/\/www.immobilienbusiness.ch\/fr\/unternehmen\/2025-06-14\/la-fonciere-mietertrag-deutlich-gestiegen\/\" \/>\n<meta property=\"og:locale\" content=\"fr_FR\" \/>\n<meta property=\"og:type\" content=\"article\" \/>\n<meta property=\"og:title\" content=\"La Fonci\u00e8re: Mietertrag deutlich gestiegen - IMMOBILIEN Business\" \/>\n<meta property=\"og:description\" content=\"Der Fonds hat in der ersten Halbjahresperiode sowohl den Mietertrag als auch den Nettoertrag erheblich ausgebaut.\" \/>\n<meta property=\"og:url\" content=\"https:\/\/www.immobilienbusiness.ch\/fr\/unternehmen\/2025-06-14\/la-fonciere-mietertrag-deutlich-gestiegen\/\" \/>\n<meta property=\"og:site_name\" content=\"IMMOBILIEN Business\" \/>\n<meta property=\"article:publisher\" content=\"https:\/\/www.facebook.com\/immobilienbusiness\/\" \/>\n<meta property=\"article:published_time\" content=\"2025-06-14T05:51:25+00:00\" \/>\n<meta property=\"article:modified_time\" content=\"2025-06-27T05:51:42+00:00\" \/>\n<meta property=\"og:image\" content=\"https:\/\/www.immobilienbusiness.ch\/wp-content\/uploads\/2024\/11\/Fonciere-Servett-93-Genf.png\" \/>\n\t<meta property=\"og:image:width\" content=\"738\" \/>\n\t<meta property=\"og:image:height\" content=\"465\" \/>\n\t<meta property=\"og:image:type\" content=\"image\/png\" \/>\n<meta name=\"author\" content=\"Alexander Wachter\" \/>\n<meta name=\"twitter:card\" content=\"summary_large_image\" \/>\n<script type=\"application\/ld+json\" class=\"yoast-schema-graph\">{\"@context\":\"https:\\\/\\\/schema.org\",\"@graph\":[{\"@type\":\"Article\",\"@id\":\"https:\\\/\\\/www.immobilienbusiness.ch\\\/it\\\/unternehmen\\\/2025-06-14\\\/la-fonciere-mietertrag-deutlich-gestiegen\\\/#article\",\"isPartOf\":{\"@id\":\"https:\\\/\\\/www.immobilienbusiness.ch\\\/it\\\/unternehmen\\\/2025-06-14\\\/la-fonciere-mietertrag-deutlich-gestiegen\\\/\"},\"author\":{\"name\":\"Alexander Wachter\",\"@id\":\"https:\\\/\\\/www.immobilienbusiness.ch\\\/#\\\/schema\\\/person\\\/aba8bea2db926aa0c24c08c43fe1fcd5\"},\"headline\":\"La Fonci\u00e8re: Mietertrag deutlich gestiegen\",\"datePublished\":\"2025-06-14T05:51:25+00:00\",\"dateModified\":\"2025-06-27T05:51:42+00:00\",\"mainEntityOfPage\":{\"@id\":\"https:\\\/\\\/www.immobilienbusiness.ch\\\/it\\\/unternehmen\\\/2025-06-14\\\/la-fonciere-mietertrag-deutlich-gestiegen\\\/\"},\"wordCount\":177,\"publisher\":{\"@id\":\"https:\\\/\\\/www.immobilienbusiness.ch\\\/#organization\"},\"image\":{\"@id\":\"https:\\\/\\\/www.immobilienbusiness.ch\\\/it\\\/unternehmen\\\/2025-06-14\\\/la-fonciere-mietertrag-deutlich-gestiegen\\\/#primaryimage\"},\"thumbnailUrl\":\"https:\\\/\\\/www.immobilienbusiness.ch\\\/wp-content\\\/uploads\\\/2024\\\/11\\\/Fonciere-Servett-93-Genf.png\",\"keywords\":[\"Halbjahresergebnis\",\"Immobilienfonds\",\"La Fonci\u00e8re\"],\"articleSection\":[\"UNTERNEHMEN\"],\"inLanguage\":\"fr-FR\"},{\"@type\":\"WebPage\",\"@id\":\"https:\\\/\\\/www.immobilienbusiness.ch\\\/it\\\/unternehmen\\\/2025-06-14\\\/la-fonciere-mietertrag-deutlich-gestiegen\\\/\",\"url\":\"https:\\\/\\\/www.immobilienbusiness.ch\\\/it\\\/unternehmen\\\/2025-06-14\\\/la-fonciere-mietertrag-deutlich-gestiegen\\\/\",\"name\":\"La Fonci\u00e8re: Mietertrag deutlich gestiegen - IMMOBILIEN Business\",\"isPartOf\":{\"@id\":\"https:\\\/\\\/www.immobilienbusiness.ch\\\/#website\"},\"primaryImageOfPage\":{\"@id\":\"https:\\\/\\\/www.immobilienbusiness.ch\\\/it\\\/unternehmen\\\/2025-06-14\\\/la-fonciere-mietertrag-deutlich-gestiegen\\\/#primaryimage\"},\"image\":{\"@id\":\"https:\\\/\\\/www.immobilienbusiness.ch\\\/it\\\/unternehmen\\\/2025-06-14\\\/la-fonciere-mietertrag-deutlich-gestiegen\\\/#primaryimage\"},\"thumbnailUrl\":\"https:\\\/\\\/www.immobilienbusiness.ch\\\/wp-content\\\/uploads\\\/2024\\\/11\\\/Fonciere-Servett-93-Genf.png\",\"datePublished\":\"2025-06-14T05:51:25+00:00\",\"dateModified\":\"2025-06-27T05:51:42+00:00\",\"description\":\"Der Fonds hat in der ersten Halbjahresperiode sowohl den Mietertrag als auch den Nettoertrag erheblich ausgebaut.\",\"breadcrumb\":{\"@id\":\"https:\\\/\\\/www.immobilienbusiness.ch\\\/it\\\/unternehmen\\\/2025-06-14\\\/la-fonciere-mietertrag-deutlich-gestiegen\\\/#breadcrumb\"},\"inLanguage\":\"fr-FR\",\"potentialAction\":[{\"@type\":\"ReadAction\",\"target\":[\"https:\\\/\\\/www.immobilienbusiness.ch\\\/it\\\/unternehmen\\\/2025-06-14\\\/la-fonciere-mietertrag-deutlich-gestiegen\\\/\"]}]},{\"@type\":\"ImageObject\",\"inLanguage\":\"fr-FR\",\"@id\":\"https:\\\/\\\/www.immobilienbusiness.ch\\\/it\\\/unternehmen\\\/2025-06-14\\\/la-fonciere-mietertrag-deutlich-gestiegen\\\/#primaryimage\",\"url\":\"https:\\\/\\\/www.immobilienbusiness.ch\\\/wp-content\\\/uploads\\\/2024\\\/11\\\/Fonciere-Servett-93-Genf.png\",\"contentUrl\":\"https:\\\/\\\/www.immobilienbusiness.ch\\\/wp-content\\\/uploads\\\/2024\\\/11\\\/Fonciere-Servett-93-Genf.png\",\"width\":738,\"height\":465,\"caption\":\"Die Rue de la Servette 89-93 in Genf (Bild: La Fonci\u00e8re)\"},{\"@type\":\"BreadcrumbList\",\"@id\":\"https:\\\/\\\/www.immobilienbusiness.ch\\\/it\\\/unternehmen\\\/2025-06-14\\\/la-fonciere-mietertrag-deutlich-gestiegen\\\/#breadcrumb\",\"itemListElement\":[{\"@type\":\"ListItem\",\"position\":1,\"name\":\"Home\",\"item\":\"https:\\\/\\\/www.immobilienbusiness.ch\\\/\"},{\"@type\":\"ListItem\",\"position\":2,\"name\":\"La Fonci\u00e8re: Mietertrag deutlich gestiegen\"}]},{\"@type\":\"WebSite\",\"@id\":\"https:\\\/\\\/www.immobilienbusiness.ch\\\/#website\",\"url\":\"https:\\\/\\\/www.immobilienbusiness.ch\\\/\",\"name\":\"IMMOBILIEN Business\",\"description\":\"Unabh\u00e4ngiges Schweizer Wirtschaftsmagazin mit Fokus auf Immobilien, Architektur- und Bau sowie Investment- und Finanzierung.\",\"publisher\":{\"@id\":\"https:\\\/\\\/www.immobilienbusiness.ch\\\/#organization\"},\"potentialAction\":[{\"@type\":\"SearchAction\",\"target\":{\"@type\":\"EntryPoint\",\"urlTemplate\":\"https:\\\/\\\/www.immobilienbusiness.ch\\\/?s={search_term_string}\"},\"query-input\":{\"@type\":\"PropertyValueSpecification\",\"valueRequired\":true,\"valueName\":\"search_term_string\"}}],\"inLanguage\":\"fr-FR\"},{\"@type\":\"Organization\",\"@id\":\"https:\\\/\\\/www.immobilienbusiness.ch\\\/#organization\",\"name\":\"IMMOBILIEN Business\",\"url\":\"https:\\\/\\\/www.immobilienbusiness.ch\\\/\",\"logo\":{\"@type\":\"ImageObject\",\"inLanguage\":\"fr-FR\",\"@id\":\"https:\\\/\\\/www.immobilienbusiness.ch\\\/#\\\/schema\\\/logo\\\/image\\\/\",\"url\":\"https:\\\/\\\/www.immobilienbusiness.ch\\\/wp-content\\\/uploads\\\/2021\\\/07\\\/logo_ib.png\",\"contentUrl\":\"https:\\\/\\\/www.immobilienbusiness.ch\\\/wp-content\\\/uploads\\\/2021\\\/07\\\/logo_ib.png\",\"width\":800,\"height\":181,\"caption\":\"IMMOBILIEN Business\"},\"image\":{\"@id\":\"https:\\\/\\\/www.immobilienbusiness.ch\\\/#\\\/schema\\\/logo\\\/image\\\/\"},\"sameAs\":[\"https:\\\/\\\/www.facebook.com\\\/immobilienbusiness\\\/\"]},{\"@type\":\"Person\",\"@id\":\"https:\\\/\\\/www.immobilienbusiness.ch\\\/#\\\/schema\\\/person\\\/aba8bea2db926aa0c24c08c43fe1fcd5\",\"name\":\"Alexander Wachter\",\"image\":{\"@type\":\"ImageObject\",\"inLanguage\":\"fr-FR\",\"@id\":\"https:\\\/\\\/secure.gravatar.com\\\/avatar\\\/1a09e471f5389b0e0a6416eac287e0927c7c97a7b77f9e787eba3af7aee281dd?s=96&d=mm&r=g\",\"url\":\"https:\\\/\\\/secure.gravatar.com\\\/avatar\\\/1a09e471f5389b0e0a6416eac287e0927c7c97a7b77f9e787eba3af7aee281dd?s=96&d=mm&r=g\",\"contentUrl\":\"https:\\\/\\\/secure.gravatar.com\\\/avatar\\\/1a09e471f5389b0e0a6416eac287e0927c7c97a7b77f9e787eba3af7aee281dd?s=96&d=mm&r=g\",\"caption\":\"Alexander Wachter\"},\"url\":\"https:\\\/\\\/www.immobilienbusiness.ch\\\/fr\\\/author\\\/alexander-wachter\\\/\"}]}<\/script>\n<!-- \/ Yoast SEO plugin. -->","yoast_head_json":{"title":"La Fonci\u00e8re: Mietertrag deutlich gestiegen - IMMOBILIEN Business","description":"Le fonds a consid\u00e9rablement augment\u00e9 ses revenus locatifs et son revenu net au cours de la premi\u00e8re moiti\u00e9 de l'ann\u00e9e.","robots":{"index":"index","follow":"follow","max-snippet":"max-snippet:-1","max-image-preview":"max-image-preview:large","max-video-preview":"max-video-preview:-1"},"canonical":"https:\/\/www.immobilienbusiness.ch\/fr\/unternehmen\/2025-06-14\/la-fonciere-mietertrag-deutlich-gestiegen\/","og_locale":"fr_FR","og_type":"article","og_title":"La Fonci\u00e8re: Mietertrag deutlich gestiegen - IMMOBILIEN Business","og_description":"Der Fonds hat in der ersten Halbjahresperiode sowohl den Mietertrag als auch den Nettoertrag erheblich ausgebaut.","og_url":"https:\/\/www.immobilienbusiness.ch\/fr\/unternehmen\/2025-06-14\/la-fonciere-mietertrag-deutlich-gestiegen\/","og_site_name":"IMMOBILIEN Business","article_publisher":"https:\/\/www.facebook.com\/immobilienbusiness\/","article_published_time":"2025-06-14T05:51:25+00:00","article_modified_time":"2025-06-27T05:51:42+00:00","og_image":[{"width":738,"height":465,"url":"https:\/\/www.immobilienbusiness.ch\/wp-content\/uploads\/2024\/11\/Fonciere-Servett-93-Genf.png","type":"image\/png"}],"author":"Alexander Wachter","twitter_card":"summary_large_image","schema":{"@context":"https:\/\/schema.org","@graph":[{"@type":"Article","@id":"https:\/\/www.immobilienbusiness.ch\/it\/unternehmen\/2025-06-14\/la-fonciere-mietertrag-deutlich-gestiegen\/#article","isPartOf":{"@id":"https:\/\/www.immobilienbusiness.ch\/it\/unternehmen\/2025-06-14\/la-fonciere-mietertrag-deutlich-gestiegen\/"},"author":{"name":"Alexander Wachter","@id":"https:\/\/www.immobilienbusiness.ch\/#\/schema\/person\/aba8bea2db926aa0c24c08c43fe1fcd5"},"headline":"La Fonci\u00e8re: Mietertrag deutlich gestiegen","datePublished":"2025-06-14T05:51:25+00:00","dateModified":"2025-06-27T05:51:42+00:00","mainEntityOfPage":{"@id":"https:\/\/www.immobilienbusiness.ch\/it\/unternehmen\/2025-06-14\/la-fonciere-mietertrag-deutlich-gestiegen\/"},"wordCount":177,"publisher":{"@id":"https:\/\/www.immobilienbusiness.ch\/#organization"},"image":{"@id":"https:\/\/www.immobilienbusiness.ch\/it\/unternehmen\/2025-06-14\/la-fonciere-mietertrag-deutlich-gestiegen\/#primaryimage"},"thumbnailUrl":"https:\/\/www.immobilienbusiness.ch\/wp-content\/uploads\/2024\/11\/Fonciere-Servett-93-Genf.png","keywords":["Halbjahresergebnis","Immobilienfonds","La Fonci\u00e8re"],"articleSection":["UNTERNEHMEN"],"inLanguage":"fr-FR"},{"@type":"WebPage","@id":"https:\/\/www.immobilienbusiness.ch\/it\/unternehmen\/2025-06-14\/la-fonciere-mietertrag-deutlich-gestiegen\/","url":"https:\/\/www.immobilienbusiness.ch\/it\/unternehmen\/2025-06-14\/la-fonciere-mietertrag-deutlich-gestiegen\/","name":"La Fonci\u00e8re: Mietertrag deutlich gestiegen - IMMOBILIEN Business","isPartOf":{"@id":"https:\/\/www.immobilienbusiness.ch\/#website"},"primaryImageOfPage":{"@id":"https:\/\/www.immobilienbusiness.ch\/it\/unternehmen\/2025-06-14\/la-fonciere-mietertrag-deutlich-gestiegen\/#primaryimage"},"image":{"@id":"https:\/\/www.immobilienbusiness.ch\/it\/unternehmen\/2025-06-14\/la-fonciere-mietertrag-deutlich-gestiegen\/#primaryimage"},"thumbnailUrl":"https:\/\/www.immobilienbusiness.ch\/wp-content\/uploads\/2024\/11\/Fonciere-Servett-93-Genf.png","datePublished":"2025-06-14T05:51:25+00:00","dateModified":"2025-06-27T05:51:42+00:00","description":"Le fonds a consid\u00e9rablement augment\u00e9 ses revenus locatifs et son revenu net au cours de la premi\u00e8re moiti\u00e9 de l'ann\u00e9e.","breadcrumb":{"@id":"https:\/\/www.immobilienbusiness.ch\/it\/unternehmen\/2025-06-14\/la-fonciere-mietertrag-deutlich-gestiegen\/#breadcrumb"},"inLanguage":"fr-FR","potentialAction":[{"@type":"ReadAction","target":["https:\/\/www.immobilienbusiness.ch\/it\/unternehmen\/2025-06-14\/la-fonciere-mietertrag-deutlich-gestiegen\/"]}]},{"@type":"ImageObject","inLanguage":"fr-FR","@id":"https:\/\/www.immobilienbusiness.ch\/it\/unternehmen\/2025-06-14\/la-fonciere-mietertrag-deutlich-gestiegen\/#primaryimage","url":"https:\/\/www.immobilienbusiness.ch\/wp-content\/uploads\/2024\/11\/Fonciere-Servett-93-Genf.png","contentUrl":"https:\/\/www.immobilienbusiness.ch\/wp-content\/uploads\/2024\/11\/Fonciere-Servett-93-Genf.png","width":738,"height":465,"caption":"Die Rue de la Servette 89-93 in Genf (Bild: La Fonci\u00e8re)"},{"@type":"BreadcrumbList","@id":"https:\/\/www.immobilienbusiness.ch\/it\/unternehmen\/2025-06-14\/la-fonciere-mietertrag-deutlich-gestiegen\/#breadcrumb","itemListElement":[{"@type":"ListItem","position":1,"name":"Home","item":"https:\/\/www.immobilienbusiness.ch\/"},{"@type":"ListItem","position":2,"name":"La Fonci\u00e8re: Mietertrag deutlich gestiegen"}]},{"@type":"WebSite","@id":"https:\/\/www.immobilienbusiness.ch\/#website","url":"https:\/\/www.immobilienbusiness.ch\/","name":"IMMOBILIER Business","description":"Magazine \u00e9conomique suisse ind\u00e9pendant ax\u00e9 sur l'immobilier, l'architecture et la construction ainsi que sur les investissements et le financement.","publisher":{"@id":"https:\/\/www.immobilienbusiness.ch\/#organization"},"potentialAction":[{"@type":"SearchAction","target":{"@type":"EntryPoint","urlTemplate":"https:\/\/www.immobilienbusiness.ch\/?s={search_term_string}"},"query-input":{"@type":"PropertyValueSpecification","valueRequired":true,"valueName":"search_term_string"}}],"inLanguage":"fr-FR"},{"@type":"Organization","@id":"https:\/\/www.immobilienbusiness.ch\/#organization","name":"IMMOBILIER Business","url":"https:\/\/www.immobilienbusiness.ch\/","logo":{"@type":"ImageObject","inLanguage":"fr-FR","@id":"https:\/\/www.immobilienbusiness.ch\/#\/schema\/logo\/image\/","url":"https:\/\/www.immobilienbusiness.ch\/wp-content\/uploads\/2021\/07\/logo_ib.png","contentUrl":"https:\/\/www.immobilienbusiness.ch\/wp-content\/uploads\/2021\/07\/logo_ib.png","width":800,"height":181,"caption":"IMMOBILIEN Business"},"image":{"@id":"https:\/\/www.immobilienbusiness.ch\/#\/schema\/logo\/image\/"},"sameAs":["https:\/\/www.facebook.com\/immobilienbusiness\/"]},{"@type":"Person","@id":"https:\/\/www.immobilienbusiness.ch\/#\/schema\/person\/aba8bea2db926aa0c24c08c43fe1fcd5","name":"Alexander Wachter","image":{"@type":"ImageObject","inLanguage":"fr-FR","@id":"https:\/\/secure.gravatar.com\/avatar\/1a09e471f5389b0e0a6416eac287e0927c7c97a7b77f9e787eba3af7aee281dd?s=96&d=mm&r=g","url":"https:\/\/secure.gravatar.com\/avatar\/1a09e471f5389b0e0a6416eac287e0927c7c97a7b77f9e787eba3af7aee281dd?s=96&d=mm&r=g","contentUrl":"https:\/\/secure.gravatar.com\/avatar\/1a09e471f5389b0e0a6416eac287e0927c7c97a7b77f9e787eba3af7aee281dd?s=96&d=mm&r=g","caption":"Alexander Wachter"},"url":"https:\/\/www.immobilienbusiness.ch\/fr\/author\/alexander-wachter\/"}]}},"_links":{"self":[{"href":"https:\/\/www.immobilienbusiness.ch\/fr\/wp-json\/wp\/v2\/posts\/64060","targetHints":{"allow":["GET"]}}],"collection":[{"href":"https:\/\/www.immobilienbusiness.ch\/fr\/wp-json\/wp\/v2\/posts"}],"about":[{"href":"https:\/\/www.immobilienbusiness.ch\/fr\/wp-json\/wp\/v2\/types\/post"}],"author":[{"embeddable":true,"href":"https:\/\/www.immobilienbusiness.ch\/fr\/wp-json\/wp\/v2\/users\/102"}],"replies":[{"embeddable":true,"href":"https:\/\/www.immobilienbusiness.ch\/fr\/wp-json\/wp\/v2\/comments?post=64060"}],"version-history":[{"count":1,"href":"https:\/\/www.immobilienbusiness.ch\/fr\/wp-json\/wp\/v2\/posts\/64060\/revisions"}],"predecessor-version":[{"id":64061,"href":"https:\/\/www.immobilienbusiness.ch\/fr\/wp-json\/wp\/v2\/posts\/64060\/revisions\/64061"}],"wp:featuredmedia":[{"embeddable":true,"href":"https:\/\/www.immobilienbusiness.ch\/fr\/wp-json\/wp\/v2\/media\/61276"}],"wp:attachment":[{"href":"https:\/\/www.immobilienbusiness.ch\/fr\/wp-json\/wp\/v2\/media?parent=64060"}],"wp:term":[{"taxonomy":"category","embeddable":true,"href":"https:\/\/www.immobilienbusiness.ch\/fr\/wp-json\/wp\/v2\/categories?post=64060"},{"taxonomy":"post_tag","embeddable":true,"href":"https:\/\/www.immobilienbusiness.ch\/fr\/wp-json\/wp\/v2\/tags?post=64060"}],"curies":[{"name":"wp","href":"https:\/\/api.w.org\/{rel}","templated":true}]}}