{"id":63758,"date":"2025-05-26T08:38:14","date_gmt":"2025-05-26T06:38:14","guid":{"rendered":"https:\/\/www.immobilienbusiness.ch\/?p=63758"},"modified":"2025-05-28T09:07:17","modified_gmt":"2025-05-28T07:07:17","slug":"swiss-life-ast-wechsel-der-geschaeftsfuehrung","status":"publish","type":"post","link":"https:\/\/www.immobilienbusiness.ch\/fr\/personalia\/2025-05-26\/swiss-life-ast-wechsel-der-geschaeftsfuehrung\/","title":{"rendered":"Swiss Life AST : Changement de direction"},"content":{"rendered":"<figure id=\"attachment_63759\" aria-describedby=\"caption-attachment-63759\" style=\"width: 721px\" class=\"wp-caption alignnone\"><a href=\"https:\/\/www.immobilienbusiness.ch\/wp-content\/uploads\/2025\/05\/Sonja-Spichtig-Gruenvogel-zvg.png\"><img loading=\"lazy\" decoding=\"async\" class=\"size-full wp-image-63759\" src=\"https:\/\/www.immobilienbusiness.ch\/wp-content\/uploads\/2025\/05\/Sonja-Spichtig-Gruenvogel-zvg.png\" alt=\"\" width=\"721\" height=\"588\" srcset=\"https:\/\/www.immobilienbusiness.ch\/wp-content\/uploads\/2025\/05\/Sonja-Spichtig-Gruenvogel-zvg.png 721w, https:\/\/www.immobilienbusiness.ch\/wp-content\/uploads\/2025\/05\/Sonja-Spichtig-Gruenvogel-zvg-300x245.png 300w, https:\/\/www.immobilienbusiness.ch\/wp-content\/uploads\/2025\/05\/Sonja-Spichtig-Gruenvogel-zvg-15x12.png 15w, https:\/\/www.immobilienbusiness.ch\/wp-content\/uploads\/2025\/05\/Sonja-Spichtig-Gruenvogel-zvg-368x300.png 368w, https:\/\/www.immobilienbusiness.ch\/wp-content\/uploads\/2025\/05\/Sonja-Spichtig-Gruenvogel-zvg-429x350.png 429w\" sizes=\"auto, (max-width: 721px) 100vw, 721px\" \/><\/a><figcaption id=\"caption-attachment-63759\" class=\"wp-caption-text\">Sonja Spichtig Gr\u00fcnvogel (photo : \u00a9 Fondation de placement Swiss Life)<\/figcaption><\/figure>\n<p>Apr\u00e8s avoir \u00e9t\u00e9 CEO de la fondation de placement Swiss Life pendant 16 ans, Stephan Thaler remettra la direction de l'entreprise en octobre \u00e0 Sonja Spichtig Gr\u00fcnvogel, qui la rejoindra en provenance de Swisscanto. Thaler travaillera comme Senior Advisor pour la fondation de placement Swiss Life jusqu'\u00e0 sa retraite ordinaire en 2027, \u00e9crit Swiss Life dans un communiqu\u00e9. Mme Gr\u00fcnvogel rapportera directement \u00e0 Robin van Berkel, Chief Operating Officer (COO) de Swiss Life Asset Managers, et sera bas\u00e9e \u00e0 Zurich.<\/p>\n<p>Spichtig Gr\u00fcnvogel dirige depuis d\u00e9cembre 2016 les fondations de placement Swisscanto en tant que directrice de la direction de fonds. Auparavant, elle a occup\u00e9 des postes de direction \u00e0 la Banque J. Safra Sarasin. Elle a commenc\u00e9 sa carri\u00e8re professionnelle par un apprentissage bancaire au Credit Suisse \u00e0 Sarnen. Elle est titulaire d'une licence en sciences \u00e9conomiques de l'Universit\u00e9 de Zurich et est dipl\u00f4m\u00e9e en gestion de caisses de pension.<\/p>\n<p>Thaler a largement contribu\u00e9 au succ\u00e8s actuel de la fondation de placement, d\u00e9clare Hermann Inglin, pr\u00e9sident de la fondation de placement Swiss Life. \"Je suis tr\u00e8s heureux qu'il continue \u00e0 nous soutenir \u00e0 l'avenir avec son savoir-faire et son exp\u00e9rience en tant que Senior Advisor\". <em>(aw)<\/em><\/p>","protected":false},"excerpt":{"rendered":"<p>Sonja Spichtig Gr\u00fcnvogel arrive de Swisscanto \u00e0 la Fondation de placement Swiss Life et reprend la direction de Stephan Thaler au 1er octobre 2025.<\/p>","protected":false},"author":102,"featured_media":63759,"comment_status":"closed","ping_status":"closed","sticky":false,"template":"","format":"standard","meta":{"_acf_changed":false,"_yoast_wpseo_focuskw":"Swiss Life AST","_yoast_wpseo_title":"","_yoast_wpseo_metadesc":"Sonja Spichtig Gr\u00fcnvogel kommt von Swisscanto zur Anlagestiftung Swiss Life und \u00fcbernimmt per 1. Oktober 2025 die Gesch\u00e4ftsf\u00fchrung von Stephan Thaler","_yoast_wpseo_linkdex":51,"pgc_sgb_lightbox_settings":"","footnotes":""},"categories":[1912],"tags":[4214,1563,1765],"class_list":["post-63758","post","type-post","status-publish","format-standard","has-post-thumbnail","hentry","category-personalia","tag-anlagestiftung-swss-life","tag-personalia","tag-swisscanto"],"acf":[],"yoast_head":"<!-- This site is optimized with the Yoast SEO plugin v27.5 - https:\/\/yoast.com\/product\/yoast-seo-wordpress\/ -->\n<title>Swiss Life AST: Wechsel der Gesch\u00e4ftsf\u00fchrung - IMMOBILIEN Business<\/title>\n<meta name=\"description\" content=\"Sonja Spichtig Gr\u00fcnvogel kommt von Swisscanto zur Anlagestiftung Swiss Life und \u00fcbernimmt per 1. Oktober 2025 die Gesch\u00e4ftsf\u00fchrung von Stephan Thaler\" \/>\n<meta name=\"robots\" content=\"index, follow, max-snippet:-1, max-image-preview:large, max-video-preview:-1\" \/>\n<link rel=\"canonical\" href=\"https:\/\/www.immobilienbusiness.ch\/fr\/personalia\/2025-05-26\/swiss-life-ast-wechsel-der-geschaeftsfuehrung\/\" \/>\n<meta property=\"og:locale\" content=\"fr_FR\" \/>\n<meta property=\"og:type\" content=\"article\" \/>\n<meta property=\"og:title\" content=\"Swiss Life AST: Wechsel der Gesch\u00e4ftsf\u00fchrung - IMMOBILIEN Business\" \/>\n<meta property=\"og:description\" content=\"Sonja Spichtig Gr\u00fcnvogel kommt von Swisscanto zur Anlagestiftung Swiss Life und \u00fcbernimmt per 1. Oktober 2025 die Gesch\u00e4ftsf\u00fchrung von Stephan Thaler\" \/>\n<meta property=\"og:url\" content=\"https:\/\/www.immobilienbusiness.ch\/fr\/personalia\/2025-05-26\/swiss-life-ast-wechsel-der-geschaeftsfuehrung\/\" \/>\n<meta property=\"og:site_name\" content=\"IMMOBILIEN Business\" \/>\n<meta property=\"article:publisher\" content=\"https:\/\/www.facebook.com\/immobilienbusiness\/\" \/>\n<meta property=\"article:published_time\" content=\"2025-05-26T06:38:14+00:00\" \/>\n<meta property=\"article:modified_time\" content=\"2025-05-28T07:07:17+00:00\" \/>\n<meta property=\"og:image\" content=\"https:\/\/www.immobilienbusiness.ch\/wp-content\/uploads\/2025\/05\/Sonja-Spichtig-Gruenvogel-zvg.png\" \/>\n\t<meta property=\"og:image:width\" content=\"721\" \/>\n\t<meta property=\"og:image:height\" content=\"588\" \/>\n\t<meta property=\"og:image:type\" content=\"image\/png\" \/>\n<meta name=\"author\" content=\"Alexander Wachter\" \/>\n<meta name=\"twitter:card\" content=\"summary_large_image\" \/>\n<script type=\"application\/ld+json\" class=\"yoast-schema-graph\">{\"@context\":\"https:\\\/\\\/schema.org\",\"@graph\":[{\"@type\":\"Article\",\"@id\":\"https:\\\/\\\/www.immobilienbusiness.ch\\\/personalia\\\/2025-05-26\\\/swiss-life-ast-wechsel-der-geschaeftsfuehrung\\\/#article\",\"isPartOf\":{\"@id\":\"https:\\\/\\\/www.immobilienbusiness.ch\\\/personalia\\\/2025-05-26\\\/swiss-life-ast-wechsel-der-geschaeftsfuehrung\\\/\"},\"author\":{\"name\":\"Alexander Wachter\",\"@id\":\"https:\\\/\\\/www.immobilienbusiness.ch\\\/#\\\/schema\\\/person\\\/aba8bea2db926aa0c24c08c43fe1fcd5\"},\"headline\":\"Swiss Life AST: Wechsel der Gesch\u00e4ftsf\u00fchrung\",\"datePublished\":\"2025-05-26T06:38:14+00:00\",\"dateModified\":\"2025-05-28T07:07:17+00:00\",\"mainEntityOfPage\":{\"@id\":\"https:\\\/\\\/www.immobilienbusiness.ch\\\/personalia\\\/2025-05-26\\\/swiss-life-ast-wechsel-der-geschaeftsfuehrung\\\/\"},\"wordCount\":205,\"publisher\":{\"@id\":\"https:\\\/\\\/www.immobilienbusiness.ch\\\/#organization\"},\"image\":{\"@id\":\"https:\\\/\\\/www.immobilienbusiness.ch\\\/personalia\\\/2025-05-26\\\/swiss-life-ast-wechsel-der-geschaeftsfuehrung\\\/#primaryimage\"},\"thumbnailUrl\":\"https:\\\/\\\/www.immobilienbusiness.ch\\\/wp-content\\\/uploads\\\/2025\\\/05\\\/Sonja-Spichtig-Gruenvogel-zvg.png\",\"keywords\":[\"Anlagestiftung Swss Life\",\"Personalia\",\"Swisscanto\"],\"articleSection\":[\"PERSONALIA\"],\"inLanguage\":\"fr-FR\"},{\"@type\":\"WebPage\",\"@id\":\"https:\\\/\\\/www.immobilienbusiness.ch\\\/personalia\\\/2025-05-26\\\/swiss-life-ast-wechsel-der-geschaeftsfuehrung\\\/\",\"url\":\"https:\\\/\\\/www.immobilienbusiness.ch\\\/personalia\\\/2025-05-26\\\/swiss-life-ast-wechsel-der-geschaeftsfuehrung\\\/\",\"name\":\"Swiss Life AST: Wechsel der Gesch\u00e4ftsf\u00fchrung - IMMOBILIEN Business\",\"isPartOf\":{\"@id\":\"https:\\\/\\\/www.immobilienbusiness.ch\\\/#website\"},\"primaryImageOfPage\":{\"@id\":\"https:\\\/\\\/www.immobilienbusiness.ch\\\/personalia\\\/2025-05-26\\\/swiss-life-ast-wechsel-der-geschaeftsfuehrung\\\/#primaryimage\"},\"image\":{\"@id\":\"https:\\\/\\\/www.immobilienbusiness.ch\\\/personalia\\\/2025-05-26\\\/swiss-life-ast-wechsel-der-geschaeftsfuehrung\\\/#primaryimage\"},\"thumbnailUrl\":\"https:\\\/\\\/www.immobilienbusiness.ch\\\/wp-content\\\/uploads\\\/2025\\\/05\\\/Sonja-Spichtig-Gruenvogel-zvg.png\",\"datePublished\":\"2025-05-26T06:38:14+00:00\",\"dateModified\":\"2025-05-28T07:07:17+00:00\",\"description\":\"Sonja Spichtig Gr\u00fcnvogel kommt von Swisscanto zur Anlagestiftung Swiss Life und \u00fcbernimmt per 1. Oktober 2025 die Gesch\u00e4ftsf\u00fchrung von Stephan Thaler\",\"breadcrumb\":{\"@id\":\"https:\\\/\\\/www.immobilienbusiness.ch\\\/personalia\\\/2025-05-26\\\/swiss-life-ast-wechsel-der-geschaeftsfuehrung\\\/#breadcrumb\"},\"inLanguage\":\"fr-FR\",\"potentialAction\":[{\"@type\":\"ReadAction\",\"target\":[\"https:\\\/\\\/www.immobilienbusiness.ch\\\/personalia\\\/2025-05-26\\\/swiss-life-ast-wechsel-der-geschaeftsfuehrung\\\/\"]}]},{\"@type\":\"ImageObject\",\"inLanguage\":\"fr-FR\",\"@id\":\"https:\\\/\\\/www.immobilienbusiness.ch\\\/personalia\\\/2025-05-26\\\/swiss-life-ast-wechsel-der-geschaeftsfuehrung\\\/#primaryimage\",\"url\":\"https:\\\/\\\/www.immobilienbusiness.ch\\\/wp-content\\\/uploads\\\/2025\\\/05\\\/Sonja-Spichtig-Gruenvogel-zvg.png\",\"contentUrl\":\"https:\\\/\\\/www.immobilienbusiness.ch\\\/wp-content\\\/uploads\\\/2025\\\/05\\\/Sonja-Spichtig-Gruenvogel-zvg.png\",\"width\":721,\"height\":588,\"caption\":\"Sonja Spichtig Gr\u00fcnvogel (Bild: \u00a9 Anlagestiftung Swiss Life)\"},{\"@type\":\"BreadcrumbList\",\"@id\":\"https:\\\/\\\/www.immobilienbusiness.ch\\\/personalia\\\/2025-05-26\\\/swiss-life-ast-wechsel-der-geschaeftsfuehrung\\\/#breadcrumb\",\"itemListElement\":[{\"@type\":\"ListItem\",\"position\":1,\"name\":\"Home\",\"item\":\"https:\\\/\\\/www.immobilienbusiness.ch\\\/\"},{\"@type\":\"ListItem\",\"position\":2,\"name\":\"Swiss Life AST: Wechsel der Gesch\u00e4ftsf\u00fchrung\"}]},{\"@type\":\"WebSite\",\"@id\":\"https:\\\/\\\/www.immobilienbusiness.ch\\\/#website\",\"url\":\"https:\\\/\\\/www.immobilienbusiness.ch\\\/\",\"name\":\"IMMOBILIEN Business\",\"description\":\"Unabh\u00e4ngiges Schweizer Wirtschaftsmagazin mit Fokus auf Immobilien, Architektur- und Bau sowie Investment- und Finanzierung.\",\"publisher\":{\"@id\":\"https:\\\/\\\/www.immobilienbusiness.ch\\\/#organization\"},\"potentialAction\":[{\"@type\":\"SearchAction\",\"target\":{\"@type\":\"EntryPoint\",\"urlTemplate\":\"https:\\\/\\\/www.immobilienbusiness.ch\\\/?s={search_term_string}\"},\"query-input\":{\"@type\":\"PropertyValueSpecification\",\"valueRequired\":true,\"valueName\":\"search_term_string\"}}],\"inLanguage\":\"fr-FR\"},{\"@type\":\"Organization\",\"@id\":\"https:\\\/\\\/www.immobilienbusiness.ch\\\/#organization\",\"name\":\"IMMOBILIEN Business\",\"url\":\"https:\\\/\\\/www.immobilienbusiness.ch\\\/\",\"logo\":{\"@type\":\"ImageObject\",\"inLanguage\":\"fr-FR\",\"@id\":\"https:\\\/\\\/www.immobilienbusiness.ch\\\/#\\\/schema\\\/logo\\\/image\\\/\",\"url\":\"https:\\\/\\\/www.immobilienbusiness.ch\\\/wp-content\\\/uploads\\\/2021\\\/07\\\/logo_ib.png\",\"contentUrl\":\"https:\\\/\\\/www.immobilienbusiness.ch\\\/wp-content\\\/uploads\\\/2021\\\/07\\\/logo_ib.png\",\"width\":800,\"height\":181,\"caption\":\"IMMOBILIEN Business\"},\"image\":{\"@id\":\"https:\\\/\\\/www.immobilienbusiness.ch\\\/#\\\/schema\\\/logo\\\/image\\\/\"},\"sameAs\":[\"https:\\\/\\\/www.facebook.com\\\/immobilienbusiness\\\/\"]},{\"@type\":\"Person\",\"@id\":\"https:\\\/\\\/www.immobilienbusiness.ch\\\/#\\\/schema\\\/person\\\/aba8bea2db926aa0c24c08c43fe1fcd5\",\"name\":\"Alexander Wachter\",\"image\":{\"@type\":\"ImageObject\",\"inLanguage\":\"fr-FR\",\"@id\":\"https:\\\/\\\/secure.gravatar.com\\\/avatar\\\/1a09e471f5389b0e0a6416eac287e0927c7c97a7b77f9e787eba3af7aee281dd?s=96&d=mm&r=g\",\"url\":\"https:\\\/\\\/secure.gravatar.com\\\/avatar\\\/1a09e471f5389b0e0a6416eac287e0927c7c97a7b77f9e787eba3af7aee281dd?s=96&d=mm&r=g\",\"contentUrl\":\"https:\\\/\\\/secure.gravatar.com\\\/avatar\\\/1a09e471f5389b0e0a6416eac287e0927c7c97a7b77f9e787eba3af7aee281dd?s=96&d=mm&r=g\",\"caption\":\"Alexander Wachter\"},\"url\":\"https:\\\/\\\/www.immobilienbusiness.ch\\\/fr\\\/author\\\/alexander-wachter\\\/\"}]}<\/script>\n<!-- \/ Yoast SEO plugin. -->","yoast_head_json":{"title":"Swiss Life AST: Wechsel der Gesch\u00e4ftsf\u00fchrung - IMMOBILIEN Business","description":"Sonja Spichtig Gr\u00fcnvogel arrive de Swisscanto \u00e0 la Fondation de placement Swiss Life et reprend la direction de Stephan Thaler au 1er octobre 2025","robots":{"index":"index","follow":"follow","max-snippet":"max-snippet:-1","max-image-preview":"max-image-preview:large","max-video-preview":"max-video-preview:-1"},"canonical":"https:\/\/www.immobilienbusiness.ch\/fr\/personalia\/2025-05-26\/swiss-life-ast-wechsel-der-geschaeftsfuehrung\/","og_locale":"fr_FR","og_type":"article","og_title":"Swiss Life AST: Wechsel der Gesch\u00e4ftsf\u00fchrung - IMMOBILIEN Business","og_description":"Sonja Spichtig Gr\u00fcnvogel kommt von Swisscanto zur Anlagestiftung Swiss Life und \u00fcbernimmt per 1. Oktober 2025 die Gesch\u00e4ftsf\u00fchrung von Stephan Thaler","og_url":"https:\/\/www.immobilienbusiness.ch\/fr\/personalia\/2025-05-26\/swiss-life-ast-wechsel-der-geschaeftsfuehrung\/","og_site_name":"IMMOBILIEN Business","article_publisher":"https:\/\/www.facebook.com\/immobilienbusiness\/","article_published_time":"2025-05-26T06:38:14+00:00","article_modified_time":"2025-05-28T07:07:17+00:00","og_image":[{"width":721,"height":588,"url":"https:\/\/www.immobilienbusiness.ch\/wp-content\/uploads\/2025\/05\/Sonja-Spichtig-Gruenvogel-zvg.png","type":"image\/png"}],"author":"Alexander Wachter","twitter_card":"summary_large_image","schema":{"@context":"https:\/\/schema.org","@graph":[{"@type":"Article","@id":"https:\/\/www.immobilienbusiness.ch\/personalia\/2025-05-26\/swiss-life-ast-wechsel-der-geschaeftsfuehrung\/#article","isPartOf":{"@id":"https:\/\/www.immobilienbusiness.ch\/personalia\/2025-05-26\/swiss-life-ast-wechsel-der-geschaeftsfuehrung\/"},"author":{"name":"Alexander Wachter","@id":"https:\/\/www.immobilienbusiness.ch\/#\/schema\/person\/aba8bea2db926aa0c24c08c43fe1fcd5"},"headline":"Swiss Life AST: Wechsel der Gesch\u00e4ftsf\u00fchrung","datePublished":"2025-05-26T06:38:14+00:00","dateModified":"2025-05-28T07:07:17+00:00","mainEntityOfPage":{"@id":"https:\/\/www.immobilienbusiness.ch\/personalia\/2025-05-26\/swiss-life-ast-wechsel-der-geschaeftsfuehrung\/"},"wordCount":205,"publisher":{"@id":"https:\/\/www.immobilienbusiness.ch\/#organization"},"image":{"@id":"https:\/\/www.immobilienbusiness.ch\/personalia\/2025-05-26\/swiss-life-ast-wechsel-der-geschaeftsfuehrung\/#primaryimage"},"thumbnailUrl":"https:\/\/www.immobilienbusiness.ch\/wp-content\/uploads\/2025\/05\/Sonja-Spichtig-Gruenvogel-zvg.png","keywords":["Anlagestiftung Swss Life","Personalia","Swisscanto"],"articleSection":["PERSONALIA"],"inLanguage":"fr-FR"},{"@type":"WebPage","@id":"https:\/\/www.immobilienbusiness.ch\/personalia\/2025-05-26\/swiss-life-ast-wechsel-der-geschaeftsfuehrung\/","url":"https:\/\/www.immobilienbusiness.ch\/personalia\/2025-05-26\/swiss-life-ast-wechsel-der-geschaeftsfuehrung\/","name":"Swiss Life AST: Wechsel der Gesch\u00e4ftsf\u00fchrung - IMMOBILIEN Business","isPartOf":{"@id":"https:\/\/www.immobilienbusiness.ch\/#website"},"primaryImageOfPage":{"@id":"https:\/\/www.immobilienbusiness.ch\/personalia\/2025-05-26\/swiss-life-ast-wechsel-der-geschaeftsfuehrung\/#primaryimage"},"image":{"@id":"https:\/\/www.immobilienbusiness.ch\/personalia\/2025-05-26\/swiss-life-ast-wechsel-der-geschaeftsfuehrung\/#primaryimage"},"thumbnailUrl":"https:\/\/www.immobilienbusiness.ch\/wp-content\/uploads\/2025\/05\/Sonja-Spichtig-Gruenvogel-zvg.png","datePublished":"2025-05-26T06:38:14+00:00","dateModified":"2025-05-28T07:07:17+00:00","description":"Sonja Spichtig Gr\u00fcnvogel arrive de Swisscanto \u00e0 la Fondation de placement Swiss Life et reprend la direction de Stephan Thaler au 1er octobre 2025","breadcrumb":{"@id":"https:\/\/www.immobilienbusiness.ch\/personalia\/2025-05-26\/swiss-life-ast-wechsel-der-geschaeftsfuehrung\/#breadcrumb"},"inLanguage":"fr-FR","potentialAction":[{"@type":"ReadAction","target":["https:\/\/www.immobilienbusiness.ch\/personalia\/2025-05-26\/swiss-life-ast-wechsel-der-geschaeftsfuehrung\/"]}]},{"@type":"ImageObject","inLanguage":"fr-FR","@id":"https:\/\/www.immobilienbusiness.ch\/personalia\/2025-05-26\/swiss-life-ast-wechsel-der-geschaeftsfuehrung\/#primaryimage","url":"https:\/\/www.immobilienbusiness.ch\/wp-content\/uploads\/2025\/05\/Sonja-Spichtig-Gruenvogel-zvg.png","contentUrl":"https:\/\/www.immobilienbusiness.ch\/wp-content\/uploads\/2025\/05\/Sonja-Spichtig-Gruenvogel-zvg.png","width":721,"height":588,"caption":"Sonja Spichtig Gr\u00fcnvogel (Bild: \u00a9 Anlagestiftung Swiss Life)"},{"@type":"BreadcrumbList","@id":"https:\/\/www.immobilienbusiness.ch\/personalia\/2025-05-26\/swiss-life-ast-wechsel-der-geschaeftsfuehrung\/#breadcrumb","itemListElement":[{"@type":"ListItem","position":1,"name":"Home","item":"https:\/\/www.immobilienbusiness.ch\/"},{"@type":"ListItem","position":2,"name":"Swiss Life AST: Wechsel der Gesch\u00e4ftsf\u00fchrung"}]},{"@type":"WebSite","@id":"https:\/\/www.immobilienbusiness.ch\/#website","url":"https:\/\/www.immobilienbusiness.ch\/","name":"IMMOBILIER Business","description":"Magazine \u00e9conomique suisse ind\u00e9pendant ax\u00e9 sur l'immobilier, l'architecture et la construction ainsi que sur les investissements et le financement.","publisher":{"@id":"https:\/\/www.immobilienbusiness.ch\/#organization"},"potentialAction":[{"@type":"SearchAction","target":{"@type":"EntryPoint","urlTemplate":"https:\/\/www.immobilienbusiness.ch\/?s={search_term_string}"},"query-input":{"@type":"PropertyValueSpecification","valueRequired":true,"valueName":"search_term_string"}}],"inLanguage":"fr-FR"},{"@type":"Organization","@id":"https:\/\/www.immobilienbusiness.ch\/#organization","name":"IMMOBILIER Business","url":"https:\/\/www.immobilienbusiness.ch\/","logo":{"@type":"ImageObject","inLanguage":"fr-FR","@id":"https:\/\/www.immobilienbusiness.ch\/#\/schema\/logo\/image\/","url":"https:\/\/www.immobilienbusiness.ch\/wp-content\/uploads\/2021\/07\/logo_ib.png","contentUrl":"https:\/\/www.immobilienbusiness.ch\/wp-content\/uploads\/2021\/07\/logo_ib.png","width":800,"height":181,"caption":"IMMOBILIEN Business"},"image":{"@id":"https:\/\/www.immobilienbusiness.ch\/#\/schema\/logo\/image\/"},"sameAs":["https:\/\/www.facebook.com\/immobilienbusiness\/"]},{"@type":"Person","@id":"https:\/\/www.immobilienbusiness.ch\/#\/schema\/person\/aba8bea2db926aa0c24c08c43fe1fcd5","name":"Alexander Wachter","image":{"@type":"ImageObject","inLanguage":"fr-FR","@id":"https:\/\/secure.gravatar.com\/avatar\/1a09e471f5389b0e0a6416eac287e0927c7c97a7b77f9e787eba3af7aee281dd?s=96&d=mm&r=g","url":"https:\/\/secure.gravatar.com\/avatar\/1a09e471f5389b0e0a6416eac287e0927c7c97a7b77f9e787eba3af7aee281dd?s=96&d=mm&r=g","contentUrl":"https:\/\/secure.gravatar.com\/avatar\/1a09e471f5389b0e0a6416eac287e0927c7c97a7b77f9e787eba3af7aee281dd?s=96&d=mm&r=g","caption":"Alexander Wachter"},"url":"https:\/\/www.immobilienbusiness.ch\/fr\/author\/alexander-wachter\/"}]}},"_links":{"self":[{"href":"https:\/\/www.immobilienbusiness.ch\/fr\/wp-json\/wp\/v2\/posts\/63758","targetHints":{"allow":["GET"]}}],"collection":[{"href":"https:\/\/www.immobilienbusiness.ch\/fr\/wp-json\/wp\/v2\/posts"}],"about":[{"href":"https:\/\/www.immobilienbusiness.ch\/fr\/wp-json\/wp\/v2\/types\/post"}],"author":[{"embeddable":true,"href":"https:\/\/www.immobilienbusiness.ch\/fr\/wp-json\/wp\/v2\/users\/102"}],"replies":[{"embeddable":true,"href":"https:\/\/www.immobilienbusiness.ch\/fr\/wp-json\/wp\/v2\/comments?post=63758"}],"version-history":[{"count":3,"href":"https:\/\/www.immobilienbusiness.ch\/fr\/wp-json\/wp\/v2\/posts\/63758\/revisions"}],"predecessor-version":[{"id":63809,"href":"https:\/\/www.immobilienbusiness.ch\/fr\/wp-json\/wp\/v2\/posts\/63758\/revisions\/63809"}],"wp:featuredmedia":[{"embeddable":true,"href":"https:\/\/www.immobilienbusiness.ch\/fr\/wp-json\/wp\/v2\/media\/63759"}],"wp:attachment":[{"href":"https:\/\/www.immobilienbusiness.ch\/fr\/wp-json\/wp\/v2\/media?parent=63758"}],"wp:term":[{"taxonomy":"category","embeddable":true,"href":"https:\/\/www.immobilienbusiness.ch\/fr\/wp-json\/wp\/v2\/categories?post=63758"},{"taxonomy":"post_tag","embeddable":true,"href":"https:\/\/www.immobilienbusiness.ch\/fr\/wp-json\/wp\/v2\/tags?post=63758"}],"curies":[{"name":"wp","href":"https:\/\/api.w.org\/{rel}","templated":true}]}}