{"id":63736,"date":"2025-05-22T08:11:50","date_gmt":"2025-05-22T06:11:50","guid":{"rendered":"https:\/\/www.immobilienbusiness.ch\/?p=63736"},"modified":"2025-05-22T08:11:50","modified_gmt":"2025-05-22T06:11:50","slug":"privera-mit-neuer-fuehrung","status":"publish","type":"post","link":"https:\/\/www.immobilienbusiness.ch\/fr\/personalia\/2025-05-22\/privera-mit-neuer-fuehrung\/","title":{"rendered":"Privera avec une nouvelle direction"},"content":{"rendered":"<figure id=\"attachment_63737\" aria-describedby=\"caption-attachment-63737\" style=\"width: 732px\" class=\"wp-caption alignnone\"><a href=\"https:\/\/www.immobilienbusiness.ch\/wp-content\/uploads\/2025\/05\/Privera.png\"><img loading=\"lazy\" decoding=\"async\" class=\"size-full wp-image-63737\" src=\"https:\/\/www.immobilienbusiness.ch\/wp-content\/uploads\/2025\/05\/Privera.png\" alt=\"\" width=\"732\" height=\"606\" srcset=\"https:\/\/www.immobilienbusiness.ch\/wp-content\/uploads\/2025\/05\/Privera.png 732w, https:\/\/www.immobilienbusiness.ch\/wp-content\/uploads\/2025\/05\/Privera-300x248.png 300w, https:\/\/www.immobilienbusiness.ch\/wp-content\/uploads\/2025\/05\/Privera-14x12.png 14w, https:\/\/www.immobilienbusiness.ch\/wp-content\/uploads\/2025\/05\/Privera-362x300.png 362w, https:\/\/www.immobilienbusiness.ch\/wp-content\/uploads\/2025\/05\/Privera-423x350.png 423w\" sizes=\"auto, (max-width: 732px) 100vw, 732px\" \/><\/a><figcaption id=\"caption-attachment-63737\" class=\"wp-caption-text\">Marcel Frick et Tristan Fastnacht (photo : \u00a9 Privera)<\/figcaption><\/figure>\n<p>Chez Privera AG, Tristan Fasnacht, jusqu'ici directeur de la gestion, et Marcel Frick, jusqu'ici directeur de la commercialisation et de la gestion des constructions, reprendront le r\u00f4le de co-CEO \u00e0 partir du 1er juin. Selon le communiqu\u00e9, l'ancien CEO Michael Stucki se concentrera d\u00e9sormais sur son r\u00f4le de Country Director Switzerland &amp; Germany du PHM Group. \"Il reste \u00e9troitement li\u00e9 \u00e0 Privera AG en tant que membre du conseil d'administration et continuera \u00e0 l'avenir \u00e0 accompagner activement son d\u00e9veloppement avec Tristan Fasnacht et Marcel Frick ainsi que toute l'\u00e9quipe de direction\", pr\u00e9cise le communiqu\u00e9.<\/p>\n<p>Pierre-Alain Cosendai, CFO de PHM Group Switzerland, se concentrera \u00e0 l'avenir - tout comme Stucki - davantage sur ses t\u00e2ches \u00e0 l'\u00e9chelle du groupe.<\/p>\n<h3>Le carnaval reste responsable de l'activit\u00e9 principale<\/h3>\n<p>Fasnacht conserve la responsabilit\u00e9 de l'activit\u00e9 principale de gestion et du Key Account Management. Marcel Frick est responsable de tous les services compl\u00e9mentaires avec les secteurs commercialisation, commerce, gestion de la construction, MEG et Retail &amp; Site Management. En outre, il repr\u00e9sente Privera en interne vis-\u00e0-vis de PHM Switzerland AG.<\/p>\n<p>Fasnacht a d\u00e9j\u00e0 dirig\u00e9 la gestion de Privera ces deux derni\u00e8res ann\u00e9es en tant que membre de la direction et \u00e9tait revenu chez Privera apr\u00e8s deux ans en tant que responsable du Facility Management commercial \u00e0 la Poste. Auparavant, il avait d\u00e9j\u00e0 occup\u00e9 diff\u00e9rents postes de direction pour Privera de 2015 \u00e0 2020, notamment celui de responsable de la succursale de Berne.<\/p>\n<p>Frick travaille depuis 10 ans pour Privera en tant que responsable de secteur et dirigeait jusqu'\u00e0 pr\u00e9sent les domaines de la commercialisation, du commerce et de la gestion de la construction. Depuis deux ans, il est membre de la direction \u00e9largie. Auparavant, il a travaill\u00e9 pendant plus de dix ans pour Livit.<\/p>\n<h3>La direction sera d\u00e9sormais compos\u00e9e de trois personnes<\/h3>\n<p>Michael Stucki, membre du conseil d'administration et ancien CEO, commente la nomination de Fastnacht et Frick comme suit : \"Leurs traits de caract\u00e8re, leurs comp\u00e9tences et leurs forces, diff\u00e9rents mais remarquablement compl\u00e9mentaires, cr\u00e9ent la base d'un duo de direction dynamique et \u00e9quilibr\u00e9\".<\/p>\n<p>D\u00e9sormais, Dominique Grossen, le responsable de la comptabilit\u00e9 immobili\u00e8re, fera \u00e9galement partie de la direction, qui sera alors compos\u00e9e de trois personnes. \"L'entreprise tient ainsi compte de l'importance centrale de la comptabilit\u00e9 dans le property management actuel\", explique Privera.<\/p>\n<p>La direction \u00e9largie comprendra \u00e0 partir du 1er juin Astrid Heinrich, responsable du Key Account Management, Daniel Andr\u00e9 Marquart, responsable du d\u00e9veloppement de l'entreprise\/directeur adjoint de la gestion, Nicole Kuhn, responsable r\u00e9gionale de la gestion au centre, Gabriel Vonlanthen, responsable r\u00e9gional de la gestion \u00e0 l'ouest, Oliver Westermann, responsable de Real Estate Investor Solutions et Michael Moser, responsable r\u00e9gional de la comptabilit\u00e9 immobili\u00e8re \u00e0 l'est. <em>(aw)<\/em><\/p>","protected":false},"excerpt":{"rendered":"<p>L'entreprise r\u00e9organise sa direction. Le principal changement : le CEO Michael Stucki se concentre sur des t\u00e2ches au sein de la soci\u00e9t\u00e9 m\u00e8re. Sa fonction actuelle est reprise par une double direction.<\/p>","protected":false},"author":102,"featured_media":63737,"comment_status":"closed","ping_status":"closed","sticky":false,"template":"","format":"standard","meta":{"_acf_changed":false,"_yoast_wpseo_focuskw":"Privera","_yoast_wpseo_title":"","_yoast_wpseo_metadesc":"Das Unternehmen ordnet seine Gesch\u00e4ftsleitung neu. Die wichtigste \u00c4nderung: CEO Michael Stucki konzentriert sich auf Aufgaben in der Muttergesellschaft. Seine bisherige Funktion \u00fcbernimmt eine Doppelspitze.","_yoast_wpseo_linkdex":64,"pgc_sgb_lightbox_settings":"","footnotes":""},"categories":[1912],"tags":[4209,1563,1596],"class_list":["post-63736","post","type-post","status-publish","format-standard","has-post-thumbnail","hentry","category-personalia","tag-bewirtwschaftung","tag-personalia","tag-privera"],"acf":[],"yoast_head":"<!-- This site is optimized with the Yoast SEO plugin v27.5 - https:\/\/yoast.com\/product\/yoast-seo-wordpress\/ -->\n<title>Privera mit neuer F\u00fchrung - IMMOBILIEN Business<\/title>\n<meta name=\"description\" content=\"Das Unternehmen ordnet seine Gesch\u00e4ftsleitung neu. Die wichtigste \u00c4nderung: CEO Michael Stucki konzentriert sich auf Aufgaben in der Muttergesellschaft. Seine bisherige Funktion \u00fcbernimmt eine Doppelspitze.\" \/>\n<meta name=\"robots\" content=\"index, follow, max-snippet:-1, max-image-preview:large, max-video-preview:-1\" \/>\n<link rel=\"canonical\" href=\"https:\/\/www.immobilienbusiness.ch\/fr\/personalia\/2025-05-22\/privera-mit-neuer-fuehrung\/\" \/>\n<meta property=\"og:locale\" content=\"fr_FR\" \/>\n<meta property=\"og:type\" content=\"article\" \/>\n<meta property=\"og:title\" content=\"Privera mit neuer F\u00fchrung - IMMOBILIEN Business\" \/>\n<meta property=\"og:description\" content=\"Das Unternehmen ordnet seine Gesch\u00e4ftsleitung neu. Die wichtigste \u00c4nderung: CEO Michael Stucki konzentriert sich auf Aufgaben in der Muttergesellschaft. Seine bisherige Funktion \u00fcbernimmt eine Doppelspitze.\" \/>\n<meta property=\"og:url\" content=\"https:\/\/www.immobilienbusiness.ch\/fr\/personalia\/2025-05-22\/privera-mit-neuer-fuehrung\/\" \/>\n<meta property=\"og:site_name\" content=\"IMMOBILIEN Business\" \/>\n<meta property=\"article:publisher\" content=\"https:\/\/www.facebook.com\/immobilienbusiness\/\" \/>\n<meta property=\"article:published_time\" content=\"2025-05-22T06:11:50+00:00\" \/>\n<meta property=\"og:image\" content=\"https:\/\/www.immobilienbusiness.ch\/wp-content\/uploads\/2025\/05\/Privera.png\" \/>\n\t<meta property=\"og:image:width\" content=\"732\" \/>\n\t<meta property=\"og:image:height\" content=\"606\" \/>\n\t<meta property=\"og:image:type\" content=\"image\/png\" \/>\n<meta name=\"author\" content=\"Alexander Wachter\" \/>\n<meta name=\"twitter:card\" content=\"summary_large_image\" \/>\n<script type=\"application\/ld+json\" class=\"yoast-schema-graph\">{\"@context\":\"https:\\\/\\\/schema.org\",\"@graph\":[{\"@type\":\"Article\",\"@id\":\"https:\\\/\\\/www.immobilienbusiness.ch\\\/de\\\/personalia\\\/2025-05-22\\\/privera-mit-neuer-fuehrung\\\/#article\",\"isPartOf\":{\"@id\":\"https:\\\/\\\/www.immobilienbusiness.ch\\\/de\\\/personalia\\\/2025-05-22\\\/privera-mit-neuer-fuehrung\\\/\"},\"author\":{\"name\":\"Alexander Wachter\",\"@id\":\"https:\\\/\\\/www.immobilienbusiness.ch\\\/#\\\/schema\\\/person\\\/aba8bea2db926aa0c24c08c43fe1fcd5\"},\"headline\":\"Privera mit neuer F\u00fchrung\",\"datePublished\":\"2025-05-22T06:11:50+00:00\",\"mainEntityOfPage\":{\"@id\":\"https:\\\/\\\/www.immobilienbusiness.ch\\\/de\\\/personalia\\\/2025-05-22\\\/privera-mit-neuer-fuehrung\\\/\"},\"wordCount\":404,\"publisher\":{\"@id\":\"https:\\\/\\\/www.immobilienbusiness.ch\\\/#organization\"},\"image\":{\"@id\":\"https:\\\/\\\/www.immobilienbusiness.ch\\\/de\\\/personalia\\\/2025-05-22\\\/privera-mit-neuer-fuehrung\\\/#primaryimage\"},\"thumbnailUrl\":\"https:\\\/\\\/www.immobilienbusiness.ch\\\/wp-content\\\/uploads\\\/2025\\\/05\\\/Privera.png\",\"keywords\":[\"Bewirtwschaftung\",\"Personalia\",\"Privera\"],\"articleSection\":[\"PERSONALIA\"],\"inLanguage\":\"fr-FR\"},{\"@type\":\"WebPage\",\"@id\":\"https:\\\/\\\/www.immobilienbusiness.ch\\\/de\\\/personalia\\\/2025-05-22\\\/privera-mit-neuer-fuehrung\\\/\",\"url\":\"https:\\\/\\\/www.immobilienbusiness.ch\\\/de\\\/personalia\\\/2025-05-22\\\/privera-mit-neuer-fuehrung\\\/\",\"name\":\"Privera mit neuer F\u00fchrung - IMMOBILIEN Business\",\"isPartOf\":{\"@id\":\"https:\\\/\\\/www.immobilienbusiness.ch\\\/#website\"},\"primaryImageOfPage\":{\"@id\":\"https:\\\/\\\/www.immobilienbusiness.ch\\\/de\\\/personalia\\\/2025-05-22\\\/privera-mit-neuer-fuehrung\\\/#primaryimage\"},\"image\":{\"@id\":\"https:\\\/\\\/www.immobilienbusiness.ch\\\/de\\\/personalia\\\/2025-05-22\\\/privera-mit-neuer-fuehrung\\\/#primaryimage\"},\"thumbnailUrl\":\"https:\\\/\\\/www.immobilienbusiness.ch\\\/wp-content\\\/uploads\\\/2025\\\/05\\\/Privera.png\",\"datePublished\":\"2025-05-22T06:11:50+00:00\",\"description\":\"Das Unternehmen ordnet seine Gesch\u00e4ftsleitung neu. Die wichtigste \u00c4nderung: CEO Michael Stucki konzentriert sich auf Aufgaben in der Muttergesellschaft. Seine bisherige Funktion \u00fcbernimmt eine Doppelspitze.\",\"breadcrumb\":{\"@id\":\"https:\\\/\\\/www.immobilienbusiness.ch\\\/de\\\/personalia\\\/2025-05-22\\\/privera-mit-neuer-fuehrung\\\/#breadcrumb\"},\"inLanguage\":\"fr-FR\",\"potentialAction\":[{\"@type\":\"ReadAction\",\"target\":[\"https:\\\/\\\/www.immobilienbusiness.ch\\\/de\\\/personalia\\\/2025-05-22\\\/privera-mit-neuer-fuehrung\\\/\"]}]},{\"@type\":\"ImageObject\",\"inLanguage\":\"fr-FR\",\"@id\":\"https:\\\/\\\/www.immobilienbusiness.ch\\\/de\\\/personalia\\\/2025-05-22\\\/privera-mit-neuer-fuehrung\\\/#primaryimage\",\"url\":\"https:\\\/\\\/www.immobilienbusiness.ch\\\/wp-content\\\/uploads\\\/2025\\\/05\\\/Privera.png\",\"contentUrl\":\"https:\\\/\\\/www.immobilienbusiness.ch\\\/wp-content\\\/uploads\\\/2025\\\/05\\\/Privera.png\",\"width\":732,\"height\":606,\"caption\":\"Marcel Frick und Tristan Fastnacht (Bild: \u00a9 Privera)\"},{\"@type\":\"BreadcrumbList\",\"@id\":\"https:\\\/\\\/www.immobilienbusiness.ch\\\/de\\\/personalia\\\/2025-05-22\\\/privera-mit-neuer-fuehrung\\\/#breadcrumb\",\"itemListElement\":[{\"@type\":\"ListItem\",\"position\":1,\"name\":\"Home\",\"item\":\"https:\\\/\\\/www.immobilienbusiness.ch\\\/\"},{\"@type\":\"ListItem\",\"position\":2,\"name\":\"Privera mit neuer F\u00fchrung\"}]},{\"@type\":\"WebSite\",\"@id\":\"https:\\\/\\\/www.immobilienbusiness.ch\\\/#website\",\"url\":\"https:\\\/\\\/www.immobilienbusiness.ch\\\/\",\"name\":\"IMMOBILIEN Business\",\"description\":\"Unabh\u00e4ngiges Schweizer Wirtschaftsmagazin mit Fokus auf Immobilien, Architektur- und Bau sowie Investment- und Finanzierung.\",\"publisher\":{\"@id\":\"https:\\\/\\\/www.immobilienbusiness.ch\\\/#organization\"},\"potentialAction\":[{\"@type\":\"SearchAction\",\"target\":{\"@type\":\"EntryPoint\",\"urlTemplate\":\"https:\\\/\\\/www.immobilienbusiness.ch\\\/?s={search_term_string}\"},\"query-input\":{\"@type\":\"PropertyValueSpecification\",\"valueRequired\":true,\"valueName\":\"search_term_string\"}}],\"inLanguage\":\"fr-FR\"},{\"@type\":\"Organization\",\"@id\":\"https:\\\/\\\/www.immobilienbusiness.ch\\\/#organization\",\"name\":\"IMMOBILIEN Business\",\"url\":\"https:\\\/\\\/www.immobilienbusiness.ch\\\/\",\"logo\":{\"@type\":\"ImageObject\",\"inLanguage\":\"fr-FR\",\"@id\":\"https:\\\/\\\/www.immobilienbusiness.ch\\\/#\\\/schema\\\/logo\\\/image\\\/\",\"url\":\"https:\\\/\\\/www.immobilienbusiness.ch\\\/wp-content\\\/uploads\\\/2021\\\/07\\\/logo_ib.png\",\"contentUrl\":\"https:\\\/\\\/www.immobilienbusiness.ch\\\/wp-content\\\/uploads\\\/2021\\\/07\\\/logo_ib.png\",\"width\":800,\"height\":181,\"caption\":\"IMMOBILIEN Business\"},\"image\":{\"@id\":\"https:\\\/\\\/www.immobilienbusiness.ch\\\/#\\\/schema\\\/logo\\\/image\\\/\"},\"sameAs\":[\"https:\\\/\\\/www.facebook.com\\\/immobilienbusiness\\\/\"]},{\"@type\":\"Person\",\"@id\":\"https:\\\/\\\/www.immobilienbusiness.ch\\\/#\\\/schema\\\/person\\\/aba8bea2db926aa0c24c08c43fe1fcd5\",\"name\":\"Alexander Wachter\",\"image\":{\"@type\":\"ImageObject\",\"inLanguage\":\"fr-FR\",\"@id\":\"https:\\\/\\\/secure.gravatar.com\\\/avatar\\\/1a09e471f5389b0e0a6416eac287e0927c7c97a7b77f9e787eba3af7aee281dd?s=96&d=mm&r=g\",\"url\":\"https:\\\/\\\/secure.gravatar.com\\\/avatar\\\/1a09e471f5389b0e0a6416eac287e0927c7c97a7b77f9e787eba3af7aee281dd?s=96&d=mm&r=g\",\"contentUrl\":\"https:\\\/\\\/secure.gravatar.com\\\/avatar\\\/1a09e471f5389b0e0a6416eac287e0927c7c97a7b77f9e787eba3af7aee281dd?s=96&d=mm&r=g\",\"caption\":\"Alexander Wachter\"},\"url\":\"https:\\\/\\\/www.immobilienbusiness.ch\\\/fr\\\/author\\\/alexander-wachter\\\/\"}]}<\/script>\n<!-- \/ Yoast SEO plugin. -->","yoast_head_json":{"title":"Privera a une nouvelle direction - IMMOBILIER Business","description":"L'entreprise r\u00e9organise sa direction. Le principal changement : le CEO Michael Stucki se concentre sur des t\u00e2ches au sein de la soci\u00e9t\u00e9 m\u00e8re. Sa fonction actuelle est reprise par une double direction.","robots":{"index":"index","follow":"follow","max-snippet":"max-snippet:-1","max-image-preview":"max-image-preview:large","max-video-preview":"max-video-preview:-1"},"canonical":"https:\/\/www.immobilienbusiness.ch\/fr\/personalia\/2025-05-22\/privera-mit-neuer-fuehrung\/","og_locale":"fr_FR","og_type":"article","og_title":"Privera mit neuer F\u00fchrung - IMMOBILIEN Business","og_description":"Das Unternehmen ordnet seine Gesch\u00e4ftsleitung neu. Die wichtigste \u00c4nderung: CEO Michael Stucki konzentriert sich auf Aufgaben in der Muttergesellschaft. Seine bisherige Funktion \u00fcbernimmt eine Doppelspitze.","og_url":"https:\/\/www.immobilienbusiness.ch\/fr\/personalia\/2025-05-22\/privera-mit-neuer-fuehrung\/","og_site_name":"IMMOBILIEN Business","article_publisher":"https:\/\/www.facebook.com\/immobilienbusiness\/","article_published_time":"2025-05-22T06:11:50+00:00","og_image":[{"width":732,"height":606,"url":"https:\/\/www.immobilienbusiness.ch\/wp-content\/uploads\/2025\/05\/Privera.png","type":"image\/png"}],"author":"Alexander Wachter","twitter_card":"summary_large_image","schema":{"@context":"https:\/\/schema.org","@graph":[{"@type":"Article","@id":"https:\/\/www.immobilienbusiness.ch\/de\/personalia\/2025-05-22\/privera-mit-neuer-fuehrung\/#article","isPartOf":{"@id":"https:\/\/www.immobilienbusiness.ch\/de\/personalia\/2025-05-22\/privera-mit-neuer-fuehrung\/"},"author":{"name":"Alexander Wachter","@id":"https:\/\/www.immobilienbusiness.ch\/#\/schema\/person\/aba8bea2db926aa0c24c08c43fe1fcd5"},"headline":"Privera mit neuer F\u00fchrung","datePublished":"2025-05-22T06:11:50+00:00","mainEntityOfPage":{"@id":"https:\/\/www.immobilienbusiness.ch\/de\/personalia\/2025-05-22\/privera-mit-neuer-fuehrung\/"},"wordCount":404,"publisher":{"@id":"https:\/\/www.immobilienbusiness.ch\/#organization"},"image":{"@id":"https:\/\/www.immobilienbusiness.ch\/de\/personalia\/2025-05-22\/privera-mit-neuer-fuehrung\/#primaryimage"},"thumbnailUrl":"https:\/\/www.immobilienbusiness.ch\/wp-content\/uploads\/2025\/05\/Privera.png","keywords":["Bewirtwschaftung","Personalia","Privera"],"articleSection":["PERSONALIA"],"inLanguage":"fr-FR"},{"@type":"WebPage","@id":"https:\/\/www.immobilienbusiness.ch\/de\/personalia\/2025-05-22\/privera-mit-neuer-fuehrung\/","url":"https:\/\/www.immobilienbusiness.ch\/de\/personalia\/2025-05-22\/privera-mit-neuer-fuehrung\/","name":"Privera a une nouvelle direction - IMMOBILIER Business","isPartOf":{"@id":"https:\/\/www.immobilienbusiness.ch\/#website"},"primaryImageOfPage":{"@id":"https:\/\/www.immobilienbusiness.ch\/de\/personalia\/2025-05-22\/privera-mit-neuer-fuehrung\/#primaryimage"},"image":{"@id":"https:\/\/www.immobilienbusiness.ch\/de\/personalia\/2025-05-22\/privera-mit-neuer-fuehrung\/#primaryimage"},"thumbnailUrl":"https:\/\/www.immobilienbusiness.ch\/wp-content\/uploads\/2025\/05\/Privera.png","datePublished":"2025-05-22T06:11:50+00:00","description":"L'entreprise r\u00e9organise sa direction. Le principal changement : le CEO Michael Stucki se concentre sur des t\u00e2ches au sein de la soci\u00e9t\u00e9 m\u00e8re. Sa fonction actuelle est reprise par une double direction.","breadcrumb":{"@id":"https:\/\/www.immobilienbusiness.ch\/de\/personalia\/2025-05-22\/privera-mit-neuer-fuehrung\/#breadcrumb"},"inLanguage":"fr-FR","potentialAction":[{"@type":"ReadAction","target":["https:\/\/www.immobilienbusiness.ch\/de\/personalia\/2025-05-22\/privera-mit-neuer-fuehrung\/"]}]},{"@type":"ImageObject","inLanguage":"fr-FR","@id":"https:\/\/www.immobilienbusiness.ch\/de\/personalia\/2025-05-22\/privera-mit-neuer-fuehrung\/#primaryimage","url":"https:\/\/www.immobilienbusiness.ch\/wp-content\/uploads\/2025\/05\/Privera.png","contentUrl":"https:\/\/www.immobilienbusiness.ch\/wp-content\/uploads\/2025\/05\/Privera.png","width":732,"height":606,"caption":"Marcel Frick und Tristan Fastnacht (Bild: \u00a9 Privera)"},{"@type":"BreadcrumbList","@id":"https:\/\/www.immobilienbusiness.ch\/de\/personalia\/2025-05-22\/privera-mit-neuer-fuehrung\/#breadcrumb","itemListElement":[{"@type":"ListItem","position":1,"name":"Home","item":"https:\/\/www.immobilienbusiness.ch\/"},{"@type":"ListItem","position":2,"name":"Privera mit neuer F\u00fchrung"}]},{"@type":"WebSite","@id":"https:\/\/www.immobilienbusiness.ch\/#website","url":"https:\/\/www.immobilienbusiness.ch\/","name":"IMMOBILIER Business","description":"Magazine \u00e9conomique suisse ind\u00e9pendant ax\u00e9 sur l'immobilier, l'architecture et la construction ainsi que sur les investissements et le financement.","publisher":{"@id":"https:\/\/www.immobilienbusiness.ch\/#organization"},"potentialAction":[{"@type":"SearchAction","target":{"@type":"EntryPoint","urlTemplate":"https:\/\/www.immobilienbusiness.ch\/?s={search_term_string}"},"query-input":{"@type":"PropertyValueSpecification","valueRequired":true,"valueName":"search_term_string"}}],"inLanguage":"fr-FR"},{"@type":"Organization","@id":"https:\/\/www.immobilienbusiness.ch\/#organization","name":"IMMOBILIER Business","url":"https:\/\/www.immobilienbusiness.ch\/","logo":{"@type":"ImageObject","inLanguage":"fr-FR","@id":"https:\/\/www.immobilienbusiness.ch\/#\/schema\/logo\/image\/","url":"https:\/\/www.immobilienbusiness.ch\/wp-content\/uploads\/2021\/07\/logo_ib.png","contentUrl":"https:\/\/www.immobilienbusiness.ch\/wp-content\/uploads\/2021\/07\/logo_ib.png","width":800,"height":181,"caption":"IMMOBILIEN Business"},"image":{"@id":"https:\/\/www.immobilienbusiness.ch\/#\/schema\/logo\/image\/"},"sameAs":["https:\/\/www.facebook.com\/immobilienbusiness\/"]},{"@type":"Person","@id":"https:\/\/www.immobilienbusiness.ch\/#\/schema\/person\/aba8bea2db926aa0c24c08c43fe1fcd5","name":"Alexander Wachter","image":{"@type":"ImageObject","inLanguage":"fr-FR","@id":"https:\/\/secure.gravatar.com\/avatar\/1a09e471f5389b0e0a6416eac287e0927c7c97a7b77f9e787eba3af7aee281dd?s=96&d=mm&r=g","url":"https:\/\/secure.gravatar.com\/avatar\/1a09e471f5389b0e0a6416eac287e0927c7c97a7b77f9e787eba3af7aee281dd?s=96&d=mm&r=g","contentUrl":"https:\/\/secure.gravatar.com\/avatar\/1a09e471f5389b0e0a6416eac287e0927c7c97a7b77f9e787eba3af7aee281dd?s=96&d=mm&r=g","caption":"Alexander Wachter"},"url":"https:\/\/www.immobilienbusiness.ch\/fr\/author\/alexander-wachter\/"}]}},"_links":{"self":[{"href":"https:\/\/www.immobilienbusiness.ch\/fr\/wp-json\/wp\/v2\/posts\/63736","targetHints":{"allow":["GET"]}}],"collection":[{"href":"https:\/\/www.immobilienbusiness.ch\/fr\/wp-json\/wp\/v2\/posts"}],"about":[{"href":"https:\/\/www.immobilienbusiness.ch\/fr\/wp-json\/wp\/v2\/types\/post"}],"author":[{"embeddable":true,"href":"https:\/\/www.immobilienbusiness.ch\/fr\/wp-json\/wp\/v2\/users\/102"}],"replies":[{"embeddable":true,"href":"https:\/\/www.immobilienbusiness.ch\/fr\/wp-json\/wp\/v2\/comments?post=63736"}],"version-history":[{"count":1,"href":"https:\/\/www.immobilienbusiness.ch\/fr\/wp-json\/wp\/v2\/posts\/63736\/revisions"}],"predecessor-version":[{"id":63738,"href":"https:\/\/www.immobilienbusiness.ch\/fr\/wp-json\/wp\/v2\/posts\/63736\/revisions\/63738"}],"wp:featuredmedia":[{"embeddable":true,"href":"https:\/\/www.immobilienbusiness.ch\/fr\/wp-json\/wp\/v2\/media\/63737"}],"wp:attachment":[{"href":"https:\/\/www.immobilienbusiness.ch\/fr\/wp-json\/wp\/v2\/media?parent=63736"}],"wp:term":[{"taxonomy":"category","embeddable":true,"href":"https:\/\/www.immobilienbusiness.ch\/fr\/wp-json\/wp\/v2\/categories?post=63736"},{"taxonomy":"post_tag","embeddable":true,"href":"https:\/\/www.immobilienbusiness.ch\/fr\/wp-json\/wp\/v2\/tags?post=63736"}],"curies":[{"name":"wp","href":"https:\/\/api.w.org\/{rel}","templated":true}]}}