{"id":63150,"date":"2025-04-16T05:26:39","date_gmt":"2025-04-16T03:26:39","guid":{"rendered":"https:\/\/www.immobilienbusiness.ch\/?p=63150"},"modified":"2025-04-17T10:32:34","modified_gmt":"2025-04-17T08:32:34","slug":"wincasa-bekommt-einen-neuen-ceo","status":"publish","type":"post","link":"https:\/\/www.immobilienbusiness.ch\/fr\/personalia\/2025-04-16\/wincasa-bekommt-einen-neuen-ceo\/","title":{"rendered":"Wincasa : Oliver Hofmann quitte l'entreprise"},"content":{"rendered":"<figure id=\"attachment_63152\" aria-describedby=\"caption-attachment-63152\" style=\"width: 768px\" class=\"wp-caption alignnone\"><a href=\"https:\/\/www.immobilienbusiness.ch\/wp-content\/uploads\/2025\/04\/OliverHofmann_PhilippSchoch.png\"><img loading=\"lazy\" decoding=\"async\" class=\"size-large wp-image-63152\" src=\"https:\/\/www.immobilienbusiness.ch\/wp-content\/uploads\/2025\/04\/OliverHofmann_PhilippSchoch-1024x576.png\" alt=\"\" width=\"768\" height=\"432\" srcset=\"https:\/\/www.immobilienbusiness.ch\/wp-content\/uploads\/2025\/04\/OliverHofmann_PhilippSchoch-1024x576.png 1024w, https:\/\/www.immobilienbusiness.ch\/wp-content\/uploads\/2025\/04\/OliverHofmann_PhilippSchoch-300x169.png 300w, https:\/\/www.immobilienbusiness.ch\/wp-content\/uploads\/2025\/04\/OliverHofmann_PhilippSchoch-768x432.png 768w, https:\/\/www.immobilienbusiness.ch\/wp-content\/uploads\/2025\/04\/OliverHofmann_PhilippSchoch-1536x864.png 1536w, https:\/\/www.immobilienbusiness.ch\/wp-content\/uploads\/2025\/04\/OliverHofmann_PhilippSchoch-2048x1152.png 2048w, https:\/\/www.immobilienbusiness.ch\/wp-content\/uploads\/2025\/04\/OliverHofmann_PhilippSchoch-18x10.png 18w, https:\/\/www.immobilienbusiness.ch\/wp-content\/uploads\/2025\/04\/OliverHofmann_PhilippSchoch-375x211.png 375w, https:\/\/www.immobilienbusiness.ch\/wp-content\/uploads\/2025\/04\/OliverHofmann_PhilippSchoch-622x350.png 622w, https:\/\/www.immobilienbusiness.ch\/wp-content\/uploads\/2025\/04\/OliverHofmann_PhilippSchoch-1000x563.png 1000w, https:\/\/www.immobilienbusiness.ch\/wp-content\/uploads\/2025\/04\/OliverHofmann_PhilippSchoch.png 1200w\" sizes=\"auto, (max-width: 768px) 100vw, 768px\" \/><\/a><figcaption id=\"caption-attachment-63152\" class=\"wp-caption-text\">Oliver Hofmann et Philipp Schoch (photo : \u00a9 Wincasa)<\/figcaption><\/figure>\n<p>Apr\u00e8s douze ans en tant que CEO de Wincasa, Oliver Hofmann quitte l'entreprise. Il a d\u00e9cid\u00e9 de \"relever un nouveau d\u00e9fi en dehors de l'entreprise\" \u00e0 partir du mois d'ao\u00fbt, communique le prestataire de services immobiliers. Sa succession est d\u00e9j\u00e0 r\u00e9gl\u00e9e : Philipp Schoch, qui travaille depuis 17 ans pour l'entreprise et fait partie de la direction depuis 2015, doit prendre la direction en juillet.<\/p>\n<p>Sous l'\u00e9gide de Hofmann, les actifs sous gestion ont doubl\u00e9 et Wincasa a \u00e9t\u00e9 int\u00e9gr\u00e9e avec succ\u00e8s dans le groupe Implenia, indique l'entreprise dans un communiqu\u00e9. \"Apr\u00e8s la mise en \u0153uvre r\u00e9ussie de la p\u00e9riode strat\u00e9gique 2025, c'est maintenant le bon moment pour un changement\", d\u00e9clare Hofmann. Son nouvel employeur est d\u00e9j\u00e0 connu : comme le communique le prestataire de services de Facility Management Vebego, Hofmann assumera \u00e0 partir d'ao\u00fbt la fonction de CEO de Vebego Suisse. Dans un communiqu\u00e9, l'entreprise loue entre autres sa \"grande comp\u00e9tence en mati\u00e8re de transformation\", qui fait de lui un \"candidat id\u00e9al\". <em>(aw)<\/em><\/p>","protected":false},"excerpt":{"rendered":"<p>Le CEO de longue date quitte la filiale d'Implenia pour rejoindre Vebego. Son successeur est issu de ses propres rangs.<\/p>","protected":false},"author":102,"featured_media":63152,"comment_status":"closed","ping_status":"closed","sticky":false,"template":"","format":"standard","meta":{"_acf_changed":false,"_yoast_wpseo_focuskw":"Wincasa","_yoast_wpseo_title":"","_yoast_wpseo_metadesc":"Der langj\u00e4hrige CEO Oliver Hofmann tritt bei Wincasa ab. Sein Nachfolger kommt aus den eigenen Reihen.","_yoast_wpseo_linkdex":57,"pgc_sgb_lightbox_settings":"","footnotes":""},"categories":[1912],"tags":[1563,1605,1857],"class_list":["post-63150","post","type-post","status-publish","format-standard","has-post-thumbnail","hentry","category-personalia","tag-personalia","tag-property-management","tag-wincasa"],"acf":[],"yoast_head":"<!-- This site is optimized with the Yoast SEO plugin v27.5 - https:\/\/yoast.com\/product\/yoast-seo-wordpress\/ -->\n<title>Wincasa: Oliver Hofmann verl\u00e4sst das Unternehmen - IMMOBILIEN Business<\/title>\n<meta name=\"description\" content=\"Der langj\u00e4hrige CEO Oliver Hofmann tritt bei Wincasa ab. Sein Nachfolger kommt aus den eigenen Reihen.\" \/>\n<meta name=\"robots\" content=\"index, follow, max-snippet:-1, max-image-preview:large, max-video-preview:-1\" \/>\n<link rel=\"canonical\" href=\"https:\/\/www.immobilienbusiness.ch\/fr\/personalia\/2025-04-16\/wincasa-bekommt-einen-neuen-ceo\/\" \/>\n<meta property=\"og:locale\" content=\"fr_FR\" \/>\n<meta property=\"og:type\" content=\"article\" \/>\n<meta property=\"og:title\" content=\"Wincasa: Oliver Hofmann verl\u00e4sst das Unternehmen - IMMOBILIEN Business\" \/>\n<meta property=\"og:description\" content=\"Der langj\u00e4hrige CEO Oliver Hofmann tritt bei Wincasa ab. Sein Nachfolger kommt aus den eigenen Reihen.\" \/>\n<meta property=\"og:url\" content=\"https:\/\/www.immobilienbusiness.ch\/fr\/personalia\/2025-04-16\/wincasa-bekommt-einen-neuen-ceo\/\" \/>\n<meta property=\"og:site_name\" content=\"IMMOBILIEN Business\" \/>\n<meta property=\"article:publisher\" content=\"https:\/\/www.facebook.com\/immobilienbusiness\/\" \/>\n<meta property=\"article:published_time\" content=\"2025-04-16T03:26:39+00:00\" \/>\n<meta property=\"article:modified_time\" content=\"2025-04-17T08:32:34+00:00\" \/>\n<meta property=\"og:image\" content=\"https:\/\/www.immobilienbusiness.ch\/wp-content\/uploads\/2025\/04\/OliverHofmann_PhilippSchoch.png\" \/>\n\t<meta property=\"og:image:width\" content=\"1200\" \/>\n\t<meta property=\"og:image:height\" content=\"675\" \/>\n\t<meta property=\"og:image:type\" content=\"image\/png\" \/>\n<meta name=\"author\" content=\"Alexander Wachter\" \/>\n<meta name=\"twitter:card\" content=\"summary_large_image\" \/>\n<script type=\"application\/ld+json\" class=\"yoast-schema-graph\">{\"@context\":\"https:\\\/\\\/schema.org\",\"@graph\":[{\"@type\":\"Article\",\"@id\":\"https:\\\/\\\/www.immobilienbusiness.ch\\\/it\\\/personalia\\\/2025-04-16\\\/wincasa-bekommt-einen-neuen-ceo\\\/#article\",\"isPartOf\":{\"@id\":\"https:\\\/\\\/www.immobilienbusiness.ch\\\/it\\\/personalia\\\/2025-04-16\\\/wincasa-bekommt-einen-neuen-ceo\\\/\"},\"author\":{\"name\":\"Alexander Wachter\",\"@id\":\"https:\\\/\\\/www.immobilienbusiness.ch\\\/#\\\/schema\\\/person\\\/aba8bea2db926aa0c24c08c43fe1fcd5\"},\"headline\":\"Wincasa: Oliver Hofmann verl\u00e4sst das Unternehmen\",\"datePublished\":\"2025-04-16T03:26:39+00:00\",\"dateModified\":\"2025-04-17T08:32:34+00:00\",\"mainEntityOfPage\":{\"@id\":\"https:\\\/\\\/www.immobilienbusiness.ch\\\/it\\\/personalia\\\/2025-04-16\\\/wincasa-bekommt-einen-neuen-ceo\\\/\"},\"wordCount\":164,\"publisher\":{\"@id\":\"https:\\\/\\\/www.immobilienbusiness.ch\\\/#organization\"},\"image\":{\"@id\":\"https:\\\/\\\/www.immobilienbusiness.ch\\\/it\\\/personalia\\\/2025-04-16\\\/wincasa-bekommt-einen-neuen-ceo\\\/#primaryimage\"},\"thumbnailUrl\":\"https:\\\/\\\/www.immobilienbusiness.ch\\\/wp-content\\\/uploads\\\/2025\\\/04\\\/OliverHofmann_PhilippSchoch.png\",\"keywords\":[\"Personalia\",\"Property Management\",\"Wincasa\"],\"articleSection\":[\"PERSONALIA\"],\"inLanguage\":\"fr-FR\"},{\"@type\":\"WebPage\",\"@id\":\"https:\\\/\\\/www.immobilienbusiness.ch\\\/it\\\/personalia\\\/2025-04-16\\\/wincasa-bekommt-einen-neuen-ceo\\\/\",\"url\":\"https:\\\/\\\/www.immobilienbusiness.ch\\\/it\\\/personalia\\\/2025-04-16\\\/wincasa-bekommt-einen-neuen-ceo\\\/\",\"name\":\"Wincasa: Oliver Hofmann verl\u00e4sst das Unternehmen - IMMOBILIEN Business\",\"isPartOf\":{\"@id\":\"https:\\\/\\\/www.immobilienbusiness.ch\\\/#website\"},\"primaryImageOfPage\":{\"@id\":\"https:\\\/\\\/www.immobilienbusiness.ch\\\/it\\\/personalia\\\/2025-04-16\\\/wincasa-bekommt-einen-neuen-ceo\\\/#primaryimage\"},\"image\":{\"@id\":\"https:\\\/\\\/www.immobilienbusiness.ch\\\/it\\\/personalia\\\/2025-04-16\\\/wincasa-bekommt-einen-neuen-ceo\\\/#primaryimage\"},\"thumbnailUrl\":\"https:\\\/\\\/www.immobilienbusiness.ch\\\/wp-content\\\/uploads\\\/2025\\\/04\\\/OliverHofmann_PhilippSchoch.png\",\"datePublished\":\"2025-04-16T03:26:39+00:00\",\"dateModified\":\"2025-04-17T08:32:34+00:00\",\"description\":\"Der langj\u00e4hrige CEO Oliver Hofmann tritt bei Wincasa ab. Sein Nachfolger kommt aus den eigenen Reihen.\",\"breadcrumb\":{\"@id\":\"https:\\\/\\\/www.immobilienbusiness.ch\\\/it\\\/personalia\\\/2025-04-16\\\/wincasa-bekommt-einen-neuen-ceo\\\/#breadcrumb\"},\"inLanguage\":\"fr-FR\",\"potentialAction\":[{\"@type\":\"ReadAction\",\"target\":[\"https:\\\/\\\/www.immobilienbusiness.ch\\\/it\\\/personalia\\\/2025-04-16\\\/wincasa-bekommt-einen-neuen-ceo\\\/\"]}]},{\"@type\":\"ImageObject\",\"inLanguage\":\"fr-FR\",\"@id\":\"https:\\\/\\\/www.immobilienbusiness.ch\\\/it\\\/personalia\\\/2025-04-16\\\/wincasa-bekommt-einen-neuen-ceo\\\/#primaryimage\",\"url\":\"https:\\\/\\\/www.immobilienbusiness.ch\\\/wp-content\\\/uploads\\\/2025\\\/04\\\/OliverHofmann_PhilippSchoch.png\",\"contentUrl\":\"https:\\\/\\\/www.immobilienbusiness.ch\\\/wp-content\\\/uploads\\\/2025\\\/04\\\/OliverHofmann_PhilippSchoch.png\",\"width\":1200,\"height\":675,\"caption\":\"Oliver Hofmann und Philipp Schoch (Bild: \u00a9 Wincasa)\"},{\"@type\":\"BreadcrumbList\",\"@id\":\"https:\\\/\\\/www.immobilienbusiness.ch\\\/it\\\/personalia\\\/2025-04-16\\\/wincasa-bekommt-einen-neuen-ceo\\\/#breadcrumb\",\"itemListElement\":[{\"@type\":\"ListItem\",\"position\":1,\"name\":\"Home\",\"item\":\"https:\\\/\\\/www.immobilienbusiness.ch\\\/\"},{\"@type\":\"ListItem\",\"position\":2,\"name\":\"Wincasa: Oliver Hofmann verl\u00e4sst das Unternehmen\"}]},{\"@type\":\"WebSite\",\"@id\":\"https:\\\/\\\/www.immobilienbusiness.ch\\\/#website\",\"url\":\"https:\\\/\\\/www.immobilienbusiness.ch\\\/\",\"name\":\"IMMOBILIEN Business\",\"description\":\"Unabh\u00e4ngiges Schweizer Wirtschaftsmagazin mit Fokus auf Immobilien, Architektur- und Bau sowie Investment- und Finanzierung.\",\"publisher\":{\"@id\":\"https:\\\/\\\/www.immobilienbusiness.ch\\\/#organization\"},\"potentialAction\":[{\"@type\":\"SearchAction\",\"target\":{\"@type\":\"EntryPoint\",\"urlTemplate\":\"https:\\\/\\\/www.immobilienbusiness.ch\\\/?s={search_term_string}\"},\"query-input\":{\"@type\":\"PropertyValueSpecification\",\"valueRequired\":true,\"valueName\":\"search_term_string\"}}],\"inLanguage\":\"fr-FR\"},{\"@type\":\"Organization\",\"@id\":\"https:\\\/\\\/www.immobilienbusiness.ch\\\/#organization\",\"name\":\"IMMOBILIEN Business\",\"url\":\"https:\\\/\\\/www.immobilienbusiness.ch\\\/\",\"logo\":{\"@type\":\"ImageObject\",\"inLanguage\":\"fr-FR\",\"@id\":\"https:\\\/\\\/www.immobilienbusiness.ch\\\/#\\\/schema\\\/logo\\\/image\\\/\",\"url\":\"https:\\\/\\\/www.immobilienbusiness.ch\\\/wp-content\\\/uploads\\\/2021\\\/07\\\/logo_ib.png\",\"contentUrl\":\"https:\\\/\\\/www.immobilienbusiness.ch\\\/wp-content\\\/uploads\\\/2021\\\/07\\\/logo_ib.png\",\"width\":800,\"height\":181,\"caption\":\"IMMOBILIEN Business\"},\"image\":{\"@id\":\"https:\\\/\\\/www.immobilienbusiness.ch\\\/#\\\/schema\\\/logo\\\/image\\\/\"},\"sameAs\":[\"https:\\\/\\\/www.facebook.com\\\/immobilienbusiness\\\/\"]},{\"@type\":\"Person\",\"@id\":\"https:\\\/\\\/www.immobilienbusiness.ch\\\/#\\\/schema\\\/person\\\/aba8bea2db926aa0c24c08c43fe1fcd5\",\"name\":\"Alexander Wachter\",\"image\":{\"@type\":\"ImageObject\",\"inLanguage\":\"fr-FR\",\"@id\":\"https:\\\/\\\/secure.gravatar.com\\\/avatar\\\/1a09e471f5389b0e0a6416eac287e0927c7c97a7b77f9e787eba3af7aee281dd?s=96&d=mm&r=g\",\"url\":\"https:\\\/\\\/secure.gravatar.com\\\/avatar\\\/1a09e471f5389b0e0a6416eac287e0927c7c97a7b77f9e787eba3af7aee281dd?s=96&d=mm&r=g\",\"contentUrl\":\"https:\\\/\\\/secure.gravatar.com\\\/avatar\\\/1a09e471f5389b0e0a6416eac287e0927c7c97a7b77f9e787eba3af7aee281dd?s=96&d=mm&r=g\",\"caption\":\"Alexander Wachter\"},\"url\":\"https:\\\/\\\/www.immobilienbusiness.ch\\\/fr\\\/author\\\/alexander-wachter\\\/\"}]}<\/script>\n<!-- \/ Yoast SEO plugin. -->","yoast_head_json":{"title":"Wincasa: Oliver Hofmann verl\u00e4sst das Unternehmen - IMMOBILIEN Business","description":"Le CEO de longue date Oliver Hofmann quitte ses fonctions chez Wincasa. Son successeur est issu de ses propres rangs.","robots":{"index":"index","follow":"follow","max-snippet":"max-snippet:-1","max-image-preview":"max-image-preview:large","max-video-preview":"max-video-preview:-1"},"canonical":"https:\/\/www.immobilienbusiness.ch\/fr\/personalia\/2025-04-16\/wincasa-bekommt-einen-neuen-ceo\/","og_locale":"fr_FR","og_type":"article","og_title":"Wincasa: Oliver Hofmann verl\u00e4sst das Unternehmen - IMMOBILIEN Business","og_description":"Der langj\u00e4hrige CEO Oliver Hofmann tritt bei Wincasa ab. Sein Nachfolger kommt aus den eigenen Reihen.","og_url":"https:\/\/www.immobilienbusiness.ch\/fr\/personalia\/2025-04-16\/wincasa-bekommt-einen-neuen-ceo\/","og_site_name":"IMMOBILIEN Business","article_publisher":"https:\/\/www.facebook.com\/immobilienbusiness\/","article_published_time":"2025-04-16T03:26:39+00:00","article_modified_time":"2025-04-17T08:32:34+00:00","og_image":[{"width":1200,"height":675,"url":"https:\/\/www.immobilienbusiness.ch\/wp-content\/uploads\/2025\/04\/OliverHofmann_PhilippSchoch.png","type":"image\/png"}],"author":"Alexander Wachter","twitter_card":"summary_large_image","schema":{"@context":"https:\/\/schema.org","@graph":[{"@type":"Article","@id":"https:\/\/www.immobilienbusiness.ch\/it\/personalia\/2025-04-16\/wincasa-bekommt-einen-neuen-ceo\/#article","isPartOf":{"@id":"https:\/\/www.immobilienbusiness.ch\/it\/personalia\/2025-04-16\/wincasa-bekommt-einen-neuen-ceo\/"},"author":{"name":"Alexander Wachter","@id":"https:\/\/www.immobilienbusiness.ch\/#\/schema\/person\/aba8bea2db926aa0c24c08c43fe1fcd5"},"headline":"Wincasa: Oliver Hofmann verl\u00e4sst das Unternehmen","datePublished":"2025-04-16T03:26:39+00:00","dateModified":"2025-04-17T08:32:34+00:00","mainEntityOfPage":{"@id":"https:\/\/www.immobilienbusiness.ch\/it\/personalia\/2025-04-16\/wincasa-bekommt-einen-neuen-ceo\/"},"wordCount":164,"publisher":{"@id":"https:\/\/www.immobilienbusiness.ch\/#organization"},"image":{"@id":"https:\/\/www.immobilienbusiness.ch\/it\/personalia\/2025-04-16\/wincasa-bekommt-einen-neuen-ceo\/#primaryimage"},"thumbnailUrl":"https:\/\/www.immobilienbusiness.ch\/wp-content\/uploads\/2025\/04\/OliverHofmann_PhilippSchoch.png","keywords":["Personalia","Property Management","Wincasa"],"articleSection":["PERSONALIA"],"inLanguage":"fr-FR"},{"@type":"WebPage","@id":"https:\/\/www.immobilienbusiness.ch\/it\/personalia\/2025-04-16\/wincasa-bekommt-einen-neuen-ceo\/","url":"https:\/\/www.immobilienbusiness.ch\/it\/personalia\/2025-04-16\/wincasa-bekommt-einen-neuen-ceo\/","name":"Wincasa: Oliver Hofmann verl\u00e4sst das Unternehmen - IMMOBILIEN Business","isPartOf":{"@id":"https:\/\/www.immobilienbusiness.ch\/#website"},"primaryImageOfPage":{"@id":"https:\/\/www.immobilienbusiness.ch\/it\/personalia\/2025-04-16\/wincasa-bekommt-einen-neuen-ceo\/#primaryimage"},"image":{"@id":"https:\/\/www.immobilienbusiness.ch\/it\/personalia\/2025-04-16\/wincasa-bekommt-einen-neuen-ceo\/#primaryimage"},"thumbnailUrl":"https:\/\/www.immobilienbusiness.ch\/wp-content\/uploads\/2025\/04\/OliverHofmann_PhilippSchoch.png","datePublished":"2025-04-16T03:26:39+00:00","dateModified":"2025-04-17T08:32:34+00:00","description":"Le CEO de longue date Oliver Hofmann quitte ses fonctions chez Wincasa. Son successeur est issu de ses propres rangs.","breadcrumb":{"@id":"https:\/\/www.immobilienbusiness.ch\/it\/personalia\/2025-04-16\/wincasa-bekommt-einen-neuen-ceo\/#breadcrumb"},"inLanguage":"fr-FR","potentialAction":[{"@type":"ReadAction","target":["https:\/\/www.immobilienbusiness.ch\/it\/personalia\/2025-04-16\/wincasa-bekommt-einen-neuen-ceo\/"]}]},{"@type":"ImageObject","inLanguage":"fr-FR","@id":"https:\/\/www.immobilienbusiness.ch\/it\/personalia\/2025-04-16\/wincasa-bekommt-einen-neuen-ceo\/#primaryimage","url":"https:\/\/www.immobilienbusiness.ch\/wp-content\/uploads\/2025\/04\/OliverHofmann_PhilippSchoch.png","contentUrl":"https:\/\/www.immobilienbusiness.ch\/wp-content\/uploads\/2025\/04\/OliverHofmann_PhilippSchoch.png","width":1200,"height":675,"caption":"Oliver Hofmann und Philipp Schoch (Bild: \u00a9 Wincasa)"},{"@type":"BreadcrumbList","@id":"https:\/\/www.immobilienbusiness.ch\/it\/personalia\/2025-04-16\/wincasa-bekommt-einen-neuen-ceo\/#breadcrumb","itemListElement":[{"@type":"ListItem","position":1,"name":"Home","item":"https:\/\/www.immobilienbusiness.ch\/"},{"@type":"ListItem","position":2,"name":"Wincasa: Oliver Hofmann verl\u00e4sst das Unternehmen"}]},{"@type":"WebSite","@id":"https:\/\/www.immobilienbusiness.ch\/#website","url":"https:\/\/www.immobilienbusiness.ch\/","name":"IMMOBILIER Business","description":"Magazine \u00e9conomique suisse ind\u00e9pendant ax\u00e9 sur l'immobilier, l'architecture et la construction ainsi que sur les investissements et le financement.","publisher":{"@id":"https:\/\/www.immobilienbusiness.ch\/#organization"},"potentialAction":[{"@type":"SearchAction","target":{"@type":"EntryPoint","urlTemplate":"https:\/\/www.immobilienbusiness.ch\/?s={search_term_string}"},"query-input":{"@type":"PropertyValueSpecification","valueRequired":true,"valueName":"search_term_string"}}],"inLanguage":"fr-FR"},{"@type":"Organization","@id":"https:\/\/www.immobilienbusiness.ch\/#organization","name":"IMMOBILIER Business","url":"https:\/\/www.immobilienbusiness.ch\/","logo":{"@type":"ImageObject","inLanguage":"fr-FR","@id":"https:\/\/www.immobilienbusiness.ch\/#\/schema\/logo\/image\/","url":"https:\/\/www.immobilienbusiness.ch\/wp-content\/uploads\/2021\/07\/logo_ib.png","contentUrl":"https:\/\/www.immobilienbusiness.ch\/wp-content\/uploads\/2021\/07\/logo_ib.png","width":800,"height":181,"caption":"IMMOBILIEN Business"},"image":{"@id":"https:\/\/www.immobilienbusiness.ch\/#\/schema\/logo\/image\/"},"sameAs":["https:\/\/www.facebook.com\/immobilienbusiness\/"]},{"@type":"Person","@id":"https:\/\/www.immobilienbusiness.ch\/#\/schema\/person\/aba8bea2db926aa0c24c08c43fe1fcd5","name":"Alexander Wachter","image":{"@type":"ImageObject","inLanguage":"fr-FR","@id":"https:\/\/secure.gravatar.com\/avatar\/1a09e471f5389b0e0a6416eac287e0927c7c97a7b77f9e787eba3af7aee281dd?s=96&d=mm&r=g","url":"https:\/\/secure.gravatar.com\/avatar\/1a09e471f5389b0e0a6416eac287e0927c7c97a7b77f9e787eba3af7aee281dd?s=96&d=mm&r=g","contentUrl":"https:\/\/secure.gravatar.com\/avatar\/1a09e471f5389b0e0a6416eac287e0927c7c97a7b77f9e787eba3af7aee281dd?s=96&d=mm&r=g","caption":"Alexander Wachter"},"url":"https:\/\/www.immobilienbusiness.ch\/fr\/author\/alexander-wachter\/"}]}},"_links":{"self":[{"href":"https:\/\/www.immobilienbusiness.ch\/fr\/wp-json\/wp\/v2\/posts\/63150","targetHints":{"allow":["GET"]}}],"collection":[{"href":"https:\/\/www.immobilienbusiness.ch\/fr\/wp-json\/wp\/v2\/posts"}],"about":[{"href":"https:\/\/www.immobilienbusiness.ch\/fr\/wp-json\/wp\/v2\/types\/post"}],"author":[{"embeddable":true,"href":"https:\/\/www.immobilienbusiness.ch\/fr\/wp-json\/wp\/v2\/users\/102"}],"replies":[{"embeddable":true,"href":"https:\/\/www.immobilienbusiness.ch\/fr\/wp-json\/wp\/v2\/comments?post=63150"}],"version-history":[{"count":5,"href":"https:\/\/www.immobilienbusiness.ch\/fr\/wp-json\/wp\/v2\/posts\/63150\/revisions"}],"predecessor-version":[{"id":63234,"href":"https:\/\/www.immobilienbusiness.ch\/fr\/wp-json\/wp\/v2\/posts\/63150\/revisions\/63234"}],"wp:featuredmedia":[{"embeddable":true,"href":"https:\/\/www.immobilienbusiness.ch\/fr\/wp-json\/wp\/v2\/media\/63152"}],"wp:attachment":[{"href":"https:\/\/www.immobilienbusiness.ch\/fr\/wp-json\/wp\/v2\/media?parent=63150"}],"wp:term":[{"taxonomy":"category","embeddable":true,"href":"https:\/\/www.immobilienbusiness.ch\/fr\/wp-json\/wp\/v2\/categories?post=63150"},{"taxonomy":"post_tag","embeddable":true,"href":"https:\/\/www.immobilienbusiness.ch\/fr\/wp-json\/wp\/v2\/tags?post=63150"}],"curies":[{"name":"wp","href":"https:\/\/api.w.org\/{rel}","templated":true}]}}