{"id":63121,"date":"2025-04-11T07:48:58","date_gmt":"2025-04-11T05:48:58","guid":{"rendered":"https:\/\/www.immobilienbusiness.ch\/?p=63121"},"modified":"2025-04-17T10:53:17","modified_gmt":"2025-04-17T08:53:17","slug":"nova-property-fund-management-mit-zwei-neuen-vr-mitgliedern","status":"publish","type":"post","link":"https:\/\/www.immobilienbusiness.ch\/fr\/regionen\/2025-04-11\/nova-property-fund-management-mit-zwei-neuen-vr-mitgliedern\/","title":{"rendered":"Nova Property Fund Management compte deux nouveaux membres au sein de son conseil d'administration"},"content":{"rendered":"<figure id=\"attachment_63124\" aria-describedby=\"caption-attachment-63124\" style=\"width: 810px\" class=\"wp-caption alignnone\"><a href=\"https:\/\/www.immobilienbusiness.ch\/wp-content\/uploads\/2025\/04\/Nova-Egginger-Raess.png\"><img loading=\"lazy\" decoding=\"async\" class=\"size-full wp-image-63124\" src=\"https:\/\/www.immobilienbusiness.ch\/wp-content\/uploads\/2025\/04\/Nova-Egginger-Raess.png\" alt=\"\" width=\"810\" height=\"482\" srcset=\"https:\/\/www.immobilienbusiness.ch\/wp-content\/uploads\/2025\/04\/Nova-Egginger-Raess.png 810w, https:\/\/www.immobilienbusiness.ch\/wp-content\/uploads\/2025\/04\/Nova-Egginger-Raess-300x179.png 300w, https:\/\/www.immobilienbusiness.ch\/wp-content\/uploads\/2025\/04\/Nova-Egginger-Raess-768x457.png 768w, https:\/\/www.immobilienbusiness.ch\/wp-content\/uploads\/2025\/04\/Nova-Egginger-Raess-18x12.png 18w, https:\/\/www.immobilienbusiness.ch\/wp-content\/uploads\/2025\/04\/Nova-Egginger-Raess-375x223.png 375w, https:\/\/www.immobilienbusiness.ch\/wp-content\/uploads\/2025\/04\/Nova-Egginger-Raess-588x350.png 588w\" sizes=\"auto, (max-width: 810px) 100vw, 810px\" \/><\/a><figcaption id=\"caption-attachment-63124\" class=\"wp-caption-text\">Bruno R\u00e4ss, le nouveau vice-pr\u00e9sident du CA, et Katrin Eggenberger (photo : Nova Property)<\/figcaption><\/figure>\n<p>Lors de l'assembl\u00e9e g\u00e9n\u00e9rale de Nova Property Fund Management, Katrin Eggenberger et Bruno R\u00e4ss ont \u00e9t\u00e9 \u00e9lus comme nouveaux membres du conseil d'administration. R\u00e4ss reprend le poste de vice-pr\u00e9sident de Ren\u00e9 Bock, qui \u00e9tait membre et vice-pr\u00e9sident du conseil d'administration depuis 2018. Les autres membres de l'organe sont toujours Catrina Luchsinger G\u00e4hwiler, pr\u00e9sidente, et Raymond R\u00fcttimann.<\/p>\n<p>Depuis 2021, Eggenberger est Senior Advisor chez Agora Strategy Group en Allemagne et membre du conseil d'administration d'Aisquare Inc. (USA) ainsi que de Deon Digital (Suisse, Danemark). Elle est \u00e9galement pr\u00e9sidente de l'Advisory Board Ost d'Implenia. De 2019 \u00e0 2021, Mme Eggenberger a \u00e9t\u00e9 ministre des Affaires \u00e9trang\u00e8res du Liechtenstein, responsable des portefeuilles Affaires \u00e9trang\u00e8res, Justice et Culture. Auparavant, de 2016 \u00e0 2019, elle a \u00e9t\u00e9 chef de cabinet du fondateur et pr\u00e9sident ex\u00e9cutif du Forum \u00e9conomique mondial (WEF) et a contribu\u00e9 au d\u00e9veloppement de la plateforme mondiale de start-up Uplink. Elle a \u00e9galement travaill\u00e9 pendant onze ans pour des banques telles que Notenstein Private Bank, VP Bank et LGT Bank. Eggenberger a obtenu son doctorat en sciences politiques \u00e0 l'Universit\u00e9 de Saint-Gall. Elle est notamment titulaire d'un master de la John F. Kennedy School of Government de l'Universit\u00e9 de Harvard.<\/p>\n<p>De 1987 \u00e0 2021, R\u00e4ss a travaill\u00e9 dans l'audit chez Pricewaterhousecoopers AG, en tant qu'associ\u00e9 depuis 1997. De 2022 \u00e0 2025, il a travaill\u00e9 comme consultant aupr\u00e8s du cabinet d'avocats Bratschi AG. Selon Novaproperty, il dispose d'une longue exp\u00e9rience dans le suivi des petites et moyennes entreprises, des entreprises familiales, des groupes, des caisses de pension et des collectivit\u00e9s de droit public telles que les communes politiques et les communes scolaires. Il travaille comme conseiller d'entreprise et, selon les informations fournies, il a notamment de l'exp\u00e9rience dans l'\u00e9laboration de business plans ainsi que dans des projets d'assainissement, de restructuration et de r\u00e9organisation. Il est expert-comptable dipl\u00f4m\u00e9 et licenci\u00e9 en \u00e9conomie HSG et membre de plusieurs entreprises de taille moyenne en Suisse orientale. <em>(aw)<\/em><\/p>","protected":false},"excerpt":{"rendered":"<p>Bruno R\u00e4ss reprend le poste de vice-pr\u00e9sident de Ren\u00e9 Bock, qui quitte ses fonctions. En outre, Katrin Eggenberger, ancienne membre du gouvernement du Liechtenstein, rejoint le comit\u00e9.<\/p>","protected":false},"author":102,"featured_media":6721,"comment_status":"closed","ping_status":"closed","sticky":false,"template":"","format":"standard","meta":{"_acf_changed":false,"_yoast_wpseo_focuskw":"Nova Property","_yoast_wpseo_title":"","_yoast_wpseo_metadesc":"Bruno R\u00e4ss \u00fcbernimmt das Amt des Vizepr\u00e4sidenten vom ausscheidenden Ren\u00e9 Bock. Mit Katrin Eggenberger kommt zudem ein ehemaliges Regierungsmitglied aus Liechtenstein in das Gremium neu hinzu.","_yoast_wpseo_linkdex":63,"pgc_sgb_lightbox_settings":"","footnotes":""},"categories":[985],"tags":[1532],"class_list":["post-63121","post","type-post","status-publish","format-standard","has-post-thumbnail","hentry","category-regionen","tag-nova-property-fund-management"],"acf":[],"yoast_head":"<!-- This site is optimized with the Yoast SEO plugin v27.4 - https:\/\/yoast.com\/product\/yoast-seo-wordpress\/ -->\n<title>Nova Property Fund Management mit zwei neuen VR-Mitgliedern - IMMOBILIEN Business<\/title>\n<meta name=\"description\" content=\"Bruno R\u00e4ss \u00fcbernimmt das Amt des Vizepr\u00e4sidenten vom ausscheidenden Ren\u00e9 Bock. Mit Katrin Eggenberger kommt zudem ein ehemaliges Regierungsmitglied aus Liechtenstein in das Gremium neu hinzu.\" \/>\n<meta name=\"robots\" content=\"index, follow, max-snippet:-1, max-image-preview:large, max-video-preview:-1\" \/>\n<link rel=\"canonical\" href=\"https:\/\/www.immobilienbusiness.ch\/fr\/regionen\/2025-04-11\/nova-property-fund-management-mit-zwei-neuen-vr-mitgliedern\/\" \/>\n<meta property=\"og:locale\" content=\"fr_FR\" \/>\n<meta property=\"og:type\" content=\"article\" \/>\n<meta property=\"og:title\" content=\"Nova Property Fund Management mit zwei neuen VR-Mitgliedern - IMMOBILIEN Business\" \/>\n<meta property=\"og:description\" content=\"Bruno R\u00e4ss \u00fcbernimmt das Amt des Vizepr\u00e4sidenten vom ausscheidenden Ren\u00e9 Bock. Mit Katrin Eggenberger kommt zudem ein ehemaliges Regierungsmitglied aus Liechtenstein in das Gremium neu hinzu.\" \/>\n<meta property=\"og:url\" content=\"https:\/\/www.immobilienbusiness.ch\/fr\/regionen\/2025-04-11\/nova-property-fund-management-mit-zwei-neuen-vr-mitgliedern\/\" \/>\n<meta property=\"og:site_name\" content=\"IMMOBILIEN Business\" \/>\n<meta property=\"article:publisher\" content=\"https:\/\/www.facebook.com\/immobilienbusiness\/\" \/>\n<meta property=\"article:published_time\" content=\"2025-04-11T05:48:58+00:00\" \/>\n<meta property=\"article:modified_time\" content=\"2025-04-17T08:53:17+00:00\" \/>\n<meta property=\"og:image\" content=\"https:\/\/www.immobilienbusiness.ch\/wp-content\/uploads\/2017\/03\/Depositphotos_52453617_l-2015-1024x662.jpg\" \/>\n\t<meta property=\"og:image:width\" content=\"1024\" \/>\n\t<meta property=\"og:image:height\" content=\"662\" \/>\n\t<meta property=\"og:image:type\" content=\"image\/jpeg\" \/>\n<meta name=\"author\" content=\"Alexander Wachter\" \/>\n<meta name=\"twitter:card\" content=\"summary_large_image\" \/>\n<script type=\"application\/ld+json\" class=\"yoast-schema-graph\">{\"@context\":\"https:\\\/\\\/schema.org\",\"@graph\":[{\"@type\":\"Article\",\"@id\":\"https:\\\/\\\/www.immobilienbusiness.ch\\\/de\\\/regionen\\\/2025-04-11\\\/nova-property-fund-management-mit-zwei-neuen-vr-mitgliedern\\\/#article\",\"isPartOf\":{\"@id\":\"https:\\\/\\\/www.immobilienbusiness.ch\\\/de\\\/regionen\\\/2025-04-11\\\/nova-property-fund-management-mit-zwei-neuen-vr-mitgliedern\\\/\"},\"author\":{\"name\":\"Alexander Wachter\",\"@id\":\"https:\\\/\\\/www.immobilienbusiness.ch\\\/#\\\/schema\\\/person\\\/aba8bea2db926aa0c24c08c43fe1fcd5\"},\"headline\":\"Nova Property Fund Management mit zwei neuen VR-Mitgliedern\",\"datePublished\":\"2025-04-11T05:48:58+00:00\",\"dateModified\":\"2025-04-17T08:53:17+00:00\",\"mainEntityOfPage\":{\"@id\":\"https:\\\/\\\/www.immobilienbusiness.ch\\\/de\\\/regionen\\\/2025-04-11\\\/nova-property-fund-management-mit-zwei-neuen-vr-mitgliedern\\\/\"},\"wordCount\":320,\"publisher\":{\"@id\":\"https:\\\/\\\/www.immobilienbusiness.ch\\\/#organization\"},\"image\":{\"@id\":\"https:\\\/\\\/www.immobilienbusiness.ch\\\/de\\\/regionen\\\/2025-04-11\\\/nova-property-fund-management-mit-zwei-neuen-vr-mitgliedern\\\/#primaryimage\"},\"thumbnailUrl\":\"https:\\\/\\\/www.immobilienbusiness.ch\\\/wp-content\\\/uploads\\\/2017\\\/03\\\/Depositphotos_52453617_l-2015.jpg\",\"keywords\":[\"Nova Property Fund Management\"],\"articleSection\":[\"REGIONEN\"],\"inLanguage\":\"fr-FR\"},{\"@type\":\"WebPage\",\"@id\":\"https:\\\/\\\/www.immobilienbusiness.ch\\\/de\\\/regionen\\\/2025-04-11\\\/nova-property-fund-management-mit-zwei-neuen-vr-mitgliedern\\\/\",\"url\":\"https:\\\/\\\/www.immobilienbusiness.ch\\\/de\\\/regionen\\\/2025-04-11\\\/nova-property-fund-management-mit-zwei-neuen-vr-mitgliedern\\\/\",\"name\":\"Nova Property Fund Management mit zwei neuen VR-Mitgliedern - IMMOBILIEN Business\",\"isPartOf\":{\"@id\":\"https:\\\/\\\/www.immobilienbusiness.ch\\\/#website\"},\"primaryImageOfPage\":{\"@id\":\"https:\\\/\\\/www.immobilienbusiness.ch\\\/de\\\/regionen\\\/2025-04-11\\\/nova-property-fund-management-mit-zwei-neuen-vr-mitgliedern\\\/#primaryimage\"},\"image\":{\"@id\":\"https:\\\/\\\/www.immobilienbusiness.ch\\\/de\\\/regionen\\\/2025-04-11\\\/nova-property-fund-management-mit-zwei-neuen-vr-mitgliedern\\\/#primaryimage\"},\"thumbnailUrl\":\"https:\\\/\\\/www.immobilienbusiness.ch\\\/wp-content\\\/uploads\\\/2017\\\/03\\\/Depositphotos_52453617_l-2015.jpg\",\"datePublished\":\"2025-04-11T05:48:58+00:00\",\"dateModified\":\"2025-04-17T08:53:17+00:00\",\"description\":\"Bruno R\u00e4ss \u00fcbernimmt das Amt des Vizepr\u00e4sidenten vom ausscheidenden Ren\u00e9 Bock. Mit Katrin Eggenberger kommt zudem ein ehemaliges Regierungsmitglied aus Liechtenstein in das Gremium neu hinzu.\",\"breadcrumb\":{\"@id\":\"https:\\\/\\\/www.immobilienbusiness.ch\\\/de\\\/regionen\\\/2025-04-11\\\/nova-property-fund-management-mit-zwei-neuen-vr-mitgliedern\\\/#breadcrumb\"},\"inLanguage\":\"fr-FR\",\"potentialAction\":[{\"@type\":\"ReadAction\",\"target\":[\"https:\\\/\\\/www.immobilienbusiness.ch\\\/de\\\/regionen\\\/2025-04-11\\\/nova-property-fund-management-mit-zwei-neuen-vr-mitgliedern\\\/\"]}]},{\"@type\":\"ImageObject\",\"inLanguage\":\"fr-FR\",\"@id\":\"https:\\\/\\\/www.immobilienbusiness.ch\\\/de\\\/regionen\\\/2025-04-11\\\/nova-property-fund-management-mit-zwei-neuen-vr-mitgliedern\\\/#primaryimage\",\"url\":\"https:\\\/\\\/www.immobilienbusiness.ch\\\/wp-content\\\/uploads\\\/2017\\\/03\\\/Depositphotos_52453617_l-2015.jpg\",\"contentUrl\":\"https:\\\/\\\/www.immobilienbusiness.ch\\\/wp-content\\\/uploads\\\/2017\\\/03\\\/Depositphotos_52453617_l-2015.jpg\",\"width\":2000,\"height\":1293,\"caption\":\"Dominic\u00e9 vermeldet einen Neuzugang im Immobilienbereich (Foto: Rawpixel - depositphotos)\"},{\"@type\":\"BreadcrumbList\",\"@id\":\"https:\\\/\\\/www.immobilienbusiness.ch\\\/de\\\/regionen\\\/2025-04-11\\\/nova-property-fund-management-mit-zwei-neuen-vr-mitgliedern\\\/#breadcrumb\",\"itemListElement\":[{\"@type\":\"ListItem\",\"position\":1,\"name\":\"Home\",\"item\":\"https:\\\/\\\/www.immobilienbusiness.ch\\\/\"},{\"@type\":\"ListItem\",\"position\":2,\"name\":\"Nova Property Fund Management mit zwei neuen VR-Mitgliedern\"}]},{\"@type\":\"WebSite\",\"@id\":\"https:\\\/\\\/www.immobilienbusiness.ch\\\/#website\",\"url\":\"https:\\\/\\\/www.immobilienbusiness.ch\\\/\",\"name\":\"IMMOBILIEN Business\",\"description\":\"Unabh\u00e4ngiges Schweizer Wirtschaftsmagazin mit Fokus auf Immobilien, Architektur- und Bau sowie Investment- und Finanzierung.\",\"publisher\":{\"@id\":\"https:\\\/\\\/www.immobilienbusiness.ch\\\/#organization\"},\"potentialAction\":[{\"@type\":\"SearchAction\",\"target\":{\"@type\":\"EntryPoint\",\"urlTemplate\":\"https:\\\/\\\/www.immobilienbusiness.ch\\\/?s={search_term_string}\"},\"query-input\":{\"@type\":\"PropertyValueSpecification\",\"valueRequired\":true,\"valueName\":\"search_term_string\"}}],\"inLanguage\":\"fr-FR\"},{\"@type\":\"Organization\",\"@id\":\"https:\\\/\\\/www.immobilienbusiness.ch\\\/#organization\",\"name\":\"IMMOBILIEN Business\",\"url\":\"https:\\\/\\\/www.immobilienbusiness.ch\\\/\",\"logo\":{\"@type\":\"ImageObject\",\"inLanguage\":\"fr-FR\",\"@id\":\"https:\\\/\\\/www.immobilienbusiness.ch\\\/#\\\/schema\\\/logo\\\/image\\\/\",\"url\":\"https:\\\/\\\/www.immobilienbusiness.ch\\\/wp-content\\\/uploads\\\/2021\\\/07\\\/logo_ib.png\",\"contentUrl\":\"https:\\\/\\\/www.immobilienbusiness.ch\\\/wp-content\\\/uploads\\\/2021\\\/07\\\/logo_ib.png\",\"width\":800,\"height\":181,\"caption\":\"IMMOBILIEN Business\"},\"image\":{\"@id\":\"https:\\\/\\\/www.immobilienbusiness.ch\\\/#\\\/schema\\\/logo\\\/image\\\/\"},\"sameAs\":[\"https:\\\/\\\/www.facebook.com\\\/immobilienbusiness\\\/\"]},{\"@type\":\"Person\",\"@id\":\"https:\\\/\\\/www.immobilienbusiness.ch\\\/#\\\/schema\\\/person\\\/aba8bea2db926aa0c24c08c43fe1fcd5\",\"name\":\"Alexander Wachter\",\"image\":{\"@type\":\"ImageObject\",\"inLanguage\":\"fr-FR\",\"@id\":\"https:\\\/\\\/secure.gravatar.com\\\/avatar\\\/1a09e471f5389b0e0a6416eac287e0927c7c97a7b77f9e787eba3af7aee281dd?s=96&d=mm&r=g\",\"url\":\"https:\\\/\\\/secure.gravatar.com\\\/avatar\\\/1a09e471f5389b0e0a6416eac287e0927c7c97a7b77f9e787eba3af7aee281dd?s=96&d=mm&r=g\",\"contentUrl\":\"https:\\\/\\\/secure.gravatar.com\\\/avatar\\\/1a09e471f5389b0e0a6416eac287e0927c7c97a7b77f9e787eba3af7aee281dd?s=96&d=mm&r=g\",\"caption\":\"Alexander Wachter\"},\"url\":\"https:\\\/\\\/www.immobilienbusiness.ch\\\/fr\\\/author\\\/alexander-wachter\\\/\"}]}<\/script>\n<!-- \/ Yoast SEO plugin. -->","yoast_head_json":{"title":"Nova Property Fund Management compte deux nouveaux membres au sein de son conseil d'administration - IMMOBILIER Business","description":"Bruno R\u00e4ss reprend le poste de vice-pr\u00e9sident de Ren\u00e9 Bock, qui quitte ses fonctions. En outre, Katrin Eggenberger, ancienne membre du gouvernement du Liechtenstein, rejoint le comit\u00e9.","robots":{"index":"index","follow":"follow","max-snippet":"max-snippet:-1","max-image-preview":"max-image-preview:large","max-video-preview":"max-video-preview:-1"},"canonical":"https:\/\/www.immobilienbusiness.ch\/fr\/regionen\/2025-04-11\/nova-property-fund-management-mit-zwei-neuen-vr-mitgliedern\/","og_locale":"fr_FR","og_type":"article","og_title":"Nova Property Fund Management mit zwei neuen VR-Mitgliedern - IMMOBILIEN Business","og_description":"Bruno R\u00e4ss \u00fcbernimmt das Amt des Vizepr\u00e4sidenten vom ausscheidenden Ren\u00e9 Bock. Mit Katrin Eggenberger kommt zudem ein ehemaliges Regierungsmitglied aus Liechtenstein in das Gremium neu hinzu.","og_url":"https:\/\/www.immobilienbusiness.ch\/fr\/regionen\/2025-04-11\/nova-property-fund-management-mit-zwei-neuen-vr-mitgliedern\/","og_site_name":"IMMOBILIEN Business","article_publisher":"https:\/\/www.facebook.com\/immobilienbusiness\/","article_published_time":"2025-04-11T05:48:58+00:00","article_modified_time":"2025-04-17T08:53:17+00:00","og_image":[{"width":1024,"height":662,"url":"https:\/\/www.immobilienbusiness.ch\/wp-content\/uploads\/2017\/03\/Depositphotos_52453617_l-2015-1024x662.jpg","type":"image\/jpeg"}],"author":"Alexander Wachter","twitter_card":"summary_large_image","schema":{"@context":"https:\/\/schema.org","@graph":[{"@type":"Article","@id":"https:\/\/www.immobilienbusiness.ch\/de\/regionen\/2025-04-11\/nova-property-fund-management-mit-zwei-neuen-vr-mitgliedern\/#article","isPartOf":{"@id":"https:\/\/www.immobilienbusiness.ch\/de\/regionen\/2025-04-11\/nova-property-fund-management-mit-zwei-neuen-vr-mitgliedern\/"},"author":{"name":"Alexander Wachter","@id":"https:\/\/www.immobilienbusiness.ch\/#\/schema\/person\/aba8bea2db926aa0c24c08c43fe1fcd5"},"headline":"Nova Property Fund Management mit zwei neuen VR-Mitgliedern","datePublished":"2025-04-11T05:48:58+00:00","dateModified":"2025-04-17T08:53:17+00:00","mainEntityOfPage":{"@id":"https:\/\/www.immobilienbusiness.ch\/de\/regionen\/2025-04-11\/nova-property-fund-management-mit-zwei-neuen-vr-mitgliedern\/"},"wordCount":320,"publisher":{"@id":"https:\/\/www.immobilienbusiness.ch\/#organization"},"image":{"@id":"https:\/\/www.immobilienbusiness.ch\/de\/regionen\/2025-04-11\/nova-property-fund-management-mit-zwei-neuen-vr-mitgliedern\/#primaryimage"},"thumbnailUrl":"https:\/\/www.immobilienbusiness.ch\/wp-content\/uploads\/2017\/03\/Depositphotos_52453617_l-2015.jpg","keywords":["Nova Property Fund Management"],"articleSection":["REGIONEN"],"inLanguage":"fr-FR"},{"@type":"WebPage","@id":"https:\/\/www.immobilienbusiness.ch\/de\/regionen\/2025-04-11\/nova-property-fund-management-mit-zwei-neuen-vr-mitgliedern\/","url":"https:\/\/www.immobilienbusiness.ch\/de\/regionen\/2025-04-11\/nova-property-fund-management-mit-zwei-neuen-vr-mitgliedern\/","name":"Nova Property Fund Management compte deux nouveaux membres au sein de son conseil d'administration - IMMOBILIER Business","isPartOf":{"@id":"https:\/\/www.immobilienbusiness.ch\/#website"},"primaryImageOfPage":{"@id":"https:\/\/www.immobilienbusiness.ch\/de\/regionen\/2025-04-11\/nova-property-fund-management-mit-zwei-neuen-vr-mitgliedern\/#primaryimage"},"image":{"@id":"https:\/\/www.immobilienbusiness.ch\/de\/regionen\/2025-04-11\/nova-property-fund-management-mit-zwei-neuen-vr-mitgliedern\/#primaryimage"},"thumbnailUrl":"https:\/\/www.immobilienbusiness.ch\/wp-content\/uploads\/2017\/03\/Depositphotos_52453617_l-2015.jpg","datePublished":"2025-04-11T05:48:58+00:00","dateModified":"2025-04-17T08:53:17+00:00","description":"Bruno R\u00e4ss reprend le poste de vice-pr\u00e9sident de Ren\u00e9 Bock, qui quitte ses fonctions. En outre, Katrin Eggenberger, ancienne membre du gouvernement du Liechtenstein, rejoint le comit\u00e9.","breadcrumb":{"@id":"https:\/\/www.immobilienbusiness.ch\/de\/regionen\/2025-04-11\/nova-property-fund-management-mit-zwei-neuen-vr-mitgliedern\/#breadcrumb"},"inLanguage":"fr-FR","potentialAction":[{"@type":"ReadAction","target":["https:\/\/www.immobilienbusiness.ch\/de\/regionen\/2025-04-11\/nova-property-fund-management-mit-zwei-neuen-vr-mitgliedern\/"]}]},{"@type":"ImageObject","inLanguage":"fr-FR","@id":"https:\/\/www.immobilienbusiness.ch\/de\/regionen\/2025-04-11\/nova-property-fund-management-mit-zwei-neuen-vr-mitgliedern\/#primaryimage","url":"https:\/\/www.immobilienbusiness.ch\/wp-content\/uploads\/2017\/03\/Depositphotos_52453617_l-2015.jpg","contentUrl":"https:\/\/www.immobilienbusiness.ch\/wp-content\/uploads\/2017\/03\/Depositphotos_52453617_l-2015.jpg","width":2000,"height":1293,"caption":"Dominic\u00e9 vermeldet einen Neuzugang im Immobilienbereich (Foto: Rawpixel - depositphotos)"},{"@type":"BreadcrumbList","@id":"https:\/\/www.immobilienbusiness.ch\/de\/regionen\/2025-04-11\/nova-property-fund-management-mit-zwei-neuen-vr-mitgliedern\/#breadcrumb","itemListElement":[{"@type":"ListItem","position":1,"name":"Home","item":"https:\/\/www.immobilienbusiness.ch\/"},{"@type":"ListItem","position":2,"name":"Nova Property Fund Management mit zwei neuen VR-Mitgliedern"}]},{"@type":"WebSite","@id":"https:\/\/www.immobilienbusiness.ch\/#website","url":"https:\/\/www.immobilienbusiness.ch\/","name":"IMMOBILIER Business","description":"Magazine \u00e9conomique suisse ind\u00e9pendant ax\u00e9 sur l'immobilier, l'architecture et la construction ainsi que sur les investissements et le financement.","publisher":{"@id":"https:\/\/www.immobilienbusiness.ch\/#organization"},"potentialAction":[{"@type":"SearchAction","target":{"@type":"EntryPoint","urlTemplate":"https:\/\/www.immobilienbusiness.ch\/?s={search_term_string}"},"query-input":{"@type":"PropertyValueSpecification","valueRequired":true,"valueName":"search_term_string"}}],"inLanguage":"fr-FR"},{"@type":"Organization","@id":"https:\/\/www.immobilienbusiness.ch\/#organization","name":"IMMOBILIER Business","url":"https:\/\/www.immobilienbusiness.ch\/","logo":{"@type":"ImageObject","inLanguage":"fr-FR","@id":"https:\/\/www.immobilienbusiness.ch\/#\/schema\/logo\/image\/","url":"https:\/\/www.immobilienbusiness.ch\/wp-content\/uploads\/2021\/07\/logo_ib.png","contentUrl":"https:\/\/www.immobilienbusiness.ch\/wp-content\/uploads\/2021\/07\/logo_ib.png","width":800,"height":181,"caption":"IMMOBILIEN Business"},"image":{"@id":"https:\/\/www.immobilienbusiness.ch\/#\/schema\/logo\/image\/"},"sameAs":["https:\/\/www.facebook.com\/immobilienbusiness\/"]},{"@type":"Person","@id":"https:\/\/www.immobilienbusiness.ch\/#\/schema\/person\/aba8bea2db926aa0c24c08c43fe1fcd5","name":"Alexander Wachter","image":{"@type":"ImageObject","inLanguage":"fr-FR","@id":"https:\/\/secure.gravatar.com\/avatar\/1a09e471f5389b0e0a6416eac287e0927c7c97a7b77f9e787eba3af7aee281dd?s=96&d=mm&r=g","url":"https:\/\/secure.gravatar.com\/avatar\/1a09e471f5389b0e0a6416eac287e0927c7c97a7b77f9e787eba3af7aee281dd?s=96&d=mm&r=g","contentUrl":"https:\/\/secure.gravatar.com\/avatar\/1a09e471f5389b0e0a6416eac287e0927c7c97a7b77f9e787eba3af7aee281dd?s=96&d=mm&r=g","caption":"Alexander Wachter"},"url":"https:\/\/www.immobilienbusiness.ch\/fr\/author\/alexander-wachter\/"}]}},"_links":{"self":[{"href":"https:\/\/www.immobilienbusiness.ch\/fr\/wp-json\/wp\/v2\/posts\/63121","targetHints":{"allow":["GET"]}}],"collection":[{"href":"https:\/\/www.immobilienbusiness.ch\/fr\/wp-json\/wp\/v2\/posts"}],"about":[{"href":"https:\/\/www.immobilienbusiness.ch\/fr\/wp-json\/wp\/v2\/types\/post"}],"author":[{"embeddable":true,"href":"https:\/\/www.immobilienbusiness.ch\/fr\/wp-json\/wp\/v2\/users\/102"}],"replies":[{"embeddable":true,"href":"https:\/\/www.immobilienbusiness.ch\/fr\/wp-json\/wp\/v2\/comments?post=63121"}],"version-history":[{"count":1,"href":"https:\/\/www.immobilienbusiness.ch\/fr\/wp-json\/wp\/v2\/posts\/63121\/revisions"}],"predecessor-version":[{"id":63125,"href":"https:\/\/www.immobilienbusiness.ch\/fr\/wp-json\/wp\/v2\/posts\/63121\/revisions\/63125"}],"wp:featuredmedia":[{"embeddable":true,"href":"https:\/\/www.immobilienbusiness.ch\/fr\/wp-json\/wp\/v2\/media\/6721"}],"wp:attachment":[{"href":"https:\/\/www.immobilienbusiness.ch\/fr\/wp-json\/wp\/v2\/media?parent=63121"}],"wp:term":[{"taxonomy":"category","embeddable":true,"href":"https:\/\/www.immobilienbusiness.ch\/fr\/wp-json\/wp\/v2\/categories?post=63121"},{"taxonomy":"post_tag","embeddable":true,"href":"https:\/\/www.immobilienbusiness.ch\/fr\/wp-json\/wp\/v2\/tags?post=63121"}],"curies":[{"name":"wp","href":"https:\/\/api.w.org\/{rel}","templated":true}]}}