{"id":6302,"date":"2017-02-15T09:01:39","date_gmt":"2017-02-15T08:01:39","guid":{"rendered":"https:\/\/www.immobilienbusiness.ch\/?p=6302"},"modified":"2017-02-15T09:01:39","modified_gmt":"2017-02-15T08:01:39","slug":"kapitalerhoehung-fuer-den-cs-ref-logisticsplus","status":"publish","type":"post","link":"https:\/\/www.immobilienbusiness.ch\/fr\/unternehmen\/2017-02-15\/kapitalerhoehung-fuer-den-cs-ref-logisticsplus\/","title":{"rendered":"Augmentation de capital pour CS REF LogisticsPlus"},"content":{"rendered":"<figure id=\"attachment_6119\" aria-describedby=\"caption-attachment-6119\" style=\"width: 680px\" class=\"wp-caption alignnone\"><img loading=\"lazy\" decoding=\"async\" class=\"wp-image-6119 size-medium\" src=\"https:\/\/www.immobilienbusiness.ch\/wp-content\/uploads\/2017\/02\/Depositphotos_22148409_l-2015.jpg\" width=\"680\" height=\"492\" srcset=\"https:\/\/www.immobilienbusiness.ch\/wp-content\/uploads\/2017\/02\/Depositphotos_22148409_l-2015.jpg 2000w, https:\/\/www.immobilienbusiness.ch\/wp-content\/uploads\/2017\/02\/Depositphotos_22148409_l-2015-300x217.jpg 300w, https:\/\/www.immobilienbusiness.ch\/wp-content\/uploads\/2017\/02\/Depositphotos_22148409_l-2015-1024x741.jpg 1024w, https:\/\/www.immobilienbusiness.ch\/wp-content\/uploads\/2017\/02\/Depositphotos_22148409_l-2015-768x556.jpg 768w, https:\/\/www.immobilienbusiness.ch\/wp-content\/uploads\/2017\/02\/Depositphotos_22148409_l-2015-1536x1111.jpg 1536w, https:\/\/www.immobilienbusiness.ch\/wp-content\/uploads\/2017\/02\/Depositphotos_22148409_l-2015-16x12.jpg 16w, https:\/\/www.immobilienbusiness.ch\/wp-content\/uploads\/2017\/02\/Depositphotos_22148409_l-2015-242x175.jpg 242w, https:\/\/www.immobilienbusiness.ch\/wp-content\/uploads\/2017\/02\/Depositphotos_22148409_l-2015-484x350.jpg 484w, https:\/\/www.immobilienbusiness.ch\/wp-content\/uploads\/2017\/02\/Depositphotos_22148409_l-2015-1106x800.jpg 1106w, https:\/\/www.immobilienbusiness.ch\/wp-content\/uploads\/2017\/02\/Depositphotos_22148409_l-2015-920x666.jpg 920w, https:\/\/www.immobilienbusiness.ch\/wp-content\/uploads\/2017\/02\/Depositphotos_22148409_l-2015-1400x1013.jpg 1400w, https:\/\/www.immobilienbusiness.ch\/wp-content\/uploads\/2017\/02\/Depositphotos_22148409_l-2015-1935x1400.jpg 1935w\" sizes=\"auto, (max-width: 680px) 100vw, 680px\" \/><figcaption id=\"caption-attachment-6119\" class=\"wp-caption-text\">Le CS EF LogisticsPlus pr\u00e9voit une \u00e9mission de 103 millions de CHF (Photo : Rangizzz - depositphotos)<\/figcaption><\/figure>\n<p>L'augmentation de capital pour le CS REF LogisticsPlus a \u00e9t\u00e9 envisag\u00e9e en d\u00e9cembre 2016. Comme l'a annonc\u00e9 le Credit Suisse mercredi, elle devrait d\u00e9sormais \u00eatre r\u00e9alis\u00e9e fin f\u00e9vrier.<\/p>\n<p>Un droit de souscription est attribu\u00e9 \u00e0 chaque ancienne part et deux droits de souscription donnent droit \u00e0 une nouvelle part. Au total, un million de nouvelles parts au maximum seront \u00e9mises. Le prix d'\u00e9mission \u00e0 la lib\u00e9ration est de 103 CHF nets pour une valeur nette d'inventaire de 101,83 CHF par part. L'\u00e9mission repr\u00e9sente ainsi un volume pouvant atteindre 103 millions de CHF.<\/p>\n<p>Un n\u00e9goce r\u00e9gulier des droits de souscription hors bourse aura lieu du 27 f\u00e9vrier au 8 mars 2017 par l'interm\u00e9diaire du Credit Suisse. Les parts non souscrites ne seront \u00e9ventuellement pas \u00e9mises, ce qui modifierait le montant de l'\u00e9mission. Le 16 mars 2017, le nombre effectif de nouvelles parts \u00e0 \u00e9mettre devrait \u00eatre annonc\u00e9. La lib\u00e9ration aura lieu le 17 mars 2017.<\/p>\n<p>Le produit de l'\u00e9mission sera utilis\u00e9 pour poursuivre l'extension et la diversification du portefeuille immobilier du CS REF LogisticsPlus, indique le Credit Suisse. Le site logistique de Derendingen (SO), encore en construction, sera lou\u00e9 \u00e0 DHL Logistics (Suisse) SA pour dix ans apr\u00e8s son ach\u00e8vement en \u00e9t\u00e9 2017. En outre, un immeuble logistique \u00e0 l'\u00e9tat neuf et lou\u00e9 \u00e0 long terme doit \u00eatre acquis le 1er avril 2017. Des n\u00e9gociations d'achat sont en cours pour d'autres objets et projets, selon la direction du fonds.<\/p>\n<p>Le CS REF LogisticsPlus investit dans des immeubles logistiques et proches de la logistique en Suisse et s'adresse \u00e0 des investisseurs qualifi\u00e9s.<\/p>\n<p>&nbsp;<\/p>","protected":false},"excerpt":{"rendered":"<p>Le fonds immobilier Credit Suisse Real Estate Fund LogisticsPlus (CS REF LogisticsPlus) proc\u00e8de \u00e0 une augmentation de capital du 27 f\u00e9vrier au 10 mars 2017. Le volume devrait atteindre jusqu'\u00e0 103 millions de CHF.<\/p>","protected":false},"author":3,"featured_media":6119,"comment_status":"open","ping_status":"open","sticky":false,"template":"","format":"standard","meta":{"_acf_changed":false,"_yoast_wpseo_focuskw":"CS REF LogisticsPlus","_yoast_wpseo_title":"","_yoast_wpseo_metadesc":"Der Immobilienfonds Credit Suisse Real Estate Fund LogisticsPlus (CS REF LogisticsPlus) f\u00fchrt eine Kapitalerh\u00f6hung\u00a0\u00fcber\u00a0maximal 103 Millionen CHF durch.","_yoast_wpseo_linkdex":79,"pgc_sgb_lightbox_settings":"","footnotes":""},"categories":[988],"tags":[1332,1412,1451],"class_list":["post-6302","post","type-post","status-publish","format-standard","has-post-thumbnail","hentry","category-unternehmen","tag-immobilien-fonds","tag-kapitalerhoehung","tag-logistik"],"acf":[],"yoast_head":"<!-- This site is optimized with the Yoast SEO plugin v27.4 - https:\/\/yoast.com\/product\/yoast-seo-wordpress\/ -->\n<title>Kapitalerh\u00f6hung f\u00fcr CS REF LogisticsPlus - IMMOBILIEN Business<\/title>\n<meta name=\"description\" content=\"Der Immobilienfonds Credit Suisse Real Estate Fund LogisticsPlus (CS REF LogisticsPlus) f\u00fchrt eine Kapitalerh\u00f6hung\u00a0\u00fcber\u00a0maximal 103 Millionen CHF durch.\" \/>\n<meta name=\"robots\" content=\"index, follow, max-snippet:-1, max-image-preview:large, max-video-preview:-1\" \/>\n<link rel=\"canonical\" href=\"https:\/\/www.immobilienbusiness.ch\/fr\/unternehmen\/2017-02-15\/kapitalerhoehung-fuer-den-cs-ref-logisticsplus\/\" \/>\n<meta property=\"og:locale\" content=\"fr_FR\" \/>\n<meta property=\"og:type\" content=\"article\" \/>\n<meta property=\"og:title\" content=\"Kapitalerh\u00f6hung f\u00fcr CS REF LogisticsPlus\" \/>\n<meta property=\"og:description\" content=\"Der Immobilienfonds Credit Suisse Real Estate Fund LogisticsPlus (CS REF LogisticsPlus) f\u00fchrt eine Kapitalerh\u00f6hung\u00a0\u00fcber\u00a0maximal 103 Millionen CHF durch.\" \/>\n<meta property=\"og:url\" content=\"https:\/\/www.immobilienbusiness.ch\/fr\/unternehmen\/2017-02-15\/kapitalerhoehung-fuer-den-cs-ref-logisticsplus\/\" \/>\n<meta property=\"og:site_name\" content=\"IMMOBILIEN Business\" \/>\n<meta property=\"article:publisher\" content=\"https:\/\/www.facebook.com\/immobilienbusiness\/\" \/>\n<meta property=\"article:published_time\" content=\"2017-02-15T08:01:39+00:00\" \/>\n<meta property=\"og:image\" content=\"https:\/\/www.immobilienbusiness.ch\/wp-content\/uploads\/2017\/02\/Depositphotos_22148409_l-2015-1024x741.jpg\" \/>\n\t<meta property=\"og:image:width\" content=\"1024\" \/>\n\t<meta property=\"og:image:height\" content=\"741\" \/>\n\t<meta property=\"og:image:type\" content=\"image\/jpeg\" \/>\n<meta name=\"author\" content=\"anja.hall\" \/>\n<meta name=\"twitter:card\" content=\"summary_large_image\" \/>\n<meta name=\"twitter:title\" content=\"Der Immobilienfonds Credit Suisse Real Estate Fund LogisticsPlus (CS REF LogisticsPlus) f\u00fchrt eine Kapitalerh\u00f6hung\u00a0\u00fcber\u00a0maximal 103 Millionen CHF durch.\" \/>\n<meta name=\"twitter:description\" content=\"Der Immobilienfonds Credit Suisse Real Estate Fund LogisticsPlus (CS REF LogisticsPlus) f\u00fchrt eine Kapitalerh\u00f6hung\u00a0\u00fcber\u00a0maximal 103 Millionen CHF durch.\" \/>\n<meta name=\"twitter:image\" content=\"https:\/\/www.immobilienbusiness.ch\/wp-content\/uploads\/2017\/02\/Depositphotos_22148409_l-2015.jpg\" \/>\n<script type=\"application\/ld+json\" class=\"yoast-schema-graph\">{\"@context\":\"https:\\\/\\\/schema.org\",\"@graph\":[{\"@type\":\"Article\",\"@id\":\"https:\\\/\\\/www.immobilienbusiness.ch\\\/unternehmen\\\/2017-02-15\\\/kapitalerhoehung-fuer-den-cs-ref-logisticsplus\\\/#article\",\"isPartOf\":{\"@id\":\"https:\\\/\\\/www.immobilienbusiness.ch\\\/unternehmen\\\/2017-02-15\\\/kapitalerhoehung-fuer-den-cs-ref-logisticsplus\\\/\"},\"author\":{\"name\":\"anja.hall\",\"@id\":\"https:\\\/\\\/www.immobilienbusiness.ch\\\/#\\\/schema\\\/person\\\/3fc036297b10b9f42d6db5ee932af8c8\"},\"headline\":\"Kapitalerh\u00f6hung f\u00fcr CS REF LogisticsPlus\",\"datePublished\":\"2017-02-15T08:01:39+00:00\",\"mainEntityOfPage\":{\"@id\":\"https:\\\/\\\/www.immobilienbusiness.ch\\\/unternehmen\\\/2017-02-15\\\/kapitalerhoehung-fuer-den-cs-ref-logisticsplus\\\/\"},\"wordCount\":254,\"commentCount\":0,\"publisher\":{\"@id\":\"https:\\\/\\\/www.immobilienbusiness.ch\\\/#organization\"},\"image\":{\"@id\":\"https:\\\/\\\/www.immobilienbusiness.ch\\\/unternehmen\\\/2017-02-15\\\/kapitalerhoehung-fuer-den-cs-ref-logisticsplus\\\/#primaryimage\"},\"thumbnailUrl\":\"https:\\\/\\\/www.immobilienbusiness.ch\\\/wp-content\\\/uploads\\\/2017\\\/02\\\/Depositphotos_22148409_l-2015.jpg\",\"keywords\":[\"Immobilien-Fonds\",\"Kapitalerh\u00f6hung\",\"Logistik\"],\"articleSection\":[\"UNTERNEHMEN\"],\"inLanguage\":\"fr-FR\"},{\"@type\":\"WebPage\",\"@id\":\"https:\\\/\\\/www.immobilienbusiness.ch\\\/unternehmen\\\/2017-02-15\\\/kapitalerhoehung-fuer-den-cs-ref-logisticsplus\\\/\",\"url\":\"https:\\\/\\\/www.immobilienbusiness.ch\\\/unternehmen\\\/2017-02-15\\\/kapitalerhoehung-fuer-den-cs-ref-logisticsplus\\\/\",\"name\":\"Kapitalerh\u00f6hung f\u00fcr CS REF LogisticsPlus - IMMOBILIEN Business\",\"isPartOf\":{\"@id\":\"https:\\\/\\\/www.immobilienbusiness.ch\\\/#website\"},\"primaryImageOfPage\":{\"@id\":\"https:\\\/\\\/www.immobilienbusiness.ch\\\/unternehmen\\\/2017-02-15\\\/kapitalerhoehung-fuer-den-cs-ref-logisticsplus\\\/#primaryimage\"},\"image\":{\"@id\":\"https:\\\/\\\/www.immobilienbusiness.ch\\\/unternehmen\\\/2017-02-15\\\/kapitalerhoehung-fuer-den-cs-ref-logisticsplus\\\/#primaryimage\"},\"thumbnailUrl\":\"https:\\\/\\\/www.immobilienbusiness.ch\\\/wp-content\\\/uploads\\\/2017\\\/02\\\/Depositphotos_22148409_l-2015.jpg\",\"datePublished\":\"2017-02-15T08:01:39+00:00\",\"description\":\"Der Immobilienfonds Credit Suisse Real Estate Fund LogisticsPlus (CS REF LogisticsPlus) f\u00fchrt eine Kapitalerh\u00f6hung\u00a0\u00fcber\u00a0maximal 103 Millionen CHF durch.\",\"breadcrumb\":{\"@id\":\"https:\\\/\\\/www.immobilienbusiness.ch\\\/unternehmen\\\/2017-02-15\\\/kapitalerhoehung-fuer-den-cs-ref-logisticsplus\\\/#breadcrumb\"},\"inLanguage\":\"fr-FR\",\"potentialAction\":[{\"@type\":\"ReadAction\",\"target\":[\"https:\\\/\\\/www.immobilienbusiness.ch\\\/unternehmen\\\/2017-02-15\\\/kapitalerhoehung-fuer-den-cs-ref-logisticsplus\\\/\"]}]},{\"@type\":\"ImageObject\",\"inLanguage\":\"fr-FR\",\"@id\":\"https:\\\/\\\/www.immobilienbusiness.ch\\\/unternehmen\\\/2017-02-15\\\/kapitalerhoehung-fuer-den-cs-ref-logisticsplus\\\/#primaryimage\",\"url\":\"https:\\\/\\\/www.immobilienbusiness.ch\\\/wp-content\\\/uploads\\\/2017\\\/02\\\/Depositphotos_22148409_l-2015.jpg\",\"contentUrl\":\"https:\\\/\\\/www.immobilienbusiness.ch\\\/wp-content\\\/uploads\\\/2017\\\/02\\\/Depositphotos_22148409_l-2015.jpg\",\"width\":2000,\"height\":1447,\"caption\":\"Der Fonds Sustainable Real Estate Switzerland sucht frisches Kapital (Foto: Rangizzz - depositphotos)\"},{\"@type\":\"BreadcrumbList\",\"@id\":\"https:\\\/\\\/www.immobilienbusiness.ch\\\/unternehmen\\\/2017-02-15\\\/kapitalerhoehung-fuer-den-cs-ref-logisticsplus\\\/#breadcrumb\",\"itemListElement\":[{\"@type\":\"ListItem\",\"position\":1,\"name\":\"Home\",\"item\":\"https:\\\/\\\/www.immobilienbusiness.ch\\\/\"},{\"@type\":\"ListItem\",\"position\":2,\"name\":\"Kapitalerh\u00f6hung f\u00fcr CS REF LogisticsPlus\"}]},{\"@type\":\"WebSite\",\"@id\":\"https:\\\/\\\/www.immobilienbusiness.ch\\\/#website\",\"url\":\"https:\\\/\\\/www.immobilienbusiness.ch\\\/\",\"name\":\"IMMOBILIEN Business\",\"description\":\"Unabh\u00e4ngiges Schweizer Wirtschaftsmagazin mit Fokus auf Immobilien, Architektur- und Bau sowie Investment- und Finanzierung.\",\"publisher\":{\"@id\":\"https:\\\/\\\/www.immobilienbusiness.ch\\\/#organization\"},\"potentialAction\":[{\"@type\":\"SearchAction\",\"target\":{\"@type\":\"EntryPoint\",\"urlTemplate\":\"https:\\\/\\\/www.immobilienbusiness.ch\\\/?s={search_term_string}\"},\"query-input\":{\"@type\":\"PropertyValueSpecification\",\"valueRequired\":true,\"valueName\":\"search_term_string\"}}],\"inLanguage\":\"fr-FR\"},{\"@type\":\"Organization\",\"@id\":\"https:\\\/\\\/www.immobilienbusiness.ch\\\/#organization\",\"name\":\"IMMOBILIEN Business\",\"url\":\"https:\\\/\\\/www.immobilienbusiness.ch\\\/\",\"logo\":{\"@type\":\"ImageObject\",\"inLanguage\":\"fr-FR\",\"@id\":\"https:\\\/\\\/www.immobilienbusiness.ch\\\/#\\\/schema\\\/logo\\\/image\\\/\",\"url\":\"https:\\\/\\\/www.immobilienbusiness.ch\\\/wp-content\\\/uploads\\\/2021\\\/07\\\/logo_ib.png\",\"contentUrl\":\"https:\\\/\\\/www.immobilienbusiness.ch\\\/wp-content\\\/uploads\\\/2021\\\/07\\\/logo_ib.png\",\"width\":800,\"height\":181,\"caption\":\"IMMOBILIEN Business\"},\"image\":{\"@id\":\"https:\\\/\\\/www.immobilienbusiness.ch\\\/#\\\/schema\\\/logo\\\/image\\\/\"},\"sameAs\":[\"https:\\\/\\\/www.facebook.com\\\/immobilienbusiness\\\/\"]},{\"@type\":\"Person\",\"@id\":\"https:\\\/\\\/www.immobilienbusiness.ch\\\/#\\\/schema\\\/person\\\/3fc036297b10b9f42d6db5ee932af8c8\",\"name\":\"anja.hall\",\"image\":{\"@type\":\"ImageObject\",\"inLanguage\":\"fr-FR\",\"@id\":\"https:\\\/\\\/secure.gravatar.com\\\/avatar\\\/066b5a0d447013502c71a5782f4f3469f03cfe595cc2329fb94652fe47511bfb?s=96&d=mm&r=g\",\"url\":\"https:\\\/\\\/secure.gravatar.com\\\/avatar\\\/066b5a0d447013502c71a5782f4f3469f03cfe595cc2329fb94652fe47511bfb?s=96&d=mm&r=g\",\"contentUrl\":\"https:\\\/\\\/secure.gravatar.com\\\/avatar\\\/066b5a0d447013502c71a5782f4f3469f03cfe595cc2329fb94652fe47511bfb?s=96&d=mm&r=g\",\"caption\":\"anja.hall\"},\"url\":\"https:\\\/\\\/www.immobilienbusiness.ch\\\/fr\\\/author\\\/anja-hall\\\/\"}]}<\/script>\n<!-- \/ Yoast SEO plugin. -->","yoast_head_json":{"title":"Kapitalerh\u00f6hung f\u00fcr CS REF LogisticsPlus - IMMOBILIEN Business","description":"Der Immobilienfonds Credit Suisse Real Estate Fund LogisticsPlus (CS REF LogisticsPlus) f\u00fchrt eine Kapitalerh\u00f6hung\u00a0\u00fcber\u00a0maximal 103 Millionen CHF durch.","robots":{"index":"index","follow":"follow","max-snippet":"max-snippet:-1","max-image-preview":"max-image-preview:large","max-video-preview":"max-video-preview:-1"},"canonical":"https:\/\/www.immobilienbusiness.ch\/fr\/unternehmen\/2017-02-15\/kapitalerhoehung-fuer-den-cs-ref-logisticsplus\/","og_locale":"fr_FR","og_type":"article","og_title":"Kapitalerh\u00f6hung f\u00fcr CS REF LogisticsPlus","og_description":"Der Immobilienfonds Credit Suisse Real Estate Fund LogisticsPlus (CS REF LogisticsPlus) f\u00fchrt eine Kapitalerh\u00f6hung\u00a0\u00fcber\u00a0maximal 103 Millionen CHF durch.","og_url":"https:\/\/www.immobilienbusiness.ch\/fr\/unternehmen\/2017-02-15\/kapitalerhoehung-fuer-den-cs-ref-logisticsplus\/","og_site_name":"IMMOBILIEN Business","article_publisher":"https:\/\/www.facebook.com\/immobilienbusiness\/","article_published_time":"2017-02-15T08:01:39+00:00","og_image":[{"width":1024,"height":741,"url":"https:\/\/www.immobilienbusiness.ch\/wp-content\/uploads\/2017\/02\/Depositphotos_22148409_l-2015-1024x741.jpg","type":"image\/jpeg"}],"author":"anja.hall","twitter_card":"summary_large_image","twitter_title":"Der Immobilienfonds Credit Suisse Real Estate Fund LogisticsPlus (CS REF LogisticsPlus) f\u00fchrt eine Kapitalerh\u00f6hung\u00a0\u00fcber\u00a0maximal 103 Millionen CHF durch.","twitter_description":"Der Immobilienfonds Credit Suisse Real Estate Fund LogisticsPlus (CS REF LogisticsPlus) f\u00fchrt eine Kapitalerh\u00f6hung\u00a0\u00fcber\u00a0maximal 103 Millionen CHF durch.","twitter_image":"https:\/\/www.immobilienbusiness.ch\/wp-content\/uploads\/2017\/02\/Depositphotos_22148409_l-2015.jpg","schema":{"@context":"https:\/\/schema.org","@graph":[{"@type":"Article","@id":"https:\/\/www.immobilienbusiness.ch\/unternehmen\/2017-02-15\/kapitalerhoehung-fuer-den-cs-ref-logisticsplus\/#article","isPartOf":{"@id":"https:\/\/www.immobilienbusiness.ch\/unternehmen\/2017-02-15\/kapitalerhoehung-fuer-den-cs-ref-logisticsplus\/"},"author":{"name":"anja.hall","@id":"https:\/\/www.immobilienbusiness.ch\/#\/schema\/person\/3fc036297b10b9f42d6db5ee932af8c8"},"headline":"Kapitalerh\u00f6hung f\u00fcr CS REF LogisticsPlus","datePublished":"2017-02-15T08:01:39+00:00","mainEntityOfPage":{"@id":"https:\/\/www.immobilienbusiness.ch\/unternehmen\/2017-02-15\/kapitalerhoehung-fuer-den-cs-ref-logisticsplus\/"},"wordCount":254,"commentCount":0,"publisher":{"@id":"https:\/\/www.immobilienbusiness.ch\/#organization"},"image":{"@id":"https:\/\/www.immobilienbusiness.ch\/unternehmen\/2017-02-15\/kapitalerhoehung-fuer-den-cs-ref-logisticsplus\/#primaryimage"},"thumbnailUrl":"https:\/\/www.immobilienbusiness.ch\/wp-content\/uploads\/2017\/02\/Depositphotos_22148409_l-2015.jpg","keywords":["Immobilien-Fonds","Kapitalerh\u00f6hung","Logistik"],"articleSection":["UNTERNEHMEN"],"inLanguage":"fr-FR"},{"@type":"WebPage","@id":"https:\/\/www.immobilienbusiness.ch\/unternehmen\/2017-02-15\/kapitalerhoehung-fuer-den-cs-ref-logisticsplus\/","url":"https:\/\/www.immobilienbusiness.ch\/unternehmen\/2017-02-15\/kapitalerhoehung-fuer-den-cs-ref-logisticsplus\/","name":"Kapitalerh\u00f6hung f\u00fcr CS REF LogisticsPlus - IMMOBILIEN Business","isPartOf":{"@id":"https:\/\/www.immobilienbusiness.ch\/#website"},"primaryImageOfPage":{"@id":"https:\/\/www.immobilienbusiness.ch\/unternehmen\/2017-02-15\/kapitalerhoehung-fuer-den-cs-ref-logisticsplus\/#primaryimage"},"image":{"@id":"https:\/\/www.immobilienbusiness.ch\/unternehmen\/2017-02-15\/kapitalerhoehung-fuer-den-cs-ref-logisticsplus\/#primaryimage"},"thumbnailUrl":"https:\/\/www.immobilienbusiness.ch\/wp-content\/uploads\/2017\/02\/Depositphotos_22148409_l-2015.jpg","datePublished":"2017-02-15T08:01:39+00:00","description":"Der Immobilienfonds Credit Suisse Real Estate Fund LogisticsPlus (CS REF LogisticsPlus) f\u00fchrt eine Kapitalerh\u00f6hung\u00a0\u00fcber\u00a0maximal 103 Millionen CHF durch.","breadcrumb":{"@id":"https:\/\/www.immobilienbusiness.ch\/unternehmen\/2017-02-15\/kapitalerhoehung-fuer-den-cs-ref-logisticsplus\/#breadcrumb"},"inLanguage":"fr-FR","potentialAction":[{"@type":"ReadAction","target":["https:\/\/www.immobilienbusiness.ch\/unternehmen\/2017-02-15\/kapitalerhoehung-fuer-den-cs-ref-logisticsplus\/"]}]},{"@type":"ImageObject","inLanguage":"fr-FR","@id":"https:\/\/www.immobilienbusiness.ch\/unternehmen\/2017-02-15\/kapitalerhoehung-fuer-den-cs-ref-logisticsplus\/#primaryimage","url":"https:\/\/www.immobilienbusiness.ch\/wp-content\/uploads\/2017\/02\/Depositphotos_22148409_l-2015.jpg","contentUrl":"https:\/\/www.immobilienbusiness.ch\/wp-content\/uploads\/2017\/02\/Depositphotos_22148409_l-2015.jpg","width":2000,"height":1447,"caption":"Der Fonds Sustainable Real Estate Switzerland sucht frisches Kapital (Foto: Rangizzz - depositphotos)"},{"@type":"BreadcrumbList","@id":"https:\/\/www.immobilienbusiness.ch\/unternehmen\/2017-02-15\/kapitalerhoehung-fuer-den-cs-ref-logisticsplus\/#breadcrumb","itemListElement":[{"@type":"ListItem","position":1,"name":"Home","item":"https:\/\/www.immobilienbusiness.ch\/"},{"@type":"ListItem","position":2,"name":"Kapitalerh\u00f6hung f\u00fcr CS REF LogisticsPlus"}]},{"@type":"WebSite","@id":"https:\/\/www.immobilienbusiness.ch\/#website","url":"https:\/\/www.immobilienbusiness.ch\/","name":"IMMOBILIER Business","description":"Magazine \u00e9conomique suisse ind\u00e9pendant ax\u00e9 sur l'immobilier, l'architecture et la construction ainsi que sur les investissements et le financement.","publisher":{"@id":"https:\/\/www.immobilienbusiness.ch\/#organization"},"potentialAction":[{"@type":"SearchAction","target":{"@type":"EntryPoint","urlTemplate":"https:\/\/www.immobilienbusiness.ch\/?s={search_term_string}"},"query-input":{"@type":"PropertyValueSpecification","valueRequired":true,"valueName":"search_term_string"}}],"inLanguage":"fr-FR"},{"@type":"Organization","@id":"https:\/\/www.immobilienbusiness.ch\/#organization","name":"IMMOBILIER Business","url":"https:\/\/www.immobilienbusiness.ch\/","logo":{"@type":"ImageObject","inLanguage":"fr-FR","@id":"https:\/\/www.immobilienbusiness.ch\/#\/schema\/logo\/image\/","url":"https:\/\/www.immobilienbusiness.ch\/wp-content\/uploads\/2021\/07\/logo_ib.png","contentUrl":"https:\/\/www.immobilienbusiness.ch\/wp-content\/uploads\/2021\/07\/logo_ib.png","width":800,"height":181,"caption":"IMMOBILIEN Business"},"image":{"@id":"https:\/\/www.immobilienbusiness.ch\/#\/schema\/logo\/image\/"},"sameAs":["https:\/\/www.facebook.com\/immobilienbusiness\/"]},{"@type":"Person","@id":"https:\/\/www.immobilienbusiness.ch\/#\/schema\/person\/3fc036297b10b9f42d6db5ee932af8c8","name":"anja.hall","image":{"@type":"ImageObject","inLanguage":"fr-FR","@id":"https:\/\/secure.gravatar.com\/avatar\/066b5a0d447013502c71a5782f4f3469f03cfe595cc2329fb94652fe47511bfb?s=96&d=mm&r=g","url":"https:\/\/secure.gravatar.com\/avatar\/066b5a0d447013502c71a5782f4f3469f03cfe595cc2329fb94652fe47511bfb?s=96&d=mm&r=g","contentUrl":"https:\/\/secure.gravatar.com\/avatar\/066b5a0d447013502c71a5782f4f3469f03cfe595cc2329fb94652fe47511bfb?s=96&d=mm&r=g","caption":"anja.hall"},"url":"https:\/\/www.immobilienbusiness.ch\/fr\/author\/anja-hall\/"}]}},"_links":{"self":[{"href":"https:\/\/www.immobilienbusiness.ch\/fr\/wp-json\/wp\/v2\/posts\/6302","targetHints":{"allow":["GET"]}}],"collection":[{"href":"https:\/\/www.immobilienbusiness.ch\/fr\/wp-json\/wp\/v2\/posts"}],"about":[{"href":"https:\/\/www.immobilienbusiness.ch\/fr\/wp-json\/wp\/v2\/types\/post"}],"author":[{"embeddable":true,"href":"https:\/\/www.immobilienbusiness.ch\/fr\/wp-json\/wp\/v2\/users\/3"}],"replies":[{"embeddable":true,"href":"https:\/\/www.immobilienbusiness.ch\/fr\/wp-json\/wp\/v2\/comments?post=6302"}],"version-history":[{"count":0,"href":"https:\/\/www.immobilienbusiness.ch\/fr\/wp-json\/wp\/v2\/posts\/6302\/revisions"}],"wp:featuredmedia":[{"embeddable":true,"href":"https:\/\/www.immobilienbusiness.ch\/fr\/wp-json\/wp\/v2\/media\/6119"}],"wp:attachment":[{"href":"https:\/\/www.immobilienbusiness.ch\/fr\/wp-json\/wp\/v2\/media?parent=6302"}],"wp:term":[{"taxonomy":"category","embeddable":true,"href":"https:\/\/www.immobilienbusiness.ch\/fr\/wp-json\/wp\/v2\/categories?post=6302"},{"taxonomy":"post_tag","embeddable":true,"href":"https:\/\/www.immobilienbusiness.ch\/fr\/wp-json\/wp\/v2\/tags?post=6302"}],"curies":[{"name":"wp","href":"https:\/\/api.w.org\/{rel}","templated":true}]}}