{"id":62902,"date":"2025-03-21T08:22:07","date_gmt":"2025-03-21T07:22:07","guid":{"rendered":"https:\/\/www.immobilienbusiness.ch\/?p=62902"},"modified":"2025-04-16T09:58:05","modified_gmt":"2025-04-16T07:58:05","slug":"helvetia-schliesst-kapitalerhoehung-vollstaendig-ab","status":"publish","type":"post","link":"https:\/\/www.immobilienbusiness.ch\/fr\/unternehmen\/2025-03-21\/helvetia-schliesst-kapitalerhoehung-vollstaendig-ab\/","title":{"rendered":"L'Helvetia cl\u00f4ture enti\u00e8rement son augmentation de capital"},"content":{"rendered":"<figure id=\"attachment_1255\" aria-describedby=\"caption-attachment-1255\" style=\"width: 768px\" class=\"wp-caption alignnone\"><a href=\"https:\/\/www.immobilienbusiness.ch\/wp-content\/uploads\/2016\/12\/Basel-Gruenes-Licht-fuer-zweites-Helvetia-Hochhaus-immobilien-business.jpg\"><img loading=\"lazy\" decoding=\"async\" class=\"size-large wp-image-1255\" src=\"https:\/\/www.immobilienbusiness.ch\/wp-content\/uploads\/2016\/12\/Basel-Gruenes-Licht-fuer-zweites-Helvetia-Hochhaus-immobilien-business-1024x779.jpg\" alt=\"\" width=\"768\" height=\"584\" srcset=\"https:\/\/www.immobilienbusiness.ch\/wp-content\/uploads\/2016\/12\/Basel-Gruenes-Licht-fuer-zweites-Helvetia-Hochhaus-immobilien-business-1024x779.jpg 1024w, https:\/\/www.immobilienbusiness.ch\/wp-content\/uploads\/2016\/12\/Basel-Gruenes-Licht-fuer-zweites-Helvetia-Hochhaus-immobilien-business-300x228.jpg 300w, https:\/\/www.immobilienbusiness.ch\/wp-content\/uploads\/2016\/12\/Basel-Gruenes-Licht-fuer-zweites-Helvetia-Hochhaus-immobilien-business-768x584.jpg 768w, https:\/\/www.immobilienbusiness.ch\/wp-content\/uploads\/2016\/12\/Basel-Gruenes-Licht-fuer-zweites-Helvetia-Hochhaus-immobilien-business-1536x1168.jpg 1536w, https:\/\/www.immobilienbusiness.ch\/wp-content\/uploads\/2016\/12\/Basel-Gruenes-Licht-fuer-zweites-Helvetia-Hochhaus-immobilien-business-16x12.jpg 16w, https:\/\/www.immobilienbusiness.ch\/wp-content\/uploads\/2016\/12\/Basel-Gruenes-Licht-fuer-zweites-Helvetia-Hochhaus-immobilien-business-230x175.jpg 230w, https:\/\/www.immobilienbusiness.ch\/wp-content\/uploads\/2016\/12\/Basel-Gruenes-Licht-fuer-zweites-Helvetia-Hochhaus-immobilien-business-460x350.jpg 460w, https:\/\/www.immobilienbusiness.ch\/wp-content\/uploads\/2016\/12\/Basel-Gruenes-Licht-fuer-zweites-Helvetia-Hochhaus-immobilien-business-1052x800.jpg 1052w, https:\/\/www.immobilienbusiness.ch\/wp-content\/uploads\/2016\/12\/Basel-Gruenes-Licht-fuer-zweites-Helvetia-Hochhaus-immobilien-business-920x700.jpg 920w, https:\/\/www.immobilienbusiness.ch\/wp-content\/uploads\/2016\/12\/Basel-Gruenes-Licht-fuer-zweites-Helvetia-Hochhaus-immobilien-business-1400x1065.jpg 1400w, https:\/\/www.immobilienbusiness.ch\/wp-content\/uploads\/2016\/12\/Basel-Gruenes-Licht-fuer-zweites-Helvetia-Hochhaus-immobilien-business.jpg 1772w\" sizes=\"auto, (max-width: 768px) 100vw, 768px\" \/><\/a><figcaption id=\"caption-attachment-1255\" class=\"wp-caption-text\">Vue du si\u00e8ge principal du groupe Helvetia (photo : Helvetia)<\/figcaption><\/figure>\n<p>L'augmentation de capital de l'Helvetia (CH) Swiss Property Fund est termin\u00e9e. Comme annonc\u00e9, le fonds a lev\u00e9 des fonds pour un volume de 166 millions de CHF. Les quelque 1,6 million de parts ont \u00e9t\u00e9 enti\u00e8rement souscrites. Les fonds serviront \u00e0 financer l'acquisition de sept immeubles du portefeuille de Helvetia Compagnie Suisse d'Assurances sur la Vie SA, d'une valeur de march\u00e9 d'environ 252 millions de CHF. Les immeubles Core\/Core+ se trouvent dans les cantons de Zurich, Saint-Gall, B\u00e2le-Ville et Neuch\u00e2tel et pr\u00e9sentent, selon Helvetia Asset Management, une part \"tr\u00e8s \u00e9lev\u00e9e\" de logements.<br \/>\nApr\u00e8s l'augmentation de capital, le fonds se positionne dans la moyenne des fonds immobiliers cot\u00e9s en bourse, avec une valeur de march\u00e9 des immeubles d'environ 1,3 milliard de CHF. <em>(aw)<\/em><\/p>","protected":false},"excerpt":{"rendered":"<p>Gr\u00e2ce \u00e0 ces fonds frais, l'achat d'un portefeuille d'environ 250 millions de francs suisses comprenant sept immeubles est sous toit.<\/p>","protected":false},"author":102,"featured_media":1255,"comment_status":"closed","ping_status":"closed","sticky":false,"template":"","format":"standard","meta":{"_acf_changed":false,"_yoast_wpseo_focuskw":"Kapitalerh\u00f6hung","_yoast_wpseo_title":"","_yoast_wpseo_metadesc":"Mit den frischen Mitteln ist der Kauf eines rund 250 Millionen Franken schweren Portfolios unter Dach und Fach.","_yoast_wpseo_linkdex":53,"pgc_sgb_lightbox_settings":"","footnotes":""},"categories":[988],"tags":[1295,1344,1412,1414,1492],"class_list":["post-62902","post","type-post","status-publish","format-standard","has-post-thumbnail","hentry","category-unternehmen","tag-helvetia","tag-immobilienfonds","tag-kapitalerhoehung","tag-kauf","tag-mietwohnungen"],"acf":[],"yoast_head":"<!-- This site is optimized with the Yoast SEO plugin v27.4 - https:\/\/yoast.com\/product\/yoast-seo-wordpress\/ -->\n<title>Helvetia schliesst Kapitalerh\u00f6hung vollst\u00e4ndig ab - IMMOBILIEN Business<\/title>\n<meta name=\"description\" content=\"Mit den frischen Mitteln ist der Kauf eines rund 250 Millionen Franken schweren Portfolios unter Dach und Fach.\" \/>\n<meta name=\"robots\" content=\"index, follow, max-snippet:-1, max-image-preview:large, max-video-preview:-1\" \/>\n<link rel=\"canonical\" href=\"https:\/\/www.immobilienbusiness.ch\/fr\/unternehmen\/2025-03-21\/helvetia-schliesst-kapitalerhoehung-vollstaendig-ab\/\" \/>\n<meta property=\"og:locale\" content=\"fr_FR\" \/>\n<meta property=\"og:type\" content=\"article\" \/>\n<meta property=\"og:title\" content=\"Helvetia schliesst Kapitalerh\u00f6hung vollst\u00e4ndig ab - IMMOBILIEN Business\" \/>\n<meta property=\"og:description\" content=\"Mit den frischen Mitteln ist der Kauf eines rund 250 Millionen Franken schweren Portfolios unter Dach und Fach.\" \/>\n<meta property=\"og:url\" content=\"https:\/\/www.immobilienbusiness.ch\/fr\/unternehmen\/2025-03-21\/helvetia-schliesst-kapitalerhoehung-vollstaendig-ab\/\" \/>\n<meta property=\"og:site_name\" content=\"IMMOBILIEN Business\" \/>\n<meta property=\"article:publisher\" content=\"https:\/\/www.facebook.com\/immobilienbusiness\/\" \/>\n<meta property=\"article:published_time\" content=\"2025-03-21T07:22:07+00:00\" \/>\n<meta property=\"article:modified_time\" content=\"2025-04-16T07:58:05+00:00\" \/>\n<meta property=\"og:image\" content=\"https:\/\/www.immobilienbusiness.ch\/wp-content\/uploads\/2016\/12\/Basel-Gruenes-Licht-fuer-zweites-Helvetia-Hochhaus-immobilien-business.jpg\" \/>\n\t<meta property=\"og:image:width\" content=\"1772\" \/>\n\t<meta property=\"og:image:height\" content=\"1348\" \/>\n\t<meta property=\"og:image:type\" content=\"image\/jpeg\" \/>\n<meta name=\"author\" content=\"Alexander Wachter\" \/>\n<meta name=\"twitter:card\" content=\"summary_large_image\" \/>\n<script type=\"application\/ld+json\" class=\"yoast-schema-graph\">{\"@context\":\"https:\\\/\\\/schema.org\",\"@graph\":[{\"@type\":\"Article\",\"@id\":\"https:\\\/\\\/www.immobilienbusiness.ch\\\/en\\\/unternehmen\\\/2025-03-21\\\/helvetia-schliesst-kapitalerhoehung-vollstaendig-ab\\\/#article\",\"isPartOf\":{\"@id\":\"https:\\\/\\\/www.immobilienbusiness.ch\\\/en\\\/unternehmen\\\/2025-03-21\\\/helvetia-schliesst-kapitalerhoehung-vollstaendig-ab\\\/\"},\"author\":{\"name\":\"Alexander Wachter\",\"@id\":\"https:\\\/\\\/www.immobilienbusiness.ch\\\/#\\\/schema\\\/person\\\/aba8bea2db926aa0c24c08c43fe1fcd5\"},\"headline\":\"Helvetia schliesst Kapitalerh\u00f6hung vollst\u00e4ndig ab\",\"datePublished\":\"2025-03-21T07:22:07+00:00\",\"dateModified\":\"2025-04-16T07:58:05+00:00\",\"mainEntityOfPage\":{\"@id\":\"https:\\\/\\\/www.immobilienbusiness.ch\\\/en\\\/unternehmen\\\/2025-03-21\\\/helvetia-schliesst-kapitalerhoehung-vollstaendig-ab\\\/\"},\"wordCount\":131,\"publisher\":{\"@id\":\"https:\\\/\\\/www.immobilienbusiness.ch\\\/#organization\"},\"image\":{\"@id\":\"https:\\\/\\\/www.immobilienbusiness.ch\\\/en\\\/unternehmen\\\/2025-03-21\\\/helvetia-schliesst-kapitalerhoehung-vollstaendig-ab\\\/#primaryimage\"},\"thumbnailUrl\":\"https:\\\/\\\/www.immobilienbusiness.ch\\\/wp-content\\\/uploads\\\/2016\\\/12\\\/Basel-Gruenes-Licht-fuer-zweites-Helvetia-Hochhaus-immobilien-business.jpg\",\"keywords\":[\"Helvetia\",\"Immobilienfonds\",\"Kapitalerh\u00f6hung\",\"Kauf\",\"Mietwohnungen\"],\"articleSection\":[\"UNTERNEHMEN\"],\"inLanguage\":\"fr-FR\"},{\"@type\":\"WebPage\",\"@id\":\"https:\\\/\\\/www.immobilienbusiness.ch\\\/en\\\/unternehmen\\\/2025-03-21\\\/helvetia-schliesst-kapitalerhoehung-vollstaendig-ab\\\/\",\"url\":\"https:\\\/\\\/www.immobilienbusiness.ch\\\/en\\\/unternehmen\\\/2025-03-21\\\/helvetia-schliesst-kapitalerhoehung-vollstaendig-ab\\\/\",\"name\":\"Helvetia schliesst Kapitalerh\u00f6hung vollst\u00e4ndig ab - IMMOBILIEN Business\",\"isPartOf\":{\"@id\":\"https:\\\/\\\/www.immobilienbusiness.ch\\\/#website\"},\"primaryImageOfPage\":{\"@id\":\"https:\\\/\\\/www.immobilienbusiness.ch\\\/en\\\/unternehmen\\\/2025-03-21\\\/helvetia-schliesst-kapitalerhoehung-vollstaendig-ab\\\/#primaryimage\"},\"image\":{\"@id\":\"https:\\\/\\\/www.immobilienbusiness.ch\\\/en\\\/unternehmen\\\/2025-03-21\\\/helvetia-schliesst-kapitalerhoehung-vollstaendig-ab\\\/#primaryimage\"},\"thumbnailUrl\":\"https:\\\/\\\/www.immobilienbusiness.ch\\\/wp-content\\\/uploads\\\/2016\\\/12\\\/Basel-Gruenes-Licht-fuer-zweites-Helvetia-Hochhaus-immobilien-business.jpg\",\"datePublished\":\"2025-03-21T07:22:07+00:00\",\"dateModified\":\"2025-04-16T07:58:05+00:00\",\"description\":\"Mit den frischen Mitteln ist der Kauf eines rund 250 Millionen Franken schweren Portfolios unter Dach und Fach.\",\"breadcrumb\":{\"@id\":\"https:\\\/\\\/www.immobilienbusiness.ch\\\/en\\\/unternehmen\\\/2025-03-21\\\/helvetia-schliesst-kapitalerhoehung-vollstaendig-ab\\\/#breadcrumb\"},\"inLanguage\":\"fr-FR\",\"potentialAction\":[{\"@type\":\"ReadAction\",\"target\":[\"https:\\\/\\\/www.immobilienbusiness.ch\\\/en\\\/unternehmen\\\/2025-03-21\\\/helvetia-schliesst-kapitalerhoehung-vollstaendig-ab\\\/\"]}]},{\"@type\":\"ImageObject\",\"inLanguage\":\"fr-FR\",\"@id\":\"https:\\\/\\\/www.immobilienbusiness.ch\\\/en\\\/unternehmen\\\/2025-03-21\\\/helvetia-schliesst-kapitalerhoehung-vollstaendig-ab\\\/#primaryimage\",\"url\":\"https:\\\/\\\/www.immobilienbusiness.ch\\\/wp-content\\\/uploads\\\/2016\\\/12\\\/Basel-Gruenes-Licht-fuer-zweites-Helvetia-Hochhaus-immobilien-business.jpg\",\"contentUrl\":\"https:\\\/\\\/www.immobilienbusiness.ch\\\/wp-content\\\/uploads\\\/2016\\\/12\\\/Basel-Gruenes-Licht-fuer-zweites-Helvetia-Hochhaus-immobilien-business.jpg\",\"width\":1772,\"height\":1348,\"caption\":\"Der von Herzog & de Meuron entworfene Hauptsitz der Helvetia (Foto: Helvetia)\"},{\"@type\":\"BreadcrumbList\",\"@id\":\"https:\\\/\\\/www.immobilienbusiness.ch\\\/en\\\/unternehmen\\\/2025-03-21\\\/helvetia-schliesst-kapitalerhoehung-vollstaendig-ab\\\/#breadcrumb\",\"itemListElement\":[{\"@type\":\"ListItem\",\"position\":1,\"name\":\"Home\",\"item\":\"https:\\\/\\\/www.immobilienbusiness.ch\\\/\"},{\"@type\":\"ListItem\",\"position\":2,\"name\":\"Helvetia schliesst Kapitalerh\u00f6hung vollst\u00e4ndig ab\"}]},{\"@type\":\"WebSite\",\"@id\":\"https:\\\/\\\/www.immobilienbusiness.ch\\\/#website\",\"url\":\"https:\\\/\\\/www.immobilienbusiness.ch\\\/\",\"name\":\"IMMOBILIEN Business\",\"description\":\"Unabh\u00e4ngiges Schweizer Wirtschaftsmagazin mit Fokus auf Immobilien, Architektur- und Bau sowie Investment- und Finanzierung.\",\"publisher\":{\"@id\":\"https:\\\/\\\/www.immobilienbusiness.ch\\\/#organization\"},\"potentialAction\":[{\"@type\":\"SearchAction\",\"target\":{\"@type\":\"EntryPoint\",\"urlTemplate\":\"https:\\\/\\\/www.immobilienbusiness.ch\\\/?s={search_term_string}\"},\"query-input\":{\"@type\":\"PropertyValueSpecification\",\"valueRequired\":true,\"valueName\":\"search_term_string\"}}],\"inLanguage\":\"fr-FR\"},{\"@type\":\"Organization\",\"@id\":\"https:\\\/\\\/www.immobilienbusiness.ch\\\/#organization\",\"name\":\"IMMOBILIEN Business\",\"url\":\"https:\\\/\\\/www.immobilienbusiness.ch\\\/\",\"logo\":{\"@type\":\"ImageObject\",\"inLanguage\":\"fr-FR\",\"@id\":\"https:\\\/\\\/www.immobilienbusiness.ch\\\/#\\\/schema\\\/logo\\\/image\\\/\",\"url\":\"https:\\\/\\\/www.immobilienbusiness.ch\\\/wp-content\\\/uploads\\\/2021\\\/07\\\/logo_ib.png\",\"contentUrl\":\"https:\\\/\\\/www.immobilienbusiness.ch\\\/wp-content\\\/uploads\\\/2021\\\/07\\\/logo_ib.png\",\"width\":800,\"height\":181,\"caption\":\"IMMOBILIEN Business\"},\"image\":{\"@id\":\"https:\\\/\\\/www.immobilienbusiness.ch\\\/#\\\/schema\\\/logo\\\/image\\\/\"},\"sameAs\":[\"https:\\\/\\\/www.facebook.com\\\/immobilienbusiness\\\/\"]},{\"@type\":\"Person\",\"@id\":\"https:\\\/\\\/www.immobilienbusiness.ch\\\/#\\\/schema\\\/person\\\/aba8bea2db926aa0c24c08c43fe1fcd5\",\"name\":\"Alexander Wachter\",\"image\":{\"@type\":\"ImageObject\",\"inLanguage\":\"fr-FR\",\"@id\":\"https:\\\/\\\/secure.gravatar.com\\\/avatar\\\/1a09e471f5389b0e0a6416eac287e0927c7c97a7b77f9e787eba3af7aee281dd?s=96&d=mm&r=g\",\"url\":\"https:\\\/\\\/secure.gravatar.com\\\/avatar\\\/1a09e471f5389b0e0a6416eac287e0927c7c97a7b77f9e787eba3af7aee281dd?s=96&d=mm&r=g\",\"contentUrl\":\"https:\\\/\\\/secure.gravatar.com\\\/avatar\\\/1a09e471f5389b0e0a6416eac287e0927c7c97a7b77f9e787eba3af7aee281dd?s=96&d=mm&r=g\",\"caption\":\"Alexander Wachter\"},\"url\":\"https:\\\/\\\/www.immobilienbusiness.ch\\\/fr\\\/author\\\/alexander-wachter\\\/\"}]}<\/script>\n<!-- \/ Yoast SEO plugin. -->","yoast_head_json":{"title":"L'Helvetia cl\u00f4ture enti\u00e8rement son augmentation de capital - IMMOBILIER Business","description":"Gr\u00e2ce \u00e0 ces fonds frais, l'achat d'un portefeuille d'environ 250 millions de francs est sous toit.","robots":{"index":"index","follow":"follow","max-snippet":"max-snippet:-1","max-image-preview":"max-image-preview:large","max-video-preview":"max-video-preview:-1"},"canonical":"https:\/\/www.immobilienbusiness.ch\/fr\/unternehmen\/2025-03-21\/helvetia-schliesst-kapitalerhoehung-vollstaendig-ab\/","og_locale":"fr_FR","og_type":"article","og_title":"Helvetia schliesst Kapitalerh\u00f6hung vollst\u00e4ndig ab - IMMOBILIEN Business","og_description":"Mit den frischen Mitteln ist der Kauf eines rund 250 Millionen Franken schweren Portfolios unter Dach und Fach.","og_url":"https:\/\/www.immobilienbusiness.ch\/fr\/unternehmen\/2025-03-21\/helvetia-schliesst-kapitalerhoehung-vollstaendig-ab\/","og_site_name":"IMMOBILIEN Business","article_publisher":"https:\/\/www.facebook.com\/immobilienbusiness\/","article_published_time":"2025-03-21T07:22:07+00:00","article_modified_time":"2025-04-16T07:58:05+00:00","og_image":[{"width":1772,"height":1348,"url":"https:\/\/www.immobilienbusiness.ch\/wp-content\/uploads\/2016\/12\/Basel-Gruenes-Licht-fuer-zweites-Helvetia-Hochhaus-immobilien-business.jpg","type":"image\/jpeg"}],"author":"Alexander Wachter","twitter_card":"summary_large_image","schema":{"@context":"https:\/\/schema.org","@graph":[{"@type":"Article","@id":"https:\/\/www.immobilienbusiness.ch\/en\/unternehmen\/2025-03-21\/helvetia-schliesst-kapitalerhoehung-vollstaendig-ab\/#article","isPartOf":{"@id":"https:\/\/www.immobilienbusiness.ch\/en\/unternehmen\/2025-03-21\/helvetia-schliesst-kapitalerhoehung-vollstaendig-ab\/"},"author":{"name":"Alexander Wachter","@id":"https:\/\/www.immobilienbusiness.ch\/#\/schema\/person\/aba8bea2db926aa0c24c08c43fe1fcd5"},"headline":"Helvetia schliesst Kapitalerh\u00f6hung vollst\u00e4ndig ab","datePublished":"2025-03-21T07:22:07+00:00","dateModified":"2025-04-16T07:58:05+00:00","mainEntityOfPage":{"@id":"https:\/\/www.immobilienbusiness.ch\/en\/unternehmen\/2025-03-21\/helvetia-schliesst-kapitalerhoehung-vollstaendig-ab\/"},"wordCount":131,"publisher":{"@id":"https:\/\/www.immobilienbusiness.ch\/#organization"},"image":{"@id":"https:\/\/www.immobilienbusiness.ch\/en\/unternehmen\/2025-03-21\/helvetia-schliesst-kapitalerhoehung-vollstaendig-ab\/#primaryimage"},"thumbnailUrl":"https:\/\/www.immobilienbusiness.ch\/wp-content\/uploads\/2016\/12\/Basel-Gruenes-Licht-fuer-zweites-Helvetia-Hochhaus-immobilien-business.jpg","keywords":["Helvetia","Immobilienfonds","Kapitalerh\u00f6hung","Kauf","Mietwohnungen"],"articleSection":["UNTERNEHMEN"],"inLanguage":"fr-FR"},{"@type":"WebPage","@id":"https:\/\/www.immobilienbusiness.ch\/en\/unternehmen\/2025-03-21\/helvetia-schliesst-kapitalerhoehung-vollstaendig-ab\/","url":"https:\/\/www.immobilienbusiness.ch\/en\/unternehmen\/2025-03-21\/helvetia-schliesst-kapitalerhoehung-vollstaendig-ab\/","name":"L'Helvetia cl\u00f4ture enti\u00e8rement son augmentation de capital - IMMOBILIER Business","isPartOf":{"@id":"https:\/\/www.immobilienbusiness.ch\/#website"},"primaryImageOfPage":{"@id":"https:\/\/www.immobilienbusiness.ch\/en\/unternehmen\/2025-03-21\/helvetia-schliesst-kapitalerhoehung-vollstaendig-ab\/#primaryimage"},"image":{"@id":"https:\/\/www.immobilienbusiness.ch\/en\/unternehmen\/2025-03-21\/helvetia-schliesst-kapitalerhoehung-vollstaendig-ab\/#primaryimage"},"thumbnailUrl":"https:\/\/www.immobilienbusiness.ch\/wp-content\/uploads\/2016\/12\/Basel-Gruenes-Licht-fuer-zweites-Helvetia-Hochhaus-immobilien-business.jpg","datePublished":"2025-03-21T07:22:07+00:00","dateModified":"2025-04-16T07:58:05+00:00","description":"Gr\u00e2ce \u00e0 ces fonds frais, l'achat d'un portefeuille d'environ 250 millions de francs est sous toit.","breadcrumb":{"@id":"https:\/\/www.immobilienbusiness.ch\/en\/unternehmen\/2025-03-21\/helvetia-schliesst-kapitalerhoehung-vollstaendig-ab\/#breadcrumb"},"inLanguage":"fr-FR","potentialAction":[{"@type":"ReadAction","target":["https:\/\/www.immobilienbusiness.ch\/en\/unternehmen\/2025-03-21\/helvetia-schliesst-kapitalerhoehung-vollstaendig-ab\/"]}]},{"@type":"ImageObject","inLanguage":"fr-FR","@id":"https:\/\/www.immobilienbusiness.ch\/en\/unternehmen\/2025-03-21\/helvetia-schliesst-kapitalerhoehung-vollstaendig-ab\/#primaryimage","url":"https:\/\/www.immobilienbusiness.ch\/wp-content\/uploads\/2016\/12\/Basel-Gruenes-Licht-fuer-zweites-Helvetia-Hochhaus-immobilien-business.jpg","contentUrl":"https:\/\/www.immobilienbusiness.ch\/wp-content\/uploads\/2016\/12\/Basel-Gruenes-Licht-fuer-zweites-Helvetia-Hochhaus-immobilien-business.jpg","width":1772,"height":1348,"caption":"Der von Herzog & de Meuron entworfene Hauptsitz der Helvetia (Foto: Helvetia)"},{"@type":"BreadcrumbList","@id":"https:\/\/www.immobilienbusiness.ch\/en\/unternehmen\/2025-03-21\/helvetia-schliesst-kapitalerhoehung-vollstaendig-ab\/#breadcrumb","itemListElement":[{"@type":"ListItem","position":1,"name":"Home","item":"https:\/\/www.immobilienbusiness.ch\/"},{"@type":"ListItem","position":2,"name":"Helvetia schliesst Kapitalerh\u00f6hung vollst\u00e4ndig ab"}]},{"@type":"WebSite","@id":"https:\/\/www.immobilienbusiness.ch\/#website","url":"https:\/\/www.immobilienbusiness.ch\/","name":"IMMOBILIER Business","description":"Magazine \u00e9conomique suisse ind\u00e9pendant ax\u00e9 sur l'immobilier, l'architecture et la construction ainsi que sur les investissements et le financement.","publisher":{"@id":"https:\/\/www.immobilienbusiness.ch\/#organization"},"potentialAction":[{"@type":"SearchAction","target":{"@type":"EntryPoint","urlTemplate":"https:\/\/www.immobilienbusiness.ch\/?s={search_term_string}"},"query-input":{"@type":"PropertyValueSpecification","valueRequired":true,"valueName":"search_term_string"}}],"inLanguage":"fr-FR"},{"@type":"Organization","@id":"https:\/\/www.immobilienbusiness.ch\/#organization","name":"IMMOBILIER Business","url":"https:\/\/www.immobilienbusiness.ch\/","logo":{"@type":"ImageObject","inLanguage":"fr-FR","@id":"https:\/\/www.immobilienbusiness.ch\/#\/schema\/logo\/image\/","url":"https:\/\/www.immobilienbusiness.ch\/wp-content\/uploads\/2021\/07\/logo_ib.png","contentUrl":"https:\/\/www.immobilienbusiness.ch\/wp-content\/uploads\/2021\/07\/logo_ib.png","width":800,"height":181,"caption":"IMMOBILIEN Business"},"image":{"@id":"https:\/\/www.immobilienbusiness.ch\/#\/schema\/logo\/image\/"},"sameAs":["https:\/\/www.facebook.com\/immobilienbusiness\/"]},{"@type":"Person","@id":"https:\/\/www.immobilienbusiness.ch\/#\/schema\/person\/aba8bea2db926aa0c24c08c43fe1fcd5","name":"Alexander Wachter","image":{"@type":"ImageObject","inLanguage":"fr-FR","@id":"https:\/\/secure.gravatar.com\/avatar\/1a09e471f5389b0e0a6416eac287e0927c7c97a7b77f9e787eba3af7aee281dd?s=96&d=mm&r=g","url":"https:\/\/secure.gravatar.com\/avatar\/1a09e471f5389b0e0a6416eac287e0927c7c97a7b77f9e787eba3af7aee281dd?s=96&d=mm&r=g","contentUrl":"https:\/\/secure.gravatar.com\/avatar\/1a09e471f5389b0e0a6416eac287e0927c7c97a7b77f9e787eba3af7aee281dd?s=96&d=mm&r=g","caption":"Alexander Wachter"},"url":"https:\/\/www.immobilienbusiness.ch\/fr\/author\/alexander-wachter\/"}]}},"_links":{"self":[{"href":"https:\/\/www.immobilienbusiness.ch\/fr\/wp-json\/wp\/v2\/posts\/62902","targetHints":{"allow":["GET"]}}],"collection":[{"href":"https:\/\/www.immobilienbusiness.ch\/fr\/wp-json\/wp\/v2\/posts"}],"about":[{"href":"https:\/\/www.immobilienbusiness.ch\/fr\/wp-json\/wp\/v2\/types\/post"}],"author":[{"embeddable":true,"href":"https:\/\/www.immobilienbusiness.ch\/fr\/wp-json\/wp\/v2\/users\/102"}],"replies":[{"embeddable":true,"href":"https:\/\/www.immobilienbusiness.ch\/fr\/wp-json\/wp\/v2\/comments?post=62902"}],"version-history":[{"count":1,"href":"https:\/\/www.immobilienbusiness.ch\/fr\/wp-json\/wp\/v2\/posts\/62902\/revisions"}],"predecessor-version":[{"id":62903,"href":"https:\/\/www.immobilienbusiness.ch\/fr\/wp-json\/wp\/v2\/posts\/62902\/revisions\/62903"}],"wp:featuredmedia":[{"embeddable":true,"href":"https:\/\/www.immobilienbusiness.ch\/fr\/wp-json\/wp\/v2\/media\/1255"}],"wp:attachment":[{"href":"https:\/\/www.immobilienbusiness.ch\/fr\/wp-json\/wp\/v2\/media?parent=62902"}],"wp:term":[{"taxonomy":"category","embeddable":true,"href":"https:\/\/www.immobilienbusiness.ch\/fr\/wp-json\/wp\/v2\/categories?post=62902"},{"taxonomy":"post_tag","embeddable":true,"href":"https:\/\/www.immobilienbusiness.ch\/fr\/wp-json\/wp\/v2\/tags?post=62902"}],"curies":[{"name":"wp","href":"https:\/\/api.w.org\/{rel}","templated":true}]}}