{"id":62752,"date":"2025-03-10T06:15:38","date_gmt":"2025-03-10T05:15:38","guid":{"rendered":"https:\/\/www.immobilienbusiness.ch\/?p=62752"},"modified":"2025-03-13T13:07:14","modified_gmt":"2025-03-13T12:07:14","slug":"edmond-de-rothschild-erres-ci-hat-frisches-kapital","status":"publish","type":"post","link":"https:\/\/www.immobilienbusiness.ch\/fr\/unternehmen\/2025-03-10\/edmond-de-rothschild-erres-ci-hat-frisches-kapital\/","title":{"rendered":"Edmond de Rothschild : ERRES-CI a des capitaux frais"},"content":{"rendered":"<figure id=\"attachment_7124\" aria-describedby=\"caption-attachment-7124\" style=\"width: 640px\" class=\"wp-caption alignnone\"><a href=\"https:\/\/www.immobilienbusiness.ch\/wp-content\/uploads\/2017\/04\/IB-News-10042017-UBS-Kapitalerhoehung-Fonds-Swissreal.jpg\"><img loading=\"lazy\" decoding=\"async\" class=\"size-full wp-image-7124\" src=\"https:\/\/www.immobilienbusiness.ch\/wp-content\/uploads\/2017\/04\/IB-News-10042017-UBS-Kapitalerhoehung-Fonds-Swissreal.jpg\" alt=\"\" width=\"640\" height=\"426\" srcset=\"https:\/\/www.immobilienbusiness.ch\/wp-content\/uploads\/2017\/04\/IB-News-10042017-UBS-Kapitalerhoehung-Fonds-Swissreal.jpg 640w, https:\/\/www.immobilienbusiness.ch\/wp-content\/uploads\/2017\/04\/IB-News-10042017-UBS-Kapitalerhoehung-Fonds-Swissreal-300x200.jpg 300w, https:\/\/www.immobilienbusiness.ch\/wp-content\/uploads\/2017\/04\/IB-News-10042017-UBS-Kapitalerhoehung-Fonds-Swissreal-16x12.jpg 16w, https:\/\/www.immobilienbusiness.ch\/wp-content\/uploads\/2017\/04\/IB-News-10042017-UBS-Kapitalerhoehung-Fonds-Swissreal-263x175.jpg 263w, https:\/\/www.immobilienbusiness.ch\/wp-content\/uploads\/2017\/04\/IB-News-10042017-UBS-Kapitalerhoehung-Fonds-Swissreal-526x350.jpg 526w\" sizes=\"auto, (max-width: 640px) 100vw, 640px\" \/><\/a><figcaption id=\"caption-attachment-7124\" class=\"wp-caption-text\">Le fonds ERRES-CI d'Edmond de Rothschild, sp\u00e9cialis\u00e9 dans l'immobilier commercial, peut acheter (Image : Pixabay)<\/figcaption><\/figure>\n<p>La derni\u00e8re augmentation de capital de Edmond de Rothschild Real Estate SICAV - Commercial Income (ERRES-CI) a \u00e9t\u00e9 r\u00e9alis\u00e9e. Selon la direction du fonds, 538.590 actions ont \u00e9t\u00e9 souscrites, ce qui repr\u00e9sente un apport total de CHF 56,5 millions. Les fonds proviennent aussi bien d'investisseurs existants que de nouveaux investisseurs, comme l'indique un communiqu\u00e9. Le produit de l'\u00e9mission doit \u00eatre utilis\u00e9 pour des acquisitions, \"avec l'objectif de distribuer un dividende de 4,50 CHF\/action pour une ann\u00e9e compl\u00e8te\".<\/p>\n<p>Le fonds ERRES-CI a \u00e9t\u00e9 lanc\u00e9 en juillet dernier avec 54,4 millions de CHF de fonds propres. Depuis, cinq transactions ont \u00e9t\u00e9 r\u00e9alis\u00e9es pour un volume d'investissement total de 85 millions de CHF et un rendement brut moyen de 5,5 %, a r\u00e9cemment communiqu\u00e9 Edmond de Rothschild. <em>(aw)<\/em><\/p>\n<p>&nbsp;<\/p>","protected":false},"excerpt":{"rendered":"<p>L'\u00e9mission enti\u00e8rement souscrite a rapport\u00e9 56,5 millions de francs suisses pour des achats.<\/p>","protected":false},"author":102,"featured_media":7124,"comment_status":"closed","ping_status":"closed","sticky":false,"template":"","format":"standard","meta":{"_acf_changed":false,"_yoast_wpseo_focuskw":"Edmond de","_yoast_wpseo_title":"","_yoast_wpseo_metadesc":"Die vollst\u00e4ndig gezeichnete Emission spielte 56,5 Mio. CHF f\u00fcr Zuk\u00e4ufe ein.","_yoast_wpseo_linkdex":46,"pgc_sgb_lightbox_settings":"","footnotes":""},"categories":[988],"tags":[4124,4125,1272,1344,1412,3785],"class_list":["post-62752","post","type-post","status-publish","format-standard","has-post-thumbnail","hentry","category-unternehmen","tag-edmond","tag-erres","tag-gewerbeimmobilien","tag-immobilienfonds","tag-kapitalerhoehung","tag-potenzieller-kaeufer"],"acf":[],"yoast_head":"<!-- This site is optimized with the Yoast SEO plugin v27.4 - https:\/\/yoast.com\/product\/yoast-seo-wordpress\/ -->\n<title>Edmond de Rothschild: ERRES-CI hat frisches Kapital - IMMOBILIEN Business<\/title>\n<meta name=\"description\" content=\"Die vollst\u00e4ndig gezeichnete Emission spielte 56,5 Mio. CHF f\u00fcr Zuk\u00e4ufe ein.\" \/>\n<meta name=\"robots\" content=\"index, follow, max-snippet:-1, max-image-preview:large, max-video-preview:-1\" \/>\n<link rel=\"canonical\" href=\"https:\/\/www.immobilienbusiness.ch\/fr\/unternehmen\/2025-03-10\/edmond-de-rothschild-erres-ci-hat-frisches-kapital\/\" \/>\n<meta property=\"og:locale\" content=\"fr_FR\" \/>\n<meta property=\"og:type\" content=\"article\" \/>\n<meta property=\"og:title\" content=\"Edmond de Rothschild: ERRES-CI hat frisches Kapital - IMMOBILIEN Business\" \/>\n<meta property=\"og:description\" content=\"Die vollst\u00e4ndig gezeichnete Emission spielte 56,5 Mio. CHF f\u00fcr Zuk\u00e4ufe ein.\" \/>\n<meta property=\"og:url\" content=\"https:\/\/www.immobilienbusiness.ch\/fr\/unternehmen\/2025-03-10\/edmond-de-rothschild-erres-ci-hat-frisches-kapital\/\" \/>\n<meta property=\"og:site_name\" content=\"IMMOBILIEN Business\" \/>\n<meta property=\"article:publisher\" content=\"https:\/\/www.facebook.com\/immobilienbusiness\/\" \/>\n<meta property=\"article:published_time\" content=\"2025-03-10T05:15:38+00:00\" \/>\n<meta property=\"article:modified_time\" content=\"2025-03-13T12:07:14+00:00\" \/>\n<meta property=\"og:image\" content=\"https:\/\/www.immobilienbusiness.ch\/wp-content\/uploads\/2017\/04\/IB-News-10042017-UBS-Kapitalerhoehung-Fonds-Swissreal.jpg\" \/>\n\t<meta property=\"og:image:width\" content=\"640\" \/>\n\t<meta property=\"og:image:height\" content=\"426\" \/>\n\t<meta property=\"og:image:type\" content=\"image\/jpeg\" \/>\n<meta name=\"author\" content=\"Alexander Wachter\" \/>\n<meta name=\"twitter:card\" content=\"summary_large_image\" \/>\n<script type=\"application\/ld+json\" class=\"yoast-schema-graph\">{\"@context\":\"https:\\\/\\\/schema.org\",\"@graph\":[{\"@type\":\"Article\",\"@id\":\"https:\\\/\\\/www.immobilienbusiness.ch\\\/fr\\\/unternehmen\\\/2025-03-10\\\/edmond-de-rothschild-erres-ci-hat-frisches-kapital\\\/#article\",\"isPartOf\":{\"@id\":\"https:\\\/\\\/www.immobilienbusiness.ch\\\/fr\\\/unternehmen\\\/2025-03-10\\\/edmond-de-rothschild-erres-ci-hat-frisches-kapital\\\/\"},\"author\":{\"name\":\"Alexander Wachter\",\"@id\":\"https:\\\/\\\/www.immobilienbusiness.ch\\\/#\\\/schema\\\/person\\\/aba8bea2db926aa0c24c08c43fe1fcd5\"},\"headline\":\"Edmond de Rothschild: ERRES-CI hat frisches Kapital\",\"datePublished\":\"2025-03-10T05:15:38+00:00\",\"dateModified\":\"2025-03-13T12:07:14+00:00\",\"mainEntityOfPage\":{\"@id\":\"https:\\\/\\\/www.immobilienbusiness.ch\\\/fr\\\/unternehmen\\\/2025-03-10\\\/edmond-de-rothschild-erres-ci-hat-frisches-kapital\\\/\"},\"wordCount\":146,\"publisher\":{\"@id\":\"https:\\\/\\\/www.immobilienbusiness.ch\\\/#organization\"},\"image\":{\"@id\":\"https:\\\/\\\/www.immobilienbusiness.ch\\\/fr\\\/unternehmen\\\/2025-03-10\\\/edmond-de-rothschild-erres-ci-hat-frisches-kapital\\\/#primaryimage\"},\"thumbnailUrl\":\"https:\\\/\\\/www.immobilienbusiness.ch\\\/wp-content\\\/uploads\\\/2017\\\/04\\\/IB-News-10042017-UBS-Kapitalerhoehung-Fonds-Swissreal.jpg\",\"keywords\":[\"Edmond\",\"Erres\",\"Gewerbeimmobilien\",\"Immobilienfonds\",\"Kapitalerh\u00f6hung\",\"potenzieller K\u00e4ufer\"],\"articleSection\":[\"UNTERNEHMEN\"],\"inLanguage\":\"fr-FR\"},{\"@type\":\"WebPage\",\"@id\":\"https:\\\/\\\/www.immobilienbusiness.ch\\\/fr\\\/unternehmen\\\/2025-03-10\\\/edmond-de-rothschild-erres-ci-hat-frisches-kapital\\\/\",\"url\":\"https:\\\/\\\/www.immobilienbusiness.ch\\\/fr\\\/unternehmen\\\/2025-03-10\\\/edmond-de-rothschild-erres-ci-hat-frisches-kapital\\\/\",\"name\":\"Edmond de Rothschild: ERRES-CI hat frisches Kapital - IMMOBILIEN Business\",\"isPartOf\":{\"@id\":\"https:\\\/\\\/www.immobilienbusiness.ch\\\/#website\"},\"primaryImageOfPage\":{\"@id\":\"https:\\\/\\\/www.immobilienbusiness.ch\\\/fr\\\/unternehmen\\\/2025-03-10\\\/edmond-de-rothschild-erres-ci-hat-frisches-kapital\\\/#primaryimage\"},\"image\":{\"@id\":\"https:\\\/\\\/www.immobilienbusiness.ch\\\/fr\\\/unternehmen\\\/2025-03-10\\\/edmond-de-rothschild-erres-ci-hat-frisches-kapital\\\/#primaryimage\"},\"thumbnailUrl\":\"https:\\\/\\\/www.immobilienbusiness.ch\\\/wp-content\\\/uploads\\\/2017\\\/04\\\/IB-News-10042017-UBS-Kapitalerhoehung-Fonds-Swissreal.jpg\",\"datePublished\":\"2025-03-10T05:15:38+00:00\",\"dateModified\":\"2025-03-13T12:07:14+00:00\",\"description\":\"Die vollst\u00e4ndig gezeichnete Emission spielte 56,5 Mio. CHF f\u00fcr Zuk\u00e4ufe ein.\",\"breadcrumb\":{\"@id\":\"https:\\\/\\\/www.immobilienbusiness.ch\\\/fr\\\/unternehmen\\\/2025-03-10\\\/edmond-de-rothschild-erres-ci-hat-frisches-kapital\\\/#breadcrumb\"},\"inLanguage\":\"fr-FR\",\"potentialAction\":[{\"@type\":\"ReadAction\",\"target\":[\"https:\\\/\\\/www.immobilienbusiness.ch\\\/fr\\\/unternehmen\\\/2025-03-10\\\/edmond-de-rothschild-erres-ci-hat-frisches-kapital\\\/\"]}]},{\"@type\":\"ImageObject\",\"inLanguage\":\"fr-FR\",\"@id\":\"https:\\\/\\\/www.immobilienbusiness.ch\\\/fr\\\/unternehmen\\\/2025-03-10\\\/edmond-de-rothschild-erres-ci-hat-frisches-kapital\\\/#primaryimage\",\"url\":\"https:\\\/\\\/www.immobilienbusiness.ch\\\/wp-content\\\/uploads\\\/2017\\\/04\\\/IB-News-10042017-UBS-Kapitalerhoehung-Fonds-Swissreal.jpg\",\"contentUrl\":\"https:\\\/\\\/www.immobilienbusiness.ch\\\/wp-content\\\/uploads\\\/2017\\\/04\\\/IB-News-10042017-UBS-Kapitalerhoehung-Fonds-Swissreal.jpg\",\"width\":640,\"height\":426,\"caption\":\"Der auf Gewerbeimmobilien spezialisierte Fonds ERRES-CI von Edmond de Rothschild kann zukaufen (Bild: Pixabay)\"},{\"@type\":\"BreadcrumbList\",\"@id\":\"https:\\\/\\\/www.immobilienbusiness.ch\\\/fr\\\/unternehmen\\\/2025-03-10\\\/edmond-de-rothschild-erres-ci-hat-frisches-kapital\\\/#breadcrumb\",\"itemListElement\":[{\"@type\":\"ListItem\",\"position\":1,\"name\":\"Home\",\"item\":\"https:\\\/\\\/www.immobilienbusiness.ch\\\/\"},{\"@type\":\"ListItem\",\"position\":2,\"name\":\"Edmond de Rothschild: ERRES-CI hat frisches Kapital\"}]},{\"@type\":\"WebSite\",\"@id\":\"https:\\\/\\\/www.immobilienbusiness.ch\\\/#website\",\"url\":\"https:\\\/\\\/www.immobilienbusiness.ch\\\/\",\"name\":\"IMMOBILIEN Business\",\"description\":\"Unabh\u00e4ngiges Schweizer Wirtschaftsmagazin mit Fokus auf Immobilien, Architektur- und Bau sowie Investment- und Finanzierung.\",\"publisher\":{\"@id\":\"https:\\\/\\\/www.immobilienbusiness.ch\\\/#organization\"},\"potentialAction\":[{\"@type\":\"SearchAction\",\"target\":{\"@type\":\"EntryPoint\",\"urlTemplate\":\"https:\\\/\\\/www.immobilienbusiness.ch\\\/?s={search_term_string}\"},\"query-input\":{\"@type\":\"PropertyValueSpecification\",\"valueRequired\":true,\"valueName\":\"search_term_string\"}}],\"inLanguage\":\"fr-FR\"},{\"@type\":\"Organization\",\"@id\":\"https:\\\/\\\/www.immobilienbusiness.ch\\\/#organization\",\"name\":\"IMMOBILIEN Business\",\"url\":\"https:\\\/\\\/www.immobilienbusiness.ch\\\/\",\"logo\":{\"@type\":\"ImageObject\",\"inLanguage\":\"fr-FR\",\"@id\":\"https:\\\/\\\/www.immobilienbusiness.ch\\\/#\\\/schema\\\/logo\\\/image\\\/\",\"url\":\"https:\\\/\\\/www.immobilienbusiness.ch\\\/wp-content\\\/uploads\\\/2021\\\/07\\\/logo_ib.png\",\"contentUrl\":\"https:\\\/\\\/www.immobilienbusiness.ch\\\/wp-content\\\/uploads\\\/2021\\\/07\\\/logo_ib.png\",\"width\":800,\"height\":181,\"caption\":\"IMMOBILIEN Business\"},\"image\":{\"@id\":\"https:\\\/\\\/www.immobilienbusiness.ch\\\/#\\\/schema\\\/logo\\\/image\\\/\"},\"sameAs\":[\"https:\\\/\\\/www.facebook.com\\\/immobilienbusiness\\\/\"]},{\"@type\":\"Person\",\"@id\":\"https:\\\/\\\/www.immobilienbusiness.ch\\\/#\\\/schema\\\/person\\\/aba8bea2db926aa0c24c08c43fe1fcd5\",\"name\":\"Alexander Wachter\",\"image\":{\"@type\":\"ImageObject\",\"inLanguage\":\"fr-FR\",\"@id\":\"https:\\\/\\\/secure.gravatar.com\\\/avatar\\\/1a09e471f5389b0e0a6416eac287e0927c7c97a7b77f9e787eba3af7aee281dd?s=96&d=mm&r=g\",\"url\":\"https:\\\/\\\/secure.gravatar.com\\\/avatar\\\/1a09e471f5389b0e0a6416eac287e0927c7c97a7b77f9e787eba3af7aee281dd?s=96&d=mm&r=g\",\"contentUrl\":\"https:\\\/\\\/secure.gravatar.com\\\/avatar\\\/1a09e471f5389b0e0a6416eac287e0927c7c97a7b77f9e787eba3af7aee281dd?s=96&d=mm&r=g\",\"caption\":\"Alexander Wachter\"},\"url\":\"https:\\\/\\\/www.immobilienbusiness.ch\\\/fr\\\/author\\\/alexander-wachter\\\/\"}]}<\/script>\n<!-- \/ Yoast SEO plugin. -->","yoast_head_json":{"title":"Edmond de Rothschild: ERRES-CI hat frisches Kapital - IMMOBILIEN Business","description":"L'\u00e9mission enti\u00e8rement souscrite a rapport\u00e9 56,5 millions de francs suisses pour des achats.","robots":{"index":"index","follow":"follow","max-snippet":"max-snippet:-1","max-image-preview":"max-image-preview:large","max-video-preview":"max-video-preview:-1"},"canonical":"https:\/\/www.immobilienbusiness.ch\/fr\/unternehmen\/2025-03-10\/edmond-de-rothschild-erres-ci-hat-frisches-kapital\/","og_locale":"fr_FR","og_type":"article","og_title":"Edmond de Rothschild: ERRES-CI hat frisches Kapital - IMMOBILIEN Business","og_description":"Die vollst\u00e4ndig gezeichnete Emission spielte 56,5 Mio. CHF f\u00fcr Zuk\u00e4ufe ein.","og_url":"https:\/\/www.immobilienbusiness.ch\/fr\/unternehmen\/2025-03-10\/edmond-de-rothschild-erres-ci-hat-frisches-kapital\/","og_site_name":"IMMOBILIEN Business","article_publisher":"https:\/\/www.facebook.com\/immobilienbusiness\/","article_published_time":"2025-03-10T05:15:38+00:00","article_modified_time":"2025-03-13T12:07:14+00:00","og_image":[{"width":640,"height":426,"url":"https:\/\/www.immobilienbusiness.ch\/wp-content\/uploads\/2017\/04\/IB-News-10042017-UBS-Kapitalerhoehung-Fonds-Swissreal.jpg","type":"image\/jpeg"}],"author":"Alexander Wachter","twitter_card":"summary_large_image","schema":{"@context":"https:\/\/schema.org","@graph":[{"@type":"Article","@id":"https:\/\/www.immobilienbusiness.ch\/fr\/unternehmen\/2025-03-10\/edmond-de-rothschild-erres-ci-hat-frisches-kapital\/#article","isPartOf":{"@id":"https:\/\/www.immobilienbusiness.ch\/fr\/unternehmen\/2025-03-10\/edmond-de-rothschild-erres-ci-hat-frisches-kapital\/"},"author":{"name":"Alexander Wachter","@id":"https:\/\/www.immobilienbusiness.ch\/#\/schema\/person\/aba8bea2db926aa0c24c08c43fe1fcd5"},"headline":"Edmond de Rothschild: ERRES-CI hat frisches Kapital","datePublished":"2025-03-10T05:15:38+00:00","dateModified":"2025-03-13T12:07:14+00:00","mainEntityOfPage":{"@id":"https:\/\/www.immobilienbusiness.ch\/fr\/unternehmen\/2025-03-10\/edmond-de-rothschild-erres-ci-hat-frisches-kapital\/"},"wordCount":146,"publisher":{"@id":"https:\/\/www.immobilienbusiness.ch\/#organization"},"image":{"@id":"https:\/\/www.immobilienbusiness.ch\/fr\/unternehmen\/2025-03-10\/edmond-de-rothschild-erres-ci-hat-frisches-kapital\/#primaryimage"},"thumbnailUrl":"https:\/\/www.immobilienbusiness.ch\/wp-content\/uploads\/2017\/04\/IB-News-10042017-UBS-Kapitalerhoehung-Fonds-Swissreal.jpg","keywords":["Edmond","Erres","Gewerbeimmobilien","Immobilienfonds","Kapitalerh\u00f6hung","potenzieller K\u00e4ufer"],"articleSection":["UNTERNEHMEN"],"inLanguage":"fr-FR"},{"@type":"WebPage","@id":"https:\/\/www.immobilienbusiness.ch\/fr\/unternehmen\/2025-03-10\/edmond-de-rothschild-erres-ci-hat-frisches-kapital\/","url":"https:\/\/www.immobilienbusiness.ch\/fr\/unternehmen\/2025-03-10\/edmond-de-rothschild-erres-ci-hat-frisches-kapital\/","name":"Edmond de Rothschild: ERRES-CI hat frisches Kapital - IMMOBILIEN Business","isPartOf":{"@id":"https:\/\/www.immobilienbusiness.ch\/#website"},"primaryImageOfPage":{"@id":"https:\/\/www.immobilienbusiness.ch\/fr\/unternehmen\/2025-03-10\/edmond-de-rothschild-erres-ci-hat-frisches-kapital\/#primaryimage"},"image":{"@id":"https:\/\/www.immobilienbusiness.ch\/fr\/unternehmen\/2025-03-10\/edmond-de-rothschild-erres-ci-hat-frisches-kapital\/#primaryimage"},"thumbnailUrl":"https:\/\/www.immobilienbusiness.ch\/wp-content\/uploads\/2017\/04\/IB-News-10042017-UBS-Kapitalerhoehung-Fonds-Swissreal.jpg","datePublished":"2025-03-10T05:15:38+00:00","dateModified":"2025-03-13T12:07:14+00:00","description":"L'\u00e9mission enti\u00e8rement souscrite a rapport\u00e9 56,5 millions de francs suisses pour des achats.","breadcrumb":{"@id":"https:\/\/www.immobilienbusiness.ch\/fr\/unternehmen\/2025-03-10\/edmond-de-rothschild-erres-ci-hat-frisches-kapital\/#breadcrumb"},"inLanguage":"fr-FR","potentialAction":[{"@type":"ReadAction","target":["https:\/\/www.immobilienbusiness.ch\/fr\/unternehmen\/2025-03-10\/edmond-de-rothschild-erres-ci-hat-frisches-kapital\/"]}]},{"@type":"ImageObject","inLanguage":"fr-FR","@id":"https:\/\/www.immobilienbusiness.ch\/fr\/unternehmen\/2025-03-10\/edmond-de-rothschild-erres-ci-hat-frisches-kapital\/#primaryimage","url":"https:\/\/www.immobilienbusiness.ch\/wp-content\/uploads\/2017\/04\/IB-News-10042017-UBS-Kapitalerhoehung-Fonds-Swissreal.jpg","contentUrl":"https:\/\/www.immobilienbusiness.ch\/wp-content\/uploads\/2017\/04\/IB-News-10042017-UBS-Kapitalerhoehung-Fonds-Swissreal.jpg","width":640,"height":426,"caption":"Der auf Gewerbeimmobilien spezialisierte Fonds ERRES-CI von Edmond de Rothschild kann zukaufen (Bild: Pixabay)"},{"@type":"BreadcrumbList","@id":"https:\/\/www.immobilienbusiness.ch\/fr\/unternehmen\/2025-03-10\/edmond-de-rothschild-erres-ci-hat-frisches-kapital\/#breadcrumb","itemListElement":[{"@type":"ListItem","position":1,"name":"Home","item":"https:\/\/www.immobilienbusiness.ch\/"},{"@type":"ListItem","position":2,"name":"Edmond de Rothschild: ERRES-CI hat frisches Kapital"}]},{"@type":"WebSite","@id":"https:\/\/www.immobilienbusiness.ch\/#website","url":"https:\/\/www.immobilienbusiness.ch\/","name":"IMMOBILIER Business","description":"Magazine \u00e9conomique suisse ind\u00e9pendant ax\u00e9 sur l'immobilier, l'architecture et la construction ainsi que sur les investissements et le financement.","publisher":{"@id":"https:\/\/www.immobilienbusiness.ch\/#organization"},"potentialAction":[{"@type":"SearchAction","target":{"@type":"EntryPoint","urlTemplate":"https:\/\/www.immobilienbusiness.ch\/?s={search_term_string}"},"query-input":{"@type":"PropertyValueSpecification","valueRequired":true,"valueName":"search_term_string"}}],"inLanguage":"fr-FR"},{"@type":"Organization","@id":"https:\/\/www.immobilienbusiness.ch\/#organization","name":"IMMOBILIER Business","url":"https:\/\/www.immobilienbusiness.ch\/","logo":{"@type":"ImageObject","inLanguage":"fr-FR","@id":"https:\/\/www.immobilienbusiness.ch\/#\/schema\/logo\/image\/","url":"https:\/\/www.immobilienbusiness.ch\/wp-content\/uploads\/2021\/07\/logo_ib.png","contentUrl":"https:\/\/www.immobilienbusiness.ch\/wp-content\/uploads\/2021\/07\/logo_ib.png","width":800,"height":181,"caption":"IMMOBILIEN Business"},"image":{"@id":"https:\/\/www.immobilienbusiness.ch\/#\/schema\/logo\/image\/"},"sameAs":["https:\/\/www.facebook.com\/immobilienbusiness\/"]},{"@type":"Person","@id":"https:\/\/www.immobilienbusiness.ch\/#\/schema\/person\/aba8bea2db926aa0c24c08c43fe1fcd5","name":"Alexander Wachter","image":{"@type":"ImageObject","inLanguage":"fr-FR","@id":"https:\/\/secure.gravatar.com\/avatar\/1a09e471f5389b0e0a6416eac287e0927c7c97a7b77f9e787eba3af7aee281dd?s=96&d=mm&r=g","url":"https:\/\/secure.gravatar.com\/avatar\/1a09e471f5389b0e0a6416eac287e0927c7c97a7b77f9e787eba3af7aee281dd?s=96&d=mm&r=g","contentUrl":"https:\/\/secure.gravatar.com\/avatar\/1a09e471f5389b0e0a6416eac287e0927c7c97a7b77f9e787eba3af7aee281dd?s=96&d=mm&r=g","caption":"Alexander Wachter"},"url":"https:\/\/www.immobilienbusiness.ch\/fr\/author\/alexander-wachter\/"}]}},"_links":{"self":[{"href":"https:\/\/www.immobilienbusiness.ch\/fr\/wp-json\/wp\/v2\/posts\/62752","targetHints":{"allow":["GET"]}}],"collection":[{"href":"https:\/\/www.immobilienbusiness.ch\/fr\/wp-json\/wp\/v2\/posts"}],"about":[{"href":"https:\/\/www.immobilienbusiness.ch\/fr\/wp-json\/wp\/v2\/types\/post"}],"author":[{"embeddable":true,"href":"https:\/\/www.immobilienbusiness.ch\/fr\/wp-json\/wp\/v2\/users\/102"}],"replies":[{"embeddable":true,"href":"https:\/\/www.immobilienbusiness.ch\/fr\/wp-json\/wp\/v2\/comments?post=62752"}],"version-history":[{"count":1,"href":"https:\/\/www.immobilienbusiness.ch\/fr\/wp-json\/wp\/v2\/posts\/62752\/revisions"}],"predecessor-version":[{"id":62753,"href":"https:\/\/www.immobilienbusiness.ch\/fr\/wp-json\/wp\/v2\/posts\/62752\/revisions\/62753"}],"wp:featuredmedia":[{"embeddable":true,"href":"https:\/\/www.immobilienbusiness.ch\/fr\/wp-json\/wp\/v2\/media\/7124"}],"wp:attachment":[{"href":"https:\/\/www.immobilienbusiness.ch\/fr\/wp-json\/wp\/v2\/media?parent=62752"}],"wp:term":[{"taxonomy":"category","embeddable":true,"href":"https:\/\/www.immobilienbusiness.ch\/fr\/wp-json\/wp\/v2\/categories?post=62752"},{"taxonomy":"post_tag","embeddable":true,"href":"https:\/\/www.immobilienbusiness.ch\/fr\/wp-json\/wp\/v2\/tags?post=62752"}],"curies":[{"name":"wp","href":"https:\/\/api.w.org\/{rel}","templated":true}]}}