{"id":62660,"date":"2025-03-05T08:29:35","date_gmt":"2025-03-05T07:29:35","guid":{"rendered":"https:\/\/www.immobilienbusiness.ch\/?p=62660"},"modified":"2025-03-06T14:29:34","modified_gmt":"2025-03-06T13:29:34","slug":"akara-14-kapitalerhoehung-beginnt-im-april","status":"publish","type":"post","link":"https:\/\/www.immobilienbusiness.ch\/fr\/unternehmen\/2025-03-05\/akara-14-kapitalerhoehung-beginnt-im-april\/","title":{"rendered":"Akara : la 14e augmentation de capital d\u00e9bute en avril"},"content":{"rendered":"<figure id=\"attachment_55702\" aria-describedby=\"caption-attachment-55702\" style=\"width: 768px\" class=\"wp-caption alignnone\"><a href=\"https:\/\/www.immobilienbusiness.ch\/wp-content\/uploads\/2024\/01\/6858_waldegg_uitikon_aussen_lea_k02c_230123-scaled.jpg\"><img loading=\"lazy\" decoding=\"async\" class=\"size-large wp-image-55702\" src=\"https:\/\/www.immobilienbusiness.ch\/wp-content\/uploads\/2024\/01\/6858_waldegg_uitikon_aussen_lea_k02c_230123-1024x724.jpg\" alt=\"\" width=\"768\" height=\"543\" srcset=\"https:\/\/www.immobilienbusiness.ch\/wp-content\/uploads\/2024\/01\/6858_waldegg_uitikon_aussen_lea_k02c_230123-1024x724.jpg 1024w, https:\/\/www.immobilienbusiness.ch\/wp-content\/uploads\/2024\/01\/6858_waldegg_uitikon_aussen_lea_k02c_230123-300x212.jpg 300w, https:\/\/www.immobilienbusiness.ch\/wp-content\/uploads\/2024\/01\/6858_waldegg_uitikon_aussen_lea_k02c_230123-768x543.jpg 768w, https:\/\/www.immobilienbusiness.ch\/wp-content\/uploads\/2024\/01\/6858_waldegg_uitikon_aussen_lea_k02c_230123-1536x1086.jpg 1536w, https:\/\/www.immobilienbusiness.ch\/wp-content\/uploads\/2024\/01\/6858_waldegg_uitikon_aussen_lea_k02c_230123-2048x1448.jpg 2048w, https:\/\/www.immobilienbusiness.ch\/wp-content\/uploads\/2024\/01\/6858_waldegg_uitikon_aussen_lea_k02c_230123-18x12.jpg 18w, https:\/\/www.immobilienbusiness.ch\/wp-content\/uploads\/2024\/01\/6858_waldegg_uitikon_aussen_lea_k02c_230123-375x265.jpg 375w, https:\/\/www.immobilienbusiness.ch\/wp-content\/uploads\/2024\/01\/6858_waldegg_uitikon_aussen_lea_k02c_230123-495x350.jpg 495w, https:\/\/www.immobilienbusiness.ch\/wp-content\/uploads\/2024\/01\/6858_waldegg_uitikon_aussen_lea_k02c_230123-1000x707.jpg 1000w, https:\/\/www.immobilienbusiness.ch\/wp-content\/uploads\/2024\/01\/6858_waldegg_uitikon_aussen_lea_k02c_230123-scaled.jpg 1200w\" sizes=\"auto, (max-width: 768px) 100vw, 768px\" \/><\/a><figcaption id=\"caption-attachment-55702\" class=\"wp-caption-text\">Un projet d'Akara \u00e0 Waldegg-Uitikon (photo : Akara)<\/figcaption><\/figure>\n<p><!--more--><\/p>\n<p>Le fonds Akara Swiss Diversity Property Fund PK pr\u00e9voit sa prochaine \u00e9mission au printemps. Cette \u00e9mission, qui en est d\u00e9sormais \u00e0 sa 14e \u00e9dition, devrait se d\u00e9rouler du 28 avril au 16 mai et rapporter entre 60 et 100 millions de CHF. Avec ces moyens frais, la direction du fonds veut \u00e9largir le portefeuille et financer de nouveaux projets de construction. Selon les indications, le pipeline de projets comprend environ 700 nouveaux logements jusqu'en 2028 ainsi que 3.500 m\u00b2 de surface commerciale. Le pipeline d'affaires se concentre sur des projets r\u00e9sidentiels et commerciaux conformes aux normes ESG et pr\u00e9sentant un potentiel de plus-value durable. <em>(aw)<\/em><\/p>\n<p>&nbsp;<\/p>\n<p>&nbsp;<\/p>","protected":false},"excerpt":{"rendered":"<p>Le fonds, dirig\u00e9 par SPS Solutions, vise \u00e0 r\u00e9colter jusqu'\u00e0 100 millions de francs d'ici la mi-mai.<\/p>","protected":false},"author":102,"featured_media":55702,"comment_status":"closed","ping_status":"closed","sticky":false,"template":"","format":"standard","meta":{"_acf_changed":false,"_yoast_wpseo_focuskw":"Akara","_yoast_wpseo_title":"","_yoast_wpseo_metadesc":"Der von SPS Solutions geleitete Fonds will bis Mitte Mai bis zu 100 Millionen Franken erl\u00f6sen.","_yoast_wpseo_linkdex":43,"pgc_sgb_lightbox_settings":"","footnotes":""},"categories":[988],"tags":[2235,1344,1412],"class_list":["post-62660","post","type-post","status-publish","format-standard","has-post-thumbnail","hentry","category-unternehmen","tag-akara","tag-immobilienfonds","tag-kapitalerhoehung"],"acf":[],"yoast_head":"<!-- This site is optimized with the Yoast SEO plugin v27.5 - https:\/\/yoast.com\/product\/yoast-seo-wordpress\/ -->\n<title>Akara: 14. Kapitalerh\u00f6hung beginnt im April - IMMOBILIEN Business<\/title>\n<meta name=\"description\" content=\"Der von SPS Solutions geleitete Fonds will bis Mitte Mai bis zu 100 Millionen Franken erl\u00f6sen.\" \/>\n<meta name=\"robots\" content=\"index, follow, max-snippet:-1, max-image-preview:large, max-video-preview:-1\" \/>\n<link rel=\"canonical\" href=\"https:\/\/www.immobilienbusiness.ch\/fr\/unternehmen\/2025-03-05\/akara-14-kapitalerhoehung-beginnt-im-april\/\" \/>\n<meta property=\"og:locale\" content=\"fr_FR\" \/>\n<meta property=\"og:type\" content=\"article\" \/>\n<meta property=\"og:title\" content=\"Akara: 14. Kapitalerh\u00f6hung beginnt im April - IMMOBILIEN Business\" \/>\n<meta property=\"og:description\" content=\"Der von SPS Solutions geleitete Fonds will bis Mitte Mai bis zu 100 Millionen Franken erl\u00f6sen.\" \/>\n<meta property=\"og:url\" content=\"https:\/\/www.immobilienbusiness.ch\/fr\/unternehmen\/2025-03-05\/akara-14-kapitalerhoehung-beginnt-im-april\/\" \/>\n<meta property=\"og:site_name\" content=\"IMMOBILIEN Business\" \/>\n<meta property=\"article:publisher\" content=\"https:\/\/www.facebook.com\/immobilienbusiness\/\" \/>\n<meta property=\"article:published_time\" content=\"2025-03-05T07:29:35+00:00\" \/>\n<meta property=\"article:modified_time\" content=\"2025-03-06T13:29:34+00:00\" \/>\n<meta property=\"og:image\" content=\"https:\/\/www.immobilienbusiness.ch\/wp-content\/uploads\/2024\/01\/6858_waldegg_uitikon_aussen_lea_k02c_230123-scaled.jpg\" \/>\n\t<meta property=\"og:image:width\" content=\"1200\" \/>\n\t<meta property=\"og:image:height\" content=\"849\" \/>\n\t<meta property=\"og:image:type\" content=\"image\/jpeg\" \/>\n<meta name=\"author\" content=\"Alexander Wachter\" \/>\n<meta name=\"twitter:card\" content=\"summary_large_image\" \/>\n<script type=\"application\/ld+json\" class=\"yoast-schema-graph\">{\"@context\":\"https:\\\/\\\/schema.org\",\"@graph\":[{\"@type\":\"Article\",\"@id\":\"https:\\\/\\\/www.immobilienbusiness.ch\\\/de\\\/unternehmen\\\/2025-03-05\\\/akara-14-kapitalerhoehung-beginnt-im-april\\\/#article\",\"isPartOf\":{\"@id\":\"https:\\\/\\\/www.immobilienbusiness.ch\\\/de\\\/unternehmen\\\/2025-03-05\\\/akara-14-kapitalerhoehung-beginnt-im-april\\\/\"},\"author\":{\"name\":\"Alexander Wachter\",\"@id\":\"https:\\\/\\\/www.immobilienbusiness.ch\\\/#\\\/schema\\\/person\\\/aba8bea2db926aa0c24c08c43fe1fcd5\"},\"headline\":\"Akara: 14. Kapitalerh\u00f6hung beginnt im April\",\"datePublished\":\"2025-03-05T07:29:35+00:00\",\"dateModified\":\"2025-03-06T13:29:34+00:00\",\"mainEntityOfPage\":{\"@id\":\"https:\\\/\\\/www.immobilienbusiness.ch\\\/de\\\/unternehmen\\\/2025-03-05\\\/akara-14-kapitalerhoehung-beginnt-im-april\\\/\"},\"wordCount\":97,\"publisher\":{\"@id\":\"https:\\\/\\\/www.immobilienbusiness.ch\\\/#organization\"},\"image\":{\"@id\":\"https:\\\/\\\/www.immobilienbusiness.ch\\\/de\\\/unternehmen\\\/2025-03-05\\\/akara-14-kapitalerhoehung-beginnt-im-april\\\/#primaryimage\"},\"thumbnailUrl\":\"https:\\\/\\\/www.immobilienbusiness.ch\\\/wp-content\\\/uploads\\\/2024\\\/01\\\/6858_waldegg_uitikon_aussen_lea_k02c_230123-scaled.jpg\",\"keywords\":[\"Akara\",\"Immobilienfonds\",\"Kapitalerh\u00f6hung\"],\"articleSection\":[\"UNTERNEHMEN\"],\"inLanguage\":\"fr-FR\"},{\"@type\":\"WebPage\",\"@id\":\"https:\\\/\\\/www.immobilienbusiness.ch\\\/de\\\/unternehmen\\\/2025-03-05\\\/akara-14-kapitalerhoehung-beginnt-im-april\\\/\",\"url\":\"https:\\\/\\\/www.immobilienbusiness.ch\\\/de\\\/unternehmen\\\/2025-03-05\\\/akara-14-kapitalerhoehung-beginnt-im-april\\\/\",\"name\":\"Akara: 14. Kapitalerh\u00f6hung beginnt im April - IMMOBILIEN Business\",\"isPartOf\":{\"@id\":\"https:\\\/\\\/www.immobilienbusiness.ch\\\/#website\"},\"primaryImageOfPage\":{\"@id\":\"https:\\\/\\\/www.immobilienbusiness.ch\\\/de\\\/unternehmen\\\/2025-03-05\\\/akara-14-kapitalerhoehung-beginnt-im-april\\\/#primaryimage\"},\"image\":{\"@id\":\"https:\\\/\\\/www.immobilienbusiness.ch\\\/de\\\/unternehmen\\\/2025-03-05\\\/akara-14-kapitalerhoehung-beginnt-im-april\\\/#primaryimage\"},\"thumbnailUrl\":\"https:\\\/\\\/www.immobilienbusiness.ch\\\/wp-content\\\/uploads\\\/2024\\\/01\\\/6858_waldegg_uitikon_aussen_lea_k02c_230123-scaled.jpg\",\"datePublished\":\"2025-03-05T07:29:35+00:00\",\"dateModified\":\"2025-03-06T13:29:34+00:00\",\"description\":\"Der von SPS Solutions geleitete Fonds will bis Mitte Mai bis zu 100 Millionen Franken erl\u00f6sen.\",\"breadcrumb\":{\"@id\":\"https:\\\/\\\/www.immobilienbusiness.ch\\\/de\\\/unternehmen\\\/2025-03-05\\\/akara-14-kapitalerhoehung-beginnt-im-april\\\/#breadcrumb\"},\"inLanguage\":\"fr-FR\",\"potentialAction\":[{\"@type\":\"ReadAction\",\"target\":[\"https:\\\/\\\/www.immobilienbusiness.ch\\\/de\\\/unternehmen\\\/2025-03-05\\\/akara-14-kapitalerhoehung-beginnt-im-april\\\/\"]}]},{\"@type\":\"ImageObject\",\"inLanguage\":\"fr-FR\",\"@id\":\"https:\\\/\\\/www.immobilienbusiness.ch\\\/de\\\/unternehmen\\\/2025-03-05\\\/akara-14-kapitalerhoehung-beginnt-im-april\\\/#primaryimage\",\"url\":\"https:\\\/\\\/www.immobilienbusiness.ch\\\/wp-content\\\/uploads\\\/2024\\\/01\\\/6858_waldegg_uitikon_aussen_lea_k02c_230123-scaled.jpg\",\"contentUrl\":\"https:\\\/\\\/www.immobilienbusiness.ch\\\/wp-content\\\/uploads\\\/2024\\\/01\\\/6858_waldegg_uitikon_aussen_lea_k02c_230123-scaled.jpg\",\"width\":1200,\"height\":849,\"caption\":\"Ein Projekt von Akara in Waldegg-Uitikon (Bild: Akara)\"},{\"@type\":\"BreadcrumbList\",\"@id\":\"https:\\\/\\\/www.immobilienbusiness.ch\\\/de\\\/unternehmen\\\/2025-03-05\\\/akara-14-kapitalerhoehung-beginnt-im-april\\\/#breadcrumb\",\"itemListElement\":[{\"@type\":\"ListItem\",\"position\":1,\"name\":\"Home\",\"item\":\"https:\\\/\\\/www.immobilienbusiness.ch\\\/\"},{\"@type\":\"ListItem\",\"position\":2,\"name\":\"Akara: 14. Kapitalerh\u00f6hung beginnt im April\"}]},{\"@type\":\"WebSite\",\"@id\":\"https:\\\/\\\/www.immobilienbusiness.ch\\\/#website\",\"url\":\"https:\\\/\\\/www.immobilienbusiness.ch\\\/\",\"name\":\"IMMOBILIEN Business\",\"description\":\"Unabh\u00e4ngiges Schweizer Wirtschaftsmagazin mit Fokus auf Immobilien, Architektur- und Bau sowie Investment- und Finanzierung.\",\"publisher\":{\"@id\":\"https:\\\/\\\/www.immobilienbusiness.ch\\\/#organization\"},\"potentialAction\":[{\"@type\":\"SearchAction\",\"target\":{\"@type\":\"EntryPoint\",\"urlTemplate\":\"https:\\\/\\\/www.immobilienbusiness.ch\\\/?s={search_term_string}\"},\"query-input\":{\"@type\":\"PropertyValueSpecification\",\"valueRequired\":true,\"valueName\":\"search_term_string\"}}],\"inLanguage\":\"fr-FR\"},{\"@type\":\"Organization\",\"@id\":\"https:\\\/\\\/www.immobilienbusiness.ch\\\/#organization\",\"name\":\"IMMOBILIEN Business\",\"url\":\"https:\\\/\\\/www.immobilienbusiness.ch\\\/\",\"logo\":{\"@type\":\"ImageObject\",\"inLanguage\":\"fr-FR\",\"@id\":\"https:\\\/\\\/www.immobilienbusiness.ch\\\/#\\\/schema\\\/logo\\\/image\\\/\",\"url\":\"https:\\\/\\\/www.immobilienbusiness.ch\\\/wp-content\\\/uploads\\\/2021\\\/07\\\/logo_ib.png\",\"contentUrl\":\"https:\\\/\\\/www.immobilienbusiness.ch\\\/wp-content\\\/uploads\\\/2021\\\/07\\\/logo_ib.png\",\"width\":800,\"height\":181,\"caption\":\"IMMOBILIEN Business\"},\"image\":{\"@id\":\"https:\\\/\\\/www.immobilienbusiness.ch\\\/#\\\/schema\\\/logo\\\/image\\\/\"},\"sameAs\":[\"https:\\\/\\\/www.facebook.com\\\/immobilienbusiness\\\/\"]},{\"@type\":\"Person\",\"@id\":\"https:\\\/\\\/www.immobilienbusiness.ch\\\/#\\\/schema\\\/person\\\/aba8bea2db926aa0c24c08c43fe1fcd5\",\"name\":\"Alexander Wachter\",\"image\":{\"@type\":\"ImageObject\",\"inLanguage\":\"fr-FR\",\"@id\":\"https:\\\/\\\/secure.gravatar.com\\\/avatar\\\/1a09e471f5389b0e0a6416eac287e0927c7c97a7b77f9e787eba3af7aee281dd?s=96&d=mm&r=g\",\"url\":\"https:\\\/\\\/secure.gravatar.com\\\/avatar\\\/1a09e471f5389b0e0a6416eac287e0927c7c97a7b77f9e787eba3af7aee281dd?s=96&d=mm&r=g\",\"contentUrl\":\"https:\\\/\\\/secure.gravatar.com\\\/avatar\\\/1a09e471f5389b0e0a6416eac287e0927c7c97a7b77f9e787eba3af7aee281dd?s=96&d=mm&r=g\",\"caption\":\"Alexander Wachter\"},\"url\":\"https:\\\/\\\/www.immobilienbusiness.ch\\\/fr\\\/author\\\/alexander-wachter\\\/\"}]}<\/script>\n<!-- \/ Yoast SEO plugin. -->","yoast_head_json":{"title":"Akara : la 14e augmentation de capital d\u00e9bute en avril - IMMOBILIER Business","description":"Le fonds, dirig\u00e9 par SPS Solutions, vise \u00e0 r\u00e9colter jusqu'\u00e0 100 millions de francs d'ici la mi-mai.","robots":{"index":"index","follow":"follow","max-snippet":"max-snippet:-1","max-image-preview":"max-image-preview:large","max-video-preview":"max-video-preview:-1"},"canonical":"https:\/\/www.immobilienbusiness.ch\/fr\/unternehmen\/2025-03-05\/akara-14-kapitalerhoehung-beginnt-im-april\/","og_locale":"fr_FR","og_type":"article","og_title":"Akara: 14. Kapitalerh\u00f6hung beginnt im April - IMMOBILIEN Business","og_description":"Der von SPS Solutions geleitete Fonds will bis Mitte Mai bis zu 100 Millionen Franken erl\u00f6sen.","og_url":"https:\/\/www.immobilienbusiness.ch\/fr\/unternehmen\/2025-03-05\/akara-14-kapitalerhoehung-beginnt-im-april\/","og_site_name":"IMMOBILIEN Business","article_publisher":"https:\/\/www.facebook.com\/immobilienbusiness\/","article_published_time":"2025-03-05T07:29:35+00:00","article_modified_time":"2025-03-06T13:29:34+00:00","og_image":[{"width":1200,"height":849,"url":"https:\/\/www.immobilienbusiness.ch\/wp-content\/uploads\/2024\/01\/6858_waldegg_uitikon_aussen_lea_k02c_230123-scaled.jpg","type":"image\/jpeg"}],"author":"Alexander Wachter","twitter_card":"summary_large_image","schema":{"@context":"https:\/\/schema.org","@graph":[{"@type":"Article","@id":"https:\/\/www.immobilienbusiness.ch\/de\/unternehmen\/2025-03-05\/akara-14-kapitalerhoehung-beginnt-im-april\/#article","isPartOf":{"@id":"https:\/\/www.immobilienbusiness.ch\/de\/unternehmen\/2025-03-05\/akara-14-kapitalerhoehung-beginnt-im-april\/"},"author":{"name":"Alexander Wachter","@id":"https:\/\/www.immobilienbusiness.ch\/#\/schema\/person\/aba8bea2db926aa0c24c08c43fe1fcd5"},"headline":"Akara: 14. Kapitalerh\u00f6hung beginnt im April","datePublished":"2025-03-05T07:29:35+00:00","dateModified":"2025-03-06T13:29:34+00:00","mainEntityOfPage":{"@id":"https:\/\/www.immobilienbusiness.ch\/de\/unternehmen\/2025-03-05\/akara-14-kapitalerhoehung-beginnt-im-april\/"},"wordCount":97,"publisher":{"@id":"https:\/\/www.immobilienbusiness.ch\/#organization"},"image":{"@id":"https:\/\/www.immobilienbusiness.ch\/de\/unternehmen\/2025-03-05\/akara-14-kapitalerhoehung-beginnt-im-april\/#primaryimage"},"thumbnailUrl":"https:\/\/www.immobilienbusiness.ch\/wp-content\/uploads\/2024\/01\/6858_waldegg_uitikon_aussen_lea_k02c_230123-scaled.jpg","keywords":["Akara","Immobilienfonds","Kapitalerh\u00f6hung"],"articleSection":["UNTERNEHMEN"],"inLanguage":"fr-FR"},{"@type":"WebPage","@id":"https:\/\/www.immobilienbusiness.ch\/de\/unternehmen\/2025-03-05\/akara-14-kapitalerhoehung-beginnt-im-april\/","url":"https:\/\/www.immobilienbusiness.ch\/de\/unternehmen\/2025-03-05\/akara-14-kapitalerhoehung-beginnt-im-april\/","name":"Akara : la 14e augmentation de capital d\u00e9bute en avril - IMMOBILIER Business","isPartOf":{"@id":"https:\/\/www.immobilienbusiness.ch\/#website"},"primaryImageOfPage":{"@id":"https:\/\/www.immobilienbusiness.ch\/de\/unternehmen\/2025-03-05\/akara-14-kapitalerhoehung-beginnt-im-april\/#primaryimage"},"image":{"@id":"https:\/\/www.immobilienbusiness.ch\/de\/unternehmen\/2025-03-05\/akara-14-kapitalerhoehung-beginnt-im-april\/#primaryimage"},"thumbnailUrl":"https:\/\/www.immobilienbusiness.ch\/wp-content\/uploads\/2024\/01\/6858_waldegg_uitikon_aussen_lea_k02c_230123-scaled.jpg","datePublished":"2025-03-05T07:29:35+00:00","dateModified":"2025-03-06T13:29:34+00:00","description":"Le fonds, dirig\u00e9 par SPS Solutions, vise \u00e0 r\u00e9colter jusqu'\u00e0 100 millions de francs d'ici la mi-mai.","breadcrumb":{"@id":"https:\/\/www.immobilienbusiness.ch\/de\/unternehmen\/2025-03-05\/akara-14-kapitalerhoehung-beginnt-im-april\/#breadcrumb"},"inLanguage":"fr-FR","potentialAction":[{"@type":"ReadAction","target":["https:\/\/www.immobilienbusiness.ch\/de\/unternehmen\/2025-03-05\/akara-14-kapitalerhoehung-beginnt-im-april\/"]}]},{"@type":"ImageObject","inLanguage":"fr-FR","@id":"https:\/\/www.immobilienbusiness.ch\/de\/unternehmen\/2025-03-05\/akara-14-kapitalerhoehung-beginnt-im-april\/#primaryimage","url":"https:\/\/www.immobilienbusiness.ch\/wp-content\/uploads\/2024\/01\/6858_waldegg_uitikon_aussen_lea_k02c_230123-scaled.jpg","contentUrl":"https:\/\/www.immobilienbusiness.ch\/wp-content\/uploads\/2024\/01\/6858_waldegg_uitikon_aussen_lea_k02c_230123-scaled.jpg","width":1200,"height":849,"caption":"Ein Projekt von Akara in Waldegg-Uitikon (Bild: Akara)"},{"@type":"BreadcrumbList","@id":"https:\/\/www.immobilienbusiness.ch\/de\/unternehmen\/2025-03-05\/akara-14-kapitalerhoehung-beginnt-im-april\/#breadcrumb","itemListElement":[{"@type":"ListItem","position":1,"name":"Home","item":"https:\/\/www.immobilienbusiness.ch\/"},{"@type":"ListItem","position":2,"name":"Akara: 14. Kapitalerh\u00f6hung beginnt im April"}]},{"@type":"WebSite","@id":"https:\/\/www.immobilienbusiness.ch\/#website","url":"https:\/\/www.immobilienbusiness.ch\/","name":"IMMOBILIER Business","description":"Magazine \u00e9conomique suisse ind\u00e9pendant ax\u00e9 sur l'immobilier, l'architecture et la construction ainsi que sur les investissements et le financement.","publisher":{"@id":"https:\/\/www.immobilienbusiness.ch\/#organization"},"potentialAction":[{"@type":"SearchAction","target":{"@type":"EntryPoint","urlTemplate":"https:\/\/www.immobilienbusiness.ch\/?s={search_term_string}"},"query-input":{"@type":"PropertyValueSpecification","valueRequired":true,"valueName":"search_term_string"}}],"inLanguage":"fr-FR"},{"@type":"Organization","@id":"https:\/\/www.immobilienbusiness.ch\/#organization","name":"IMMOBILIER Business","url":"https:\/\/www.immobilienbusiness.ch\/","logo":{"@type":"ImageObject","inLanguage":"fr-FR","@id":"https:\/\/www.immobilienbusiness.ch\/#\/schema\/logo\/image\/","url":"https:\/\/www.immobilienbusiness.ch\/wp-content\/uploads\/2021\/07\/logo_ib.png","contentUrl":"https:\/\/www.immobilienbusiness.ch\/wp-content\/uploads\/2021\/07\/logo_ib.png","width":800,"height":181,"caption":"IMMOBILIEN Business"},"image":{"@id":"https:\/\/www.immobilienbusiness.ch\/#\/schema\/logo\/image\/"},"sameAs":["https:\/\/www.facebook.com\/immobilienbusiness\/"]},{"@type":"Person","@id":"https:\/\/www.immobilienbusiness.ch\/#\/schema\/person\/aba8bea2db926aa0c24c08c43fe1fcd5","name":"Alexander Wachter","image":{"@type":"ImageObject","inLanguage":"fr-FR","@id":"https:\/\/secure.gravatar.com\/avatar\/1a09e471f5389b0e0a6416eac287e0927c7c97a7b77f9e787eba3af7aee281dd?s=96&d=mm&r=g","url":"https:\/\/secure.gravatar.com\/avatar\/1a09e471f5389b0e0a6416eac287e0927c7c97a7b77f9e787eba3af7aee281dd?s=96&d=mm&r=g","contentUrl":"https:\/\/secure.gravatar.com\/avatar\/1a09e471f5389b0e0a6416eac287e0927c7c97a7b77f9e787eba3af7aee281dd?s=96&d=mm&r=g","caption":"Alexander Wachter"},"url":"https:\/\/www.immobilienbusiness.ch\/fr\/author\/alexander-wachter\/"}]}},"_links":{"self":[{"href":"https:\/\/www.immobilienbusiness.ch\/fr\/wp-json\/wp\/v2\/posts\/62660","targetHints":{"allow":["GET"]}}],"collection":[{"href":"https:\/\/www.immobilienbusiness.ch\/fr\/wp-json\/wp\/v2\/posts"}],"about":[{"href":"https:\/\/www.immobilienbusiness.ch\/fr\/wp-json\/wp\/v2\/types\/post"}],"author":[{"embeddable":true,"href":"https:\/\/www.immobilienbusiness.ch\/fr\/wp-json\/wp\/v2\/users\/102"}],"replies":[{"embeddable":true,"href":"https:\/\/www.immobilienbusiness.ch\/fr\/wp-json\/wp\/v2\/comments?post=62660"}],"version-history":[{"count":3,"href":"https:\/\/www.immobilienbusiness.ch\/fr\/wp-json\/wp\/v2\/posts\/62660\/revisions"}],"predecessor-version":[{"id":62741,"href":"https:\/\/www.immobilienbusiness.ch\/fr\/wp-json\/wp\/v2\/posts\/62660\/revisions\/62741"}],"wp:featuredmedia":[{"embeddable":true,"href":"https:\/\/www.immobilienbusiness.ch\/fr\/wp-json\/wp\/v2\/media\/55702"}],"wp:attachment":[{"href":"https:\/\/www.immobilienbusiness.ch\/fr\/wp-json\/wp\/v2\/media?parent=62660"}],"wp:term":[{"taxonomy":"category","embeddable":true,"href":"https:\/\/www.immobilienbusiness.ch\/fr\/wp-json\/wp\/v2\/categories?post=62660"},{"taxonomy":"post_tag","embeddable":true,"href":"https:\/\/www.immobilienbusiness.ch\/fr\/wp-json\/wp\/v2\/tags?post=62660"}],"curies":[{"name":"wp","href":"https:\/\/api.w.org\/{rel}","templated":true}]}}