{"id":6244,"date":"2017-02-13T08:49:11","date_gmt":"2017-02-13T07:49:11","guid":{"rendered":"https:\/\/www.immobilienbusiness.ch\/?p=6244"},"modified":"2017-02-13T08:49:11","modified_gmt":"2017-02-13T07:49:11","slug":"axa-im-real-assets-isabelle-scemama-wird-ceo","status":"publish","type":"post","link":"https:\/\/www.immobilienbusiness.ch\/fr\/unternehmen\/2017-02-13\/axa-im-real-assets-isabelle-scemama-wird-ceo\/","title":{"rendered":"AXA IM Real Assets : Isabelle Scemama devient CEO"},"content":{"rendered":"<figure id=\"attachment_6255\" aria-describedby=\"caption-attachment-6255\" style=\"width: 680px\" class=\"wp-caption alignnone\"><img loading=\"lazy\" decoding=\"async\" class=\"size-medium wp-image-6255\" src=\"https:\/\/www.immobilienbusiness.ch\/wp-content\/uploads\/2017\/02\/Depositphotos_5498877_l-2015.jpg\" alt=\"\" width=\"680\" height=\"411\" srcset=\"https:\/\/www.immobilienbusiness.ch\/wp-content\/uploads\/2017\/02\/Depositphotos_5498877_l-2015.jpg 2000w, https:\/\/www.immobilienbusiness.ch\/wp-content\/uploads\/2017\/02\/Depositphotos_5498877_l-2015-300x182.jpg 300w, https:\/\/www.immobilienbusiness.ch\/wp-content\/uploads\/2017\/02\/Depositphotos_5498877_l-2015-1024x620.jpg 1024w, https:\/\/www.immobilienbusiness.ch\/wp-content\/uploads\/2017\/02\/Depositphotos_5498877_l-2015-768x465.jpg 768w, https:\/\/www.immobilienbusiness.ch\/wp-content\/uploads\/2017\/02\/Depositphotos_5498877_l-2015-1536x929.jpg 1536w, https:\/\/www.immobilienbusiness.ch\/wp-content\/uploads\/2017\/02\/Depositphotos_5498877_l-2015-16x10.jpg 16w, https:\/\/www.immobilienbusiness.ch\/wp-content\/uploads\/2017\/02\/Depositphotos_5498877_l-2015-289x175.jpg 289w, https:\/\/www.immobilienbusiness.ch\/wp-content\/uploads\/2017\/02\/Depositphotos_5498877_l-2015-579x350.jpg 579w, https:\/\/www.immobilienbusiness.ch\/wp-content\/uploads\/2017\/02\/Depositphotos_5498877_l-2015-1322x800.jpg 1322w, https:\/\/www.immobilienbusiness.ch\/wp-content\/uploads\/2017\/02\/Depositphotos_5498877_l-2015-920x557.jpg 920w, https:\/\/www.immobilienbusiness.ch\/wp-content\/uploads\/2017\/02\/Depositphotos_5498877_l-2015-1400x847.jpg 1400w\" sizes=\"auto, (max-width: 680px) 100vw, 680px\" \/><figcaption id=\"caption-attachment-6255\" class=\"wp-caption-text\">Nouvelle direction chez AXA IM Real Assets (Photo : depositedhar - depositphotos)<\/figcaption><\/figure>\n<p>Isabelle Scemama fera \u00e9galement partie du Management Board d'AXA Investment Managers.  Elle \u00e9tait auparavant PDG d'AXA REIM SGP, la soci\u00e9t\u00e9 fran\u00e7aise d'AXA IM Real Assets, et responsable de l'activit\u00e9 fonds, qui comprend de nombreux fonds immobiliers.<\/p>\n<p>Isabelle Scemama travaille depuis 15 ans pour AXA IM Real Assets. Elle a rejoint l'entreprise en 2001 et dirigeait alors la pratique de structuration et de financement de fonds immobiliers.  En 2005, elle a lanc\u00e9 les activit\u00e9s de pr\u00eats CRE, suivies en 2013 par la plateforme de financement des infrastructures, dans le cadre de laquelle un fonds d'infrastructure de 730 millions d'euros a \u00e9t\u00e9 lanc\u00e9 fin 2016. Scemama a commenc\u00e9 sa carri\u00e8re chez Paribas.<\/p>\n<p>La nomination de Scemama au poste de CEO s'est accompagn\u00e9e de la formation d'un nouveau conseil d'administration. Le conseil compte d\u00e9sormais deux membres du comit\u00e9 ex\u00e9cutif:\uf0b7 Timoth\u00e9 Raully, pr\u00e9c\u00e9demment responsable de la division CRE Finance &amp; Core Fund, devient responsable du Funds Group. Andrew Stainer, actuellement Head of Northern Region, Asset Management &amp; Transactions, a \u00e9t\u00e9 nomm\u00e9 Global Head of Asset Management.<\/p>\n<p>Ruulke Bagijn restera Global Head of Real Assets Private Equity, et auch\uf0b7 S\u00e9bastien Herzog, Global CFO, COO &amp; Corporate Secretary, conservera ses fonctions. Laurent Lavergne, actuellement Head of Separate Accounts, sera en outre responsable du d\u00e9veloppement commercial aux \u00c9tats-Unis et en Asie. Dennis Lopez reste CIO et Global Head of Sales, il sera en outre responsable \u00e0 l'avenir des transactions globales.<\/p>\n<p>Le CEO sortant d'AXA IM Real Assets, Pierre Vaquier, souhaite relever de nouveaux d\u00e9fis en dehors de l'entreprise. Il a travaill\u00e9 pour l'entreprise depuis 1993, les dix derni\u00e8res ann\u00e9es en tant que CEO.<\/p>\n<p>&nbsp;<\/p>","protected":false},"excerpt":{"rendered":"<p>Isabelle Scemama ist zur CEO der AXA Investment Managers &#8211; Real Assets ernannt worden. Sie folgt auf Pierre Vaquier, der das Unternehmen verl\u00e4sst.<\/p>","protected":false},"author":3,"featured_media":6255,"comment_status":"open","ping_status":"open","sticky":false,"template":"","format":"standard","meta":{"_acf_changed":false,"_yoast_wpseo_focuskw":"Isabelle Scemama","_yoast_wpseo_title":"","_yoast_wpseo_metadesc":"Isabelle Scemama ist zur CEO der AXA Investment Managers - Real Assets ernannt worden. Sie folgt auf Pierre Vaquier, der das Unternehmen verl\u00e4sst.","_yoast_wpseo_linkdex":82,"pgc_sgb_lightbox_settings":"","footnotes":""},"categories":[988],"tags":[1563,1807],"class_list":["post-6244","post","type-post","status-publish","format-standard","has-post-thumbnail","hentry","category-unternehmen","tag-personalia","tag-unternehmen"],"acf":[],"yoast_head":"<!-- This site is optimized with the Yoast SEO plugin v27.4 - https:\/\/yoast.com\/product\/yoast-seo-wordpress\/ -->\n<title>AXA IM Real Assets: Isabelle Scemama wird CEO - IMMOBILIEN Business<\/title>\n<meta name=\"description\" content=\"Isabelle Scemama ist zur CEO der AXA Investment Managers - Real Assets ernannt worden. Sie folgt auf Pierre Vaquier, der das Unternehmen verl\u00e4sst.\" \/>\n<meta name=\"robots\" content=\"index, follow, max-snippet:-1, max-image-preview:large, max-video-preview:-1\" \/>\n<link rel=\"canonical\" href=\"https:\/\/www.immobilienbusiness.ch\/fr\/unternehmen\/2017-02-13\/axa-im-real-assets-isabelle-scemama-wird-ceo\/\" \/>\n<meta property=\"og:locale\" content=\"fr_FR\" \/>\n<meta property=\"og:type\" content=\"article\" \/>\n<meta property=\"og:title\" content=\"AXA IM Real Assets: Isabelle Scemama wird CEO - IMMOBILIEN Business\" \/>\n<meta property=\"og:description\" content=\"Isabelle Scemama ist zur CEO der AXA Investment Managers - Real Assets ernannt worden. Sie folgt auf Pierre Vaquier, der das Unternehmen verl\u00e4sst.\" \/>\n<meta property=\"og:url\" content=\"https:\/\/www.immobilienbusiness.ch\/fr\/unternehmen\/2017-02-13\/axa-im-real-assets-isabelle-scemama-wird-ceo\/\" \/>\n<meta property=\"og:site_name\" content=\"IMMOBILIEN Business\" \/>\n<meta property=\"article:publisher\" content=\"https:\/\/www.facebook.com\/immobilienbusiness\/\" \/>\n<meta property=\"article:published_time\" content=\"2017-02-13T07:49:11+00:00\" \/>\n<meta property=\"og:image\" content=\"https:\/\/www.immobilienbusiness.ch\/wp-content\/uploads\/2017\/02\/Depositphotos_5498877_l-2015.jpg\" \/>\n\t<meta property=\"og:image:width\" content=\"2000\" \/>\n\t<meta property=\"og:image:height\" content=\"1210\" \/>\n\t<meta property=\"og:image:type\" content=\"image\/jpeg\" \/>\n<meta name=\"author\" content=\"anja.hall\" \/>\n<meta name=\"twitter:card\" content=\"summary_large_image\" \/>\n<script type=\"application\/ld+json\" class=\"yoast-schema-graph\">{\"@context\":\"https:\\\/\\\/schema.org\",\"@graph\":[{\"@type\":\"Article\",\"@id\":\"https:\\\/\\\/www.immobilienbusiness.ch\\\/unternehmen\\\/2017-02-13\\\/axa-im-real-assets-isabelle-scemama-wird-ceo\\\/#article\",\"isPartOf\":{\"@id\":\"https:\\\/\\\/www.immobilienbusiness.ch\\\/unternehmen\\\/2017-02-13\\\/axa-im-real-assets-isabelle-scemama-wird-ceo\\\/\"},\"author\":{\"name\":\"anja.hall\",\"@id\":\"https:\\\/\\\/www.immobilienbusiness.ch\\\/#\\\/schema\\\/person\\\/3fc036297b10b9f42d6db5ee932af8c8\"},\"headline\":\"AXA IM Real Assets: Isabelle Scemama wird CEO\",\"datePublished\":\"2017-02-13T07:49:11+00:00\",\"mainEntityOfPage\":{\"@id\":\"https:\\\/\\\/www.immobilienbusiness.ch\\\/unternehmen\\\/2017-02-13\\\/axa-im-real-assets-isabelle-scemama-wird-ceo\\\/\"},\"wordCount\":280,\"commentCount\":0,\"publisher\":{\"@id\":\"https:\\\/\\\/www.immobilienbusiness.ch\\\/#organization\"},\"image\":{\"@id\":\"https:\\\/\\\/www.immobilienbusiness.ch\\\/unternehmen\\\/2017-02-13\\\/axa-im-real-assets-isabelle-scemama-wird-ceo\\\/#primaryimage\"},\"thumbnailUrl\":\"https:\\\/\\\/www.immobilienbusiness.ch\\\/wp-content\\\/uploads\\\/2017\\\/02\\\/Depositphotos_5498877_l-2015.jpg\",\"keywords\":[\"Personalia\",\"Unternehmen\"],\"articleSection\":[\"UNTERNEHMEN\"],\"inLanguage\":\"fr-FR\"},{\"@type\":\"WebPage\",\"@id\":\"https:\\\/\\\/www.immobilienbusiness.ch\\\/unternehmen\\\/2017-02-13\\\/axa-im-real-assets-isabelle-scemama-wird-ceo\\\/\",\"url\":\"https:\\\/\\\/www.immobilienbusiness.ch\\\/unternehmen\\\/2017-02-13\\\/axa-im-real-assets-isabelle-scemama-wird-ceo\\\/\",\"name\":\"AXA IM Real Assets: Isabelle Scemama wird CEO - IMMOBILIEN Business\",\"isPartOf\":{\"@id\":\"https:\\\/\\\/www.immobilienbusiness.ch\\\/#website\"},\"primaryImageOfPage\":{\"@id\":\"https:\\\/\\\/www.immobilienbusiness.ch\\\/unternehmen\\\/2017-02-13\\\/axa-im-real-assets-isabelle-scemama-wird-ceo\\\/#primaryimage\"},\"image\":{\"@id\":\"https:\\\/\\\/www.immobilienbusiness.ch\\\/unternehmen\\\/2017-02-13\\\/axa-im-real-assets-isabelle-scemama-wird-ceo\\\/#primaryimage\"},\"thumbnailUrl\":\"https:\\\/\\\/www.immobilienbusiness.ch\\\/wp-content\\\/uploads\\\/2017\\\/02\\\/Depositphotos_5498877_l-2015.jpg\",\"datePublished\":\"2017-02-13T07:49:11+00:00\",\"description\":\"Isabelle Scemama ist zur CEO der AXA Investment Managers - Real Assets ernannt worden. Sie folgt auf Pierre Vaquier, der das Unternehmen verl\u00e4sst.\",\"breadcrumb\":{\"@id\":\"https:\\\/\\\/www.immobilienbusiness.ch\\\/unternehmen\\\/2017-02-13\\\/axa-im-real-assets-isabelle-scemama-wird-ceo\\\/#breadcrumb\"},\"inLanguage\":\"fr-FR\",\"potentialAction\":[{\"@type\":\"ReadAction\",\"target\":[\"https:\\\/\\\/www.immobilienbusiness.ch\\\/unternehmen\\\/2017-02-13\\\/axa-im-real-assets-isabelle-scemama-wird-ceo\\\/\"]}]},{\"@type\":\"ImageObject\",\"inLanguage\":\"fr-FR\",\"@id\":\"https:\\\/\\\/www.immobilienbusiness.ch\\\/unternehmen\\\/2017-02-13\\\/axa-im-real-assets-isabelle-scemama-wird-ceo\\\/#primaryimage\",\"url\":\"https:\\\/\\\/www.immobilienbusiness.ch\\\/wp-content\\\/uploads\\\/2017\\\/02\\\/Depositphotos_5498877_l-2015.jpg\",\"contentUrl\":\"https:\\\/\\\/www.immobilienbusiness.ch\\\/wp-content\\\/uploads\\\/2017\\\/02\\\/Depositphotos_5498877_l-2015.jpg\",\"width\":2000,\"height\":1210,\"caption\":\"Marco Feusi wird neuer Vorsitzender der Gesch\u00e4ftleitung bei W\u00fcest Partner (Foto: depositedhar - depositphotos)\"},{\"@type\":\"BreadcrumbList\",\"@id\":\"https:\\\/\\\/www.immobilienbusiness.ch\\\/unternehmen\\\/2017-02-13\\\/axa-im-real-assets-isabelle-scemama-wird-ceo\\\/#breadcrumb\",\"itemListElement\":[{\"@type\":\"ListItem\",\"position\":1,\"name\":\"Home\",\"item\":\"https:\\\/\\\/www.immobilienbusiness.ch\\\/\"},{\"@type\":\"ListItem\",\"position\":2,\"name\":\"AXA IM Real Assets: Isabelle Scemama wird CEO\"}]},{\"@type\":\"WebSite\",\"@id\":\"https:\\\/\\\/www.immobilienbusiness.ch\\\/#website\",\"url\":\"https:\\\/\\\/www.immobilienbusiness.ch\\\/\",\"name\":\"IMMOBILIEN Business\",\"description\":\"Unabh\u00e4ngiges Schweizer Wirtschaftsmagazin mit Fokus auf Immobilien, Architektur- und Bau sowie Investment- und Finanzierung.\",\"publisher\":{\"@id\":\"https:\\\/\\\/www.immobilienbusiness.ch\\\/#organization\"},\"potentialAction\":[{\"@type\":\"SearchAction\",\"target\":{\"@type\":\"EntryPoint\",\"urlTemplate\":\"https:\\\/\\\/www.immobilienbusiness.ch\\\/?s={search_term_string}\"},\"query-input\":{\"@type\":\"PropertyValueSpecification\",\"valueRequired\":true,\"valueName\":\"search_term_string\"}}],\"inLanguage\":\"fr-FR\"},{\"@type\":\"Organization\",\"@id\":\"https:\\\/\\\/www.immobilienbusiness.ch\\\/#organization\",\"name\":\"IMMOBILIEN Business\",\"url\":\"https:\\\/\\\/www.immobilienbusiness.ch\\\/\",\"logo\":{\"@type\":\"ImageObject\",\"inLanguage\":\"fr-FR\",\"@id\":\"https:\\\/\\\/www.immobilienbusiness.ch\\\/#\\\/schema\\\/logo\\\/image\\\/\",\"url\":\"https:\\\/\\\/www.immobilienbusiness.ch\\\/wp-content\\\/uploads\\\/2021\\\/07\\\/logo_ib.png\",\"contentUrl\":\"https:\\\/\\\/www.immobilienbusiness.ch\\\/wp-content\\\/uploads\\\/2021\\\/07\\\/logo_ib.png\",\"width\":800,\"height\":181,\"caption\":\"IMMOBILIEN Business\"},\"image\":{\"@id\":\"https:\\\/\\\/www.immobilienbusiness.ch\\\/#\\\/schema\\\/logo\\\/image\\\/\"},\"sameAs\":[\"https:\\\/\\\/www.facebook.com\\\/immobilienbusiness\\\/\"]},{\"@type\":\"Person\",\"@id\":\"https:\\\/\\\/www.immobilienbusiness.ch\\\/#\\\/schema\\\/person\\\/3fc036297b10b9f42d6db5ee932af8c8\",\"name\":\"anja.hall\",\"image\":{\"@type\":\"ImageObject\",\"inLanguage\":\"fr-FR\",\"@id\":\"https:\\\/\\\/secure.gravatar.com\\\/avatar\\\/066b5a0d447013502c71a5782f4f3469f03cfe595cc2329fb94652fe47511bfb?s=96&d=mm&r=g\",\"url\":\"https:\\\/\\\/secure.gravatar.com\\\/avatar\\\/066b5a0d447013502c71a5782f4f3469f03cfe595cc2329fb94652fe47511bfb?s=96&d=mm&r=g\",\"contentUrl\":\"https:\\\/\\\/secure.gravatar.com\\\/avatar\\\/066b5a0d447013502c71a5782f4f3469f03cfe595cc2329fb94652fe47511bfb?s=96&d=mm&r=g\",\"caption\":\"anja.hall\"},\"url\":\"https:\\\/\\\/www.immobilienbusiness.ch\\\/fr\\\/author\\\/anja-hall\\\/\"}]}<\/script>\n<!-- \/ Yoast SEO plugin. -->","yoast_head_json":{"title":"AXA IM Real Assets: Isabelle Scemama wird CEO - IMMOBILIEN Business","description":"Isabelle Scemama a \u00e9t\u00e9 nomm\u00e9e CEO d'AXA Investment Managers - Real Assets. Elle succ\u00e8de \u00e0 Pierre Vaquier, qui quitte l'entreprise.","robots":{"index":"index","follow":"follow","max-snippet":"max-snippet:-1","max-image-preview":"max-image-preview:large","max-video-preview":"max-video-preview:-1"},"canonical":"https:\/\/www.immobilienbusiness.ch\/fr\/unternehmen\/2017-02-13\/axa-im-real-assets-isabelle-scemama-wird-ceo\/","og_locale":"fr_FR","og_type":"article","og_title":"AXA IM Real Assets: Isabelle Scemama wird CEO - IMMOBILIEN Business","og_description":"Isabelle Scemama ist zur CEO der AXA Investment Managers - Real Assets ernannt worden. Sie folgt auf Pierre Vaquier, der das Unternehmen verl\u00e4sst.","og_url":"https:\/\/www.immobilienbusiness.ch\/fr\/unternehmen\/2017-02-13\/axa-im-real-assets-isabelle-scemama-wird-ceo\/","og_site_name":"IMMOBILIEN Business","article_publisher":"https:\/\/www.facebook.com\/immobilienbusiness\/","article_published_time":"2017-02-13T07:49:11+00:00","og_image":[{"width":2000,"height":1210,"url":"https:\/\/www.immobilienbusiness.ch\/wp-content\/uploads\/2017\/02\/Depositphotos_5498877_l-2015.jpg","type":"image\/jpeg"}],"author":"anja.hall","twitter_card":"summary_large_image","schema":{"@context":"https:\/\/schema.org","@graph":[{"@type":"Article","@id":"https:\/\/www.immobilienbusiness.ch\/unternehmen\/2017-02-13\/axa-im-real-assets-isabelle-scemama-wird-ceo\/#article","isPartOf":{"@id":"https:\/\/www.immobilienbusiness.ch\/unternehmen\/2017-02-13\/axa-im-real-assets-isabelle-scemama-wird-ceo\/"},"author":{"name":"anja.hall","@id":"https:\/\/www.immobilienbusiness.ch\/#\/schema\/person\/3fc036297b10b9f42d6db5ee932af8c8"},"headline":"AXA IM Real Assets: Isabelle Scemama wird CEO","datePublished":"2017-02-13T07:49:11+00:00","mainEntityOfPage":{"@id":"https:\/\/www.immobilienbusiness.ch\/unternehmen\/2017-02-13\/axa-im-real-assets-isabelle-scemama-wird-ceo\/"},"wordCount":280,"commentCount":0,"publisher":{"@id":"https:\/\/www.immobilienbusiness.ch\/#organization"},"image":{"@id":"https:\/\/www.immobilienbusiness.ch\/unternehmen\/2017-02-13\/axa-im-real-assets-isabelle-scemama-wird-ceo\/#primaryimage"},"thumbnailUrl":"https:\/\/www.immobilienbusiness.ch\/wp-content\/uploads\/2017\/02\/Depositphotos_5498877_l-2015.jpg","keywords":["Personalia","Unternehmen"],"articleSection":["UNTERNEHMEN"],"inLanguage":"fr-FR"},{"@type":"WebPage","@id":"https:\/\/www.immobilienbusiness.ch\/unternehmen\/2017-02-13\/axa-im-real-assets-isabelle-scemama-wird-ceo\/","url":"https:\/\/www.immobilienbusiness.ch\/unternehmen\/2017-02-13\/axa-im-real-assets-isabelle-scemama-wird-ceo\/","name":"AXA IM Real Assets: Isabelle Scemama wird CEO - IMMOBILIEN Business","isPartOf":{"@id":"https:\/\/www.immobilienbusiness.ch\/#website"},"primaryImageOfPage":{"@id":"https:\/\/www.immobilienbusiness.ch\/unternehmen\/2017-02-13\/axa-im-real-assets-isabelle-scemama-wird-ceo\/#primaryimage"},"image":{"@id":"https:\/\/www.immobilienbusiness.ch\/unternehmen\/2017-02-13\/axa-im-real-assets-isabelle-scemama-wird-ceo\/#primaryimage"},"thumbnailUrl":"https:\/\/www.immobilienbusiness.ch\/wp-content\/uploads\/2017\/02\/Depositphotos_5498877_l-2015.jpg","datePublished":"2017-02-13T07:49:11+00:00","description":"Isabelle Scemama a \u00e9t\u00e9 nomm\u00e9e CEO d'AXA Investment Managers - Real Assets. Elle succ\u00e8de \u00e0 Pierre Vaquier, qui quitte l'entreprise.","breadcrumb":{"@id":"https:\/\/www.immobilienbusiness.ch\/unternehmen\/2017-02-13\/axa-im-real-assets-isabelle-scemama-wird-ceo\/#breadcrumb"},"inLanguage":"fr-FR","potentialAction":[{"@type":"ReadAction","target":["https:\/\/www.immobilienbusiness.ch\/unternehmen\/2017-02-13\/axa-im-real-assets-isabelle-scemama-wird-ceo\/"]}]},{"@type":"ImageObject","inLanguage":"fr-FR","@id":"https:\/\/www.immobilienbusiness.ch\/unternehmen\/2017-02-13\/axa-im-real-assets-isabelle-scemama-wird-ceo\/#primaryimage","url":"https:\/\/www.immobilienbusiness.ch\/wp-content\/uploads\/2017\/02\/Depositphotos_5498877_l-2015.jpg","contentUrl":"https:\/\/www.immobilienbusiness.ch\/wp-content\/uploads\/2017\/02\/Depositphotos_5498877_l-2015.jpg","width":2000,"height":1210,"caption":"Marco Feusi wird neuer Vorsitzender der Gesch\u00e4ftleitung bei W\u00fcest Partner (Foto: depositedhar - depositphotos)"},{"@type":"BreadcrumbList","@id":"https:\/\/www.immobilienbusiness.ch\/unternehmen\/2017-02-13\/axa-im-real-assets-isabelle-scemama-wird-ceo\/#breadcrumb","itemListElement":[{"@type":"ListItem","position":1,"name":"Home","item":"https:\/\/www.immobilienbusiness.ch\/"},{"@type":"ListItem","position":2,"name":"AXA IM Real Assets: Isabelle Scemama wird CEO"}]},{"@type":"WebSite","@id":"https:\/\/www.immobilienbusiness.ch\/#website","url":"https:\/\/www.immobilienbusiness.ch\/","name":"IMMOBILIER Business","description":"Magazine \u00e9conomique suisse ind\u00e9pendant ax\u00e9 sur l'immobilier, l'architecture et la construction ainsi que sur les investissements et le financement.","publisher":{"@id":"https:\/\/www.immobilienbusiness.ch\/#organization"},"potentialAction":[{"@type":"SearchAction","target":{"@type":"EntryPoint","urlTemplate":"https:\/\/www.immobilienbusiness.ch\/?s={search_term_string}"},"query-input":{"@type":"PropertyValueSpecification","valueRequired":true,"valueName":"search_term_string"}}],"inLanguage":"fr-FR"},{"@type":"Organization","@id":"https:\/\/www.immobilienbusiness.ch\/#organization","name":"IMMOBILIER Business","url":"https:\/\/www.immobilienbusiness.ch\/","logo":{"@type":"ImageObject","inLanguage":"fr-FR","@id":"https:\/\/www.immobilienbusiness.ch\/#\/schema\/logo\/image\/","url":"https:\/\/www.immobilienbusiness.ch\/wp-content\/uploads\/2021\/07\/logo_ib.png","contentUrl":"https:\/\/www.immobilienbusiness.ch\/wp-content\/uploads\/2021\/07\/logo_ib.png","width":800,"height":181,"caption":"IMMOBILIEN Business"},"image":{"@id":"https:\/\/www.immobilienbusiness.ch\/#\/schema\/logo\/image\/"},"sameAs":["https:\/\/www.facebook.com\/immobilienbusiness\/"]},{"@type":"Person","@id":"https:\/\/www.immobilienbusiness.ch\/#\/schema\/person\/3fc036297b10b9f42d6db5ee932af8c8","name":"anja.hall","image":{"@type":"ImageObject","inLanguage":"fr-FR","@id":"https:\/\/secure.gravatar.com\/avatar\/066b5a0d447013502c71a5782f4f3469f03cfe595cc2329fb94652fe47511bfb?s=96&d=mm&r=g","url":"https:\/\/secure.gravatar.com\/avatar\/066b5a0d447013502c71a5782f4f3469f03cfe595cc2329fb94652fe47511bfb?s=96&d=mm&r=g","contentUrl":"https:\/\/secure.gravatar.com\/avatar\/066b5a0d447013502c71a5782f4f3469f03cfe595cc2329fb94652fe47511bfb?s=96&d=mm&r=g","caption":"anja.hall"},"url":"https:\/\/www.immobilienbusiness.ch\/fr\/author\/anja-hall\/"}]}},"_links":{"self":[{"href":"https:\/\/www.immobilienbusiness.ch\/fr\/wp-json\/wp\/v2\/posts\/6244","targetHints":{"allow":["GET"]}}],"collection":[{"href":"https:\/\/www.immobilienbusiness.ch\/fr\/wp-json\/wp\/v2\/posts"}],"about":[{"href":"https:\/\/www.immobilienbusiness.ch\/fr\/wp-json\/wp\/v2\/types\/post"}],"author":[{"embeddable":true,"href":"https:\/\/www.immobilienbusiness.ch\/fr\/wp-json\/wp\/v2\/users\/3"}],"replies":[{"embeddable":true,"href":"https:\/\/www.immobilienbusiness.ch\/fr\/wp-json\/wp\/v2\/comments?post=6244"}],"version-history":[{"count":0,"href":"https:\/\/www.immobilienbusiness.ch\/fr\/wp-json\/wp\/v2\/posts\/6244\/revisions"}],"wp:featuredmedia":[{"embeddable":true,"href":"https:\/\/www.immobilienbusiness.ch\/fr\/wp-json\/wp\/v2\/media\/6255"}],"wp:attachment":[{"href":"https:\/\/www.immobilienbusiness.ch\/fr\/wp-json\/wp\/v2\/media?parent=6244"}],"wp:term":[{"taxonomy":"category","embeddable":true,"href":"https:\/\/www.immobilienbusiness.ch\/fr\/wp-json\/wp\/v2\/categories?post=6244"},{"taxonomy":"post_tag","embeddable":true,"href":"https:\/\/www.immobilienbusiness.ch\/fr\/wp-json\/wp\/v2\/tags?post=6244"}],"curies":[{"name":"wp","href":"https:\/\/api.w.org\/{rel}","templated":true}]}}