{"id":62218,"date":"2025-01-28T08:10:18","date_gmt":"2025-01-28T07:10:18","guid":{"rendered":"https:\/\/www.immobilienbusiness.ch\/?p=62218"},"modified":"2025-04-10T08:39:11","modified_gmt":"2025-04-10T06:39:11","slug":"chur-baugesuch-fuer-hochhausprojekt","status":"publish","type":"post","link":"https:\/\/www.immobilienbusiness.ch\/fr\/ib\/2025-01-28\/chur-baugesuch-fuer-hochhausprojekt\/","title":{"rendered":"Coire : demande de permis de construire pour un projet de gratte-ciel"},"content":{"rendered":"<div class=\"swpm-post-not-logged-in-msg\">Vous devez \u00eatre connect\u00e9 pour voir ce contenu. Veuillez consulter <a class=\"swpm-login-link\" href=\"https:\/\/www.immobilienbusiness.ch\/fr\/login\/?swpm_redirect_to=https%3A%2F%2Fwww.immobilienbusiness.ch%2Ffr%2Fwp-json%2Fwp%2Fv2%2Fposts%2F62218\">Connexion<\/a>. Vous n'\u00eates pas membre ? <a href=\"https:\/\/www.immobilienbusiness.ch\/fr\/registrieren\/\">Nous Rejoindre<\/a><\/div>","protected":false},"excerpt":{"rendered":"<p>Les plans du troisi\u00e8me immeuble de la zone centrale City West sont \u00e0 la disposition du public. Le projet se heurte \u00e0 des obstacles juridiques qui n'ont pas encore \u00e9t\u00e9 surmont\u00e9s.<\/p>","protected":false},"author":102,"featured_media":62219,"comment_status":"closed","ping_status":"closed","sticky":false,"template":"","format":"standard","meta":{"_acf_changed":false,"_yoast_wpseo_focuskw":"Chur","_yoast_wpseo_title":"","_yoast_wpseo_metadesc":"F\u00fcr das dritte Hochhaus der Zentrumszone City West liegen die Pl\u00e4ne \u00f6ffentlich auf. Das Projekt steht vor rechtlichen H\u00fcrden, die noch nicht \u00fcberwunden sind.","_yoast_wpseo_linkdex":53,"pgc_sgb_lightbox_settings":"","footnotes":""},"categories":[1951,985],"tags":[1132,4086,1308,1492,1600,2204],"class_list":["post-62218","post","type-post","status-publish","format-standard","has-post-thumbnail","hentry","category-ib","category-regionen","tag-chur","tag-domenig-architekten-ag","tag-hochhaus","tag-mietwohnungen","tag-projekt-in-planung","tag-seniorenwohnungen"],"acf":[],"yoast_head":"<!-- This site is optimized with the Yoast SEO plugin v27.5 - https:\/\/yoast.com\/product\/yoast-seo-wordpress\/ -->\n<title>Chur: Baugesuch f\u00fcr Hochhausprojekt - IMMOBILIEN Business<\/title>\n<meta name=\"description\" content=\"F\u00fcr das dritte Hochhaus der Zentrumszone City West liegen die Pl\u00e4ne \u00f6ffentlich auf. Das Projekt steht vor rechtlichen H\u00fcrden, die noch nicht \u00fcberwunden sind.\" \/>\n<meta name=\"robots\" content=\"index, follow, max-snippet:-1, max-image-preview:large, max-video-preview:-1\" \/>\n<link rel=\"canonical\" href=\"https:\/\/www.immobilienbusiness.ch\/fr\/ib\/2025-01-28\/chur-baugesuch-fuer-hochhausprojekt\/\" \/>\n<meta property=\"og:locale\" content=\"fr_FR\" \/>\n<meta property=\"og:type\" content=\"article\" \/>\n<meta property=\"og:title\" content=\"Chur: Baugesuch f\u00fcr Hochhausprojekt - IMMOBILIEN Business\" \/>\n<meta property=\"og:description\" content=\"F\u00fcr das dritte Hochhaus der Zentrumszone City West liegen die Pl\u00e4ne \u00f6ffentlich auf. Das Projekt steht vor rechtlichen H\u00fcrden, die noch nicht \u00fcberwunden sind.\" \/>\n<meta property=\"og:url\" content=\"https:\/\/www.immobilienbusiness.ch\/fr\/ib\/2025-01-28\/chur-baugesuch-fuer-hochhausprojekt\/\" \/>\n<meta property=\"og:site_name\" content=\"IMMOBILIEN Business\" \/>\n<meta property=\"article:publisher\" content=\"https:\/\/www.facebook.com\/immobilienbusiness\/\" \/>\n<meta property=\"article:published_time\" content=\"2025-01-28T07:10:18+00:00\" \/>\n<meta property=\"article:modified_time\" content=\"2025-04-10T06:39:11+00:00\" \/>\n<meta property=\"og:image\" content=\"https:\/\/www.immobilienbusiness.ch\/wp-content\/uploads\/2025\/01\/Chur-Hochhaus-Domenig-Architekten-aus-MM.png\" \/>\n\t<meta property=\"og:image:width\" content=\"720\" \/>\n\t<meta property=\"og:image:height\" content=\"398\" \/>\n\t<meta property=\"og:image:type\" content=\"image\/png\" \/>\n<meta name=\"author\" content=\"Alexander Wachter\" \/>\n<meta name=\"twitter:card\" content=\"summary_large_image\" \/>\n<script type=\"application\/ld+json\" class=\"yoast-schema-graph\">{\"@context\":\"https:\\\/\\\/schema.org\",\"@graph\":[{\"@type\":\"Article\",\"@id\":\"https:\\\/\\\/www.immobilienbusiness.ch\\\/ib\\\/2025-01-28\\\/chur-baugesuch-fuer-hochhausprojekt\\\/#article\",\"isPartOf\":{\"@id\":\"https:\\\/\\\/www.immobilienbusiness.ch\\\/ib\\\/2025-01-28\\\/chur-baugesuch-fuer-hochhausprojekt\\\/\"},\"author\":{\"name\":\"Alexander Wachter\",\"@id\":\"https:\\\/\\\/www.immobilienbusiness.ch\\\/#\\\/schema\\\/person\\\/aba8bea2db926aa0c24c08c43fe1fcd5\"},\"headline\":\"Chur: Baugesuch f\u00fcr Hochhausprojekt\",\"datePublished\":\"2025-01-28T07:10:18+00:00\",\"dateModified\":\"2025-04-10T06:39:11+00:00\",\"mainEntityOfPage\":{\"@id\":\"https:\\\/\\\/www.immobilienbusiness.ch\\\/ib\\\/2025-01-28\\\/chur-baugesuch-fuer-hochhausprojekt\\\/\"},\"wordCount\":176,\"publisher\":{\"@id\":\"https:\\\/\\\/www.immobilienbusiness.ch\\\/#organization\"},\"image\":{\"@id\":\"https:\\\/\\\/www.immobilienbusiness.ch\\\/ib\\\/2025-01-28\\\/chur-baugesuch-fuer-hochhausprojekt\\\/#primaryimage\"},\"thumbnailUrl\":\"https:\\\/\\\/www.immobilienbusiness.ch\\\/wp-content\\\/uploads\\\/2025\\\/01\\\/Chur-Hochhaus-Domenig-Architekten-aus-MM.png\",\"keywords\":[\"Chur\",\"Domenig Architekten AG\",\"Hochhaus\",\"Mietwohnungen\",\"Projekt in Planung\",\"Seniorenwohnungen\"],\"articleSection\":[\"IB+\",\"REGIONEN\"],\"inLanguage\":\"fr-FR\"},{\"@type\":\"WebPage\",\"@id\":\"https:\\\/\\\/www.immobilienbusiness.ch\\\/ib\\\/2025-01-28\\\/chur-baugesuch-fuer-hochhausprojekt\\\/\",\"url\":\"https:\\\/\\\/www.immobilienbusiness.ch\\\/ib\\\/2025-01-28\\\/chur-baugesuch-fuer-hochhausprojekt\\\/\",\"name\":\"Chur: Baugesuch f\u00fcr Hochhausprojekt - IMMOBILIEN Business\",\"isPartOf\":{\"@id\":\"https:\\\/\\\/www.immobilienbusiness.ch\\\/#website\"},\"primaryImageOfPage\":{\"@id\":\"https:\\\/\\\/www.immobilienbusiness.ch\\\/ib\\\/2025-01-28\\\/chur-baugesuch-fuer-hochhausprojekt\\\/#primaryimage\"},\"image\":{\"@id\":\"https:\\\/\\\/www.immobilienbusiness.ch\\\/ib\\\/2025-01-28\\\/chur-baugesuch-fuer-hochhausprojekt\\\/#primaryimage\"},\"thumbnailUrl\":\"https:\\\/\\\/www.immobilienbusiness.ch\\\/wp-content\\\/uploads\\\/2025\\\/01\\\/Chur-Hochhaus-Domenig-Architekten-aus-MM.png\",\"datePublished\":\"2025-01-28T07:10:18+00:00\",\"dateModified\":\"2025-04-10T06:39:11+00:00\",\"description\":\"F\u00fcr das dritte Hochhaus der Zentrumszone City West liegen die Pl\u00e4ne \u00f6ffentlich auf. Das Projekt steht vor rechtlichen H\u00fcrden, die noch nicht \u00fcberwunden sind.\",\"breadcrumb\":{\"@id\":\"https:\\\/\\\/www.immobilienbusiness.ch\\\/ib\\\/2025-01-28\\\/chur-baugesuch-fuer-hochhausprojekt\\\/#breadcrumb\"},\"inLanguage\":\"fr-FR\",\"potentialAction\":[{\"@type\":\"ReadAction\",\"target\":[\"https:\\\/\\\/www.immobilienbusiness.ch\\\/ib\\\/2025-01-28\\\/chur-baugesuch-fuer-hochhausprojekt\\\/\"]}]},{\"@type\":\"ImageObject\",\"inLanguage\":\"fr-FR\",\"@id\":\"https:\\\/\\\/www.immobilienbusiness.ch\\\/ib\\\/2025-01-28\\\/chur-baugesuch-fuer-hochhausprojekt\\\/#primaryimage\",\"url\":\"https:\\\/\\\/www.immobilienbusiness.ch\\\/wp-content\\\/uploads\\\/2025\\\/01\\\/Chur-Hochhaus-Domenig-Architekten-aus-MM.png\",\"contentUrl\":\"https:\\\/\\\/www.immobilienbusiness.ch\\\/wp-content\\\/uploads\\\/2025\\\/01\\\/Chur-Hochhaus-Domenig-Architekten-aus-MM.png\",\"width\":720,\"height\":398,\"caption\":\"So soll das Hochhaus in Chur aussehen (Visualisierung: \u00a9 Domenig Architekten AG)\"},{\"@type\":\"BreadcrumbList\",\"@id\":\"https:\\\/\\\/www.immobilienbusiness.ch\\\/ib\\\/2025-01-28\\\/chur-baugesuch-fuer-hochhausprojekt\\\/#breadcrumb\",\"itemListElement\":[{\"@type\":\"ListItem\",\"position\":1,\"name\":\"Home\",\"item\":\"https:\\\/\\\/www.immobilienbusiness.ch\\\/\"},{\"@type\":\"ListItem\",\"position\":2,\"name\":\"Chur: Baugesuch f\u00fcr Hochhausprojekt\"}]},{\"@type\":\"WebSite\",\"@id\":\"https:\\\/\\\/www.immobilienbusiness.ch\\\/#website\",\"url\":\"https:\\\/\\\/www.immobilienbusiness.ch\\\/\",\"name\":\"IMMOBILIEN Business\",\"description\":\"Unabh\u00e4ngiges Schweizer Wirtschaftsmagazin mit Fokus auf Immobilien, Architektur- und Bau sowie Investment- und Finanzierung.\",\"publisher\":{\"@id\":\"https:\\\/\\\/www.immobilienbusiness.ch\\\/#organization\"},\"potentialAction\":[{\"@type\":\"SearchAction\",\"target\":{\"@type\":\"EntryPoint\",\"urlTemplate\":\"https:\\\/\\\/www.immobilienbusiness.ch\\\/?s={search_term_string}\"},\"query-input\":{\"@type\":\"PropertyValueSpecification\",\"valueRequired\":true,\"valueName\":\"search_term_string\"}}],\"inLanguage\":\"fr-FR\"},{\"@type\":\"Organization\",\"@id\":\"https:\\\/\\\/www.immobilienbusiness.ch\\\/#organization\",\"name\":\"IMMOBILIEN Business\",\"url\":\"https:\\\/\\\/www.immobilienbusiness.ch\\\/\",\"logo\":{\"@type\":\"ImageObject\",\"inLanguage\":\"fr-FR\",\"@id\":\"https:\\\/\\\/www.immobilienbusiness.ch\\\/#\\\/schema\\\/logo\\\/image\\\/\",\"url\":\"https:\\\/\\\/www.immobilienbusiness.ch\\\/wp-content\\\/uploads\\\/2021\\\/07\\\/logo_ib.png\",\"contentUrl\":\"https:\\\/\\\/www.immobilienbusiness.ch\\\/wp-content\\\/uploads\\\/2021\\\/07\\\/logo_ib.png\",\"width\":800,\"height\":181,\"caption\":\"IMMOBILIEN Business\"},\"image\":{\"@id\":\"https:\\\/\\\/www.immobilienbusiness.ch\\\/#\\\/schema\\\/logo\\\/image\\\/\"},\"sameAs\":[\"https:\\\/\\\/www.facebook.com\\\/immobilienbusiness\\\/\"]},{\"@type\":\"Person\",\"@id\":\"https:\\\/\\\/www.immobilienbusiness.ch\\\/#\\\/schema\\\/person\\\/aba8bea2db926aa0c24c08c43fe1fcd5\",\"name\":\"Alexander Wachter\",\"image\":{\"@type\":\"ImageObject\",\"inLanguage\":\"fr-FR\",\"@id\":\"https:\\\/\\\/secure.gravatar.com\\\/avatar\\\/1a09e471f5389b0e0a6416eac287e0927c7c97a7b77f9e787eba3af7aee281dd?s=96&d=mm&r=g\",\"url\":\"https:\\\/\\\/secure.gravatar.com\\\/avatar\\\/1a09e471f5389b0e0a6416eac287e0927c7c97a7b77f9e787eba3af7aee281dd?s=96&d=mm&r=g\",\"contentUrl\":\"https:\\\/\\\/secure.gravatar.com\\\/avatar\\\/1a09e471f5389b0e0a6416eac287e0927c7c97a7b77f9e787eba3af7aee281dd?s=96&d=mm&r=g\",\"caption\":\"Alexander Wachter\"},\"url\":\"https:\\\/\\\/www.immobilienbusiness.ch\\\/fr\\\/author\\\/alexander-wachter\\\/\"}]}<\/script>\n<!-- \/ Yoast SEO plugin. -->","yoast_head_json":{"title":"Chur: Baugesuch f\u00fcr Hochhausprojekt - IMMOBILIEN Business","description":"Les plans du troisi\u00e8me immeuble de la zone centrale City West sont \u00e0 la disposition du public. Le projet se heurte \u00e0 des obstacles juridiques qui n'ont pas encore \u00e9t\u00e9 surmont\u00e9s.","robots":{"index":"index","follow":"follow","max-snippet":"max-snippet:-1","max-image-preview":"max-image-preview:large","max-video-preview":"max-video-preview:-1"},"canonical":"https:\/\/www.immobilienbusiness.ch\/fr\/ib\/2025-01-28\/chur-baugesuch-fuer-hochhausprojekt\/","og_locale":"fr_FR","og_type":"article","og_title":"Chur: Baugesuch f\u00fcr Hochhausprojekt - IMMOBILIEN Business","og_description":"F\u00fcr das dritte Hochhaus der Zentrumszone City West liegen die Pl\u00e4ne \u00f6ffentlich auf. Das Projekt steht vor rechtlichen H\u00fcrden, die noch nicht \u00fcberwunden sind.","og_url":"https:\/\/www.immobilienbusiness.ch\/fr\/ib\/2025-01-28\/chur-baugesuch-fuer-hochhausprojekt\/","og_site_name":"IMMOBILIEN Business","article_publisher":"https:\/\/www.facebook.com\/immobilienbusiness\/","article_published_time":"2025-01-28T07:10:18+00:00","article_modified_time":"2025-04-10T06:39:11+00:00","og_image":[{"width":720,"height":398,"url":"https:\/\/www.immobilienbusiness.ch\/wp-content\/uploads\/2025\/01\/Chur-Hochhaus-Domenig-Architekten-aus-MM.png","type":"image\/png"}],"author":"Alexander Wachter","twitter_card":"summary_large_image","schema":{"@context":"https:\/\/schema.org","@graph":[{"@type":"Article","@id":"https:\/\/www.immobilienbusiness.ch\/ib\/2025-01-28\/chur-baugesuch-fuer-hochhausprojekt\/#article","isPartOf":{"@id":"https:\/\/www.immobilienbusiness.ch\/ib\/2025-01-28\/chur-baugesuch-fuer-hochhausprojekt\/"},"author":{"name":"Alexander Wachter","@id":"https:\/\/www.immobilienbusiness.ch\/#\/schema\/person\/aba8bea2db926aa0c24c08c43fe1fcd5"},"headline":"Chur: Baugesuch f\u00fcr Hochhausprojekt","datePublished":"2025-01-28T07:10:18+00:00","dateModified":"2025-04-10T06:39:11+00:00","mainEntityOfPage":{"@id":"https:\/\/www.immobilienbusiness.ch\/ib\/2025-01-28\/chur-baugesuch-fuer-hochhausprojekt\/"},"wordCount":176,"publisher":{"@id":"https:\/\/www.immobilienbusiness.ch\/#organization"},"image":{"@id":"https:\/\/www.immobilienbusiness.ch\/ib\/2025-01-28\/chur-baugesuch-fuer-hochhausprojekt\/#primaryimage"},"thumbnailUrl":"https:\/\/www.immobilienbusiness.ch\/wp-content\/uploads\/2025\/01\/Chur-Hochhaus-Domenig-Architekten-aus-MM.png","keywords":["Chur","Domenig Architekten AG","Hochhaus","Mietwohnungen","Projekt in Planung","Seniorenwohnungen"],"articleSection":["IB+","REGIONEN"],"inLanguage":"fr-FR"},{"@type":"WebPage","@id":"https:\/\/www.immobilienbusiness.ch\/ib\/2025-01-28\/chur-baugesuch-fuer-hochhausprojekt\/","url":"https:\/\/www.immobilienbusiness.ch\/ib\/2025-01-28\/chur-baugesuch-fuer-hochhausprojekt\/","name":"Chur: Baugesuch f\u00fcr Hochhausprojekt - IMMOBILIEN Business","isPartOf":{"@id":"https:\/\/www.immobilienbusiness.ch\/#website"},"primaryImageOfPage":{"@id":"https:\/\/www.immobilienbusiness.ch\/ib\/2025-01-28\/chur-baugesuch-fuer-hochhausprojekt\/#primaryimage"},"image":{"@id":"https:\/\/www.immobilienbusiness.ch\/ib\/2025-01-28\/chur-baugesuch-fuer-hochhausprojekt\/#primaryimage"},"thumbnailUrl":"https:\/\/www.immobilienbusiness.ch\/wp-content\/uploads\/2025\/01\/Chur-Hochhaus-Domenig-Architekten-aus-MM.png","datePublished":"2025-01-28T07:10:18+00:00","dateModified":"2025-04-10T06:39:11+00:00","description":"Les plans du troisi\u00e8me immeuble de la zone centrale City West sont \u00e0 la disposition du public. Le projet se heurte \u00e0 des obstacles juridiques qui n'ont pas encore \u00e9t\u00e9 surmont\u00e9s.","breadcrumb":{"@id":"https:\/\/www.immobilienbusiness.ch\/ib\/2025-01-28\/chur-baugesuch-fuer-hochhausprojekt\/#breadcrumb"},"inLanguage":"fr-FR","potentialAction":[{"@type":"ReadAction","target":["https:\/\/www.immobilienbusiness.ch\/ib\/2025-01-28\/chur-baugesuch-fuer-hochhausprojekt\/"]}]},{"@type":"ImageObject","inLanguage":"fr-FR","@id":"https:\/\/www.immobilienbusiness.ch\/ib\/2025-01-28\/chur-baugesuch-fuer-hochhausprojekt\/#primaryimage","url":"https:\/\/www.immobilienbusiness.ch\/wp-content\/uploads\/2025\/01\/Chur-Hochhaus-Domenig-Architekten-aus-MM.png","contentUrl":"https:\/\/www.immobilienbusiness.ch\/wp-content\/uploads\/2025\/01\/Chur-Hochhaus-Domenig-Architekten-aus-MM.png","width":720,"height":398,"caption":"So soll das Hochhaus in Chur aussehen (Visualisierung: \u00a9 Domenig Architekten AG)"},{"@type":"BreadcrumbList","@id":"https:\/\/www.immobilienbusiness.ch\/ib\/2025-01-28\/chur-baugesuch-fuer-hochhausprojekt\/#breadcrumb","itemListElement":[{"@type":"ListItem","position":1,"name":"Home","item":"https:\/\/www.immobilienbusiness.ch\/"},{"@type":"ListItem","position":2,"name":"Chur: Baugesuch f\u00fcr Hochhausprojekt"}]},{"@type":"WebSite","@id":"https:\/\/www.immobilienbusiness.ch\/#website","url":"https:\/\/www.immobilienbusiness.ch\/","name":"IMMOBILIER Business","description":"Magazine \u00e9conomique suisse ind\u00e9pendant ax\u00e9 sur l'immobilier, l'architecture et la construction ainsi que sur les investissements et le financement.","publisher":{"@id":"https:\/\/www.immobilienbusiness.ch\/#organization"},"potentialAction":[{"@type":"SearchAction","target":{"@type":"EntryPoint","urlTemplate":"https:\/\/www.immobilienbusiness.ch\/?s={search_term_string}"},"query-input":{"@type":"PropertyValueSpecification","valueRequired":true,"valueName":"search_term_string"}}],"inLanguage":"fr-FR"},{"@type":"Organization","@id":"https:\/\/www.immobilienbusiness.ch\/#organization","name":"IMMOBILIER Business","url":"https:\/\/www.immobilienbusiness.ch\/","logo":{"@type":"ImageObject","inLanguage":"fr-FR","@id":"https:\/\/www.immobilienbusiness.ch\/#\/schema\/logo\/image\/","url":"https:\/\/www.immobilienbusiness.ch\/wp-content\/uploads\/2021\/07\/logo_ib.png","contentUrl":"https:\/\/www.immobilienbusiness.ch\/wp-content\/uploads\/2021\/07\/logo_ib.png","width":800,"height":181,"caption":"IMMOBILIEN Business"},"image":{"@id":"https:\/\/www.immobilienbusiness.ch\/#\/schema\/logo\/image\/"},"sameAs":["https:\/\/www.facebook.com\/immobilienbusiness\/"]},{"@type":"Person","@id":"https:\/\/www.immobilienbusiness.ch\/#\/schema\/person\/aba8bea2db926aa0c24c08c43fe1fcd5","name":"Alexander Wachter","image":{"@type":"ImageObject","inLanguage":"fr-FR","@id":"https:\/\/secure.gravatar.com\/avatar\/1a09e471f5389b0e0a6416eac287e0927c7c97a7b77f9e787eba3af7aee281dd?s=96&d=mm&r=g","url":"https:\/\/secure.gravatar.com\/avatar\/1a09e471f5389b0e0a6416eac287e0927c7c97a7b77f9e787eba3af7aee281dd?s=96&d=mm&r=g","contentUrl":"https:\/\/secure.gravatar.com\/avatar\/1a09e471f5389b0e0a6416eac287e0927c7c97a7b77f9e787eba3af7aee281dd?s=96&d=mm&r=g","caption":"Alexander Wachter"},"url":"https:\/\/www.immobilienbusiness.ch\/fr\/author\/alexander-wachter\/"}]}},"_links":{"self":[{"href":"https:\/\/www.immobilienbusiness.ch\/fr\/wp-json\/wp\/v2\/posts\/62218","targetHints":{"allow":["GET"]}}],"collection":[{"href":"https:\/\/www.immobilienbusiness.ch\/fr\/wp-json\/wp\/v2\/posts"}],"about":[{"href":"https:\/\/www.immobilienbusiness.ch\/fr\/wp-json\/wp\/v2\/types\/post"}],"author":[{"embeddable":true,"href":"https:\/\/www.immobilienbusiness.ch\/fr\/wp-json\/wp\/v2\/users\/102"}],"replies":[{"embeddable":true,"href":"https:\/\/www.immobilienbusiness.ch\/fr\/wp-json\/wp\/v2\/comments?post=62218"}],"version-history":[{"count":4,"href":"https:\/\/www.immobilienbusiness.ch\/fr\/wp-json\/wp\/v2\/posts\/62218\/revisions"}],"predecessor-version":[{"id":63093,"href":"https:\/\/www.immobilienbusiness.ch\/fr\/wp-json\/wp\/v2\/posts\/62218\/revisions\/63093"}],"wp:featuredmedia":[{"embeddable":true,"href":"https:\/\/www.immobilienbusiness.ch\/fr\/wp-json\/wp\/v2\/media\/62219"}],"wp:attachment":[{"href":"https:\/\/www.immobilienbusiness.ch\/fr\/wp-json\/wp\/v2\/media?parent=62218"}],"wp:term":[{"taxonomy":"category","embeddable":true,"href":"https:\/\/www.immobilienbusiness.ch\/fr\/wp-json\/wp\/v2\/categories?post=62218"},{"taxonomy":"post_tag","embeddable":true,"href":"https:\/\/www.immobilienbusiness.ch\/fr\/wp-json\/wp\/v2\/tags?post=62218"}],"curies":[{"name":"wp","href":"https:\/\/api.w.org\/{rel}","templated":true}]}}