{"id":62081,"date":"2025-01-16T09:16:15","date_gmt":"2025-01-16T08:16:15","guid":{"rendered":"https:\/\/www.immobilienbusiness.ch\/?p=62081"},"modified":"2025-01-16T09:56:49","modified_gmt":"2025-01-16T08:56:49","slug":"realstone-ast-kauft-weiter-zu","status":"publish","type":"post","link":"https:\/\/www.immobilienbusiness.ch\/fr\/unternehmen\/2025-01-16\/realstone-ast-kauft-weiter-zu\/","title":{"rendered":"Realstone AST poursuit ses achats"},"content":{"rendered":"<figure id=\"attachment_62082\" aria-describedby=\"caption-attachment-62082\" style=\"width: 768px\" class=\"wp-caption alignnone\"><a href=\"https:\/\/www.immobilienbusiness.ch\/wp-content\/uploads\/2025\/01\/Lausanne-Realstone-AST-Lausanne-VD-\u2013-Chemin-du-Frene-7.png\"><img loading=\"lazy\" decoding=\"async\" class=\"size-large wp-image-62082\" src=\"https:\/\/www.immobilienbusiness.ch\/wp-content\/uploads\/2025\/01\/Lausanne-Realstone-AST-Lausanne-VD-\u2013-Chemin-du-Frene-7-1024x684.png\" alt=\"\" width=\"768\" height=\"513\" srcset=\"https:\/\/www.immobilienbusiness.ch\/wp-content\/uploads\/2025\/01\/Lausanne-Realstone-AST-Lausanne-VD-\u2013-Chemin-du-Frene-7-1024x684.png 1024w, https:\/\/www.immobilienbusiness.ch\/wp-content\/uploads\/2025\/01\/Lausanne-Realstone-AST-Lausanne-VD-\u2013-Chemin-du-Frene-7-300x200.png 300w, https:\/\/www.immobilienbusiness.ch\/wp-content\/uploads\/2025\/01\/Lausanne-Realstone-AST-Lausanne-VD-\u2013-Chemin-du-Frene-7-768x513.png 768w, https:\/\/www.immobilienbusiness.ch\/wp-content\/uploads\/2025\/01\/Lausanne-Realstone-AST-Lausanne-VD-\u2013-Chemin-du-Frene-7-18x12.png 18w, https:\/\/www.immobilienbusiness.ch\/wp-content\/uploads\/2025\/01\/Lausanne-Realstone-AST-Lausanne-VD-\u2013-Chemin-du-Frene-7-375x250.png 375w, https:\/\/www.immobilienbusiness.ch\/wp-content\/uploads\/2025\/01\/Lausanne-Realstone-AST-Lausanne-VD-\u2013-Chemin-du-Frene-7-524x350.png 524w, https:\/\/www.immobilienbusiness.ch\/wp-content\/uploads\/2025\/01\/Lausanne-Realstone-AST-Lausanne-VD-\u2013-Chemin-du-Frene-7-1000x668.png 1000w, https:\/\/www.immobilienbusiness.ch\/wp-content\/uploads\/2025\/01\/Lausanne-Realstone-AST-Lausanne-VD-\u2013-Chemin-du-Frene-7.png 1060w\" sizes=\"auto, (max-width: 768px) 100vw, 768px\" \/><\/a><figcaption id=\"caption-attachment-62082\" class=\"wp-caption-text\">Lausanne (VD) - Chemin du Fr\u00eane 7 (photo : \u00a9 Realstone AST)<\/figcaption><\/figure>\n<p>La fondation de placement Realstone ach\u00e8te cinq immeubles pour son groupe de placement Realstone Immobilier r\u00e9sidentiel Suisse (RIRS) gr\u00e2ce au capital lev\u00e9 durant l'exercice 2024. Les objets acquis pour un montant total de 57,40 millions de CHF \u00e0 Gen\u00e8ve (GE), Lausanne (VD), Versoix (GE), Ecublens (VD) et Schaffhouse (SH) comprennent 141 unit\u00e9s d'habitation. Avec un rendement brut moyen sur le prix d'acquisition de 4,26%, des revenus locatifs suppl\u00e9mentaires de 2,43 millions de CHF sont g\u00e9n\u00e9r\u00e9s pour le groupe de placement. Realstone indique que la r\u00e9serve moyenne de loyer est de 36%. Celle-ci serait r\u00e9alis\u00e9e progressivement gr\u00e2ce aux r\u00e9novations effectu\u00e9es lors des changements de locataires. \"Avec un rendement moyen des fonds propres (ROE) de 3,02%, ces immeubles contribueront directement et positivement au r\u00e9sultat financier du groupe de placement RIRS\", est-il pr\u00e9cis\u00e9.<\/p>\n<p>Le portefeuille se compose d\u00e9sormais de 30 immeubles d'une valeur de 360 millions de CHF, avec un revenu locatif de 14,55 millions de CHF. Realstone annonce la prochaine p\u00e9riode de souscription pour mars 2025. Le volume cible est de 60 millions de CHF. <em>(aw)<\/em><\/p>","protected":false},"excerpt":{"rendered":"<p>Le groupe de placement Realstone Immobilier r\u00e9sidentiel Suisse annonce une nouvelle croissance : au quatri\u00e8me trimestre 2024, cinq immeubles ont \u00e9t\u00e9 ajout\u00e9s pour pr\u00e8s de 60 millions. La prochaine p\u00e9riode de souscription d\u00e9bute en mars.<\/p>","protected":false},"author":102,"featured_media":62082,"comment_status":"closed","ping_status":"closed","sticky":false,"template":"","format":"standard","meta":{"_acf_changed":false,"_yoast_wpseo_focuskw":"Realstone","_yoast_wpseo_title":"","_yoast_wpseo_metadesc":"Die Anlagegruppe Realstone Wohnimmobilien Schweiz meldet weiteren Zuwachs: Im vierten Quartal 2024 kamen f\u00fcnf Immobilien f\u00fcr knapp 60 Millionen dazu. Die n\u00e4chste Zeichnungsperiode beginnt im M\u00e4rz.","_yoast_wpseo_linkdex":44,"pgc_sgb_lightbox_settings":"","footnotes":""},"categories":[988],"tags":[1030,2992,1260,1414,1438,1492,1620,1668,3838],"class_list":["post-62081","post","type-post","status-publish","format-standard","has-post-thumbnail","hentry","category-unternehmen","tag-anlagestiftung","tag-ecublens","tag-genf","tag-kauf","tag-lausanne","tag-mietwohnungen","tag-realstone","tag-schaffhausen","tag-versoix"],"acf":[],"yoast_head":"<!-- This site is optimized with the Yoast SEO plugin v27.4 - https:\/\/yoast.com\/product\/yoast-seo-wordpress\/ -->\n<title>Realstone AST kauft weiter zu - IMMOBILIEN Business<\/title>\n<meta name=\"description\" content=\"Die Anlagegruppe Realstone Wohnimmobilien Schweiz meldet weiteren Zuwachs: Im vierten Quartal 2024 kamen f\u00fcnf Immobilien f\u00fcr knapp 60 Millionen dazu. Die n\u00e4chste Zeichnungsperiode beginnt im M\u00e4rz.\" \/>\n<meta name=\"robots\" content=\"index, follow, max-snippet:-1, max-image-preview:large, max-video-preview:-1\" \/>\n<link rel=\"canonical\" href=\"https:\/\/www.immobilienbusiness.ch\/fr\/unternehmen\/2025-01-16\/realstone-ast-kauft-weiter-zu\/\" \/>\n<meta property=\"og:locale\" content=\"fr_FR\" \/>\n<meta property=\"og:type\" content=\"article\" \/>\n<meta property=\"og:title\" content=\"Realstone AST kauft weiter zu - IMMOBILIEN Business\" \/>\n<meta property=\"og:description\" content=\"Die Anlagegruppe Realstone Wohnimmobilien Schweiz meldet weiteren Zuwachs: Im vierten Quartal 2024 kamen f\u00fcnf Immobilien f\u00fcr knapp 60 Millionen dazu. Die n\u00e4chste Zeichnungsperiode beginnt im M\u00e4rz.\" \/>\n<meta property=\"og:url\" content=\"https:\/\/www.immobilienbusiness.ch\/fr\/unternehmen\/2025-01-16\/realstone-ast-kauft-weiter-zu\/\" \/>\n<meta property=\"og:site_name\" content=\"IMMOBILIEN Business\" \/>\n<meta property=\"article:publisher\" content=\"https:\/\/www.facebook.com\/immobilienbusiness\/\" \/>\n<meta property=\"article:published_time\" content=\"2025-01-16T08:16:15+00:00\" \/>\n<meta property=\"article:modified_time\" content=\"2025-01-16T08:56:49+00:00\" \/>\n<meta property=\"og:image\" content=\"https:\/\/www.immobilienbusiness.ch\/wp-content\/uploads\/2025\/01\/Lausanne-Realstone-AST-Lausanne-VD-\u2013-Chemin-du-Frene-7.png\" \/>\n\t<meta property=\"og:image:width\" content=\"1060\" \/>\n\t<meta property=\"og:image:height\" content=\"708\" \/>\n\t<meta property=\"og:image:type\" content=\"image\/png\" \/>\n<meta name=\"author\" content=\"Alexander Wachter\" \/>\n<meta name=\"twitter:card\" content=\"summary_large_image\" \/>\n<script type=\"application\/ld+json\" class=\"yoast-schema-graph\">{\"@context\":\"https:\\\/\\\/schema.org\",\"@graph\":[{\"@type\":\"Article\",\"@id\":\"https:\\\/\\\/www.immobilienbusiness.ch\\\/en\\\/unternehmen\\\/2025-01-16\\\/realstone-ast-kauft-weiter-zu\\\/#article\",\"isPartOf\":{\"@id\":\"https:\\\/\\\/www.immobilienbusiness.ch\\\/en\\\/unternehmen\\\/2025-01-16\\\/realstone-ast-kauft-weiter-zu\\\/\"},\"author\":{\"name\":\"Alexander Wachter\",\"@id\":\"https:\\\/\\\/www.immobilienbusiness.ch\\\/#\\\/schema\\\/person\\\/aba8bea2db926aa0c24c08c43fe1fcd5\"},\"headline\":\"Realstone AST kauft weiter zu\",\"datePublished\":\"2025-01-16T08:16:15+00:00\",\"dateModified\":\"2025-01-16T08:56:49+00:00\",\"mainEntityOfPage\":{\"@id\":\"https:\\\/\\\/www.immobilienbusiness.ch\\\/en\\\/unternehmen\\\/2025-01-16\\\/realstone-ast-kauft-weiter-zu\\\/\"},\"wordCount\":157,\"publisher\":{\"@id\":\"https:\\\/\\\/www.immobilienbusiness.ch\\\/#organization\"},\"image\":{\"@id\":\"https:\\\/\\\/www.immobilienbusiness.ch\\\/en\\\/unternehmen\\\/2025-01-16\\\/realstone-ast-kauft-weiter-zu\\\/#primaryimage\"},\"thumbnailUrl\":\"https:\\\/\\\/www.immobilienbusiness.ch\\\/wp-content\\\/uploads\\\/2025\\\/01\\\/Lausanne-Realstone-AST-Lausanne-VD-\u2013-Chemin-du-Frene-7.png\",\"keywords\":[\"Anlagestiftung\",\"Ecublens\",\"Genf\",\"Kauf\",\"Lausanne\",\"Mietwohnungen\",\"Realstone\",\"Schaffhausen\",\"Versoix\"],\"articleSection\":[\"UNTERNEHMEN\"],\"inLanguage\":\"fr-FR\"},{\"@type\":\"WebPage\",\"@id\":\"https:\\\/\\\/www.immobilienbusiness.ch\\\/en\\\/unternehmen\\\/2025-01-16\\\/realstone-ast-kauft-weiter-zu\\\/\",\"url\":\"https:\\\/\\\/www.immobilienbusiness.ch\\\/en\\\/unternehmen\\\/2025-01-16\\\/realstone-ast-kauft-weiter-zu\\\/\",\"name\":\"Realstone AST kauft weiter zu - IMMOBILIEN Business\",\"isPartOf\":{\"@id\":\"https:\\\/\\\/www.immobilienbusiness.ch\\\/#website\"},\"primaryImageOfPage\":{\"@id\":\"https:\\\/\\\/www.immobilienbusiness.ch\\\/en\\\/unternehmen\\\/2025-01-16\\\/realstone-ast-kauft-weiter-zu\\\/#primaryimage\"},\"image\":{\"@id\":\"https:\\\/\\\/www.immobilienbusiness.ch\\\/en\\\/unternehmen\\\/2025-01-16\\\/realstone-ast-kauft-weiter-zu\\\/#primaryimage\"},\"thumbnailUrl\":\"https:\\\/\\\/www.immobilienbusiness.ch\\\/wp-content\\\/uploads\\\/2025\\\/01\\\/Lausanne-Realstone-AST-Lausanne-VD-\u2013-Chemin-du-Frene-7.png\",\"datePublished\":\"2025-01-16T08:16:15+00:00\",\"dateModified\":\"2025-01-16T08:56:49+00:00\",\"description\":\"Die Anlagegruppe Realstone Wohnimmobilien Schweiz meldet weiteren Zuwachs: Im vierten Quartal 2024 kamen f\u00fcnf Immobilien f\u00fcr knapp 60 Millionen dazu. Die n\u00e4chste Zeichnungsperiode beginnt im M\u00e4rz.\",\"breadcrumb\":{\"@id\":\"https:\\\/\\\/www.immobilienbusiness.ch\\\/en\\\/unternehmen\\\/2025-01-16\\\/realstone-ast-kauft-weiter-zu\\\/#breadcrumb\"},\"inLanguage\":\"fr-FR\",\"potentialAction\":[{\"@type\":\"ReadAction\",\"target\":[\"https:\\\/\\\/www.immobilienbusiness.ch\\\/en\\\/unternehmen\\\/2025-01-16\\\/realstone-ast-kauft-weiter-zu\\\/\"]}]},{\"@type\":\"ImageObject\",\"inLanguage\":\"fr-FR\",\"@id\":\"https:\\\/\\\/www.immobilienbusiness.ch\\\/en\\\/unternehmen\\\/2025-01-16\\\/realstone-ast-kauft-weiter-zu\\\/#primaryimage\",\"url\":\"https:\\\/\\\/www.immobilienbusiness.ch\\\/wp-content\\\/uploads\\\/2025\\\/01\\\/Lausanne-Realstone-AST-Lausanne-VD-\u2013-Chemin-du-Frene-7.png\",\"contentUrl\":\"https:\\\/\\\/www.immobilienbusiness.ch\\\/wp-content\\\/uploads\\\/2025\\\/01\\\/Lausanne-Realstone-AST-Lausanne-VD-\u2013-Chemin-du-Frene-7.png\",\"width\":1060,\"height\":708,\"caption\":\"Lausanne (VD) \u2013 Chemin du Fr\u00eane 7 (Bild: \u00a9 Realstone AST)\"},{\"@type\":\"BreadcrumbList\",\"@id\":\"https:\\\/\\\/www.immobilienbusiness.ch\\\/en\\\/unternehmen\\\/2025-01-16\\\/realstone-ast-kauft-weiter-zu\\\/#breadcrumb\",\"itemListElement\":[{\"@type\":\"ListItem\",\"position\":1,\"name\":\"Home\",\"item\":\"https:\\\/\\\/www.immobilienbusiness.ch\\\/\"},{\"@type\":\"ListItem\",\"position\":2,\"name\":\"Realstone AST kauft weiter zu\"}]},{\"@type\":\"WebSite\",\"@id\":\"https:\\\/\\\/www.immobilienbusiness.ch\\\/#website\",\"url\":\"https:\\\/\\\/www.immobilienbusiness.ch\\\/\",\"name\":\"IMMOBILIEN Business\",\"description\":\"Unabh\u00e4ngiges Schweizer Wirtschaftsmagazin mit Fokus auf Immobilien, Architektur- und Bau sowie Investment- und Finanzierung.\",\"publisher\":{\"@id\":\"https:\\\/\\\/www.immobilienbusiness.ch\\\/#organization\"},\"potentialAction\":[{\"@type\":\"SearchAction\",\"target\":{\"@type\":\"EntryPoint\",\"urlTemplate\":\"https:\\\/\\\/www.immobilienbusiness.ch\\\/?s={search_term_string}\"},\"query-input\":{\"@type\":\"PropertyValueSpecification\",\"valueRequired\":true,\"valueName\":\"search_term_string\"}}],\"inLanguage\":\"fr-FR\"},{\"@type\":\"Organization\",\"@id\":\"https:\\\/\\\/www.immobilienbusiness.ch\\\/#organization\",\"name\":\"IMMOBILIEN Business\",\"url\":\"https:\\\/\\\/www.immobilienbusiness.ch\\\/\",\"logo\":{\"@type\":\"ImageObject\",\"inLanguage\":\"fr-FR\",\"@id\":\"https:\\\/\\\/www.immobilienbusiness.ch\\\/#\\\/schema\\\/logo\\\/image\\\/\",\"url\":\"https:\\\/\\\/www.immobilienbusiness.ch\\\/wp-content\\\/uploads\\\/2021\\\/07\\\/logo_ib.png\",\"contentUrl\":\"https:\\\/\\\/www.immobilienbusiness.ch\\\/wp-content\\\/uploads\\\/2021\\\/07\\\/logo_ib.png\",\"width\":800,\"height\":181,\"caption\":\"IMMOBILIEN Business\"},\"image\":{\"@id\":\"https:\\\/\\\/www.immobilienbusiness.ch\\\/#\\\/schema\\\/logo\\\/image\\\/\"},\"sameAs\":[\"https:\\\/\\\/www.facebook.com\\\/immobilienbusiness\\\/\"]},{\"@type\":\"Person\",\"@id\":\"https:\\\/\\\/www.immobilienbusiness.ch\\\/#\\\/schema\\\/person\\\/aba8bea2db926aa0c24c08c43fe1fcd5\",\"name\":\"Alexander Wachter\",\"image\":{\"@type\":\"ImageObject\",\"inLanguage\":\"fr-FR\",\"@id\":\"https:\\\/\\\/secure.gravatar.com\\\/avatar\\\/1a09e471f5389b0e0a6416eac287e0927c7c97a7b77f9e787eba3af7aee281dd?s=96&d=mm&r=g\",\"url\":\"https:\\\/\\\/secure.gravatar.com\\\/avatar\\\/1a09e471f5389b0e0a6416eac287e0927c7c97a7b77f9e787eba3af7aee281dd?s=96&d=mm&r=g\",\"contentUrl\":\"https:\\\/\\\/secure.gravatar.com\\\/avatar\\\/1a09e471f5389b0e0a6416eac287e0927c7c97a7b77f9e787eba3af7aee281dd?s=96&d=mm&r=g\",\"caption\":\"Alexander Wachter\"},\"url\":\"https:\\\/\\\/www.immobilienbusiness.ch\\\/fr\\\/author\\\/alexander-wachter\\\/\"}]}<\/script>\n<!-- \/ Yoast SEO plugin. -->","yoast_head_json":{"title":"Realstone AST kauft weiter zu - IMMOBILIEN Business","description":"Le groupe de placement Realstone Immobilier r\u00e9sidentiel Suisse annonce une nouvelle croissance : au quatri\u00e8me trimestre 2024, cinq immeubles ont \u00e9t\u00e9 ajout\u00e9s pour pr\u00e8s de 60 millions. La prochaine p\u00e9riode de souscription d\u00e9bute en mars.","robots":{"index":"index","follow":"follow","max-snippet":"max-snippet:-1","max-image-preview":"max-image-preview:large","max-video-preview":"max-video-preview:-1"},"canonical":"https:\/\/www.immobilienbusiness.ch\/fr\/unternehmen\/2025-01-16\/realstone-ast-kauft-weiter-zu\/","og_locale":"fr_FR","og_type":"article","og_title":"Realstone AST kauft weiter zu - IMMOBILIEN Business","og_description":"Die Anlagegruppe Realstone Wohnimmobilien Schweiz meldet weiteren Zuwachs: Im vierten Quartal 2024 kamen f\u00fcnf Immobilien f\u00fcr knapp 60 Millionen dazu. Die n\u00e4chste Zeichnungsperiode beginnt im M\u00e4rz.","og_url":"https:\/\/www.immobilienbusiness.ch\/fr\/unternehmen\/2025-01-16\/realstone-ast-kauft-weiter-zu\/","og_site_name":"IMMOBILIEN Business","article_publisher":"https:\/\/www.facebook.com\/immobilienbusiness\/","article_published_time":"2025-01-16T08:16:15+00:00","article_modified_time":"2025-01-16T08:56:49+00:00","og_image":[{"width":1060,"height":708,"url":"https:\/\/www.immobilienbusiness.ch\/wp-content\/uploads\/2025\/01\/Lausanne-Realstone-AST-Lausanne-VD-\u2013-Chemin-du-Frene-7.png","type":"image\/png"}],"author":"Alexander Wachter","twitter_card":"summary_large_image","schema":{"@context":"https:\/\/schema.org","@graph":[{"@type":"Article","@id":"https:\/\/www.immobilienbusiness.ch\/en\/unternehmen\/2025-01-16\/realstone-ast-kauft-weiter-zu\/#article","isPartOf":{"@id":"https:\/\/www.immobilienbusiness.ch\/en\/unternehmen\/2025-01-16\/realstone-ast-kauft-weiter-zu\/"},"author":{"name":"Alexander Wachter","@id":"https:\/\/www.immobilienbusiness.ch\/#\/schema\/person\/aba8bea2db926aa0c24c08c43fe1fcd5"},"headline":"Realstone AST kauft weiter zu","datePublished":"2025-01-16T08:16:15+00:00","dateModified":"2025-01-16T08:56:49+00:00","mainEntityOfPage":{"@id":"https:\/\/www.immobilienbusiness.ch\/en\/unternehmen\/2025-01-16\/realstone-ast-kauft-weiter-zu\/"},"wordCount":157,"publisher":{"@id":"https:\/\/www.immobilienbusiness.ch\/#organization"},"image":{"@id":"https:\/\/www.immobilienbusiness.ch\/en\/unternehmen\/2025-01-16\/realstone-ast-kauft-weiter-zu\/#primaryimage"},"thumbnailUrl":"https:\/\/www.immobilienbusiness.ch\/wp-content\/uploads\/2025\/01\/Lausanne-Realstone-AST-Lausanne-VD-\u2013-Chemin-du-Frene-7.png","keywords":["Anlagestiftung","Ecublens","Genf","Kauf","Lausanne","Mietwohnungen","Realstone","Schaffhausen","Versoix"],"articleSection":["UNTERNEHMEN"],"inLanguage":"fr-FR"},{"@type":"WebPage","@id":"https:\/\/www.immobilienbusiness.ch\/en\/unternehmen\/2025-01-16\/realstone-ast-kauft-weiter-zu\/","url":"https:\/\/www.immobilienbusiness.ch\/en\/unternehmen\/2025-01-16\/realstone-ast-kauft-weiter-zu\/","name":"Realstone AST kauft weiter zu - IMMOBILIEN Business","isPartOf":{"@id":"https:\/\/www.immobilienbusiness.ch\/#website"},"primaryImageOfPage":{"@id":"https:\/\/www.immobilienbusiness.ch\/en\/unternehmen\/2025-01-16\/realstone-ast-kauft-weiter-zu\/#primaryimage"},"image":{"@id":"https:\/\/www.immobilienbusiness.ch\/en\/unternehmen\/2025-01-16\/realstone-ast-kauft-weiter-zu\/#primaryimage"},"thumbnailUrl":"https:\/\/www.immobilienbusiness.ch\/wp-content\/uploads\/2025\/01\/Lausanne-Realstone-AST-Lausanne-VD-\u2013-Chemin-du-Frene-7.png","datePublished":"2025-01-16T08:16:15+00:00","dateModified":"2025-01-16T08:56:49+00:00","description":"Le groupe de placement Realstone Immobilier r\u00e9sidentiel Suisse annonce une nouvelle croissance : au quatri\u00e8me trimestre 2024, cinq immeubles ont \u00e9t\u00e9 ajout\u00e9s pour pr\u00e8s de 60 millions. La prochaine p\u00e9riode de souscription d\u00e9bute en mars.","breadcrumb":{"@id":"https:\/\/www.immobilienbusiness.ch\/en\/unternehmen\/2025-01-16\/realstone-ast-kauft-weiter-zu\/#breadcrumb"},"inLanguage":"fr-FR","potentialAction":[{"@type":"ReadAction","target":["https:\/\/www.immobilienbusiness.ch\/en\/unternehmen\/2025-01-16\/realstone-ast-kauft-weiter-zu\/"]}]},{"@type":"ImageObject","inLanguage":"fr-FR","@id":"https:\/\/www.immobilienbusiness.ch\/en\/unternehmen\/2025-01-16\/realstone-ast-kauft-weiter-zu\/#primaryimage","url":"https:\/\/www.immobilienbusiness.ch\/wp-content\/uploads\/2025\/01\/Lausanne-Realstone-AST-Lausanne-VD-\u2013-Chemin-du-Frene-7.png","contentUrl":"https:\/\/www.immobilienbusiness.ch\/wp-content\/uploads\/2025\/01\/Lausanne-Realstone-AST-Lausanne-VD-\u2013-Chemin-du-Frene-7.png","width":1060,"height":708,"caption":"Lausanne (VD) \u2013 Chemin du Fr\u00eane 7 (Bild: \u00a9 Realstone AST)"},{"@type":"BreadcrumbList","@id":"https:\/\/www.immobilienbusiness.ch\/en\/unternehmen\/2025-01-16\/realstone-ast-kauft-weiter-zu\/#breadcrumb","itemListElement":[{"@type":"ListItem","position":1,"name":"Home","item":"https:\/\/www.immobilienbusiness.ch\/"},{"@type":"ListItem","position":2,"name":"Realstone AST kauft weiter zu"}]},{"@type":"WebSite","@id":"https:\/\/www.immobilienbusiness.ch\/#website","url":"https:\/\/www.immobilienbusiness.ch\/","name":"IMMOBILIER Business","description":"Magazine \u00e9conomique suisse ind\u00e9pendant ax\u00e9 sur l'immobilier, l'architecture et la construction ainsi que sur les investissements et le financement.","publisher":{"@id":"https:\/\/www.immobilienbusiness.ch\/#organization"},"potentialAction":[{"@type":"SearchAction","target":{"@type":"EntryPoint","urlTemplate":"https:\/\/www.immobilienbusiness.ch\/?s={search_term_string}"},"query-input":{"@type":"PropertyValueSpecification","valueRequired":true,"valueName":"search_term_string"}}],"inLanguage":"fr-FR"},{"@type":"Organization","@id":"https:\/\/www.immobilienbusiness.ch\/#organization","name":"IMMOBILIER Business","url":"https:\/\/www.immobilienbusiness.ch\/","logo":{"@type":"ImageObject","inLanguage":"fr-FR","@id":"https:\/\/www.immobilienbusiness.ch\/#\/schema\/logo\/image\/","url":"https:\/\/www.immobilienbusiness.ch\/wp-content\/uploads\/2021\/07\/logo_ib.png","contentUrl":"https:\/\/www.immobilienbusiness.ch\/wp-content\/uploads\/2021\/07\/logo_ib.png","width":800,"height":181,"caption":"IMMOBILIEN Business"},"image":{"@id":"https:\/\/www.immobilienbusiness.ch\/#\/schema\/logo\/image\/"},"sameAs":["https:\/\/www.facebook.com\/immobilienbusiness\/"]},{"@type":"Person","@id":"https:\/\/www.immobilienbusiness.ch\/#\/schema\/person\/aba8bea2db926aa0c24c08c43fe1fcd5","name":"Alexander Wachter","image":{"@type":"ImageObject","inLanguage":"fr-FR","@id":"https:\/\/secure.gravatar.com\/avatar\/1a09e471f5389b0e0a6416eac287e0927c7c97a7b77f9e787eba3af7aee281dd?s=96&d=mm&r=g","url":"https:\/\/secure.gravatar.com\/avatar\/1a09e471f5389b0e0a6416eac287e0927c7c97a7b77f9e787eba3af7aee281dd?s=96&d=mm&r=g","contentUrl":"https:\/\/secure.gravatar.com\/avatar\/1a09e471f5389b0e0a6416eac287e0927c7c97a7b77f9e787eba3af7aee281dd?s=96&d=mm&r=g","caption":"Alexander Wachter"},"url":"https:\/\/www.immobilienbusiness.ch\/fr\/author\/alexander-wachter\/"}]}},"_links":{"self":[{"href":"https:\/\/www.immobilienbusiness.ch\/fr\/wp-json\/wp\/v2\/posts\/62081","targetHints":{"allow":["GET"]}}],"collection":[{"href":"https:\/\/www.immobilienbusiness.ch\/fr\/wp-json\/wp\/v2\/posts"}],"about":[{"href":"https:\/\/www.immobilienbusiness.ch\/fr\/wp-json\/wp\/v2\/types\/post"}],"author":[{"embeddable":true,"href":"https:\/\/www.immobilienbusiness.ch\/fr\/wp-json\/wp\/v2\/users\/102"}],"replies":[{"embeddable":true,"href":"https:\/\/www.immobilienbusiness.ch\/fr\/wp-json\/wp\/v2\/comments?post=62081"}],"version-history":[{"count":1,"href":"https:\/\/www.immobilienbusiness.ch\/fr\/wp-json\/wp\/v2\/posts\/62081\/revisions"}],"predecessor-version":[{"id":62083,"href":"https:\/\/www.immobilienbusiness.ch\/fr\/wp-json\/wp\/v2\/posts\/62081\/revisions\/62083"}],"wp:featuredmedia":[{"embeddable":true,"href":"https:\/\/www.immobilienbusiness.ch\/fr\/wp-json\/wp\/v2\/media\/62082"}],"wp:attachment":[{"href":"https:\/\/www.immobilienbusiness.ch\/fr\/wp-json\/wp\/v2\/media?parent=62081"}],"wp:term":[{"taxonomy":"category","embeddable":true,"href":"https:\/\/www.immobilienbusiness.ch\/fr\/wp-json\/wp\/v2\/categories?post=62081"},{"taxonomy":"post_tag","embeddable":true,"href":"https:\/\/www.immobilienbusiness.ch\/fr\/wp-json\/wp\/v2\/tags?post=62081"}],"curies":[{"name":"wp","href":"https:\/\/api.w.org\/{rel}","templated":true}]}}