{"id":62054,"date":"2025-01-15T05:04:54","date_gmt":"2025-01-15T04:04:54","guid":{"rendered":"https:\/\/www.immobilienbusiness.ch\/?p=62054"},"modified":"2025-01-16T10:03:57","modified_gmt":"2025-01-16T09:03:57","slug":"schaffhausen-baustart-fuer-halter-projekt-waldstadt","status":"publish","type":"post","link":"https:\/\/www.immobilienbusiness.ch\/fr\/unternehmen\/2025-01-15\/schaffhausen-baustart-fuer-halter-projekt-waldstadt\/","title":{"rendered":"Schaffhouse : Lancement de la construction du projet \"Waldstadt\" de Halter"},"content":{"rendered":"<figure id=\"attachment_62055\" aria-describedby=\"caption-attachment-62055\" style=\"width: 768px\" class=\"wp-caption alignnone\"><a href=\"https:\/\/www.immobilienbusiness.ch\/wp-content\/uploads\/2025\/01\/250110-Waldstadt-im-Pantli-B1-Halterzvg-scaled.jpg\"><img loading=\"lazy\" decoding=\"async\" class=\"size-large wp-image-62055\" src=\"https:\/\/www.immobilienbusiness.ch\/wp-content\/uploads\/2025\/01\/250110-Waldstadt-im-Pantli-B1-Halterzvg-1024x569.jpg\" alt=\"\" width=\"768\" height=\"427\" srcset=\"https:\/\/www.immobilienbusiness.ch\/wp-content\/uploads\/2025\/01\/250110-Waldstadt-im-Pantli-B1-Halterzvg-1024x569.jpg 1024w, https:\/\/www.immobilienbusiness.ch\/wp-content\/uploads\/2025\/01\/250110-Waldstadt-im-Pantli-B1-Halterzvg-300x167.jpg 300w, https:\/\/www.immobilienbusiness.ch\/wp-content\/uploads\/2025\/01\/250110-Waldstadt-im-Pantli-B1-Halterzvg-768x427.jpg 768w, https:\/\/www.immobilienbusiness.ch\/wp-content\/uploads\/2025\/01\/250110-Waldstadt-im-Pantli-B1-Halterzvg-1536x853.jpg 1536w, https:\/\/www.immobilienbusiness.ch\/wp-content\/uploads\/2025\/01\/250110-Waldstadt-im-Pantli-B1-Halterzvg-2048x1138.jpg 2048w, https:\/\/www.immobilienbusiness.ch\/wp-content\/uploads\/2025\/01\/250110-Waldstadt-im-Pantli-B1-Halterzvg-18x10.jpg 18w, https:\/\/www.immobilienbusiness.ch\/wp-content\/uploads\/2025\/01\/250110-Waldstadt-im-Pantli-B1-Halterzvg-375x208.jpg 375w, https:\/\/www.immobilienbusiness.ch\/wp-content\/uploads\/2025\/01\/250110-Waldstadt-im-Pantli-B1-Halterzvg-630x350.jpg 630w, https:\/\/www.immobilienbusiness.ch\/wp-content\/uploads\/2025\/01\/250110-Waldstadt-im-Pantli-B1-Halterzvg-1000x555.jpg 1000w, https:\/\/www.immobilienbusiness.ch\/wp-content\/uploads\/2025\/01\/250110-Waldstadt-im-Pantli-B1-Halterzvg-scaled.jpg 1200w\" sizes=\"auto, (max-width: 768px) 100vw, 768px\" \/><\/a><figcaption id=\"caption-attachment-62055\" class=\"wp-caption-text\">Voici \u00e0 quoi ressemblera la \"Waldstadt im Pantli\" une fois achev\u00e9e (photo : \u00a9 Halter\/Tend AG)<\/figcaption><\/figure>\n<p>Halter AG a donn\u00e9 le premier coup de pioche officiel pour la phase de construction du projet schaffhousois \"Waldstadt im Pantli\". L'entreprise r\u00e9alise le projet, qui se trouve dans une clairi\u00e8re, en collaboration avec Dost Architektur GmbH. Il est pr\u00e9vu de construire 214 appartements en copropri\u00e9t\u00e9 de 2,5 \u00e0 5,5 pi\u00e8ces sur une surface de 47 600 m\u00b2. \"Le projet 'Waldstadt im Pantli' apporte une contribution pr\u00e9cieuse au d\u00e9veloppement de la ville\", a d\u00e9clar\u00e9 le maire Peter Neukomm lors de la c\u00e9r\u00e9monie. Selon lui, le lotissement doit servir de mod\u00e8le pour les futurs projets de construction et \"renforcer Schaffhouse en tant que site pour un habitat durable et innovant\".<\/p>\n<p>Le m\u00e9lange de logements s'adresse aux familles, aux couples, aux c\u00e9libataires et aux pendulaires. Le lotissement est accessible par un acc\u00e8s direct \u00e0 l'autoroute et par un nouvel arr\u00eat de bus. Un jardin d'enfants et une cr\u00e8che int\u00e9gr\u00e9s font \u00e9galement partie du concept, tout comme les zones de rencontre et les \u00e9quipements communs. Selon Halter, un point fort particulier est que tous les appartements sont con\u00e7us avec autant de vues que possible sur la nature environnante. Le projet est d\u00e9velopp\u00e9 selon la norme SNBS.<\/p>\n<p>La dur\u00e9e pr\u00e9vue des travaux pour la premi\u00e8re \u00e9tape est d'environ deux ans et demi. Les premiers propri\u00e9taires devraient pouvoir emm\u00e9nager dans leurs appartements en 2026.<\/p>\n<p>&nbsp;<\/p>","protected":false},"excerpt":{"rendered":"<p>214 appartements en copropri\u00e9t\u00e9 vont \u00eatre construits dans la clairi\u00e8re \"Pantli\". Le d\u00e9but officiel des travaux a commenc\u00e9 il y a quelques jours.<\/p>","protected":false},"author":102,"featured_media":62055,"comment_status":"closed","ping_status":"closed","sticky":false,"template":"","format":"standard","meta":{"_acf_changed":false,"_yoast_wpseo_focuskw":"Schaffhausen","_yoast_wpseo_title":"","_yoast_wpseo_metadesc":"Auf der Waldlichtung \u00abPantli\u00bb entstehen 214 Eigentumswohnungen. Vor wenigen Tagen hat der offizielle Baustart begonnen.","_yoast_wpseo_linkdex":52,"pgc_sgb_lightbox_settings":"","footnotes":""},"categories":[988],"tags":[3659,1185,1291,1599,1668],"class_list":["post-62054","post","type-post","status-publish","format-standard","has-post-thumbnail","hentry","category-unternehmen","tag-dost-architektur-gmbh","tag-eigentumswohnungen","tag-halter-ag","tag-projekt-in-bau","tag-schaffhausen"],"acf":[],"yoast_head":"<!-- This site is optimized with the Yoast SEO plugin v27.5 - https:\/\/yoast.com\/product\/yoast-seo-wordpress\/ -->\n<title>Schaffhausen: Baustart f\u00fcr \u00abWaldstadt\u00bb-Projekt von Halter - IMMOBILIEN Business<\/title>\n<meta name=\"description\" content=\"Auf der Waldlichtung \u00abPantli\u00bb entstehen 214 Eigentumswohnungen. Vor wenigen Tagen hat der offizielle Baustart begonnen.\" \/>\n<meta name=\"robots\" content=\"index, follow, max-snippet:-1, max-image-preview:large, max-video-preview:-1\" \/>\n<link rel=\"canonical\" href=\"https:\/\/www.immobilienbusiness.ch\/fr\/unternehmen\/2025-01-15\/schaffhausen-baustart-fuer-halter-projekt-waldstadt\/\" \/>\n<meta property=\"og:locale\" content=\"fr_FR\" \/>\n<meta property=\"og:type\" content=\"article\" \/>\n<meta property=\"og:title\" content=\"Schaffhausen: Baustart f\u00fcr \u00abWaldstadt\u00bb-Projekt von Halter - IMMOBILIEN Business\" \/>\n<meta property=\"og:description\" content=\"Auf der Waldlichtung \u00abPantli\u00bb entstehen 214 Eigentumswohnungen. Vor wenigen Tagen hat der offizielle Baustart begonnen.\" \/>\n<meta property=\"og:url\" content=\"https:\/\/www.immobilienbusiness.ch\/fr\/unternehmen\/2025-01-15\/schaffhausen-baustart-fuer-halter-projekt-waldstadt\/\" \/>\n<meta property=\"og:site_name\" content=\"IMMOBILIEN Business\" \/>\n<meta property=\"article:publisher\" content=\"https:\/\/www.facebook.com\/immobilienbusiness\/\" \/>\n<meta property=\"article:published_time\" content=\"2025-01-15T04:04:54+00:00\" \/>\n<meta property=\"article:modified_time\" content=\"2025-01-16T09:03:57+00:00\" \/>\n<meta property=\"og:image\" content=\"https:\/\/www.immobilienbusiness.ch\/wp-content\/uploads\/2025\/01\/250110-Waldstadt-im-Pantli-B1-Halterzvg-scaled.jpg\" \/>\n\t<meta property=\"og:image:width\" content=\"1200\" \/>\n\t<meta property=\"og:image:height\" content=\"667\" \/>\n\t<meta property=\"og:image:type\" content=\"image\/jpeg\" \/>\n<meta name=\"author\" content=\"Alexander Wachter\" \/>\n<meta name=\"twitter:card\" content=\"summary_large_image\" \/>\n<script type=\"application\/ld+json\" class=\"yoast-schema-graph\">{\"@context\":\"https:\\\/\\\/schema.org\",\"@graph\":[{\"@type\":\"Article\",\"@id\":\"https:\\\/\\\/www.immobilienbusiness.ch\\\/de\\\/unternehmen\\\/2025-01-15\\\/schaffhausen-baustart-fuer-halter-projekt-waldstadt\\\/#article\",\"isPartOf\":{\"@id\":\"https:\\\/\\\/www.immobilienbusiness.ch\\\/de\\\/unternehmen\\\/2025-01-15\\\/schaffhausen-baustart-fuer-halter-projekt-waldstadt\\\/\"},\"author\":{\"name\":\"Alexander Wachter\",\"@id\":\"https:\\\/\\\/www.immobilienbusiness.ch\\\/#\\\/schema\\\/person\\\/aba8bea2db926aa0c24c08c43fe1fcd5\"},\"headline\":\"Schaffhausen: Baustart f\u00fcr \u00abWaldstadt\u00bb-Projekt von Halter\",\"datePublished\":\"2025-01-15T04:04:54+00:00\",\"dateModified\":\"2025-01-16T09:03:57+00:00\",\"mainEntityOfPage\":{\"@id\":\"https:\\\/\\\/www.immobilienbusiness.ch\\\/de\\\/unternehmen\\\/2025-01-15\\\/schaffhausen-baustart-fuer-halter-projekt-waldstadt\\\/\"},\"wordCount\":208,\"publisher\":{\"@id\":\"https:\\\/\\\/www.immobilienbusiness.ch\\\/#organization\"},\"image\":{\"@id\":\"https:\\\/\\\/www.immobilienbusiness.ch\\\/de\\\/unternehmen\\\/2025-01-15\\\/schaffhausen-baustart-fuer-halter-projekt-waldstadt\\\/#primaryimage\"},\"thumbnailUrl\":\"https:\\\/\\\/www.immobilienbusiness.ch\\\/wp-content\\\/uploads\\\/2025\\\/01\\\/250110-Waldstadt-im-Pantli-B1-Halterzvg-scaled.jpg\",\"keywords\":[\"Dost Architektur GmbH\",\"Eigentumswohnungen\",\"Halter AG\",\"Projekt in Bau\",\"Schaffhausen\"],\"articleSection\":[\"UNTERNEHMEN\"],\"inLanguage\":\"fr-FR\"},{\"@type\":\"WebPage\",\"@id\":\"https:\\\/\\\/www.immobilienbusiness.ch\\\/de\\\/unternehmen\\\/2025-01-15\\\/schaffhausen-baustart-fuer-halter-projekt-waldstadt\\\/\",\"url\":\"https:\\\/\\\/www.immobilienbusiness.ch\\\/de\\\/unternehmen\\\/2025-01-15\\\/schaffhausen-baustart-fuer-halter-projekt-waldstadt\\\/\",\"name\":\"Schaffhausen: Baustart f\u00fcr \u00abWaldstadt\u00bb-Projekt von Halter - IMMOBILIEN Business\",\"isPartOf\":{\"@id\":\"https:\\\/\\\/www.immobilienbusiness.ch\\\/#website\"},\"primaryImageOfPage\":{\"@id\":\"https:\\\/\\\/www.immobilienbusiness.ch\\\/de\\\/unternehmen\\\/2025-01-15\\\/schaffhausen-baustart-fuer-halter-projekt-waldstadt\\\/#primaryimage\"},\"image\":{\"@id\":\"https:\\\/\\\/www.immobilienbusiness.ch\\\/de\\\/unternehmen\\\/2025-01-15\\\/schaffhausen-baustart-fuer-halter-projekt-waldstadt\\\/#primaryimage\"},\"thumbnailUrl\":\"https:\\\/\\\/www.immobilienbusiness.ch\\\/wp-content\\\/uploads\\\/2025\\\/01\\\/250110-Waldstadt-im-Pantli-B1-Halterzvg-scaled.jpg\",\"datePublished\":\"2025-01-15T04:04:54+00:00\",\"dateModified\":\"2025-01-16T09:03:57+00:00\",\"description\":\"Auf der Waldlichtung \u00abPantli\u00bb entstehen 214 Eigentumswohnungen. Vor wenigen Tagen hat der offizielle Baustart begonnen.\",\"breadcrumb\":{\"@id\":\"https:\\\/\\\/www.immobilienbusiness.ch\\\/de\\\/unternehmen\\\/2025-01-15\\\/schaffhausen-baustart-fuer-halter-projekt-waldstadt\\\/#breadcrumb\"},\"inLanguage\":\"fr-FR\",\"potentialAction\":[{\"@type\":\"ReadAction\",\"target\":[\"https:\\\/\\\/www.immobilienbusiness.ch\\\/de\\\/unternehmen\\\/2025-01-15\\\/schaffhausen-baustart-fuer-halter-projekt-waldstadt\\\/\"]}]},{\"@type\":\"ImageObject\",\"inLanguage\":\"fr-FR\",\"@id\":\"https:\\\/\\\/www.immobilienbusiness.ch\\\/de\\\/unternehmen\\\/2025-01-15\\\/schaffhausen-baustart-fuer-halter-projekt-waldstadt\\\/#primaryimage\",\"url\":\"https:\\\/\\\/www.immobilienbusiness.ch\\\/wp-content\\\/uploads\\\/2025\\\/01\\\/250110-Waldstadt-im-Pantli-B1-Halterzvg-scaled.jpg\",\"contentUrl\":\"https:\\\/\\\/www.immobilienbusiness.ch\\\/wp-content\\\/uploads\\\/2025\\\/01\\\/250110-Waldstadt-im-Pantli-B1-Halterzvg-scaled.jpg\",\"width\":1200,\"height\":667,\"caption\":\"So soll die \u00abWaldstadt im Pantli\u00bb nach der Fertigstellung aussehen (Bild: \u00a9 Halter\\\/Tend AG)\"},{\"@type\":\"BreadcrumbList\",\"@id\":\"https:\\\/\\\/www.immobilienbusiness.ch\\\/de\\\/unternehmen\\\/2025-01-15\\\/schaffhausen-baustart-fuer-halter-projekt-waldstadt\\\/#breadcrumb\",\"itemListElement\":[{\"@type\":\"ListItem\",\"position\":1,\"name\":\"Home\",\"item\":\"https:\\\/\\\/www.immobilienbusiness.ch\\\/\"},{\"@type\":\"ListItem\",\"position\":2,\"name\":\"Schaffhausen: Baustart f\u00fcr \u00abWaldstadt\u00bb-Projekt von Halter\"}]},{\"@type\":\"WebSite\",\"@id\":\"https:\\\/\\\/www.immobilienbusiness.ch\\\/#website\",\"url\":\"https:\\\/\\\/www.immobilienbusiness.ch\\\/\",\"name\":\"IMMOBILIEN Business\",\"description\":\"Unabh\u00e4ngiges Schweizer Wirtschaftsmagazin mit Fokus auf Immobilien, Architektur- und Bau sowie Investment- und Finanzierung.\",\"publisher\":{\"@id\":\"https:\\\/\\\/www.immobilienbusiness.ch\\\/#organization\"},\"potentialAction\":[{\"@type\":\"SearchAction\",\"target\":{\"@type\":\"EntryPoint\",\"urlTemplate\":\"https:\\\/\\\/www.immobilienbusiness.ch\\\/?s={search_term_string}\"},\"query-input\":{\"@type\":\"PropertyValueSpecification\",\"valueRequired\":true,\"valueName\":\"search_term_string\"}}],\"inLanguage\":\"fr-FR\"},{\"@type\":\"Organization\",\"@id\":\"https:\\\/\\\/www.immobilienbusiness.ch\\\/#organization\",\"name\":\"IMMOBILIEN Business\",\"url\":\"https:\\\/\\\/www.immobilienbusiness.ch\\\/\",\"logo\":{\"@type\":\"ImageObject\",\"inLanguage\":\"fr-FR\",\"@id\":\"https:\\\/\\\/www.immobilienbusiness.ch\\\/#\\\/schema\\\/logo\\\/image\\\/\",\"url\":\"https:\\\/\\\/www.immobilienbusiness.ch\\\/wp-content\\\/uploads\\\/2021\\\/07\\\/logo_ib.png\",\"contentUrl\":\"https:\\\/\\\/www.immobilienbusiness.ch\\\/wp-content\\\/uploads\\\/2021\\\/07\\\/logo_ib.png\",\"width\":800,\"height\":181,\"caption\":\"IMMOBILIEN Business\"},\"image\":{\"@id\":\"https:\\\/\\\/www.immobilienbusiness.ch\\\/#\\\/schema\\\/logo\\\/image\\\/\"},\"sameAs\":[\"https:\\\/\\\/www.facebook.com\\\/immobilienbusiness\\\/\"]},{\"@type\":\"Person\",\"@id\":\"https:\\\/\\\/www.immobilienbusiness.ch\\\/#\\\/schema\\\/person\\\/aba8bea2db926aa0c24c08c43fe1fcd5\",\"name\":\"Alexander Wachter\",\"image\":{\"@type\":\"ImageObject\",\"inLanguage\":\"fr-FR\",\"@id\":\"https:\\\/\\\/secure.gravatar.com\\\/avatar\\\/1a09e471f5389b0e0a6416eac287e0927c7c97a7b77f9e787eba3af7aee281dd?s=96&d=mm&r=g\",\"url\":\"https:\\\/\\\/secure.gravatar.com\\\/avatar\\\/1a09e471f5389b0e0a6416eac287e0927c7c97a7b77f9e787eba3af7aee281dd?s=96&d=mm&r=g\",\"contentUrl\":\"https:\\\/\\\/secure.gravatar.com\\\/avatar\\\/1a09e471f5389b0e0a6416eac287e0927c7c97a7b77f9e787eba3af7aee281dd?s=96&d=mm&r=g\",\"caption\":\"Alexander Wachter\"},\"url\":\"https:\\\/\\\/www.immobilienbusiness.ch\\\/fr\\\/author\\\/alexander-wachter\\\/\"}]}<\/script>\n<!-- \/ Yoast SEO plugin. -->","yoast_head_json":{"title":"Schaffhausen: Baustart f\u00fcr \u00abWaldstadt\u00bb-Projekt von Halter - IMMOBILIEN Business","description":"214 appartements en copropri\u00e9t\u00e9 vont \u00eatre construits dans la clairi\u00e8re \"Pantli\". Le d\u00e9but officiel des travaux a commenc\u00e9 il y a quelques jours.","robots":{"index":"index","follow":"follow","max-snippet":"max-snippet:-1","max-image-preview":"max-image-preview:large","max-video-preview":"max-video-preview:-1"},"canonical":"https:\/\/www.immobilienbusiness.ch\/fr\/unternehmen\/2025-01-15\/schaffhausen-baustart-fuer-halter-projekt-waldstadt\/","og_locale":"fr_FR","og_type":"article","og_title":"Schaffhausen: Baustart f\u00fcr \u00abWaldstadt\u00bb-Projekt von Halter - IMMOBILIEN Business","og_description":"Auf der Waldlichtung \u00abPantli\u00bb entstehen 214 Eigentumswohnungen. Vor wenigen Tagen hat der offizielle Baustart begonnen.","og_url":"https:\/\/www.immobilienbusiness.ch\/fr\/unternehmen\/2025-01-15\/schaffhausen-baustart-fuer-halter-projekt-waldstadt\/","og_site_name":"IMMOBILIEN Business","article_publisher":"https:\/\/www.facebook.com\/immobilienbusiness\/","article_published_time":"2025-01-15T04:04:54+00:00","article_modified_time":"2025-01-16T09:03:57+00:00","og_image":[{"width":1200,"height":667,"url":"https:\/\/www.immobilienbusiness.ch\/wp-content\/uploads\/2025\/01\/250110-Waldstadt-im-Pantli-B1-Halterzvg-scaled.jpg","type":"image\/jpeg"}],"author":"Alexander Wachter","twitter_card":"summary_large_image","schema":{"@context":"https:\/\/schema.org","@graph":[{"@type":"Article","@id":"https:\/\/www.immobilienbusiness.ch\/de\/unternehmen\/2025-01-15\/schaffhausen-baustart-fuer-halter-projekt-waldstadt\/#article","isPartOf":{"@id":"https:\/\/www.immobilienbusiness.ch\/de\/unternehmen\/2025-01-15\/schaffhausen-baustart-fuer-halter-projekt-waldstadt\/"},"author":{"name":"Alexander Wachter","@id":"https:\/\/www.immobilienbusiness.ch\/#\/schema\/person\/aba8bea2db926aa0c24c08c43fe1fcd5"},"headline":"Schaffhausen: Baustart f\u00fcr \u00abWaldstadt\u00bb-Projekt von Halter","datePublished":"2025-01-15T04:04:54+00:00","dateModified":"2025-01-16T09:03:57+00:00","mainEntityOfPage":{"@id":"https:\/\/www.immobilienbusiness.ch\/de\/unternehmen\/2025-01-15\/schaffhausen-baustart-fuer-halter-projekt-waldstadt\/"},"wordCount":208,"publisher":{"@id":"https:\/\/www.immobilienbusiness.ch\/#organization"},"image":{"@id":"https:\/\/www.immobilienbusiness.ch\/de\/unternehmen\/2025-01-15\/schaffhausen-baustart-fuer-halter-projekt-waldstadt\/#primaryimage"},"thumbnailUrl":"https:\/\/www.immobilienbusiness.ch\/wp-content\/uploads\/2025\/01\/250110-Waldstadt-im-Pantli-B1-Halterzvg-scaled.jpg","keywords":["Dost Architektur GmbH","Eigentumswohnungen","Halter AG","Projekt in Bau","Schaffhausen"],"articleSection":["UNTERNEHMEN"],"inLanguage":"fr-FR"},{"@type":"WebPage","@id":"https:\/\/www.immobilienbusiness.ch\/de\/unternehmen\/2025-01-15\/schaffhausen-baustart-fuer-halter-projekt-waldstadt\/","url":"https:\/\/www.immobilienbusiness.ch\/de\/unternehmen\/2025-01-15\/schaffhausen-baustart-fuer-halter-projekt-waldstadt\/","name":"Schaffhausen: Baustart f\u00fcr \u00abWaldstadt\u00bb-Projekt von Halter - IMMOBILIEN Business","isPartOf":{"@id":"https:\/\/www.immobilienbusiness.ch\/#website"},"primaryImageOfPage":{"@id":"https:\/\/www.immobilienbusiness.ch\/de\/unternehmen\/2025-01-15\/schaffhausen-baustart-fuer-halter-projekt-waldstadt\/#primaryimage"},"image":{"@id":"https:\/\/www.immobilienbusiness.ch\/de\/unternehmen\/2025-01-15\/schaffhausen-baustart-fuer-halter-projekt-waldstadt\/#primaryimage"},"thumbnailUrl":"https:\/\/www.immobilienbusiness.ch\/wp-content\/uploads\/2025\/01\/250110-Waldstadt-im-Pantli-B1-Halterzvg-scaled.jpg","datePublished":"2025-01-15T04:04:54+00:00","dateModified":"2025-01-16T09:03:57+00:00","description":"214 appartements en copropri\u00e9t\u00e9 vont \u00eatre construits dans la clairi\u00e8re \"Pantli\". Le d\u00e9but officiel des travaux a commenc\u00e9 il y a quelques jours.","breadcrumb":{"@id":"https:\/\/www.immobilienbusiness.ch\/de\/unternehmen\/2025-01-15\/schaffhausen-baustart-fuer-halter-projekt-waldstadt\/#breadcrumb"},"inLanguage":"fr-FR","potentialAction":[{"@type":"ReadAction","target":["https:\/\/www.immobilienbusiness.ch\/de\/unternehmen\/2025-01-15\/schaffhausen-baustart-fuer-halter-projekt-waldstadt\/"]}]},{"@type":"ImageObject","inLanguage":"fr-FR","@id":"https:\/\/www.immobilienbusiness.ch\/de\/unternehmen\/2025-01-15\/schaffhausen-baustart-fuer-halter-projekt-waldstadt\/#primaryimage","url":"https:\/\/www.immobilienbusiness.ch\/wp-content\/uploads\/2025\/01\/250110-Waldstadt-im-Pantli-B1-Halterzvg-scaled.jpg","contentUrl":"https:\/\/www.immobilienbusiness.ch\/wp-content\/uploads\/2025\/01\/250110-Waldstadt-im-Pantli-B1-Halterzvg-scaled.jpg","width":1200,"height":667,"caption":"So soll die \u00abWaldstadt im Pantli\u00bb nach der Fertigstellung aussehen (Bild: \u00a9 Halter\/Tend AG)"},{"@type":"BreadcrumbList","@id":"https:\/\/www.immobilienbusiness.ch\/de\/unternehmen\/2025-01-15\/schaffhausen-baustart-fuer-halter-projekt-waldstadt\/#breadcrumb","itemListElement":[{"@type":"ListItem","position":1,"name":"Home","item":"https:\/\/www.immobilienbusiness.ch\/"},{"@type":"ListItem","position":2,"name":"Schaffhausen: Baustart f\u00fcr \u00abWaldstadt\u00bb-Projekt von Halter"}]},{"@type":"WebSite","@id":"https:\/\/www.immobilienbusiness.ch\/#website","url":"https:\/\/www.immobilienbusiness.ch\/","name":"IMMOBILIER Business","description":"Magazine \u00e9conomique suisse ind\u00e9pendant ax\u00e9 sur l'immobilier, l'architecture et la construction ainsi que sur les investissements et le financement.","publisher":{"@id":"https:\/\/www.immobilienbusiness.ch\/#organization"},"potentialAction":[{"@type":"SearchAction","target":{"@type":"EntryPoint","urlTemplate":"https:\/\/www.immobilienbusiness.ch\/?s={search_term_string}"},"query-input":{"@type":"PropertyValueSpecification","valueRequired":true,"valueName":"search_term_string"}}],"inLanguage":"fr-FR"},{"@type":"Organization","@id":"https:\/\/www.immobilienbusiness.ch\/#organization","name":"IMMOBILIER Business","url":"https:\/\/www.immobilienbusiness.ch\/","logo":{"@type":"ImageObject","inLanguage":"fr-FR","@id":"https:\/\/www.immobilienbusiness.ch\/#\/schema\/logo\/image\/","url":"https:\/\/www.immobilienbusiness.ch\/wp-content\/uploads\/2021\/07\/logo_ib.png","contentUrl":"https:\/\/www.immobilienbusiness.ch\/wp-content\/uploads\/2021\/07\/logo_ib.png","width":800,"height":181,"caption":"IMMOBILIEN Business"},"image":{"@id":"https:\/\/www.immobilienbusiness.ch\/#\/schema\/logo\/image\/"},"sameAs":["https:\/\/www.facebook.com\/immobilienbusiness\/"]},{"@type":"Person","@id":"https:\/\/www.immobilienbusiness.ch\/#\/schema\/person\/aba8bea2db926aa0c24c08c43fe1fcd5","name":"Alexander Wachter","image":{"@type":"ImageObject","inLanguage":"fr-FR","@id":"https:\/\/secure.gravatar.com\/avatar\/1a09e471f5389b0e0a6416eac287e0927c7c97a7b77f9e787eba3af7aee281dd?s=96&d=mm&r=g","url":"https:\/\/secure.gravatar.com\/avatar\/1a09e471f5389b0e0a6416eac287e0927c7c97a7b77f9e787eba3af7aee281dd?s=96&d=mm&r=g","contentUrl":"https:\/\/secure.gravatar.com\/avatar\/1a09e471f5389b0e0a6416eac287e0927c7c97a7b77f9e787eba3af7aee281dd?s=96&d=mm&r=g","caption":"Alexander Wachter"},"url":"https:\/\/www.immobilienbusiness.ch\/fr\/author\/alexander-wachter\/"}]}},"_links":{"self":[{"href":"https:\/\/www.immobilienbusiness.ch\/fr\/wp-json\/wp\/v2\/posts\/62054","targetHints":{"allow":["GET"]}}],"collection":[{"href":"https:\/\/www.immobilienbusiness.ch\/fr\/wp-json\/wp\/v2\/posts"}],"about":[{"href":"https:\/\/www.immobilienbusiness.ch\/fr\/wp-json\/wp\/v2\/types\/post"}],"author":[{"embeddable":true,"href":"https:\/\/www.immobilienbusiness.ch\/fr\/wp-json\/wp\/v2\/users\/102"}],"replies":[{"embeddable":true,"href":"https:\/\/www.immobilienbusiness.ch\/fr\/wp-json\/wp\/v2\/comments?post=62054"}],"version-history":[{"count":3,"href":"https:\/\/www.immobilienbusiness.ch\/fr\/wp-json\/wp\/v2\/posts\/62054\/revisions"}],"predecessor-version":[{"id":62090,"href":"https:\/\/www.immobilienbusiness.ch\/fr\/wp-json\/wp\/v2\/posts\/62054\/revisions\/62090"}],"wp:featuredmedia":[{"embeddable":true,"href":"https:\/\/www.immobilienbusiness.ch\/fr\/wp-json\/wp\/v2\/media\/62055"}],"wp:attachment":[{"href":"https:\/\/www.immobilienbusiness.ch\/fr\/wp-json\/wp\/v2\/media?parent=62054"}],"wp:term":[{"taxonomy":"category","embeddable":true,"href":"https:\/\/www.immobilienbusiness.ch\/fr\/wp-json\/wp\/v2\/categories?post=62054"},{"taxonomy":"post_tag","embeddable":true,"href":"https:\/\/www.immobilienbusiness.ch\/fr\/wp-json\/wp\/v2\/tags?post=62054"}],"curies":[{"name":"wp","href":"https:\/\/api.w.org\/{rel}","templated":true}]}}