{"id":61892,"date":"2024-12-30T23:29:19","date_gmt":"2024-12-30T22:29:19","guid":{"rendered":"https:\/\/www.immobilienbusiness.ch\/?p=61892"},"modified":"2024-12-31T12:07:40","modified_gmt":"2024-12-31T11:07:40","slug":"jean-megow-wird-ceo-von-m3-immobilier","status":"publish","type":"post","link":"https:\/\/www.immobilienbusiness.ch\/fr\/personalia\/2024-12-30\/jean-megow-wird-ceo-von-m3-immobilier\/","title":{"rendered":"Jean Megow devient CEO de M3 Immobilier"},"content":{"rendered":"<figure id=\"attachment_61893\" aria-describedby=\"caption-attachment-61893\" style=\"width: 884px\" class=\"wp-caption alignnone\"><a href=\"https:\/\/www.immobilienbusiness.ch\/wp-content\/uploads\/2024\/12\/Jean-Megow.png\"><img loading=\"lazy\" decoding=\"async\" class=\"size-full wp-image-61893\" src=\"https:\/\/www.immobilienbusiness.ch\/wp-content\/uploads\/2024\/12\/Jean-Megow.png\" alt=\"\" width=\"884\" height=\"597\" srcset=\"https:\/\/www.immobilienbusiness.ch\/wp-content\/uploads\/2024\/12\/Jean-Megow.png 884w, https:\/\/www.immobilienbusiness.ch\/wp-content\/uploads\/2024\/12\/Jean-Megow-300x203.png 300w, https:\/\/www.immobilienbusiness.ch\/wp-content\/uploads\/2024\/12\/Jean-Megow-768x519.png 768w, https:\/\/www.immobilienbusiness.ch\/wp-content\/uploads\/2024\/12\/Jean-Megow-18x12.png 18w, https:\/\/www.immobilienbusiness.ch\/wp-content\/uploads\/2024\/12\/Jean-Megow-375x253.png 375w, https:\/\/www.immobilienbusiness.ch\/wp-content\/uploads\/2024\/12\/Jean-Megow-518x350.png 518w\" sizes=\"auto, (max-width: 884px) 100vw, 884px\" \/><\/a><figcaption id=\"caption-attachment-61893\" class=\"wp-caption-text\">Jean Megow (Image : \u00a9 M3 Immobilier )<\/figcaption><\/figure>\n<p>Originaire d'Allemagne, Jean Megow dispose d'une vaste expertise dans le secteur immobilier. Titulaire d'un dipl\u00f4me d'ing\u00e9nieur civil et d'un MAS en Real Estate Management de l'IFZ HE de Lucerne, il a occup\u00e9, avant son activit\u00e9, des postes de direction dans de grandes entreprises telles qu'Implenia Development SA (chef de projet d\u00e9veloppement immobilier), Swiss Prime Site AG (chef de secteur Suisse occidentale \/ membre de la direction) et, plus r\u00e9cemment, Steiner AG (Head Region West). Le fait que sa carri\u00e8re soit marqu\u00e9e \"par des succ\u00e8s importants dans le d\u00e9veloppement immobilier ainsi que par une pr\u00e9cieuse exp\u00e9rience dans une entreprise cot\u00e9e en bourse\" est consid\u00e9r\u00e9 comme un \"avantage d\u00e9cisif\" chez M3 Immobilier, d'autant plus que l'entreprise envisage une entr\u00e9e en bourse dans le cadre de son plan de croissance, comme le communique l'entreprise romande dont le si\u00e8ge se trouve \u00e0 la place de Cornavin 3 \u00e0 Gen\u00e8ve.<\/p>\n<p>Enfin, Jean Megow a jou\u00e9 un r\u00f4le d\u00e9cisif dans l'acquisition strat\u00e9gique de Steiner Development, qui a r\u00e9cemment permis \u00e0 M3 Immobilier d'\u00e9tendre sa port\u00e9e g\u00e9ographique au-del\u00e0 de Gen\u00e8ve. <a href=\"https:\/\/www.immobilienbusiness.ch\/fr\/unternehmen\/2024-12-20\/genfer-immobilienentwickler-uebernimmt-steiner-development-ag\/\" target=\"_blank\" rel=\"noopener\">(IB a rapport\u00e9)<\/a>. Gr\u00e2ce \u00e0 cette fusion, l'expertise de M3 Immobilier en Suisse romande sera combin\u00e9e \u00e0 celle de Steiner Development en Suisse al\u00e9manique, ce qui renforcera consid\u00e9rablement son ambition de devenir le \"premier promoteur immobilier ind\u00e9pendant de Suisse\". Le vaste r\u00e9seau de Megow et son expertise en mati\u00e8re de d\u00e9veloppement de projets sont \"des atouts pr\u00e9cieux pour faire entrer M3 Immobilier dans cette nouvelle phase de son histoire\", d\u00e9clare Abdallah Chatila, fondateur et pr\u00e9sident de M3 Groupe. <em>(M.ARR.)<\/em><\/p>","protected":false},"excerpt":{"rendered":"<p>M3 Immobilier a nomm\u00e9 Jean Megow au poste de CEO. Ce manager exp\u00e9riment\u00e9 aura pour mission de soutenir la soci\u00e9t\u00e9 immobili\u00e8re romande dans sa r\u00e9orientation strat\u00e9gique vers le d\u00e9veloppement immobilier.<\/p>","protected":false},"author":102,"featured_media":61893,"comment_status":"closed","ping_status":"closed","sticky":false,"template":"","format":"standard","meta":{"_acf_changed":false,"_yoast_wpseo_focuskw":"M3 Immobilier","_yoast_wpseo_title":"","_yoast_wpseo_metadesc":"M3 Immobilier hat Jean Megow zum neuen CEO berufen. Der erfahrene Manager soll das Westschweizer Immobilienunternehmen bei seiner strategischen Neuausrichtung auf die Immobilienentwicklung unterst\u00fctzen.","_yoast_wpseo_linkdex":56,"pgc_sgb_lightbox_settings":"","footnotes":""},"categories":[1912],"tags":[4063,1563],"class_list":["post-61892","post","type-post","status-publish","format-standard","has-post-thumbnail","hentry","category-personalia","tag-m3-immobilier","tag-personalia"],"acf":[],"yoast_head":"<!-- This site is optimized with the Yoast SEO plugin v27.5 - https:\/\/yoast.com\/product\/yoast-seo-wordpress\/ -->\n<title>Jean Megow wird CEO von M3 Immobilier - IMMOBILIEN Business<\/title>\n<meta name=\"description\" content=\"M3 Immobilier hat Jean Megow zum neuen CEO berufen. Der erfahrene Manager soll das Westschweizer Immobilienunternehmen bei seiner strategischen Neuausrichtung auf die Immobilienentwicklung unterst\u00fctzen.\" \/>\n<meta name=\"robots\" content=\"index, follow, max-snippet:-1, max-image-preview:large, max-video-preview:-1\" \/>\n<link rel=\"canonical\" href=\"https:\/\/www.immobilienbusiness.ch\/fr\/personalia\/2024-12-30\/jean-megow-wird-ceo-von-m3-immobilier\/\" \/>\n<meta property=\"og:locale\" content=\"fr_FR\" \/>\n<meta property=\"og:type\" content=\"article\" \/>\n<meta property=\"og:title\" content=\"Jean Megow wird CEO von M3 Immobilier - IMMOBILIEN Business\" \/>\n<meta property=\"og:description\" content=\"M3 Immobilier hat Jean Megow zum neuen CEO berufen. Der erfahrene Manager soll das Westschweizer Immobilienunternehmen bei seiner strategischen Neuausrichtung auf die Immobilienentwicklung unterst\u00fctzen.\" \/>\n<meta property=\"og:url\" content=\"https:\/\/www.immobilienbusiness.ch\/fr\/personalia\/2024-12-30\/jean-megow-wird-ceo-von-m3-immobilier\/\" \/>\n<meta property=\"og:site_name\" content=\"IMMOBILIEN Business\" \/>\n<meta property=\"article:publisher\" content=\"https:\/\/www.facebook.com\/immobilienbusiness\/\" \/>\n<meta property=\"article:published_time\" content=\"2024-12-30T22:29:19+00:00\" \/>\n<meta property=\"article:modified_time\" content=\"2024-12-31T11:07:40+00:00\" \/>\n<meta property=\"og:image\" content=\"https:\/\/www.immobilienbusiness.ch\/wp-content\/uploads\/2024\/12\/Jean-Megow.png\" \/>\n\t<meta property=\"og:image:width\" content=\"884\" \/>\n\t<meta property=\"og:image:height\" content=\"597\" \/>\n\t<meta property=\"og:image:type\" content=\"image\/png\" \/>\n<meta name=\"author\" content=\"Alexander Wachter\" \/>\n<meta name=\"twitter:card\" content=\"summary_large_image\" \/>\n<script type=\"application\/ld+json\" class=\"yoast-schema-graph\">{\"@context\":\"https:\\\/\\\/schema.org\",\"@graph\":[{\"@type\":\"Article\",\"@id\":\"https:\\\/\\\/www.immobilienbusiness.ch\\\/de\\\/personalia\\\/2024-12-30\\\/jean-megow-wird-ceo-von-m3-immobilier\\\/#article\",\"isPartOf\":{\"@id\":\"https:\\\/\\\/www.immobilienbusiness.ch\\\/de\\\/personalia\\\/2024-12-30\\\/jean-megow-wird-ceo-von-m3-immobilier\\\/\"},\"author\":{\"name\":\"Alexander Wachter\",\"@id\":\"https:\\\/\\\/www.immobilienbusiness.ch\\\/#\\\/schema\\\/person\\\/aba8bea2db926aa0c24c08c43fe1fcd5\"},\"headline\":\"Jean Megow wird CEO von M3 Immobilier\",\"datePublished\":\"2024-12-30T22:29:19+00:00\",\"dateModified\":\"2024-12-31T11:07:40+00:00\",\"mainEntityOfPage\":{\"@id\":\"https:\\\/\\\/www.immobilienbusiness.ch\\\/de\\\/personalia\\\/2024-12-30\\\/jean-megow-wird-ceo-von-m3-immobilier\\\/\"},\"wordCount\":253,\"publisher\":{\"@id\":\"https:\\\/\\\/www.immobilienbusiness.ch\\\/#organization\"},\"image\":{\"@id\":\"https:\\\/\\\/www.immobilienbusiness.ch\\\/de\\\/personalia\\\/2024-12-30\\\/jean-megow-wird-ceo-von-m3-immobilier\\\/#primaryimage\"},\"thumbnailUrl\":\"https:\\\/\\\/www.immobilienbusiness.ch\\\/wp-content\\\/uploads\\\/2024\\\/12\\\/Jean-Megow.png\",\"keywords\":[\"M3 Immobilier\",\"Personalia\"],\"articleSection\":[\"PERSONALIA\"],\"inLanguage\":\"fr-FR\"},{\"@type\":\"WebPage\",\"@id\":\"https:\\\/\\\/www.immobilienbusiness.ch\\\/de\\\/personalia\\\/2024-12-30\\\/jean-megow-wird-ceo-von-m3-immobilier\\\/\",\"url\":\"https:\\\/\\\/www.immobilienbusiness.ch\\\/de\\\/personalia\\\/2024-12-30\\\/jean-megow-wird-ceo-von-m3-immobilier\\\/\",\"name\":\"Jean Megow wird CEO von M3 Immobilier - IMMOBILIEN Business\",\"isPartOf\":{\"@id\":\"https:\\\/\\\/www.immobilienbusiness.ch\\\/#website\"},\"primaryImageOfPage\":{\"@id\":\"https:\\\/\\\/www.immobilienbusiness.ch\\\/de\\\/personalia\\\/2024-12-30\\\/jean-megow-wird-ceo-von-m3-immobilier\\\/#primaryimage\"},\"image\":{\"@id\":\"https:\\\/\\\/www.immobilienbusiness.ch\\\/de\\\/personalia\\\/2024-12-30\\\/jean-megow-wird-ceo-von-m3-immobilier\\\/#primaryimage\"},\"thumbnailUrl\":\"https:\\\/\\\/www.immobilienbusiness.ch\\\/wp-content\\\/uploads\\\/2024\\\/12\\\/Jean-Megow.png\",\"datePublished\":\"2024-12-30T22:29:19+00:00\",\"dateModified\":\"2024-12-31T11:07:40+00:00\",\"description\":\"M3 Immobilier hat Jean Megow zum neuen CEO berufen. Der erfahrene Manager soll das Westschweizer Immobilienunternehmen bei seiner strategischen Neuausrichtung auf die Immobilienentwicklung unterst\u00fctzen.\",\"breadcrumb\":{\"@id\":\"https:\\\/\\\/www.immobilienbusiness.ch\\\/de\\\/personalia\\\/2024-12-30\\\/jean-megow-wird-ceo-von-m3-immobilier\\\/#breadcrumb\"},\"inLanguage\":\"fr-FR\",\"potentialAction\":[{\"@type\":\"ReadAction\",\"target\":[\"https:\\\/\\\/www.immobilienbusiness.ch\\\/de\\\/personalia\\\/2024-12-30\\\/jean-megow-wird-ceo-von-m3-immobilier\\\/\"]}]},{\"@type\":\"ImageObject\",\"inLanguage\":\"fr-FR\",\"@id\":\"https:\\\/\\\/www.immobilienbusiness.ch\\\/de\\\/personalia\\\/2024-12-30\\\/jean-megow-wird-ceo-von-m3-immobilier\\\/#primaryimage\",\"url\":\"https:\\\/\\\/www.immobilienbusiness.ch\\\/wp-content\\\/uploads\\\/2024\\\/12\\\/Jean-Megow.png\",\"contentUrl\":\"https:\\\/\\\/www.immobilienbusiness.ch\\\/wp-content\\\/uploads\\\/2024\\\/12\\\/Jean-Megow.png\",\"width\":884,\"height\":597,\"caption\":\"Jean Megow (Bild: \u00a9 M3 Immobilier )\"},{\"@type\":\"BreadcrumbList\",\"@id\":\"https:\\\/\\\/www.immobilienbusiness.ch\\\/de\\\/personalia\\\/2024-12-30\\\/jean-megow-wird-ceo-von-m3-immobilier\\\/#breadcrumb\",\"itemListElement\":[{\"@type\":\"ListItem\",\"position\":1,\"name\":\"Home\",\"item\":\"https:\\\/\\\/www.immobilienbusiness.ch\\\/\"},{\"@type\":\"ListItem\",\"position\":2,\"name\":\"Jean Megow wird CEO von M3 Immobilier\"}]},{\"@type\":\"WebSite\",\"@id\":\"https:\\\/\\\/www.immobilienbusiness.ch\\\/#website\",\"url\":\"https:\\\/\\\/www.immobilienbusiness.ch\\\/\",\"name\":\"IMMOBILIEN Business\",\"description\":\"Unabh\u00e4ngiges Schweizer Wirtschaftsmagazin mit Fokus auf Immobilien, Architektur- und Bau sowie Investment- und Finanzierung.\",\"publisher\":{\"@id\":\"https:\\\/\\\/www.immobilienbusiness.ch\\\/#organization\"},\"potentialAction\":[{\"@type\":\"SearchAction\",\"target\":{\"@type\":\"EntryPoint\",\"urlTemplate\":\"https:\\\/\\\/www.immobilienbusiness.ch\\\/?s={search_term_string}\"},\"query-input\":{\"@type\":\"PropertyValueSpecification\",\"valueRequired\":true,\"valueName\":\"search_term_string\"}}],\"inLanguage\":\"fr-FR\"},{\"@type\":\"Organization\",\"@id\":\"https:\\\/\\\/www.immobilienbusiness.ch\\\/#organization\",\"name\":\"IMMOBILIEN Business\",\"url\":\"https:\\\/\\\/www.immobilienbusiness.ch\\\/\",\"logo\":{\"@type\":\"ImageObject\",\"inLanguage\":\"fr-FR\",\"@id\":\"https:\\\/\\\/www.immobilienbusiness.ch\\\/#\\\/schema\\\/logo\\\/image\\\/\",\"url\":\"https:\\\/\\\/www.immobilienbusiness.ch\\\/wp-content\\\/uploads\\\/2021\\\/07\\\/logo_ib.png\",\"contentUrl\":\"https:\\\/\\\/www.immobilienbusiness.ch\\\/wp-content\\\/uploads\\\/2021\\\/07\\\/logo_ib.png\",\"width\":800,\"height\":181,\"caption\":\"IMMOBILIEN Business\"},\"image\":{\"@id\":\"https:\\\/\\\/www.immobilienbusiness.ch\\\/#\\\/schema\\\/logo\\\/image\\\/\"},\"sameAs\":[\"https:\\\/\\\/www.facebook.com\\\/immobilienbusiness\\\/\"]},{\"@type\":\"Person\",\"@id\":\"https:\\\/\\\/www.immobilienbusiness.ch\\\/#\\\/schema\\\/person\\\/aba8bea2db926aa0c24c08c43fe1fcd5\",\"name\":\"Alexander Wachter\",\"image\":{\"@type\":\"ImageObject\",\"inLanguage\":\"fr-FR\",\"@id\":\"https:\\\/\\\/secure.gravatar.com\\\/avatar\\\/1a09e471f5389b0e0a6416eac287e0927c7c97a7b77f9e787eba3af7aee281dd?s=96&d=mm&r=g\",\"url\":\"https:\\\/\\\/secure.gravatar.com\\\/avatar\\\/1a09e471f5389b0e0a6416eac287e0927c7c97a7b77f9e787eba3af7aee281dd?s=96&d=mm&r=g\",\"contentUrl\":\"https:\\\/\\\/secure.gravatar.com\\\/avatar\\\/1a09e471f5389b0e0a6416eac287e0927c7c97a7b77f9e787eba3af7aee281dd?s=96&d=mm&r=g\",\"caption\":\"Alexander Wachter\"},\"url\":\"https:\\\/\\\/www.immobilienbusiness.ch\\\/fr\\\/author\\\/alexander-wachter\\\/\"}]}<\/script>\n<!-- \/ Yoast SEO plugin. -->","yoast_head_json":{"title":"Jean Megow nomm\u00e9 CEO de M3 Immobilier - IMMOBILIER Business","description":"M3 Immobilier a nomm\u00e9 Jean Megow au poste de CEO. Ce manager exp\u00e9riment\u00e9 aura pour mission de soutenir la soci\u00e9t\u00e9 immobili\u00e8re romande dans sa r\u00e9orientation strat\u00e9gique vers le d\u00e9veloppement immobilier.","robots":{"index":"index","follow":"follow","max-snippet":"max-snippet:-1","max-image-preview":"max-image-preview:large","max-video-preview":"max-video-preview:-1"},"canonical":"https:\/\/www.immobilienbusiness.ch\/fr\/personalia\/2024-12-30\/jean-megow-wird-ceo-von-m3-immobilier\/","og_locale":"fr_FR","og_type":"article","og_title":"Jean Megow wird CEO von M3 Immobilier - IMMOBILIEN Business","og_description":"M3 Immobilier hat Jean Megow zum neuen CEO berufen. Der erfahrene Manager soll das Westschweizer Immobilienunternehmen bei seiner strategischen Neuausrichtung auf die Immobilienentwicklung unterst\u00fctzen.","og_url":"https:\/\/www.immobilienbusiness.ch\/fr\/personalia\/2024-12-30\/jean-megow-wird-ceo-von-m3-immobilier\/","og_site_name":"IMMOBILIEN Business","article_publisher":"https:\/\/www.facebook.com\/immobilienbusiness\/","article_published_time":"2024-12-30T22:29:19+00:00","article_modified_time":"2024-12-31T11:07:40+00:00","og_image":[{"width":884,"height":597,"url":"https:\/\/www.immobilienbusiness.ch\/wp-content\/uploads\/2024\/12\/Jean-Megow.png","type":"image\/png"}],"author":"Alexander Wachter","twitter_card":"summary_large_image","schema":{"@context":"https:\/\/schema.org","@graph":[{"@type":"Article","@id":"https:\/\/www.immobilienbusiness.ch\/de\/personalia\/2024-12-30\/jean-megow-wird-ceo-von-m3-immobilier\/#article","isPartOf":{"@id":"https:\/\/www.immobilienbusiness.ch\/de\/personalia\/2024-12-30\/jean-megow-wird-ceo-von-m3-immobilier\/"},"author":{"name":"Alexander Wachter","@id":"https:\/\/www.immobilienbusiness.ch\/#\/schema\/person\/aba8bea2db926aa0c24c08c43fe1fcd5"},"headline":"Jean Megow wird CEO von M3 Immobilier","datePublished":"2024-12-30T22:29:19+00:00","dateModified":"2024-12-31T11:07:40+00:00","mainEntityOfPage":{"@id":"https:\/\/www.immobilienbusiness.ch\/de\/personalia\/2024-12-30\/jean-megow-wird-ceo-von-m3-immobilier\/"},"wordCount":253,"publisher":{"@id":"https:\/\/www.immobilienbusiness.ch\/#organization"},"image":{"@id":"https:\/\/www.immobilienbusiness.ch\/de\/personalia\/2024-12-30\/jean-megow-wird-ceo-von-m3-immobilier\/#primaryimage"},"thumbnailUrl":"https:\/\/www.immobilienbusiness.ch\/wp-content\/uploads\/2024\/12\/Jean-Megow.png","keywords":["M3 Immobilier","Personalia"],"articleSection":["PERSONALIA"],"inLanguage":"fr-FR"},{"@type":"WebPage","@id":"https:\/\/www.immobilienbusiness.ch\/de\/personalia\/2024-12-30\/jean-megow-wird-ceo-von-m3-immobilier\/","url":"https:\/\/www.immobilienbusiness.ch\/de\/personalia\/2024-12-30\/jean-megow-wird-ceo-von-m3-immobilier\/","name":"Jean Megow nomm\u00e9 CEO de M3 Immobilier - IMMOBILIER Business","isPartOf":{"@id":"https:\/\/www.immobilienbusiness.ch\/#website"},"primaryImageOfPage":{"@id":"https:\/\/www.immobilienbusiness.ch\/de\/personalia\/2024-12-30\/jean-megow-wird-ceo-von-m3-immobilier\/#primaryimage"},"image":{"@id":"https:\/\/www.immobilienbusiness.ch\/de\/personalia\/2024-12-30\/jean-megow-wird-ceo-von-m3-immobilier\/#primaryimage"},"thumbnailUrl":"https:\/\/www.immobilienbusiness.ch\/wp-content\/uploads\/2024\/12\/Jean-Megow.png","datePublished":"2024-12-30T22:29:19+00:00","dateModified":"2024-12-31T11:07:40+00:00","description":"M3 Immobilier a nomm\u00e9 Jean Megow au poste de CEO. Ce manager exp\u00e9riment\u00e9 aura pour mission de soutenir la soci\u00e9t\u00e9 immobili\u00e8re romande dans sa r\u00e9orientation strat\u00e9gique vers le d\u00e9veloppement immobilier.","breadcrumb":{"@id":"https:\/\/www.immobilienbusiness.ch\/de\/personalia\/2024-12-30\/jean-megow-wird-ceo-von-m3-immobilier\/#breadcrumb"},"inLanguage":"fr-FR","potentialAction":[{"@type":"ReadAction","target":["https:\/\/www.immobilienbusiness.ch\/de\/personalia\/2024-12-30\/jean-megow-wird-ceo-von-m3-immobilier\/"]}]},{"@type":"ImageObject","inLanguage":"fr-FR","@id":"https:\/\/www.immobilienbusiness.ch\/de\/personalia\/2024-12-30\/jean-megow-wird-ceo-von-m3-immobilier\/#primaryimage","url":"https:\/\/www.immobilienbusiness.ch\/wp-content\/uploads\/2024\/12\/Jean-Megow.png","contentUrl":"https:\/\/www.immobilienbusiness.ch\/wp-content\/uploads\/2024\/12\/Jean-Megow.png","width":884,"height":597,"caption":"Jean Megow (Bild: \u00a9 M3 Immobilier )"},{"@type":"BreadcrumbList","@id":"https:\/\/www.immobilienbusiness.ch\/de\/personalia\/2024-12-30\/jean-megow-wird-ceo-von-m3-immobilier\/#breadcrumb","itemListElement":[{"@type":"ListItem","position":1,"name":"Home","item":"https:\/\/www.immobilienbusiness.ch\/"},{"@type":"ListItem","position":2,"name":"Jean Megow wird CEO von M3 Immobilier"}]},{"@type":"WebSite","@id":"https:\/\/www.immobilienbusiness.ch\/#website","url":"https:\/\/www.immobilienbusiness.ch\/","name":"IMMOBILIER Business","description":"Magazine \u00e9conomique suisse ind\u00e9pendant ax\u00e9 sur l'immobilier, l'architecture et la construction ainsi que sur les investissements et le financement.","publisher":{"@id":"https:\/\/www.immobilienbusiness.ch\/#organization"},"potentialAction":[{"@type":"SearchAction","target":{"@type":"EntryPoint","urlTemplate":"https:\/\/www.immobilienbusiness.ch\/?s={search_term_string}"},"query-input":{"@type":"PropertyValueSpecification","valueRequired":true,"valueName":"search_term_string"}}],"inLanguage":"fr-FR"},{"@type":"Organization","@id":"https:\/\/www.immobilienbusiness.ch\/#organization","name":"IMMOBILIER Business","url":"https:\/\/www.immobilienbusiness.ch\/","logo":{"@type":"ImageObject","inLanguage":"fr-FR","@id":"https:\/\/www.immobilienbusiness.ch\/#\/schema\/logo\/image\/","url":"https:\/\/www.immobilienbusiness.ch\/wp-content\/uploads\/2021\/07\/logo_ib.png","contentUrl":"https:\/\/www.immobilienbusiness.ch\/wp-content\/uploads\/2021\/07\/logo_ib.png","width":800,"height":181,"caption":"IMMOBILIEN Business"},"image":{"@id":"https:\/\/www.immobilienbusiness.ch\/#\/schema\/logo\/image\/"},"sameAs":["https:\/\/www.facebook.com\/immobilienbusiness\/"]},{"@type":"Person","@id":"https:\/\/www.immobilienbusiness.ch\/#\/schema\/person\/aba8bea2db926aa0c24c08c43fe1fcd5","name":"Alexander Wachter","image":{"@type":"ImageObject","inLanguage":"fr-FR","@id":"https:\/\/secure.gravatar.com\/avatar\/1a09e471f5389b0e0a6416eac287e0927c7c97a7b77f9e787eba3af7aee281dd?s=96&d=mm&r=g","url":"https:\/\/secure.gravatar.com\/avatar\/1a09e471f5389b0e0a6416eac287e0927c7c97a7b77f9e787eba3af7aee281dd?s=96&d=mm&r=g","contentUrl":"https:\/\/secure.gravatar.com\/avatar\/1a09e471f5389b0e0a6416eac287e0927c7c97a7b77f9e787eba3af7aee281dd?s=96&d=mm&r=g","caption":"Alexander Wachter"},"url":"https:\/\/www.immobilienbusiness.ch\/fr\/author\/alexander-wachter\/"}]}},"_links":{"self":[{"href":"https:\/\/www.immobilienbusiness.ch\/fr\/wp-json\/wp\/v2\/posts\/61892","targetHints":{"allow":["GET"]}}],"collection":[{"href":"https:\/\/www.immobilienbusiness.ch\/fr\/wp-json\/wp\/v2\/posts"}],"about":[{"href":"https:\/\/www.immobilienbusiness.ch\/fr\/wp-json\/wp\/v2\/types\/post"}],"author":[{"embeddable":true,"href":"https:\/\/www.immobilienbusiness.ch\/fr\/wp-json\/wp\/v2\/users\/102"}],"replies":[{"embeddable":true,"href":"https:\/\/www.immobilienbusiness.ch\/fr\/wp-json\/wp\/v2\/comments?post=61892"}],"version-history":[{"count":5,"href":"https:\/\/www.immobilienbusiness.ch\/fr\/wp-json\/wp\/v2\/posts\/61892\/revisions"}],"predecessor-version":[{"id":61899,"href":"https:\/\/www.immobilienbusiness.ch\/fr\/wp-json\/wp\/v2\/posts\/61892\/revisions\/61899"}],"wp:featuredmedia":[{"embeddable":true,"href":"https:\/\/www.immobilienbusiness.ch\/fr\/wp-json\/wp\/v2\/media\/61893"}],"wp:attachment":[{"href":"https:\/\/www.immobilienbusiness.ch\/fr\/wp-json\/wp\/v2\/media?parent=61892"}],"wp:term":[{"taxonomy":"category","embeddable":true,"href":"https:\/\/www.immobilienbusiness.ch\/fr\/wp-json\/wp\/v2\/categories?post=61892"},{"taxonomy":"post_tag","embeddable":true,"href":"https:\/\/www.immobilienbusiness.ch\/fr\/wp-json\/wp\/v2\/tags?post=61892"}],"curies":[{"name":"wp","href":"https:\/\/api.w.org\/{rel}","templated":true}]}}