{"id":61809,"date":"2024-12-16T08:52:32","date_gmt":"2024-12-16T07:52:32","guid":{"rendered":"https:\/\/www.immobilienbusiness.ch\/?p=61809"},"modified":"2024-12-18T19:41:33","modified_gmt":"2024-12-18T18:41:33","slug":"luzern-neues-hotel-erhaelt-baubewilligung","status":"publish","type":"post","link":"https:\/\/www.immobilienbusiness.ch\/fr\/regionen\/2024-12-16\/luzern-neues-hotel-erhaelt-baubewilligung\/","title":{"rendered":"Lucerne : le nouvel h\u00f4tel obtient le permis de construire"},"content":{"rendered":"<figure id=\"attachment_61810\" aria-describedby=\"caption-attachment-61810\" style=\"width: 768px\" class=\"wp-caption alignnone\"><a href=\"https:\/\/www.immobilienbusiness.ch\/wp-content\/uploads\/2024\/12\/April_2023_23A81-Luetolf-und-Scheuner-Hotel-Tribschenstrasse-Tag-230414B-1-scaled-1-scaled.jpg\"><img loading=\"lazy\" decoding=\"async\" class=\"size-large wp-image-61810\" src=\"https:\/\/www.immobilienbusiness.ch\/wp-content\/uploads\/2024\/12\/April_2023_23A81-Luetolf-und-Scheuner-Hotel-Tribschenstrasse-Tag-230414B-1-scaled-1-1024x763.jpg\" alt=\"\" width=\"768\" height=\"572\" srcset=\"https:\/\/www.immobilienbusiness.ch\/wp-content\/uploads\/2024\/12\/April_2023_23A81-Luetolf-und-Scheuner-Hotel-Tribschenstrasse-Tag-230414B-1-scaled-1-1024x763.jpg 1024w, https:\/\/www.immobilienbusiness.ch\/wp-content\/uploads\/2024\/12\/April_2023_23A81-Luetolf-und-Scheuner-Hotel-Tribschenstrasse-Tag-230414B-1-scaled-1-300x223.jpg 300w, https:\/\/www.immobilienbusiness.ch\/wp-content\/uploads\/2024\/12\/April_2023_23A81-Luetolf-und-Scheuner-Hotel-Tribschenstrasse-Tag-230414B-1-scaled-1-768x572.jpg 768w, https:\/\/www.immobilienbusiness.ch\/wp-content\/uploads\/2024\/12\/April_2023_23A81-Luetolf-und-Scheuner-Hotel-Tribschenstrasse-Tag-230414B-1-scaled-1-1536x1144.jpg 1536w, https:\/\/www.immobilienbusiness.ch\/wp-content\/uploads\/2024\/12\/April_2023_23A81-Luetolf-und-Scheuner-Hotel-Tribschenstrasse-Tag-230414B-1-scaled-1-2048x1526.jpg 2048w, https:\/\/www.immobilienbusiness.ch\/wp-content\/uploads\/2024\/12\/April_2023_23A81-Luetolf-und-Scheuner-Hotel-Tribschenstrasse-Tag-230414B-1-scaled-1-16x12.jpg 16w, https:\/\/www.immobilienbusiness.ch\/wp-content\/uploads\/2024\/12\/April_2023_23A81-Luetolf-und-Scheuner-Hotel-Tribschenstrasse-Tag-230414B-1-scaled-1-375x279.jpg 375w, https:\/\/www.immobilienbusiness.ch\/wp-content\/uploads\/2024\/12\/April_2023_23A81-Luetolf-und-Scheuner-Hotel-Tribschenstrasse-Tag-230414B-1-scaled-1-470x350.jpg 470w, https:\/\/www.immobilienbusiness.ch\/wp-content\/uploads\/2024\/12\/April_2023_23A81-Luetolf-und-Scheuner-Hotel-Tribschenstrasse-Tag-230414B-1-scaled-1-1000x745.jpg 1000w, https:\/\/www.immobilienbusiness.ch\/wp-content\/uploads\/2024\/12\/April_2023_23A81-Luetolf-und-Scheuner-Hotel-Tribschenstrasse-Tag-230414B-1-scaled-1-scaled.jpg 1200w\" sizes=\"auto, (max-width: 768px) 100vw, 768px\" \/><\/a><figcaption id=\"caption-attachment-61810\" class=\"wp-caption-text\">Le nouvel h\u00f4tel qui doit \u00eatre construit \u00e0 Lucerne (Image : \u00a9 Nightnurse Images)<\/figcaption><\/figure>\n<p>La ville de Lucerne a accord\u00e9 le permis de construire pour un h\u00f4tel urbain \u00e0 Tribschen. Il remplace le b\u00e2timent existant Tribschenstrasse 7\/9 datant de 1975, qui servait de bureaux \u00e0 la coop\u00e9rative de mat\u00e9riaux de construction HG Commerciale et \u00e0 la F\u00e9d\u00e9ration des entrepreneurs de Suisse centrale (ZBV), qui seront ensemble ma\u00eetres d'ouvrage et propri\u00e9taires du nouvel immeuble. Actuellement, le b\u00e2timent est encore utilis\u00e9 de mani\u00e8re temporaire. HG Commerciale d\u00e9m\u00e9nage ses bureaux actuels et une partie de son entrep\u00f4t \u00e0 Inwil, ce qui lib\u00e8re partiellement le site actuel. L'association des entrepreneurs de Suisse centrale (ZBV) conserve ses bureaux dans le nouveau b\u00e2timent. L'h\u00f4tel devrait compter 150 chambres.<\/p>\n<h3>Op\u00e9rateur local<\/h3>\n<p>Comme le font savoir les propri\u00e9taires, 60 exploitants d'h\u00f4tels potentiels de Suisse et de l'\u00e9tranger ont \u00e9t\u00e9 contact\u00e9s. Le choix s'est finalement port\u00e9 sur l'entreprise lucernoise Tavolago AG. L'objectif est de cr\u00e9er un \"h\u00f4tel individuel avec un concept moderne\", pour les voyageurs individuels, les familles, les couples, les voyageurs d'affaires et les associations. La m\u00e8re de Tavolago, SGV Holding AG, est selon ses propres dires l'un des plus grands groupes de restauration de Suisse centrale.<\/p>\n<h3>La salle de concert du quartier est pr\u00e9serv\u00e9e<\/h3>\n<p>Une opposition au projet d\u00e9pos\u00e9e par l'association \"Konzertzentrum Sch\u00fc\u00fcr\" est retir\u00e9e. Comme le communique la ville de Lucerne, une solution \u00e0 l'amiable a \u00e9t\u00e9 trouv\u00e9e gr\u00e2ce \u00e0 un contrat de servitude inscrit au registre foncier entre la ville de Lucerne et le ma\u00eetre d'ouvrage. Cela doit garantir la tol\u00e9rance des \u00e9missions sonores. Selon un communiqu\u00e9, l'emplacement de la salle de concert est assur\u00e9 \u00e0 long terme. <em>(aw)<\/em><\/p>\n<p>&nbsp;<\/p>\n<p>&nbsp;<\/p>","protected":false},"excerpt":{"rendered":"<p>Apr\u00e8s le retrait d'une opposition, la voie est libre pour un h\u00f4tel de 150 chambres et des bureaux \u00e0 Tribschen.<\/p>","protected":false},"author":102,"featured_media":61810,"comment_status":"closed","ping_status":"closed","sticky":false,"template":"","format":"standard","meta":{"_acf_changed":false,"_yoast_wpseo_focuskw":"Luzern","_yoast_wpseo_title":"","_yoast_wpseo_metadesc":"Nachdem eine Einsprache zur\u00fcckgezogen wurde, ist der Weg frei f\u00fcr ein Hotel mit 150 Zimmern und B\u00fcros in Tribschen.","_yoast_wpseo_linkdex":62,"pgc_sgb_lightbox_settings":"","footnotes":""},"categories":[985],"tags":[2081,1313,1426,1459,1600,4057],"class_list":["post-61809","post","type-post","status-publish","format-standard","has-post-thumbnail","hentry","category-regionen","tag-bueros","tag-hotel","tag-kultur","tag-luzern","tag-projekt-in-planung","tag-zentralschweizerische-baumeisterverbaende-zbv"],"acf":[],"yoast_head":"<!-- This site is optimized with the Yoast SEO plugin v27.4 - https:\/\/yoast.com\/product\/yoast-seo-wordpress\/ -->\n<title>Luzern: Neues Hotel erh\u00e4lt Baubewilligung - IMMOBILIEN Business<\/title>\n<meta name=\"description\" content=\"Nachdem eine Einsprache zur\u00fcckgezogen wurde, ist der Weg frei f\u00fcr ein Hotel mit 150 Zimmern und B\u00fcros in Tribschen.\" \/>\n<meta name=\"robots\" content=\"index, follow, max-snippet:-1, max-image-preview:large, max-video-preview:-1\" \/>\n<link rel=\"canonical\" href=\"https:\/\/www.immobilienbusiness.ch\/fr\/regionen\/2024-12-16\/luzern-neues-hotel-erhaelt-baubewilligung\/\" \/>\n<meta property=\"og:locale\" content=\"fr_FR\" \/>\n<meta property=\"og:type\" content=\"article\" \/>\n<meta property=\"og:title\" content=\"Luzern: Neues Hotel erh\u00e4lt Baubewilligung - IMMOBILIEN Business\" \/>\n<meta property=\"og:description\" content=\"Nachdem eine Einsprache zur\u00fcckgezogen wurde, ist der Weg frei f\u00fcr ein Hotel mit 150 Zimmern und B\u00fcros in Tribschen.\" \/>\n<meta property=\"og:url\" content=\"https:\/\/www.immobilienbusiness.ch\/fr\/regionen\/2024-12-16\/luzern-neues-hotel-erhaelt-baubewilligung\/\" \/>\n<meta property=\"og:site_name\" content=\"IMMOBILIEN Business\" \/>\n<meta property=\"article:publisher\" content=\"https:\/\/www.facebook.com\/immobilienbusiness\/\" \/>\n<meta property=\"article:published_time\" content=\"2024-12-16T07:52:32+00:00\" \/>\n<meta property=\"article:modified_time\" content=\"2024-12-18T18:41:33+00:00\" \/>\n<meta property=\"og:image\" content=\"https:\/\/www.immobilienbusiness.ch\/wp-content\/uploads\/2024\/12\/April_2023_23A81-Luetolf-und-Scheuner-Hotel-Tribschenstrasse-Tag-230414B-1-scaled-1-scaled.jpg\" \/>\n\t<meta property=\"og:image:width\" content=\"1200\" \/>\n\t<meta property=\"og:image:height\" content=\"894\" \/>\n\t<meta property=\"og:image:type\" content=\"image\/jpeg\" \/>\n<meta name=\"author\" content=\"Alexander Wachter\" \/>\n<meta name=\"twitter:card\" content=\"summary_large_image\" \/>\n<script type=\"application\/ld+json\" class=\"yoast-schema-graph\">{\"@context\":\"https:\\\/\\\/schema.org\",\"@graph\":[{\"@type\":\"Article\",\"@id\":\"https:\\\/\\\/www.immobilienbusiness.ch\\\/en\\\/regionen\\\/2024-12-16\\\/luzern-neues-hotel-erhaelt-baubewilligung\\\/#article\",\"isPartOf\":{\"@id\":\"https:\\\/\\\/www.immobilienbusiness.ch\\\/en\\\/regionen\\\/2024-12-16\\\/luzern-neues-hotel-erhaelt-baubewilligung\\\/\"},\"author\":{\"name\":\"Alexander Wachter\",\"@id\":\"https:\\\/\\\/www.immobilienbusiness.ch\\\/#\\\/schema\\\/person\\\/aba8bea2db926aa0c24c08c43fe1fcd5\"},\"headline\":\"Luzern: Neues Hotel erh\u00e4lt Baubewilligung\",\"datePublished\":\"2024-12-16T07:52:32+00:00\",\"dateModified\":\"2024-12-18T18:41:33+00:00\",\"mainEntityOfPage\":{\"@id\":\"https:\\\/\\\/www.immobilienbusiness.ch\\\/en\\\/regionen\\\/2024-12-16\\\/luzern-neues-hotel-erhaelt-baubewilligung\\\/\"},\"wordCount\":253,\"publisher\":{\"@id\":\"https:\\\/\\\/www.immobilienbusiness.ch\\\/#organization\"},\"image\":{\"@id\":\"https:\\\/\\\/www.immobilienbusiness.ch\\\/en\\\/regionen\\\/2024-12-16\\\/luzern-neues-hotel-erhaelt-baubewilligung\\\/#primaryimage\"},\"thumbnailUrl\":\"https:\\\/\\\/www.immobilienbusiness.ch\\\/wp-content\\\/uploads\\\/2024\\\/12\\\/April_2023_23A81-Luetolf-und-Scheuner-Hotel-Tribschenstrasse-Tag-230414B-1-scaled-1-scaled.jpg\",\"keywords\":[\"B\u00fcros\",\"Hotel\",\"Kultur\",\"Luzern\",\"Projekt in Planung\",\"Zentralschweizerische Baumeisterverb\u00e4nde (ZBV)\"],\"articleSection\":[\"REGIONEN\"],\"inLanguage\":\"fr-FR\"},{\"@type\":\"WebPage\",\"@id\":\"https:\\\/\\\/www.immobilienbusiness.ch\\\/en\\\/regionen\\\/2024-12-16\\\/luzern-neues-hotel-erhaelt-baubewilligung\\\/\",\"url\":\"https:\\\/\\\/www.immobilienbusiness.ch\\\/en\\\/regionen\\\/2024-12-16\\\/luzern-neues-hotel-erhaelt-baubewilligung\\\/\",\"name\":\"Luzern: Neues Hotel erh\u00e4lt Baubewilligung - IMMOBILIEN Business\",\"isPartOf\":{\"@id\":\"https:\\\/\\\/www.immobilienbusiness.ch\\\/#website\"},\"primaryImageOfPage\":{\"@id\":\"https:\\\/\\\/www.immobilienbusiness.ch\\\/en\\\/regionen\\\/2024-12-16\\\/luzern-neues-hotel-erhaelt-baubewilligung\\\/#primaryimage\"},\"image\":{\"@id\":\"https:\\\/\\\/www.immobilienbusiness.ch\\\/en\\\/regionen\\\/2024-12-16\\\/luzern-neues-hotel-erhaelt-baubewilligung\\\/#primaryimage\"},\"thumbnailUrl\":\"https:\\\/\\\/www.immobilienbusiness.ch\\\/wp-content\\\/uploads\\\/2024\\\/12\\\/April_2023_23A81-Luetolf-und-Scheuner-Hotel-Tribschenstrasse-Tag-230414B-1-scaled-1-scaled.jpg\",\"datePublished\":\"2024-12-16T07:52:32+00:00\",\"dateModified\":\"2024-12-18T18:41:33+00:00\",\"description\":\"Nachdem eine Einsprache zur\u00fcckgezogen wurde, ist der Weg frei f\u00fcr ein Hotel mit 150 Zimmern und B\u00fcros in Tribschen.\",\"breadcrumb\":{\"@id\":\"https:\\\/\\\/www.immobilienbusiness.ch\\\/en\\\/regionen\\\/2024-12-16\\\/luzern-neues-hotel-erhaelt-baubewilligung\\\/#breadcrumb\"},\"inLanguage\":\"fr-FR\",\"potentialAction\":[{\"@type\":\"ReadAction\",\"target\":[\"https:\\\/\\\/www.immobilienbusiness.ch\\\/en\\\/regionen\\\/2024-12-16\\\/luzern-neues-hotel-erhaelt-baubewilligung\\\/\"]}]},{\"@type\":\"ImageObject\",\"inLanguage\":\"fr-FR\",\"@id\":\"https:\\\/\\\/www.immobilienbusiness.ch\\\/en\\\/regionen\\\/2024-12-16\\\/luzern-neues-hotel-erhaelt-baubewilligung\\\/#primaryimage\",\"url\":\"https:\\\/\\\/www.immobilienbusiness.ch\\\/wp-content\\\/uploads\\\/2024\\\/12\\\/April_2023_23A81-Luetolf-und-Scheuner-Hotel-Tribschenstrasse-Tag-230414B-1-scaled-1-scaled.jpg\",\"contentUrl\":\"https:\\\/\\\/www.immobilienbusiness.ch\\\/wp-content\\\/uploads\\\/2024\\\/12\\\/April_2023_23A81-Luetolf-und-Scheuner-Hotel-Tribschenstrasse-Tag-230414B-1-scaled-1-scaled.jpg\",\"width\":1200,\"height\":894,\"caption\":\"Das neue Hotel, das in Luzern entstehen soll (Bild: \u00a9 Nightnurse Images)\"},{\"@type\":\"BreadcrumbList\",\"@id\":\"https:\\\/\\\/www.immobilienbusiness.ch\\\/en\\\/regionen\\\/2024-12-16\\\/luzern-neues-hotel-erhaelt-baubewilligung\\\/#breadcrumb\",\"itemListElement\":[{\"@type\":\"ListItem\",\"position\":1,\"name\":\"Home\",\"item\":\"https:\\\/\\\/www.immobilienbusiness.ch\\\/\"},{\"@type\":\"ListItem\",\"position\":2,\"name\":\"Luzern: Neues Hotel erh\u00e4lt Baubewilligung\"}]},{\"@type\":\"WebSite\",\"@id\":\"https:\\\/\\\/www.immobilienbusiness.ch\\\/#website\",\"url\":\"https:\\\/\\\/www.immobilienbusiness.ch\\\/\",\"name\":\"IMMOBILIEN Business\",\"description\":\"Unabh\u00e4ngiges Schweizer Wirtschaftsmagazin mit Fokus auf Immobilien, Architektur- und Bau sowie Investment- und Finanzierung.\",\"publisher\":{\"@id\":\"https:\\\/\\\/www.immobilienbusiness.ch\\\/#organization\"},\"potentialAction\":[{\"@type\":\"SearchAction\",\"target\":{\"@type\":\"EntryPoint\",\"urlTemplate\":\"https:\\\/\\\/www.immobilienbusiness.ch\\\/?s={search_term_string}\"},\"query-input\":{\"@type\":\"PropertyValueSpecification\",\"valueRequired\":true,\"valueName\":\"search_term_string\"}}],\"inLanguage\":\"fr-FR\"},{\"@type\":\"Organization\",\"@id\":\"https:\\\/\\\/www.immobilienbusiness.ch\\\/#organization\",\"name\":\"IMMOBILIEN Business\",\"url\":\"https:\\\/\\\/www.immobilienbusiness.ch\\\/\",\"logo\":{\"@type\":\"ImageObject\",\"inLanguage\":\"fr-FR\",\"@id\":\"https:\\\/\\\/www.immobilienbusiness.ch\\\/#\\\/schema\\\/logo\\\/image\\\/\",\"url\":\"https:\\\/\\\/www.immobilienbusiness.ch\\\/wp-content\\\/uploads\\\/2021\\\/07\\\/logo_ib.png\",\"contentUrl\":\"https:\\\/\\\/www.immobilienbusiness.ch\\\/wp-content\\\/uploads\\\/2021\\\/07\\\/logo_ib.png\",\"width\":800,\"height\":181,\"caption\":\"IMMOBILIEN Business\"},\"image\":{\"@id\":\"https:\\\/\\\/www.immobilienbusiness.ch\\\/#\\\/schema\\\/logo\\\/image\\\/\"},\"sameAs\":[\"https:\\\/\\\/www.facebook.com\\\/immobilienbusiness\\\/\"]},{\"@type\":\"Person\",\"@id\":\"https:\\\/\\\/www.immobilienbusiness.ch\\\/#\\\/schema\\\/person\\\/aba8bea2db926aa0c24c08c43fe1fcd5\",\"name\":\"Alexander Wachter\",\"image\":{\"@type\":\"ImageObject\",\"inLanguage\":\"fr-FR\",\"@id\":\"https:\\\/\\\/secure.gravatar.com\\\/avatar\\\/1a09e471f5389b0e0a6416eac287e0927c7c97a7b77f9e787eba3af7aee281dd?s=96&d=mm&r=g\",\"url\":\"https:\\\/\\\/secure.gravatar.com\\\/avatar\\\/1a09e471f5389b0e0a6416eac287e0927c7c97a7b77f9e787eba3af7aee281dd?s=96&d=mm&r=g\",\"contentUrl\":\"https:\\\/\\\/secure.gravatar.com\\\/avatar\\\/1a09e471f5389b0e0a6416eac287e0927c7c97a7b77f9e787eba3af7aee281dd?s=96&d=mm&r=g\",\"caption\":\"Alexander Wachter\"},\"url\":\"https:\\\/\\\/www.immobilienbusiness.ch\\\/fr\\\/author\\\/alexander-wachter\\\/\"}]}<\/script>\n<!-- \/ Yoast SEO plugin. -->","yoast_head_json":{"title":"Lucerne : le nouvel h\u00f4tel obtient le permis de construire - IMMOBILIER Business","description":"Apr\u00e8s le retrait d'une opposition, la voie est libre pour un h\u00f4tel de 150 chambres et des bureaux \u00e0 Tribschen.","robots":{"index":"index","follow":"follow","max-snippet":"max-snippet:-1","max-image-preview":"max-image-preview:large","max-video-preview":"max-video-preview:-1"},"canonical":"https:\/\/www.immobilienbusiness.ch\/fr\/regionen\/2024-12-16\/luzern-neues-hotel-erhaelt-baubewilligung\/","og_locale":"fr_FR","og_type":"article","og_title":"Luzern: Neues Hotel erh\u00e4lt Baubewilligung - IMMOBILIEN Business","og_description":"Nachdem eine Einsprache zur\u00fcckgezogen wurde, ist der Weg frei f\u00fcr ein Hotel mit 150 Zimmern und B\u00fcros in Tribschen.","og_url":"https:\/\/www.immobilienbusiness.ch\/fr\/regionen\/2024-12-16\/luzern-neues-hotel-erhaelt-baubewilligung\/","og_site_name":"IMMOBILIEN Business","article_publisher":"https:\/\/www.facebook.com\/immobilienbusiness\/","article_published_time":"2024-12-16T07:52:32+00:00","article_modified_time":"2024-12-18T18:41:33+00:00","og_image":[{"width":1200,"height":894,"url":"https:\/\/www.immobilienbusiness.ch\/wp-content\/uploads\/2024\/12\/April_2023_23A81-Luetolf-und-Scheuner-Hotel-Tribschenstrasse-Tag-230414B-1-scaled-1-scaled.jpg","type":"image\/jpeg"}],"author":"Alexander Wachter","twitter_card":"summary_large_image","schema":{"@context":"https:\/\/schema.org","@graph":[{"@type":"Article","@id":"https:\/\/www.immobilienbusiness.ch\/en\/regionen\/2024-12-16\/luzern-neues-hotel-erhaelt-baubewilligung\/#article","isPartOf":{"@id":"https:\/\/www.immobilienbusiness.ch\/en\/regionen\/2024-12-16\/luzern-neues-hotel-erhaelt-baubewilligung\/"},"author":{"name":"Alexander Wachter","@id":"https:\/\/www.immobilienbusiness.ch\/#\/schema\/person\/aba8bea2db926aa0c24c08c43fe1fcd5"},"headline":"Luzern: Neues Hotel erh\u00e4lt Baubewilligung","datePublished":"2024-12-16T07:52:32+00:00","dateModified":"2024-12-18T18:41:33+00:00","mainEntityOfPage":{"@id":"https:\/\/www.immobilienbusiness.ch\/en\/regionen\/2024-12-16\/luzern-neues-hotel-erhaelt-baubewilligung\/"},"wordCount":253,"publisher":{"@id":"https:\/\/www.immobilienbusiness.ch\/#organization"},"image":{"@id":"https:\/\/www.immobilienbusiness.ch\/en\/regionen\/2024-12-16\/luzern-neues-hotel-erhaelt-baubewilligung\/#primaryimage"},"thumbnailUrl":"https:\/\/www.immobilienbusiness.ch\/wp-content\/uploads\/2024\/12\/April_2023_23A81-Luetolf-und-Scheuner-Hotel-Tribschenstrasse-Tag-230414B-1-scaled-1-scaled.jpg","keywords":["B\u00fcros","Hotel","Kultur","Luzern","Projekt in Planung","Zentralschweizerische Baumeisterverb\u00e4nde (ZBV)"],"articleSection":["REGIONEN"],"inLanguage":"fr-FR"},{"@type":"WebPage","@id":"https:\/\/www.immobilienbusiness.ch\/en\/regionen\/2024-12-16\/luzern-neues-hotel-erhaelt-baubewilligung\/","url":"https:\/\/www.immobilienbusiness.ch\/en\/regionen\/2024-12-16\/luzern-neues-hotel-erhaelt-baubewilligung\/","name":"Lucerne : le nouvel h\u00f4tel obtient le permis de construire - IMMOBILIER Business","isPartOf":{"@id":"https:\/\/www.immobilienbusiness.ch\/#website"},"primaryImageOfPage":{"@id":"https:\/\/www.immobilienbusiness.ch\/en\/regionen\/2024-12-16\/luzern-neues-hotel-erhaelt-baubewilligung\/#primaryimage"},"image":{"@id":"https:\/\/www.immobilienbusiness.ch\/en\/regionen\/2024-12-16\/luzern-neues-hotel-erhaelt-baubewilligung\/#primaryimage"},"thumbnailUrl":"https:\/\/www.immobilienbusiness.ch\/wp-content\/uploads\/2024\/12\/April_2023_23A81-Luetolf-und-Scheuner-Hotel-Tribschenstrasse-Tag-230414B-1-scaled-1-scaled.jpg","datePublished":"2024-12-16T07:52:32+00:00","dateModified":"2024-12-18T18:41:33+00:00","description":"Apr\u00e8s le retrait d'une opposition, la voie est libre pour un h\u00f4tel de 150 chambres et des bureaux \u00e0 Tribschen.","breadcrumb":{"@id":"https:\/\/www.immobilienbusiness.ch\/en\/regionen\/2024-12-16\/luzern-neues-hotel-erhaelt-baubewilligung\/#breadcrumb"},"inLanguage":"fr-FR","potentialAction":[{"@type":"ReadAction","target":["https:\/\/www.immobilienbusiness.ch\/en\/regionen\/2024-12-16\/luzern-neues-hotel-erhaelt-baubewilligung\/"]}]},{"@type":"ImageObject","inLanguage":"fr-FR","@id":"https:\/\/www.immobilienbusiness.ch\/en\/regionen\/2024-12-16\/luzern-neues-hotel-erhaelt-baubewilligung\/#primaryimage","url":"https:\/\/www.immobilienbusiness.ch\/wp-content\/uploads\/2024\/12\/April_2023_23A81-Luetolf-und-Scheuner-Hotel-Tribschenstrasse-Tag-230414B-1-scaled-1-scaled.jpg","contentUrl":"https:\/\/www.immobilienbusiness.ch\/wp-content\/uploads\/2024\/12\/April_2023_23A81-Luetolf-und-Scheuner-Hotel-Tribschenstrasse-Tag-230414B-1-scaled-1-scaled.jpg","width":1200,"height":894,"caption":"Das neue Hotel, das in Luzern entstehen soll (Bild: \u00a9 Nightnurse Images)"},{"@type":"BreadcrumbList","@id":"https:\/\/www.immobilienbusiness.ch\/en\/regionen\/2024-12-16\/luzern-neues-hotel-erhaelt-baubewilligung\/#breadcrumb","itemListElement":[{"@type":"ListItem","position":1,"name":"Home","item":"https:\/\/www.immobilienbusiness.ch\/"},{"@type":"ListItem","position":2,"name":"Luzern: Neues Hotel erh\u00e4lt Baubewilligung"}]},{"@type":"WebSite","@id":"https:\/\/www.immobilienbusiness.ch\/#website","url":"https:\/\/www.immobilienbusiness.ch\/","name":"IMMOBILIER Business","description":"Magazine \u00e9conomique suisse ind\u00e9pendant ax\u00e9 sur l'immobilier, l'architecture et la construction ainsi que sur les investissements et le financement.","publisher":{"@id":"https:\/\/www.immobilienbusiness.ch\/#organization"},"potentialAction":[{"@type":"SearchAction","target":{"@type":"EntryPoint","urlTemplate":"https:\/\/www.immobilienbusiness.ch\/?s={search_term_string}"},"query-input":{"@type":"PropertyValueSpecification","valueRequired":true,"valueName":"search_term_string"}}],"inLanguage":"fr-FR"},{"@type":"Organization","@id":"https:\/\/www.immobilienbusiness.ch\/#organization","name":"IMMOBILIER Business","url":"https:\/\/www.immobilienbusiness.ch\/","logo":{"@type":"ImageObject","inLanguage":"fr-FR","@id":"https:\/\/www.immobilienbusiness.ch\/#\/schema\/logo\/image\/","url":"https:\/\/www.immobilienbusiness.ch\/wp-content\/uploads\/2021\/07\/logo_ib.png","contentUrl":"https:\/\/www.immobilienbusiness.ch\/wp-content\/uploads\/2021\/07\/logo_ib.png","width":800,"height":181,"caption":"IMMOBILIEN Business"},"image":{"@id":"https:\/\/www.immobilienbusiness.ch\/#\/schema\/logo\/image\/"},"sameAs":["https:\/\/www.facebook.com\/immobilienbusiness\/"]},{"@type":"Person","@id":"https:\/\/www.immobilienbusiness.ch\/#\/schema\/person\/aba8bea2db926aa0c24c08c43fe1fcd5","name":"Alexander Wachter","image":{"@type":"ImageObject","inLanguage":"fr-FR","@id":"https:\/\/secure.gravatar.com\/avatar\/1a09e471f5389b0e0a6416eac287e0927c7c97a7b77f9e787eba3af7aee281dd?s=96&d=mm&r=g","url":"https:\/\/secure.gravatar.com\/avatar\/1a09e471f5389b0e0a6416eac287e0927c7c97a7b77f9e787eba3af7aee281dd?s=96&d=mm&r=g","contentUrl":"https:\/\/secure.gravatar.com\/avatar\/1a09e471f5389b0e0a6416eac287e0927c7c97a7b77f9e787eba3af7aee281dd?s=96&d=mm&r=g","caption":"Alexander Wachter"},"url":"https:\/\/www.immobilienbusiness.ch\/fr\/author\/alexander-wachter\/"}]}},"_links":{"self":[{"href":"https:\/\/www.immobilienbusiness.ch\/fr\/wp-json\/wp\/v2\/posts\/61809","targetHints":{"allow":["GET"]}}],"collection":[{"href":"https:\/\/www.immobilienbusiness.ch\/fr\/wp-json\/wp\/v2\/posts"}],"about":[{"href":"https:\/\/www.immobilienbusiness.ch\/fr\/wp-json\/wp\/v2\/types\/post"}],"author":[{"embeddable":true,"href":"https:\/\/www.immobilienbusiness.ch\/fr\/wp-json\/wp\/v2\/users\/102"}],"replies":[{"embeddable":true,"href":"https:\/\/www.immobilienbusiness.ch\/fr\/wp-json\/wp\/v2\/comments?post=61809"}],"version-history":[{"count":3,"href":"https:\/\/www.immobilienbusiness.ch\/fr\/wp-json\/wp\/v2\/posts\/61809\/revisions"}],"predecessor-version":[{"id":61870,"href":"https:\/\/www.immobilienbusiness.ch\/fr\/wp-json\/wp\/v2\/posts\/61809\/revisions\/61870"}],"wp:featuredmedia":[{"embeddable":true,"href":"https:\/\/www.immobilienbusiness.ch\/fr\/wp-json\/wp\/v2\/media\/61810"}],"wp:attachment":[{"href":"https:\/\/www.immobilienbusiness.ch\/fr\/wp-json\/wp\/v2\/media?parent=61809"}],"wp:term":[{"taxonomy":"category","embeddable":true,"href":"https:\/\/www.immobilienbusiness.ch\/fr\/wp-json\/wp\/v2\/categories?post=61809"},{"taxonomy":"post_tag","embeddable":true,"href":"https:\/\/www.immobilienbusiness.ch\/fr\/wp-json\/wp\/v2\/tags?post=61809"}],"curies":[{"name":"wp","href":"https:\/\/api.w.org\/{rel}","templated":true}]}}