{"id":6163,"date":"2017-02-07T07:52:26","date_gmt":"2017-02-07T06:52:26","guid":{"rendered":"https:\/\/www.immobilienbusiness.ch\/?p=6163"},"modified":"2017-02-07T07:52:26","modified_gmt":"2017-02-07T06:52:26","slug":"bfw-reto-borner-wird-neuer-ceo","status":"publish","type":"post","link":"https:\/\/www.immobilienbusiness.ch\/fr\/unternehmen\/2017-02-07\/bfw-reto-borner-wird-neuer-ceo\/","title":{"rendered":"bfw : Reto Borner devient le nouveau CEO"},"content":{"rendered":"<figure id=\"attachment_6166\" aria-describedby=\"caption-attachment-6166\" style=\"width: 680px\" class=\"wp-caption alignnone\"><img loading=\"lazy\" decoding=\"async\" class=\"size-medium wp-image-6166\" src=\"https:\/\/www.immobilienbusiness.ch\/wp-content\/uploads\/2017\/02\/Depositphotos_52470619_l-2015.jpg\" alt=\"\" width=\"680\" height=\"527\" srcset=\"https:\/\/www.immobilienbusiness.ch\/wp-content\/uploads\/2017\/02\/Depositphotos_52470619_l-2015.jpg 2000w, https:\/\/www.immobilienbusiness.ch\/wp-content\/uploads\/2017\/02\/Depositphotos_52470619_l-2015-300x232.jpg 300w, https:\/\/www.immobilienbusiness.ch\/wp-content\/uploads\/2017\/02\/Depositphotos_52470619_l-2015-1024x793.jpg 1024w, https:\/\/www.immobilienbusiness.ch\/wp-content\/uploads\/2017\/02\/Depositphotos_52470619_l-2015-768x595.jpg 768w, https:\/\/www.immobilienbusiness.ch\/wp-content\/uploads\/2017\/02\/Depositphotos_52470619_l-2015-1536x1190.jpg 1536w, https:\/\/www.immobilienbusiness.ch\/wp-content\/uploads\/2017\/02\/Depositphotos_52470619_l-2015-16x12.jpg 16w, https:\/\/www.immobilienbusiness.ch\/wp-content\/uploads\/2017\/02\/Depositphotos_52470619_l-2015-226x175.jpg 226w, https:\/\/www.immobilienbusiness.ch\/wp-content\/uploads\/2017\/02\/Depositphotos_52470619_l-2015-452x350.jpg 452w, https:\/\/www.immobilienbusiness.ch\/wp-content\/uploads\/2017\/02\/Depositphotos_52470619_l-2015-1033x800.jpg 1033w, https:\/\/www.immobilienbusiness.ch\/wp-content\/uploads\/2017\/02\/Depositphotos_52470619_l-2015-920x713.jpg 920w, https:\/\/www.immobilienbusiness.ch\/wp-content\/uploads\/2017\/02\/Depositphotos_52470619_l-2015-1400x1084.jpg 1400w, https:\/\/www.immobilienbusiness.ch\/wp-content\/uploads\/2017\/02\/Depositphotos_52470619_l-2015-1808x1400.jpg 1808w\" sizes=\"auto, (max-width: 680px) 100vw, 680px\" \/><figcaption id=\"caption-attachment-6166\" class=\"wp-caption-text\">Changement au niveau de la direction de bfw liegenschaften (Photo : Rawpixel - depositphotos)<\/figcaption><\/figure>\n<p>Le successeur de Beat Frischknecht, Reto Borner (43 ans), est Chief Financial Officer (CFO) de bfw liegenschaften ag depuis 2010. Durant cette p\u00e9riode, il a continu\u00e9 \u00e0 d\u00e9velopper le portefeuille immobilier de la soci\u00e9t\u00e9 en collaboration avec Frischknecht.<\/p>\n<p>Frischknecht est le fondateur de bfw liegenschaften et membre du conseil d'administration depuis 2000. De 2000 \u00e0 fin avril 2006, puis \u00e0 nouveau depuis le 1er juillet 2012, il a \u00e9galement occup\u00e9 le poste de Chief Executive Officer (CEO) de la soci\u00e9t\u00e9. Frischknecht quittera la direction de l'entreprise fin mars 2017. Il restera cependant dans l'entreprise en tant que membre du conseil d'administration et actionnaire majoritaire.<\/p>\n<p>Le poste de CFO est repris par Philipp Hafen (41 ans), qui devient \u00e9galement membre de la direction. Hafen est expert fiduciaire dipl\u00f4m\u00e9 et dispose d'une vaste exp\u00e9rience en tant que CFO, notamment aupr\u00e8s de Pretium AG, anciennement cot\u00e9e \u00e0 la BX Berne eXchange. Hafen est CFO de bfw verm\u00f6gensverwaltung ag depuis 2009. En outre, il est depuis 2016 CFO d'admicasa, avec laquelle bfw liegenschaften a conclu des contrats de prestations de services. Reto Borner et Philipp Hafen prendront leurs nouvelles fonctions le 1er avril 2017.<\/p>\n<h2>R\u00e9sultat record attendu pour l'exercice 2016<\/h2>\n<p>Pour l'exercice 2016, bfw liegenschaften ag s'attend \u00e0 un r\u00e9sultat record. Selon les r\u00e9sultats provisoires et non audit\u00e9s, l'EBIT s'\u00e9l\u00e8ve \u00e0 27,3 millions de CHF (ann\u00e9e pr\u00e9c\u00e9dente : 19,5 millions) et le b\u00e9n\u00e9fice, y compris r\u00e9\u00e9valuation et imp\u00f4ts diff\u00e9r\u00e9s, \u00e0 18,2 millions (ann\u00e9e pr\u00e9c\u00e9dente : 10,2 millions). Si l'on exclut les ajustements \u00e0 la juste valeur des swaps de taux d'int\u00e9r\u00eat et des receiver swaptions, le b\u00e9n\u00e9fice s'\u00e9l\u00e8ve \u00e0 environ 18,7 millions (ann\u00e9e pr\u00e9c\u00e9dente : 12,6 millions).<\/p>\n<p>Selon les indications de l'entreprise, le r\u00e9sultat des locations a \u00e9t\u00e9 sup\u00e9rieur d'environ six pour cent \u00e0 la valeur de l'ann\u00e9e pr\u00e9c\u00e9dente et a atteint 16,8 millions de CHF (ann\u00e9e pr\u00e9c\u00e9dente : 15,9 millions). L'\u00e9valuation du portefeuille d'immeubles sur le march\u00e9 a conduit \u00e0 un r\u00e9sultat de r\u00e9\u00e9valuation de 13,2 millions (ann\u00e9e pr\u00e9c\u00e9dente : 6,4 millions). La modification des valeurs de march\u00e9 r\u00e9sulte principalement \"d'une nouvelle baisse des taux d'actualisation par l'\u00e9valuateur immobilier ind\u00e9pendant KPMG ainsi que du d\u00e9veloppement r\u00e9ussi des projets de r\u00e9affectation\", indique bfw.<\/p>\n<p>La soci\u00e9t\u00e9 publiera le rapport annuel 2016 complet et d'autres d\u00e9tails sur les r\u00e9sultats annuels le 15 mars 2017.<\/p>","protected":false},"excerpt":{"rendered":"<p>Beat Frischknecht, membre du conseil d'administration et CEO de bfw liegenschaften ag, quittera la direction de l'entreprise fin mars 2017. Son successeur au poste de CEO sera Reto Borner, jusqu'ici CFO de bfw.<\/p>","protected":false},"author":3,"featured_media":6166,"comment_status":"open","ping_status":"open","sticky":false,"template":"","format":"standard","meta":{"_acf_changed":false,"_yoast_wpseo_focuskw":"Reto Borner","_yoast_wpseo_title":"","_yoast_wpseo_metadesc":"Reto Borner wird neuer CEO der bfw liegenschaften. Er folgt auf Beat Frischknecht, der Ende M\u00e4rz aus der Gesch\u00e4ftsleitung ausscheidet.","_yoast_wpseo_linkdex":84,"pgc_sgb_lightbox_settings":"","footnotes":""},"categories":[988],"tags":[1329,1563,1807],"class_list":["post-6163","post","type-post","status-publish","format-standard","has-post-thumbnail","hentry","category-unternehmen","tag-immobilien-ag","tag-personalia","tag-unternehmen"],"acf":[],"yoast_head":"<!-- This site is optimized with the Yoast SEO plugin v27.5 - https:\/\/yoast.com\/product\/yoast-seo-wordpress\/ -->\n<title>bfw: Reto Borner wird neuer CEO - IMMOBILIEN Business<\/title>\n<meta name=\"description\" content=\"Reto Borner wird neuer CEO der bfw liegenschaften. Er folgt auf Beat Frischknecht, der Ende M\u00e4rz aus der Gesch\u00e4ftsleitung ausscheidet.\" \/>\n<meta name=\"robots\" content=\"index, follow, max-snippet:-1, max-image-preview:large, max-video-preview:-1\" \/>\n<link rel=\"canonical\" href=\"https:\/\/www.immobilienbusiness.ch\/fr\/unternehmen\/2017-02-07\/bfw-reto-borner-wird-neuer-ceo\/\" \/>\n<meta property=\"og:locale\" content=\"fr_FR\" \/>\n<meta property=\"og:type\" content=\"article\" \/>\n<meta property=\"og:title\" content=\"bfw: Reto Borner wird neuer CEO\" \/>\n<meta property=\"og:description\" content=\"Reto Borner wird neuer CEO der bfw liegenschaften. Er folgt auf Beat Frischknecht, der Ende M\u00e4rz aus der Gesch\u00e4ftsleitung ausscheidet.\" \/>\n<meta property=\"og:url\" content=\"https:\/\/www.immobilienbusiness.ch\/fr\/unternehmen\/2017-02-07\/bfw-reto-borner-wird-neuer-ceo\/\" \/>\n<meta property=\"og:site_name\" content=\"IMMOBILIEN Business\" \/>\n<meta property=\"article:publisher\" content=\"https:\/\/www.facebook.com\/immobilienbusiness\/\" \/>\n<meta property=\"article:published_time\" content=\"2017-02-07T06:52:26+00:00\" \/>\n<meta property=\"og:image\" content=\"https:\/\/www.immobilienbusiness.ch\/wp-content\/uploads\/2017\/02\/Depositphotos_52470619_l-2015-1024x793.jpg\" \/>\n\t<meta property=\"og:image:width\" content=\"1024\" \/>\n\t<meta property=\"og:image:height\" content=\"793\" \/>\n\t<meta property=\"og:image:type\" content=\"image\/jpeg\" \/>\n<meta name=\"author\" content=\"anja.hall\" \/>\n<meta name=\"twitter:card\" content=\"summary_large_image\" \/>\n<meta name=\"twitter:title\" content=\"Reto Borner wird neuer CEO der bfw liegenschaften. Er folgt auf Beat Frischknecht, der Ende M\u00e4rz aus der Gesch\u00e4ftsleitung ausscheidet.\" \/>\n<meta name=\"twitter:description\" content=\"Reto Borner wird neuer CEO der bfw liegenschaften. Er folgt auf Beat Frischknecht, der Ende M\u00e4rz aus der Gesch\u00e4ftsleitung ausscheidet.\" \/>\n<script type=\"application\/ld+json\" class=\"yoast-schema-graph\">{\"@context\":\"https:\\\/\\\/schema.org\",\"@graph\":[{\"@type\":\"Article\",\"@id\":\"https:\\\/\\\/www.immobilienbusiness.ch\\\/en\\\/unternehmen\\\/2017-02-07\\\/bfw-reto-borner-wird-neuer-ceo\\\/#article\",\"isPartOf\":{\"@id\":\"https:\\\/\\\/www.immobilienbusiness.ch\\\/en\\\/unternehmen\\\/2017-02-07\\\/bfw-reto-borner-wird-neuer-ceo\\\/\"},\"author\":{\"name\":\"anja.hall\",\"@id\":\"https:\\\/\\\/www.immobilienbusiness.ch\\\/#\\\/schema\\\/person\\\/3fc036297b10b9f42d6db5ee932af8c8\"},\"headline\":\"bfw: Reto Borner wird neuer CEO\",\"datePublished\":\"2017-02-07T06:52:26+00:00\",\"mainEntityOfPage\":{\"@id\":\"https:\\\/\\\/www.immobilienbusiness.ch\\\/en\\\/unternehmen\\\/2017-02-07\\\/bfw-reto-borner-wird-neuer-ceo\\\/\"},\"wordCount\":327,\"commentCount\":0,\"publisher\":{\"@id\":\"https:\\\/\\\/www.immobilienbusiness.ch\\\/#organization\"},\"image\":{\"@id\":\"https:\\\/\\\/www.immobilienbusiness.ch\\\/en\\\/unternehmen\\\/2017-02-07\\\/bfw-reto-borner-wird-neuer-ceo\\\/#primaryimage\"},\"thumbnailUrl\":\"https:\\\/\\\/www.immobilienbusiness.ch\\\/wp-content\\\/uploads\\\/2017\\\/02\\\/Depositphotos_52470619_l-2015.jpg\",\"keywords\":[\"Immobilien-AG\",\"Personalia\",\"Unternehmen\"],\"articleSection\":[\"UNTERNEHMEN\"],\"inLanguage\":\"fr-FR\"},{\"@type\":\"WebPage\",\"@id\":\"https:\\\/\\\/www.immobilienbusiness.ch\\\/en\\\/unternehmen\\\/2017-02-07\\\/bfw-reto-borner-wird-neuer-ceo\\\/\",\"url\":\"https:\\\/\\\/www.immobilienbusiness.ch\\\/en\\\/unternehmen\\\/2017-02-07\\\/bfw-reto-borner-wird-neuer-ceo\\\/\",\"name\":\"bfw: Reto Borner wird neuer CEO - IMMOBILIEN Business\",\"isPartOf\":{\"@id\":\"https:\\\/\\\/www.immobilienbusiness.ch\\\/#website\"},\"primaryImageOfPage\":{\"@id\":\"https:\\\/\\\/www.immobilienbusiness.ch\\\/en\\\/unternehmen\\\/2017-02-07\\\/bfw-reto-borner-wird-neuer-ceo\\\/#primaryimage\"},\"image\":{\"@id\":\"https:\\\/\\\/www.immobilienbusiness.ch\\\/en\\\/unternehmen\\\/2017-02-07\\\/bfw-reto-borner-wird-neuer-ceo\\\/#primaryimage\"},\"thumbnailUrl\":\"https:\\\/\\\/www.immobilienbusiness.ch\\\/wp-content\\\/uploads\\\/2017\\\/02\\\/Depositphotos_52470619_l-2015.jpg\",\"datePublished\":\"2017-02-07T06:52:26+00:00\",\"description\":\"Reto Borner wird neuer CEO der bfw liegenschaften. Er folgt auf Beat Frischknecht, der Ende M\u00e4rz aus der Gesch\u00e4ftsleitung ausscheidet.\",\"breadcrumb\":{\"@id\":\"https:\\\/\\\/www.immobilienbusiness.ch\\\/en\\\/unternehmen\\\/2017-02-07\\\/bfw-reto-borner-wird-neuer-ceo\\\/#breadcrumb\"},\"inLanguage\":\"fr-FR\",\"potentialAction\":[{\"@type\":\"ReadAction\",\"target\":[\"https:\\\/\\\/www.immobilienbusiness.ch\\\/en\\\/unternehmen\\\/2017-02-07\\\/bfw-reto-borner-wird-neuer-ceo\\\/\"]}]},{\"@type\":\"ImageObject\",\"inLanguage\":\"fr-FR\",\"@id\":\"https:\\\/\\\/www.immobilienbusiness.ch\\\/en\\\/unternehmen\\\/2017-02-07\\\/bfw-reto-borner-wird-neuer-ceo\\\/#primaryimage\",\"url\":\"https:\\\/\\\/www.immobilienbusiness.ch\\\/wp-content\\\/uploads\\\/2017\\\/02\\\/Depositphotos_52470619_l-2015.jpg\",\"contentUrl\":\"https:\\\/\\\/www.immobilienbusiness.ch\\\/wp-content\\\/uploads\\\/2017\\\/02\\\/Depositphotos_52470619_l-2015.jpg\",\"width\":2000,\"height\":1549,\"caption\":\"HRS stellt den Bereich Kommunikation und Marketing neu auf (Foto: Rawpixel - depositphotos)\"},{\"@type\":\"BreadcrumbList\",\"@id\":\"https:\\\/\\\/www.immobilienbusiness.ch\\\/en\\\/unternehmen\\\/2017-02-07\\\/bfw-reto-borner-wird-neuer-ceo\\\/#breadcrumb\",\"itemListElement\":[{\"@type\":\"ListItem\",\"position\":1,\"name\":\"Home\",\"item\":\"https:\\\/\\\/www.immobilienbusiness.ch\\\/\"},{\"@type\":\"ListItem\",\"position\":2,\"name\":\"bfw: Reto Borner wird neuer CEO\"}]},{\"@type\":\"WebSite\",\"@id\":\"https:\\\/\\\/www.immobilienbusiness.ch\\\/#website\",\"url\":\"https:\\\/\\\/www.immobilienbusiness.ch\\\/\",\"name\":\"IMMOBILIEN Business\",\"description\":\"Unabh\u00e4ngiges Schweizer Wirtschaftsmagazin mit Fokus auf Immobilien, Architektur- und Bau sowie Investment- und Finanzierung.\",\"publisher\":{\"@id\":\"https:\\\/\\\/www.immobilienbusiness.ch\\\/#organization\"},\"potentialAction\":[{\"@type\":\"SearchAction\",\"target\":{\"@type\":\"EntryPoint\",\"urlTemplate\":\"https:\\\/\\\/www.immobilienbusiness.ch\\\/?s={search_term_string}\"},\"query-input\":{\"@type\":\"PropertyValueSpecification\",\"valueRequired\":true,\"valueName\":\"search_term_string\"}}],\"inLanguage\":\"fr-FR\"},{\"@type\":\"Organization\",\"@id\":\"https:\\\/\\\/www.immobilienbusiness.ch\\\/#organization\",\"name\":\"IMMOBILIEN Business\",\"url\":\"https:\\\/\\\/www.immobilienbusiness.ch\\\/\",\"logo\":{\"@type\":\"ImageObject\",\"inLanguage\":\"fr-FR\",\"@id\":\"https:\\\/\\\/www.immobilienbusiness.ch\\\/#\\\/schema\\\/logo\\\/image\\\/\",\"url\":\"https:\\\/\\\/www.immobilienbusiness.ch\\\/wp-content\\\/uploads\\\/2021\\\/07\\\/logo_ib.png\",\"contentUrl\":\"https:\\\/\\\/www.immobilienbusiness.ch\\\/wp-content\\\/uploads\\\/2021\\\/07\\\/logo_ib.png\",\"width\":800,\"height\":181,\"caption\":\"IMMOBILIEN Business\"},\"image\":{\"@id\":\"https:\\\/\\\/www.immobilienbusiness.ch\\\/#\\\/schema\\\/logo\\\/image\\\/\"},\"sameAs\":[\"https:\\\/\\\/www.facebook.com\\\/immobilienbusiness\\\/\"]},{\"@type\":\"Person\",\"@id\":\"https:\\\/\\\/www.immobilienbusiness.ch\\\/#\\\/schema\\\/person\\\/3fc036297b10b9f42d6db5ee932af8c8\",\"name\":\"anja.hall\",\"image\":{\"@type\":\"ImageObject\",\"inLanguage\":\"fr-FR\",\"@id\":\"https:\\\/\\\/secure.gravatar.com\\\/avatar\\\/066b5a0d447013502c71a5782f4f3469f03cfe595cc2329fb94652fe47511bfb?s=96&d=mm&r=g\",\"url\":\"https:\\\/\\\/secure.gravatar.com\\\/avatar\\\/066b5a0d447013502c71a5782f4f3469f03cfe595cc2329fb94652fe47511bfb?s=96&d=mm&r=g\",\"contentUrl\":\"https:\\\/\\\/secure.gravatar.com\\\/avatar\\\/066b5a0d447013502c71a5782f4f3469f03cfe595cc2329fb94652fe47511bfb?s=96&d=mm&r=g\",\"caption\":\"anja.hall\"},\"url\":\"https:\\\/\\\/www.immobilienbusiness.ch\\\/fr\\\/author\\\/anja-hall\\\/\"}]}<\/script>\n<!-- \/ Yoast SEO plugin. -->","yoast_head_json":{"title":"bfw: Reto Borner wird neuer CEO - IMMOBILIEN Business","description":"Reto Borner wird neuer CEO der bfw liegenschaften. Er folgt auf Beat Frischknecht, der Ende M\u00e4rz aus der Gesch\u00e4ftsleitung ausscheidet.","robots":{"index":"index","follow":"follow","max-snippet":"max-snippet:-1","max-image-preview":"max-image-preview:large","max-video-preview":"max-video-preview:-1"},"canonical":"https:\/\/www.immobilienbusiness.ch\/fr\/unternehmen\/2017-02-07\/bfw-reto-borner-wird-neuer-ceo\/","og_locale":"fr_FR","og_type":"article","og_title":"bfw: Reto Borner wird neuer CEO","og_description":"Reto Borner wird neuer CEO der bfw liegenschaften. Er folgt auf Beat Frischknecht, der Ende M\u00e4rz aus der Gesch\u00e4ftsleitung ausscheidet.","og_url":"https:\/\/www.immobilienbusiness.ch\/fr\/unternehmen\/2017-02-07\/bfw-reto-borner-wird-neuer-ceo\/","og_site_name":"IMMOBILIEN Business","article_publisher":"https:\/\/www.facebook.com\/immobilienbusiness\/","article_published_time":"2017-02-07T06:52:26+00:00","og_image":[{"width":1024,"height":793,"url":"https:\/\/www.immobilienbusiness.ch\/wp-content\/uploads\/2017\/02\/Depositphotos_52470619_l-2015-1024x793.jpg","type":"image\/jpeg"}],"author":"anja.hall","twitter_card":"summary_large_image","twitter_title":"Reto Borner wird neuer CEO der bfw liegenschaften. Er folgt auf Beat Frischknecht, der Ende M\u00e4rz aus der Gesch\u00e4ftsleitung ausscheidet.","twitter_description":"Reto Borner wird neuer CEO der bfw liegenschaften. Er folgt auf Beat Frischknecht, der Ende M\u00e4rz aus der Gesch\u00e4ftsleitung ausscheidet.","schema":{"@context":"https:\/\/schema.org","@graph":[{"@type":"Article","@id":"https:\/\/www.immobilienbusiness.ch\/en\/unternehmen\/2017-02-07\/bfw-reto-borner-wird-neuer-ceo\/#article","isPartOf":{"@id":"https:\/\/www.immobilienbusiness.ch\/en\/unternehmen\/2017-02-07\/bfw-reto-borner-wird-neuer-ceo\/"},"author":{"name":"anja.hall","@id":"https:\/\/www.immobilienbusiness.ch\/#\/schema\/person\/3fc036297b10b9f42d6db5ee932af8c8"},"headline":"bfw: Reto Borner wird neuer CEO","datePublished":"2017-02-07T06:52:26+00:00","mainEntityOfPage":{"@id":"https:\/\/www.immobilienbusiness.ch\/en\/unternehmen\/2017-02-07\/bfw-reto-borner-wird-neuer-ceo\/"},"wordCount":327,"commentCount":0,"publisher":{"@id":"https:\/\/www.immobilienbusiness.ch\/#organization"},"image":{"@id":"https:\/\/www.immobilienbusiness.ch\/en\/unternehmen\/2017-02-07\/bfw-reto-borner-wird-neuer-ceo\/#primaryimage"},"thumbnailUrl":"https:\/\/www.immobilienbusiness.ch\/wp-content\/uploads\/2017\/02\/Depositphotos_52470619_l-2015.jpg","keywords":["Immobilien-AG","Personalia","Unternehmen"],"articleSection":["UNTERNEHMEN"],"inLanguage":"fr-FR"},{"@type":"WebPage","@id":"https:\/\/www.immobilienbusiness.ch\/en\/unternehmen\/2017-02-07\/bfw-reto-borner-wird-neuer-ceo\/","url":"https:\/\/www.immobilienbusiness.ch\/en\/unternehmen\/2017-02-07\/bfw-reto-borner-wird-neuer-ceo\/","name":"bfw: Reto Borner wird neuer CEO - IMMOBILIEN Business","isPartOf":{"@id":"https:\/\/www.immobilienbusiness.ch\/#website"},"primaryImageOfPage":{"@id":"https:\/\/www.immobilienbusiness.ch\/en\/unternehmen\/2017-02-07\/bfw-reto-borner-wird-neuer-ceo\/#primaryimage"},"image":{"@id":"https:\/\/www.immobilienbusiness.ch\/en\/unternehmen\/2017-02-07\/bfw-reto-borner-wird-neuer-ceo\/#primaryimage"},"thumbnailUrl":"https:\/\/www.immobilienbusiness.ch\/wp-content\/uploads\/2017\/02\/Depositphotos_52470619_l-2015.jpg","datePublished":"2017-02-07T06:52:26+00:00","description":"Reto Borner wird neuer CEO der bfw liegenschaften. Er folgt auf Beat Frischknecht, der Ende M\u00e4rz aus der Gesch\u00e4ftsleitung ausscheidet.","breadcrumb":{"@id":"https:\/\/www.immobilienbusiness.ch\/en\/unternehmen\/2017-02-07\/bfw-reto-borner-wird-neuer-ceo\/#breadcrumb"},"inLanguage":"fr-FR","potentialAction":[{"@type":"ReadAction","target":["https:\/\/www.immobilienbusiness.ch\/en\/unternehmen\/2017-02-07\/bfw-reto-borner-wird-neuer-ceo\/"]}]},{"@type":"ImageObject","inLanguage":"fr-FR","@id":"https:\/\/www.immobilienbusiness.ch\/en\/unternehmen\/2017-02-07\/bfw-reto-borner-wird-neuer-ceo\/#primaryimage","url":"https:\/\/www.immobilienbusiness.ch\/wp-content\/uploads\/2017\/02\/Depositphotos_52470619_l-2015.jpg","contentUrl":"https:\/\/www.immobilienbusiness.ch\/wp-content\/uploads\/2017\/02\/Depositphotos_52470619_l-2015.jpg","width":2000,"height":1549,"caption":"HRS stellt den Bereich Kommunikation und Marketing neu auf (Foto: Rawpixel - depositphotos)"},{"@type":"BreadcrumbList","@id":"https:\/\/www.immobilienbusiness.ch\/en\/unternehmen\/2017-02-07\/bfw-reto-borner-wird-neuer-ceo\/#breadcrumb","itemListElement":[{"@type":"ListItem","position":1,"name":"Home","item":"https:\/\/www.immobilienbusiness.ch\/"},{"@type":"ListItem","position":2,"name":"bfw: Reto Borner wird neuer CEO"}]},{"@type":"WebSite","@id":"https:\/\/www.immobilienbusiness.ch\/#website","url":"https:\/\/www.immobilienbusiness.ch\/","name":"IMMOBILIER Business","description":"Magazine \u00e9conomique suisse ind\u00e9pendant ax\u00e9 sur l'immobilier, l'architecture et la construction ainsi que sur les investissements et le financement.","publisher":{"@id":"https:\/\/www.immobilienbusiness.ch\/#organization"},"potentialAction":[{"@type":"SearchAction","target":{"@type":"EntryPoint","urlTemplate":"https:\/\/www.immobilienbusiness.ch\/?s={search_term_string}"},"query-input":{"@type":"PropertyValueSpecification","valueRequired":true,"valueName":"search_term_string"}}],"inLanguage":"fr-FR"},{"@type":"Organization","@id":"https:\/\/www.immobilienbusiness.ch\/#organization","name":"IMMOBILIER Business","url":"https:\/\/www.immobilienbusiness.ch\/","logo":{"@type":"ImageObject","inLanguage":"fr-FR","@id":"https:\/\/www.immobilienbusiness.ch\/#\/schema\/logo\/image\/","url":"https:\/\/www.immobilienbusiness.ch\/wp-content\/uploads\/2021\/07\/logo_ib.png","contentUrl":"https:\/\/www.immobilienbusiness.ch\/wp-content\/uploads\/2021\/07\/logo_ib.png","width":800,"height":181,"caption":"IMMOBILIEN Business"},"image":{"@id":"https:\/\/www.immobilienbusiness.ch\/#\/schema\/logo\/image\/"},"sameAs":["https:\/\/www.facebook.com\/immobilienbusiness\/"]},{"@type":"Person","@id":"https:\/\/www.immobilienbusiness.ch\/#\/schema\/person\/3fc036297b10b9f42d6db5ee932af8c8","name":"anja.hall","image":{"@type":"ImageObject","inLanguage":"fr-FR","@id":"https:\/\/secure.gravatar.com\/avatar\/066b5a0d447013502c71a5782f4f3469f03cfe595cc2329fb94652fe47511bfb?s=96&d=mm&r=g","url":"https:\/\/secure.gravatar.com\/avatar\/066b5a0d447013502c71a5782f4f3469f03cfe595cc2329fb94652fe47511bfb?s=96&d=mm&r=g","contentUrl":"https:\/\/secure.gravatar.com\/avatar\/066b5a0d447013502c71a5782f4f3469f03cfe595cc2329fb94652fe47511bfb?s=96&d=mm&r=g","caption":"anja.hall"},"url":"https:\/\/www.immobilienbusiness.ch\/fr\/author\/anja-hall\/"}]}},"_links":{"self":[{"href":"https:\/\/www.immobilienbusiness.ch\/fr\/wp-json\/wp\/v2\/posts\/6163","targetHints":{"allow":["GET"]}}],"collection":[{"href":"https:\/\/www.immobilienbusiness.ch\/fr\/wp-json\/wp\/v2\/posts"}],"about":[{"href":"https:\/\/www.immobilienbusiness.ch\/fr\/wp-json\/wp\/v2\/types\/post"}],"author":[{"embeddable":true,"href":"https:\/\/www.immobilienbusiness.ch\/fr\/wp-json\/wp\/v2\/users\/3"}],"replies":[{"embeddable":true,"href":"https:\/\/www.immobilienbusiness.ch\/fr\/wp-json\/wp\/v2\/comments?post=6163"}],"version-history":[{"count":0,"href":"https:\/\/www.immobilienbusiness.ch\/fr\/wp-json\/wp\/v2\/posts\/6163\/revisions"}],"wp:featuredmedia":[{"embeddable":true,"href":"https:\/\/www.immobilienbusiness.ch\/fr\/wp-json\/wp\/v2\/media\/6166"}],"wp:attachment":[{"href":"https:\/\/www.immobilienbusiness.ch\/fr\/wp-json\/wp\/v2\/media?parent=6163"}],"wp:term":[{"taxonomy":"category","embeddable":true,"href":"https:\/\/www.immobilienbusiness.ch\/fr\/wp-json\/wp\/v2\/categories?post=6163"},{"taxonomy":"post_tag","embeddable":true,"href":"https:\/\/www.immobilienbusiness.ch\/fr\/wp-json\/wp\/v2\/tags?post=6163"}],"curies":[{"name":"wp","href":"https:\/\/api.w.org\/{rel}","templated":true}]}}