{"id":61616,"date":"2024-12-04T08:05:00","date_gmt":"2024-12-04T07:05:00","guid":{"rendered":"https:\/\/www.immobilienbusiness.ch\/?p=61616"},"modified":"2024-12-04T08:05:00","modified_gmt":"2024-12-04T07:05:00","slug":"zollikofen-ueberbauungsordnung-fuer-webergut-genehmigt","status":"publish","type":"post","link":"https:\/\/www.immobilienbusiness.ch\/fr\/regionen\/2024-12-04\/zollikofen-ueberbauungsordnung-fuer-webergut-genehmigt\/","title":{"rendered":"Zollikofen : approbation du plan de quartier pour \"Webergut"},"content":{"rendered":"<figure id=\"attachment_61617\" aria-describedby=\"caption-attachment-61617\" style=\"width: 768px\" class=\"wp-caption alignnone\"><a href=\"https:\/\/www.immobilienbusiness.ch\/wp-content\/uploads\/2024\/12\/Webergut-Abendrot.png\"><img loading=\"lazy\" decoding=\"async\" class=\"size-large wp-image-61617\" src=\"https:\/\/www.immobilienbusiness.ch\/wp-content\/uploads\/2024\/12\/Webergut-Abendrot-1024x767.png\" alt=\"\" width=\"768\" height=\"575\" srcset=\"https:\/\/www.immobilienbusiness.ch\/wp-content\/uploads\/2024\/12\/Webergut-Abendrot-1024x767.png 1024w, https:\/\/www.immobilienbusiness.ch\/wp-content\/uploads\/2024\/12\/Webergut-Abendrot-300x225.png 300w, https:\/\/www.immobilienbusiness.ch\/wp-content\/uploads\/2024\/12\/Webergut-Abendrot-768x575.png 768w, https:\/\/www.immobilienbusiness.ch\/wp-content\/uploads\/2024\/12\/Webergut-Abendrot-16x12.png 16w, https:\/\/www.immobilienbusiness.ch\/wp-content\/uploads\/2024\/12\/Webergut-Abendrot-375x281.png 375w, https:\/\/www.immobilienbusiness.ch\/wp-content\/uploads\/2024\/12\/Webergut-Abendrot-467x350.png 467w, https:\/\/www.immobilienbusiness.ch\/wp-content\/uploads\/2024\/12\/Webergut-Abendrot-1000x749.png 1000w, https:\/\/www.immobilienbusiness.ch\/wp-content\/uploads\/2024\/12\/Webergut-Abendrot.png 1069w\" sizes=\"auto, (max-width: 768px) 100vw, 768px\" \/><\/a><figcaption id=\"caption-attachment-61617\" class=\"wp-caption-text\">Le b\u00e2timent existant du Webergut \u00e0 Zollikofen (photo : \u00a9 Fondation Abendrot)<\/figcaption><\/figure>\n<p>Le plan de quartier partiel pour le projet \"Webergut\" \u00e0 Zollikofen (BE) a \u00e9t\u00e9 approuv\u00e9. Depuis 2019, l'immeuble de bureaux existant, d'une surface de plancher de plus de 13 000 m\u00b2, appartient \u00e0 la Fondation Abendrot. Il a abrit\u00e9 le si\u00e8ge du Tribunal administratif f\u00e9d\u00e9ral jusqu'en 2011, est rest\u00e9 longtemps vide et fait actuellement l'objet d'une utilisation interm\u00e9diaire. Abendrot d\u00e9veloppe, en collaboration avec la coop\u00e9rative Urbane D\u00f6rfer, la r\u00e9affectation du b\u00e2timent \u00e0 des fins d'habitation. Le projet doit g\u00e9n\u00e9rer moins d'un tiers des \u00e9missions de nouveaux b\u00e2timents comparables. En collaboration avec les utilisateurs d'Urbane D\u00f6rfer et un partenaire de r\u00e9alisation potentiel, l'agencement de l'utilisation et du projet ainsi que les co\u00fbts de construction qui y sont li\u00e9s sont actuellement concr\u00e9tis\u00e9s. Le prochain objectif est de conclure un accord de d\u00e9veloppement avec une entreprise totale, indique Abendrot. La demande de permis de construire devrait \u00eatre d\u00e9pos\u00e9e en 2025 et le d\u00e9but des travaux est pr\u00e9vu pour 2026-2027.<\/p>\n<p>Comme nous l'avons signal\u00e9, une nouvelle construction est \u00e9galement pr\u00e9vue sur le site. Dans l'ensemble, les changements d'affectation, les nouvelles constructions de remplacement et la densification doivent permettre de cr\u00e9er autour du Webergut un quartier qui accueillera \u00e9galement de petites entreprises. <em>(aw)<\/em><\/p>\n<p>&nbsp;<\/p>","protected":false},"excerpt":{"rendered":"<p>La Fondation Abendrot veut transformer un b\u00e2timent brut de bureaux existant en logements et ainsi r\u00e9duire les \u00e9missions par rapport \u00e0 une nouvelle construction. Au total, c'est tout un quartier qui devrait voir le jour.<\/p>","protected":false},"author":102,"featured_media":0,"comment_status":"closed","ping_status":"closed","sticky":false,"template":"","format":"standard","meta":{"_acf_changed":false,"_yoast_wpseo_focuskw":"Zollikofen","_yoast_wpseo_title":"","_yoast_wpseo_metadesc":"Die Stiftung Abendrot will einen bestehenden B\u00fcrorohbau zu Wohnungen umnutzen und damit gegen\u00fcber einem Neubau Emissionen einsparen. Insgesamt soll ein ganzes Quartier entstehen.","_yoast_wpseo_linkdex":53,"pgc_sgb_lightbox_settings":"","footnotes":""},"categories":[985],"tags":[1118,1492,1515,1600,2063,1800,1882],"class_list":["post-61616","post","type-post","status-publish","format-standard","hentry","category-regionen","tag-buero","tag-mietwohnungen","tag-nachhaltigkeit","tag-projekt-in-planung","tag-stiftung-abendrot","tag-umnutzung","tag-zollikofen"],"acf":[],"yoast_head":"<!-- This site is optimized with the Yoast SEO plugin v27.4 - https:\/\/yoast.com\/product\/yoast-seo-wordpress\/ -->\n<title>Zollikofen: \u00dcberbauungsordnung f\u00fcr \u00abWebergut\u00bb genehmigt - IMMOBILIEN Business<\/title>\n<meta name=\"description\" content=\"Die Stiftung Abendrot will einen bestehenden B\u00fcrorohbau zu Wohnungen umnutzen und damit gegen\u00fcber einem Neubau Emissionen einsparen. Insgesamt soll ein ganzes Quartier entstehen.\" \/>\n<meta name=\"robots\" content=\"index, follow, max-snippet:-1, max-image-preview:large, max-video-preview:-1\" \/>\n<link rel=\"canonical\" href=\"https:\/\/www.immobilienbusiness.ch\/fr\/regionen\/2024-12-04\/zollikofen-ueberbauungsordnung-fuer-webergut-genehmigt\/\" \/>\n<meta property=\"og:locale\" content=\"fr_FR\" \/>\n<meta property=\"og:type\" content=\"article\" \/>\n<meta property=\"og:title\" content=\"Zollikofen: \u00dcberbauungsordnung f\u00fcr \u00abWebergut\u00bb genehmigt - IMMOBILIEN Business\" \/>\n<meta property=\"og:description\" content=\"Die Stiftung Abendrot will einen bestehenden B\u00fcrorohbau zu Wohnungen umnutzen und damit gegen\u00fcber einem Neubau Emissionen einsparen. Insgesamt soll ein ganzes Quartier entstehen.\" \/>\n<meta property=\"og:url\" content=\"https:\/\/www.immobilienbusiness.ch\/fr\/regionen\/2024-12-04\/zollikofen-ueberbauungsordnung-fuer-webergut-genehmigt\/\" \/>\n<meta property=\"og:site_name\" content=\"IMMOBILIEN Business\" \/>\n<meta property=\"article:publisher\" content=\"https:\/\/www.facebook.com\/immobilienbusiness\/\" \/>\n<meta property=\"article:published_time\" content=\"2024-12-04T07:05:00+00:00\" \/>\n<meta property=\"og:image\" content=\"https:\/\/www.immobilienbusiness.ch\/wp-content\/uploads\/2024\/12\/Webergut-Abendrot.png\" \/>\n\t<meta property=\"og:image:width\" content=\"1069\" \/>\n\t<meta property=\"og:image:height\" content=\"801\" \/>\n\t<meta property=\"og:image:type\" content=\"image\/png\" \/>\n<meta name=\"author\" content=\"Alexander Wachter\" \/>\n<meta name=\"twitter:card\" content=\"summary_large_image\" \/>\n<script type=\"application\/ld+json\" class=\"yoast-schema-graph\">{\"@context\":\"https:\\\/\\\/schema.org\",\"@graph\":[{\"@type\":\"Article\",\"@id\":\"https:\\\/\\\/www.immobilienbusiness.ch\\\/en\\\/regionen\\\/2024-12-04\\\/zollikofen-ueberbauungsordnung-fuer-webergut-genehmigt\\\/#article\",\"isPartOf\":{\"@id\":\"https:\\\/\\\/www.immobilienbusiness.ch\\\/en\\\/regionen\\\/2024-12-04\\\/zollikofen-ueberbauungsordnung-fuer-webergut-genehmigt\\\/\"},\"author\":{\"name\":\"Alexander Wachter\",\"@id\":\"https:\\\/\\\/www.immobilienbusiness.ch\\\/#\\\/schema\\\/person\\\/aba8bea2db926aa0c24c08c43fe1fcd5\"},\"headline\":\"Zollikofen: \u00dcberbauungsordnung f\u00fcr \u00abWebergut\u00bb genehmigt\",\"datePublished\":\"2024-12-04T07:05:00+00:00\",\"mainEntityOfPage\":{\"@id\":\"https:\\\/\\\/www.immobilienbusiness.ch\\\/en\\\/regionen\\\/2024-12-04\\\/zollikofen-ueberbauungsordnung-fuer-webergut-genehmigt\\\/\"},\"wordCount\":181,\"publisher\":{\"@id\":\"https:\\\/\\\/www.immobilienbusiness.ch\\\/#organization\"},\"image\":{\"@id\":\"https:\\\/\\\/www.immobilienbusiness.ch\\\/en\\\/regionen\\\/2024-12-04\\\/zollikofen-ueberbauungsordnung-fuer-webergut-genehmigt\\\/#primaryimage\"},\"thumbnailUrl\":\"https:\\\/\\\/www.immobilienbusiness.ch\\\/wp-content\\\/uploads\\\/2024\\\/12\\\/Webergut-Abendrot-1024x767.png\",\"keywords\":[\"B\u00fcro\",\"Mietwohnungen\",\"Nachhaltigkeit\",\"Projekt in Planung\",\"Stiftung Abendrot\",\"Umnutzung\",\"Zollikofen\"],\"articleSection\":[\"REGIONEN\"],\"inLanguage\":\"fr-FR\"},{\"@type\":\"WebPage\",\"@id\":\"https:\\\/\\\/www.immobilienbusiness.ch\\\/en\\\/regionen\\\/2024-12-04\\\/zollikofen-ueberbauungsordnung-fuer-webergut-genehmigt\\\/\",\"url\":\"https:\\\/\\\/www.immobilienbusiness.ch\\\/en\\\/regionen\\\/2024-12-04\\\/zollikofen-ueberbauungsordnung-fuer-webergut-genehmigt\\\/\",\"name\":\"Zollikofen: \u00dcberbauungsordnung f\u00fcr \u00abWebergut\u00bb genehmigt - IMMOBILIEN Business\",\"isPartOf\":{\"@id\":\"https:\\\/\\\/www.immobilienbusiness.ch\\\/#website\"},\"primaryImageOfPage\":{\"@id\":\"https:\\\/\\\/www.immobilienbusiness.ch\\\/en\\\/regionen\\\/2024-12-04\\\/zollikofen-ueberbauungsordnung-fuer-webergut-genehmigt\\\/#primaryimage\"},\"image\":{\"@id\":\"https:\\\/\\\/www.immobilienbusiness.ch\\\/en\\\/regionen\\\/2024-12-04\\\/zollikofen-ueberbauungsordnung-fuer-webergut-genehmigt\\\/#primaryimage\"},\"thumbnailUrl\":\"https:\\\/\\\/www.immobilienbusiness.ch\\\/wp-content\\\/uploads\\\/2024\\\/12\\\/Webergut-Abendrot-1024x767.png\",\"datePublished\":\"2024-12-04T07:05:00+00:00\",\"description\":\"Die Stiftung Abendrot will einen bestehenden B\u00fcrorohbau zu Wohnungen umnutzen und damit gegen\u00fcber einem Neubau Emissionen einsparen. Insgesamt soll ein ganzes Quartier entstehen.\",\"breadcrumb\":{\"@id\":\"https:\\\/\\\/www.immobilienbusiness.ch\\\/en\\\/regionen\\\/2024-12-04\\\/zollikofen-ueberbauungsordnung-fuer-webergut-genehmigt\\\/#breadcrumb\"},\"inLanguage\":\"fr-FR\",\"potentialAction\":[{\"@type\":\"ReadAction\",\"target\":[\"https:\\\/\\\/www.immobilienbusiness.ch\\\/en\\\/regionen\\\/2024-12-04\\\/zollikofen-ueberbauungsordnung-fuer-webergut-genehmigt\\\/\"]}]},{\"@type\":\"ImageObject\",\"inLanguage\":\"fr-FR\",\"@id\":\"https:\\\/\\\/www.immobilienbusiness.ch\\\/en\\\/regionen\\\/2024-12-04\\\/zollikofen-ueberbauungsordnung-fuer-webergut-genehmigt\\\/#primaryimage\",\"url\":\"https:\\\/\\\/www.immobilienbusiness.ch\\\/wp-content\\\/uploads\\\/2024\\\/12\\\/Webergut-Abendrot-1024x767.png\",\"contentUrl\":\"https:\\\/\\\/www.immobilienbusiness.ch\\\/wp-content\\\/uploads\\\/2024\\\/12\\\/Webergut-Abendrot-1024x767.png\"},{\"@type\":\"BreadcrumbList\",\"@id\":\"https:\\\/\\\/www.immobilienbusiness.ch\\\/en\\\/regionen\\\/2024-12-04\\\/zollikofen-ueberbauungsordnung-fuer-webergut-genehmigt\\\/#breadcrumb\",\"itemListElement\":[{\"@type\":\"ListItem\",\"position\":1,\"name\":\"Home\",\"item\":\"https:\\\/\\\/www.immobilienbusiness.ch\\\/\"},{\"@type\":\"ListItem\",\"position\":2,\"name\":\"Zollikofen: \u00dcberbauungsordnung f\u00fcr \u00abWebergut\u00bb genehmigt\"}]},{\"@type\":\"WebSite\",\"@id\":\"https:\\\/\\\/www.immobilienbusiness.ch\\\/#website\",\"url\":\"https:\\\/\\\/www.immobilienbusiness.ch\\\/\",\"name\":\"IMMOBILIEN Business\",\"description\":\"Unabh\u00e4ngiges Schweizer Wirtschaftsmagazin mit Fokus auf Immobilien, Architektur- und Bau sowie Investment- und Finanzierung.\",\"publisher\":{\"@id\":\"https:\\\/\\\/www.immobilienbusiness.ch\\\/#organization\"},\"potentialAction\":[{\"@type\":\"SearchAction\",\"target\":{\"@type\":\"EntryPoint\",\"urlTemplate\":\"https:\\\/\\\/www.immobilienbusiness.ch\\\/?s={search_term_string}\"},\"query-input\":{\"@type\":\"PropertyValueSpecification\",\"valueRequired\":true,\"valueName\":\"search_term_string\"}}],\"inLanguage\":\"fr-FR\"},{\"@type\":\"Organization\",\"@id\":\"https:\\\/\\\/www.immobilienbusiness.ch\\\/#organization\",\"name\":\"IMMOBILIEN Business\",\"url\":\"https:\\\/\\\/www.immobilienbusiness.ch\\\/\",\"logo\":{\"@type\":\"ImageObject\",\"inLanguage\":\"fr-FR\",\"@id\":\"https:\\\/\\\/www.immobilienbusiness.ch\\\/#\\\/schema\\\/logo\\\/image\\\/\",\"url\":\"https:\\\/\\\/www.immobilienbusiness.ch\\\/wp-content\\\/uploads\\\/2021\\\/07\\\/logo_ib.png\",\"contentUrl\":\"https:\\\/\\\/www.immobilienbusiness.ch\\\/wp-content\\\/uploads\\\/2021\\\/07\\\/logo_ib.png\",\"width\":800,\"height\":181,\"caption\":\"IMMOBILIEN Business\"},\"image\":{\"@id\":\"https:\\\/\\\/www.immobilienbusiness.ch\\\/#\\\/schema\\\/logo\\\/image\\\/\"},\"sameAs\":[\"https:\\\/\\\/www.facebook.com\\\/immobilienbusiness\\\/\"]},{\"@type\":\"Person\",\"@id\":\"https:\\\/\\\/www.immobilienbusiness.ch\\\/#\\\/schema\\\/person\\\/aba8bea2db926aa0c24c08c43fe1fcd5\",\"name\":\"Alexander Wachter\",\"image\":{\"@type\":\"ImageObject\",\"inLanguage\":\"fr-FR\",\"@id\":\"https:\\\/\\\/secure.gravatar.com\\\/avatar\\\/1a09e471f5389b0e0a6416eac287e0927c7c97a7b77f9e787eba3af7aee281dd?s=96&d=mm&r=g\",\"url\":\"https:\\\/\\\/secure.gravatar.com\\\/avatar\\\/1a09e471f5389b0e0a6416eac287e0927c7c97a7b77f9e787eba3af7aee281dd?s=96&d=mm&r=g\",\"contentUrl\":\"https:\\\/\\\/secure.gravatar.com\\\/avatar\\\/1a09e471f5389b0e0a6416eac287e0927c7c97a7b77f9e787eba3af7aee281dd?s=96&d=mm&r=g\",\"caption\":\"Alexander Wachter\"},\"url\":\"https:\\\/\\\/www.immobilienbusiness.ch\\\/fr\\\/author\\\/alexander-wachter\\\/\"}]}<\/script>\n<!-- \/ Yoast SEO plugin. -->","yoast_head_json":{"title":"Zollikofen: \u00dcberbauungsordnung f\u00fcr \u00abWebergut\u00bb genehmigt - IMMOBILIEN Business","description":"La Fondation Abendrot veut transformer un b\u00e2timent brut de bureaux existant en logements et ainsi r\u00e9duire les \u00e9missions par rapport \u00e0 une nouvelle construction. Au total, c'est tout un quartier qui devrait voir le jour.","robots":{"index":"index","follow":"follow","max-snippet":"max-snippet:-1","max-image-preview":"max-image-preview:large","max-video-preview":"max-video-preview:-1"},"canonical":"https:\/\/www.immobilienbusiness.ch\/fr\/regionen\/2024-12-04\/zollikofen-ueberbauungsordnung-fuer-webergut-genehmigt\/","og_locale":"fr_FR","og_type":"article","og_title":"Zollikofen: \u00dcberbauungsordnung f\u00fcr \u00abWebergut\u00bb genehmigt - IMMOBILIEN Business","og_description":"Die Stiftung Abendrot will einen bestehenden B\u00fcrorohbau zu Wohnungen umnutzen und damit gegen\u00fcber einem Neubau Emissionen einsparen. Insgesamt soll ein ganzes Quartier entstehen.","og_url":"https:\/\/www.immobilienbusiness.ch\/fr\/regionen\/2024-12-04\/zollikofen-ueberbauungsordnung-fuer-webergut-genehmigt\/","og_site_name":"IMMOBILIEN Business","article_publisher":"https:\/\/www.facebook.com\/immobilienbusiness\/","article_published_time":"2024-12-04T07:05:00+00:00","og_image":[{"width":1069,"height":801,"url":"https:\/\/www.immobilienbusiness.ch\/wp-content\/uploads\/2024\/12\/Webergut-Abendrot.png","type":"image\/png"}],"author":"Alexander Wachter","twitter_card":"summary_large_image","schema":{"@context":"https:\/\/schema.org","@graph":[{"@type":"Article","@id":"https:\/\/www.immobilienbusiness.ch\/en\/regionen\/2024-12-04\/zollikofen-ueberbauungsordnung-fuer-webergut-genehmigt\/#article","isPartOf":{"@id":"https:\/\/www.immobilienbusiness.ch\/en\/regionen\/2024-12-04\/zollikofen-ueberbauungsordnung-fuer-webergut-genehmigt\/"},"author":{"name":"Alexander Wachter","@id":"https:\/\/www.immobilienbusiness.ch\/#\/schema\/person\/aba8bea2db926aa0c24c08c43fe1fcd5"},"headline":"Zollikofen: \u00dcberbauungsordnung f\u00fcr \u00abWebergut\u00bb genehmigt","datePublished":"2024-12-04T07:05:00+00:00","mainEntityOfPage":{"@id":"https:\/\/www.immobilienbusiness.ch\/en\/regionen\/2024-12-04\/zollikofen-ueberbauungsordnung-fuer-webergut-genehmigt\/"},"wordCount":181,"publisher":{"@id":"https:\/\/www.immobilienbusiness.ch\/#organization"},"image":{"@id":"https:\/\/www.immobilienbusiness.ch\/en\/regionen\/2024-12-04\/zollikofen-ueberbauungsordnung-fuer-webergut-genehmigt\/#primaryimage"},"thumbnailUrl":"https:\/\/www.immobilienbusiness.ch\/wp-content\/uploads\/2024\/12\/Webergut-Abendrot-1024x767.png","keywords":["B\u00fcro","Mietwohnungen","Nachhaltigkeit","Projekt in Planung","Stiftung Abendrot","Umnutzung","Zollikofen"],"articleSection":["REGIONEN"],"inLanguage":"fr-FR"},{"@type":"WebPage","@id":"https:\/\/www.immobilienbusiness.ch\/en\/regionen\/2024-12-04\/zollikofen-ueberbauungsordnung-fuer-webergut-genehmigt\/","url":"https:\/\/www.immobilienbusiness.ch\/en\/regionen\/2024-12-04\/zollikofen-ueberbauungsordnung-fuer-webergut-genehmigt\/","name":"Zollikofen: \u00dcberbauungsordnung f\u00fcr \u00abWebergut\u00bb genehmigt - IMMOBILIEN Business","isPartOf":{"@id":"https:\/\/www.immobilienbusiness.ch\/#website"},"primaryImageOfPage":{"@id":"https:\/\/www.immobilienbusiness.ch\/en\/regionen\/2024-12-04\/zollikofen-ueberbauungsordnung-fuer-webergut-genehmigt\/#primaryimage"},"image":{"@id":"https:\/\/www.immobilienbusiness.ch\/en\/regionen\/2024-12-04\/zollikofen-ueberbauungsordnung-fuer-webergut-genehmigt\/#primaryimage"},"thumbnailUrl":"https:\/\/www.immobilienbusiness.ch\/wp-content\/uploads\/2024\/12\/Webergut-Abendrot-1024x767.png","datePublished":"2024-12-04T07:05:00+00:00","description":"La Fondation Abendrot veut transformer un b\u00e2timent brut de bureaux existant en logements et ainsi r\u00e9duire les \u00e9missions par rapport \u00e0 une nouvelle construction. Au total, c'est tout un quartier qui devrait voir le jour.","breadcrumb":{"@id":"https:\/\/www.immobilienbusiness.ch\/en\/regionen\/2024-12-04\/zollikofen-ueberbauungsordnung-fuer-webergut-genehmigt\/#breadcrumb"},"inLanguage":"fr-FR","potentialAction":[{"@type":"ReadAction","target":["https:\/\/www.immobilienbusiness.ch\/en\/regionen\/2024-12-04\/zollikofen-ueberbauungsordnung-fuer-webergut-genehmigt\/"]}]},{"@type":"ImageObject","inLanguage":"fr-FR","@id":"https:\/\/www.immobilienbusiness.ch\/en\/regionen\/2024-12-04\/zollikofen-ueberbauungsordnung-fuer-webergut-genehmigt\/#primaryimage","url":"https:\/\/www.immobilienbusiness.ch\/wp-content\/uploads\/2024\/12\/Webergut-Abendrot-1024x767.png","contentUrl":"https:\/\/www.immobilienbusiness.ch\/wp-content\/uploads\/2024\/12\/Webergut-Abendrot-1024x767.png"},{"@type":"BreadcrumbList","@id":"https:\/\/www.immobilienbusiness.ch\/en\/regionen\/2024-12-04\/zollikofen-ueberbauungsordnung-fuer-webergut-genehmigt\/#breadcrumb","itemListElement":[{"@type":"ListItem","position":1,"name":"Home","item":"https:\/\/www.immobilienbusiness.ch\/"},{"@type":"ListItem","position":2,"name":"Zollikofen: \u00dcberbauungsordnung f\u00fcr \u00abWebergut\u00bb genehmigt"}]},{"@type":"WebSite","@id":"https:\/\/www.immobilienbusiness.ch\/#website","url":"https:\/\/www.immobilienbusiness.ch\/","name":"IMMOBILIER Business","description":"Magazine \u00e9conomique suisse ind\u00e9pendant ax\u00e9 sur l'immobilier, l'architecture et la construction ainsi que sur les investissements et le financement.","publisher":{"@id":"https:\/\/www.immobilienbusiness.ch\/#organization"},"potentialAction":[{"@type":"SearchAction","target":{"@type":"EntryPoint","urlTemplate":"https:\/\/www.immobilienbusiness.ch\/?s={search_term_string}"},"query-input":{"@type":"PropertyValueSpecification","valueRequired":true,"valueName":"search_term_string"}}],"inLanguage":"fr-FR"},{"@type":"Organization","@id":"https:\/\/www.immobilienbusiness.ch\/#organization","name":"IMMOBILIER Business","url":"https:\/\/www.immobilienbusiness.ch\/","logo":{"@type":"ImageObject","inLanguage":"fr-FR","@id":"https:\/\/www.immobilienbusiness.ch\/#\/schema\/logo\/image\/","url":"https:\/\/www.immobilienbusiness.ch\/wp-content\/uploads\/2021\/07\/logo_ib.png","contentUrl":"https:\/\/www.immobilienbusiness.ch\/wp-content\/uploads\/2021\/07\/logo_ib.png","width":800,"height":181,"caption":"IMMOBILIEN Business"},"image":{"@id":"https:\/\/www.immobilienbusiness.ch\/#\/schema\/logo\/image\/"},"sameAs":["https:\/\/www.facebook.com\/immobilienbusiness\/"]},{"@type":"Person","@id":"https:\/\/www.immobilienbusiness.ch\/#\/schema\/person\/aba8bea2db926aa0c24c08c43fe1fcd5","name":"Alexander Wachter","image":{"@type":"ImageObject","inLanguage":"fr-FR","@id":"https:\/\/secure.gravatar.com\/avatar\/1a09e471f5389b0e0a6416eac287e0927c7c97a7b77f9e787eba3af7aee281dd?s=96&d=mm&r=g","url":"https:\/\/secure.gravatar.com\/avatar\/1a09e471f5389b0e0a6416eac287e0927c7c97a7b77f9e787eba3af7aee281dd?s=96&d=mm&r=g","contentUrl":"https:\/\/secure.gravatar.com\/avatar\/1a09e471f5389b0e0a6416eac287e0927c7c97a7b77f9e787eba3af7aee281dd?s=96&d=mm&r=g","caption":"Alexander Wachter"},"url":"https:\/\/www.immobilienbusiness.ch\/fr\/author\/alexander-wachter\/"}]}},"_links":{"self":[{"href":"https:\/\/www.immobilienbusiness.ch\/fr\/wp-json\/wp\/v2\/posts\/61616","targetHints":{"allow":["GET"]}}],"collection":[{"href":"https:\/\/www.immobilienbusiness.ch\/fr\/wp-json\/wp\/v2\/posts"}],"about":[{"href":"https:\/\/www.immobilienbusiness.ch\/fr\/wp-json\/wp\/v2\/types\/post"}],"author":[{"embeddable":true,"href":"https:\/\/www.immobilienbusiness.ch\/fr\/wp-json\/wp\/v2\/users\/102"}],"replies":[{"embeddable":true,"href":"https:\/\/www.immobilienbusiness.ch\/fr\/wp-json\/wp\/v2\/comments?post=61616"}],"version-history":[{"count":2,"href":"https:\/\/www.immobilienbusiness.ch\/fr\/wp-json\/wp\/v2\/posts\/61616\/revisions"}],"predecessor-version":[{"id":61644,"href":"https:\/\/www.immobilienbusiness.ch\/fr\/wp-json\/wp\/v2\/posts\/61616\/revisions\/61644"}],"wp:attachment":[{"href":"https:\/\/www.immobilienbusiness.ch\/fr\/wp-json\/wp\/v2\/media?parent=61616"}],"wp:term":[{"taxonomy":"category","embeddable":true,"href":"https:\/\/www.immobilienbusiness.ch\/fr\/wp-json\/wp\/v2\/categories?post=61616"},{"taxonomy":"post_tag","embeddable":true,"href":"https:\/\/www.immobilienbusiness.ch\/fr\/wp-json\/wp\/v2\/tags?post=61616"}],"curies":[{"name":"wp","href":"https:\/\/api.w.org\/{rel}","templated":true}]}}