{"id":61535,"date":"2024-11-27T09:02:34","date_gmt":"2024-11-27T08:02:34","guid":{"rendered":"https:\/\/www.immobilienbusiness.ch\/?p=61535"},"modified":"2024-11-28T11:26:17","modified_gmt":"2024-11-28T10:26:17","slug":"mobifonds-swiss-property-erhoeht-die-ausschuettung","status":"publish","type":"post","link":"https:\/\/www.immobilienbusiness.ch\/fr\/unternehmen\/2024-11-27\/mobifonds-swiss-property-erhoeht-die-ausschuettung\/","title":{"rendered":"Mobifonds Swiss Property augmente ses distributions"},"content":{"rendered":"<figure id=\"attachment_61536\" aria-describedby=\"caption-attachment-61536\" style=\"width: 768px\" class=\"wp-caption alignnone\"><a href=\"https:\/\/www.immobilienbusiness.ch\/wp-content\/uploads\/2024\/11\/Mobiliar-direktion-gebaeude-bern-daemmerung-zVg-scaled.webp\"><img loading=\"lazy\" decoding=\"async\" class=\"size-large wp-image-61536\" src=\"https:\/\/www.immobilienbusiness.ch\/wp-content\/uploads\/2024\/11\/Mobiliar-direktion-gebaeude-bern-daemmerung-zVg-1024x768.webp\" alt=\"\" width=\"768\" height=\"576\" srcset=\"https:\/\/www.immobilienbusiness.ch\/wp-content\/uploads\/2024\/11\/Mobiliar-direktion-gebaeude-bern-daemmerung-zVg-1024x768.webp 1024w, https:\/\/www.immobilienbusiness.ch\/wp-content\/uploads\/2024\/11\/Mobiliar-direktion-gebaeude-bern-daemmerung-zVg-300x225.webp 300w, https:\/\/www.immobilienbusiness.ch\/wp-content\/uploads\/2024\/11\/Mobiliar-direktion-gebaeude-bern-daemmerung-zVg-768x576.webp 768w, https:\/\/www.immobilienbusiness.ch\/wp-content\/uploads\/2024\/11\/Mobiliar-direktion-gebaeude-bern-daemmerung-zVg-1536x1152.webp 1536w, https:\/\/www.immobilienbusiness.ch\/wp-content\/uploads\/2024\/11\/Mobiliar-direktion-gebaeude-bern-daemmerung-zVg-2048x1536.webp 2048w, https:\/\/www.immobilienbusiness.ch\/wp-content\/uploads\/2024\/11\/Mobiliar-direktion-gebaeude-bern-daemmerung-zVg-16x12.webp 16w, https:\/\/www.immobilienbusiness.ch\/wp-content\/uploads\/2024\/11\/Mobiliar-direktion-gebaeude-bern-daemmerung-zVg-375x281.webp 375w, https:\/\/www.immobilienbusiness.ch\/wp-content\/uploads\/2024\/11\/Mobiliar-direktion-gebaeude-bern-daemmerung-zVg-467x350.webp 467w, https:\/\/www.immobilienbusiness.ch\/wp-content\/uploads\/2024\/11\/Mobiliar-direktion-gebaeude-bern-daemmerung-zVg-1000x750.webp 1000w, https:\/\/www.immobilienbusiness.ch\/wp-content\/uploads\/2024\/11\/Mobiliar-direktion-gebaeude-bern-daemmerung-zVg-scaled.webp 1400w\" sizes=\"auto, (max-width: 768px) 100vw, 768px\" \/><\/a><figcaption id=\"caption-attachment-61536\" class=\"wp-caption-text\">Le si\u00e8ge de la Mobili\u00e8re \u00e0 Berne (photo : zVg)<\/figcaption><\/figure>\n<p>Au cours de l'exercice \u00e9coul\u00e9, le Mobifonds Swiss Property a enregistr\u00e9 une croissance des revenus locatifs de 36,6 millions \u00e0 39,9 millions de CHF. Les raisons en sont principalement l'immeuble d'Alchenfl\u00fch, qui sera achev\u00e9 en septembre 2023, le taux d'int\u00e9r\u00eat de r\u00e9f\u00e9rence plus \u00e9lev\u00e9 ainsi qu'une nouvelle r\u00e9duction du taux de d\u00e9faillance des loyers \u00e0 2,0%. Selon les informations fournies, la croissance des revenus a plus que compens\u00e9 la nouvelle hausse des co\u00fbts hypoth\u00e9caires ainsi que l'augmentation des charges immobili\u00e8res et d'entretien. Le revenu net est pass\u00e9 de 24,1 millions \u00e0 25,5 millions de CHF, la valeur par part est pass\u00e9e de 3,57 \u00e0 3,78 CHF. La distribution aux investisseurs devrait augmenter de 0,10 CHF pour atteindre 3,50 CHF par part.<\/p>\n<p>A la date de r\u00e9f\u00e9rence, le fonds disposait de 22 immeubles d'une valeur de march\u00e9 d'environ 1,1 milliard de CHF. Le portefeuille a \u00e9t\u00e9 revaloris\u00e9 de 1,1%. \"Ce faisant, la nette augmentation des revenus locatifs attendus a compens\u00e9 une l\u00e9g\u00e8re hausse du taux d'escompte moyen\", \u00e9crit la Mobili\u00e8re. La valeur nette d'inventaire (VNI) par part passe ainsi \u00e0 135,65 CHF, ce qui a entra\u00een\u00e9 un rendement des placements de 3,9%, en hausse de 2,4%. En incluant le r\u00e9sultat d'\u00e9valuation de +8,7 millions de CHF (ann\u00e9e pr\u00e9c\u00e9dente : -11,9 millions), le r\u00e9sultat total a augment\u00e9 d'environ 13,3 millions de CHF \u00e0 34,2 millions de CHF.<\/p>\n<p>La performance du cours hors bourse a toutefois \u00e9t\u00e9 n\u00e9gative, avec -3,5%. Cela s'explique en premier lieu par une liquidit\u00e9 commerciale toujours insuffisante des titres, explique-t-on du c\u00f4t\u00e9 de la Mobili\u00e8re. La direction du fonds examine \"diff\u00e9rentes mesures strat\u00e9giques pour am\u00e9liorer la situation\".<\/p>\n<h3>B\u00e2le : un immeuble de bureaux remplac\u00e9 par des logements<\/h3>\n<p>La seule transaction immobili\u00e8re de l'exercice a \u00e9t\u00e9 l'achat de l'immeuble de bureaux Nauenstrasse 49 \u00e0 B\u00e2le en d\u00e9cembre. Sur ce terrain ainsi que sur une parcelle voisine pour laquelle il existe une option d'achat, il est pr\u00e9vu de construire un nouveau b\u00e2timent de remplacement avec une grande partie d'utilisation r\u00e9sidentielle. Outre environ 2 400 m\u00b2 de surfaces commerciales dans les \u00e9tages inf\u00e9rieurs, environ 70 appartements devraient \u00eatre construits dans les \u00e9tages sup\u00e9rieurs. Selon un pr\u00e9c\u00e9dent communiqu\u00e9, le volume d'investissement pr\u00e9vu s'\u00e9l\u00e8ve \u00e0 63 millions de CHF. <em>(aw)<\/em><\/p>","protected":false},"excerpt":{"rendered":"<p>La croissance des revenus a plus que compens\u00e9 la hausse des co\u00fbts. La direction du fonds n'est cependant pas satisfaite de la performance hors bourse.<\/p>","protected":false},"author":102,"featured_media":61536,"comment_status":"closed","ping_status":"closed","sticky":false,"template":"","format":"standard","meta":{"_acf_changed":false,"_yoast_wpseo_focuskw":"Mobifonds","_yoast_wpseo_title":"","_yoast_wpseo_metadesc":"Das Ertragswachstum konnte h\u00f6here Kosten mehr als kompensieren. Mit der ausserb\u00f6rslichen Performance ist die Fondsleitung indes nicht zufrieden.","_yoast_wpseo_linkdex":60,"pgc_sgb_lightbox_settings":"","footnotes":""},"categories":[988],"tags":[1069,1118,1344,3608,1414,1492,4042,2080,1600,1643,1800],"class_list":["post-61535","post","type-post","status-publish","format-standard","has-post-thumbnail","hentry","category-unternehmen","tag-basel","tag-buero","tag-immobilienfonds","tag-jahresbericht","tag-kauf","tag-mietwohnungen","tag-mobifonds","tag-mobiliar","tag-projekt-in-planung","tag-retail","tag-umnutzung"],"acf":[],"yoast_head":"<!-- This site is optimized with the Yoast SEO plugin v27.5 - https:\/\/yoast.com\/product\/yoast-seo-wordpress\/ -->\n<title>Mobifonds Swiss Property erh\u00f6ht die Aussch\u00fcttung - IMMOBILIEN Business<\/title>\n<meta name=\"description\" content=\"Das Ertragswachstum konnte h\u00f6here Kosten mehr als kompensieren. Mit der ausserb\u00f6rslichen Performance ist die Fondsleitung indes nicht zufrieden.\" \/>\n<meta name=\"robots\" content=\"index, follow, max-snippet:-1, max-image-preview:large, max-video-preview:-1\" \/>\n<link rel=\"canonical\" href=\"https:\/\/www.immobilienbusiness.ch\/fr\/unternehmen\/2024-11-27\/mobifonds-swiss-property-erhoeht-die-ausschuettung\/\" \/>\n<meta property=\"og:locale\" content=\"fr_FR\" \/>\n<meta property=\"og:type\" content=\"article\" \/>\n<meta property=\"og:title\" content=\"Mobifonds Swiss Property erh\u00f6ht die Aussch\u00fcttung - IMMOBILIEN Business\" \/>\n<meta property=\"og:description\" content=\"Das Ertragswachstum konnte h\u00f6here Kosten mehr als kompensieren. Mit der ausserb\u00f6rslichen Performance ist die Fondsleitung indes nicht zufrieden.\" \/>\n<meta property=\"og:url\" content=\"https:\/\/www.immobilienbusiness.ch\/fr\/unternehmen\/2024-11-27\/mobifonds-swiss-property-erhoeht-die-ausschuettung\/\" \/>\n<meta property=\"og:site_name\" content=\"IMMOBILIEN Business\" \/>\n<meta property=\"article:publisher\" content=\"https:\/\/www.facebook.com\/immobilienbusiness\/\" \/>\n<meta property=\"article:published_time\" content=\"2024-11-27T08:02:34+00:00\" \/>\n<meta property=\"article:modified_time\" content=\"2024-11-28T10:26:17+00:00\" \/>\n<meta property=\"og:image\" content=\"https:\/\/www.immobilienbusiness.ch\/wp-content\/uploads\/2024\/11\/Mobiliar-direktion-gebaeude-bern-daemmerung-zVg-scaled.webp\" \/>\n\t<meta property=\"og:image:width\" content=\"1400\" \/>\n\t<meta property=\"og:image:height\" content=\"1050\" \/>\n\t<meta property=\"og:image:type\" content=\"image\/webp\" \/>\n<meta name=\"author\" content=\"Alexander Wachter\" \/>\n<meta name=\"twitter:card\" content=\"summary_large_image\" \/>\n<script type=\"application\/ld+json\" class=\"yoast-schema-graph\">{\"@context\":\"https:\\\/\\\/schema.org\",\"@graph\":[{\"@type\":\"Article\",\"@id\":\"https:\\\/\\\/www.immobilienbusiness.ch\\\/fr\\\/unternehmen\\\/2024-11-27\\\/mobifonds-swiss-property-erhoeht-die-ausschuettung\\\/#article\",\"isPartOf\":{\"@id\":\"https:\\\/\\\/www.immobilienbusiness.ch\\\/fr\\\/unternehmen\\\/2024-11-27\\\/mobifonds-swiss-property-erhoeht-die-ausschuettung\\\/\"},\"author\":{\"name\":\"Alexander Wachter\",\"@id\":\"https:\\\/\\\/www.immobilienbusiness.ch\\\/#\\\/schema\\\/person\\\/aba8bea2db926aa0c24c08c43fe1fcd5\"},\"headline\":\"Mobifonds Swiss Property erh\u00f6ht die Aussch\u00fcttung\",\"datePublished\":\"2024-11-27T08:02:34+00:00\",\"dateModified\":\"2024-11-28T10:26:17+00:00\",\"mainEntityOfPage\":{\"@id\":\"https:\\\/\\\/www.immobilienbusiness.ch\\\/fr\\\/unternehmen\\\/2024-11-27\\\/mobifonds-swiss-property-erhoeht-die-ausschuettung\\\/\"},\"wordCount\":322,\"publisher\":{\"@id\":\"https:\\\/\\\/www.immobilienbusiness.ch\\\/#organization\"},\"image\":{\"@id\":\"https:\\\/\\\/www.immobilienbusiness.ch\\\/fr\\\/unternehmen\\\/2024-11-27\\\/mobifonds-swiss-property-erhoeht-die-ausschuettung\\\/#primaryimage\"},\"thumbnailUrl\":\"https:\\\/\\\/www.immobilienbusiness.ch\\\/wp-content\\\/uploads\\\/2024\\\/11\\\/Mobiliar-direktion-gebaeude-bern-daemmerung-zVg-scaled.webp\",\"keywords\":[\"Basel\",\"B\u00fcro\",\"Immobilienfonds\",\"Jahresbericht\",\"Kauf\",\"Mietwohnungen\",\"Mobifonds\",\"Mobiliar\",\"Projekt in Planung\",\"Retail\",\"Umnutzung\"],\"articleSection\":[\"UNTERNEHMEN\"],\"inLanguage\":\"fr-FR\"},{\"@type\":\"WebPage\",\"@id\":\"https:\\\/\\\/www.immobilienbusiness.ch\\\/fr\\\/unternehmen\\\/2024-11-27\\\/mobifonds-swiss-property-erhoeht-die-ausschuettung\\\/\",\"url\":\"https:\\\/\\\/www.immobilienbusiness.ch\\\/fr\\\/unternehmen\\\/2024-11-27\\\/mobifonds-swiss-property-erhoeht-die-ausschuettung\\\/\",\"name\":\"Mobifonds Swiss Property erh\u00f6ht die Aussch\u00fcttung - IMMOBILIEN Business\",\"isPartOf\":{\"@id\":\"https:\\\/\\\/www.immobilienbusiness.ch\\\/#website\"},\"primaryImageOfPage\":{\"@id\":\"https:\\\/\\\/www.immobilienbusiness.ch\\\/fr\\\/unternehmen\\\/2024-11-27\\\/mobifonds-swiss-property-erhoeht-die-ausschuettung\\\/#primaryimage\"},\"image\":{\"@id\":\"https:\\\/\\\/www.immobilienbusiness.ch\\\/fr\\\/unternehmen\\\/2024-11-27\\\/mobifonds-swiss-property-erhoeht-die-ausschuettung\\\/#primaryimage\"},\"thumbnailUrl\":\"https:\\\/\\\/www.immobilienbusiness.ch\\\/wp-content\\\/uploads\\\/2024\\\/11\\\/Mobiliar-direktion-gebaeude-bern-daemmerung-zVg-scaled.webp\",\"datePublished\":\"2024-11-27T08:02:34+00:00\",\"dateModified\":\"2024-11-28T10:26:17+00:00\",\"description\":\"Das Ertragswachstum konnte h\u00f6here Kosten mehr als kompensieren. Mit der ausserb\u00f6rslichen Performance ist die Fondsleitung indes nicht zufrieden.\",\"breadcrumb\":{\"@id\":\"https:\\\/\\\/www.immobilienbusiness.ch\\\/fr\\\/unternehmen\\\/2024-11-27\\\/mobifonds-swiss-property-erhoeht-die-ausschuettung\\\/#breadcrumb\"},\"inLanguage\":\"fr-FR\",\"potentialAction\":[{\"@type\":\"ReadAction\",\"target\":[\"https:\\\/\\\/www.immobilienbusiness.ch\\\/fr\\\/unternehmen\\\/2024-11-27\\\/mobifonds-swiss-property-erhoeht-die-ausschuettung\\\/\"]}]},{\"@type\":\"ImageObject\",\"inLanguage\":\"fr-FR\",\"@id\":\"https:\\\/\\\/www.immobilienbusiness.ch\\\/fr\\\/unternehmen\\\/2024-11-27\\\/mobifonds-swiss-property-erhoeht-die-ausschuettung\\\/#primaryimage\",\"url\":\"https:\\\/\\\/www.immobilienbusiness.ch\\\/wp-content\\\/uploads\\\/2024\\\/11\\\/Mobiliar-direktion-gebaeude-bern-daemmerung-zVg-scaled.webp\",\"contentUrl\":\"https:\\\/\\\/www.immobilienbusiness.ch\\\/wp-content\\\/uploads\\\/2024\\\/11\\\/Mobiliar-direktion-gebaeude-bern-daemmerung-zVg-scaled.webp\",\"width\":1400,\"height\":1050,\"caption\":\"Der Sitz der Mobiliar in Bern (Bild: zVg)\"},{\"@type\":\"BreadcrumbList\",\"@id\":\"https:\\\/\\\/www.immobilienbusiness.ch\\\/fr\\\/unternehmen\\\/2024-11-27\\\/mobifonds-swiss-property-erhoeht-die-ausschuettung\\\/#breadcrumb\",\"itemListElement\":[{\"@type\":\"ListItem\",\"position\":1,\"name\":\"Home\",\"item\":\"https:\\\/\\\/www.immobilienbusiness.ch\\\/\"},{\"@type\":\"ListItem\",\"position\":2,\"name\":\"Mobifonds Swiss Property erh\u00f6ht die Aussch\u00fcttung\"}]},{\"@type\":\"WebSite\",\"@id\":\"https:\\\/\\\/www.immobilienbusiness.ch\\\/#website\",\"url\":\"https:\\\/\\\/www.immobilienbusiness.ch\\\/\",\"name\":\"IMMOBILIEN Business\",\"description\":\"Unabh\u00e4ngiges Schweizer Wirtschaftsmagazin mit Fokus auf Immobilien, Architektur- und Bau sowie Investment- und Finanzierung.\",\"publisher\":{\"@id\":\"https:\\\/\\\/www.immobilienbusiness.ch\\\/#organization\"},\"potentialAction\":[{\"@type\":\"SearchAction\",\"target\":{\"@type\":\"EntryPoint\",\"urlTemplate\":\"https:\\\/\\\/www.immobilienbusiness.ch\\\/?s={search_term_string}\"},\"query-input\":{\"@type\":\"PropertyValueSpecification\",\"valueRequired\":true,\"valueName\":\"search_term_string\"}}],\"inLanguage\":\"fr-FR\"},{\"@type\":\"Organization\",\"@id\":\"https:\\\/\\\/www.immobilienbusiness.ch\\\/#organization\",\"name\":\"IMMOBILIEN Business\",\"url\":\"https:\\\/\\\/www.immobilienbusiness.ch\\\/\",\"logo\":{\"@type\":\"ImageObject\",\"inLanguage\":\"fr-FR\",\"@id\":\"https:\\\/\\\/www.immobilienbusiness.ch\\\/#\\\/schema\\\/logo\\\/image\\\/\",\"url\":\"https:\\\/\\\/www.immobilienbusiness.ch\\\/wp-content\\\/uploads\\\/2021\\\/07\\\/logo_ib.png\",\"contentUrl\":\"https:\\\/\\\/www.immobilienbusiness.ch\\\/wp-content\\\/uploads\\\/2021\\\/07\\\/logo_ib.png\",\"width\":800,\"height\":181,\"caption\":\"IMMOBILIEN Business\"},\"image\":{\"@id\":\"https:\\\/\\\/www.immobilienbusiness.ch\\\/#\\\/schema\\\/logo\\\/image\\\/\"},\"sameAs\":[\"https:\\\/\\\/www.facebook.com\\\/immobilienbusiness\\\/\"]},{\"@type\":\"Person\",\"@id\":\"https:\\\/\\\/www.immobilienbusiness.ch\\\/#\\\/schema\\\/person\\\/aba8bea2db926aa0c24c08c43fe1fcd5\",\"name\":\"Alexander Wachter\",\"image\":{\"@type\":\"ImageObject\",\"inLanguage\":\"fr-FR\",\"@id\":\"https:\\\/\\\/secure.gravatar.com\\\/avatar\\\/1a09e471f5389b0e0a6416eac287e0927c7c97a7b77f9e787eba3af7aee281dd?s=96&d=mm&r=g\",\"url\":\"https:\\\/\\\/secure.gravatar.com\\\/avatar\\\/1a09e471f5389b0e0a6416eac287e0927c7c97a7b77f9e787eba3af7aee281dd?s=96&d=mm&r=g\",\"contentUrl\":\"https:\\\/\\\/secure.gravatar.com\\\/avatar\\\/1a09e471f5389b0e0a6416eac287e0927c7c97a7b77f9e787eba3af7aee281dd?s=96&d=mm&r=g\",\"caption\":\"Alexander Wachter\"},\"url\":\"https:\\\/\\\/www.immobilienbusiness.ch\\\/fr\\\/author\\\/alexander-wachter\\\/\"}]}<\/script>\n<!-- \/ Yoast SEO plugin. -->","yoast_head_json":{"title":"Mobifonds Swiss Property augmente ses distributions - IMMOBILIER Business","description":"La croissance des revenus a plus que compens\u00e9 la hausse des co\u00fbts. La direction du fonds n'est cependant pas satisfaite de la performance hors bourse.","robots":{"index":"index","follow":"follow","max-snippet":"max-snippet:-1","max-image-preview":"max-image-preview:large","max-video-preview":"max-video-preview:-1"},"canonical":"https:\/\/www.immobilienbusiness.ch\/fr\/unternehmen\/2024-11-27\/mobifonds-swiss-property-erhoeht-die-ausschuettung\/","og_locale":"fr_FR","og_type":"article","og_title":"Mobifonds Swiss Property erh\u00f6ht die Aussch\u00fcttung - IMMOBILIEN Business","og_description":"Das Ertragswachstum konnte h\u00f6here Kosten mehr als kompensieren. Mit der ausserb\u00f6rslichen Performance ist die Fondsleitung indes nicht zufrieden.","og_url":"https:\/\/www.immobilienbusiness.ch\/fr\/unternehmen\/2024-11-27\/mobifonds-swiss-property-erhoeht-die-ausschuettung\/","og_site_name":"IMMOBILIEN Business","article_publisher":"https:\/\/www.facebook.com\/immobilienbusiness\/","article_published_time":"2024-11-27T08:02:34+00:00","article_modified_time":"2024-11-28T10:26:17+00:00","og_image":[{"width":1400,"height":1050,"url":"https:\/\/www.immobilienbusiness.ch\/wp-content\/uploads\/2024\/11\/Mobiliar-direktion-gebaeude-bern-daemmerung-zVg-scaled.webp","type":"image\/webp"}],"author":"Alexander Wachter","twitter_card":"summary_large_image","schema":{"@context":"https:\/\/schema.org","@graph":[{"@type":"Article","@id":"https:\/\/www.immobilienbusiness.ch\/fr\/unternehmen\/2024-11-27\/mobifonds-swiss-property-erhoeht-die-ausschuettung\/#article","isPartOf":{"@id":"https:\/\/www.immobilienbusiness.ch\/fr\/unternehmen\/2024-11-27\/mobifonds-swiss-property-erhoeht-die-ausschuettung\/"},"author":{"name":"Alexander Wachter","@id":"https:\/\/www.immobilienbusiness.ch\/#\/schema\/person\/aba8bea2db926aa0c24c08c43fe1fcd5"},"headline":"Mobifonds Swiss Property erh\u00f6ht die Aussch\u00fcttung","datePublished":"2024-11-27T08:02:34+00:00","dateModified":"2024-11-28T10:26:17+00:00","mainEntityOfPage":{"@id":"https:\/\/www.immobilienbusiness.ch\/fr\/unternehmen\/2024-11-27\/mobifonds-swiss-property-erhoeht-die-ausschuettung\/"},"wordCount":322,"publisher":{"@id":"https:\/\/www.immobilienbusiness.ch\/#organization"},"image":{"@id":"https:\/\/www.immobilienbusiness.ch\/fr\/unternehmen\/2024-11-27\/mobifonds-swiss-property-erhoeht-die-ausschuettung\/#primaryimage"},"thumbnailUrl":"https:\/\/www.immobilienbusiness.ch\/wp-content\/uploads\/2024\/11\/Mobiliar-direktion-gebaeude-bern-daemmerung-zVg-scaled.webp","keywords":["Basel","B\u00fcro","Immobilienfonds","Jahresbericht","Kauf","Mietwohnungen","Mobifonds","Mobiliar","Projekt in Planung","Retail","Umnutzung"],"articleSection":["UNTERNEHMEN"],"inLanguage":"fr-FR"},{"@type":"WebPage","@id":"https:\/\/www.immobilienbusiness.ch\/fr\/unternehmen\/2024-11-27\/mobifonds-swiss-property-erhoeht-die-ausschuettung\/","url":"https:\/\/www.immobilienbusiness.ch\/fr\/unternehmen\/2024-11-27\/mobifonds-swiss-property-erhoeht-die-ausschuettung\/","name":"Mobifonds Swiss Property augmente ses distributions - IMMOBILIER Business","isPartOf":{"@id":"https:\/\/www.immobilienbusiness.ch\/#website"},"primaryImageOfPage":{"@id":"https:\/\/www.immobilienbusiness.ch\/fr\/unternehmen\/2024-11-27\/mobifonds-swiss-property-erhoeht-die-ausschuettung\/#primaryimage"},"image":{"@id":"https:\/\/www.immobilienbusiness.ch\/fr\/unternehmen\/2024-11-27\/mobifonds-swiss-property-erhoeht-die-ausschuettung\/#primaryimage"},"thumbnailUrl":"https:\/\/www.immobilienbusiness.ch\/wp-content\/uploads\/2024\/11\/Mobiliar-direktion-gebaeude-bern-daemmerung-zVg-scaled.webp","datePublished":"2024-11-27T08:02:34+00:00","dateModified":"2024-11-28T10:26:17+00:00","description":"La croissance des revenus a plus que compens\u00e9 la hausse des co\u00fbts. La direction du fonds n'est cependant pas satisfaite de la performance hors bourse.","breadcrumb":{"@id":"https:\/\/www.immobilienbusiness.ch\/fr\/unternehmen\/2024-11-27\/mobifonds-swiss-property-erhoeht-die-ausschuettung\/#breadcrumb"},"inLanguage":"fr-FR","potentialAction":[{"@type":"ReadAction","target":["https:\/\/www.immobilienbusiness.ch\/fr\/unternehmen\/2024-11-27\/mobifonds-swiss-property-erhoeht-die-ausschuettung\/"]}]},{"@type":"ImageObject","inLanguage":"fr-FR","@id":"https:\/\/www.immobilienbusiness.ch\/fr\/unternehmen\/2024-11-27\/mobifonds-swiss-property-erhoeht-die-ausschuettung\/#primaryimage","url":"https:\/\/www.immobilienbusiness.ch\/wp-content\/uploads\/2024\/11\/Mobiliar-direktion-gebaeude-bern-daemmerung-zVg-scaled.webp","contentUrl":"https:\/\/www.immobilienbusiness.ch\/wp-content\/uploads\/2024\/11\/Mobiliar-direktion-gebaeude-bern-daemmerung-zVg-scaled.webp","width":1400,"height":1050,"caption":"Der Sitz der Mobiliar in Bern (Bild: zVg)"},{"@type":"BreadcrumbList","@id":"https:\/\/www.immobilienbusiness.ch\/fr\/unternehmen\/2024-11-27\/mobifonds-swiss-property-erhoeht-die-ausschuettung\/#breadcrumb","itemListElement":[{"@type":"ListItem","position":1,"name":"Home","item":"https:\/\/www.immobilienbusiness.ch\/"},{"@type":"ListItem","position":2,"name":"Mobifonds Swiss Property erh\u00f6ht die Aussch\u00fcttung"}]},{"@type":"WebSite","@id":"https:\/\/www.immobilienbusiness.ch\/#website","url":"https:\/\/www.immobilienbusiness.ch\/","name":"IMMOBILIER Business","description":"Magazine \u00e9conomique suisse ind\u00e9pendant ax\u00e9 sur l'immobilier, l'architecture et la construction ainsi que sur les investissements et le financement.","publisher":{"@id":"https:\/\/www.immobilienbusiness.ch\/#organization"},"potentialAction":[{"@type":"SearchAction","target":{"@type":"EntryPoint","urlTemplate":"https:\/\/www.immobilienbusiness.ch\/?s={search_term_string}"},"query-input":{"@type":"PropertyValueSpecification","valueRequired":true,"valueName":"search_term_string"}}],"inLanguage":"fr-FR"},{"@type":"Organization","@id":"https:\/\/www.immobilienbusiness.ch\/#organization","name":"IMMOBILIER Business","url":"https:\/\/www.immobilienbusiness.ch\/","logo":{"@type":"ImageObject","inLanguage":"fr-FR","@id":"https:\/\/www.immobilienbusiness.ch\/#\/schema\/logo\/image\/","url":"https:\/\/www.immobilienbusiness.ch\/wp-content\/uploads\/2021\/07\/logo_ib.png","contentUrl":"https:\/\/www.immobilienbusiness.ch\/wp-content\/uploads\/2021\/07\/logo_ib.png","width":800,"height":181,"caption":"IMMOBILIEN Business"},"image":{"@id":"https:\/\/www.immobilienbusiness.ch\/#\/schema\/logo\/image\/"},"sameAs":["https:\/\/www.facebook.com\/immobilienbusiness\/"]},{"@type":"Person","@id":"https:\/\/www.immobilienbusiness.ch\/#\/schema\/person\/aba8bea2db926aa0c24c08c43fe1fcd5","name":"Alexander Wachter","image":{"@type":"ImageObject","inLanguage":"fr-FR","@id":"https:\/\/secure.gravatar.com\/avatar\/1a09e471f5389b0e0a6416eac287e0927c7c97a7b77f9e787eba3af7aee281dd?s=96&d=mm&r=g","url":"https:\/\/secure.gravatar.com\/avatar\/1a09e471f5389b0e0a6416eac287e0927c7c97a7b77f9e787eba3af7aee281dd?s=96&d=mm&r=g","contentUrl":"https:\/\/secure.gravatar.com\/avatar\/1a09e471f5389b0e0a6416eac287e0927c7c97a7b77f9e787eba3af7aee281dd?s=96&d=mm&r=g","caption":"Alexander Wachter"},"url":"https:\/\/www.immobilienbusiness.ch\/fr\/author\/alexander-wachter\/"}]}},"_links":{"self":[{"href":"https:\/\/www.immobilienbusiness.ch\/fr\/wp-json\/wp\/v2\/posts\/61535","targetHints":{"allow":["GET"]}}],"collection":[{"href":"https:\/\/www.immobilienbusiness.ch\/fr\/wp-json\/wp\/v2\/posts"}],"about":[{"href":"https:\/\/www.immobilienbusiness.ch\/fr\/wp-json\/wp\/v2\/types\/post"}],"author":[{"embeddable":true,"href":"https:\/\/www.immobilienbusiness.ch\/fr\/wp-json\/wp\/v2\/users\/102"}],"replies":[{"embeddable":true,"href":"https:\/\/www.immobilienbusiness.ch\/fr\/wp-json\/wp\/v2\/comments?post=61535"}],"version-history":[{"count":4,"href":"https:\/\/www.immobilienbusiness.ch\/fr\/wp-json\/wp\/v2\/posts\/61535\/revisions"}],"predecessor-version":[{"id":61568,"href":"https:\/\/www.immobilienbusiness.ch\/fr\/wp-json\/wp\/v2\/posts\/61535\/revisions\/61568"}],"wp:featuredmedia":[{"embeddable":true,"href":"https:\/\/www.immobilienbusiness.ch\/fr\/wp-json\/wp\/v2\/media\/61536"}],"wp:attachment":[{"href":"https:\/\/www.immobilienbusiness.ch\/fr\/wp-json\/wp\/v2\/media?parent=61535"}],"wp:term":[{"taxonomy":"category","embeddable":true,"href":"https:\/\/www.immobilienbusiness.ch\/fr\/wp-json\/wp\/v2\/categories?post=61535"},{"taxonomy":"post_tag","embeddable":true,"href":"https:\/\/www.immobilienbusiness.ch\/fr\/wp-json\/wp\/v2\/tags?post=61535"}],"curies":[{"name":"wp","href":"https:\/\/api.w.org\/{rel}","templated":true}]}}