{"id":61346,"date":"2024-11-12T08:07:54","date_gmt":"2024-11-12T07:07:54","guid":{"rendered":"https:\/\/www.immobilienbusiness.ch\/?p=61346"},"modified":"2024-11-14T10:15:10","modified_gmt":"2024-11-14T09:15:10","slug":"adimmo-neuer-vorsitzender-der-geschaeftsleitung","status":"publish","type":"post","link":"https:\/\/www.immobilienbusiness.ch\/fr\/personalia\/2024-11-12\/adimmo-neuer-vorsitzender-der-geschaeftsleitung\/","title":{"rendered":"Adimmo : nouveau pr\u00e9sident de la direction"},"content":{"rendered":"<figure id=\"attachment_61347\" aria-describedby=\"caption-attachment-61347\" style=\"width: 821px\" class=\"wp-caption alignnone\"><a href=\"https:\/\/www.immobilienbusiness.ch\/wp-content\/uploads\/2024\/11\/Fabio-Filleti.png\"><img loading=\"lazy\" decoding=\"async\" class=\"size-full wp-image-61347\" src=\"https:\/\/www.immobilienbusiness.ch\/wp-content\/uploads\/2024\/11\/Fabio-Filleti.png\" alt=\"\" width=\"821\" height=\"641\" srcset=\"https:\/\/www.immobilienbusiness.ch\/wp-content\/uploads\/2024\/11\/Fabio-Filleti.png 821w, https:\/\/www.immobilienbusiness.ch\/wp-content\/uploads\/2024\/11\/Fabio-Filleti-300x234.png 300w, https:\/\/www.immobilienbusiness.ch\/wp-content\/uploads\/2024\/11\/Fabio-Filleti-768x600.png 768w, https:\/\/www.immobilienbusiness.ch\/wp-content\/uploads\/2024\/11\/Fabio-Filleti-15x12.png 15w, https:\/\/www.immobilienbusiness.ch\/wp-content\/uploads\/2024\/11\/Fabio-Filleti-375x293.png 375w, https:\/\/www.immobilienbusiness.ch\/wp-content\/uploads\/2024\/11\/Fabio-Filleti-448x350.png 448w\" sizes=\"auto, (max-width: 821px) 100vw, 821px\" \/><\/a><figcaption id=\"caption-attachment-61347\" class=\"wp-caption-text\">Fabio Filleti (Photo : Adimmo)<\/figcaption><\/figure>\n<p>Le conseil d'administration d'Adimmo SA a nomm\u00e9 Fabio Filleti au poste de pr\u00e9sident de la direction. C'est ce que communique la filiale de la caisse de pension de B\u00e2le-Campagne.<\/p>\n<p>Filleti travaille d\u00e9j\u00e0 depuis avril 2022 en tant qu'asset manager pour Adimmo. Sa s\u00e9lection pour ce nouveau poste s'est faite, selon un communiqu\u00e9, dans le cadre d'un \"processus professionnel et externe\".<\/p>\n<p>A partir de janvier 2025, Filleti assumera \u00e0 la fois la direction du secteur de la gestion et la pr\u00e9sidence de la direction. <em>(aw)<\/em><\/p>\n<p>&nbsp;<\/p>","protected":false},"excerpt":{"rendered":"<p>Fabio Filleti, qui travaille depuis 2022 pour la filiale de la caisse de pension de B\u00e2le-Campagne, pr\u00e9sidera \u00e0 partir de janvier aux destin\u00e9es du gestionnaire immobilier.<\/p>","protected":false},"author":102,"featured_media":61347,"comment_status":"closed","ping_status":"closed","sticky":false,"template":"","format":"standard","meta":{"_acf_changed":false,"_yoast_wpseo_focuskw":"Adimmo","_yoast_wpseo_title":"","_yoast_wpseo_metadesc":"Fabio Filleti, der seit 2022 f\u00fcr die Tochter der Basellandischen Pensionskasse arbeitet, lenkt von Januar an die Geschicke des Immobilienmanagers.","_yoast_wpseo_linkdex":49,"pgc_sgb_lightbox_settings":"","footnotes":""},"categories":[1912],"tags":[3629,3652,1349,1563],"class_list":["post-61346","post","type-post","status-publish","format-standard","has-post-thumbnail","hentry","category-personalia","tag-adimmo","tag-assetmanagement","tag-immobilienmanagement","tag-personalia"],"acf":[],"yoast_head":"<!-- This site is optimized with the Yoast SEO plugin v27.5 - https:\/\/yoast.com\/product\/yoast-seo-wordpress\/ -->\n<title>Adimmo: Neuer Vorsitzender der Gesch\u00e4ftsleitung - IMMOBILIEN Business<\/title>\n<meta name=\"description\" content=\"Fabio Filleti, der seit 2022 f\u00fcr die Tochter der Basellandischen Pensionskasse arbeitet, lenkt von Januar an die Geschicke des Immobilienmanagers.\" \/>\n<meta name=\"robots\" content=\"index, follow, max-snippet:-1, max-image-preview:large, max-video-preview:-1\" \/>\n<link rel=\"canonical\" href=\"https:\/\/www.immobilienbusiness.ch\/fr\/personalia\/2024-11-12\/adimmo-neuer-vorsitzender-der-geschaeftsleitung\/\" \/>\n<meta property=\"og:locale\" content=\"fr_FR\" \/>\n<meta property=\"og:type\" content=\"article\" \/>\n<meta property=\"og:title\" content=\"Adimmo: Neuer Vorsitzender der Gesch\u00e4ftsleitung - IMMOBILIEN Business\" \/>\n<meta property=\"og:description\" content=\"Fabio Filleti, der seit 2022 f\u00fcr die Tochter der Basellandischen Pensionskasse arbeitet, lenkt von Januar an die Geschicke des Immobilienmanagers.\" \/>\n<meta property=\"og:url\" content=\"https:\/\/www.immobilienbusiness.ch\/fr\/personalia\/2024-11-12\/adimmo-neuer-vorsitzender-der-geschaeftsleitung\/\" \/>\n<meta property=\"og:site_name\" content=\"IMMOBILIEN Business\" \/>\n<meta property=\"article:publisher\" content=\"https:\/\/www.facebook.com\/immobilienbusiness\/\" \/>\n<meta property=\"article:published_time\" content=\"2024-11-12T07:07:54+00:00\" \/>\n<meta property=\"article:modified_time\" content=\"2024-11-14T09:15:10+00:00\" \/>\n<meta property=\"og:image\" content=\"https:\/\/www.immobilienbusiness.ch\/wp-content\/uploads\/2024\/11\/Fabio-Filleti.png\" \/>\n\t<meta property=\"og:image:width\" content=\"821\" \/>\n\t<meta property=\"og:image:height\" content=\"641\" \/>\n\t<meta property=\"og:image:type\" content=\"image\/png\" \/>\n<meta name=\"author\" content=\"Alexander Wachter\" \/>\n<meta name=\"twitter:card\" content=\"summary_large_image\" \/>\n<script type=\"application\/ld+json\" class=\"yoast-schema-graph\">{\"@context\":\"https:\\\/\\\/schema.org\",\"@graph\":[{\"@type\":\"Article\",\"@id\":\"https:\\\/\\\/www.immobilienbusiness.ch\\\/de\\\/personalia\\\/2024-11-12\\\/adimmo-neuer-vorsitzender-der-geschaeftsleitung\\\/#article\",\"isPartOf\":{\"@id\":\"https:\\\/\\\/www.immobilienbusiness.ch\\\/de\\\/personalia\\\/2024-11-12\\\/adimmo-neuer-vorsitzender-der-geschaeftsleitung\\\/\"},\"author\":{\"name\":\"Alexander Wachter\",\"@id\":\"https:\\\/\\\/www.immobilienbusiness.ch\\\/#\\\/schema\\\/person\\\/aba8bea2db926aa0c24c08c43fe1fcd5\"},\"headline\":\"Adimmo: Neuer Vorsitzender der Gesch\u00e4ftsleitung\",\"datePublished\":\"2024-11-12T07:07:54+00:00\",\"dateModified\":\"2024-11-14T09:15:10+00:00\",\"mainEntityOfPage\":{\"@id\":\"https:\\\/\\\/www.immobilienbusiness.ch\\\/de\\\/personalia\\\/2024-11-12\\\/adimmo-neuer-vorsitzender-der-geschaeftsleitung\\\/\"},\"wordCount\":89,\"publisher\":{\"@id\":\"https:\\\/\\\/www.immobilienbusiness.ch\\\/#organization\"},\"image\":{\"@id\":\"https:\\\/\\\/www.immobilienbusiness.ch\\\/de\\\/personalia\\\/2024-11-12\\\/adimmo-neuer-vorsitzender-der-geschaeftsleitung\\\/#primaryimage\"},\"thumbnailUrl\":\"https:\\\/\\\/www.immobilienbusiness.ch\\\/wp-content\\\/uploads\\\/2024\\\/11\\\/Fabio-Filleti.png\",\"keywords\":[\"Adimmo\",\"Assetmanagement\",\"Immobilienmanagement\",\"Personalia\"],\"articleSection\":[\"PERSONALIA\"],\"inLanguage\":\"fr-FR\"},{\"@type\":\"WebPage\",\"@id\":\"https:\\\/\\\/www.immobilienbusiness.ch\\\/de\\\/personalia\\\/2024-11-12\\\/adimmo-neuer-vorsitzender-der-geschaeftsleitung\\\/\",\"url\":\"https:\\\/\\\/www.immobilienbusiness.ch\\\/de\\\/personalia\\\/2024-11-12\\\/adimmo-neuer-vorsitzender-der-geschaeftsleitung\\\/\",\"name\":\"Adimmo: Neuer Vorsitzender der Gesch\u00e4ftsleitung - IMMOBILIEN Business\",\"isPartOf\":{\"@id\":\"https:\\\/\\\/www.immobilienbusiness.ch\\\/#website\"},\"primaryImageOfPage\":{\"@id\":\"https:\\\/\\\/www.immobilienbusiness.ch\\\/de\\\/personalia\\\/2024-11-12\\\/adimmo-neuer-vorsitzender-der-geschaeftsleitung\\\/#primaryimage\"},\"image\":{\"@id\":\"https:\\\/\\\/www.immobilienbusiness.ch\\\/de\\\/personalia\\\/2024-11-12\\\/adimmo-neuer-vorsitzender-der-geschaeftsleitung\\\/#primaryimage\"},\"thumbnailUrl\":\"https:\\\/\\\/www.immobilienbusiness.ch\\\/wp-content\\\/uploads\\\/2024\\\/11\\\/Fabio-Filleti.png\",\"datePublished\":\"2024-11-12T07:07:54+00:00\",\"dateModified\":\"2024-11-14T09:15:10+00:00\",\"description\":\"Fabio Filleti, der seit 2022 f\u00fcr die Tochter der Basellandischen Pensionskasse arbeitet, lenkt von Januar an die Geschicke des Immobilienmanagers.\",\"breadcrumb\":{\"@id\":\"https:\\\/\\\/www.immobilienbusiness.ch\\\/de\\\/personalia\\\/2024-11-12\\\/adimmo-neuer-vorsitzender-der-geschaeftsleitung\\\/#breadcrumb\"},\"inLanguage\":\"fr-FR\",\"potentialAction\":[{\"@type\":\"ReadAction\",\"target\":[\"https:\\\/\\\/www.immobilienbusiness.ch\\\/de\\\/personalia\\\/2024-11-12\\\/adimmo-neuer-vorsitzender-der-geschaeftsleitung\\\/\"]}]},{\"@type\":\"ImageObject\",\"inLanguage\":\"fr-FR\",\"@id\":\"https:\\\/\\\/www.immobilienbusiness.ch\\\/de\\\/personalia\\\/2024-11-12\\\/adimmo-neuer-vorsitzender-der-geschaeftsleitung\\\/#primaryimage\",\"url\":\"https:\\\/\\\/www.immobilienbusiness.ch\\\/wp-content\\\/uploads\\\/2024\\\/11\\\/Fabio-Filleti.png\",\"contentUrl\":\"https:\\\/\\\/www.immobilienbusiness.ch\\\/wp-content\\\/uploads\\\/2024\\\/11\\\/Fabio-Filleti.png\",\"width\":821,\"height\":641,\"caption\":\"Fabio Filleti (Bild: Adimmo)\"},{\"@type\":\"BreadcrumbList\",\"@id\":\"https:\\\/\\\/www.immobilienbusiness.ch\\\/de\\\/personalia\\\/2024-11-12\\\/adimmo-neuer-vorsitzender-der-geschaeftsleitung\\\/#breadcrumb\",\"itemListElement\":[{\"@type\":\"ListItem\",\"position\":1,\"name\":\"Home\",\"item\":\"https:\\\/\\\/www.immobilienbusiness.ch\\\/\"},{\"@type\":\"ListItem\",\"position\":2,\"name\":\"Adimmo: Neuer Vorsitzender der Gesch\u00e4ftsleitung\"}]},{\"@type\":\"WebSite\",\"@id\":\"https:\\\/\\\/www.immobilienbusiness.ch\\\/#website\",\"url\":\"https:\\\/\\\/www.immobilienbusiness.ch\\\/\",\"name\":\"IMMOBILIEN Business\",\"description\":\"Unabh\u00e4ngiges Schweizer Wirtschaftsmagazin mit Fokus auf Immobilien, Architektur- und Bau sowie Investment- und Finanzierung.\",\"publisher\":{\"@id\":\"https:\\\/\\\/www.immobilienbusiness.ch\\\/#organization\"},\"potentialAction\":[{\"@type\":\"SearchAction\",\"target\":{\"@type\":\"EntryPoint\",\"urlTemplate\":\"https:\\\/\\\/www.immobilienbusiness.ch\\\/?s={search_term_string}\"},\"query-input\":{\"@type\":\"PropertyValueSpecification\",\"valueRequired\":true,\"valueName\":\"search_term_string\"}}],\"inLanguage\":\"fr-FR\"},{\"@type\":\"Organization\",\"@id\":\"https:\\\/\\\/www.immobilienbusiness.ch\\\/#organization\",\"name\":\"IMMOBILIEN Business\",\"url\":\"https:\\\/\\\/www.immobilienbusiness.ch\\\/\",\"logo\":{\"@type\":\"ImageObject\",\"inLanguage\":\"fr-FR\",\"@id\":\"https:\\\/\\\/www.immobilienbusiness.ch\\\/#\\\/schema\\\/logo\\\/image\\\/\",\"url\":\"https:\\\/\\\/www.immobilienbusiness.ch\\\/wp-content\\\/uploads\\\/2021\\\/07\\\/logo_ib.png\",\"contentUrl\":\"https:\\\/\\\/www.immobilienbusiness.ch\\\/wp-content\\\/uploads\\\/2021\\\/07\\\/logo_ib.png\",\"width\":800,\"height\":181,\"caption\":\"IMMOBILIEN Business\"},\"image\":{\"@id\":\"https:\\\/\\\/www.immobilienbusiness.ch\\\/#\\\/schema\\\/logo\\\/image\\\/\"},\"sameAs\":[\"https:\\\/\\\/www.facebook.com\\\/immobilienbusiness\\\/\"]},{\"@type\":\"Person\",\"@id\":\"https:\\\/\\\/www.immobilienbusiness.ch\\\/#\\\/schema\\\/person\\\/aba8bea2db926aa0c24c08c43fe1fcd5\",\"name\":\"Alexander Wachter\",\"image\":{\"@type\":\"ImageObject\",\"inLanguage\":\"fr-FR\",\"@id\":\"https:\\\/\\\/secure.gravatar.com\\\/avatar\\\/1a09e471f5389b0e0a6416eac287e0927c7c97a7b77f9e787eba3af7aee281dd?s=96&d=mm&r=g\",\"url\":\"https:\\\/\\\/secure.gravatar.com\\\/avatar\\\/1a09e471f5389b0e0a6416eac287e0927c7c97a7b77f9e787eba3af7aee281dd?s=96&d=mm&r=g\",\"contentUrl\":\"https:\\\/\\\/secure.gravatar.com\\\/avatar\\\/1a09e471f5389b0e0a6416eac287e0927c7c97a7b77f9e787eba3af7aee281dd?s=96&d=mm&r=g\",\"caption\":\"Alexander Wachter\"},\"url\":\"https:\\\/\\\/www.immobilienbusiness.ch\\\/fr\\\/author\\\/alexander-wachter\\\/\"}]}<\/script>\n<!-- \/ Yoast SEO plugin. -->","yoast_head_json":{"title":"Adimmo: Neuer Vorsitzender der Gesch\u00e4ftsleitung - IMMOBILIEN Business","description":"Fabio Filleti, qui travaille depuis 2022 pour la filiale de la caisse de pension de B\u00e2le-Campagne, pr\u00e9sidera \u00e0 partir de janvier aux destin\u00e9es du gestionnaire immobilier.","robots":{"index":"index","follow":"follow","max-snippet":"max-snippet:-1","max-image-preview":"max-image-preview:large","max-video-preview":"max-video-preview:-1"},"canonical":"https:\/\/www.immobilienbusiness.ch\/fr\/personalia\/2024-11-12\/adimmo-neuer-vorsitzender-der-geschaeftsleitung\/","og_locale":"fr_FR","og_type":"article","og_title":"Adimmo: Neuer Vorsitzender der Gesch\u00e4ftsleitung - IMMOBILIEN Business","og_description":"Fabio Filleti, der seit 2022 f\u00fcr die Tochter der Basellandischen Pensionskasse arbeitet, lenkt von Januar an die Geschicke des Immobilienmanagers.","og_url":"https:\/\/www.immobilienbusiness.ch\/fr\/personalia\/2024-11-12\/adimmo-neuer-vorsitzender-der-geschaeftsleitung\/","og_site_name":"IMMOBILIEN Business","article_publisher":"https:\/\/www.facebook.com\/immobilienbusiness\/","article_published_time":"2024-11-12T07:07:54+00:00","article_modified_time":"2024-11-14T09:15:10+00:00","og_image":[{"width":821,"height":641,"url":"https:\/\/www.immobilienbusiness.ch\/wp-content\/uploads\/2024\/11\/Fabio-Filleti.png","type":"image\/png"}],"author":"Alexander Wachter","twitter_card":"summary_large_image","schema":{"@context":"https:\/\/schema.org","@graph":[{"@type":"Article","@id":"https:\/\/www.immobilienbusiness.ch\/de\/personalia\/2024-11-12\/adimmo-neuer-vorsitzender-der-geschaeftsleitung\/#article","isPartOf":{"@id":"https:\/\/www.immobilienbusiness.ch\/de\/personalia\/2024-11-12\/adimmo-neuer-vorsitzender-der-geschaeftsleitung\/"},"author":{"name":"Alexander Wachter","@id":"https:\/\/www.immobilienbusiness.ch\/#\/schema\/person\/aba8bea2db926aa0c24c08c43fe1fcd5"},"headline":"Adimmo: Neuer Vorsitzender der Gesch\u00e4ftsleitung","datePublished":"2024-11-12T07:07:54+00:00","dateModified":"2024-11-14T09:15:10+00:00","mainEntityOfPage":{"@id":"https:\/\/www.immobilienbusiness.ch\/de\/personalia\/2024-11-12\/adimmo-neuer-vorsitzender-der-geschaeftsleitung\/"},"wordCount":89,"publisher":{"@id":"https:\/\/www.immobilienbusiness.ch\/#organization"},"image":{"@id":"https:\/\/www.immobilienbusiness.ch\/de\/personalia\/2024-11-12\/adimmo-neuer-vorsitzender-der-geschaeftsleitung\/#primaryimage"},"thumbnailUrl":"https:\/\/www.immobilienbusiness.ch\/wp-content\/uploads\/2024\/11\/Fabio-Filleti.png","keywords":["Adimmo","Assetmanagement","Immobilienmanagement","Personalia"],"articleSection":["PERSONALIA"],"inLanguage":"fr-FR"},{"@type":"WebPage","@id":"https:\/\/www.immobilienbusiness.ch\/de\/personalia\/2024-11-12\/adimmo-neuer-vorsitzender-der-geschaeftsleitung\/","url":"https:\/\/www.immobilienbusiness.ch\/de\/personalia\/2024-11-12\/adimmo-neuer-vorsitzender-der-geschaeftsleitung\/","name":"Adimmo: Neuer Vorsitzender der Gesch\u00e4ftsleitung - IMMOBILIEN Business","isPartOf":{"@id":"https:\/\/www.immobilienbusiness.ch\/#website"},"primaryImageOfPage":{"@id":"https:\/\/www.immobilienbusiness.ch\/de\/personalia\/2024-11-12\/adimmo-neuer-vorsitzender-der-geschaeftsleitung\/#primaryimage"},"image":{"@id":"https:\/\/www.immobilienbusiness.ch\/de\/personalia\/2024-11-12\/adimmo-neuer-vorsitzender-der-geschaeftsleitung\/#primaryimage"},"thumbnailUrl":"https:\/\/www.immobilienbusiness.ch\/wp-content\/uploads\/2024\/11\/Fabio-Filleti.png","datePublished":"2024-11-12T07:07:54+00:00","dateModified":"2024-11-14T09:15:10+00:00","description":"Fabio Filleti, qui travaille depuis 2022 pour la filiale de la caisse de pension de B\u00e2le-Campagne, pr\u00e9sidera \u00e0 partir de janvier aux destin\u00e9es du gestionnaire immobilier.","breadcrumb":{"@id":"https:\/\/www.immobilienbusiness.ch\/de\/personalia\/2024-11-12\/adimmo-neuer-vorsitzender-der-geschaeftsleitung\/#breadcrumb"},"inLanguage":"fr-FR","potentialAction":[{"@type":"ReadAction","target":["https:\/\/www.immobilienbusiness.ch\/de\/personalia\/2024-11-12\/adimmo-neuer-vorsitzender-der-geschaeftsleitung\/"]}]},{"@type":"ImageObject","inLanguage":"fr-FR","@id":"https:\/\/www.immobilienbusiness.ch\/de\/personalia\/2024-11-12\/adimmo-neuer-vorsitzender-der-geschaeftsleitung\/#primaryimage","url":"https:\/\/www.immobilienbusiness.ch\/wp-content\/uploads\/2024\/11\/Fabio-Filleti.png","contentUrl":"https:\/\/www.immobilienbusiness.ch\/wp-content\/uploads\/2024\/11\/Fabio-Filleti.png","width":821,"height":641,"caption":"Fabio Filleti (Bild: Adimmo)"},{"@type":"BreadcrumbList","@id":"https:\/\/www.immobilienbusiness.ch\/de\/personalia\/2024-11-12\/adimmo-neuer-vorsitzender-der-geschaeftsleitung\/#breadcrumb","itemListElement":[{"@type":"ListItem","position":1,"name":"Home","item":"https:\/\/www.immobilienbusiness.ch\/"},{"@type":"ListItem","position":2,"name":"Adimmo: Neuer Vorsitzender der Gesch\u00e4ftsleitung"}]},{"@type":"WebSite","@id":"https:\/\/www.immobilienbusiness.ch\/#website","url":"https:\/\/www.immobilienbusiness.ch\/","name":"IMMOBILIER Business","description":"Magazine \u00e9conomique suisse ind\u00e9pendant ax\u00e9 sur l'immobilier, l'architecture et la construction ainsi que sur les investissements et le financement.","publisher":{"@id":"https:\/\/www.immobilienbusiness.ch\/#organization"},"potentialAction":[{"@type":"SearchAction","target":{"@type":"EntryPoint","urlTemplate":"https:\/\/www.immobilienbusiness.ch\/?s={search_term_string}"},"query-input":{"@type":"PropertyValueSpecification","valueRequired":true,"valueName":"search_term_string"}}],"inLanguage":"fr-FR"},{"@type":"Organization","@id":"https:\/\/www.immobilienbusiness.ch\/#organization","name":"IMMOBILIER Business","url":"https:\/\/www.immobilienbusiness.ch\/","logo":{"@type":"ImageObject","inLanguage":"fr-FR","@id":"https:\/\/www.immobilienbusiness.ch\/#\/schema\/logo\/image\/","url":"https:\/\/www.immobilienbusiness.ch\/wp-content\/uploads\/2021\/07\/logo_ib.png","contentUrl":"https:\/\/www.immobilienbusiness.ch\/wp-content\/uploads\/2021\/07\/logo_ib.png","width":800,"height":181,"caption":"IMMOBILIEN Business"},"image":{"@id":"https:\/\/www.immobilienbusiness.ch\/#\/schema\/logo\/image\/"},"sameAs":["https:\/\/www.facebook.com\/immobilienbusiness\/"]},{"@type":"Person","@id":"https:\/\/www.immobilienbusiness.ch\/#\/schema\/person\/aba8bea2db926aa0c24c08c43fe1fcd5","name":"Alexander Wachter","image":{"@type":"ImageObject","inLanguage":"fr-FR","@id":"https:\/\/secure.gravatar.com\/avatar\/1a09e471f5389b0e0a6416eac287e0927c7c97a7b77f9e787eba3af7aee281dd?s=96&d=mm&r=g","url":"https:\/\/secure.gravatar.com\/avatar\/1a09e471f5389b0e0a6416eac287e0927c7c97a7b77f9e787eba3af7aee281dd?s=96&d=mm&r=g","contentUrl":"https:\/\/secure.gravatar.com\/avatar\/1a09e471f5389b0e0a6416eac287e0927c7c97a7b77f9e787eba3af7aee281dd?s=96&d=mm&r=g","caption":"Alexander Wachter"},"url":"https:\/\/www.immobilienbusiness.ch\/fr\/author\/alexander-wachter\/"}]}},"_links":{"self":[{"href":"https:\/\/www.immobilienbusiness.ch\/fr\/wp-json\/wp\/v2\/posts\/61346","targetHints":{"allow":["GET"]}}],"collection":[{"href":"https:\/\/www.immobilienbusiness.ch\/fr\/wp-json\/wp\/v2\/posts"}],"about":[{"href":"https:\/\/www.immobilienbusiness.ch\/fr\/wp-json\/wp\/v2\/types\/post"}],"author":[{"embeddable":true,"href":"https:\/\/www.immobilienbusiness.ch\/fr\/wp-json\/wp\/v2\/users\/102"}],"replies":[{"embeddable":true,"href":"https:\/\/www.immobilienbusiness.ch\/fr\/wp-json\/wp\/v2\/comments?post=61346"}],"version-history":[{"count":3,"href":"https:\/\/www.immobilienbusiness.ch\/fr\/wp-json\/wp\/v2\/posts\/61346\/revisions"}],"predecessor-version":[{"id":61395,"href":"https:\/\/www.immobilienbusiness.ch\/fr\/wp-json\/wp\/v2\/posts\/61346\/revisions\/61395"}],"wp:featuredmedia":[{"embeddable":true,"href":"https:\/\/www.immobilienbusiness.ch\/fr\/wp-json\/wp\/v2\/media\/61347"}],"wp:attachment":[{"href":"https:\/\/www.immobilienbusiness.ch\/fr\/wp-json\/wp\/v2\/media?parent=61346"}],"wp:term":[{"taxonomy":"category","embeddable":true,"href":"https:\/\/www.immobilienbusiness.ch\/fr\/wp-json\/wp\/v2\/categories?post=61346"},{"taxonomy":"post_tag","embeddable":true,"href":"https:\/\/www.immobilienbusiness.ch\/fr\/wp-json\/wp\/v2\/tags?post=61346"}],"curies":[{"name":"wp","href":"https:\/\/api.w.org\/{rel}","templated":true}]}}