{"id":61318,"date":"2024-11-08T07:02:49","date_gmt":"2024-11-08T06:02:49","guid":{"rendered":"https:\/\/www.immobilienbusiness.ch\/?p=61318"},"modified":"2024-11-14T10:19:34","modified_gmt":"2024-11-14T09:19:34","slug":"ubs-legt-immobilienfonds-zusammen","status":"publish","type":"post","link":"https:\/\/www.immobilienbusiness.ch\/fr\/unternehmen\/2024-11-08\/ubs-legt-immobilienfonds-zusammen\/","title":{"rendered":"UBS regroupe des fonds immobiliers"},"content":{"rendered":"<p>&nbsp;<\/p>\n<figure id=\"attachment_61319\" aria-describedby=\"caption-attachment-61319\" style=\"width: 768px\" class=\"wp-caption alignnone\"><a href=\"https:\/\/www.immobilienbusiness.ch\/wp-content\/uploads\/2024\/11\/UBS-Zentrale.jpg\"><img loading=\"lazy\" decoding=\"async\" class=\"size-large wp-image-61319\" src=\"https:\/\/www.immobilienbusiness.ch\/wp-content\/uploads\/2024\/11\/UBS-Zentrale-1024x675.jpg\" alt=\"\" width=\"768\" height=\"506\" srcset=\"https:\/\/www.immobilienbusiness.ch\/wp-content\/uploads\/2024\/11\/UBS-Zentrale-1024x675.jpg 1024w, https:\/\/www.immobilienbusiness.ch\/wp-content\/uploads\/2024\/11\/UBS-Zentrale-300x198.jpg 300w, https:\/\/www.immobilienbusiness.ch\/wp-content\/uploads\/2024\/11\/UBS-Zentrale-768x506.jpg 768w, https:\/\/www.immobilienbusiness.ch\/wp-content\/uploads\/2024\/11\/UBS-Zentrale-18x12.jpg 18w, https:\/\/www.immobilienbusiness.ch\/wp-content\/uploads\/2024\/11\/UBS-Zentrale-375x247.jpg 375w, https:\/\/www.immobilienbusiness.ch\/wp-content\/uploads\/2024\/11\/UBS-Zentrale-531x350.jpg 531w, https:\/\/www.immobilienbusiness.ch\/wp-content\/uploads\/2024\/11\/UBS-Zentrale-1000x659.jpg 1000w, https:\/\/www.immobilienbusiness.ch\/wp-content\/uploads\/2024\/11\/UBS-Zentrale.jpg 1200w\" sizes=\"auto, (max-width: 768px) 100vw, 768px\" \/><\/a><figcaption id=\"caption-attachment-61319\" class=\"wp-caption-text\">Le si\u00e8ge de l'UBS \u00e0 Zurich (photo : UBS)<\/figcaption><\/figure>\n<p>Apr\u00e8s l'int\u00e9gration de Credit Suisse Funds AG, UBS Fund Management pr\u00e9voit de regrouper des produits ayant des strat\u00e9gies d'investissement similaires. La diversification et la r\u00e9silience des fonds concern\u00e9s devraient ainsi \u00eatre renforc\u00e9es, indique la division des fonds suisses d'UBS. Actuellement, le portefeuille de la banque comprend 14 fonds immobiliers suisses.<\/p>\n<p>Les fusions de fonds suivantes sont pr\u00e9vues : Les quatre fonds immobiliers r\u00e9sidentiels suisses n\u00e9goci\u00e9s en bourse avec propri\u00e9t\u00e9 fonci\u00e8re directe (CS REF LivingPlus, UBS Direct Residential, Residentia et CS REF Hospitality) devraient \u00eatre fusionn\u00e9s en 2025. Au cours des deux ann\u00e9es suivantes, il est pr\u00e9vu de fusionner les deux fonds immobiliers suisses \u00e0 usage mixte et n\u00e9goci\u00e9s en Bourse avec propri\u00e9t\u00e9 fonci\u00e8re directe (CS REF Green Property et UBS Direct Urban). Enfin, les deux fonds immobiliers commerciaux suisses \u00e0 propri\u00e9t\u00e9 fonci\u00e8re indirecte n\u00e9goci\u00e9s en bourse (UBS \"Swissreal\" et CS REF Interswiss) devraient \u00eatre r\u00e9unis en 2026\/27. Les six autres fonds immobiliers, pour lesquels il n'existe pas de correspondance dans la strat\u00e9gie de placement, ne seront pas touch\u00e9s par ces changements.<\/p>\n<p>L'identit\u00e9 de marque unique des fonds devrait voir le jour d\u00e8s 2025. Les fonds immobiliers suisses cot\u00e9s porteront alors le nom d'UBS. Une commission de gestion uniforme (d'un montant de 0,54% de la fortune totale moyenne du fonds) sera alors appliqu\u00e9e. Toutes les autres r\u00e9mun\u00e9rations seront \u00e9galement harmonis\u00e9es. <em>(aw)<\/em><\/p>\n<p>&nbsp;<\/p>","protected":false},"excerpt":{"rendered":"<p>A partir de 2025, les fonds immobiliers actuels du Credit Suisse op\u00e9reront \u00e9galement sous la marque de l'UBS. D'ici 2027, huit fonds immobiliers ayant des strat\u00e9gies de placement similaires seront en outre fusionn\u00e9s en trois fonds.<\/p>","protected":false},"author":102,"featured_media":61319,"comment_status":"closed","ping_status":"closed","sticky":false,"template":"","format":"standard","meta":{"_acf_changed":false,"_yoast_wpseo_focuskw":"UBS Fonds","_yoast_wpseo_title":"","_yoast_wpseo_metadesc":"Von 2025 an firmieren auch die bisherigen Immobilienfonds der Credit Suisse unter der Marke der UBS. Bis 2027 sollen zudem acht Immobilienfonds, die \u00e4hnliche Anlagestrategien haben, zu drei Fonds verschmolzen werden.","_yoast_wpseo_linkdex":52,"pgc_sgb_lightbox_settings":"","footnotes":""},"categories":[988],"tags":[2183,3414,1344,2980],"class_list":["post-61318","post","type-post","status-publish","format-standard","has-post-thumbnail","hentry","category-unternehmen","tag-credit-suisse-asset-management","tag-fusion","tag-immobilienfonds","tag-ubs-asset-management"],"acf":[],"yoast_head":"<!-- This site is optimized with the Yoast SEO plugin v27.4 - https:\/\/yoast.com\/product\/yoast-seo-wordpress\/ -->\n<title>UBS legt Immobilienfonds zusammen - IMMOBILIEN Business<\/title>\n<meta name=\"description\" content=\"Von 2025 an firmieren auch die bisherigen Immobilienfonds der Credit Suisse unter der Marke der UBS. Bis 2027 sollen zudem acht Immobilienfonds, die \u00e4hnliche Anlagestrategien haben, zu drei Fonds verschmolzen werden.\" \/>\n<meta name=\"robots\" content=\"index, follow, max-snippet:-1, max-image-preview:large, max-video-preview:-1\" \/>\n<link rel=\"canonical\" href=\"https:\/\/www.immobilienbusiness.ch\/fr\/unternehmen\/2024-11-08\/ubs-legt-immobilienfonds-zusammen\/\" \/>\n<meta property=\"og:locale\" content=\"fr_FR\" \/>\n<meta property=\"og:type\" content=\"article\" \/>\n<meta property=\"og:title\" content=\"UBS legt Immobilienfonds zusammen - IMMOBILIEN Business\" \/>\n<meta property=\"og:description\" content=\"Von 2025 an firmieren auch die bisherigen Immobilienfonds der Credit Suisse unter der Marke der UBS. Bis 2027 sollen zudem acht Immobilienfonds, die \u00e4hnliche Anlagestrategien haben, zu drei Fonds verschmolzen werden.\" \/>\n<meta property=\"og:url\" content=\"https:\/\/www.immobilienbusiness.ch\/fr\/unternehmen\/2024-11-08\/ubs-legt-immobilienfonds-zusammen\/\" \/>\n<meta property=\"og:site_name\" content=\"IMMOBILIEN Business\" \/>\n<meta property=\"article:publisher\" content=\"https:\/\/www.facebook.com\/immobilienbusiness\/\" \/>\n<meta property=\"article:published_time\" content=\"2024-11-08T06:02:49+00:00\" \/>\n<meta property=\"article:modified_time\" content=\"2024-11-14T09:19:34+00:00\" \/>\n<meta property=\"og:image\" content=\"https:\/\/www.immobilienbusiness.ch\/wp-content\/uploads\/2024\/11\/UBS-Zentrale.jpg\" \/>\n\t<meta property=\"og:image:width\" content=\"1200\" \/>\n\t<meta property=\"og:image:height\" content=\"791\" \/>\n\t<meta property=\"og:image:type\" content=\"image\/jpeg\" \/>\n<meta name=\"author\" content=\"Alexander Wachter\" \/>\n<meta name=\"twitter:card\" content=\"summary_large_image\" \/>\n<script type=\"application\/ld+json\" class=\"yoast-schema-graph\">{\"@context\":\"https:\\\/\\\/schema.org\",\"@graph\":[{\"@type\":\"Article\",\"@id\":\"https:\\\/\\\/www.immobilienbusiness.ch\\\/en\\\/unternehmen\\\/2024-11-08\\\/ubs-legt-immobilienfonds-zusammen\\\/#article\",\"isPartOf\":{\"@id\":\"https:\\\/\\\/www.immobilienbusiness.ch\\\/en\\\/unternehmen\\\/2024-11-08\\\/ubs-legt-immobilienfonds-zusammen\\\/\"},\"author\":{\"name\":\"Alexander Wachter\",\"@id\":\"https:\\\/\\\/www.immobilienbusiness.ch\\\/#\\\/schema\\\/person\\\/aba8bea2db926aa0c24c08c43fe1fcd5\"},\"headline\":\"UBS legt Immobilienfonds zusammen\",\"datePublished\":\"2024-11-08T06:02:49+00:00\",\"dateModified\":\"2024-11-14T09:19:34+00:00\",\"mainEntityOfPage\":{\"@id\":\"https:\\\/\\\/www.immobilienbusiness.ch\\\/en\\\/unternehmen\\\/2024-11-08\\\/ubs-legt-immobilienfonds-zusammen\\\/\"},\"wordCount\":206,\"publisher\":{\"@id\":\"https:\\\/\\\/www.immobilienbusiness.ch\\\/#organization\"},\"image\":{\"@id\":\"https:\\\/\\\/www.immobilienbusiness.ch\\\/en\\\/unternehmen\\\/2024-11-08\\\/ubs-legt-immobilienfonds-zusammen\\\/#primaryimage\"},\"thumbnailUrl\":\"https:\\\/\\\/www.immobilienbusiness.ch\\\/wp-content\\\/uploads\\\/2024\\\/11\\\/UBS-Zentrale.jpg\",\"keywords\":[\"Credit Suisse Asset Management\",\"Fusion\",\"Immobilienfonds\",\"UBS Asset Management\"],\"articleSection\":[\"UNTERNEHMEN\"],\"inLanguage\":\"fr-FR\"},{\"@type\":\"WebPage\",\"@id\":\"https:\\\/\\\/www.immobilienbusiness.ch\\\/en\\\/unternehmen\\\/2024-11-08\\\/ubs-legt-immobilienfonds-zusammen\\\/\",\"url\":\"https:\\\/\\\/www.immobilienbusiness.ch\\\/en\\\/unternehmen\\\/2024-11-08\\\/ubs-legt-immobilienfonds-zusammen\\\/\",\"name\":\"UBS legt Immobilienfonds zusammen - IMMOBILIEN Business\",\"isPartOf\":{\"@id\":\"https:\\\/\\\/www.immobilienbusiness.ch\\\/#website\"},\"primaryImageOfPage\":{\"@id\":\"https:\\\/\\\/www.immobilienbusiness.ch\\\/en\\\/unternehmen\\\/2024-11-08\\\/ubs-legt-immobilienfonds-zusammen\\\/#primaryimage\"},\"image\":{\"@id\":\"https:\\\/\\\/www.immobilienbusiness.ch\\\/en\\\/unternehmen\\\/2024-11-08\\\/ubs-legt-immobilienfonds-zusammen\\\/#primaryimage\"},\"thumbnailUrl\":\"https:\\\/\\\/www.immobilienbusiness.ch\\\/wp-content\\\/uploads\\\/2024\\\/11\\\/UBS-Zentrale.jpg\",\"datePublished\":\"2024-11-08T06:02:49+00:00\",\"dateModified\":\"2024-11-14T09:19:34+00:00\",\"description\":\"Von 2025 an firmieren auch die bisherigen Immobilienfonds der Credit Suisse unter der Marke der UBS. Bis 2027 sollen zudem acht Immobilienfonds, die \u00e4hnliche Anlagestrategien haben, zu drei Fonds verschmolzen werden.\",\"breadcrumb\":{\"@id\":\"https:\\\/\\\/www.immobilienbusiness.ch\\\/en\\\/unternehmen\\\/2024-11-08\\\/ubs-legt-immobilienfonds-zusammen\\\/#breadcrumb\"},\"inLanguage\":\"fr-FR\",\"potentialAction\":[{\"@type\":\"ReadAction\",\"target\":[\"https:\\\/\\\/www.immobilienbusiness.ch\\\/en\\\/unternehmen\\\/2024-11-08\\\/ubs-legt-immobilienfonds-zusammen\\\/\"]}]},{\"@type\":\"ImageObject\",\"inLanguage\":\"fr-FR\",\"@id\":\"https:\\\/\\\/www.immobilienbusiness.ch\\\/en\\\/unternehmen\\\/2024-11-08\\\/ubs-legt-immobilienfonds-zusammen\\\/#primaryimage\",\"url\":\"https:\\\/\\\/www.immobilienbusiness.ch\\\/wp-content\\\/uploads\\\/2024\\\/11\\\/UBS-Zentrale.jpg\",\"contentUrl\":\"https:\\\/\\\/www.immobilienbusiness.ch\\\/wp-content\\\/uploads\\\/2024\\\/11\\\/UBS-Zentrale.jpg\",\"width\":1200,\"height\":791,\"caption\":\"Die UBS-Zentrale in Z\u00fcrich (Bild: UBS)\"},{\"@type\":\"BreadcrumbList\",\"@id\":\"https:\\\/\\\/www.immobilienbusiness.ch\\\/en\\\/unternehmen\\\/2024-11-08\\\/ubs-legt-immobilienfonds-zusammen\\\/#breadcrumb\",\"itemListElement\":[{\"@type\":\"ListItem\",\"position\":1,\"name\":\"Home\",\"item\":\"https:\\\/\\\/www.immobilienbusiness.ch\\\/\"},{\"@type\":\"ListItem\",\"position\":2,\"name\":\"UBS legt Immobilienfonds zusammen\"}]},{\"@type\":\"WebSite\",\"@id\":\"https:\\\/\\\/www.immobilienbusiness.ch\\\/#website\",\"url\":\"https:\\\/\\\/www.immobilienbusiness.ch\\\/\",\"name\":\"IMMOBILIEN Business\",\"description\":\"Unabh\u00e4ngiges Schweizer Wirtschaftsmagazin mit Fokus auf Immobilien, Architektur- und Bau sowie Investment- und Finanzierung.\",\"publisher\":{\"@id\":\"https:\\\/\\\/www.immobilienbusiness.ch\\\/#organization\"},\"potentialAction\":[{\"@type\":\"SearchAction\",\"target\":{\"@type\":\"EntryPoint\",\"urlTemplate\":\"https:\\\/\\\/www.immobilienbusiness.ch\\\/?s={search_term_string}\"},\"query-input\":{\"@type\":\"PropertyValueSpecification\",\"valueRequired\":true,\"valueName\":\"search_term_string\"}}],\"inLanguage\":\"fr-FR\"},{\"@type\":\"Organization\",\"@id\":\"https:\\\/\\\/www.immobilienbusiness.ch\\\/#organization\",\"name\":\"IMMOBILIEN Business\",\"url\":\"https:\\\/\\\/www.immobilienbusiness.ch\\\/\",\"logo\":{\"@type\":\"ImageObject\",\"inLanguage\":\"fr-FR\",\"@id\":\"https:\\\/\\\/www.immobilienbusiness.ch\\\/#\\\/schema\\\/logo\\\/image\\\/\",\"url\":\"https:\\\/\\\/www.immobilienbusiness.ch\\\/wp-content\\\/uploads\\\/2021\\\/07\\\/logo_ib.png\",\"contentUrl\":\"https:\\\/\\\/www.immobilienbusiness.ch\\\/wp-content\\\/uploads\\\/2021\\\/07\\\/logo_ib.png\",\"width\":800,\"height\":181,\"caption\":\"IMMOBILIEN Business\"},\"image\":{\"@id\":\"https:\\\/\\\/www.immobilienbusiness.ch\\\/#\\\/schema\\\/logo\\\/image\\\/\"},\"sameAs\":[\"https:\\\/\\\/www.facebook.com\\\/immobilienbusiness\\\/\"]},{\"@type\":\"Person\",\"@id\":\"https:\\\/\\\/www.immobilienbusiness.ch\\\/#\\\/schema\\\/person\\\/aba8bea2db926aa0c24c08c43fe1fcd5\",\"name\":\"Alexander Wachter\",\"image\":{\"@type\":\"ImageObject\",\"inLanguage\":\"fr-FR\",\"@id\":\"https:\\\/\\\/secure.gravatar.com\\\/avatar\\\/1a09e471f5389b0e0a6416eac287e0927c7c97a7b77f9e787eba3af7aee281dd?s=96&d=mm&r=g\",\"url\":\"https:\\\/\\\/secure.gravatar.com\\\/avatar\\\/1a09e471f5389b0e0a6416eac287e0927c7c97a7b77f9e787eba3af7aee281dd?s=96&d=mm&r=g\",\"contentUrl\":\"https:\\\/\\\/secure.gravatar.com\\\/avatar\\\/1a09e471f5389b0e0a6416eac287e0927c7c97a7b77f9e787eba3af7aee281dd?s=96&d=mm&r=g\",\"caption\":\"Alexander Wachter\"},\"url\":\"https:\\\/\\\/www.immobilienbusiness.ch\\\/fr\\\/author\\\/alexander-wachter\\\/\"}]}<\/script>\n<!-- \/ Yoast SEO plugin. -->","yoast_head_json":{"title":"UBS fusionne des fonds immobiliers - IMMOBILIER Business","description":"A partir de 2025, les fonds immobiliers actuels du Credit Suisse op\u00e9reront \u00e9galement sous la marque de l'UBS. D'ici 2027, huit fonds immobiliers ayant des strat\u00e9gies de placement similaires seront en outre fusionn\u00e9s en trois fonds.","robots":{"index":"index","follow":"follow","max-snippet":"max-snippet:-1","max-image-preview":"max-image-preview:large","max-video-preview":"max-video-preview:-1"},"canonical":"https:\/\/www.immobilienbusiness.ch\/fr\/unternehmen\/2024-11-08\/ubs-legt-immobilienfonds-zusammen\/","og_locale":"fr_FR","og_type":"article","og_title":"UBS legt Immobilienfonds zusammen - IMMOBILIEN Business","og_description":"Von 2025 an firmieren auch die bisherigen Immobilienfonds der Credit Suisse unter der Marke der UBS. Bis 2027 sollen zudem acht Immobilienfonds, die \u00e4hnliche Anlagestrategien haben, zu drei Fonds verschmolzen werden.","og_url":"https:\/\/www.immobilienbusiness.ch\/fr\/unternehmen\/2024-11-08\/ubs-legt-immobilienfonds-zusammen\/","og_site_name":"IMMOBILIEN Business","article_publisher":"https:\/\/www.facebook.com\/immobilienbusiness\/","article_published_time":"2024-11-08T06:02:49+00:00","article_modified_time":"2024-11-14T09:19:34+00:00","og_image":[{"width":1200,"height":791,"url":"https:\/\/www.immobilienbusiness.ch\/wp-content\/uploads\/2024\/11\/UBS-Zentrale.jpg","type":"image\/jpeg"}],"author":"Alexander Wachter","twitter_card":"summary_large_image","schema":{"@context":"https:\/\/schema.org","@graph":[{"@type":"Article","@id":"https:\/\/www.immobilienbusiness.ch\/en\/unternehmen\/2024-11-08\/ubs-legt-immobilienfonds-zusammen\/#article","isPartOf":{"@id":"https:\/\/www.immobilienbusiness.ch\/en\/unternehmen\/2024-11-08\/ubs-legt-immobilienfonds-zusammen\/"},"author":{"name":"Alexander Wachter","@id":"https:\/\/www.immobilienbusiness.ch\/#\/schema\/person\/aba8bea2db926aa0c24c08c43fe1fcd5"},"headline":"UBS legt Immobilienfonds zusammen","datePublished":"2024-11-08T06:02:49+00:00","dateModified":"2024-11-14T09:19:34+00:00","mainEntityOfPage":{"@id":"https:\/\/www.immobilienbusiness.ch\/en\/unternehmen\/2024-11-08\/ubs-legt-immobilienfonds-zusammen\/"},"wordCount":206,"publisher":{"@id":"https:\/\/www.immobilienbusiness.ch\/#organization"},"image":{"@id":"https:\/\/www.immobilienbusiness.ch\/en\/unternehmen\/2024-11-08\/ubs-legt-immobilienfonds-zusammen\/#primaryimage"},"thumbnailUrl":"https:\/\/www.immobilienbusiness.ch\/wp-content\/uploads\/2024\/11\/UBS-Zentrale.jpg","keywords":["Credit Suisse Asset Management","Fusion","Immobilienfonds","UBS Asset Management"],"articleSection":["UNTERNEHMEN"],"inLanguage":"fr-FR"},{"@type":"WebPage","@id":"https:\/\/www.immobilienbusiness.ch\/en\/unternehmen\/2024-11-08\/ubs-legt-immobilienfonds-zusammen\/","url":"https:\/\/www.immobilienbusiness.ch\/en\/unternehmen\/2024-11-08\/ubs-legt-immobilienfonds-zusammen\/","name":"UBS fusionne des fonds immobiliers - IMMOBILIER Business","isPartOf":{"@id":"https:\/\/www.immobilienbusiness.ch\/#website"},"primaryImageOfPage":{"@id":"https:\/\/www.immobilienbusiness.ch\/en\/unternehmen\/2024-11-08\/ubs-legt-immobilienfonds-zusammen\/#primaryimage"},"image":{"@id":"https:\/\/www.immobilienbusiness.ch\/en\/unternehmen\/2024-11-08\/ubs-legt-immobilienfonds-zusammen\/#primaryimage"},"thumbnailUrl":"https:\/\/www.immobilienbusiness.ch\/wp-content\/uploads\/2024\/11\/UBS-Zentrale.jpg","datePublished":"2024-11-08T06:02:49+00:00","dateModified":"2024-11-14T09:19:34+00:00","description":"A partir de 2025, les fonds immobiliers actuels du Credit Suisse op\u00e9reront \u00e9galement sous la marque de l'UBS. D'ici 2027, huit fonds immobiliers ayant des strat\u00e9gies de placement similaires seront en outre fusionn\u00e9s en trois fonds.","breadcrumb":{"@id":"https:\/\/www.immobilienbusiness.ch\/en\/unternehmen\/2024-11-08\/ubs-legt-immobilienfonds-zusammen\/#breadcrumb"},"inLanguage":"fr-FR","potentialAction":[{"@type":"ReadAction","target":["https:\/\/www.immobilienbusiness.ch\/en\/unternehmen\/2024-11-08\/ubs-legt-immobilienfonds-zusammen\/"]}]},{"@type":"ImageObject","inLanguage":"fr-FR","@id":"https:\/\/www.immobilienbusiness.ch\/en\/unternehmen\/2024-11-08\/ubs-legt-immobilienfonds-zusammen\/#primaryimage","url":"https:\/\/www.immobilienbusiness.ch\/wp-content\/uploads\/2024\/11\/UBS-Zentrale.jpg","contentUrl":"https:\/\/www.immobilienbusiness.ch\/wp-content\/uploads\/2024\/11\/UBS-Zentrale.jpg","width":1200,"height":791,"caption":"Die UBS-Zentrale in Z\u00fcrich (Bild: UBS)"},{"@type":"BreadcrumbList","@id":"https:\/\/www.immobilienbusiness.ch\/en\/unternehmen\/2024-11-08\/ubs-legt-immobilienfonds-zusammen\/#breadcrumb","itemListElement":[{"@type":"ListItem","position":1,"name":"Home","item":"https:\/\/www.immobilienbusiness.ch\/"},{"@type":"ListItem","position":2,"name":"UBS legt Immobilienfonds zusammen"}]},{"@type":"WebSite","@id":"https:\/\/www.immobilienbusiness.ch\/#website","url":"https:\/\/www.immobilienbusiness.ch\/","name":"IMMOBILIER Business","description":"Magazine \u00e9conomique suisse ind\u00e9pendant ax\u00e9 sur l'immobilier, l'architecture et la construction ainsi que sur les investissements et le financement.","publisher":{"@id":"https:\/\/www.immobilienbusiness.ch\/#organization"},"potentialAction":[{"@type":"SearchAction","target":{"@type":"EntryPoint","urlTemplate":"https:\/\/www.immobilienbusiness.ch\/?s={search_term_string}"},"query-input":{"@type":"PropertyValueSpecification","valueRequired":true,"valueName":"search_term_string"}}],"inLanguage":"fr-FR"},{"@type":"Organization","@id":"https:\/\/www.immobilienbusiness.ch\/#organization","name":"IMMOBILIER Business","url":"https:\/\/www.immobilienbusiness.ch\/","logo":{"@type":"ImageObject","inLanguage":"fr-FR","@id":"https:\/\/www.immobilienbusiness.ch\/#\/schema\/logo\/image\/","url":"https:\/\/www.immobilienbusiness.ch\/wp-content\/uploads\/2021\/07\/logo_ib.png","contentUrl":"https:\/\/www.immobilienbusiness.ch\/wp-content\/uploads\/2021\/07\/logo_ib.png","width":800,"height":181,"caption":"IMMOBILIEN Business"},"image":{"@id":"https:\/\/www.immobilienbusiness.ch\/#\/schema\/logo\/image\/"},"sameAs":["https:\/\/www.facebook.com\/immobilienbusiness\/"]},{"@type":"Person","@id":"https:\/\/www.immobilienbusiness.ch\/#\/schema\/person\/aba8bea2db926aa0c24c08c43fe1fcd5","name":"Alexander Wachter","image":{"@type":"ImageObject","inLanguage":"fr-FR","@id":"https:\/\/secure.gravatar.com\/avatar\/1a09e471f5389b0e0a6416eac287e0927c7c97a7b77f9e787eba3af7aee281dd?s=96&d=mm&r=g","url":"https:\/\/secure.gravatar.com\/avatar\/1a09e471f5389b0e0a6416eac287e0927c7c97a7b77f9e787eba3af7aee281dd?s=96&d=mm&r=g","contentUrl":"https:\/\/secure.gravatar.com\/avatar\/1a09e471f5389b0e0a6416eac287e0927c7c97a7b77f9e787eba3af7aee281dd?s=96&d=mm&r=g","caption":"Alexander Wachter"},"url":"https:\/\/www.immobilienbusiness.ch\/fr\/author\/alexander-wachter\/"}]}},"_links":{"self":[{"href":"https:\/\/www.immobilienbusiness.ch\/fr\/wp-json\/wp\/v2\/posts\/61318","targetHints":{"allow":["GET"]}}],"collection":[{"href":"https:\/\/www.immobilienbusiness.ch\/fr\/wp-json\/wp\/v2\/posts"}],"about":[{"href":"https:\/\/www.immobilienbusiness.ch\/fr\/wp-json\/wp\/v2\/types\/post"}],"author":[{"embeddable":true,"href":"https:\/\/www.immobilienbusiness.ch\/fr\/wp-json\/wp\/v2\/users\/102"}],"replies":[{"embeddable":true,"href":"https:\/\/www.immobilienbusiness.ch\/fr\/wp-json\/wp\/v2\/comments?post=61318"}],"version-history":[{"count":1,"href":"https:\/\/www.immobilienbusiness.ch\/fr\/wp-json\/wp\/v2\/posts\/61318\/revisions"}],"predecessor-version":[{"id":61320,"href":"https:\/\/www.immobilienbusiness.ch\/fr\/wp-json\/wp\/v2\/posts\/61318\/revisions\/61320"}],"wp:featuredmedia":[{"embeddable":true,"href":"https:\/\/www.immobilienbusiness.ch\/fr\/wp-json\/wp\/v2\/media\/61319"}],"wp:attachment":[{"href":"https:\/\/www.immobilienbusiness.ch\/fr\/wp-json\/wp\/v2\/media?parent=61318"}],"wp:term":[{"taxonomy":"category","embeddable":true,"href":"https:\/\/www.immobilienbusiness.ch\/fr\/wp-json\/wp\/v2\/categories?post=61318"},{"taxonomy":"post_tag","embeddable":true,"href":"https:\/\/www.immobilienbusiness.ch\/fr\/wp-json\/wp\/v2\/tags?post=61318"}],"curies":[{"name":"wp","href":"https:\/\/api.w.org\/{rel}","templated":true}]}}