{"id":61181,"date":"2024-10-29T08:33:59","date_gmt":"2024-10-29T07:33:59","guid":{"rendered":"https:\/\/www.immobilienbusiness.ch\/?p=61181"},"modified":"2024-10-29T08:38:16","modified_gmt":"2024-10-29T07:38:16","slug":"migros-will-140-neue-supermaerkte-eroeffnen","status":"publish","type":"post","link":"https:\/\/www.immobilienbusiness.ch\/fr\/unternehmen\/2024-10-29\/migros-will-140-neue-supermaerkte-eroeffnen\/","title":{"rendered":"Migros veut ouvrir 140 nouveaux supermarch\u00e9s"},"content":{"rendered":"<figure id=\"attachment_61182\" aria-describedby=\"caption-attachment-61182\" style=\"width: 1200px\" class=\"wp-caption alignnone\"><a href=\"https:\/\/www.immobilienbusiness.ch\/wp-content\/uploads\/2024\/10\/PeterDiethelm.jpg\"><img loading=\"lazy\" decoding=\"async\" class=\"size-full wp-image-61182\" src=\"https:\/\/www.immobilienbusiness.ch\/wp-content\/uploads\/2024\/10\/PeterDiethelm.jpg\" alt=\"\" width=\"1200\" height=\"800\" srcset=\"https:\/\/www.immobilienbusiness.ch\/wp-content\/uploads\/2024\/10\/PeterDiethelm.jpg 1200w, https:\/\/www.immobilienbusiness.ch\/wp-content\/uploads\/2024\/10\/PeterDiethelm-300x200.jpg 300w, https:\/\/www.immobilienbusiness.ch\/wp-content\/uploads\/2024\/10\/PeterDiethelm-1024x682.jpg 1024w, https:\/\/www.immobilienbusiness.ch\/wp-content\/uploads\/2024\/10\/PeterDiethelm-768x512.jpg 768w, https:\/\/www.immobilienbusiness.ch\/wp-content\/uploads\/2024\/10\/PeterDiethelm-18x12.jpg 18w, https:\/\/www.immobilienbusiness.ch\/wp-content\/uploads\/2024\/10\/PeterDiethelm-375x250.jpg 375w, https:\/\/www.immobilienbusiness.ch\/wp-content\/uploads\/2024\/10\/PeterDiethelm-525x350.jpg 525w, https:\/\/www.immobilienbusiness.ch\/wp-content\/uploads\/2024\/10\/PeterDiethelm-1000x666.jpg 1000w\" sizes=\"auto, (max-width: 1200px) 100vw, 1200px\" \/><\/a><figcaption id=\"caption-attachment-61182\" class=\"wp-caption-text\">Responsable depuis mi-2023 du destin de la nouvelle soci\u00e9t\u00e9 anonyme de supermarch\u00e9s de Migros : Peter Diethelm (Image : Migros)<\/figcaption><\/figure>\n<p>Migros veut repartir \u00e0 l'assaut de son commerce alimentaire, mis sous pression par la concurrence des discounters. C'\u00e9tait le message central d'une conf\u00e9rence de presse \u00e0 Zurich, au cours de laquelle la coop\u00e9rative a pr\u00e9sent\u00e9 hier ses plans pour son activit\u00e9 principale. On savait d\u00e9j\u00e0 que le groupe voulait se concentrer \u00e0 nouveau davantage sur les supermarch\u00e9s et r\u00e9duire d'autres activit\u00e9s. L'entreprise parle de la \"plus grande transformation de ces derni\u00e8res d\u00e9cennies\".<\/p>\n<p>La vente de filiales non alimentaires d\u00e9ficitaires est d\u00e9j\u00e0 bien avanc\u00e9e. Ce que Migros a l'intention de faire avec les supermarch\u00e9s devient \u00e9galement plus concret : Au cours des cinq prochaines ann\u00e9es, 2 milliards CHF seront investis dans de nouveaux magasins plus modernes. Il est pr\u00e9vu d'ouvrir 140 nouveaux magasins, pour la plupart de petite taille, dans des r\u00e9gions o\u00f9 la population est en forte croissance. Ainsi, \"pour 200 000 m\u00e9nages suppl\u00e9mentaires, Migros sera le supermarch\u00e9 le plus proche\", est-il pr\u00e9cis\u00e9. D'ici 2030, le r\u00e9seau de magasins de Migros, y compris Voi et les magasins partenaires Migros, devrait passer de pr\u00e8s de 790 aujourd'hui \u00e0 environ 930. En outre, selon l'annonce, 350 supermarch\u00e9s existants seront modernis\u00e9s ou agrandis d'ici 2030.<\/p>\n<p>D'autres annonces visant \u00e0 renforcer la comp\u00e9titivit\u00e9 avec la concurrence des discounts concernent des baisses de prix, une part plus importante de marques propres et un accent plus marqu\u00e9 sur la fra\u00eecheur et la r\u00e9gionalit\u00e9. <em>(aw)<\/em><\/p>","protected":false},"excerpt":{"rendered":"<p>Au total, deux milliards de francs sont disponibles pour les nouvelles ouvertures et les modernisations.<\/p>","protected":false},"author":102,"featured_media":61182,"comment_status":"closed","ping_status":"closed","sticky":false,"template":"","format":"standard","meta":{"_acf_changed":false,"_yoast_wpseo_focuskw":"Migros","_yoast_wpseo_title":"","_yoast_wpseo_metadesc":"Insgesamt zwei Milliarden Franken stehen f\u00fcr Neuer\u00f6ffnungen und Modernisierungen bereit.","_yoast_wpseo_linkdex":49,"pgc_sgb_lightbox_settings":"","footnotes":""},"categories":[988],"tags":[1493,1590,1643,3857],"class_list":["post-61181","post","type-post","status-publish","format-standard","has-post-thumbnail","hentry","category-unternehmen","tag-migros","tag-potenzieller-mieter","tag-retail","tag-supermaerkte"],"acf":[],"yoast_head":"<!-- This site is optimized with the Yoast SEO plugin v27.4 - https:\/\/yoast.com\/product\/yoast-seo-wordpress\/ -->\n<title>Migros will 140 neue Superm\u00e4rkte er\u00f6ffnen - IMMOBILIEN Business<\/title>\n<meta name=\"description\" content=\"Insgesamt zwei Milliarden Franken stehen f\u00fcr Neuer\u00f6ffnungen und Modernisierungen bereit.\" \/>\n<meta name=\"robots\" content=\"index, follow, max-snippet:-1, max-image-preview:large, max-video-preview:-1\" \/>\n<link rel=\"canonical\" href=\"https:\/\/www.immobilienbusiness.ch\/fr\/unternehmen\/2024-10-29\/migros-will-140-neue-supermaerkte-eroeffnen\/\" \/>\n<meta property=\"og:locale\" content=\"fr_FR\" \/>\n<meta property=\"og:type\" content=\"article\" \/>\n<meta property=\"og:title\" content=\"Migros will 140 neue Superm\u00e4rkte er\u00f6ffnen - IMMOBILIEN Business\" \/>\n<meta property=\"og:description\" content=\"Insgesamt zwei Milliarden Franken stehen f\u00fcr Neuer\u00f6ffnungen und Modernisierungen bereit.\" \/>\n<meta property=\"og:url\" content=\"https:\/\/www.immobilienbusiness.ch\/fr\/unternehmen\/2024-10-29\/migros-will-140-neue-supermaerkte-eroeffnen\/\" \/>\n<meta property=\"og:site_name\" content=\"IMMOBILIEN Business\" \/>\n<meta property=\"article:publisher\" content=\"https:\/\/www.facebook.com\/immobilienbusiness\/\" \/>\n<meta property=\"article:published_time\" content=\"2024-10-29T07:33:59+00:00\" \/>\n<meta property=\"article:modified_time\" content=\"2024-10-29T07:38:16+00:00\" \/>\n<meta property=\"og:image\" content=\"https:\/\/www.immobilienbusiness.ch\/wp-content\/uploads\/2024\/10\/PeterDiethelm.jpg\" \/>\n\t<meta property=\"og:image:width\" content=\"1200\" \/>\n\t<meta property=\"og:image:height\" content=\"800\" \/>\n\t<meta property=\"og:image:type\" content=\"image\/jpeg\" \/>\n<meta name=\"author\" content=\"Alexander Wachter\" \/>\n<meta name=\"twitter:card\" content=\"summary_large_image\" \/>\n<script type=\"application\/ld+json\" class=\"yoast-schema-graph\">{\"@context\":\"https:\\\/\\\/schema.org\",\"@graph\":[{\"@type\":\"Article\",\"@id\":\"https:\\\/\\\/www.immobilienbusiness.ch\\\/it\\\/unternehmen\\\/2024-10-29\\\/migros-will-140-neue-supermaerkte-eroeffnen\\\/#article\",\"isPartOf\":{\"@id\":\"https:\\\/\\\/www.immobilienbusiness.ch\\\/it\\\/unternehmen\\\/2024-10-29\\\/migros-will-140-neue-supermaerkte-eroeffnen\\\/\"},\"author\":{\"name\":\"Alexander Wachter\",\"@id\":\"https:\\\/\\\/www.immobilienbusiness.ch\\\/#\\\/schema\\\/person\\\/aba8bea2db926aa0c24c08c43fe1fcd5\"},\"headline\":\"Migros will 140 neue Superm\u00e4rkte er\u00f6ffnen\",\"datePublished\":\"2024-10-29T07:33:59+00:00\",\"dateModified\":\"2024-10-29T07:38:16+00:00\",\"mainEntityOfPage\":{\"@id\":\"https:\\\/\\\/www.immobilienbusiness.ch\\\/it\\\/unternehmen\\\/2024-10-29\\\/migros-will-140-neue-supermaerkte-eroeffnen\\\/\"},\"wordCount\":244,\"publisher\":{\"@id\":\"https:\\\/\\\/www.immobilienbusiness.ch\\\/#organization\"},\"image\":{\"@id\":\"https:\\\/\\\/www.immobilienbusiness.ch\\\/it\\\/unternehmen\\\/2024-10-29\\\/migros-will-140-neue-supermaerkte-eroeffnen\\\/#primaryimage\"},\"thumbnailUrl\":\"https:\\\/\\\/www.immobilienbusiness.ch\\\/wp-content\\\/uploads\\\/2024\\\/10\\\/PeterDiethelm.jpg\",\"keywords\":[\"Migros\",\"potenzieller Mieter\",\"Retail\",\"Superm\u00e4rkte\"],\"articleSection\":[\"UNTERNEHMEN\"],\"inLanguage\":\"fr-FR\"},{\"@type\":\"WebPage\",\"@id\":\"https:\\\/\\\/www.immobilienbusiness.ch\\\/it\\\/unternehmen\\\/2024-10-29\\\/migros-will-140-neue-supermaerkte-eroeffnen\\\/\",\"url\":\"https:\\\/\\\/www.immobilienbusiness.ch\\\/it\\\/unternehmen\\\/2024-10-29\\\/migros-will-140-neue-supermaerkte-eroeffnen\\\/\",\"name\":\"Migros will 140 neue Superm\u00e4rkte er\u00f6ffnen - IMMOBILIEN Business\",\"isPartOf\":{\"@id\":\"https:\\\/\\\/www.immobilienbusiness.ch\\\/#website\"},\"primaryImageOfPage\":{\"@id\":\"https:\\\/\\\/www.immobilienbusiness.ch\\\/it\\\/unternehmen\\\/2024-10-29\\\/migros-will-140-neue-supermaerkte-eroeffnen\\\/#primaryimage\"},\"image\":{\"@id\":\"https:\\\/\\\/www.immobilienbusiness.ch\\\/it\\\/unternehmen\\\/2024-10-29\\\/migros-will-140-neue-supermaerkte-eroeffnen\\\/#primaryimage\"},\"thumbnailUrl\":\"https:\\\/\\\/www.immobilienbusiness.ch\\\/wp-content\\\/uploads\\\/2024\\\/10\\\/PeterDiethelm.jpg\",\"datePublished\":\"2024-10-29T07:33:59+00:00\",\"dateModified\":\"2024-10-29T07:38:16+00:00\",\"description\":\"Insgesamt zwei Milliarden Franken stehen f\u00fcr Neuer\u00f6ffnungen und Modernisierungen bereit.\",\"breadcrumb\":{\"@id\":\"https:\\\/\\\/www.immobilienbusiness.ch\\\/it\\\/unternehmen\\\/2024-10-29\\\/migros-will-140-neue-supermaerkte-eroeffnen\\\/#breadcrumb\"},\"inLanguage\":\"fr-FR\",\"potentialAction\":[{\"@type\":\"ReadAction\",\"target\":[\"https:\\\/\\\/www.immobilienbusiness.ch\\\/it\\\/unternehmen\\\/2024-10-29\\\/migros-will-140-neue-supermaerkte-eroeffnen\\\/\"]}]},{\"@type\":\"ImageObject\",\"inLanguage\":\"fr-FR\",\"@id\":\"https:\\\/\\\/www.immobilienbusiness.ch\\\/it\\\/unternehmen\\\/2024-10-29\\\/migros-will-140-neue-supermaerkte-eroeffnen\\\/#primaryimage\",\"url\":\"https:\\\/\\\/www.immobilienbusiness.ch\\\/wp-content\\\/uploads\\\/2024\\\/10\\\/PeterDiethelm.jpg\",\"contentUrl\":\"https:\\\/\\\/www.immobilienbusiness.ch\\\/wp-content\\\/uploads\\\/2024\\\/10\\\/PeterDiethelm.jpg\",\"width\":1200,\"height\":800,\"caption\":\"Seit Mitte 2023 verantwortlich f\u00fcr die Geschicke der neu gegr\u00fcndeten Supermarkt-AG von Migros: Peter Diethelm (Bild: Migros)\"},{\"@type\":\"BreadcrumbList\",\"@id\":\"https:\\\/\\\/www.immobilienbusiness.ch\\\/it\\\/unternehmen\\\/2024-10-29\\\/migros-will-140-neue-supermaerkte-eroeffnen\\\/#breadcrumb\",\"itemListElement\":[{\"@type\":\"ListItem\",\"position\":1,\"name\":\"Home\",\"item\":\"https:\\\/\\\/www.immobilienbusiness.ch\\\/\"},{\"@type\":\"ListItem\",\"position\":2,\"name\":\"Migros will 140 neue Superm\u00e4rkte er\u00f6ffnen\"}]},{\"@type\":\"WebSite\",\"@id\":\"https:\\\/\\\/www.immobilienbusiness.ch\\\/#website\",\"url\":\"https:\\\/\\\/www.immobilienbusiness.ch\\\/\",\"name\":\"IMMOBILIEN Business\",\"description\":\"Unabh\u00e4ngiges Schweizer Wirtschaftsmagazin mit Fokus auf Immobilien, Architektur- und Bau sowie Investment- und Finanzierung.\",\"publisher\":{\"@id\":\"https:\\\/\\\/www.immobilienbusiness.ch\\\/#organization\"},\"potentialAction\":[{\"@type\":\"SearchAction\",\"target\":{\"@type\":\"EntryPoint\",\"urlTemplate\":\"https:\\\/\\\/www.immobilienbusiness.ch\\\/?s={search_term_string}\"},\"query-input\":{\"@type\":\"PropertyValueSpecification\",\"valueRequired\":true,\"valueName\":\"search_term_string\"}}],\"inLanguage\":\"fr-FR\"},{\"@type\":\"Organization\",\"@id\":\"https:\\\/\\\/www.immobilienbusiness.ch\\\/#organization\",\"name\":\"IMMOBILIEN Business\",\"url\":\"https:\\\/\\\/www.immobilienbusiness.ch\\\/\",\"logo\":{\"@type\":\"ImageObject\",\"inLanguage\":\"fr-FR\",\"@id\":\"https:\\\/\\\/www.immobilienbusiness.ch\\\/#\\\/schema\\\/logo\\\/image\\\/\",\"url\":\"https:\\\/\\\/www.immobilienbusiness.ch\\\/wp-content\\\/uploads\\\/2021\\\/07\\\/logo_ib.png\",\"contentUrl\":\"https:\\\/\\\/www.immobilienbusiness.ch\\\/wp-content\\\/uploads\\\/2021\\\/07\\\/logo_ib.png\",\"width\":800,\"height\":181,\"caption\":\"IMMOBILIEN Business\"},\"image\":{\"@id\":\"https:\\\/\\\/www.immobilienbusiness.ch\\\/#\\\/schema\\\/logo\\\/image\\\/\"},\"sameAs\":[\"https:\\\/\\\/www.facebook.com\\\/immobilienbusiness\\\/\"]},{\"@type\":\"Person\",\"@id\":\"https:\\\/\\\/www.immobilienbusiness.ch\\\/#\\\/schema\\\/person\\\/aba8bea2db926aa0c24c08c43fe1fcd5\",\"name\":\"Alexander Wachter\",\"image\":{\"@type\":\"ImageObject\",\"inLanguage\":\"fr-FR\",\"@id\":\"https:\\\/\\\/secure.gravatar.com\\\/avatar\\\/1a09e471f5389b0e0a6416eac287e0927c7c97a7b77f9e787eba3af7aee281dd?s=96&d=mm&r=g\",\"url\":\"https:\\\/\\\/secure.gravatar.com\\\/avatar\\\/1a09e471f5389b0e0a6416eac287e0927c7c97a7b77f9e787eba3af7aee281dd?s=96&d=mm&r=g\",\"contentUrl\":\"https:\\\/\\\/secure.gravatar.com\\\/avatar\\\/1a09e471f5389b0e0a6416eac287e0927c7c97a7b77f9e787eba3af7aee281dd?s=96&d=mm&r=g\",\"caption\":\"Alexander Wachter\"},\"url\":\"https:\\\/\\\/www.immobilienbusiness.ch\\\/fr\\\/author\\\/alexander-wachter\\\/\"}]}<\/script>\n<!-- \/ Yoast SEO plugin. -->","yoast_head_json":{"title":"Migros will 140 neue Superm\u00e4rkte er\u00f6ffnen - IMMOBILIEN Business","description":"Au total, deux milliards de francs sont disponibles pour les nouvelles ouvertures et les modernisations.","robots":{"index":"index","follow":"follow","max-snippet":"max-snippet:-1","max-image-preview":"max-image-preview:large","max-video-preview":"max-video-preview:-1"},"canonical":"https:\/\/www.immobilienbusiness.ch\/fr\/unternehmen\/2024-10-29\/migros-will-140-neue-supermaerkte-eroeffnen\/","og_locale":"fr_FR","og_type":"article","og_title":"Migros will 140 neue Superm\u00e4rkte er\u00f6ffnen - IMMOBILIEN Business","og_description":"Insgesamt zwei Milliarden Franken stehen f\u00fcr Neuer\u00f6ffnungen und Modernisierungen bereit.","og_url":"https:\/\/www.immobilienbusiness.ch\/fr\/unternehmen\/2024-10-29\/migros-will-140-neue-supermaerkte-eroeffnen\/","og_site_name":"IMMOBILIEN Business","article_publisher":"https:\/\/www.facebook.com\/immobilienbusiness\/","article_published_time":"2024-10-29T07:33:59+00:00","article_modified_time":"2024-10-29T07:38:16+00:00","og_image":[{"width":1200,"height":800,"url":"https:\/\/www.immobilienbusiness.ch\/wp-content\/uploads\/2024\/10\/PeterDiethelm.jpg","type":"image\/jpeg"}],"author":"Alexander Wachter","twitter_card":"summary_large_image","schema":{"@context":"https:\/\/schema.org","@graph":[{"@type":"Article","@id":"https:\/\/www.immobilienbusiness.ch\/it\/unternehmen\/2024-10-29\/migros-will-140-neue-supermaerkte-eroeffnen\/#article","isPartOf":{"@id":"https:\/\/www.immobilienbusiness.ch\/it\/unternehmen\/2024-10-29\/migros-will-140-neue-supermaerkte-eroeffnen\/"},"author":{"name":"Alexander Wachter","@id":"https:\/\/www.immobilienbusiness.ch\/#\/schema\/person\/aba8bea2db926aa0c24c08c43fe1fcd5"},"headline":"Migros will 140 neue Superm\u00e4rkte er\u00f6ffnen","datePublished":"2024-10-29T07:33:59+00:00","dateModified":"2024-10-29T07:38:16+00:00","mainEntityOfPage":{"@id":"https:\/\/www.immobilienbusiness.ch\/it\/unternehmen\/2024-10-29\/migros-will-140-neue-supermaerkte-eroeffnen\/"},"wordCount":244,"publisher":{"@id":"https:\/\/www.immobilienbusiness.ch\/#organization"},"image":{"@id":"https:\/\/www.immobilienbusiness.ch\/it\/unternehmen\/2024-10-29\/migros-will-140-neue-supermaerkte-eroeffnen\/#primaryimage"},"thumbnailUrl":"https:\/\/www.immobilienbusiness.ch\/wp-content\/uploads\/2024\/10\/PeterDiethelm.jpg","keywords":["Migros","potenzieller Mieter","Retail","Superm\u00e4rkte"],"articleSection":["UNTERNEHMEN"],"inLanguage":"fr-FR"},{"@type":"WebPage","@id":"https:\/\/www.immobilienbusiness.ch\/it\/unternehmen\/2024-10-29\/migros-will-140-neue-supermaerkte-eroeffnen\/","url":"https:\/\/www.immobilienbusiness.ch\/it\/unternehmen\/2024-10-29\/migros-will-140-neue-supermaerkte-eroeffnen\/","name":"Migros will 140 neue Superm\u00e4rkte er\u00f6ffnen - IMMOBILIEN Business","isPartOf":{"@id":"https:\/\/www.immobilienbusiness.ch\/#website"},"primaryImageOfPage":{"@id":"https:\/\/www.immobilienbusiness.ch\/it\/unternehmen\/2024-10-29\/migros-will-140-neue-supermaerkte-eroeffnen\/#primaryimage"},"image":{"@id":"https:\/\/www.immobilienbusiness.ch\/it\/unternehmen\/2024-10-29\/migros-will-140-neue-supermaerkte-eroeffnen\/#primaryimage"},"thumbnailUrl":"https:\/\/www.immobilienbusiness.ch\/wp-content\/uploads\/2024\/10\/PeterDiethelm.jpg","datePublished":"2024-10-29T07:33:59+00:00","dateModified":"2024-10-29T07:38:16+00:00","description":"Au total, deux milliards de francs sont disponibles pour les nouvelles ouvertures et les modernisations.","breadcrumb":{"@id":"https:\/\/www.immobilienbusiness.ch\/it\/unternehmen\/2024-10-29\/migros-will-140-neue-supermaerkte-eroeffnen\/#breadcrumb"},"inLanguage":"fr-FR","potentialAction":[{"@type":"ReadAction","target":["https:\/\/www.immobilienbusiness.ch\/it\/unternehmen\/2024-10-29\/migros-will-140-neue-supermaerkte-eroeffnen\/"]}]},{"@type":"ImageObject","inLanguage":"fr-FR","@id":"https:\/\/www.immobilienbusiness.ch\/it\/unternehmen\/2024-10-29\/migros-will-140-neue-supermaerkte-eroeffnen\/#primaryimage","url":"https:\/\/www.immobilienbusiness.ch\/wp-content\/uploads\/2024\/10\/PeterDiethelm.jpg","contentUrl":"https:\/\/www.immobilienbusiness.ch\/wp-content\/uploads\/2024\/10\/PeterDiethelm.jpg","width":1200,"height":800,"caption":"Seit Mitte 2023 verantwortlich f\u00fcr die Geschicke der neu gegr\u00fcndeten Supermarkt-AG von Migros: Peter Diethelm (Bild: Migros)"},{"@type":"BreadcrumbList","@id":"https:\/\/www.immobilienbusiness.ch\/it\/unternehmen\/2024-10-29\/migros-will-140-neue-supermaerkte-eroeffnen\/#breadcrumb","itemListElement":[{"@type":"ListItem","position":1,"name":"Home","item":"https:\/\/www.immobilienbusiness.ch\/"},{"@type":"ListItem","position":2,"name":"Migros will 140 neue Superm\u00e4rkte er\u00f6ffnen"}]},{"@type":"WebSite","@id":"https:\/\/www.immobilienbusiness.ch\/#website","url":"https:\/\/www.immobilienbusiness.ch\/","name":"IMMOBILIER Business","description":"Magazine \u00e9conomique suisse ind\u00e9pendant ax\u00e9 sur l'immobilier, l'architecture et la construction ainsi que sur les investissements et le financement.","publisher":{"@id":"https:\/\/www.immobilienbusiness.ch\/#organization"},"potentialAction":[{"@type":"SearchAction","target":{"@type":"EntryPoint","urlTemplate":"https:\/\/www.immobilienbusiness.ch\/?s={search_term_string}"},"query-input":{"@type":"PropertyValueSpecification","valueRequired":true,"valueName":"search_term_string"}}],"inLanguage":"fr-FR"},{"@type":"Organization","@id":"https:\/\/www.immobilienbusiness.ch\/#organization","name":"IMMOBILIER Business","url":"https:\/\/www.immobilienbusiness.ch\/","logo":{"@type":"ImageObject","inLanguage":"fr-FR","@id":"https:\/\/www.immobilienbusiness.ch\/#\/schema\/logo\/image\/","url":"https:\/\/www.immobilienbusiness.ch\/wp-content\/uploads\/2021\/07\/logo_ib.png","contentUrl":"https:\/\/www.immobilienbusiness.ch\/wp-content\/uploads\/2021\/07\/logo_ib.png","width":800,"height":181,"caption":"IMMOBILIEN Business"},"image":{"@id":"https:\/\/www.immobilienbusiness.ch\/#\/schema\/logo\/image\/"},"sameAs":["https:\/\/www.facebook.com\/immobilienbusiness\/"]},{"@type":"Person","@id":"https:\/\/www.immobilienbusiness.ch\/#\/schema\/person\/aba8bea2db926aa0c24c08c43fe1fcd5","name":"Alexander Wachter","image":{"@type":"ImageObject","inLanguage":"fr-FR","@id":"https:\/\/secure.gravatar.com\/avatar\/1a09e471f5389b0e0a6416eac287e0927c7c97a7b77f9e787eba3af7aee281dd?s=96&d=mm&r=g","url":"https:\/\/secure.gravatar.com\/avatar\/1a09e471f5389b0e0a6416eac287e0927c7c97a7b77f9e787eba3af7aee281dd?s=96&d=mm&r=g","contentUrl":"https:\/\/secure.gravatar.com\/avatar\/1a09e471f5389b0e0a6416eac287e0927c7c97a7b77f9e787eba3af7aee281dd?s=96&d=mm&r=g","caption":"Alexander Wachter"},"url":"https:\/\/www.immobilienbusiness.ch\/fr\/author\/alexander-wachter\/"}]}},"_links":{"self":[{"href":"https:\/\/www.immobilienbusiness.ch\/fr\/wp-json\/wp\/v2\/posts\/61181","targetHints":{"allow":["GET"]}}],"collection":[{"href":"https:\/\/www.immobilienbusiness.ch\/fr\/wp-json\/wp\/v2\/posts"}],"about":[{"href":"https:\/\/www.immobilienbusiness.ch\/fr\/wp-json\/wp\/v2\/types\/post"}],"author":[{"embeddable":true,"href":"https:\/\/www.immobilienbusiness.ch\/fr\/wp-json\/wp\/v2\/users\/102"}],"replies":[{"embeddable":true,"href":"https:\/\/www.immobilienbusiness.ch\/fr\/wp-json\/wp\/v2\/comments?post=61181"}],"version-history":[{"count":3,"href":"https:\/\/www.immobilienbusiness.ch\/fr\/wp-json\/wp\/v2\/posts\/61181\/revisions"}],"predecessor-version":[{"id":61185,"href":"https:\/\/www.immobilienbusiness.ch\/fr\/wp-json\/wp\/v2\/posts\/61181\/revisions\/61185"}],"wp:featuredmedia":[{"embeddable":true,"href":"https:\/\/www.immobilienbusiness.ch\/fr\/wp-json\/wp\/v2\/media\/61182"}],"wp:attachment":[{"href":"https:\/\/www.immobilienbusiness.ch\/fr\/wp-json\/wp\/v2\/media?parent=61181"}],"wp:term":[{"taxonomy":"category","embeddable":true,"href":"https:\/\/www.immobilienbusiness.ch\/fr\/wp-json\/wp\/v2\/categories?post=61181"},{"taxonomy":"post_tag","embeddable":true,"href":"https:\/\/www.immobilienbusiness.ch\/fr\/wp-json\/wp\/v2\/tags?post=61181"}],"curies":[{"name":"wp","href":"https:\/\/api.w.org\/{rel}","templated":true}]}}