{"id":61040,"date":"2024-10-11T06:46:59","date_gmt":"2024-10-11T04:46:59","guid":{"rendered":"https:\/\/www.immobilienbusiness.ch\/?p=61040"},"modified":"2024-10-11T07:51:19","modified_gmt":"2024-10-11T05:51:19","slug":"bonhote-immobilier-kapitalerhoehung-abgeschlossen","status":"publish","type":"post","link":"https:\/\/www.immobilienbusiness.ch\/fr\/unternehmen\/2024-10-11\/bonhote-immobilier-kapitalerhoehung-abgeschlossen\/","title":{"rendered":"Bonh\u00f4te Immobilier : augmentation de capital termin\u00e9e"},"content":{"rendered":"<figure id=\"attachment_61041\" aria-describedby=\"caption-attachment-61041\" style=\"width: 1200px\" class=\"wp-caption alignnone\"><a href=\"https:\/\/www.immobilienbusiness.ch\/wp-content\/uploads\/2024\/10\/bonhote.jpg\"><img loading=\"lazy\" decoding=\"async\" class=\"size-full wp-image-61041\" src=\"https:\/\/www.immobilienbusiness.ch\/wp-content\/uploads\/2024\/10\/bonhote.jpg\" alt=\"\" width=\"1200\" height=\"675\" srcset=\"https:\/\/www.immobilienbusiness.ch\/wp-content\/uploads\/2024\/10\/bonhote.jpg 1200w, https:\/\/www.immobilienbusiness.ch\/wp-content\/uploads\/2024\/10\/bonhote-300x169.jpg 300w, https:\/\/www.immobilienbusiness.ch\/wp-content\/uploads\/2024\/10\/bonhote-1024x576.jpg 1024w, https:\/\/www.immobilienbusiness.ch\/wp-content\/uploads\/2024\/10\/bonhote-768x432.jpg 768w, https:\/\/www.immobilienbusiness.ch\/wp-content\/uploads\/2024\/10\/bonhote-18x10.jpg 18w, https:\/\/www.immobilienbusiness.ch\/wp-content\/uploads\/2024\/10\/bonhote-375x211.jpg 375w, https:\/\/www.immobilienbusiness.ch\/wp-content\/uploads\/2024\/10\/bonhote-622x350.jpg 622w, https:\/\/www.immobilienbusiness.ch\/wp-content\/uploads\/2024\/10\/bonhote-1000x563.jpg 1000w\" sizes=\"auto, (max-width: 1200px) 100vw, 1200px\" \/><\/a><figcaption id=\"caption-attachment-61041\" class=\"wp-caption-text\">Le produit de l'\u00e9mission sera vers\u00e9 au projet \"Concept B.180\" \u00e0 Neuch\u00e2tel (Image : zVg)<\/figcaption><\/figure>\n<p>L'augmentation de capital de Bonh\u00f4te-Immobilier SICAV est termin\u00e9e, selon la direction du fonds. L'objectif fix\u00e9 de 93 millions de CHF a \u00e9t\u00e9 l\u00e9g\u00e8rement d\u00e9pass\u00e9. Le montant total r\u00e9colt\u00e9 s'est finalement \u00e9lev\u00e9 \u00e0 pr\u00e8s de 95 millions de CHF. \"Ce succ\u00e8s est la preuve de la confiance des actionnaires et des nouveaux investisseurs dans Bonh\u00f4te-Immobilier SICAV\", \u00e9crit la direction du fonds dans un communiqu\u00e9.<\/p>\n<p>Le capital lev\u00e9 sera utilis\u00e9 pour la premi\u00e8re \u00e9tape des travaux de construction du projet \"Concept B.180\" \u00e0 Neuch\u00e2tel, la poursuite des investissements, la r\u00e9novation du portefeuille immobilier et le maintien du niveau d'endettement.<\/p>\n<p>Les nouvelles actions ont \u00e9t\u00e9 lib\u00e9r\u00e9es le 26 septembre 2024. Le portefeuille immobilier de Bonh\u00f4te-Immobilier SICAV atteint actuellement une valeur totale d'un peu plus de 1,3 milliard de francs suisses. (aw)<\/p>","protected":false},"excerpt":{"rendered":"<p>L'objectif d'\u00e9mission a \u00e9t\u00e9 l\u00e9g\u00e8rement d\u00e9pass\u00e9. Les fonds sont principalement destin\u00e9s \u00e0 un projet \u00e0 Neuch\u00e2tel.<\/p>","protected":false},"author":102,"featured_media":61041,"comment_status":"closed","ping_status":"closed","sticky":false,"template":"","format":"standard","meta":{"_acf_changed":false,"_yoast_wpseo_focuskw":"Bonh\u00f4te","_yoast_wpseo_title":"","_yoast_wpseo_metadesc":"Das Emissionsziel wurde leicht \u00fcbertroffen. Die Mittel fliessen vor allem in ein Projekt in Neuenburg.","_yoast_wpseo_linkdex":53,"pgc_sgb_lightbox_settings":"","footnotes":""},"categories":[988],"tags":[3664,1344,1412,2863,1599],"class_list":["post-61040","post","type-post","status-publish","format-standard","has-post-thumbnail","hentry","category-unternehmen","tag-bonhote","tag-immobilienfonds","tag-kapitalerhoehung","tag-neuchatel","tag-projekt-in-bau"],"acf":[],"yoast_head":"<!-- This site is optimized with the Yoast SEO plugin v27.5 - https:\/\/yoast.com\/product\/yoast-seo-wordpress\/ -->\n<title>Bonh\u00f4te Immobilier: Kapitalerh\u00f6hung abgeschlossen - IMMOBILIEN Business<\/title>\n<meta name=\"description\" content=\"Das Emissionsziel wurde leicht \u00fcbertroffen. Die Mittel fliessen vor allem in ein Projekt in Neuenburg.\" \/>\n<meta name=\"robots\" content=\"index, follow, max-snippet:-1, max-image-preview:large, max-video-preview:-1\" \/>\n<link rel=\"canonical\" href=\"https:\/\/www.immobilienbusiness.ch\/fr\/unternehmen\/2024-10-11\/bonhote-immobilier-kapitalerhoehung-abgeschlossen\/\" \/>\n<meta property=\"og:locale\" content=\"fr_FR\" \/>\n<meta property=\"og:type\" content=\"article\" \/>\n<meta property=\"og:title\" content=\"Bonh\u00f4te Immobilier: Kapitalerh\u00f6hung abgeschlossen - IMMOBILIEN Business\" \/>\n<meta property=\"og:description\" content=\"Das Emissionsziel wurde leicht \u00fcbertroffen. Die Mittel fliessen vor allem in ein Projekt in Neuenburg.\" \/>\n<meta property=\"og:url\" content=\"https:\/\/www.immobilienbusiness.ch\/fr\/unternehmen\/2024-10-11\/bonhote-immobilier-kapitalerhoehung-abgeschlossen\/\" \/>\n<meta property=\"og:site_name\" content=\"IMMOBILIEN Business\" \/>\n<meta property=\"article:publisher\" content=\"https:\/\/www.facebook.com\/immobilienbusiness\/\" \/>\n<meta property=\"article:published_time\" content=\"2024-10-11T04:46:59+00:00\" \/>\n<meta property=\"article:modified_time\" content=\"2024-10-11T05:51:19+00:00\" \/>\n<meta property=\"og:image\" content=\"https:\/\/www.immobilienbusiness.ch\/wp-content\/uploads\/2024\/10\/bonhote.jpg\" \/>\n\t<meta property=\"og:image:width\" content=\"1200\" \/>\n\t<meta property=\"og:image:height\" content=\"675\" \/>\n\t<meta property=\"og:image:type\" content=\"image\/jpeg\" \/>\n<meta name=\"author\" content=\"Alexander Wachter\" \/>\n<meta name=\"twitter:card\" content=\"summary_large_image\" \/>\n<script type=\"application\/ld+json\" class=\"yoast-schema-graph\">{\"@context\":\"https:\\\/\\\/schema.org\",\"@graph\":[{\"@type\":\"Article\",\"@id\":\"https:\\\/\\\/www.immobilienbusiness.ch\\\/fr\\\/unternehmen\\\/2024-10-11\\\/bonhote-immobilier-kapitalerhoehung-abgeschlossen\\\/#article\",\"isPartOf\":{\"@id\":\"https:\\\/\\\/www.immobilienbusiness.ch\\\/fr\\\/unternehmen\\\/2024-10-11\\\/bonhote-immobilier-kapitalerhoehung-abgeschlossen\\\/\"},\"author\":{\"name\":\"Alexander Wachter\",\"@id\":\"https:\\\/\\\/www.immobilienbusiness.ch\\\/#\\\/schema\\\/person\\\/aba8bea2db926aa0c24c08c43fe1fcd5\"},\"headline\":\"Bonh\u00f4te Immobilier: Kapitalerh\u00f6hung abgeschlossen\",\"datePublished\":\"2024-10-11T04:46:59+00:00\",\"dateModified\":\"2024-10-11T05:51:19+00:00\",\"mainEntityOfPage\":{\"@id\":\"https:\\\/\\\/www.immobilienbusiness.ch\\\/fr\\\/unternehmen\\\/2024-10-11\\\/bonhote-immobilier-kapitalerhoehung-abgeschlossen\\\/\"},\"wordCount\":141,\"publisher\":{\"@id\":\"https:\\\/\\\/www.immobilienbusiness.ch\\\/#organization\"},\"image\":{\"@id\":\"https:\\\/\\\/www.immobilienbusiness.ch\\\/fr\\\/unternehmen\\\/2024-10-11\\\/bonhote-immobilier-kapitalerhoehung-abgeschlossen\\\/#primaryimage\"},\"thumbnailUrl\":\"https:\\\/\\\/www.immobilienbusiness.ch\\\/wp-content\\\/uploads\\\/2024\\\/10\\\/bonhote.jpg\",\"keywords\":[\"Bonh\u00f4te\",\"Immobilienfonds\",\"Kapitalerh\u00f6hung\",\"Neuch\u00e2tel\",\"Projekt in Bau\"],\"articleSection\":[\"UNTERNEHMEN\"],\"inLanguage\":\"fr-FR\"},{\"@type\":\"WebPage\",\"@id\":\"https:\\\/\\\/www.immobilienbusiness.ch\\\/fr\\\/unternehmen\\\/2024-10-11\\\/bonhote-immobilier-kapitalerhoehung-abgeschlossen\\\/\",\"url\":\"https:\\\/\\\/www.immobilienbusiness.ch\\\/fr\\\/unternehmen\\\/2024-10-11\\\/bonhote-immobilier-kapitalerhoehung-abgeschlossen\\\/\",\"name\":\"Bonh\u00f4te Immobilier: Kapitalerh\u00f6hung abgeschlossen - IMMOBILIEN Business\",\"isPartOf\":{\"@id\":\"https:\\\/\\\/www.immobilienbusiness.ch\\\/#website\"},\"primaryImageOfPage\":{\"@id\":\"https:\\\/\\\/www.immobilienbusiness.ch\\\/fr\\\/unternehmen\\\/2024-10-11\\\/bonhote-immobilier-kapitalerhoehung-abgeschlossen\\\/#primaryimage\"},\"image\":{\"@id\":\"https:\\\/\\\/www.immobilienbusiness.ch\\\/fr\\\/unternehmen\\\/2024-10-11\\\/bonhote-immobilier-kapitalerhoehung-abgeschlossen\\\/#primaryimage\"},\"thumbnailUrl\":\"https:\\\/\\\/www.immobilienbusiness.ch\\\/wp-content\\\/uploads\\\/2024\\\/10\\\/bonhote.jpg\",\"datePublished\":\"2024-10-11T04:46:59+00:00\",\"dateModified\":\"2024-10-11T05:51:19+00:00\",\"description\":\"Das Emissionsziel wurde leicht \u00fcbertroffen. Die Mittel fliessen vor allem in ein Projekt in Neuenburg.\",\"breadcrumb\":{\"@id\":\"https:\\\/\\\/www.immobilienbusiness.ch\\\/fr\\\/unternehmen\\\/2024-10-11\\\/bonhote-immobilier-kapitalerhoehung-abgeschlossen\\\/#breadcrumb\"},\"inLanguage\":\"fr-FR\",\"potentialAction\":[{\"@type\":\"ReadAction\",\"target\":[\"https:\\\/\\\/www.immobilienbusiness.ch\\\/fr\\\/unternehmen\\\/2024-10-11\\\/bonhote-immobilier-kapitalerhoehung-abgeschlossen\\\/\"]}]},{\"@type\":\"ImageObject\",\"inLanguage\":\"fr-FR\",\"@id\":\"https:\\\/\\\/www.immobilienbusiness.ch\\\/fr\\\/unternehmen\\\/2024-10-11\\\/bonhote-immobilier-kapitalerhoehung-abgeschlossen\\\/#primaryimage\",\"url\":\"https:\\\/\\\/www.immobilienbusiness.ch\\\/wp-content\\\/uploads\\\/2024\\\/10\\\/bonhote.jpg\",\"contentUrl\":\"https:\\\/\\\/www.immobilienbusiness.ch\\\/wp-content\\\/uploads\\\/2024\\\/10\\\/bonhote.jpg\",\"width\":1200,\"height\":675,\"caption\":\"Das Projekt \u00abConcept B.180\u00bb von Bonh\u00f4te in Neuch\u00e2tel (Bild: zVg)\"},{\"@type\":\"BreadcrumbList\",\"@id\":\"https:\\\/\\\/www.immobilienbusiness.ch\\\/fr\\\/unternehmen\\\/2024-10-11\\\/bonhote-immobilier-kapitalerhoehung-abgeschlossen\\\/#breadcrumb\",\"itemListElement\":[{\"@type\":\"ListItem\",\"position\":1,\"name\":\"Home\",\"item\":\"https:\\\/\\\/www.immobilienbusiness.ch\\\/\"},{\"@type\":\"ListItem\",\"position\":2,\"name\":\"Bonh\u00f4te Immobilier: Kapitalerh\u00f6hung abgeschlossen\"}]},{\"@type\":\"WebSite\",\"@id\":\"https:\\\/\\\/www.immobilienbusiness.ch\\\/#website\",\"url\":\"https:\\\/\\\/www.immobilienbusiness.ch\\\/\",\"name\":\"IMMOBILIEN Business\",\"description\":\"Unabh\u00e4ngiges Schweizer Wirtschaftsmagazin mit Fokus auf Immobilien, Architektur- und Bau sowie Investment- und Finanzierung.\",\"publisher\":{\"@id\":\"https:\\\/\\\/www.immobilienbusiness.ch\\\/#organization\"},\"potentialAction\":[{\"@type\":\"SearchAction\",\"target\":{\"@type\":\"EntryPoint\",\"urlTemplate\":\"https:\\\/\\\/www.immobilienbusiness.ch\\\/?s={search_term_string}\"},\"query-input\":{\"@type\":\"PropertyValueSpecification\",\"valueRequired\":true,\"valueName\":\"search_term_string\"}}],\"inLanguage\":\"fr-FR\"},{\"@type\":\"Organization\",\"@id\":\"https:\\\/\\\/www.immobilienbusiness.ch\\\/#organization\",\"name\":\"IMMOBILIEN Business\",\"url\":\"https:\\\/\\\/www.immobilienbusiness.ch\\\/\",\"logo\":{\"@type\":\"ImageObject\",\"inLanguage\":\"fr-FR\",\"@id\":\"https:\\\/\\\/www.immobilienbusiness.ch\\\/#\\\/schema\\\/logo\\\/image\\\/\",\"url\":\"https:\\\/\\\/www.immobilienbusiness.ch\\\/wp-content\\\/uploads\\\/2021\\\/07\\\/logo_ib.png\",\"contentUrl\":\"https:\\\/\\\/www.immobilienbusiness.ch\\\/wp-content\\\/uploads\\\/2021\\\/07\\\/logo_ib.png\",\"width\":800,\"height\":181,\"caption\":\"IMMOBILIEN Business\"},\"image\":{\"@id\":\"https:\\\/\\\/www.immobilienbusiness.ch\\\/#\\\/schema\\\/logo\\\/image\\\/\"},\"sameAs\":[\"https:\\\/\\\/www.facebook.com\\\/immobilienbusiness\\\/\"]},{\"@type\":\"Person\",\"@id\":\"https:\\\/\\\/www.immobilienbusiness.ch\\\/#\\\/schema\\\/person\\\/aba8bea2db926aa0c24c08c43fe1fcd5\",\"name\":\"Alexander Wachter\",\"image\":{\"@type\":\"ImageObject\",\"inLanguage\":\"fr-FR\",\"@id\":\"https:\\\/\\\/secure.gravatar.com\\\/avatar\\\/1a09e471f5389b0e0a6416eac287e0927c7c97a7b77f9e787eba3af7aee281dd?s=96&d=mm&r=g\",\"url\":\"https:\\\/\\\/secure.gravatar.com\\\/avatar\\\/1a09e471f5389b0e0a6416eac287e0927c7c97a7b77f9e787eba3af7aee281dd?s=96&d=mm&r=g\",\"contentUrl\":\"https:\\\/\\\/secure.gravatar.com\\\/avatar\\\/1a09e471f5389b0e0a6416eac287e0927c7c97a7b77f9e787eba3af7aee281dd?s=96&d=mm&r=g\",\"caption\":\"Alexander Wachter\"},\"url\":\"https:\\\/\\\/www.immobilienbusiness.ch\\\/fr\\\/author\\\/alexander-wachter\\\/\"}]}<\/script>\n<!-- \/ Yoast SEO plugin. -->","yoast_head_json":{"title":"Bonh\u00f4te Immobilier: Kapitalerh\u00f6hung abgeschlossen - IMMOBILIEN Business","description":"L'objectif d'\u00e9mission a \u00e9t\u00e9 l\u00e9g\u00e8rement d\u00e9pass\u00e9. Les fonds sont principalement destin\u00e9s \u00e0 un projet \u00e0 Neuch\u00e2tel.","robots":{"index":"index","follow":"follow","max-snippet":"max-snippet:-1","max-image-preview":"max-image-preview:large","max-video-preview":"max-video-preview:-1"},"canonical":"https:\/\/www.immobilienbusiness.ch\/fr\/unternehmen\/2024-10-11\/bonhote-immobilier-kapitalerhoehung-abgeschlossen\/","og_locale":"fr_FR","og_type":"article","og_title":"Bonh\u00f4te Immobilier: Kapitalerh\u00f6hung abgeschlossen - IMMOBILIEN Business","og_description":"Das Emissionsziel wurde leicht \u00fcbertroffen. Die Mittel fliessen vor allem in ein Projekt in Neuenburg.","og_url":"https:\/\/www.immobilienbusiness.ch\/fr\/unternehmen\/2024-10-11\/bonhote-immobilier-kapitalerhoehung-abgeschlossen\/","og_site_name":"IMMOBILIEN Business","article_publisher":"https:\/\/www.facebook.com\/immobilienbusiness\/","article_published_time":"2024-10-11T04:46:59+00:00","article_modified_time":"2024-10-11T05:51:19+00:00","og_image":[{"width":1200,"height":675,"url":"https:\/\/www.immobilienbusiness.ch\/wp-content\/uploads\/2024\/10\/bonhote.jpg","type":"image\/jpeg"}],"author":"Alexander Wachter","twitter_card":"summary_large_image","schema":{"@context":"https:\/\/schema.org","@graph":[{"@type":"Article","@id":"https:\/\/www.immobilienbusiness.ch\/fr\/unternehmen\/2024-10-11\/bonhote-immobilier-kapitalerhoehung-abgeschlossen\/#article","isPartOf":{"@id":"https:\/\/www.immobilienbusiness.ch\/fr\/unternehmen\/2024-10-11\/bonhote-immobilier-kapitalerhoehung-abgeschlossen\/"},"author":{"name":"Alexander Wachter","@id":"https:\/\/www.immobilienbusiness.ch\/#\/schema\/person\/aba8bea2db926aa0c24c08c43fe1fcd5"},"headline":"Bonh\u00f4te Immobilier: Kapitalerh\u00f6hung abgeschlossen","datePublished":"2024-10-11T04:46:59+00:00","dateModified":"2024-10-11T05:51:19+00:00","mainEntityOfPage":{"@id":"https:\/\/www.immobilienbusiness.ch\/fr\/unternehmen\/2024-10-11\/bonhote-immobilier-kapitalerhoehung-abgeschlossen\/"},"wordCount":141,"publisher":{"@id":"https:\/\/www.immobilienbusiness.ch\/#organization"},"image":{"@id":"https:\/\/www.immobilienbusiness.ch\/fr\/unternehmen\/2024-10-11\/bonhote-immobilier-kapitalerhoehung-abgeschlossen\/#primaryimage"},"thumbnailUrl":"https:\/\/www.immobilienbusiness.ch\/wp-content\/uploads\/2024\/10\/bonhote.jpg","keywords":["Bonh\u00f4te","Immobilienfonds","Kapitalerh\u00f6hung","Neuch\u00e2tel","Projekt in Bau"],"articleSection":["UNTERNEHMEN"],"inLanguage":"fr-FR"},{"@type":"WebPage","@id":"https:\/\/www.immobilienbusiness.ch\/fr\/unternehmen\/2024-10-11\/bonhote-immobilier-kapitalerhoehung-abgeschlossen\/","url":"https:\/\/www.immobilienbusiness.ch\/fr\/unternehmen\/2024-10-11\/bonhote-immobilier-kapitalerhoehung-abgeschlossen\/","name":"Bonh\u00f4te Immobilier: Kapitalerh\u00f6hung abgeschlossen - IMMOBILIEN Business","isPartOf":{"@id":"https:\/\/www.immobilienbusiness.ch\/#website"},"primaryImageOfPage":{"@id":"https:\/\/www.immobilienbusiness.ch\/fr\/unternehmen\/2024-10-11\/bonhote-immobilier-kapitalerhoehung-abgeschlossen\/#primaryimage"},"image":{"@id":"https:\/\/www.immobilienbusiness.ch\/fr\/unternehmen\/2024-10-11\/bonhote-immobilier-kapitalerhoehung-abgeschlossen\/#primaryimage"},"thumbnailUrl":"https:\/\/www.immobilienbusiness.ch\/wp-content\/uploads\/2024\/10\/bonhote.jpg","datePublished":"2024-10-11T04:46:59+00:00","dateModified":"2024-10-11T05:51:19+00:00","description":"L'objectif d'\u00e9mission a \u00e9t\u00e9 l\u00e9g\u00e8rement d\u00e9pass\u00e9. Les fonds sont principalement destin\u00e9s \u00e0 un projet \u00e0 Neuch\u00e2tel.","breadcrumb":{"@id":"https:\/\/www.immobilienbusiness.ch\/fr\/unternehmen\/2024-10-11\/bonhote-immobilier-kapitalerhoehung-abgeschlossen\/#breadcrumb"},"inLanguage":"fr-FR","potentialAction":[{"@type":"ReadAction","target":["https:\/\/www.immobilienbusiness.ch\/fr\/unternehmen\/2024-10-11\/bonhote-immobilier-kapitalerhoehung-abgeschlossen\/"]}]},{"@type":"ImageObject","inLanguage":"fr-FR","@id":"https:\/\/www.immobilienbusiness.ch\/fr\/unternehmen\/2024-10-11\/bonhote-immobilier-kapitalerhoehung-abgeschlossen\/#primaryimage","url":"https:\/\/www.immobilienbusiness.ch\/wp-content\/uploads\/2024\/10\/bonhote.jpg","contentUrl":"https:\/\/www.immobilienbusiness.ch\/wp-content\/uploads\/2024\/10\/bonhote.jpg","width":1200,"height":675,"caption":"Das Projekt \u00abConcept B.180\u00bb von Bonh\u00f4te in Neuch\u00e2tel (Bild: zVg)"},{"@type":"BreadcrumbList","@id":"https:\/\/www.immobilienbusiness.ch\/fr\/unternehmen\/2024-10-11\/bonhote-immobilier-kapitalerhoehung-abgeschlossen\/#breadcrumb","itemListElement":[{"@type":"ListItem","position":1,"name":"Home","item":"https:\/\/www.immobilienbusiness.ch\/"},{"@type":"ListItem","position":2,"name":"Bonh\u00f4te Immobilier: Kapitalerh\u00f6hung abgeschlossen"}]},{"@type":"WebSite","@id":"https:\/\/www.immobilienbusiness.ch\/#website","url":"https:\/\/www.immobilienbusiness.ch\/","name":"IMMOBILIER Business","description":"Magazine \u00e9conomique suisse ind\u00e9pendant ax\u00e9 sur l'immobilier, l'architecture et la construction ainsi que sur les investissements et le financement.","publisher":{"@id":"https:\/\/www.immobilienbusiness.ch\/#organization"},"potentialAction":[{"@type":"SearchAction","target":{"@type":"EntryPoint","urlTemplate":"https:\/\/www.immobilienbusiness.ch\/?s={search_term_string}"},"query-input":{"@type":"PropertyValueSpecification","valueRequired":true,"valueName":"search_term_string"}}],"inLanguage":"fr-FR"},{"@type":"Organization","@id":"https:\/\/www.immobilienbusiness.ch\/#organization","name":"IMMOBILIER Business","url":"https:\/\/www.immobilienbusiness.ch\/","logo":{"@type":"ImageObject","inLanguage":"fr-FR","@id":"https:\/\/www.immobilienbusiness.ch\/#\/schema\/logo\/image\/","url":"https:\/\/www.immobilienbusiness.ch\/wp-content\/uploads\/2021\/07\/logo_ib.png","contentUrl":"https:\/\/www.immobilienbusiness.ch\/wp-content\/uploads\/2021\/07\/logo_ib.png","width":800,"height":181,"caption":"IMMOBILIEN Business"},"image":{"@id":"https:\/\/www.immobilienbusiness.ch\/#\/schema\/logo\/image\/"},"sameAs":["https:\/\/www.facebook.com\/immobilienbusiness\/"]},{"@type":"Person","@id":"https:\/\/www.immobilienbusiness.ch\/#\/schema\/person\/aba8bea2db926aa0c24c08c43fe1fcd5","name":"Alexander Wachter","image":{"@type":"ImageObject","inLanguage":"fr-FR","@id":"https:\/\/secure.gravatar.com\/avatar\/1a09e471f5389b0e0a6416eac287e0927c7c97a7b77f9e787eba3af7aee281dd?s=96&d=mm&r=g","url":"https:\/\/secure.gravatar.com\/avatar\/1a09e471f5389b0e0a6416eac287e0927c7c97a7b77f9e787eba3af7aee281dd?s=96&d=mm&r=g","contentUrl":"https:\/\/secure.gravatar.com\/avatar\/1a09e471f5389b0e0a6416eac287e0927c7c97a7b77f9e787eba3af7aee281dd?s=96&d=mm&r=g","caption":"Alexander Wachter"},"url":"https:\/\/www.immobilienbusiness.ch\/fr\/author\/alexander-wachter\/"}]}},"_links":{"self":[{"href":"https:\/\/www.immobilienbusiness.ch\/fr\/wp-json\/wp\/v2\/posts\/61040","targetHints":{"allow":["GET"]}}],"collection":[{"href":"https:\/\/www.immobilienbusiness.ch\/fr\/wp-json\/wp\/v2\/posts"}],"about":[{"href":"https:\/\/www.immobilienbusiness.ch\/fr\/wp-json\/wp\/v2\/types\/post"}],"author":[{"embeddable":true,"href":"https:\/\/www.immobilienbusiness.ch\/fr\/wp-json\/wp\/v2\/users\/102"}],"replies":[{"embeddable":true,"href":"https:\/\/www.immobilienbusiness.ch\/fr\/wp-json\/wp\/v2\/comments?post=61040"}],"version-history":[{"count":1,"href":"https:\/\/www.immobilienbusiness.ch\/fr\/wp-json\/wp\/v2\/posts\/61040\/revisions"}],"predecessor-version":[{"id":61042,"href":"https:\/\/www.immobilienbusiness.ch\/fr\/wp-json\/wp\/v2\/posts\/61040\/revisions\/61042"}],"wp:featuredmedia":[{"embeddable":true,"href":"https:\/\/www.immobilienbusiness.ch\/fr\/wp-json\/wp\/v2\/media\/61041"}],"wp:attachment":[{"href":"https:\/\/www.immobilienbusiness.ch\/fr\/wp-json\/wp\/v2\/media?parent=61040"}],"wp:term":[{"taxonomy":"category","embeddable":true,"href":"https:\/\/www.immobilienbusiness.ch\/fr\/wp-json\/wp\/v2\/categories?post=61040"},{"taxonomy":"post_tag","embeddable":true,"href":"https:\/\/www.immobilienbusiness.ch\/fr\/wp-json\/wp\/v2\/tags?post=61040"}],"curies":[{"name":"wp","href":"https:\/\/api.w.org\/{rel}","templated":true}]}}