{"id":61003,"date":"2024-10-09T09:52:54","date_gmt":"2024-10-09T07:52:54","guid":{"rendered":"https:\/\/www.immobilienbusiness.ch\/?p=61003"},"modified":"2024-11-11T12:44:27","modified_gmt":"2024-11-11T11:44:27","slug":"ostschweiz-neuer-anlauf-fuer-projekt-wil-west","status":"publish","type":"post","link":"https:\/\/www.immobilienbusiness.ch\/fr\/ib\/2024-10-09\/ostschweiz-neuer-anlauf-fuer-projekt-wil-west\/","title":{"rendered":"Suisse orientale : nouvelle tentative pour le projet \"Wil West"},"content":{"rendered":"<div class=\"swpm-post-not-logged-in-msg\">Vous devez \u00eatre connect\u00e9 pour voir ce contenu. Veuillez consulter <a class=\"swpm-login-link\" href=\"https:\/\/www.immobilienbusiness.ch\/fr\/login\/?swpm_redirect_to=https%3A%2F%2Fwww.immobilienbusiness.ch%2Ffr%2Fwp-json%2Fwp%2Fv2%2Fposts%2F61003\">Connexion<\/a>. Vous n'\u00eates pas membre ? <a href=\"https:\/\/www.immobilienbusiness.ch\/fr\/registrieren\/\">Nous Rejoindre<\/a><\/div>","protected":false},"excerpt":{"rendered":"<p>Un deal foncier devrait permettre au projet, qui pr\u00e9voit l'implantation de 3.000 emplois, de voir le jour apr\u00e8s un vote n\u00e9gatif des citoyens saint-gallois. Le canton de Thurgovie veut lancer un concours d'investisseurs.<\/p>","protected":false},"author":102,"featured_media":42304,"comment_status":"closed","ping_status":"closed","sticky":false,"template":"","format":"standard","meta":{"_acf_changed":false,"_yoast_wpseo_focuskw":"Wil","_yoast_wpseo_title":"","_yoast_wpseo_metadesc":"Ein Grundst\u00fccksdeal soll das Projekt, das die Ansiedlung von 3.000 Arbeitspl\u00e4tzen vorsieht, nach einem negativen Votum der St. Galler Stimmb\u00fcrger doch noch m\u00f6glich machen. Der Kanton Thurgau will einen Investorenwettbewerb ausschreiben.","_yoast_wpseo_linkdex":60,"pgc_sgb_lightbox_settings":"","footnotes":""},"categories":[1951,985],"tags":[1937,1515,1722,1782,2426],"class_list":["post-61003","post","type-post","status-publish","format-standard","has-post-thumbnail","hentry","category-ib","category-regionen","tag-arealentwicklung","tag-nachhaltigkeit","tag-st-gallen","tag-thurgau","tag-wil-west"],"acf":[],"yoast_head":"<!-- This site is optimized with the Yoast SEO plugin v27.4 - https:\/\/yoast.com\/product\/yoast-seo-wordpress\/ -->\n<title>Ostschweiz: Neuer Anlauf f\u00fcr Projekt \u00abWil West\u00bb - IMMOBILIEN Business<\/title>\n<meta name=\"description\" content=\"Ein Grundst\u00fccksdeal soll das Projekt, das die Ansiedlung von 3.000 Arbeitspl\u00e4tzen vorsieht, nach einem negativen Votum der St. Galler Stimmb\u00fcrger doch noch m\u00f6glich machen. Der Kanton Thurgau will einen Investorenwettbewerb ausschreiben.\" \/>\n<meta name=\"robots\" content=\"index, follow, max-snippet:-1, max-image-preview:large, max-video-preview:-1\" \/>\n<link rel=\"canonical\" href=\"https:\/\/www.immobilienbusiness.ch\/fr\/ib\/2024-10-09\/ostschweiz-neuer-anlauf-fuer-projekt-wil-west\/\" \/>\n<meta property=\"og:locale\" content=\"fr_FR\" \/>\n<meta property=\"og:type\" content=\"article\" \/>\n<meta property=\"og:title\" content=\"Ostschweiz: Neuer Anlauf f\u00fcr Projekt \u00abWil West\u00bb - IMMOBILIEN Business\" \/>\n<meta property=\"og:description\" content=\"Ein Grundst\u00fccksdeal soll das Projekt, das die Ansiedlung von 3.000 Arbeitspl\u00e4tzen vorsieht, nach einem negativen Votum der St. Galler Stimmb\u00fcrger doch noch m\u00f6glich machen. Der Kanton Thurgau will einen Investorenwettbewerb ausschreiben.\" \/>\n<meta property=\"og:url\" content=\"https:\/\/www.immobilienbusiness.ch\/fr\/ib\/2024-10-09\/ostschweiz-neuer-anlauf-fuer-projekt-wil-west\/\" \/>\n<meta property=\"og:site_name\" content=\"IMMOBILIEN Business\" \/>\n<meta property=\"article:publisher\" content=\"https:\/\/www.facebook.com\/immobilienbusiness\/\" \/>\n<meta property=\"article:published_time\" content=\"2024-10-09T07:52:54+00:00\" \/>\n<meta property=\"article:modified_time\" content=\"2024-11-11T11:44:27+00:00\" \/>\n<meta property=\"og:image\" content=\"https:\/\/www.immobilienbusiness.ch\/wp-content\/uploads\/2022\/04\/wilwest-panorama-mit-massnahmen-klein.jpg\" \/>\n\t<meta property=\"og:image:width\" content=\"1200\" \/>\n\t<meta property=\"og:image:height\" content=\"680\" \/>\n\t<meta property=\"og:image:type\" content=\"image\/jpeg\" \/>\n<meta name=\"author\" content=\"Alexander Wachter\" \/>\n<meta name=\"twitter:card\" content=\"summary_large_image\" \/>\n<script type=\"application\/ld+json\" class=\"yoast-schema-graph\">{\"@context\":\"https:\\\/\\\/schema.org\",\"@graph\":[{\"@type\":\"Article\",\"@id\":\"https:\\\/\\\/www.immobilienbusiness.ch\\\/en\\\/ib\\\/2024-10-09\\\/ostschweiz-neuer-anlauf-fuer-projekt-wil-west\\\/#article\",\"isPartOf\":{\"@id\":\"https:\\\/\\\/www.immobilienbusiness.ch\\\/en\\\/ib\\\/2024-10-09\\\/ostschweiz-neuer-anlauf-fuer-projekt-wil-west\\\/\"},\"author\":{\"name\":\"Alexander Wachter\",\"@id\":\"https:\\\/\\\/www.immobilienbusiness.ch\\\/#\\\/schema\\\/person\\\/aba8bea2db926aa0c24c08c43fe1fcd5\"},\"headline\":\"Ostschweiz: Neuer Anlauf f\u00fcr Projekt \u00abWil West\u00bb\",\"datePublished\":\"2024-10-09T07:52:54+00:00\",\"dateModified\":\"2024-11-11T11:44:27+00:00\",\"mainEntityOfPage\":{\"@id\":\"https:\\\/\\\/www.immobilienbusiness.ch\\\/en\\\/ib\\\/2024-10-09\\\/ostschweiz-neuer-anlauf-fuer-projekt-wil-west\\\/\"},\"wordCount\":327,\"publisher\":{\"@id\":\"https:\\\/\\\/www.immobilienbusiness.ch\\\/#organization\"},\"image\":{\"@id\":\"https:\\\/\\\/www.immobilienbusiness.ch\\\/en\\\/ib\\\/2024-10-09\\\/ostschweiz-neuer-anlauf-fuer-projekt-wil-west\\\/#primaryimage\"},\"thumbnailUrl\":\"https:\\\/\\\/www.immobilienbusiness.ch\\\/wp-content\\\/uploads\\\/2022\\\/04\\\/wilwest-panorama-mit-massnahmen-klein.jpg\",\"keywords\":[\"Arealentwicklung\",\"Nachhaltigkeit\",\"St. Gallen\",\"Thurgau\",\"Wil West\"],\"articleSection\":[\"IB+\",\"REGIONEN\"],\"inLanguage\":\"fr-FR\"},{\"@type\":\"WebPage\",\"@id\":\"https:\\\/\\\/www.immobilienbusiness.ch\\\/en\\\/ib\\\/2024-10-09\\\/ostschweiz-neuer-anlauf-fuer-projekt-wil-west\\\/\",\"url\":\"https:\\\/\\\/www.immobilienbusiness.ch\\\/en\\\/ib\\\/2024-10-09\\\/ostschweiz-neuer-anlauf-fuer-projekt-wil-west\\\/\",\"name\":\"Ostschweiz: Neuer Anlauf f\u00fcr Projekt \u00abWil West\u00bb - IMMOBILIEN Business\",\"isPartOf\":{\"@id\":\"https:\\\/\\\/www.immobilienbusiness.ch\\\/#website\"},\"primaryImageOfPage\":{\"@id\":\"https:\\\/\\\/www.immobilienbusiness.ch\\\/en\\\/ib\\\/2024-10-09\\\/ostschweiz-neuer-anlauf-fuer-projekt-wil-west\\\/#primaryimage\"},\"image\":{\"@id\":\"https:\\\/\\\/www.immobilienbusiness.ch\\\/en\\\/ib\\\/2024-10-09\\\/ostschweiz-neuer-anlauf-fuer-projekt-wil-west\\\/#primaryimage\"},\"thumbnailUrl\":\"https:\\\/\\\/www.immobilienbusiness.ch\\\/wp-content\\\/uploads\\\/2022\\\/04\\\/wilwest-panorama-mit-massnahmen-klein.jpg\",\"datePublished\":\"2024-10-09T07:52:54+00:00\",\"dateModified\":\"2024-11-11T11:44:27+00:00\",\"description\":\"Ein Grundst\u00fccksdeal soll das Projekt, das die Ansiedlung von 3.000 Arbeitspl\u00e4tzen vorsieht, nach einem negativen Votum der St. Galler Stimmb\u00fcrger doch noch m\u00f6glich machen. Der Kanton Thurgau will einen Investorenwettbewerb ausschreiben.\",\"breadcrumb\":{\"@id\":\"https:\\\/\\\/www.immobilienbusiness.ch\\\/en\\\/ib\\\/2024-10-09\\\/ostschweiz-neuer-anlauf-fuer-projekt-wil-west\\\/#breadcrumb\"},\"inLanguage\":\"fr-FR\",\"potentialAction\":[{\"@type\":\"ReadAction\",\"target\":[\"https:\\\/\\\/www.immobilienbusiness.ch\\\/en\\\/ib\\\/2024-10-09\\\/ostschweiz-neuer-anlauf-fuer-projekt-wil-west\\\/\"]}]},{\"@type\":\"ImageObject\",\"inLanguage\":\"fr-FR\",\"@id\":\"https:\\\/\\\/www.immobilienbusiness.ch\\\/en\\\/ib\\\/2024-10-09\\\/ostschweiz-neuer-anlauf-fuer-projekt-wil-west\\\/#primaryimage\",\"url\":\"https:\\\/\\\/www.immobilienbusiness.ch\\\/wp-content\\\/uploads\\\/2022\\\/04\\\/wilwest-panorama-mit-massnahmen-klein.jpg\",\"contentUrl\":\"https:\\\/\\\/www.immobilienbusiness.ch\\\/wp-content\\\/uploads\\\/2022\\\/04\\\/wilwest-panorama-mit-massnahmen-klein.jpg\",\"width\":1200,\"height\":680,\"caption\":\"Nicht tot: Das Projekt \u00abWil West\u00bb (Bild: Wilwest)\"},{\"@type\":\"BreadcrumbList\",\"@id\":\"https:\\\/\\\/www.immobilienbusiness.ch\\\/en\\\/ib\\\/2024-10-09\\\/ostschweiz-neuer-anlauf-fuer-projekt-wil-west\\\/#breadcrumb\",\"itemListElement\":[{\"@type\":\"ListItem\",\"position\":1,\"name\":\"Home\",\"item\":\"https:\\\/\\\/www.immobilienbusiness.ch\\\/\"},{\"@type\":\"ListItem\",\"position\":2,\"name\":\"Ostschweiz: Neuer Anlauf f\u00fcr Projekt \u00abWil West\u00bb\"}]},{\"@type\":\"WebSite\",\"@id\":\"https:\\\/\\\/www.immobilienbusiness.ch\\\/#website\",\"url\":\"https:\\\/\\\/www.immobilienbusiness.ch\\\/\",\"name\":\"IMMOBILIEN Business\",\"description\":\"Unabh\u00e4ngiges Schweizer Wirtschaftsmagazin mit Fokus auf Immobilien, Architektur- und Bau sowie Investment- und Finanzierung.\",\"publisher\":{\"@id\":\"https:\\\/\\\/www.immobilienbusiness.ch\\\/#organization\"},\"potentialAction\":[{\"@type\":\"SearchAction\",\"target\":{\"@type\":\"EntryPoint\",\"urlTemplate\":\"https:\\\/\\\/www.immobilienbusiness.ch\\\/?s={search_term_string}\"},\"query-input\":{\"@type\":\"PropertyValueSpecification\",\"valueRequired\":true,\"valueName\":\"search_term_string\"}}],\"inLanguage\":\"fr-FR\"},{\"@type\":\"Organization\",\"@id\":\"https:\\\/\\\/www.immobilienbusiness.ch\\\/#organization\",\"name\":\"IMMOBILIEN Business\",\"url\":\"https:\\\/\\\/www.immobilienbusiness.ch\\\/\",\"logo\":{\"@type\":\"ImageObject\",\"inLanguage\":\"fr-FR\",\"@id\":\"https:\\\/\\\/www.immobilienbusiness.ch\\\/#\\\/schema\\\/logo\\\/image\\\/\",\"url\":\"https:\\\/\\\/www.immobilienbusiness.ch\\\/wp-content\\\/uploads\\\/2021\\\/07\\\/logo_ib.png\",\"contentUrl\":\"https:\\\/\\\/www.immobilienbusiness.ch\\\/wp-content\\\/uploads\\\/2021\\\/07\\\/logo_ib.png\",\"width\":800,\"height\":181,\"caption\":\"IMMOBILIEN Business\"},\"image\":{\"@id\":\"https:\\\/\\\/www.immobilienbusiness.ch\\\/#\\\/schema\\\/logo\\\/image\\\/\"},\"sameAs\":[\"https:\\\/\\\/www.facebook.com\\\/immobilienbusiness\\\/\"]},{\"@type\":\"Person\",\"@id\":\"https:\\\/\\\/www.immobilienbusiness.ch\\\/#\\\/schema\\\/person\\\/aba8bea2db926aa0c24c08c43fe1fcd5\",\"name\":\"Alexander Wachter\",\"image\":{\"@type\":\"ImageObject\",\"inLanguage\":\"fr-FR\",\"@id\":\"https:\\\/\\\/secure.gravatar.com\\\/avatar\\\/1a09e471f5389b0e0a6416eac287e0927c7c97a7b77f9e787eba3af7aee281dd?s=96&d=mm&r=g\",\"url\":\"https:\\\/\\\/secure.gravatar.com\\\/avatar\\\/1a09e471f5389b0e0a6416eac287e0927c7c97a7b77f9e787eba3af7aee281dd?s=96&d=mm&r=g\",\"contentUrl\":\"https:\\\/\\\/secure.gravatar.com\\\/avatar\\\/1a09e471f5389b0e0a6416eac287e0927c7c97a7b77f9e787eba3af7aee281dd?s=96&d=mm&r=g\",\"caption\":\"Alexander Wachter\"},\"url\":\"https:\\\/\\\/www.immobilienbusiness.ch\\\/fr\\\/author\\\/alexander-wachter\\\/\"}]}<\/script>\n<!-- \/ Yoast SEO plugin. -->","yoast_head_json":{"title":"Suisse orientale : nouveau d\u00e9part pour le projet \"Wil West\" - IMMOBILIER Business","description":"Un deal foncier devrait permettre au projet, qui pr\u00e9voit l'implantation de 3.000 emplois, de voir le jour apr\u00e8s un vote n\u00e9gatif des citoyens saint-gallois. Le canton de Thurgovie veut lancer un concours d'investisseurs.","robots":{"index":"index","follow":"follow","max-snippet":"max-snippet:-1","max-image-preview":"max-image-preview:large","max-video-preview":"max-video-preview:-1"},"canonical":"https:\/\/www.immobilienbusiness.ch\/fr\/ib\/2024-10-09\/ostschweiz-neuer-anlauf-fuer-projekt-wil-west\/","og_locale":"fr_FR","og_type":"article","og_title":"Ostschweiz: Neuer Anlauf f\u00fcr Projekt \u00abWil West\u00bb - IMMOBILIEN Business","og_description":"Ein Grundst\u00fccksdeal soll das Projekt, das die Ansiedlung von 3.000 Arbeitspl\u00e4tzen vorsieht, nach einem negativen Votum der St. Galler Stimmb\u00fcrger doch noch m\u00f6glich machen. Der Kanton Thurgau will einen Investorenwettbewerb ausschreiben.","og_url":"https:\/\/www.immobilienbusiness.ch\/fr\/ib\/2024-10-09\/ostschweiz-neuer-anlauf-fuer-projekt-wil-west\/","og_site_name":"IMMOBILIEN Business","article_publisher":"https:\/\/www.facebook.com\/immobilienbusiness\/","article_published_time":"2024-10-09T07:52:54+00:00","article_modified_time":"2024-11-11T11:44:27+00:00","og_image":[{"width":1200,"height":680,"url":"https:\/\/www.immobilienbusiness.ch\/wp-content\/uploads\/2022\/04\/wilwest-panorama-mit-massnahmen-klein.jpg","type":"image\/jpeg"}],"author":"Alexander Wachter","twitter_card":"summary_large_image","schema":{"@context":"https:\/\/schema.org","@graph":[{"@type":"Article","@id":"https:\/\/www.immobilienbusiness.ch\/en\/ib\/2024-10-09\/ostschweiz-neuer-anlauf-fuer-projekt-wil-west\/#article","isPartOf":{"@id":"https:\/\/www.immobilienbusiness.ch\/en\/ib\/2024-10-09\/ostschweiz-neuer-anlauf-fuer-projekt-wil-west\/"},"author":{"name":"Alexander Wachter","@id":"https:\/\/www.immobilienbusiness.ch\/#\/schema\/person\/aba8bea2db926aa0c24c08c43fe1fcd5"},"headline":"Ostschweiz: Neuer Anlauf f\u00fcr Projekt \u00abWil West\u00bb","datePublished":"2024-10-09T07:52:54+00:00","dateModified":"2024-11-11T11:44:27+00:00","mainEntityOfPage":{"@id":"https:\/\/www.immobilienbusiness.ch\/en\/ib\/2024-10-09\/ostschweiz-neuer-anlauf-fuer-projekt-wil-west\/"},"wordCount":327,"publisher":{"@id":"https:\/\/www.immobilienbusiness.ch\/#organization"},"image":{"@id":"https:\/\/www.immobilienbusiness.ch\/en\/ib\/2024-10-09\/ostschweiz-neuer-anlauf-fuer-projekt-wil-west\/#primaryimage"},"thumbnailUrl":"https:\/\/www.immobilienbusiness.ch\/wp-content\/uploads\/2022\/04\/wilwest-panorama-mit-massnahmen-klein.jpg","keywords":["Arealentwicklung","Nachhaltigkeit","St. Gallen","Thurgau","Wil West"],"articleSection":["IB+","REGIONEN"],"inLanguage":"fr-FR"},{"@type":"WebPage","@id":"https:\/\/www.immobilienbusiness.ch\/en\/ib\/2024-10-09\/ostschweiz-neuer-anlauf-fuer-projekt-wil-west\/","url":"https:\/\/www.immobilienbusiness.ch\/en\/ib\/2024-10-09\/ostschweiz-neuer-anlauf-fuer-projekt-wil-west\/","name":"Suisse orientale : nouveau d\u00e9part pour le projet \"Wil West\" - IMMOBILIER Business","isPartOf":{"@id":"https:\/\/www.immobilienbusiness.ch\/#website"},"primaryImageOfPage":{"@id":"https:\/\/www.immobilienbusiness.ch\/en\/ib\/2024-10-09\/ostschweiz-neuer-anlauf-fuer-projekt-wil-west\/#primaryimage"},"image":{"@id":"https:\/\/www.immobilienbusiness.ch\/en\/ib\/2024-10-09\/ostschweiz-neuer-anlauf-fuer-projekt-wil-west\/#primaryimage"},"thumbnailUrl":"https:\/\/www.immobilienbusiness.ch\/wp-content\/uploads\/2022\/04\/wilwest-panorama-mit-massnahmen-klein.jpg","datePublished":"2024-10-09T07:52:54+00:00","dateModified":"2024-11-11T11:44:27+00:00","description":"Un deal foncier devrait permettre au projet, qui pr\u00e9voit l'implantation de 3.000 emplois, de voir le jour apr\u00e8s un vote n\u00e9gatif des citoyens saint-gallois. Le canton de Thurgovie veut lancer un concours d'investisseurs.","breadcrumb":{"@id":"https:\/\/www.immobilienbusiness.ch\/en\/ib\/2024-10-09\/ostschweiz-neuer-anlauf-fuer-projekt-wil-west\/#breadcrumb"},"inLanguage":"fr-FR","potentialAction":[{"@type":"ReadAction","target":["https:\/\/www.immobilienbusiness.ch\/en\/ib\/2024-10-09\/ostschweiz-neuer-anlauf-fuer-projekt-wil-west\/"]}]},{"@type":"ImageObject","inLanguage":"fr-FR","@id":"https:\/\/www.immobilienbusiness.ch\/en\/ib\/2024-10-09\/ostschweiz-neuer-anlauf-fuer-projekt-wil-west\/#primaryimage","url":"https:\/\/www.immobilienbusiness.ch\/wp-content\/uploads\/2022\/04\/wilwest-panorama-mit-massnahmen-klein.jpg","contentUrl":"https:\/\/www.immobilienbusiness.ch\/wp-content\/uploads\/2022\/04\/wilwest-panorama-mit-massnahmen-klein.jpg","width":1200,"height":680,"caption":"Nicht tot: Das Projekt \u00abWil West\u00bb (Bild: Wilwest)"},{"@type":"BreadcrumbList","@id":"https:\/\/www.immobilienbusiness.ch\/en\/ib\/2024-10-09\/ostschweiz-neuer-anlauf-fuer-projekt-wil-west\/#breadcrumb","itemListElement":[{"@type":"ListItem","position":1,"name":"Home","item":"https:\/\/www.immobilienbusiness.ch\/"},{"@type":"ListItem","position":2,"name":"Ostschweiz: Neuer Anlauf f\u00fcr Projekt \u00abWil West\u00bb"}]},{"@type":"WebSite","@id":"https:\/\/www.immobilienbusiness.ch\/#website","url":"https:\/\/www.immobilienbusiness.ch\/","name":"IMMOBILIER Business","description":"Magazine \u00e9conomique suisse ind\u00e9pendant ax\u00e9 sur l'immobilier, l'architecture et la construction ainsi que sur les investissements et le financement.","publisher":{"@id":"https:\/\/www.immobilienbusiness.ch\/#organization"},"potentialAction":[{"@type":"SearchAction","target":{"@type":"EntryPoint","urlTemplate":"https:\/\/www.immobilienbusiness.ch\/?s={search_term_string}"},"query-input":{"@type":"PropertyValueSpecification","valueRequired":true,"valueName":"search_term_string"}}],"inLanguage":"fr-FR"},{"@type":"Organization","@id":"https:\/\/www.immobilienbusiness.ch\/#organization","name":"IMMOBILIER Business","url":"https:\/\/www.immobilienbusiness.ch\/","logo":{"@type":"ImageObject","inLanguage":"fr-FR","@id":"https:\/\/www.immobilienbusiness.ch\/#\/schema\/logo\/image\/","url":"https:\/\/www.immobilienbusiness.ch\/wp-content\/uploads\/2021\/07\/logo_ib.png","contentUrl":"https:\/\/www.immobilienbusiness.ch\/wp-content\/uploads\/2021\/07\/logo_ib.png","width":800,"height":181,"caption":"IMMOBILIEN Business"},"image":{"@id":"https:\/\/www.immobilienbusiness.ch\/#\/schema\/logo\/image\/"},"sameAs":["https:\/\/www.facebook.com\/immobilienbusiness\/"]},{"@type":"Person","@id":"https:\/\/www.immobilienbusiness.ch\/#\/schema\/person\/aba8bea2db926aa0c24c08c43fe1fcd5","name":"Alexander Wachter","image":{"@type":"ImageObject","inLanguage":"fr-FR","@id":"https:\/\/secure.gravatar.com\/avatar\/1a09e471f5389b0e0a6416eac287e0927c7c97a7b77f9e787eba3af7aee281dd?s=96&d=mm&r=g","url":"https:\/\/secure.gravatar.com\/avatar\/1a09e471f5389b0e0a6416eac287e0927c7c97a7b77f9e787eba3af7aee281dd?s=96&d=mm&r=g","contentUrl":"https:\/\/secure.gravatar.com\/avatar\/1a09e471f5389b0e0a6416eac287e0927c7c97a7b77f9e787eba3af7aee281dd?s=96&d=mm&r=g","caption":"Alexander Wachter"},"url":"https:\/\/www.immobilienbusiness.ch\/fr\/author\/alexander-wachter\/"}]}},"_links":{"self":[{"href":"https:\/\/www.immobilienbusiness.ch\/fr\/wp-json\/wp\/v2\/posts\/61003","targetHints":{"allow":["GET"]}}],"collection":[{"href":"https:\/\/www.immobilienbusiness.ch\/fr\/wp-json\/wp\/v2\/posts"}],"about":[{"href":"https:\/\/www.immobilienbusiness.ch\/fr\/wp-json\/wp\/v2\/types\/post"}],"author":[{"embeddable":true,"href":"https:\/\/www.immobilienbusiness.ch\/fr\/wp-json\/wp\/v2\/users\/102"}],"replies":[{"embeddable":true,"href":"https:\/\/www.immobilienbusiness.ch\/fr\/wp-json\/wp\/v2\/comments?post=61003"}],"version-history":[{"count":1,"href":"https:\/\/www.immobilienbusiness.ch\/fr\/wp-json\/wp\/v2\/posts\/61003\/revisions"}],"predecessor-version":[{"id":61004,"href":"https:\/\/www.immobilienbusiness.ch\/fr\/wp-json\/wp\/v2\/posts\/61003\/revisions\/61004"}],"wp:featuredmedia":[{"embeddable":true,"href":"https:\/\/www.immobilienbusiness.ch\/fr\/wp-json\/wp\/v2\/media\/42304"}],"wp:attachment":[{"href":"https:\/\/www.immobilienbusiness.ch\/fr\/wp-json\/wp\/v2\/media?parent=61003"}],"wp:term":[{"taxonomy":"category","embeddable":true,"href":"https:\/\/www.immobilienbusiness.ch\/fr\/wp-json\/wp\/v2\/categories?post=61003"},{"taxonomy":"post_tag","embeddable":true,"href":"https:\/\/www.immobilienbusiness.ch\/fr\/wp-json\/wp\/v2\/tags?post=61003"}],"curies":[{"name":"wp","href":"https:\/\/api.w.org\/{rel}","templated":true}]}}