{"id":5982,"date":"2017-01-25T08:17:10","date_gmt":"2017-01-25T07:17:10","guid":{"rendered":"https:\/\/immobilienbusiness.ch\/?p=5982"},"modified":"2017-01-25T08:17:10","modified_gmt":"2017-01-25T07:17:10","slug":"sensile-medical-wird-ankermieter-des-usego-areals","status":"publish","type":"post","link":"https:\/\/www.immobilienbusiness.ch\/fr\/buero\/2017-01-25\/sensile-medical-wird-ankermieter-des-usego-areals\/","title":{"rendered":"Olten : SPS trouve un locataire principal pour le site USEGO"},"content":{"rendered":"<figure id=\"attachment_5984\" aria-describedby=\"caption-attachment-5984\" style=\"width: 680px\" class=\"wp-caption alignnone\"><img loading=\"lazy\" decoding=\"async\" class=\"size-medium wp-image-5984\" src=\"https:\/\/immobilienbusiness.ch\/wp-content\/uploads\/2017\/01\/4715ad1e0c.jpg\" alt=\"\" width=\"680\" height=\"435\" srcset=\"https:\/\/www.immobilienbusiness.ch\/wp-content\/uploads\/2017\/01\/4715ad1e0c.jpg 900w, https:\/\/www.immobilienbusiness.ch\/wp-content\/uploads\/2017\/01\/4715ad1e0c-300x192.jpg 300w, https:\/\/www.immobilienbusiness.ch\/wp-content\/uploads\/2017\/01\/4715ad1e0c-768x492.jpg 768w, https:\/\/www.immobilienbusiness.ch\/wp-content\/uploads\/2017\/01\/4715ad1e0c-16x10.jpg 16w, https:\/\/www.immobilienbusiness.ch\/wp-content\/uploads\/2017\/01\/4715ad1e0c-273x175.jpg 273w, https:\/\/www.immobilienbusiness.ch\/wp-content\/uploads\/2017\/01\/4715ad1e0c-547x350.jpg 547w\" sizes=\"auto, (max-width: 680px) 100vw, 680px\" \/><figcaption id=\"caption-attachment-5984\" class=\"wp-caption-text\">Le b\u00e2timent USEGO \u00e0 Olten (photo : usegoareal.ch)<\/figcaption><\/figure>\n<p>Comme l'annonce Swiss Prime Site en tant que propri\u00e9taire du site USEGO, un contrat de location \u00e0 long terme a \u00e9t\u00e9 conclu fin 2016 avec Sensile Medical. Cette entreprise d\u00e9veloppe et produit des micropompes qui permettent un dosage et une administration particuli\u00e8rement pr\u00e9cis des m\u00e9dicaments liquides.<\/p>\n<p>\"En raison des nombreux projets de d\u00e9veloppement, nous nous trouvons dans une phase de d\u00e9veloppement rapide et avons besoin de plus d'espace pour tous les services. Avec le site historique, nous avons trouv\u00e9 les locaux parfaits\", d\u00e9clare Derek Brandt, CEO de Sensile Medical. L'entreprise loue au total 3.200 m\u00b2 de bureaux et de laboratoires dans l'ancien si\u00e8ge social du grossiste USEGO.<\/p>\n<p>Le b\u00e2timent USEGO, aujourd'hui caract\u00e9ristique de la ville et appel\u00e9 \"Gewerbeschloss\" dans le langage populaire, a \u00e9t\u00e9 construit en 1923 par l'architecte Fritz von Niederh\u00e4usern et a servi de si\u00e8ge social et de centre logistique \u00e0 l'entreprise commerciale pendant plusieurs d\u00e9cennies. Sa situation centrale permettait d'approvisionner efficacement en marchandises jusqu'\u00e0 4000 magasins dans toute la Suisse. Outre l'administration et l'entrep\u00f4t, il abritait \u00e9galement un atelier de torr\u00e9faction du caf\u00e9 et diff\u00e9rents moulins \u00e0 \u00e9pices.<\/p>\n<p>Swiss Prime Site a acquis le site fin 2009 et l'a revitalis\u00e9 \u00e0 grands frais. Il couvre une surface de terrain d'environ 18 200 m2 et offre, selon les indications de Swiss Prime Site, encore un grand potentiel pour une densification et diff\u00e9rentes utilisations. Comme le dit Peter Lehmann, CIO de Swiss Prime Site, on avance \"\u00e0 grands pas vers une location compl\u00e8te prochainement\".<\/p>","protected":false},"excerpt":{"rendered":"<p>L'entreprise de technique m\u00e9dicale Sensile Medical occupera en milieu d'ann\u00e9e quelque 3200 m2 sur le site USEGO \u00e0 Olten. La Swiss Prime Site AG (SPS) a ainsi pu gagner un locataire d'ancrage pour le site revitalis\u00e9.<\/p>","protected":false},"author":3,"featured_media":5984,"comment_status":"open","ping_status":"open","sticky":false,"template":"","format":"standard","meta":{"_acf_changed":false,"_yoast_wpseo_focuskw":"USEGO","_yoast_wpseo_title":"","_yoast_wpseo_metadesc":"Das Medizintechnik-Unternehmen Sensile Medical wird Mitte des Jahres rund 3.200 qm auf dem USEGO-Areal in Olten beziehen.","_yoast_wpseo_linkdex":85,"pgc_sgb_lightbox_settings":"","footnotes":""},"categories":[983,985],"tags":[1118,1205,1601,1629,1832],"class_list":["post-5982","post","type-post","status-publish","format-standard","has-post-thumbnail","hentry","category-buero","category-regionen","tag-buero","tag-espace-mittelland","tag-projektentwicklung","tag-regionen","tag-vermietung"],"acf":[],"yoast_head":"<!-- This site is optimized with the Yoast SEO plugin v27.4 - https:\/\/yoast.com\/product\/yoast-seo-wordpress\/ -->\n<title>Olten: SPS findet Ankermieter f\u00fcr USEGO-Areal - IMMOBILIEN Business<\/title>\n<meta name=\"description\" content=\"Das Medizintechnik-Unternehmen Sensile Medical wird Mitte des Jahres rund 3.200 qm auf dem USEGO-Areal in Olten beziehen.\" \/>\n<meta name=\"robots\" content=\"index, follow, max-snippet:-1, max-image-preview:large, max-video-preview:-1\" \/>\n<link rel=\"canonical\" href=\"https:\/\/www.immobilienbusiness.ch\/fr\/buero\/2017-01-25\/sensile-medical-wird-ankermieter-des-usego-areals\/\" \/>\n<meta property=\"og:locale\" content=\"fr_FR\" \/>\n<meta property=\"og:type\" content=\"article\" \/>\n<meta property=\"og:title\" content=\"Olten: SPS findet Ankermieter f\u00fcr USEGO-Areal\" \/>\n<meta property=\"og:description\" content=\"Das Medizintechnik-Unternehmen Sensile Medical wird Mitte des Jahres rund 3.200 qm auf dem USEGO-Areal in Olten beziehen.\" \/>\n<meta property=\"og:url\" content=\"https:\/\/www.immobilienbusiness.ch\/fr\/buero\/2017-01-25\/sensile-medical-wird-ankermieter-des-usego-areals\/\" \/>\n<meta property=\"og:site_name\" content=\"IMMOBILIEN Business\" \/>\n<meta property=\"article:publisher\" content=\"https:\/\/www.facebook.com\/immobilienbusiness\/\" \/>\n<meta property=\"article:published_time\" content=\"2017-01-25T07:17:10+00:00\" \/>\n<meta name=\"author\" content=\"anja.hall\" \/>\n<meta name=\"twitter:card\" content=\"summary_large_image\" \/>\n<meta name=\"twitter:title\" content=\"Olten: SPS findet Ankermieter f\u00fcr USEGO-Areal\" \/>\n<meta name=\"twitter:description\" content=\"Das Medizintechnik-Unternehmen Sensile Medical wird Mitte des Jahres rund 3.200 qm auf dem USEGO-Areal in Olten beziehen.\" \/>\n<meta name=\"twitter:image\" content=\"https:\/\/immobilienbusiness.ch\/wp-content\/uploads\/2017\/01\/4715ad1e0c.jpg\" \/>\n<script type=\"application\/ld+json\" class=\"yoast-schema-graph\">{\"@context\":\"https:\\\/\\\/schema.org\",\"@graph\":[{\"@type\":\"Article\",\"@id\":\"https:\\\/\\\/www.immobilienbusiness.ch\\\/buero\\\/2017-01-25\\\/sensile-medical-wird-ankermieter-des-usego-areals\\\/#article\",\"isPartOf\":{\"@id\":\"https:\\\/\\\/www.immobilienbusiness.ch\\\/buero\\\/2017-01-25\\\/sensile-medical-wird-ankermieter-des-usego-areals\\\/\"},\"author\":{\"name\":\"anja.hall\",\"@id\":\"https:\\\/\\\/www.immobilienbusiness.ch\\\/#\\\/schema\\\/person\\\/3fc036297b10b9f42d6db5ee932af8c8\"},\"headline\":\"Olten: SPS findet Ankermieter f\u00fcr USEGO-Areal\",\"datePublished\":\"2017-01-25T07:17:10+00:00\",\"mainEntityOfPage\":{\"@id\":\"https:\\\/\\\/www.immobilienbusiness.ch\\\/buero\\\/2017-01-25\\\/sensile-medical-wird-ankermieter-des-usego-areals\\\/\"},\"wordCount\":242,\"commentCount\":0,\"publisher\":{\"@id\":\"https:\\\/\\\/www.immobilienbusiness.ch\\\/#organization\"},\"image\":{\"@id\":\"https:\\\/\\\/www.immobilienbusiness.ch\\\/buero\\\/2017-01-25\\\/sensile-medical-wird-ankermieter-des-usego-areals\\\/#primaryimage\"},\"thumbnailUrl\":\"https:\\\/\\\/www.immobilienbusiness.ch\\\/wp-content\\\/uploads\\\/2017\\\/01\\\/4715ad1e0c.jpg\",\"keywords\":[\"B\u00fcro\",\"Espace Mittelland\",\"Projektentwicklung\",\"Regionen\",\"Vermietung\"],\"articleSection\":[\"B\u00dcRO\",\"REGIONEN\"],\"inLanguage\":\"fr-FR\"},{\"@type\":\"WebPage\",\"@id\":\"https:\\\/\\\/www.immobilienbusiness.ch\\\/buero\\\/2017-01-25\\\/sensile-medical-wird-ankermieter-des-usego-areals\\\/\",\"url\":\"https:\\\/\\\/www.immobilienbusiness.ch\\\/buero\\\/2017-01-25\\\/sensile-medical-wird-ankermieter-des-usego-areals\\\/\",\"name\":\"Olten: SPS findet Ankermieter f\u00fcr USEGO-Areal - IMMOBILIEN Business\",\"isPartOf\":{\"@id\":\"https:\\\/\\\/www.immobilienbusiness.ch\\\/#website\"},\"primaryImageOfPage\":{\"@id\":\"https:\\\/\\\/www.immobilienbusiness.ch\\\/buero\\\/2017-01-25\\\/sensile-medical-wird-ankermieter-des-usego-areals\\\/#primaryimage\"},\"image\":{\"@id\":\"https:\\\/\\\/www.immobilienbusiness.ch\\\/buero\\\/2017-01-25\\\/sensile-medical-wird-ankermieter-des-usego-areals\\\/#primaryimage\"},\"thumbnailUrl\":\"https:\\\/\\\/www.immobilienbusiness.ch\\\/wp-content\\\/uploads\\\/2017\\\/01\\\/4715ad1e0c.jpg\",\"datePublished\":\"2017-01-25T07:17:10+00:00\",\"description\":\"Das Medizintechnik-Unternehmen Sensile Medical wird Mitte des Jahres rund 3.200 qm auf dem USEGO-Areal in Olten beziehen.\",\"breadcrumb\":{\"@id\":\"https:\\\/\\\/www.immobilienbusiness.ch\\\/buero\\\/2017-01-25\\\/sensile-medical-wird-ankermieter-des-usego-areals\\\/#breadcrumb\"},\"inLanguage\":\"fr-FR\",\"potentialAction\":[{\"@type\":\"ReadAction\",\"target\":[\"https:\\\/\\\/www.immobilienbusiness.ch\\\/buero\\\/2017-01-25\\\/sensile-medical-wird-ankermieter-des-usego-areals\\\/\"]}]},{\"@type\":\"ImageObject\",\"inLanguage\":\"fr-FR\",\"@id\":\"https:\\\/\\\/www.immobilienbusiness.ch\\\/buero\\\/2017-01-25\\\/sensile-medical-wird-ankermieter-des-usego-areals\\\/#primaryimage\",\"url\":\"https:\\\/\\\/www.immobilienbusiness.ch\\\/wp-content\\\/uploads\\\/2017\\\/01\\\/4715ad1e0c.jpg\",\"contentUrl\":\"https:\\\/\\\/www.immobilienbusiness.ch\\\/wp-content\\\/uploads\\\/2017\\\/01\\\/4715ad1e0c.jpg\",\"width\":900,\"height\":576,\"caption\":\"Das USEGO-Geb\u00e4ude in Olten (Foto: usegoareal.ch)\"},{\"@type\":\"BreadcrumbList\",\"@id\":\"https:\\\/\\\/www.immobilienbusiness.ch\\\/buero\\\/2017-01-25\\\/sensile-medical-wird-ankermieter-des-usego-areals\\\/#breadcrumb\",\"itemListElement\":[{\"@type\":\"ListItem\",\"position\":1,\"name\":\"Home\",\"item\":\"https:\\\/\\\/www.immobilienbusiness.ch\\\/\"},{\"@type\":\"ListItem\",\"position\":2,\"name\":\"Olten: SPS findet Ankermieter f\u00fcr USEGO-Areal\"}]},{\"@type\":\"WebSite\",\"@id\":\"https:\\\/\\\/www.immobilienbusiness.ch\\\/#website\",\"url\":\"https:\\\/\\\/www.immobilienbusiness.ch\\\/\",\"name\":\"IMMOBILIEN Business\",\"description\":\"Unabh\u00e4ngiges Schweizer Wirtschaftsmagazin mit Fokus auf Immobilien, Architektur- und Bau sowie Investment- und Finanzierung.\",\"publisher\":{\"@id\":\"https:\\\/\\\/www.immobilienbusiness.ch\\\/#organization\"},\"potentialAction\":[{\"@type\":\"SearchAction\",\"target\":{\"@type\":\"EntryPoint\",\"urlTemplate\":\"https:\\\/\\\/www.immobilienbusiness.ch\\\/?s={search_term_string}\"},\"query-input\":{\"@type\":\"PropertyValueSpecification\",\"valueRequired\":true,\"valueName\":\"search_term_string\"}}],\"inLanguage\":\"fr-FR\"},{\"@type\":\"Organization\",\"@id\":\"https:\\\/\\\/www.immobilienbusiness.ch\\\/#organization\",\"name\":\"IMMOBILIEN Business\",\"url\":\"https:\\\/\\\/www.immobilienbusiness.ch\\\/\",\"logo\":{\"@type\":\"ImageObject\",\"inLanguage\":\"fr-FR\",\"@id\":\"https:\\\/\\\/www.immobilienbusiness.ch\\\/#\\\/schema\\\/logo\\\/image\\\/\",\"url\":\"https:\\\/\\\/www.immobilienbusiness.ch\\\/wp-content\\\/uploads\\\/2021\\\/07\\\/logo_ib.png\",\"contentUrl\":\"https:\\\/\\\/www.immobilienbusiness.ch\\\/wp-content\\\/uploads\\\/2021\\\/07\\\/logo_ib.png\",\"width\":800,\"height\":181,\"caption\":\"IMMOBILIEN Business\"},\"image\":{\"@id\":\"https:\\\/\\\/www.immobilienbusiness.ch\\\/#\\\/schema\\\/logo\\\/image\\\/\"},\"sameAs\":[\"https:\\\/\\\/www.facebook.com\\\/immobilienbusiness\\\/\"]},{\"@type\":\"Person\",\"@id\":\"https:\\\/\\\/www.immobilienbusiness.ch\\\/#\\\/schema\\\/person\\\/3fc036297b10b9f42d6db5ee932af8c8\",\"name\":\"anja.hall\",\"image\":{\"@type\":\"ImageObject\",\"inLanguage\":\"fr-FR\",\"@id\":\"https:\\\/\\\/secure.gravatar.com\\\/avatar\\\/066b5a0d447013502c71a5782f4f3469f03cfe595cc2329fb94652fe47511bfb?s=96&d=mm&r=g\",\"url\":\"https:\\\/\\\/secure.gravatar.com\\\/avatar\\\/066b5a0d447013502c71a5782f4f3469f03cfe595cc2329fb94652fe47511bfb?s=96&d=mm&r=g\",\"contentUrl\":\"https:\\\/\\\/secure.gravatar.com\\\/avatar\\\/066b5a0d447013502c71a5782f4f3469f03cfe595cc2329fb94652fe47511bfb?s=96&d=mm&r=g\",\"caption\":\"anja.hall\"},\"url\":\"https:\\\/\\\/www.immobilienbusiness.ch\\\/fr\\\/author\\\/anja-hall\\\/\"}]}<\/script>\n<!-- \/ Yoast SEO plugin. -->","yoast_head_json":{"title":"Olten, en Suisse : SPS trouve un locataire d'ancrage pour le site USEGO - IMMOBILIER Business","description":"L'entreprise de technique m\u00e9dicale Sensile Medical occupera en milieu d'ann\u00e9e quelque 3200 m\u00b2 sur le site USEGO \u00e0 Olten.","robots":{"index":"index","follow":"follow","max-snippet":"max-snippet:-1","max-image-preview":"max-image-preview:large","max-video-preview":"max-video-preview:-1"},"canonical":"https:\/\/www.immobilienbusiness.ch\/fr\/buero\/2017-01-25\/sensile-medical-wird-ankermieter-des-usego-areals\/","og_locale":"fr_FR","og_type":"article","og_title":"Olten: SPS findet Ankermieter f\u00fcr USEGO-Areal","og_description":"Das Medizintechnik-Unternehmen Sensile Medical wird Mitte des Jahres rund 3.200 qm auf dem USEGO-Areal in Olten beziehen.","og_url":"https:\/\/www.immobilienbusiness.ch\/fr\/buero\/2017-01-25\/sensile-medical-wird-ankermieter-des-usego-areals\/","og_site_name":"IMMOBILIEN Business","article_publisher":"https:\/\/www.facebook.com\/immobilienbusiness\/","article_published_time":"2017-01-25T07:17:10+00:00","author":"anja.hall","twitter_card":"summary_large_image","twitter_title":"Olten: SPS findet Ankermieter f\u00fcr USEGO-Areal","twitter_description":"Das Medizintechnik-Unternehmen Sensile Medical wird Mitte des Jahres rund 3.200 qm auf dem USEGO-Areal in Olten beziehen.","twitter_image":"https:\/\/immobilienbusiness.ch\/wp-content\/uploads\/2017\/01\/4715ad1e0c.jpg","schema":{"@context":"https:\/\/schema.org","@graph":[{"@type":"Article","@id":"https:\/\/www.immobilienbusiness.ch\/buero\/2017-01-25\/sensile-medical-wird-ankermieter-des-usego-areals\/#article","isPartOf":{"@id":"https:\/\/www.immobilienbusiness.ch\/buero\/2017-01-25\/sensile-medical-wird-ankermieter-des-usego-areals\/"},"author":{"name":"anja.hall","@id":"https:\/\/www.immobilienbusiness.ch\/#\/schema\/person\/3fc036297b10b9f42d6db5ee932af8c8"},"headline":"Olten: SPS findet Ankermieter f\u00fcr USEGO-Areal","datePublished":"2017-01-25T07:17:10+00:00","mainEntityOfPage":{"@id":"https:\/\/www.immobilienbusiness.ch\/buero\/2017-01-25\/sensile-medical-wird-ankermieter-des-usego-areals\/"},"wordCount":242,"commentCount":0,"publisher":{"@id":"https:\/\/www.immobilienbusiness.ch\/#organization"},"image":{"@id":"https:\/\/www.immobilienbusiness.ch\/buero\/2017-01-25\/sensile-medical-wird-ankermieter-des-usego-areals\/#primaryimage"},"thumbnailUrl":"https:\/\/www.immobilienbusiness.ch\/wp-content\/uploads\/2017\/01\/4715ad1e0c.jpg","keywords":["B\u00fcro","Espace Mittelland","Projektentwicklung","Regionen","Vermietung"],"articleSection":["B\u00dcRO","REGIONEN"],"inLanguage":"fr-FR"},{"@type":"WebPage","@id":"https:\/\/www.immobilienbusiness.ch\/buero\/2017-01-25\/sensile-medical-wird-ankermieter-des-usego-areals\/","url":"https:\/\/www.immobilienbusiness.ch\/buero\/2017-01-25\/sensile-medical-wird-ankermieter-des-usego-areals\/","name":"Olten, en Suisse : SPS trouve un locataire d'ancrage pour le site USEGO - IMMOBILIER Business","isPartOf":{"@id":"https:\/\/www.immobilienbusiness.ch\/#website"},"primaryImageOfPage":{"@id":"https:\/\/www.immobilienbusiness.ch\/buero\/2017-01-25\/sensile-medical-wird-ankermieter-des-usego-areals\/#primaryimage"},"image":{"@id":"https:\/\/www.immobilienbusiness.ch\/buero\/2017-01-25\/sensile-medical-wird-ankermieter-des-usego-areals\/#primaryimage"},"thumbnailUrl":"https:\/\/www.immobilienbusiness.ch\/wp-content\/uploads\/2017\/01\/4715ad1e0c.jpg","datePublished":"2017-01-25T07:17:10+00:00","description":"L'entreprise de technique m\u00e9dicale Sensile Medical occupera en milieu d'ann\u00e9e quelque 3200 m\u00b2 sur le site USEGO \u00e0 Olten.","breadcrumb":{"@id":"https:\/\/www.immobilienbusiness.ch\/buero\/2017-01-25\/sensile-medical-wird-ankermieter-des-usego-areals\/#breadcrumb"},"inLanguage":"fr-FR","potentialAction":[{"@type":"ReadAction","target":["https:\/\/www.immobilienbusiness.ch\/buero\/2017-01-25\/sensile-medical-wird-ankermieter-des-usego-areals\/"]}]},{"@type":"ImageObject","inLanguage":"fr-FR","@id":"https:\/\/www.immobilienbusiness.ch\/buero\/2017-01-25\/sensile-medical-wird-ankermieter-des-usego-areals\/#primaryimage","url":"https:\/\/www.immobilienbusiness.ch\/wp-content\/uploads\/2017\/01\/4715ad1e0c.jpg","contentUrl":"https:\/\/www.immobilienbusiness.ch\/wp-content\/uploads\/2017\/01\/4715ad1e0c.jpg","width":900,"height":576,"caption":"Das USEGO-Geb\u00e4ude in Olten (Foto: usegoareal.ch)"},{"@type":"BreadcrumbList","@id":"https:\/\/www.immobilienbusiness.ch\/buero\/2017-01-25\/sensile-medical-wird-ankermieter-des-usego-areals\/#breadcrumb","itemListElement":[{"@type":"ListItem","position":1,"name":"Home","item":"https:\/\/www.immobilienbusiness.ch\/"},{"@type":"ListItem","position":2,"name":"Olten: SPS findet Ankermieter f\u00fcr USEGO-Areal"}]},{"@type":"WebSite","@id":"https:\/\/www.immobilienbusiness.ch\/#website","url":"https:\/\/www.immobilienbusiness.ch\/","name":"IMMOBILIER Business","description":"Magazine \u00e9conomique suisse ind\u00e9pendant ax\u00e9 sur l'immobilier, l'architecture et la construction ainsi que sur les investissements et le financement.","publisher":{"@id":"https:\/\/www.immobilienbusiness.ch\/#organization"},"potentialAction":[{"@type":"SearchAction","target":{"@type":"EntryPoint","urlTemplate":"https:\/\/www.immobilienbusiness.ch\/?s={search_term_string}"},"query-input":{"@type":"PropertyValueSpecification","valueRequired":true,"valueName":"search_term_string"}}],"inLanguage":"fr-FR"},{"@type":"Organization","@id":"https:\/\/www.immobilienbusiness.ch\/#organization","name":"IMMOBILIER Business","url":"https:\/\/www.immobilienbusiness.ch\/","logo":{"@type":"ImageObject","inLanguage":"fr-FR","@id":"https:\/\/www.immobilienbusiness.ch\/#\/schema\/logo\/image\/","url":"https:\/\/www.immobilienbusiness.ch\/wp-content\/uploads\/2021\/07\/logo_ib.png","contentUrl":"https:\/\/www.immobilienbusiness.ch\/wp-content\/uploads\/2021\/07\/logo_ib.png","width":800,"height":181,"caption":"IMMOBILIEN Business"},"image":{"@id":"https:\/\/www.immobilienbusiness.ch\/#\/schema\/logo\/image\/"},"sameAs":["https:\/\/www.facebook.com\/immobilienbusiness\/"]},{"@type":"Person","@id":"https:\/\/www.immobilienbusiness.ch\/#\/schema\/person\/3fc036297b10b9f42d6db5ee932af8c8","name":"anja.hall","image":{"@type":"ImageObject","inLanguage":"fr-FR","@id":"https:\/\/secure.gravatar.com\/avatar\/066b5a0d447013502c71a5782f4f3469f03cfe595cc2329fb94652fe47511bfb?s=96&d=mm&r=g","url":"https:\/\/secure.gravatar.com\/avatar\/066b5a0d447013502c71a5782f4f3469f03cfe595cc2329fb94652fe47511bfb?s=96&d=mm&r=g","contentUrl":"https:\/\/secure.gravatar.com\/avatar\/066b5a0d447013502c71a5782f4f3469f03cfe595cc2329fb94652fe47511bfb?s=96&d=mm&r=g","caption":"anja.hall"},"url":"https:\/\/www.immobilienbusiness.ch\/fr\/author\/anja-hall\/"}]}},"_links":{"self":[{"href":"https:\/\/www.immobilienbusiness.ch\/fr\/wp-json\/wp\/v2\/posts\/5982","targetHints":{"allow":["GET"]}}],"collection":[{"href":"https:\/\/www.immobilienbusiness.ch\/fr\/wp-json\/wp\/v2\/posts"}],"about":[{"href":"https:\/\/www.immobilienbusiness.ch\/fr\/wp-json\/wp\/v2\/types\/post"}],"author":[{"embeddable":true,"href":"https:\/\/www.immobilienbusiness.ch\/fr\/wp-json\/wp\/v2\/users\/3"}],"replies":[{"embeddable":true,"href":"https:\/\/www.immobilienbusiness.ch\/fr\/wp-json\/wp\/v2\/comments?post=5982"}],"version-history":[{"count":0,"href":"https:\/\/www.immobilienbusiness.ch\/fr\/wp-json\/wp\/v2\/posts\/5982\/revisions"}],"wp:featuredmedia":[{"embeddable":true,"href":"https:\/\/www.immobilienbusiness.ch\/fr\/wp-json\/wp\/v2\/media\/5984"}],"wp:attachment":[{"href":"https:\/\/www.immobilienbusiness.ch\/fr\/wp-json\/wp\/v2\/media?parent=5982"}],"wp:term":[{"taxonomy":"category","embeddable":true,"href":"https:\/\/www.immobilienbusiness.ch\/fr\/wp-json\/wp\/v2\/categories?post=5982"},{"taxonomy":"post_tag","embeddable":true,"href":"https:\/\/www.immobilienbusiness.ch\/fr\/wp-json\/wp\/v2\/tags?post=5982"}],"curies":[{"name":"wp","href":"https:\/\/api.w.org\/{rel}","templated":true}]}}