{"id":59484,"date":"2024-08-29T07:36:32","date_gmt":"2024-08-29T05:36:32","guid":{"rendered":"https:\/\/www.immobilienbusiness.ch\/?p=59484"},"modified":"2024-08-29T07:36:32","modified_gmt":"2024-08-29T05:36:32","slug":"livit-neuer-leiter-bewirtschaftung-kommt-von-equans","status":"publish","type":"post","link":"https:\/\/www.immobilienbusiness.ch\/fr\/personalia\/2024-08-29\/livit-neuer-leiter-bewirtschaftung-kommt-von-equans\/","title":{"rendered":"Livit : Le nouveau responsable de la gestion vient d'Equans"},"content":{"rendered":"<figure id=\"attachment_59485\" aria-describedby=\"caption-attachment-59485\" style=\"width: 1181px\" class=\"wp-caption alignnone\"><a href=\"https:\/\/www.immobilienbusiness.ch\/wp-content\/uploads\/2024\/08\/david-riviere.jpg\"><img loading=\"lazy\" decoding=\"async\" class=\"size-full wp-image-59485\" src=\"https:\/\/www.immobilienbusiness.ch\/wp-content\/uploads\/2024\/08\/david-riviere.jpg\" alt=\"\" width=\"1181\" height=\"944\" srcset=\"https:\/\/www.immobilienbusiness.ch\/wp-content\/uploads\/2024\/08\/david-riviere.jpg 1181w, https:\/\/www.immobilienbusiness.ch\/wp-content\/uploads\/2024\/08\/david-riviere-300x240.jpg 300w, https:\/\/www.immobilienbusiness.ch\/wp-content\/uploads\/2024\/08\/david-riviere-1024x819.jpg 1024w, https:\/\/www.immobilienbusiness.ch\/wp-content\/uploads\/2024\/08\/david-riviere-768x614.jpg 768w, https:\/\/www.immobilienbusiness.ch\/wp-content\/uploads\/2024\/08\/david-riviere-15x12.jpg 15w, https:\/\/www.immobilienbusiness.ch\/wp-content\/uploads\/2024\/08\/david-riviere-375x300.jpg 375w, https:\/\/www.immobilienbusiness.ch\/wp-content\/uploads\/2024\/08\/david-riviere-438x350.jpg 438w, https:\/\/www.immobilienbusiness.ch\/wp-content\/uploads\/2024\/08\/david-riviere-1000x800.jpg 1000w\" sizes=\"auto, (max-width: 1181px) 100vw, 1181px\" \/><\/a><figcaption id=\"caption-attachment-59485\" class=\"wp-caption-text\">David Rivi\u00e8re (Image : Livit)<\/figcaption><\/figure>\n<p>David Rivi\u00e8re (45 ans), actuellement responsable des projets strat\u00e9giques et du Corporate Real Estate chez Equans, sera le nouveau responsable de la gestion chez Livit \u00e0 partir du 1er octobre. Rivi\u00e8re dispose d'une formation d'ing\u00e9nieur en \u00e9lectricit\u00e9 et en \u00e9conomie HES ainsi que d'un Executive MBA. Il rejoint Livit en provenance d'Equans (anciennement Bouygues E&amp;S), o\u00f9 il s'est familiaris\u00e9 avec les activit\u00e9s de service, le facility management et la gestion dans le cadre de sa fonction de responsable des projets strat\u00e9giques et du Corporate Real Estate. Auparavant, il a travaill\u00e9 chez Sunrise, o\u00f9 il \u00e9tait responsable de la num\u00e9risation des processus, des proc\u00e9dures et des interfaces avec les clients.<\/p>\n<p>\"Je suis extr\u00eamement heureuse que David Rivi\u00e8re vienne compl\u00e9ter notre \u00e9quipe de direction et que nous ayons trouv\u00e9 en lui, pour cette fonction cl\u00e9, une personne qui conna\u00eet bien le secteur immobilier et qui a de l'exp\u00e9rience dans le domaine de la num\u00e9risation\", d\u00e9clare Beatrice Lifart, CEO de Livit. <em>(aw)<\/em><\/p>","protected":false},"excerpt":{"rendered":"<p>David Rivi\u00e8re dirige actuellement l'activit\u00e9 Corporates chez Equans (anciennement Bouygues E&amp;S).<\/p>","protected":false},"author":102,"featured_media":59485,"comment_status":"closed","ping_status":"closed","sticky":false,"template":"","format":"standard","meta":{"_acf_changed":false,"_yoast_wpseo_focuskw":"Livit","_yoast_wpseo_title":"","_yoast_wpseo_metadesc":"David Rivi\u00e8re leitet bei Equans (fr\u00fcher Bouygues E&S) derzeit das Gesch\u00e4ft mit Corporates.","_yoast_wpseo_linkdex":41,"pgc_sgb_lightbox_settings":"","footnotes":""},"categories":[1912],"tags":[3677,1216,1448,1563],"class_list":["post-59484","post","type-post","status-publish","format-standard","has-post-thumbnail","hentry","category-personalia","tag-equans","tag-facility-management","tag-livit","tag-personalia"],"acf":[],"yoast_head":"<!-- This site is optimized with the Yoast SEO plugin v27.4 - https:\/\/yoast.com\/product\/yoast-seo-wordpress\/ -->\n<title>Livit: Neuer Leiter Bewirtschaftung kommt von Equans - IMMOBILIEN Business<\/title>\n<meta name=\"description\" content=\"David Rivi\u00e8re leitet bei Equans (fr\u00fcher Bouygues E&amp;S) derzeit das Gesch\u00e4ft mit Corporates.\" \/>\n<meta name=\"robots\" content=\"index, follow, max-snippet:-1, max-image-preview:large, max-video-preview:-1\" \/>\n<link rel=\"canonical\" href=\"https:\/\/www.immobilienbusiness.ch\/fr\/personalia\/2024-08-29\/livit-neuer-leiter-bewirtschaftung-kommt-von-equans\/\" \/>\n<meta property=\"og:locale\" content=\"fr_FR\" \/>\n<meta property=\"og:type\" content=\"article\" \/>\n<meta property=\"og:title\" content=\"Livit: Neuer Leiter Bewirtschaftung kommt von Equans - IMMOBILIEN Business\" \/>\n<meta property=\"og:description\" content=\"David Rivi\u00e8re leitet bei Equans (fr\u00fcher Bouygues E&amp;S) derzeit das Gesch\u00e4ft mit Corporates.\" \/>\n<meta property=\"og:url\" content=\"https:\/\/www.immobilienbusiness.ch\/fr\/personalia\/2024-08-29\/livit-neuer-leiter-bewirtschaftung-kommt-von-equans\/\" \/>\n<meta property=\"og:site_name\" content=\"IMMOBILIEN Business\" \/>\n<meta property=\"article:publisher\" content=\"https:\/\/www.facebook.com\/immobilienbusiness\/\" \/>\n<meta property=\"article:published_time\" content=\"2024-08-29T05:36:32+00:00\" \/>\n<meta property=\"og:image\" content=\"https:\/\/www.immobilienbusiness.ch\/wp-content\/uploads\/2024\/08\/david-riviere.jpg\" \/>\n\t<meta property=\"og:image:width\" content=\"1181\" \/>\n\t<meta property=\"og:image:height\" content=\"944\" \/>\n\t<meta property=\"og:image:type\" content=\"image\/jpeg\" \/>\n<meta name=\"author\" content=\"Alexander Wachter\" \/>\n<meta name=\"twitter:card\" content=\"summary_large_image\" \/>\n<script type=\"application\/ld+json\" class=\"yoast-schema-graph\">{\"@context\":\"https:\\\/\\\/schema.org\",\"@graph\":[{\"@type\":\"Article\",\"@id\":\"https:\\\/\\\/www.immobilienbusiness.ch\\\/de\\\/personalia\\\/2024-08-29\\\/livit-neuer-leiter-bewirtschaftung-kommt-von-equans\\\/#article\",\"isPartOf\":{\"@id\":\"https:\\\/\\\/www.immobilienbusiness.ch\\\/de\\\/personalia\\\/2024-08-29\\\/livit-neuer-leiter-bewirtschaftung-kommt-von-equans\\\/\"},\"author\":{\"name\":\"Alexander Wachter\",\"@id\":\"https:\\\/\\\/www.immobilienbusiness.ch\\\/#\\\/schema\\\/person\\\/aba8bea2db926aa0c24c08c43fe1fcd5\"},\"headline\":\"Livit: Neuer Leiter Bewirtschaftung kommt von Equans\",\"datePublished\":\"2024-08-29T05:36:32+00:00\",\"mainEntityOfPage\":{\"@id\":\"https:\\\/\\\/www.immobilienbusiness.ch\\\/de\\\/personalia\\\/2024-08-29\\\/livit-neuer-leiter-bewirtschaftung-kommt-von-equans\\\/\"},\"wordCount\":162,\"publisher\":{\"@id\":\"https:\\\/\\\/www.immobilienbusiness.ch\\\/#organization\"},\"image\":{\"@id\":\"https:\\\/\\\/www.immobilienbusiness.ch\\\/de\\\/personalia\\\/2024-08-29\\\/livit-neuer-leiter-bewirtschaftung-kommt-von-equans\\\/#primaryimage\"},\"thumbnailUrl\":\"https:\\\/\\\/www.immobilienbusiness.ch\\\/wp-content\\\/uploads\\\/2024\\\/08\\\/david-riviere.jpg\",\"keywords\":[\"Equans\",\"Facility Management\",\"Livit\",\"Personalia\"],\"articleSection\":[\"PERSONALIA\"],\"inLanguage\":\"fr-FR\"},{\"@type\":\"WebPage\",\"@id\":\"https:\\\/\\\/www.immobilienbusiness.ch\\\/de\\\/personalia\\\/2024-08-29\\\/livit-neuer-leiter-bewirtschaftung-kommt-von-equans\\\/\",\"url\":\"https:\\\/\\\/www.immobilienbusiness.ch\\\/de\\\/personalia\\\/2024-08-29\\\/livit-neuer-leiter-bewirtschaftung-kommt-von-equans\\\/\",\"name\":\"Livit: Neuer Leiter Bewirtschaftung kommt von Equans - IMMOBILIEN Business\",\"isPartOf\":{\"@id\":\"https:\\\/\\\/www.immobilienbusiness.ch\\\/#website\"},\"primaryImageOfPage\":{\"@id\":\"https:\\\/\\\/www.immobilienbusiness.ch\\\/de\\\/personalia\\\/2024-08-29\\\/livit-neuer-leiter-bewirtschaftung-kommt-von-equans\\\/#primaryimage\"},\"image\":{\"@id\":\"https:\\\/\\\/www.immobilienbusiness.ch\\\/de\\\/personalia\\\/2024-08-29\\\/livit-neuer-leiter-bewirtschaftung-kommt-von-equans\\\/#primaryimage\"},\"thumbnailUrl\":\"https:\\\/\\\/www.immobilienbusiness.ch\\\/wp-content\\\/uploads\\\/2024\\\/08\\\/david-riviere.jpg\",\"datePublished\":\"2024-08-29T05:36:32+00:00\",\"description\":\"David Rivi\u00e8re leitet bei Equans (fr\u00fcher Bouygues E&S) derzeit das Gesch\u00e4ft mit Corporates.\",\"breadcrumb\":{\"@id\":\"https:\\\/\\\/www.immobilienbusiness.ch\\\/de\\\/personalia\\\/2024-08-29\\\/livit-neuer-leiter-bewirtschaftung-kommt-von-equans\\\/#breadcrumb\"},\"inLanguage\":\"fr-FR\",\"potentialAction\":[{\"@type\":\"ReadAction\",\"target\":[\"https:\\\/\\\/www.immobilienbusiness.ch\\\/de\\\/personalia\\\/2024-08-29\\\/livit-neuer-leiter-bewirtschaftung-kommt-von-equans\\\/\"]}]},{\"@type\":\"ImageObject\",\"inLanguage\":\"fr-FR\",\"@id\":\"https:\\\/\\\/www.immobilienbusiness.ch\\\/de\\\/personalia\\\/2024-08-29\\\/livit-neuer-leiter-bewirtschaftung-kommt-von-equans\\\/#primaryimage\",\"url\":\"https:\\\/\\\/www.immobilienbusiness.ch\\\/wp-content\\\/uploads\\\/2024\\\/08\\\/david-riviere.jpg\",\"contentUrl\":\"https:\\\/\\\/www.immobilienbusiness.ch\\\/wp-content\\\/uploads\\\/2024\\\/08\\\/david-riviere.jpg\",\"width\":1181,\"height\":944,\"caption\":\"David Rivi\u00e8re (Bild: Livit)\"},{\"@type\":\"BreadcrumbList\",\"@id\":\"https:\\\/\\\/www.immobilienbusiness.ch\\\/de\\\/personalia\\\/2024-08-29\\\/livit-neuer-leiter-bewirtschaftung-kommt-von-equans\\\/#breadcrumb\",\"itemListElement\":[{\"@type\":\"ListItem\",\"position\":1,\"name\":\"Home\",\"item\":\"https:\\\/\\\/www.immobilienbusiness.ch\\\/\"},{\"@type\":\"ListItem\",\"position\":2,\"name\":\"Livit: Neuer Leiter Bewirtschaftung kommt von Equans\"}]},{\"@type\":\"WebSite\",\"@id\":\"https:\\\/\\\/www.immobilienbusiness.ch\\\/#website\",\"url\":\"https:\\\/\\\/www.immobilienbusiness.ch\\\/\",\"name\":\"IMMOBILIEN Business\",\"description\":\"Unabh\u00e4ngiges Schweizer Wirtschaftsmagazin mit Fokus auf Immobilien, Architektur- und Bau sowie Investment- und Finanzierung.\",\"publisher\":{\"@id\":\"https:\\\/\\\/www.immobilienbusiness.ch\\\/#organization\"},\"potentialAction\":[{\"@type\":\"SearchAction\",\"target\":{\"@type\":\"EntryPoint\",\"urlTemplate\":\"https:\\\/\\\/www.immobilienbusiness.ch\\\/?s={search_term_string}\"},\"query-input\":{\"@type\":\"PropertyValueSpecification\",\"valueRequired\":true,\"valueName\":\"search_term_string\"}}],\"inLanguage\":\"fr-FR\"},{\"@type\":\"Organization\",\"@id\":\"https:\\\/\\\/www.immobilienbusiness.ch\\\/#organization\",\"name\":\"IMMOBILIEN Business\",\"url\":\"https:\\\/\\\/www.immobilienbusiness.ch\\\/\",\"logo\":{\"@type\":\"ImageObject\",\"inLanguage\":\"fr-FR\",\"@id\":\"https:\\\/\\\/www.immobilienbusiness.ch\\\/#\\\/schema\\\/logo\\\/image\\\/\",\"url\":\"https:\\\/\\\/www.immobilienbusiness.ch\\\/wp-content\\\/uploads\\\/2021\\\/07\\\/logo_ib.png\",\"contentUrl\":\"https:\\\/\\\/www.immobilienbusiness.ch\\\/wp-content\\\/uploads\\\/2021\\\/07\\\/logo_ib.png\",\"width\":800,\"height\":181,\"caption\":\"IMMOBILIEN Business\"},\"image\":{\"@id\":\"https:\\\/\\\/www.immobilienbusiness.ch\\\/#\\\/schema\\\/logo\\\/image\\\/\"},\"sameAs\":[\"https:\\\/\\\/www.facebook.com\\\/immobilienbusiness\\\/\"]},{\"@type\":\"Person\",\"@id\":\"https:\\\/\\\/www.immobilienbusiness.ch\\\/#\\\/schema\\\/person\\\/aba8bea2db926aa0c24c08c43fe1fcd5\",\"name\":\"Alexander Wachter\",\"image\":{\"@type\":\"ImageObject\",\"inLanguage\":\"fr-FR\",\"@id\":\"https:\\\/\\\/secure.gravatar.com\\\/avatar\\\/1a09e471f5389b0e0a6416eac287e0927c7c97a7b77f9e787eba3af7aee281dd?s=96&d=mm&r=g\",\"url\":\"https:\\\/\\\/secure.gravatar.com\\\/avatar\\\/1a09e471f5389b0e0a6416eac287e0927c7c97a7b77f9e787eba3af7aee281dd?s=96&d=mm&r=g\",\"contentUrl\":\"https:\\\/\\\/secure.gravatar.com\\\/avatar\\\/1a09e471f5389b0e0a6416eac287e0927c7c97a7b77f9e787eba3af7aee281dd?s=96&d=mm&r=g\",\"caption\":\"Alexander Wachter\"},\"url\":\"https:\\\/\\\/www.immobilienbusiness.ch\\\/fr\\\/author\\\/alexander-wachter\\\/\"}]}<\/script>\n<!-- \/ Yoast SEO plugin. -->","yoast_head_json":{"title":"Livit : le nouveau responsable de la gestion vient d'Equans - IMMOBILIER Business","description":"David Rivi\u00e8re dirige actuellement l'activit\u00e9 Corporates chez Equans (anciennement Bouygues E&amp;S).","robots":{"index":"index","follow":"follow","max-snippet":"max-snippet:-1","max-image-preview":"max-image-preview:large","max-video-preview":"max-video-preview:-1"},"canonical":"https:\/\/www.immobilienbusiness.ch\/fr\/personalia\/2024-08-29\/livit-neuer-leiter-bewirtschaftung-kommt-von-equans\/","og_locale":"fr_FR","og_type":"article","og_title":"Livit: Neuer Leiter Bewirtschaftung kommt von Equans - IMMOBILIEN Business","og_description":"David Rivi\u00e8re leitet bei Equans (fr\u00fcher Bouygues E&S) derzeit das Gesch\u00e4ft mit Corporates.","og_url":"https:\/\/www.immobilienbusiness.ch\/fr\/personalia\/2024-08-29\/livit-neuer-leiter-bewirtschaftung-kommt-von-equans\/","og_site_name":"IMMOBILIEN Business","article_publisher":"https:\/\/www.facebook.com\/immobilienbusiness\/","article_published_time":"2024-08-29T05:36:32+00:00","og_image":[{"width":1181,"height":944,"url":"https:\/\/www.immobilienbusiness.ch\/wp-content\/uploads\/2024\/08\/david-riviere.jpg","type":"image\/jpeg"}],"author":"Alexander Wachter","twitter_card":"summary_large_image","schema":{"@context":"https:\/\/schema.org","@graph":[{"@type":"Article","@id":"https:\/\/www.immobilienbusiness.ch\/de\/personalia\/2024-08-29\/livit-neuer-leiter-bewirtschaftung-kommt-von-equans\/#article","isPartOf":{"@id":"https:\/\/www.immobilienbusiness.ch\/de\/personalia\/2024-08-29\/livit-neuer-leiter-bewirtschaftung-kommt-von-equans\/"},"author":{"name":"Alexander Wachter","@id":"https:\/\/www.immobilienbusiness.ch\/#\/schema\/person\/aba8bea2db926aa0c24c08c43fe1fcd5"},"headline":"Livit: Neuer Leiter Bewirtschaftung kommt von Equans","datePublished":"2024-08-29T05:36:32+00:00","mainEntityOfPage":{"@id":"https:\/\/www.immobilienbusiness.ch\/de\/personalia\/2024-08-29\/livit-neuer-leiter-bewirtschaftung-kommt-von-equans\/"},"wordCount":162,"publisher":{"@id":"https:\/\/www.immobilienbusiness.ch\/#organization"},"image":{"@id":"https:\/\/www.immobilienbusiness.ch\/de\/personalia\/2024-08-29\/livit-neuer-leiter-bewirtschaftung-kommt-von-equans\/#primaryimage"},"thumbnailUrl":"https:\/\/www.immobilienbusiness.ch\/wp-content\/uploads\/2024\/08\/david-riviere.jpg","keywords":["Equans","Facility Management","Livit","Personalia"],"articleSection":["PERSONALIA"],"inLanguage":"fr-FR"},{"@type":"WebPage","@id":"https:\/\/www.immobilienbusiness.ch\/de\/personalia\/2024-08-29\/livit-neuer-leiter-bewirtschaftung-kommt-von-equans\/","url":"https:\/\/www.immobilienbusiness.ch\/de\/personalia\/2024-08-29\/livit-neuer-leiter-bewirtschaftung-kommt-von-equans\/","name":"Livit : le nouveau responsable de la gestion vient d'Equans - IMMOBILIER Business","isPartOf":{"@id":"https:\/\/www.immobilienbusiness.ch\/#website"},"primaryImageOfPage":{"@id":"https:\/\/www.immobilienbusiness.ch\/de\/personalia\/2024-08-29\/livit-neuer-leiter-bewirtschaftung-kommt-von-equans\/#primaryimage"},"image":{"@id":"https:\/\/www.immobilienbusiness.ch\/de\/personalia\/2024-08-29\/livit-neuer-leiter-bewirtschaftung-kommt-von-equans\/#primaryimage"},"thumbnailUrl":"https:\/\/www.immobilienbusiness.ch\/wp-content\/uploads\/2024\/08\/david-riviere.jpg","datePublished":"2024-08-29T05:36:32+00:00","description":"David Rivi\u00e8re dirige actuellement l'activit\u00e9 Corporates chez Equans (anciennement Bouygues E&amp;S).","breadcrumb":{"@id":"https:\/\/www.immobilienbusiness.ch\/de\/personalia\/2024-08-29\/livit-neuer-leiter-bewirtschaftung-kommt-von-equans\/#breadcrumb"},"inLanguage":"fr-FR","potentialAction":[{"@type":"ReadAction","target":["https:\/\/www.immobilienbusiness.ch\/de\/personalia\/2024-08-29\/livit-neuer-leiter-bewirtschaftung-kommt-von-equans\/"]}]},{"@type":"ImageObject","inLanguage":"fr-FR","@id":"https:\/\/www.immobilienbusiness.ch\/de\/personalia\/2024-08-29\/livit-neuer-leiter-bewirtschaftung-kommt-von-equans\/#primaryimage","url":"https:\/\/www.immobilienbusiness.ch\/wp-content\/uploads\/2024\/08\/david-riviere.jpg","contentUrl":"https:\/\/www.immobilienbusiness.ch\/wp-content\/uploads\/2024\/08\/david-riviere.jpg","width":1181,"height":944,"caption":"David Rivi\u00e8re (Bild: Livit)"},{"@type":"BreadcrumbList","@id":"https:\/\/www.immobilienbusiness.ch\/de\/personalia\/2024-08-29\/livit-neuer-leiter-bewirtschaftung-kommt-von-equans\/#breadcrumb","itemListElement":[{"@type":"ListItem","position":1,"name":"Home","item":"https:\/\/www.immobilienbusiness.ch\/"},{"@type":"ListItem","position":2,"name":"Livit: Neuer Leiter Bewirtschaftung kommt von Equans"}]},{"@type":"WebSite","@id":"https:\/\/www.immobilienbusiness.ch\/#website","url":"https:\/\/www.immobilienbusiness.ch\/","name":"IMMOBILIER Business","description":"Magazine \u00e9conomique suisse ind\u00e9pendant ax\u00e9 sur l'immobilier, l'architecture et la construction ainsi que sur les investissements et le financement.","publisher":{"@id":"https:\/\/www.immobilienbusiness.ch\/#organization"},"potentialAction":[{"@type":"SearchAction","target":{"@type":"EntryPoint","urlTemplate":"https:\/\/www.immobilienbusiness.ch\/?s={search_term_string}"},"query-input":{"@type":"PropertyValueSpecification","valueRequired":true,"valueName":"search_term_string"}}],"inLanguage":"fr-FR"},{"@type":"Organization","@id":"https:\/\/www.immobilienbusiness.ch\/#organization","name":"IMMOBILIER Business","url":"https:\/\/www.immobilienbusiness.ch\/","logo":{"@type":"ImageObject","inLanguage":"fr-FR","@id":"https:\/\/www.immobilienbusiness.ch\/#\/schema\/logo\/image\/","url":"https:\/\/www.immobilienbusiness.ch\/wp-content\/uploads\/2021\/07\/logo_ib.png","contentUrl":"https:\/\/www.immobilienbusiness.ch\/wp-content\/uploads\/2021\/07\/logo_ib.png","width":800,"height":181,"caption":"IMMOBILIEN Business"},"image":{"@id":"https:\/\/www.immobilienbusiness.ch\/#\/schema\/logo\/image\/"},"sameAs":["https:\/\/www.facebook.com\/immobilienbusiness\/"]},{"@type":"Person","@id":"https:\/\/www.immobilienbusiness.ch\/#\/schema\/person\/aba8bea2db926aa0c24c08c43fe1fcd5","name":"Alexander Wachter","image":{"@type":"ImageObject","inLanguage":"fr-FR","@id":"https:\/\/secure.gravatar.com\/avatar\/1a09e471f5389b0e0a6416eac287e0927c7c97a7b77f9e787eba3af7aee281dd?s=96&d=mm&r=g","url":"https:\/\/secure.gravatar.com\/avatar\/1a09e471f5389b0e0a6416eac287e0927c7c97a7b77f9e787eba3af7aee281dd?s=96&d=mm&r=g","contentUrl":"https:\/\/secure.gravatar.com\/avatar\/1a09e471f5389b0e0a6416eac287e0927c7c97a7b77f9e787eba3af7aee281dd?s=96&d=mm&r=g","caption":"Alexander Wachter"},"url":"https:\/\/www.immobilienbusiness.ch\/fr\/author\/alexander-wachter\/"}]}},"_links":{"self":[{"href":"https:\/\/www.immobilienbusiness.ch\/fr\/wp-json\/wp\/v2\/posts\/59484","targetHints":{"allow":["GET"]}}],"collection":[{"href":"https:\/\/www.immobilienbusiness.ch\/fr\/wp-json\/wp\/v2\/posts"}],"about":[{"href":"https:\/\/www.immobilienbusiness.ch\/fr\/wp-json\/wp\/v2\/types\/post"}],"author":[{"embeddable":true,"href":"https:\/\/www.immobilienbusiness.ch\/fr\/wp-json\/wp\/v2\/users\/102"}],"replies":[{"embeddable":true,"href":"https:\/\/www.immobilienbusiness.ch\/fr\/wp-json\/wp\/v2\/comments?post=59484"}],"version-history":[{"count":1,"href":"https:\/\/www.immobilienbusiness.ch\/fr\/wp-json\/wp\/v2\/posts\/59484\/revisions"}],"predecessor-version":[{"id":59486,"href":"https:\/\/www.immobilienbusiness.ch\/fr\/wp-json\/wp\/v2\/posts\/59484\/revisions\/59486"}],"wp:featuredmedia":[{"embeddable":true,"href":"https:\/\/www.immobilienbusiness.ch\/fr\/wp-json\/wp\/v2\/media\/59485"}],"wp:attachment":[{"href":"https:\/\/www.immobilienbusiness.ch\/fr\/wp-json\/wp\/v2\/media?parent=59484"}],"wp:term":[{"taxonomy":"category","embeddable":true,"href":"https:\/\/www.immobilienbusiness.ch\/fr\/wp-json\/wp\/v2\/categories?post=59484"},{"taxonomy":"post_tag","embeddable":true,"href":"https:\/\/www.immobilienbusiness.ch\/fr\/wp-json\/wp\/v2\/tags?post=59484"}],"curies":[{"name":"wp","href":"https:\/\/api.w.org\/{rel}","templated":true}]}}