{"id":5918,"date":"2017-01-20T08:54:16","date_gmt":"2017-01-20T07:54:16","guid":{"rendered":"https:\/\/immobilienbusiness.ch\/?p=5918"},"modified":"2017-01-20T08:54:16","modified_gmt":"2017-01-20T07:54:16","slug":"hansjoerg-wyss-kauft-charles-voegele-filialen","status":"publish","type":"post","link":"https:\/\/www.immobilienbusiness.ch\/fr\/retail\/2017-01-20\/hansjoerg-wyss-kauft-charles-voegele-filialen\/","title":{"rendered":"Hansj\u00f6rg Wyss rach\u00e8te des magasins Charles V\u00f6gele"},"content":{"rendered":"<figure id=\"attachment_5757\" aria-describedby=\"caption-attachment-5757\" style=\"width: 680px\" class=\"wp-caption alignnone\"><img loading=\"lazy\" decoding=\"async\" class=\"size-medium wp-image-5757\" src=\"https:\/\/immobilienbusiness.ch\/wp-content\/uploads\/2017\/01\/Depositphotos_35822779_l-2015.jpg\" alt=\"\" width=\"680\" height=\"453\" srcset=\"https:\/\/www.immobilienbusiness.ch\/wp-content\/uploads\/2017\/01\/Depositphotos_35822779_l-2015.jpg 2000w, https:\/\/www.immobilienbusiness.ch\/wp-content\/uploads\/2017\/01\/Depositphotos_35822779_l-2015-300x200.jpg 300w, https:\/\/www.immobilienbusiness.ch\/wp-content\/uploads\/2017\/01\/Depositphotos_35822779_l-2015-1024x682.jpg 1024w, https:\/\/www.immobilienbusiness.ch\/wp-content\/uploads\/2017\/01\/Depositphotos_35822779_l-2015-768x512.jpg 768w, https:\/\/www.immobilienbusiness.ch\/wp-content\/uploads\/2017\/01\/Depositphotos_35822779_l-2015-1536x1024.jpg 1536w, https:\/\/www.immobilienbusiness.ch\/wp-content\/uploads\/2017\/01\/Depositphotos_35822779_l-2015-16x12.jpg 16w, https:\/\/www.immobilienbusiness.ch\/wp-content\/uploads\/2017\/01\/Depositphotos_35822779_l-2015-263x175.jpg 263w, https:\/\/www.immobilienbusiness.ch\/wp-content\/uploads\/2017\/01\/Depositphotos_35822779_l-2015-525x350.jpg 525w, https:\/\/www.immobilienbusiness.ch\/wp-content\/uploads\/2017\/01\/Depositphotos_35822779_l-2015-1200x800.jpg 1200w, https:\/\/www.immobilienbusiness.ch\/wp-content\/uploads\/2017\/01\/Depositphotos_35822779_l-2015-920x613.jpg 920w, https:\/\/www.immobilienbusiness.ch\/wp-content\/uploads\/2017\/01\/Depositphotos_35822779_l-2015-1400x933.jpg 1400w\" sizes=\"auto, (max-width: 680px) 100vw, 680px\" \/><figcaption id=\"caption-attachment-5757\" class=\"wp-caption-text\">De nombreux magasins Charles V\u00f6gele ont un nouveau propri\u00e9taire en la personne de Hansj\u00f6rg Wyss (Photo : Banoart - depositphotos)<\/figcaption><\/figure>\n<p>Selon les inscriptions au registre foncier, Hansj\u00f6rg Wyss a achet\u00e9 15 biens immobiliers situ\u00e9s en centre-ville par l'interm\u00e9diaire de son Family Office Loreda. Le prix de la transaction est, selon le rapport de la <em>Handelszeitung<\/em> selon les estimations, \u00e0 169 millions de CHF.<\/p>\n<p>Les vendeurs de ces biens sont les nouveaux propri\u00e9taires du magasin de mode Charles V\u00f6gele, le groupe italien OVS et les investisseurs Aspen Trust et Retails Investment. Selon le journal, les immeubles achet\u00e9s par Wyss abritent des filiales de Charles V\u00f6gele, dont le magasin phare de Charles V\u00f6gele \u00e0 la Sihlstrasse \u00e0 Zurich. Mais le portefeuille rachet\u00e9 comprend \u00e9galement des immeubles commerciaux et le Casino Theater de Locarno.<\/p>\n<h2>Le portefeuille de Wyss a d\u00e9j\u00e0 une valeur d'un demi-milliard de CHF<\/h2>\n<p>Une repr\u00e9sentante de Hansj\u00f6rg Wyss confirme que Loreda a repris une partie du portefeuille immobilier de Charles V\u00f6gele. Comme le <em>Handelszeitung<\/em> en se r\u00e9f\u00e9rant \u00e0 des informations internes, Wyss est en train de constituer un important portefeuille immobilier en Suisse. Celui-ci comprendrait entre-temps des objets d'une valeur d'un demi-milliard de CHF. Il s'agit notamment d'immeubles d'habitation et de b\u00e2timents commerciaux.<\/p>\n<p>Il y a cinq ans, l'industriel bernois Hansj\u00f6rg Wyss avait vendu son entreprise m\u00e9dicale Synthes au groupe am\u00e9ricain Johnson &amp; Johnson et en avait retir\u00e9 21 milliards de CHF.<\/p>","protected":false},"excerpt":{"rendered":"<p>Selon un rapport de la \"Handelszeitung\", l'industriel Hansj\u00f6rg Wyss investit \u00e0 grande \u00e9chelle dans l'immobilier suisse. La plupart de ces biens immobiliers abritent des filiales de la cha\u00eene de mode Charles V\u00f6gele.<\/p>","protected":false},"author":3,"featured_media":5757,"comment_status":"open","ping_status":"open","sticky":false,"template":"","format":"standard","meta":{"_acf_changed":false,"_yoast_wpseo_focuskw":"Hansj\u00f6rg Wyss","_yoast_wpseo_title":"","_yoast_wpseo_metadesc":"Laut einem Bericht der \u00abHandelszeitung\u00bb hat der Industrielle Hansj\u00f6rg Wyss zahlreiche Filialen der Modekette Charles V\u00f6gele erworben.","_yoast_wpseo_linkdex":69,"pgc_sgb_lightbox_settings":"","footnotes":""},"categories":[987,988],"tags":[1165,1643,1830],"class_list":["post-5918","post","type-post","status-publish","format-standard","has-post-thumbnail","hentry","category-retail","category-unternehmen","tag-detailhandel","tag-retail","tag-verkauf"],"acf":[],"yoast_head":"<!-- This site is optimized with the Yoast SEO plugin v27.5 - https:\/\/yoast.com\/product\/yoast-seo-wordpress\/ -->\n<title>Hansj\u00f6rg Wyss kauft Charles-V\u00f6gele-Filialen - IMMOBILIEN Business<\/title>\n<meta name=\"description\" content=\"Laut einem Bericht der \u00abHandelszeitung\u00bb hat der Industrielle Hansj\u00f6rg Wyss zahlreiche Filialen der Modekette Charles V\u00f6gele erworben.\" \/>\n<meta name=\"robots\" content=\"index, follow, max-snippet:-1, max-image-preview:large, max-video-preview:-1\" \/>\n<link rel=\"canonical\" href=\"https:\/\/www.immobilienbusiness.ch\/fr\/retail\/2017-01-20\/hansjoerg-wyss-kauft-charles-voegele-filialen\/\" \/>\n<meta property=\"og:locale\" content=\"fr_FR\" \/>\n<meta property=\"og:type\" content=\"article\" \/>\n<meta property=\"og:title\" content=\"Hansj\u00f6rg Wyss kauft Charles-V\u00f6gele-Filialen\" \/>\n<meta property=\"og:description\" content=\"Laut einem Bericht der \u00abHandelszeitung\u00bb hat der Industrielle Hansj\u00f6rg Wyss zahlreiche Filialen der Modekette Charles V\u00f6gele erworben.\" \/>\n<meta property=\"og:url\" content=\"https:\/\/www.immobilienbusiness.ch\/fr\/retail\/2017-01-20\/hansjoerg-wyss-kauft-charles-voegele-filialen\/\" \/>\n<meta property=\"og:site_name\" content=\"IMMOBILIEN Business\" \/>\n<meta property=\"article:publisher\" content=\"https:\/\/www.facebook.com\/immobilienbusiness\/\" \/>\n<meta property=\"article:published_time\" content=\"2017-01-20T07:54:16+00:00\" \/>\n<meta name=\"author\" content=\"anja.hall\" \/>\n<meta name=\"twitter:card\" content=\"summary_large_image\" \/>\n<meta name=\"twitter:title\" content=\"Hansj\u00f6rg Wyss kauft Charles-V\u00f6gele-Filialen\" \/>\n<meta name=\"twitter:description\" content=\"Laut einem Bericht der \u00abHandelszeitung\u00bb hat der Industrielle Hansj\u00f6rg Wyss zahlreiche Filialen der Modekette Charles V\u00f6gele erworben.\" \/>\n<meta name=\"twitter:image\" content=\"https:\/\/immobilienbusiness.ch\/wp-content\/uploads\/2017\/01\/Depositphotos_35822779_l-2015.jpg\" \/>\n<script type=\"application\/ld+json\" class=\"yoast-schema-graph\">{\"@context\":\"https:\\\/\\\/schema.org\",\"@graph\":[{\"@type\":\"Article\",\"@id\":\"https:\\\/\\\/www.immobilienbusiness.ch\\\/retail\\\/2017-01-20\\\/hansjoerg-wyss-kauft-charles-voegele-filialen\\\/#article\",\"isPartOf\":{\"@id\":\"https:\\\/\\\/www.immobilienbusiness.ch\\\/retail\\\/2017-01-20\\\/hansjoerg-wyss-kauft-charles-voegele-filialen\\\/\"},\"author\":{\"name\":\"anja.hall\",\"@id\":\"https:\\\/\\\/www.immobilienbusiness.ch\\\/#\\\/schema\\\/person\\\/3fc036297b10b9f42d6db5ee932af8c8\"},\"headline\":\"Hansj\u00f6rg Wyss kauft Charles-V\u00f6gele-Filialen\",\"datePublished\":\"2017-01-20T07:54:16+00:00\",\"mainEntityOfPage\":{\"@id\":\"https:\\\/\\\/www.immobilienbusiness.ch\\\/retail\\\/2017-01-20\\\/hansjoerg-wyss-kauft-charles-voegele-filialen\\\/\"},\"wordCount\":223,\"commentCount\":0,\"publisher\":{\"@id\":\"https:\\\/\\\/www.immobilienbusiness.ch\\\/#organization\"},\"image\":{\"@id\":\"https:\\\/\\\/www.immobilienbusiness.ch\\\/retail\\\/2017-01-20\\\/hansjoerg-wyss-kauft-charles-voegele-filialen\\\/#primaryimage\"},\"thumbnailUrl\":\"https:\\\/\\\/www.immobilienbusiness.ch\\\/wp-content\\\/uploads\\\/2017\\\/01\\\/Depositphotos_35822779_l-2015.jpg\",\"keywords\":[\"Detailhandel\",\"Retail\",\"Verkauf\"],\"articleSection\":[\"RETAIL\",\"UNTERNEHMEN\"],\"inLanguage\":\"fr-FR\"},{\"@type\":\"WebPage\",\"@id\":\"https:\\\/\\\/www.immobilienbusiness.ch\\\/retail\\\/2017-01-20\\\/hansjoerg-wyss-kauft-charles-voegele-filialen\\\/\",\"url\":\"https:\\\/\\\/www.immobilienbusiness.ch\\\/retail\\\/2017-01-20\\\/hansjoerg-wyss-kauft-charles-voegele-filialen\\\/\",\"name\":\"Hansj\u00f6rg Wyss kauft Charles-V\u00f6gele-Filialen - IMMOBILIEN Business\",\"isPartOf\":{\"@id\":\"https:\\\/\\\/www.immobilienbusiness.ch\\\/#website\"},\"primaryImageOfPage\":{\"@id\":\"https:\\\/\\\/www.immobilienbusiness.ch\\\/retail\\\/2017-01-20\\\/hansjoerg-wyss-kauft-charles-voegele-filialen\\\/#primaryimage\"},\"image\":{\"@id\":\"https:\\\/\\\/www.immobilienbusiness.ch\\\/retail\\\/2017-01-20\\\/hansjoerg-wyss-kauft-charles-voegele-filialen\\\/#primaryimage\"},\"thumbnailUrl\":\"https:\\\/\\\/www.immobilienbusiness.ch\\\/wp-content\\\/uploads\\\/2017\\\/01\\\/Depositphotos_35822779_l-2015.jpg\",\"datePublished\":\"2017-01-20T07:54:16+00:00\",\"description\":\"Laut einem Bericht der \u00abHandelszeitung\u00bb hat der Industrielle Hansj\u00f6rg Wyss zahlreiche Filialen der Modekette Charles V\u00f6gele erworben.\",\"breadcrumb\":{\"@id\":\"https:\\\/\\\/www.immobilienbusiness.ch\\\/retail\\\/2017-01-20\\\/hansjoerg-wyss-kauft-charles-voegele-filialen\\\/#breadcrumb\"},\"inLanguage\":\"fr-FR\",\"potentialAction\":[{\"@type\":\"ReadAction\",\"target\":[\"https:\\\/\\\/www.immobilienbusiness.ch\\\/retail\\\/2017-01-20\\\/hansjoerg-wyss-kauft-charles-voegele-filialen\\\/\"]}]},{\"@type\":\"ImageObject\",\"inLanguage\":\"fr-FR\",\"@id\":\"https:\\\/\\\/www.immobilienbusiness.ch\\\/retail\\\/2017-01-20\\\/hansjoerg-wyss-kauft-charles-voegele-filialen\\\/#primaryimage\",\"url\":\"https:\\\/\\\/www.immobilienbusiness.ch\\\/wp-content\\\/uploads\\\/2017\\\/01\\\/Depositphotos_35822779_l-2015.jpg\",\"contentUrl\":\"https:\\\/\\\/www.immobilienbusiness.ch\\\/wp-content\\\/uploads\\\/2017\\\/01\\\/Depositphotos_35822779_l-2015.jpg\",\"width\":2000,\"height\":1333,\"caption\":\"Retailliegenschaften im Fokus: Der SF Retail Properties Fund (Foto: Banoart - depositphotos)\"},{\"@type\":\"BreadcrumbList\",\"@id\":\"https:\\\/\\\/www.immobilienbusiness.ch\\\/retail\\\/2017-01-20\\\/hansjoerg-wyss-kauft-charles-voegele-filialen\\\/#breadcrumb\",\"itemListElement\":[{\"@type\":\"ListItem\",\"position\":1,\"name\":\"Home\",\"item\":\"https:\\\/\\\/www.immobilienbusiness.ch\\\/\"},{\"@type\":\"ListItem\",\"position\":2,\"name\":\"Hansj\u00f6rg Wyss kauft Charles-V\u00f6gele-Filialen\"}]},{\"@type\":\"WebSite\",\"@id\":\"https:\\\/\\\/www.immobilienbusiness.ch\\\/#website\",\"url\":\"https:\\\/\\\/www.immobilienbusiness.ch\\\/\",\"name\":\"IMMOBILIEN Business\",\"description\":\"Unabh\u00e4ngiges Schweizer Wirtschaftsmagazin mit Fokus auf Immobilien, Architektur- und Bau sowie Investment- und Finanzierung.\",\"publisher\":{\"@id\":\"https:\\\/\\\/www.immobilienbusiness.ch\\\/#organization\"},\"potentialAction\":[{\"@type\":\"SearchAction\",\"target\":{\"@type\":\"EntryPoint\",\"urlTemplate\":\"https:\\\/\\\/www.immobilienbusiness.ch\\\/?s={search_term_string}\"},\"query-input\":{\"@type\":\"PropertyValueSpecification\",\"valueRequired\":true,\"valueName\":\"search_term_string\"}}],\"inLanguage\":\"fr-FR\"},{\"@type\":\"Organization\",\"@id\":\"https:\\\/\\\/www.immobilienbusiness.ch\\\/#organization\",\"name\":\"IMMOBILIEN Business\",\"url\":\"https:\\\/\\\/www.immobilienbusiness.ch\\\/\",\"logo\":{\"@type\":\"ImageObject\",\"inLanguage\":\"fr-FR\",\"@id\":\"https:\\\/\\\/www.immobilienbusiness.ch\\\/#\\\/schema\\\/logo\\\/image\\\/\",\"url\":\"https:\\\/\\\/www.immobilienbusiness.ch\\\/wp-content\\\/uploads\\\/2021\\\/07\\\/logo_ib.png\",\"contentUrl\":\"https:\\\/\\\/www.immobilienbusiness.ch\\\/wp-content\\\/uploads\\\/2021\\\/07\\\/logo_ib.png\",\"width\":800,\"height\":181,\"caption\":\"IMMOBILIEN Business\"},\"image\":{\"@id\":\"https:\\\/\\\/www.immobilienbusiness.ch\\\/#\\\/schema\\\/logo\\\/image\\\/\"},\"sameAs\":[\"https:\\\/\\\/www.facebook.com\\\/immobilienbusiness\\\/\"]},{\"@type\":\"Person\",\"@id\":\"https:\\\/\\\/www.immobilienbusiness.ch\\\/#\\\/schema\\\/person\\\/3fc036297b10b9f42d6db5ee932af8c8\",\"name\":\"anja.hall\",\"image\":{\"@type\":\"ImageObject\",\"inLanguage\":\"fr-FR\",\"@id\":\"https:\\\/\\\/secure.gravatar.com\\\/avatar\\\/066b5a0d447013502c71a5782f4f3469f03cfe595cc2329fb94652fe47511bfb?s=96&d=mm&r=g\",\"url\":\"https:\\\/\\\/secure.gravatar.com\\\/avatar\\\/066b5a0d447013502c71a5782f4f3469f03cfe595cc2329fb94652fe47511bfb?s=96&d=mm&r=g\",\"contentUrl\":\"https:\\\/\\\/secure.gravatar.com\\\/avatar\\\/066b5a0d447013502c71a5782f4f3469f03cfe595cc2329fb94652fe47511bfb?s=96&d=mm&r=g\",\"caption\":\"anja.hall\"},\"url\":\"https:\\\/\\\/www.immobilienbusiness.ch\\\/fr\\\/author\\\/anja-hall\\\/\"}]}<\/script>\n<!-- \/ Yoast SEO plugin. -->","yoast_head_json":{"title":"Hansj\u00f6rg Wyss kauft Charles-V\u00f6gele-Filialen - IMMOBILIEN Business","description":"Laut einem Bericht der \u00abHandelszeitung\u00bb hat der Industrielle Hansj\u00f6rg Wyss zahlreiche Filialen der Modekette Charles V\u00f6gele erworben.","robots":{"index":"index","follow":"follow","max-snippet":"max-snippet:-1","max-image-preview":"max-image-preview:large","max-video-preview":"max-video-preview:-1"},"canonical":"https:\/\/www.immobilienbusiness.ch\/fr\/retail\/2017-01-20\/hansjoerg-wyss-kauft-charles-voegele-filialen\/","og_locale":"fr_FR","og_type":"article","og_title":"Hansj\u00f6rg Wyss kauft Charles-V\u00f6gele-Filialen","og_description":"Laut einem Bericht der \u00abHandelszeitung\u00bb hat der Industrielle Hansj\u00f6rg Wyss zahlreiche Filialen der Modekette Charles V\u00f6gele erworben.","og_url":"https:\/\/www.immobilienbusiness.ch\/fr\/retail\/2017-01-20\/hansjoerg-wyss-kauft-charles-voegele-filialen\/","og_site_name":"IMMOBILIEN Business","article_publisher":"https:\/\/www.facebook.com\/immobilienbusiness\/","article_published_time":"2017-01-20T07:54:16+00:00","author":"anja.hall","twitter_card":"summary_large_image","twitter_title":"Hansj\u00f6rg Wyss kauft Charles-V\u00f6gele-Filialen","twitter_description":"Laut einem Bericht der \u00abHandelszeitung\u00bb hat der Industrielle Hansj\u00f6rg Wyss zahlreiche Filialen der Modekette Charles V\u00f6gele erworben.","twitter_image":"https:\/\/immobilienbusiness.ch\/wp-content\/uploads\/2017\/01\/Depositphotos_35822779_l-2015.jpg","schema":{"@context":"https:\/\/schema.org","@graph":[{"@type":"Article","@id":"https:\/\/www.immobilienbusiness.ch\/retail\/2017-01-20\/hansjoerg-wyss-kauft-charles-voegele-filialen\/#article","isPartOf":{"@id":"https:\/\/www.immobilienbusiness.ch\/retail\/2017-01-20\/hansjoerg-wyss-kauft-charles-voegele-filialen\/"},"author":{"name":"anja.hall","@id":"https:\/\/www.immobilienbusiness.ch\/#\/schema\/person\/3fc036297b10b9f42d6db5ee932af8c8"},"headline":"Hansj\u00f6rg Wyss kauft Charles-V\u00f6gele-Filialen","datePublished":"2017-01-20T07:54:16+00:00","mainEntityOfPage":{"@id":"https:\/\/www.immobilienbusiness.ch\/retail\/2017-01-20\/hansjoerg-wyss-kauft-charles-voegele-filialen\/"},"wordCount":223,"commentCount":0,"publisher":{"@id":"https:\/\/www.immobilienbusiness.ch\/#organization"},"image":{"@id":"https:\/\/www.immobilienbusiness.ch\/retail\/2017-01-20\/hansjoerg-wyss-kauft-charles-voegele-filialen\/#primaryimage"},"thumbnailUrl":"https:\/\/www.immobilienbusiness.ch\/wp-content\/uploads\/2017\/01\/Depositphotos_35822779_l-2015.jpg","keywords":["Detailhandel","Retail","Verkauf"],"articleSection":["RETAIL","UNTERNEHMEN"],"inLanguage":"fr-FR"},{"@type":"WebPage","@id":"https:\/\/www.immobilienbusiness.ch\/retail\/2017-01-20\/hansjoerg-wyss-kauft-charles-voegele-filialen\/","url":"https:\/\/www.immobilienbusiness.ch\/retail\/2017-01-20\/hansjoerg-wyss-kauft-charles-voegele-filialen\/","name":"Hansj\u00f6rg Wyss kauft Charles-V\u00f6gele-Filialen - IMMOBILIEN Business","isPartOf":{"@id":"https:\/\/www.immobilienbusiness.ch\/#website"},"primaryImageOfPage":{"@id":"https:\/\/www.immobilienbusiness.ch\/retail\/2017-01-20\/hansjoerg-wyss-kauft-charles-voegele-filialen\/#primaryimage"},"image":{"@id":"https:\/\/www.immobilienbusiness.ch\/retail\/2017-01-20\/hansjoerg-wyss-kauft-charles-voegele-filialen\/#primaryimage"},"thumbnailUrl":"https:\/\/www.immobilienbusiness.ch\/wp-content\/uploads\/2017\/01\/Depositphotos_35822779_l-2015.jpg","datePublished":"2017-01-20T07:54:16+00:00","description":"Laut einem Bericht der \u00abHandelszeitung\u00bb hat der Industrielle Hansj\u00f6rg Wyss zahlreiche Filialen der Modekette Charles V\u00f6gele erworben.","breadcrumb":{"@id":"https:\/\/www.immobilienbusiness.ch\/retail\/2017-01-20\/hansjoerg-wyss-kauft-charles-voegele-filialen\/#breadcrumb"},"inLanguage":"fr-FR","potentialAction":[{"@type":"ReadAction","target":["https:\/\/www.immobilienbusiness.ch\/retail\/2017-01-20\/hansjoerg-wyss-kauft-charles-voegele-filialen\/"]}]},{"@type":"ImageObject","inLanguage":"fr-FR","@id":"https:\/\/www.immobilienbusiness.ch\/retail\/2017-01-20\/hansjoerg-wyss-kauft-charles-voegele-filialen\/#primaryimage","url":"https:\/\/www.immobilienbusiness.ch\/wp-content\/uploads\/2017\/01\/Depositphotos_35822779_l-2015.jpg","contentUrl":"https:\/\/www.immobilienbusiness.ch\/wp-content\/uploads\/2017\/01\/Depositphotos_35822779_l-2015.jpg","width":2000,"height":1333,"caption":"Retailliegenschaften im Fokus: Der SF Retail Properties Fund (Foto: Banoart - depositphotos)"},{"@type":"BreadcrumbList","@id":"https:\/\/www.immobilienbusiness.ch\/retail\/2017-01-20\/hansjoerg-wyss-kauft-charles-voegele-filialen\/#breadcrumb","itemListElement":[{"@type":"ListItem","position":1,"name":"Home","item":"https:\/\/www.immobilienbusiness.ch\/"},{"@type":"ListItem","position":2,"name":"Hansj\u00f6rg Wyss kauft Charles-V\u00f6gele-Filialen"}]},{"@type":"WebSite","@id":"https:\/\/www.immobilienbusiness.ch\/#website","url":"https:\/\/www.immobilienbusiness.ch\/","name":"IMMOBILIER Business","description":"Magazine \u00e9conomique suisse ind\u00e9pendant ax\u00e9 sur l'immobilier, l'architecture et la construction ainsi que sur les investissements et le financement.","publisher":{"@id":"https:\/\/www.immobilienbusiness.ch\/#organization"},"potentialAction":[{"@type":"SearchAction","target":{"@type":"EntryPoint","urlTemplate":"https:\/\/www.immobilienbusiness.ch\/?s={search_term_string}"},"query-input":{"@type":"PropertyValueSpecification","valueRequired":true,"valueName":"search_term_string"}}],"inLanguage":"fr-FR"},{"@type":"Organization","@id":"https:\/\/www.immobilienbusiness.ch\/#organization","name":"IMMOBILIER Business","url":"https:\/\/www.immobilienbusiness.ch\/","logo":{"@type":"ImageObject","inLanguage":"fr-FR","@id":"https:\/\/www.immobilienbusiness.ch\/#\/schema\/logo\/image\/","url":"https:\/\/www.immobilienbusiness.ch\/wp-content\/uploads\/2021\/07\/logo_ib.png","contentUrl":"https:\/\/www.immobilienbusiness.ch\/wp-content\/uploads\/2021\/07\/logo_ib.png","width":800,"height":181,"caption":"IMMOBILIEN Business"},"image":{"@id":"https:\/\/www.immobilienbusiness.ch\/#\/schema\/logo\/image\/"},"sameAs":["https:\/\/www.facebook.com\/immobilienbusiness\/"]},{"@type":"Person","@id":"https:\/\/www.immobilienbusiness.ch\/#\/schema\/person\/3fc036297b10b9f42d6db5ee932af8c8","name":"anja.hall","image":{"@type":"ImageObject","inLanguage":"fr-FR","@id":"https:\/\/secure.gravatar.com\/avatar\/066b5a0d447013502c71a5782f4f3469f03cfe595cc2329fb94652fe47511bfb?s=96&d=mm&r=g","url":"https:\/\/secure.gravatar.com\/avatar\/066b5a0d447013502c71a5782f4f3469f03cfe595cc2329fb94652fe47511bfb?s=96&d=mm&r=g","contentUrl":"https:\/\/secure.gravatar.com\/avatar\/066b5a0d447013502c71a5782f4f3469f03cfe595cc2329fb94652fe47511bfb?s=96&d=mm&r=g","caption":"anja.hall"},"url":"https:\/\/www.immobilienbusiness.ch\/fr\/author\/anja-hall\/"}]}},"_links":{"self":[{"href":"https:\/\/www.immobilienbusiness.ch\/fr\/wp-json\/wp\/v2\/posts\/5918","targetHints":{"allow":["GET"]}}],"collection":[{"href":"https:\/\/www.immobilienbusiness.ch\/fr\/wp-json\/wp\/v2\/posts"}],"about":[{"href":"https:\/\/www.immobilienbusiness.ch\/fr\/wp-json\/wp\/v2\/types\/post"}],"author":[{"embeddable":true,"href":"https:\/\/www.immobilienbusiness.ch\/fr\/wp-json\/wp\/v2\/users\/3"}],"replies":[{"embeddable":true,"href":"https:\/\/www.immobilienbusiness.ch\/fr\/wp-json\/wp\/v2\/comments?post=5918"}],"version-history":[{"count":0,"href":"https:\/\/www.immobilienbusiness.ch\/fr\/wp-json\/wp\/v2\/posts\/5918\/revisions"}],"wp:featuredmedia":[{"embeddable":true,"href":"https:\/\/www.immobilienbusiness.ch\/fr\/wp-json\/wp\/v2\/media\/5757"}],"wp:attachment":[{"href":"https:\/\/www.immobilienbusiness.ch\/fr\/wp-json\/wp\/v2\/media?parent=5918"}],"wp:term":[{"taxonomy":"category","embeddable":true,"href":"https:\/\/www.immobilienbusiness.ch\/fr\/wp-json\/wp\/v2\/categories?post=5918"},{"taxonomy":"post_tag","embeddable":true,"href":"https:\/\/www.immobilienbusiness.ch\/fr\/wp-json\/wp\/v2\/tags?post=5918"}],"curies":[{"name":"wp","href":"https:\/\/api.w.org\/{rel}","templated":true}]}}