{"id":5901,"date":"2017-01-19T09:10:30","date_gmt":"2017-01-19T08:10:30","guid":{"rendered":"https:\/\/immobilienbusiness.ch\/?p=5901"},"modified":"2017-01-19T09:10:30","modified_gmt":"2017-01-19T08:10:30","slug":"zuerich-deloitte-wird-hauptmieter-im-prime-2","status":"publish","type":"post","link":"https:\/\/www.immobilienbusiness.ch\/fr\/regionen\/2017-01-19\/zuerich-deloitte-wird-hauptmieter-im-prime-2\/","title":{"rendered":"Zurich : Deloitte devient le principal locataire de \"Prime 2"},"content":{"rendered":"<figure id=\"attachment_5903\" aria-describedby=\"caption-attachment-5903\" style=\"width: 605px\" class=\"wp-caption alignnone\"><img loading=\"lazy\" decoding=\"async\" class=\"size-full wp-image-5903\" src=\"https:\/\/immobilienbusiness.ch\/wp-content\/uploads\/2017\/01\/Deloitte_New-Zurich-headquarters_Jan-2017_a.jpg\" alt=\"\" width=\"605\" height=\"354\" srcset=\"https:\/\/www.immobilienbusiness.ch\/wp-content\/uploads\/2017\/01\/Deloitte_New-Zurich-headquarters_Jan-2017_a.jpg 605w, https:\/\/www.immobilienbusiness.ch\/wp-content\/uploads\/2017\/01\/Deloitte_New-Zurich-headquarters_Jan-2017_a-300x176.jpg 300w, https:\/\/www.immobilienbusiness.ch\/wp-content\/uploads\/2017\/01\/Deloitte_New-Zurich-headquarters_Jan-2017_a-16x9.jpg 16w, https:\/\/www.immobilienbusiness.ch\/wp-content\/uploads\/2017\/01\/Deloitte_New-Zurich-headquarters_Jan-2017_a-299x175.jpg 299w, https:\/\/www.immobilienbusiness.ch\/wp-content\/uploads\/2017\/01\/Deloitte_New-Zurich-headquarters_Jan-2017_a-598x350.jpg 598w\" sizes=\"auto, (max-width: 605px) 100vw, 605px\" \/><figcaption id=\"caption-attachment-5903\" class=\"wp-caption-text\">Deloitte va transf\u00e9rer son si\u00e8ge suisse dans le nouveau b\u00e2timent Prime 2 (Visualisation : Deloitte\/Welti-Furrer)<\/figcaption><\/figure>\n<p>Avec le \"Prime 2\", Welti-Furrer Immobilien AG construit dans le quartier d'affaires de Zurich Hardbr\u00fccke un nouveau b\u00e2timent de sept \u00e9tages comprenant au total 18 000 m\u00b2 de bureaux sur six \u00e9tages ainsi que 3 000 m\u00b2 de surfaces de vente et de restauration au rez-de-chauss\u00e9e. Le site se distingue notamment par sa proximit\u00e9 avec la gare de Hardbr\u00fccke, l'une des plus fr\u00e9quent\u00e9es de Suisse.<\/p>\n<p>Deloitte est d\u00e9sormais le principal locataire du b\u00e2timent. La soci\u00e9t\u00e9 de conseil et d'audit veut non seulement cr\u00e9er de l'espace pour ses projets de croissance, mais aussi promouvoir des m\u00e9thodes de travail flexibles et innovantes. C'est pourquoi l'entreprise souhaite \"exercer une grande influence\" sur la conception du b\u00e2timent, indique Deloitte. On envisage une disposition efficace avec un am\u00e9nagement tr\u00e8s flexible de l'espace et des possibilit\u00e9s d'expansion suppl\u00e9mentaires. Le site actuel de Zurich Enge sera fusionn\u00e9 avec le nouveau, de sorte que tous les collaborateurs de Zurich seront r\u00e9unis sous un m\u00eame toit.<\/p>\n<p>Du point de vue de Deloitte, l'ouest de Zurich est un emplacement id\u00e9al pour le nouveau si\u00e8ge social. Selon l'entreprise, le quartier de Hardbr\u00fccke s'est transform\u00e9 ces derni\u00e8res ann\u00e9es en une adresse commerciale de premier ordre gr\u00e2ce \u00e0 des investissements consid\u00e9rables dans les infrastructures, dont des possibilit\u00e9s de loisirs et de restauration ainsi que des liaisons de transport.<\/p>","protected":false},"excerpt":{"rendered":"<p>Deloitte va transf\u00e9rer son si\u00e8ge suisse dans l'immeuble de bureaux et de commerces \"Prime 2\" \u00e0 Zurich-Ouest. Le projet sera construit \u00e0 c\u00f4t\u00e9 de la \"Prime Tower\" et devrait \u00eatre achev\u00e9 d'ici 2020.<\/p>","protected":false},"author":3,"featured_media":5903,"comment_status":"open","ping_status":"open","sticky":false,"template":"","format":"standard","meta":{"_acf_changed":false,"_yoast_wpseo_focuskw":"Prime 2","_yoast_wpseo_title":"","_yoast_wpseo_metadesc":"Deloitte wird ihren Schweizer Hauptsitz in das B\u00fcro- und Gesch\u00e4ftshaus \u00abPrime 2\u00bb in Z\u00fcrich-West verlegen. Der Neubau soll bis 2020 fertiggestellt sein.","_yoast_wpseo_linkdex":56,"pgc_sgb_lightbox_settings":"","footnotes":""},"categories":[985],"tags":[1118,1629,1888],"class_list":["post-5901","post","type-post","status-publish","format-standard","has-post-thumbnail","hentry","category-regionen","tag-buero","tag-regionen","tag-zuerich"],"acf":[],"yoast_head":"<!-- This site is optimized with the Yoast SEO plugin v27.4 - https:\/\/yoast.com\/product\/yoast-seo-wordpress\/ -->\n<title>Z\u00fcrich: Deloitte wird Hauptmieter im \u00abPrime 2\u00bb - IMMOBILIEN Business<\/title>\n<meta name=\"description\" content=\"Deloitte wird ihren Schweizer Hauptsitz in das B\u00fcro- und Gesch\u00e4ftshaus \u00abPrime 2\u00bb in Z\u00fcrich-West verlegen. Der Neubau soll bis 2020 fertiggestellt sein.\" \/>\n<meta name=\"robots\" content=\"index, follow, max-snippet:-1, max-image-preview:large, max-video-preview:-1\" \/>\n<link rel=\"canonical\" href=\"https:\/\/www.immobilienbusiness.ch\/fr\/regionen\/2017-01-19\/zuerich-deloitte-wird-hauptmieter-im-prime-2\/\" \/>\n<meta property=\"og:locale\" content=\"fr_FR\" \/>\n<meta property=\"og:type\" content=\"article\" \/>\n<meta property=\"og:title\" content=\"Z\u00fcrich: Deloitte wird Hauptmieter im \u00abPrime 2\u00bb\" \/>\n<meta property=\"og:description\" content=\"Deloitte wird ihren Schweizer Hauptsitz in das B\u00fcro- und Gesch\u00e4ftshaus \u00abPrime 2\u00bb in Z\u00fcrich-West verlegen. Der Neubau soll bis 2020 fertiggestellt sein.\" \/>\n<meta property=\"og:url\" content=\"https:\/\/www.immobilienbusiness.ch\/fr\/regionen\/2017-01-19\/zuerich-deloitte-wird-hauptmieter-im-prime-2\/\" \/>\n<meta property=\"og:site_name\" content=\"IMMOBILIEN Business\" \/>\n<meta property=\"article:publisher\" content=\"https:\/\/www.facebook.com\/immobilienbusiness\/\" \/>\n<meta property=\"article:published_time\" content=\"2017-01-19T08:10:30+00:00\" \/>\n<meta property=\"og:image\" content=\"https:\/\/www.immobilienbusiness.ch\/wp-content\/uploads\/2017\/01\/Deloitte_New-Zurich-headquarters_Jan-2017_a.jpg\" \/>\n\t<meta property=\"og:image:width\" content=\"605\" \/>\n\t<meta property=\"og:image:height\" content=\"354\" \/>\n\t<meta property=\"og:image:type\" content=\"image\/jpeg\" \/>\n<meta name=\"author\" content=\"anja.hall\" \/>\n<meta name=\"twitter:card\" content=\"summary_large_image\" \/>\n<meta name=\"twitter:title\" content=\"Z\u00fcrich: Deloitte wird Hauptmieter im \u00abPrime 2\u00bb\" \/>\n<meta name=\"twitter:description\" content=\"Deloitte wird ihren Schweizer Hauptsitz in das B\u00fcro- und Gesch\u00e4ftshaus \u00abPrime 2\u00bb in Z\u00fcrich-West verlegen. Der Neubau soll bis 2020 fertiggestellt sein.\" \/>\n<script type=\"application\/ld+json\" class=\"yoast-schema-graph\">{\"@context\":\"https:\\\/\\\/schema.org\",\"@graph\":[{\"@type\":\"Article\",\"@id\":\"https:\\\/\\\/www.immobilienbusiness.ch\\\/regionen\\\/2017-01-19\\\/zuerich-deloitte-wird-hauptmieter-im-prime-2\\\/#article\",\"isPartOf\":{\"@id\":\"https:\\\/\\\/www.immobilienbusiness.ch\\\/regionen\\\/2017-01-19\\\/zuerich-deloitte-wird-hauptmieter-im-prime-2\\\/\"},\"author\":{\"name\":\"anja.hall\",\"@id\":\"https:\\\/\\\/www.immobilienbusiness.ch\\\/#\\\/schema\\\/person\\\/3fc036297b10b9f42d6db5ee932af8c8\"},\"headline\":\"Z\u00fcrich: Deloitte wird Hauptmieter im \u00abPrime 2\u00bb\",\"datePublished\":\"2017-01-19T08:10:30+00:00\",\"mainEntityOfPage\":{\"@id\":\"https:\\\/\\\/www.immobilienbusiness.ch\\\/regionen\\\/2017-01-19\\\/zuerich-deloitte-wird-hauptmieter-im-prime-2\\\/\"},\"wordCount\":218,\"commentCount\":2,\"publisher\":{\"@id\":\"https:\\\/\\\/www.immobilienbusiness.ch\\\/#organization\"},\"image\":{\"@id\":\"https:\\\/\\\/www.immobilienbusiness.ch\\\/regionen\\\/2017-01-19\\\/zuerich-deloitte-wird-hauptmieter-im-prime-2\\\/#primaryimage\"},\"thumbnailUrl\":\"https:\\\/\\\/www.immobilienbusiness.ch\\\/wp-content\\\/uploads\\\/2017\\\/01\\\/Deloitte_New-Zurich-headquarters_Jan-2017_a.jpg\",\"keywords\":[\"B\u00fcro\",\"Regionen\",\"Z\u00fcrich\"],\"articleSection\":[\"REGIONEN\"],\"inLanguage\":\"fr-FR\"},{\"@type\":\"WebPage\",\"@id\":\"https:\\\/\\\/www.immobilienbusiness.ch\\\/regionen\\\/2017-01-19\\\/zuerich-deloitte-wird-hauptmieter-im-prime-2\\\/\",\"url\":\"https:\\\/\\\/www.immobilienbusiness.ch\\\/regionen\\\/2017-01-19\\\/zuerich-deloitte-wird-hauptmieter-im-prime-2\\\/\",\"name\":\"Z\u00fcrich: Deloitte wird Hauptmieter im \u00abPrime 2\u00bb - IMMOBILIEN Business\",\"isPartOf\":{\"@id\":\"https:\\\/\\\/www.immobilienbusiness.ch\\\/#website\"},\"primaryImageOfPage\":{\"@id\":\"https:\\\/\\\/www.immobilienbusiness.ch\\\/regionen\\\/2017-01-19\\\/zuerich-deloitte-wird-hauptmieter-im-prime-2\\\/#primaryimage\"},\"image\":{\"@id\":\"https:\\\/\\\/www.immobilienbusiness.ch\\\/regionen\\\/2017-01-19\\\/zuerich-deloitte-wird-hauptmieter-im-prime-2\\\/#primaryimage\"},\"thumbnailUrl\":\"https:\\\/\\\/www.immobilienbusiness.ch\\\/wp-content\\\/uploads\\\/2017\\\/01\\\/Deloitte_New-Zurich-headquarters_Jan-2017_a.jpg\",\"datePublished\":\"2017-01-19T08:10:30+00:00\",\"description\":\"Deloitte wird ihren Schweizer Hauptsitz in das B\u00fcro- und Gesch\u00e4ftshaus \u00abPrime 2\u00bb in Z\u00fcrich-West verlegen. Der Neubau soll bis 2020 fertiggestellt sein.\",\"breadcrumb\":{\"@id\":\"https:\\\/\\\/www.immobilienbusiness.ch\\\/regionen\\\/2017-01-19\\\/zuerich-deloitte-wird-hauptmieter-im-prime-2\\\/#breadcrumb\"},\"inLanguage\":\"fr-FR\",\"potentialAction\":[{\"@type\":\"ReadAction\",\"target\":[\"https:\\\/\\\/www.immobilienbusiness.ch\\\/regionen\\\/2017-01-19\\\/zuerich-deloitte-wird-hauptmieter-im-prime-2\\\/\"]}]},{\"@type\":\"ImageObject\",\"inLanguage\":\"fr-FR\",\"@id\":\"https:\\\/\\\/www.immobilienbusiness.ch\\\/regionen\\\/2017-01-19\\\/zuerich-deloitte-wird-hauptmieter-im-prime-2\\\/#primaryimage\",\"url\":\"https:\\\/\\\/www.immobilienbusiness.ch\\\/wp-content\\\/uploads\\\/2017\\\/01\\\/Deloitte_New-Zurich-headquarters_Jan-2017_a.jpg\",\"contentUrl\":\"https:\\\/\\\/www.immobilienbusiness.ch\\\/wp-content\\\/uploads\\\/2017\\\/01\\\/Deloitte_New-Zurich-headquarters_Jan-2017_a.jpg\",\"width\":605,\"height\":354,\"caption\":\"Dieses Geb\u00e4ude auf dem Welti-Furrer-Areal in Z\u00fcrich-West ist bereits fertiggestellt worden (Visualisierung: Deloitte\\\/Welti-Furrer)\"},{\"@type\":\"BreadcrumbList\",\"@id\":\"https:\\\/\\\/www.immobilienbusiness.ch\\\/regionen\\\/2017-01-19\\\/zuerich-deloitte-wird-hauptmieter-im-prime-2\\\/#breadcrumb\",\"itemListElement\":[{\"@type\":\"ListItem\",\"position\":1,\"name\":\"Home\",\"item\":\"https:\\\/\\\/www.immobilienbusiness.ch\\\/\"},{\"@type\":\"ListItem\",\"position\":2,\"name\":\"Z\u00fcrich: Deloitte wird Hauptmieter im \u00abPrime 2\u00bb\"}]},{\"@type\":\"WebSite\",\"@id\":\"https:\\\/\\\/www.immobilienbusiness.ch\\\/#website\",\"url\":\"https:\\\/\\\/www.immobilienbusiness.ch\\\/\",\"name\":\"IMMOBILIEN Business\",\"description\":\"Unabh\u00e4ngiges Schweizer Wirtschaftsmagazin mit Fokus auf Immobilien, Architektur- und Bau sowie Investment- und Finanzierung.\",\"publisher\":{\"@id\":\"https:\\\/\\\/www.immobilienbusiness.ch\\\/#organization\"},\"potentialAction\":[{\"@type\":\"SearchAction\",\"target\":{\"@type\":\"EntryPoint\",\"urlTemplate\":\"https:\\\/\\\/www.immobilienbusiness.ch\\\/?s={search_term_string}\"},\"query-input\":{\"@type\":\"PropertyValueSpecification\",\"valueRequired\":true,\"valueName\":\"search_term_string\"}}],\"inLanguage\":\"fr-FR\"},{\"@type\":\"Organization\",\"@id\":\"https:\\\/\\\/www.immobilienbusiness.ch\\\/#organization\",\"name\":\"IMMOBILIEN Business\",\"url\":\"https:\\\/\\\/www.immobilienbusiness.ch\\\/\",\"logo\":{\"@type\":\"ImageObject\",\"inLanguage\":\"fr-FR\",\"@id\":\"https:\\\/\\\/www.immobilienbusiness.ch\\\/#\\\/schema\\\/logo\\\/image\\\/\",\"url\":\"https:\\\/\\\/www.immobilienbusiness.ch\\\/wp-content\\\/uploads\\\/2021\\\/07\\\/logo_ib.png\",\"contentUrl\":\"https:\\\/\\\/www.immobilienbusiness.ch\\\/wp-content\\\/uploads\\\/2021\\\/07\\\/logo_ib.png\",\"width\":800,\"height\":181,\"caption\":\"IMMOBILIEN Business\"},\"image\":{\"@id\":\"https:\\\/\\\/www.immobilienbusiness.ch\\\/#\\\/schema\\\/logo\\\/image\\\/\"},\"sameAs\":[\"https:\\\/\\\/www.facebook.com\\\/immobilienbusiness\\\/\"]},{\"@type\":\"Person\",\"@id\":\"https:\\\/\\\/www.immobilienbusiness.ch\\\/#\\\/schema\\\/person\\\/3fc036297b10b9f42d6db5ee932af8c8\",\"name\":\"anja.hall\",\"image\":{\"@type\":\"ImageObject\",\"inLanguage\":\"fr-FR\",\"@id\":\"https:\\\/\\\/secure.gravatar.com\\\/avatar\\\/066b5a0d447013502c71a5782f4f3469f03cfe595cc2329fb94652fe47511bfb?s=96&d=mm&r=g\",\"url\":\"https:\\\/\\\/secure.gravatar.com\\\/avatar\\\/066b5a0d447013502c71a5782f4f3469f03cfe595cc2329fb94652fe47511bfb?s=96&d=mm&r=g\",\"contentUrl\":\"https:\\\/\\\/secure.gravatar.com\\\/avatar\\\/066b5a0d447013502c71a5782f4f3469f03cfe595cc2329fb94652fe47511bfb?s=96&d=mm&r=g\",\"caption\":\"anja.hall\"},\"url\":\"https:\\\/\\\/www.immobilienbusiness.ch\\\/fr\\\/author\\\/anja-hall\\\/\"}]}<\/script>\n<!-- \/ Yoast SEO plugin. -->","yoast_head_json":{"title":"Z\u00fcrich: Deloitte wird Hauptmieter im \u00abPrime 2\u00bb - IMMOBILIEN Business","description":"Deloitte wird ihren Schweizer Hauptsitz in das B\u00fcro- und Gesch\u00e4ftshaus \u00abPrime 2\u00bb in Z\u00fcrich-West verlegen. Der Neubau soll bis 2020 fertiggestellt sein.","robots":{"index":"index","follow":"follow","max-snippet":"max-snippet:-1","max-image-preview":"max-image-preview:large","max-video-preview":"max-video-preview:-1"},"canonical":"https:\/\/www.immobilienbusiness.ch\/fr\/regionen\/2017-01-19\/zuerich-deloitte-wird-hauptmieter-im-prime-2\/","og_locale":"fr_FR","og_type":"article","og_title":"Z\u00fcrich: Deloitte wird Hauptmieter im \u00abPrime 2\u00bb","og_description":"Deloitte wird ihren Schweizer Hauptsitz in das B\u00fcro- und Gesch\u00e4ftshaus \u00abPrime 2\u00bb in Z\u00fcrich-West verlegen. Der Neubau soll bis 2020 fertiggestellt sein.","og_url":"https:\/\/www.immobilienbusiness.ch\/fr\/regionen\/2017-01-19\/zuerich-deloitte-wird-hauptmieter-im-prime-2\/","og_site_name":"IMMOBILIEN Business","article_publisher":"https:\/\/www.facebook.com\/immobilienbusiness\/","article_published_time":"2017-01-19T08:10:30+00:00","og_image":[{"width":605,"height":354,"url":"https:\/\/www.immobilienbusiness.ch\/wp-content\/uploads\/2017\/01\/Deloitte_New-Zurich-headquarters_Jan-2017_a.jpg","type":"image\/jpeg"}],"author":"anja.hall","twitter_card":"summary_large_image","twitter_title":"Z\u00fcrich: Deloitte wird Hauptmieter im \u00abPrime 2\u00bb","twitter_description":"Deloitte wird ihren Schweizer Hauptsitz in das B\u00fcro- und Gesch\u00e4ftshaus \u00abPrime 2\u00bb in Z\u00fcrich-West verlegen. Der Neubau soll bis 2020 fertiggestellt sein.","schema":{"@context":"https:\/\/schema.org","@graph":[{"@type":"Article","@id":"https:\/\/www.immobilienbusiness.ch\/regionen\/2017-01-19\/zuerich-deloitte-wird-hauptmieter-im-prime-2\/#article","isPartOf":{"@id":"https:\/\/www.immobilienbusiness.ch\/regionen\/2017-01-19\/zuerich-deloitte-wird-hauptmieter-im-prime-2\/"},"author":{"name":"anja.hall","@id":"https:\/\/www.immobilienbusiness.ch\/#\/schema\/person\/3fc036297b10b9f42d6db5ee932af8c8"},"headline":"Z\u00fcrich: Deloitte wird Hauptmieter im \u00abPrime 2\u00bb","datePublished":"2017-01-19T08:10:30+00:00","mainEntityOfPage":{"@id":"https:\/\/www.immobilienbusiness.ch\/regionen\/2017-01-19\/zuerich-deloitte-wird-hauptmieter-im-prime-2\/"},"wordCount":218,"commentCount":2,"publisher":{"@id":"https:\/\/www.immobilienbusiness.ch\/#organization"},"image":{"@id":"https:\/\/www.immobilienbusiness.ch\/regionen\/2017-01-19\/zuerich-deloitte-wird-hauptmieter-im-prime-2\/#primaryimage"},"thumbnailUrl":"https:\/\/www.immobilienbusiness.ch\/wp-content\/uploads\/2017\/01\/Deloitte_New-Zurich-headquarters_Jan-2017_a.jpg","keywords":["B\u00fcro","Regionen","Z\u00fcrich"],"articleSection":["REGIONEN"],"inLanguage":"fr-FR"},{"@type":"WebPage","@id":"https:\/\/www.immobilienbusiness.ch\/regionen\/2017-01-19\/zuerich-deloitte-wird-hauptmieter-im-prime-2\/","url":"https:\/\/www.immobilienbusiness.ch\/regionen\/2017-01-19\/zuerich-deloitte-wird-hauptmieter-im-prime-2\/","name":"Z\u00fcrich: Deloitte wird Hauptmieter im \u00abPrime 2\u00bb - IMMOBILIEN Business","isPartOf":{"@id":"https:\/\/www.immobilienbusiness.ch\/#website"},"primaryImageOfPage":{"@id":"https:\/\/www.immobilienbusiness.ch\/regionen\/2017-01-19\/zuerich-deloitte-wird-hauptmieter-im-prime-2\/#primaryimage"},"image":{"@id":"https:\/\/www.immobilienbusiness.ch\/regionen\/2017-01-19\/zuerich-deloitte-wird-hauptmieter-im-prime-2\/#primaryimage"},"thumbnailUrl":"https:\/\/www.immobilienbusiness.ch\/wp-content\/uploads\/2017\/01\/Deloitte_New-Zurich-headquarters_Jan-2017_a.jpg","datePublished":"2017-01-19T08:10:30+00:00","description":"Deloitte wird ihren Schweizer Hauptsitz in das B\u00fcro- und Gesch\u00e4ftshaus \u00abPrime 2\u00bb in Z\u00fcrich-West verlegen. Der Neubau soll bis 2020 fertiggestellt sein.","breadcrumb":{"@id":"https:\/\/www.immobilienbusiness.ch\/regionen\/2017-01-19\/zuerich-deloitte-wird-hauptmieter-im-prime-2\/#breadcrumb"},"inLanguage":"fr-FR","potentialAction":[{"@type":"ReadAction","target":["https:\/\/www.immobilienbusiness.ch\/regionen\/2017-01-19\/zuerich-deloitte-wird-hauptmieter-im-prime-2\/"]}]},{"@type":"ImageObject","inLanguage":"fr-FR","@id":"https:\/\/www.immobilienbusiness.ch\/regionen\/2017-01-19\/zuerich-deloitte-wird-hauptmieter-im-prime-2\/#primaryimage","url":"https:\/\/www.immobilienbusiness.ch\/wp-content\/uploads\/2017\/01\/Deloitte_New-Zurich-headquarters_Jan-2017_a.jpg","contentUrl":"https:\/\/www.immobilienbusiness.ch\/wp-content\/uploads\/2017\/01\/Deloitte_New-Zurich-headquarters_Jan-2017_a.jpg","width":605,"height":354,"caption":"Dieses Geb\u00e4ude auf dem Welti-Furrer-Areal in Z\u00fcrich-West ist bereits fertiggestellt worden (Visualisierung: Deloitte\/Welti-Furrer)"},{"@type":"BreadcrumbList","@id":"https:\/\/www.immobilienbusiness.ch\/regionen\/2017-01-19\/zuerich-deloitte-wird-hauptmieter-im-prime-2\/#breadcrumb","itemListElement":[{"@type":"ListItem","position":1,"name":"Home","item":"https:\/\/www.immobilienbusiness.ch\/"},{"@type":"ListItem","position":2,"name":"Z\u00fcrich: Deloitte wird Hauptmieter im \u00abPrime 2\u00bb"}]},{"@type":"WebSite","@id":"https:\/\/www.immobilienbusiness.ch\/#website","url":"https:\/\/www.immobilienbusiness.ch\/","name":"IMMOBILIER Business","description":"Magazine \u00e9conomique suisse ind\u00e9pendant ax\u00e9 sur l'immobilier, l'architecture et la construction ainsi que sur les investissements et le financement.","publisher":{"@id":"https:\/\/www.immobilienbusiness.ch\/#organization"},"potentialAction":[{"@type":"SearchAction","target":{"@type":"EntryPoint","urlTemplate":"https:\/\/www.immobilienbusiness.ch\/?s={search_term_string}"},"query-input":{"@type":"PropertyValueSpecification","valueRequired":true,"valueName":"search_term_string"}}],"inLanguage":"fr-FR"},{"@type":"Organization","@id":"https:\/\/www.immobilienbusiness.ch\/#organization","name":"IMMOBILIER Business","url":"https:\/\/www.immobilienbusiness.ch\/","logo":{"@type":"ImageObject","inLanguage":"fr-FR","@id":"https:\/\/www.immobilienbusiness.ch\/#\/schema\/logo\/image\/","url":"https:\/\/www.immobilienbusiness.ch\/wp-content\/uploads\/2021\/07\/logo_ib.png","contentUrl":"https:\/\/www.immobilienbusiness.ch\/wp-content\/uploads\/2021\/07\/logo_ib.png","width":800,"height":181,"caption":"IMMOBILIEN Business"},"image":{"@id":"https:\/\/www.immobilienbusiness.ch\/#\/schema\/logo\/image\/"},"sameAs":["https:\/\/www.facebook.com\/immobilienbusiness\/"]},{"@type":"Person","@id":"https:\/\/www.immobilienbusiness.ch\/#\/schema\/person\/3fc036297b10b9f42d6db5ee932af8c8","name":"anja.hall","image":{"@type":"ImageObject","inLanguage":"fr-FR","@id":"https:\/\/secure.gravatar.com\/avatar\/066b5a0d447013502c71a5782f4f3469f03cfe595cc2329fb94652fe47511bfb?s=96&d=mm&r=g","url":"https:\/\/secure.gravatar.com\/avatar\/066b5a0d447013502c71a5782f4f3469f03cfe595cc2329fb94652fe47511bfb?s=96&d=mm&r=g","contentUrl":"https:\/\/secure.gravatar.com\/avatar\/066b5a0d447013502c71a5782f4f3469f03cfe595cc2329fb94652fe47511bfb?s=96&d=mm&r=g","caption":"anja.hall"},"url":"https:\/\/www.immobilienbusiness.ch\/fr\/author\/anja-hall\/"}]}},"_links":{"self":[{"href":"https:\/\/www.immobilienbusiness.ch\/fr\/wp-json\/wp\/v2\/posts\/5901","targetHints":{"allow":["GET"]}}],"collection":[{"href":"https:\/\/www.immobilienbusiness.ch\/fr\/wp-json\/wp\/v2\/posts"}],"about":[{"href":"https:\/\/www.immobilienbusiness.ch\/fr\/wp-json\/wp\/v2\/types\/post"}],"author":[{"embeddable":true,"href":"https:\/\/www.immobilienbusiness.ch\/fr\/wp-json\/wp\/v2\/users\/3"}],"replies":[{"embeddable":true,"href":"https:\/\/www.immobilienbusiness.ch\/fr\/wp-json\/wp\/v2\/comments?post=5901"}],"version-history":[{"count":0,"href":"https:\/\/www.immobilienbusiness.ch\/fr\/wp-json\/wp\/v2\/posts\/5901\/revisions"}],"wp:featuredmedia":[{"embeddable":true,"href":"https:\/\/www.immobilienbusiness.ch\/fr\/wp-json\/wp\/v2\/media\/5903"}],"wp:attachment":[{"href":"https:\/\/www.immobilienbusiness.ch\/fr\/wp-json\/wp\/v2\/media?parent=5901"}],"wp:term":[{"taxonomy":"category","embeddable":true,"href":"https:\/\/www.immobilienbusiness.ch\/fr\/wp-json\/wp\/v2\/categories?post=5901"},{"taxonomy":"post_tag","embeddable":true,"href":"https:\/\/www.immobilienbusiness.ch\/fr\/wp-json\/wp\/v2\/tags?post=5901"}],"curies":[{"name":"wp","href":"https:\/\/api.w.org\/{rel}","templated":true}]}}