{"id":5896,"date":"2017-01-19T08:47:13","date_gmt":"2017-01-19T07:47:13","guid":{"rendered":"https:\/\/immobilienbusiness.ch\/?p=5896"},"modified":"2017-01-19T08:47:13","modified_gmt":"2017-01-19T07:47:13","slug":"radisson-blu-eroeffnet-hotel-in-genf","status":"publish","type":"post","link":"https:\/\/www.immobilienbusiness.ch\/fr\/regionen\/2017-01-19\/radisson-blu-eroeffnet-hotel-in-genf\/","title":{"rendered":"Radisson Blu pr\u00e9voit de construire un h\u00f4tel \u00e0 Gen\u00e8ve"},"content":{"rendered":"<figure id=\"attachment_5898\" aria-describedby=\"caption-attachment-5898\" style=\"width: 680px\" class=\"wp-caption alignnone\"><img loading=\"lazy\" decoding=\"async\" class=\"wp-image-5898 size-medium\" src=\"https:\/\/immobilienbusiness.ch\/wp-content\/uploads\/2017\/01\/Radisson-Blu-Mall-of-America-Exterior1.jpg\" width=\"680\" height=\"432\" srcset=\"https:\/\/www.immobilienbusiness.ch\/wp-content\/uploads\/2017\/01\/Radisson-Blu-Mall-of-America-Exterior1.jpg 1024w, https:\/\/www.immobilienbusiness.ch\/wp-content\/uploads\/2017\/01\/Radisson-Blu-Mall-of-America-Exterior1-300x191.jpg 300w, https:\/\/www.immobilienbusiness.ch\/wp-content\/uploads\/2017\/01\/Radisson-Blu-Mall-of-America-Exterior1-768x488.jpg 768w, https:\/\/www.immobilienbusiness.ch\/wp-content\/uploads\/2017\/01\/Radisson-Blu-Mall-of-America-Exterior1-16x10.jpg 16w, https:\/\/www.immobilienbusiness.ch\/wp-content\/uploads\/2017\/01\/Radisson-Blu-Mall-of-America-Exterior1-275x175.jpg 275w, https:\/\/www.immobilienbusiness.ch\/wp-content\/uploads\/2017\/01\/Radisson-Blu-Mall-of-America-Exterior1-551x350.jpg 551w, https:\/\/www.immobilienbusiness.ch\/wp-content\/uploads\/2017\/01\/Radisson-Blu-Mall-of-America-Exterior1-920x585.jpg 920w\" sizes=\"auto, (max-width: 680px) 100vw, 680px\" \/><figcaption id=\"caption-attachment-5898\" class=\"wp-caption-text\">D\u00e8s 2021, Gen\u00e8ve devrait \u00e9galement accueillir un h\u00f4tel de la marque Radisson Blu. Ici, l'ext\u00e9rieur d'un h\u00f4tel aux \u00c9tats-Unis (photo : Carlson Rezidor)<\/figcaption><\/figure>\n<p>Le Radisson Blu Gen\u00e8ve, situ\u00e9 entre le centre-ville et l'a\u00e9roport de Gen\u00e8ve Cointrin, devrait ouvrir ses portes en 2021, communique Rezidor.  L'h\u00f4tel d'affaires et de conf\u00e9rences disposera de 250 chambres et suites. En outre, une salle de bal de 350 m\u00b2, huit salles de r\u00e9union et huit boardrooms haut de gamme sont pr\u00e9vus et seront reli\u00e9s entre eux par un foyer de r\u00e9union situ\u00e9 au centre. Un restaurant All-Day-Dining ainsi qu'un bar et un salon d'h\u00f4tel, un espace bien-\u00eatre avec un centre de fitness et un wellness\/spa sur une surface totale d'environ 600 m\u00b2 sont \u00e9galement pr\u00e9vus.<\/p>\n<p>Selon Elie Younes, Executive Vice President &amp; Chief Development Officer de la maison m\u00e8re Rezidor Hotel Group, le site de Gen\u00e8ve est d'une importance strat\u00e9gique majeure pour Radisson Blu : \"Gen\u00e8ve est une ville tr\u00e8s connect\u00e9e au niveau international et fait donc partie des hotspots absolus pour l'h\u00f4tellerie europ\u00e9enne et m\u00eame mondiale. Nous sommes tr\u00e8s heureux d'y \u00eatre bient\u00f4t repr\u00e9sent\u00e9s avec notre marque styl\u00e9e Radisson Blu et remercions l'investisseur suisse pour la confiance qu'il nous a t\u00e9moign\u00e9e\". Le d\u00e9veloppement et la r\u00e9alisation du projet sont assur\u00e9s par HRS Real Estate SA Gen\u00e8ve. La construction du b\u00e2timent a \u00e9t\u00e9 confi\u00e9e \u00e0 Burckhardt + Partner AG, l'un des principaux bureaux suisses d'architecture et de planification g\u00e9n\u00e9rale.<\/p>\n<h2>Gen\u00e8ve devient le sixi\u00e8me site de Radisson Blu en Suisse<\/h2>\n<p>Rezidor exploite d\u00e9j\u00e0 quatre \u00e9tablissements de la marque Radisson Blu en Suisse : \u00e0 l'a\u00e9roport de Zurich ainsi qu'\u00e0 B\u00e2le, Lucerne et Saint-Gall. <a href=\"https:\/\/www.immobilienbusiness.ch\/fr\/andermatt-richtfest-fuer-hotel-und-apartmenthaeuser\/\">En outre, la f\u00eate du bouquet de chantier pour le prochain nouveau b\u00e2timent \u00e0 Andermatt a \u00e9t\u00e9 c\u00e9l\u00e9br\u00e9e en novembre. <\/a>L'\u00e9tablissement de Gen\u00e8ve sera donc le sixi\u00e8me en Suisse. Au total, il existe pr\u00e8s de 300 Radisson Blu dans 69 pays du monde. Le groupe cible de la marque h\u00f4teli\u00e8re est constitu\u00e9 par les voyageurs d'affaires, les clients en week-end et les citadins.  Les h\u00f4tels Radisson Blu sont situ\u00e9s dans les grandes m\u00e9tropoles, les a\u00e9roports et les destinations touristiques du monde entier.<\/p>\n<p>Radisson Blu fait partie du Carlson Rezidor Hotel Group, qui comprend \u00e9galement les marques Quorvus Collection, Radisson, Radisson Red, Park Plaza, Park Inn by Radisson et Country Inns &amp; Suites By CarlsonSM. Le portefeuille du groupe comprend actuellement plus de 475 h\u00f4tels en exploitation et en d\u00e9veloppement avec plus de 104.000 chambres dans plus de 80 pays.<\/p>","protected":false},"excerpt":{"rendered":"<p>Le Rezidor Hotel Group veut ouvrir un h\u00f4tel de la marque Radisson Blu \u00e0 Gen\u00e8ve. HRS Real Estate est responsable du d\u00e9veloppement et de la r\u00e9alisation du projet, qui sera construit selon les plans de Burckhardt + Partner.<\/p>","protected":false},"author":3,"featured_media":5898,"comment_status":"open","ping_status":"open","sticky":false,"template":"","format":"standard","meta":{"_acf_changed":false,"_yoast_wpseo_focuskw":"Radisson Blu","_yoast_wpseo_title":"","_yoast_wpseo_metadesc":"Die Rezidor Hotel Group will ein Hotel der Marke Radisson Blu in Genf er\u00f6ffnen. F\u00fcr Entwicklung und Realisierung zeichnet HRS Real Estate verantwortlich.","_yoast_wpseo_linkdex":92,"pgc_sgb_lightbox_settings":"","footnotes":""},"categories":[985],"tags":[1260,1317,1600,1629,1852],"class_list":["post-5896","post","type-post","status-publish","format-standard","has-post-thumbnail","hentry","category-regionen","tag-genf","tag-hotels","tag-projekt-in-planung","tag-regionen","tag-west-schweiz"],"acf":[],"yoast_head":"<!-- This site is optimized with the Yoast SEO plugin v27.5 - https:\/\/yoast.com\/product\/yoast-seo-wordpress\/ -->\n<title>Radisson Blu plant Hotel in Genf - IMMOBILIEN Business<\/title>\n<meta name=\"description\" content=\"Die Rezidor Hotel Group will ein Hotel der Marke Radisson Blu in Genf er\u00f6ffnen. F\u00fcr Entwicklung und Realisierung zeichnet HRS Real Estate verantwortlich.\" \/>\n<meta name=\"robots\" content=\"index, follow, max-snippet:-1, max-image-preview:large, max-video-preview:-1\" \/>\n<link rel=\"canonical\" href=\"https:\/\/www.immobilienbusiness.ch\/fr\/regionen\/2017-01-19\/radisson-blu-eroeffnet-hotel-in-genf\/\" \/>\n<meta property=\"og:locale\" content=\"fr_FR\" \/>\n<meta property=\"og:type\" content=\"article\" \/>\n<meta property=\"og:title\" content=\"Radisson Blu plant Hotel in Genf\" \/>\n<meta property=\"og:description\" content=\"Die Rezidor Hotel Group will ein Hotel der Marke Radisson Blu in Genf er\u00f6ffnen. F\u00fcr Entwicklung und Realisierung zeichnet HRS Real Estate verantwortlich.\" \/>\n<meta property=\"og:url\" content=\"https:\/\/www.immobilienbusiness.ch\/fr\/regionen\/2017-01-19\/radisson-blu-eroeffnet-hotel-in-genf\/\" \/>\n<meta property=\"og:site_name\" content=\"IMMOBILIEN Business\" \/>\n<meta property=\"article:publisher\" content=\"https:\/\/www.facebook.com\/immobilienbusiness\/\" \/>\n<meta property=\"article:published_time\" content=\"2017-01-19T07:47:13+00:00\" \/>\n<meta name=\"author\" content=\"anja.hall\" \/>\n<meta name=\"twitter:card\" content=\"summary_large_image\" \/>\n<meta name=\"twitter:title\" content=\"Radisson Blu plant Hotel in Genf\" \/>\n<meta name=\"twitter:description\" content=\"Die Rezidor Hotel Group will ein Hotel der Marke Radisson Blu in Genf er\u00f6ffnen. F\u00fcr Entwicklung und Realisierung zeichnet HRS Real Estate verantwortlich.\" \/>\n<meta name=\"twitter:image\" content=\"https:\/\/immobilienbusiness.ch\/wp-content\/uploads\/2017\/01\/Radisson-Blu-Mall-of-America-Exterior1.jpg\" \/>\n<script type=\"application\/ld+json\" class=\"yoast-schema-graph\">{\"@context\":\"https:\\\/\\\/schema.org\",\"@graph\":[{\"@type\":\"Article\",\"@id\":\"https:\\\/\\\/www.immobilienbusiness.ch\\\/en\\\/regionen\\\/2017-01-19\\\/radisson-blu-eroeffnet-hotel-in-genf\\\/#article\",\"isPartOf\":{\"@id\":\"https:\\\/\\\/www.immobilienbusiness.ch\\\/en\\\/regionen\\\/2017-01-19\\\/radisson-blu-eroeffnet-hotel-in-genf\\\/\"},\"author\":{\"name\":\"anja.hall\",\"@id\":\"https:\\\/\\\/www.immobilienbusiness.ch\\\/#\\\/schema\\\/person\\\/3fc036297b10b9f42d6db5ee932af8c8\"},\"headline\":\"Radisson Blu plant Hotel in Genf\",\"datePublished\":\"2017-01-19T07:47:13+00:00\",\"mainEntityOfPage\":{\"@id\":\"https:\\\/\\\/www.immobilienbusiness.ch\\\/en\\\/regionen\\\/2017-01-19\\\/radisson-blu-eroeffnet-hotel-in-genf\\\/\"},\"wordCount\":390,\"commentCount\":0,\"publisher\":{\"@id\":\"https:\\\/\\\/www.immobilienbusiness.ch\\\/#organization\"},\"image\":{\"@id\":\"https:\\\/\\\/www.immobilienbusiness.ch\\\/en\\\/regionen\\\/2017-01-19\\\/radisson-blu-eroeffnet-hotel-in-genf\\\/#primaryimage\"},\"thumbnailUrl\":\"https:\\\/\\\/www.immobilienbusiness.ch\\\/wp-content\\\/uploads\\\/2017\\\/01\\\/Radisson-Blu-Mall-of-America-Exterior1.jpg\",\"keywords\":[\"Genf\",\"Hotels\",\"Projekt in Planung\",\"Regionen\",\"West-Schweiz\"],\"articleSection\":[\"REGIONEN\"],\"inLanguage\":\"fr-FR\"},{\"@type\":\"WebPage\",\"@id\":\"https:\\\/\\\/www.immobilienbusiness.ch\\\/en\\\/regionen\\\/2017-01-19\\\/radisson-blu-eroeffnet-hotel-in-genf\\\/\",\"url\":\"https:\\\/\\\/www.immobilienbusiness.ch\\\/en\\\/regionen\\\/2017-01-19\\\/radisson-blu-eroeffnet-hotel-in-genf\\\/\",\"name\":\"Radisson Blu plant Hotel in Genf - IMMOBILIEN Business\",\"isPartOf\":{\"@id\":\"https:\\\/\\\/www.immobilienbusiness.ch\\\/#website\"},\"primaryImageOfPage\":{\"@id\":\"https:\\\/\\\/www.immobilienbusiness.ch\\\/en\\\/regionen\\\/2017-01-19\\\/radisson-blu-eroeffnet-hotel-in-genf\\\/#primaryimage\"},\"image\":{\"@id\":\"https:\\\/\\\/www.immobilienbusiness.ch\\\/en\\\/regionen\\\/2017-01-19\\\/radisson-blu-eroeffnet-hotel-in-genf\\\/#primaryimage\"},\"thumbnailUrl\":\"https:\\\/\\\/www.immobilienbusiness.ch\\\/wp-content\\\/uploads\\\/2017\\\/01\\\/Radisson-Blu-Mall-of-America-Exterior1.jpg\",\"datePublished\":\"2017-01-19T07:47:13+00:00\",\"description\":\"Die Rezidor Hotel Group will ein Hotel der Marke Radisson Blu in Genf er\u00f6ffnen. F\u00fcr Entwicklung und Realisierung zeichnet HRS Real Estate verantwortlich.\",\"breadcrumb\":{\"@id\":\"https:\\\/\\\/www.immobilienbusiness.ch\\\/en\\\/regionen\\\/2017-01-19\\\/radisson-blu-eroeffnet-hotel-in-genf\\\/#breadcrumb\"},\"inLanguage\":\"fr-FR\",\"potentialAction\":[{\"@type\":\"ReadAction\",\"target\":[\"https:\\\/\\\/www.immobilienbusiness.ch\\\/en\\\/regionen\\\/2017-01-19\\\/radisson-blu-eroeffnet-hotel-in-genf\\\/\"]}]},{\"@type\":\"ImageObject\",\"inLanguage\":\"fr-FR\",\"@id\":\"https:\\\/\\\/www.immobilienbusiness.ch\\\/en\\\/regionen\\\/2017-01-19\\\/radisson-blu-eroeffnet-hotel-in-genf\\\/#primaryimage\",\"url\":\"https:\\\/\\\/www.immobilienbusiness.ch\\\/wp-content\\\/uploads\\\/2017\\\/01\\\/Radisson-Blu-Mall-of-America-Exterior1.jpg\",\"contentUrl\":\"https:\\\/\\\/www.immobilienbusiness.ch\\\/wp-content\\\/uploads\\\/2017\\\/01\\\/Radisson-Blu-Mall-of-America-Exterior1.jpg\",\"width\":1024,\"height\":651,\"caption\":\"Ab 2012 soll es uch in Genf ein Hotel der Marke Raddison Blu geben. Hier im Bild die Aussenansicht eines Hotels in den USA (Foto: Carlson Rezidor)\"},{\"@type\":\"BreadcrumbList\",\"@id\":\"https:\\\/\\\/www.immobilienbusiness.ch\\\/en\\\/regionen\\\/2017-01-19\\\/radisson-blu-eroeffnet-hotel-in-genf\\\/#breadcrumb\",\"itemListElement\":[{\"@type\":\"ListItem\",\"position\":1,\"name\":\"Home\",\"item\":\"https:\\\/\\\/www.immobilienbusiness.ch\\\/\"},{\"@type\":\"ListItem\",\"position\":2,\"name\":\"Radisson Blu plant Hotel in Genf\"}]},{\"@type\":\"WebSite\",\"@id\":\"https:\\\/\\\/www.immobilienbusiness.ch\\\/#website\",\"url\":\"https:\\\/\\\/www.immobilienbusiness.ch\\\/\",\"name\":\"IMMOBILIEN Business\",\"description\":\"Unabh\u00e4ngiges Schweizer Wirtschaftsmagazin mit Fokus auf Immobilien, Architektur- und Bau sowie Investment- und Finanzierung.\",\"publisher\":{\"@id\":\"https:\\\/\\\/www.immobilienbusiness.ch\\\/#organization\"},\"potentialAction\":[{\"@type\":\"SearchAction\",\"target\":{\"@type\":\"EntryPoint\",\"urlTemplate\":\"https:\\\/\\\/www.immobilienbusiness.ch\\\/?s={search_term_string}\"},\"query-input\":{\"@type\":\"PropertyValueSpecification\",\"valueRequired\":true,\"valueName\":\"search_term_string\"}}],\"inLanguage\":\"fr-FR\"},{\"@type\":\"Organization\",\"@id\":\"https:\\\/\\\/www.immobilienbusiness.ch\\\/#organization\",\"name\":\"IMMOBILIEN Business\",\"url\":\"https:\\\/\\\/www.immobilienbusiness.ch\\\/\",\"logo\":{\"@type\":\"ImageObject\",\"inLanguage\":\"fr-FR\",\"@id\":\"https:\\\/\\\/www.immobilienbusiness.ch\\\/#\\\/schema\\\/logo\\\/image\\\/\",\"url\":\"https:\\\/\\\/www.immobilienbusiness.ch\\\/wp-content\\\/uploads\\\/2021\\\/07\\\/logo_ib.png\",\"contentUrl\":\"https:\\\/\\\/www.immobilienbusiness.ch\\\/wp-content\\\/uploads\\\/2021\\\/07\\\/logo_ib.png\",\"width\":800,\"height\":181,\"caption\":\"IMMOBILIEN Business\"},\"image\":{\"@id\":\"https:\\\/\\\/www.immobilienbusiness.ch\\\/#\\\/schema\\\/logo\\\/image\\\/\"},\"sameAs\":[\"https:\\\/\\\/www.facebook.com\\\/immobilienbusiness\\\/\"]},{\"@type\":\"Person\",\"@id\":\"https:\\\/\\\/www.immobilienbusiness.ch\\\/#\\\/schema\\\/person\\\/3fc036297b10b9f42d6db5ee932af8c8\",\"name\":\"anja.hall\",\"image\":{\"@type\":\"ImageObject\",\"inLanguage\":\"fr-FR\",\"@id\":\"https:\\\/\\\/secure.gravatar.com\\\/avatar\\\/066b5a0d447013502c71a5782f4f3469f03cfe595cc2329fb94652fe47511bfb?s=96&d=mm&r=g\",\"url\":\"https:\\\/\\\/secure.gravatar.com\\\/avatar\\\/066b5a0d447013502c71a5782f4f3469f03cfe595cc2329fb94652fe47511bfb?s=96&d=mm&r=g\",\"contentUrl\":\"https:\\\/\\\/secure.gravatar.com\\\/avatar\\\/066b5a0d447013502c71a5782f4f3469f03cfe595cc2329fb94652fe47511bfb?s=96&d=mm&r=g\",\"caption\":\"anja.hall\"},\"url\":\"https:\\\/\\\/www.immobilienbusiness.ch\\\/fr\\\/author\\\/anja-hall\\\/\"}]}<\/script>\n<!-- \/ Yoast SEO plugin. -->","yoast_head_json":{"title":"Radisson Blu pr\u00e9voit un h\u00f4tel \u00e0 Gen\u00e8ve - IMMOBILIER Business","description":"Le Rezidor Hotel Group veut ouvrir un h\u00f4tel de la marque Radisson Blu \u00e0 Gen\u00e8ve. HRS Real Estate est responsable du d\u00e9veloppement et de la r\u00e9alisation.","robots":{"index":"index","follow":"follow","max-snippet":"max-snippet:-1","max-image-preview":"max-image-preview:large","max-video-preview":"max-video-preview:-1"},"canonical":"https:\/\/www.immobilienbusiness.ch\/fr\/regionen\/2017-01-19\/radisson-blu-eroeffnet-hotel-in-genf\/","og_locale":"fr_FR","og_type":"article","og_title":"Radisson Blu plant Hotel in Genf","og_description":"Die Rezidor Hotel Group will ein Hotel der Marke Radisson Blu in Genf er\u00f6ffnen. F\u00fcr Entwicklung und Realisierung zeichnet HRS Real Estate verantwortlich.","og_url":"https:\/\/www.immobilienbusiness.ch\/fr\/regionen\/2017-01-19\/radisson-blu-eroeffnet-hotel-in-genf\/","og_site_name":"IMMOBILIEN Business","article_publisher":"https:\/\/www.facebook.com\/immobilienbusiness\/","article_published_time":"2017-01-19T07:47:13+00:00","author":"anja.hall","twitter_card":"summary_large_image","twitter_title":"Radisson Blu plant Hotel in Genf","twitter_description":"Die Rezidor Hotel Group will ein Hotel der Marke Radisson Blu in Genf er\u00f6ffnen. F\u00fcr Entwicklung und Realisierung zeichnet HRS Real Estate verantwortlich.","twitter_image":"https:\/\/immobilienbusiness.ch\/wp-content\/uploads\/2017\/01\/Radisson-Blu-Mall-of-America-Exterior1.jpg","schema":{"@context":"https:\/\/schema.org","@graph":[{"@type":"Article","@id":"https:\/\/www.immobilienbusiness.ch\/en\/regionen\/2017-01-19\/radisson-blu-eroeffnet-hotel-in-genf\/#article","isPartOf":{"@id":"https:\/\/www.immobilienbusiness.ch\/en\/regionen\/2017-01-19\/radisson-blu-eroeffnet-hotel-in-genf\/"},"author":{"name":"anja.hall","@id":"https:\/\/www.immobilienbusiness.ch\/#\/schema\/person\/3fc036297b10b9f42d6db5ee932af8c8"},"headline":"Radisson Blu plant Hotel in Genf","datePublished":"2017-01-19T07:47:13+00:00","mainEntityOfPage":{"@id":"https:\/\/www.immobilienbusiness.ch\/en\/regionen\/2017-01-19\/radisson-blu-eroeffnet-hotel-in-genf\/"},"wordCount":390,"commentCount":0,"publisher":{"@id":"https:\/\/www.immobilienbusiness.ch\/#organization"},"image":{"@id":"https:\/\/www.immobilienbusiness.ch\/en\/regionen\/2017-01-19\/radisson-blu-eroeffnet-hotel-in-genf\/#primaryimage"},"thumbnailUrl":"https:\/\/www.immobilienbusiness.ch\/wp-content\/uploads\/2017\/01\/Radisson-Blu-Mall-of-America-Exterior1.jpg","keywords":["Genf","Hotels","Projekt in Planung","Regionen","West-Schweiz"],"articleSection":["REGIONEN"],"inLanguage":"fr-FR"},{"@type":"WebPage","@id":"https:\/\/www.immobilienbusiness.ch\/en\/regionen\/2017-01-19\/radisson-blu-eroeffnet-hotel-in-genf\/","url":"https:\/\/www.immobilienbusiness.ch\/en\/regionen\/2017-01-19\/radisson-blu-eroeffnet-hotel-in-genf\/","name":"Radisson Blu pr\u00e9voit un h\u00f4tel \u00e0 Gen\u00e8ve - IMMOBILIER Business","isPartOf":{"@id":"https:\/\/www.immobilienbusiness.ch\/#website"},"primaryImageOfPage":{"@id":"https:\/\/www.immobilienbusiness.ch\/en\/regionen\/2017-01-19\/radisson-blu-eroeffnet-hotel-in-genf\/#primaryimage"},"image":{"@id":"https:\/\/www.immobilienbusiness.ch\/en\/regionen\/2017-01-19\/radisson-blu-eroeffnet-hotel-in-genf\/#primaryimage"},"thumbnailUrl":"https:\/\/www.immobilienbusiness.ch\/wp-content\/uploads\/2017\/01\/Radisson-Blu-Mall-of-America-Exterior1.jpg","datePublished":"2017-01-19T07:47:13+00:00","description":"Le Rezidor Hotel Group veut ouvrir un h\u00f4tel de la marque Radisson Blu \u00e0 Gen\u00e8ve. HRS Real Estate est responsable du d\u00e9veloppement et de la r\u00e9alisation.","breadcrumb":{"@id":"https:\/\/www.immobilienbusiness.ch\/en\/regionen\/2017-01-19\/radisson-blu-eroeffnet-hotel-in-genf\/#breadcrumb"},"inLanguage":"fr-FR","potentialAction":[{"@type":"ReadAction","target":["https:\/\/www.immobilienbusiness.ch\/en\/regionen\/2017-01-19\/radisson-blu-eroeffnet-hotel-in-genf\/"]}]},{"@type":"ImageObject","inLanguage":"fr-FR","@id":"https:\/\/www.immobilienbusiness.ch\/en\/regionen\/2017-01-19\/radisson-blu-eroeffnet-hotel-in-genf\/#primaryimage","url":"https:\/\/www.immobilienbusiness.ch\/wp-content\/uploads\/2017\/01\/Radisson-Blu-Mall-of-America-Exterior1.jpg","contentUrl":"https:\/\/www.immobilienbusiness.ch\/wp-content\/uploads\/2017\/01\/Radisson-Blu-Mall-of-America-Exterior1.jpg","width":1024,"height":651,"caption":"Ab 2012 soll es uch in Genf ein Hotel der Marke Raddison Blu geben. Hier im Bild die Aussenansicht eines Hotels in den USA (Foto: Carlson Rezidor)"},{"@type":"BreadcrumbList","@id":"https:\/\/www.immobilienbusiness.ch\/en\/regionen\/2017-01-19\/radisson-blu-eroeffnet-hotel-in-genf\/#breadcrumb","itemListElement":[{"@type":"ListItem","position":1,"name":"Home","item":"https:\/\/www.immobilienbusiness.ch\/"},{"@type":"ListItem","position":2,"name":"Radisson Blu plant Hotel in Genf"}]},{"@type":"WebSite","@id":"https:\/\/www.immobilienbusiness.ch\/#website","url":"https:\/\/www.immobilienbusiness.ch\/","name":"IMMOBILIER Business","description":"Magazine \u00e9conomique suisse ind\u00e9pendant ax\u00e9 sur l'immobilier, l'architecture et la construction ainsi que sur les investissements et le financement.","publisher":{"@id":"https:\/\/www.immobilienbusiness.ch\/#organization"},"potentialAction":[{"@type":"SearchAction","target":{"@type":"EntryPoint","urlTemplate":"https:\/\/www.immobilienbusiness.ch\/?s={search_term_string}"},"query-input":{"@type":"PropertyValueSpecification","valueRequired":true,"valueName":"search_term_string"}}],"inLanguage":"fr-FR"},{"@type":"Organization","@id":"https:\/\/www.immobilienbusiness.ch\/#organization","name":"IMMOBILIER Business","url":"https:\/\/www.immobilienbusiness.ch\/","logo":{"@type":"ImageObject","inLanguage":"fr-FR","@id":"https:\/\/www.immobilienbusiness.ch\/#\/schema\/logo\/image\/","url":"https:\/\/www.immobilienbusiness.ch\/wp-content\/uploads\/2021\/07\/logo_ib.png","contentUrl":"https:\/\/www.immobilienbusiness.ch\/wp-content\/uploads\/2021\/07\/logo_ib.png","width":800,"height":181,"caption":"IMMOBILIEN Business"},"image":{"@id":"https:\/\/www.immobilienbusiness.ch\/#\/schema\/logo\/image\/"},"sameAs":["https:\/\/www.facebook.com\/immobilienbusiness\/"]},{"@type":"Person","@id":"https:\/\/www.immobilienbusiness.ch\/#\/schema\/person\/3fc036297b10b9f42d6db5ee932af8c8","name":"anja.hall","image":{"@type":"ImageObject","inLanguage":"fr-FR","@id":"https:\/\/secure.gravatar.com\/avatar\/066b5a0d447013502c71a5782f4f3469f03cfe595cc2329fb94652fe47511bfb?s=96&d=mm&r=g","url":"https:\/\/secure.gravatar.com\/avatar\/066b5a0d447013502c71a5782f4f3469f03cfe595cc2329fb94652fe47511bfb?s=96&d=mm&r=g","contentUrl":"https:\/\/secure.gravatar.com\/avatar\/066b5a0d447013502c71a5782f4f3469f03cfe595cc2329fb94652fe47511bfb?s=96&d=mm&r=g","caption":"anja.hall"},"url":"https:\/\/www.immobilienbusiness.ch\/fr\/author\/anja-hall\/"}]}},"_links":{"self":[{"href":"https:\/\/www.immobilienbusiness.ch\/fr\/wp-json\/wp\/v2\/posts\/5896","targetHints":{"allow":["GET"]}}],"collection":[{"href":"https:\/\/www.immobilienbusiness.ch\/fr\/wp-json\/wp\/v2\/posts"}],"about":[{"href":"https:\/\/www.immobilienbusiness.ch\/fr\/wp-json\/wp\/v2\/types\/post"}],"author":[{"embeddable":true,"href":"https:\/\/www.immobilienbusiness.ch\/fr\/wp-json\/wp\/v2\/users\/3"}],"replies":[{"embeddable":true,"href":"https:\/\/www.immobilienbusiness.ch\/fr\/wp-json\/wp\/v2\/comments?post=5896"}],"version-history":[{"count":0,"href":"https:\/\/www.immobilienbusiness.ch\/fr\/wp-json\/wp\/v2\/posts\/5896\/revisions"}],"wp:featuredmedia":[{"embeddable":true,"href":"https:\/\/www.immobilienbusiness.ch\/fr\/wp-json\/wp\/v2\/media\/5898"}],"wp:attachment":[{"href":"https:\/\/www.immobilienbusiness.ch\/fr\/wp-json\/wp\/v2\/media?parent=5896"}],"wp:term":[{"taxonomy":"category","embeddable":true,"href":"https:\/\/www.immobilienbusiness.ch\/fr\/wp-json\/wp\/v2\/categories?post=5896"},{"taxonomy":"post_tag","embeddable":true,"href":"https:\/\/www.immobilienbusiness.ch\/fr\/wp-json\/wp\/v2\/tags?post=5896"}],"curies":[{"name":"wp","href":"https:\/\/api.w.org\/{rel}","templated":true}]}}