{"id":5852,"date":"2017-01-18T09:16:09","date_gmt":"2017-01-18T08:16:09","guid":{"rendered":"https:\/\/immobilienbusiness.ch\/?p=5852"},"modified":"2017-01-18T09:16:09","modified_gmt":"2017-01-18T08:16:09","slug":"stephane-maquaire-ceo-manor-gruppe","status":"publish","type":"post","link":"https:\/\/www.immobilienbusiness.ch\/fr\/unternehmen\/2017-01-18\/stephane-maquaire-ceo-manor-gruppe\/","title":{"rendered":"St\u00e9phane Maquaire est le nouveau CEO de Manor"},"content":{"rendered":"<figure id=\"attachment_5889\" aria-describedby=\"caption-attachment-5889\" style=\"width: 597px\" class=\"wp-caption alignnone\"><img loading=\"lazy\" decoding=\"async\" class=\"size-full wp-image-5889\" src=\"https:\/\/immobilienbusiness.ch\/wp-content\/uploads\/2017\/01\/maquaire.png\" alt=\"\" width=\"597\" height=\"589\" srcset=\"https:\/\/www.immobilienbusiness.ch\/wp-content\/uploads\/2017\/01\/maquaire.png 597w, https:\/\/www.immobilienbusiness.ch\/wp-content\/uploads\/2017\/01\/maquaire-300x296.png 300w, https:\/\/www.immobilienbusiness.ch\/wp-content\/uploads\/2017\/01\/maquaire-12x12.png 12w, https:\/\/www.immobilienbusiness.ch\/wp-content\/uploads\/2017\/01\/maquaire-177x175.png 177w, https:\/\/www.immobilienbusiness.ch\/wp-content\/uploads\/2017\/01\/maquaire-355x350.png 355w, https:\/\/www.immobilienbusiness.ch\/wp-content\/uploads\/2017\/01\/maquaire-100x100.png 100w\" sizes=\"auto, (max-width: 597px) 100vw, 597px\" \/><figcaption id=\"caption-attachment-5889\" class=\"wp-caption-text\">St\u00e9phane Maquaire (photo : Manor)<\/figcaption><\/figure>\n<p>St\u00e9phane Maquaire \u00e9tait derni\u00e8rement pr\u00e9sident ex\u00e9cutif du groupe Vivarte (2016) et du groupe Monoprix (2010-2016), qu'il a rejoint en 2008 en tant que directeur financier et du d\u00e9veloppement. Auparavant, il a travaill\u00e9 chez Unibail-Rodamco en tant que directeur des op\u00e9rations pour le secteur des centres commerciaux en France. Maquaire avait d\u00e9but\u00e9 sa carri\u00e8re chez Arthur Andersen.<\/p>\n<p>Chez Manor, Maquaire succ\u00e8de \u00e0 Bertrand Jungo, qui \u00e9tait CEO depuis 2006 et travaillait dans l'entreprise depuis 1990. Jungo souhaite relever de nouveaux d\u00e9fis professionnels, explique Didier Maus, pr\u00e9sident du groupe Maus-Fr\u00e8res, dont fait partie Manor. \"Nous regrettons son d\u00e9part, mais nous nous r\u00e9jouissons \u00e9galement d'accueillir St\u00e9phane Maquaire, qui conna\u00eet toutes les facettes de la distribution europ\u00e9enne et qui continuera \u00e0 d\u00e9velopper l'entreprise sur les bases pos\u00e9es par son pr\u00e9d\u00e9cesseur\". Selon Maus, Manor poursuit actuellement notamment d'importants projets dans le domaine du commerce \u00e9lectronique.<\/p>\n<p>Maquaire est alsacien d'origine et ing\u00e9nieur de formation de l'Ecole Nationale des Ponts et Chauss\u00e9es ; il est \u00e9galement membre du conseil d'administration de l'Institut Fran\u00e7ais de la Mode.<\/p>","protected":false},"excerpt":{"rendered":"<p>Le groupe Manor a nomm\u00e9 St\u00e9phane Maquaire au poste de CEO avec effet au 16 janvier. Il succ\u00e8de \u00e0 Bertrand Jungo, qui \u00e9tait CEO de Manor depuis 2006.<\/p>","protected":false},"author":3,"featured_media":5889,"comment_status":"open","ping_status":"open","sticky":false,"template":"","format":"standard","meta":{"_acf_changed":false,"_yoast_wpseo_focuskw":"St\u00e9phane Maquaire","_yoast_wpseo_title":"","_yoast_wpseo_metadesc":"Die Manor Gruppe hat St\u00e9phane Maquaire mit Wirkung zum 16. Januar zum CEO ernannt. Er folgt auf Bertrand Jungs, der seit 2006 CEO von Manor war.","_yoast_wpseo_linkdex":68,"pgc_sgb_lightbox_settings":"","footnotes":""},"categories":[988],"tags":[1563,1643,1807],"class_list":["post-5852","post","type-post","status-publish","format-standard","has-post-thumbnail","hentry","category-unternehmen","tag-personalia","tag-retail","tag-unternehmen"],"acf":[],"yoast_head":"<!-- This site is optimized with the Yoast SEO plugin v27.5 - https:\/\/yoast.com\/product\/yoast-seo-wordpress\/ -->\n<title>St\u00e9phane Maquaire ist neuer CEO von Manor - IMMOBILIEN Business<\/title>\n<meta name=\"description\" content=\"Die Manor Gruppe hat St\u00e9phane Maquaire mit Wirkung zum 16. Januar zum CEO ernannt. Er folgt auf Bertrand Jungs, der seit 2006 CEO von Manor war.\" \/>\n<meta name=\"robots\" content=\"index, follow, max-snippet:-1, max-image-preview:large, max-video-preview:-1\" \/>\n<link rel=\"canonical\" href=\"https:\/\/www.immobilienbusiness.ch\/fr\/unternehmen\/2017-01-18\/stephane-maquaire-ceo-manor-gruppe\/\" \/>\n<meta property=\"og:locale\" content=\"fr_FR\" \/>\n<meta property=\"og:type\" content=\"article\" \/>\n<meta property=\"og:title\" content=\"St\u00e9phane Maquaire ist neuer CEO von Manor\" \/>\n<meta property=\"og:description\" content=\"Die Manor Gruppe hat St\u00e9phane Maquaire mit Wirkung zum 16. Januar zum CEO ernannt. Er folgt auf Bertrand Jungs, der seit 2006 CEO von Manor war.\" \/>\n<meta property=\"og:url\" content=\"https:\/\/www.immobilienbusiness.ch\/fr\/unternehmen\/2017-01-18\/stephane-maquaire-ceo-manor-gruppe\/\" \/>\n<meta property=\"og:site_name\" content=\"IMMOBILIEN Business\" \/>\n<meta property=\"article:publisher\" content=\"https:\/\/www.facebook.com\/immobilienbusiness\/\" \/>\n<meta property=\"article:published_time\" content=\"2017-01-18T08:16:09+00:00\" \/>\n<meta name=\"author\" content=\"anja.hall\" \/>\n<meta name=\"twitter:card\" content=\"summary_large_image\" \/>\n<meta name=\"twitter:title\" content=\"St\u00e9phane Maquaire ist neuer CEO von Manor\" \/>\n<meta name=\"twitter:description\" content=\"Die Manor Gruppe hat St\u00e9phane Maquaire mit Wirkung zum 16. Januar zum CEO ernannt. Er folgt auf Bertrand Jungs, der seit 2006 CEO von Manor war.\" \/>\n<meta name=\"twitter:image\" content=\"https:\/\/immobilienbusiness.ch\/wp-content\/uploads\/2017\/01\/maquaire.png\" \/>\n<script type=\"application\/ld+json\" class=\"yoast-schema-graph\">{\"@context\":\"https:\\\/\\\/schema.org\",\"@graph\":[{\"@type\":\"Article\",\"@id\":\"https:\\\/\\\/www.immobilienbusiness.ch\\\/unternehmen\\\/2017-01-18\\\/stephane-maquaire-ceo-manor-gruppe\\\/#article\",\"isPartOf\":{\"@id\":\"https:\\\/\\\/www.immobilienbusiness.ch\\\/unternehmen\\\/2017-01-18\\\/stephane-maquaire-ceo-manor-gruppe\\\/\"},\"author\":{\"name\":\"anja.hall\",\"@id\":\"https:\\\/\\\/www.immobilienbusiness.ch\\\/#\\\/schema\\\/person\\\/3fc036297b10b9f42d6db5ee932af8c8\"},\"headline\":\"St\u00e9phane Maquaire ist neuer CEO von Manor\",\"datePublished\":\"2017-01-18T08:16:09+00:00\",\"mainEntityOfPage\":{\"@id\":\"https:\\\/\\\/www.immobilienbusiness.ch\\\/unternehmen\\\/2017-01-18\\\/stephane-maquaire-ceo-manor-gruppe\\\/\"},\"wordCount\":185,\"commentCount\":0,\"publisher\":{\"@id\":\"https:\\\/\\\/www.immobilienbusiness.ch\\\/#organization\"},\"image\":{\"@id\":\"https:\\\/\\\/www.immobilienbusiness.ch\\\/unternehmen\\\/2017-01-18\\\/stephane-maquaire-ceo-manor-gruppe\\\/#primaryimage\"},\"thumbnailUrl\":\"https:\\\/\\\/www.immobilienbusiness.ch\\\/wp-content\\\/uploads\\\/2017\\\/01\\\/maquaire.png\",\"keywords\":[\"Personalia\",\"Retail\",\"Unternehmen\"],\"articleSection\":[\"UNTERNEHMEN\"],\"inLanguage\":\"fr-FR\"},{\"@type\":\"WebPage\",\"@id\":\"https:\\\/\\\/www.immobilienbusiness.ch\\\/unternehmen\\\/2017-01-18\\\/stephane-maquaire-ceo-manor-gruppe\\\/\",\"url\":\"https:\\\/\\\/www.immobilienbusiness.ch\\\/unternehmen\\\/2017-01-18\\\/stephane-maquaire-ceo-manor-gruppe\\\/\",\"name\":\"St\u00e9phane Maquaire ist neuer CEO von Manor - IMMOBILIEN Business\",\"isPartOf\":{\"@id\":\"https:\\\/\\\/www.immobilienbusiness.ch\\\/#website\"},\"primaryImageOfPage\":{\"@id\":\"https:\\\/\\\/www.immobilienbusiness.ch\\\/unternehmen\\\/2017-01-18\\\/stephane-maquaire-ceo-manor-gruppe\\\/#primaryimage\"},\"image\":{\"@id\":\"https:\\\/\\\/www.immobilienbusiness.ch\\\/unternehmen\\\/2017-01-18\\\/stephane-maquaire-ceo-manor-gruppe\\\/#primaryimage\"},\"thumbnailUrl\":\"https:\\\/\\\/www.immobilienbusiness.ch\\\/wp-content\\\/uploads\\\/2017\\\/01\\\/maquaire.png\",\"datePublished\":\"2017-01-18T08:16:09+00:00\",\"description\":\"Die Manor Gruppe hat St\u00e9phane Maquaire mit Wirkung zum 16. Januar zum CEO ernannt. Er folgt auf Bertrand Jungs, der seit 2006 CEO von Manor war.\",\"breadcrumb\":{\"@id\":\"https:\\\/\\\/www.immobilienbusiness.ch\\\/unternehmen\\\/2017-01-18\\\/stephane-maquaire-ceo-manor-gruppe\\\/#breadcrumb\"},\"inLanguage\":\"fr-FR\",\"potentialAction\":[{\"@type\":\"ReadAction\",\"target\":[\"https:\\\/\\\/www.immobilienbusiness.ch\\\/unternehmen\\\/2017-01-18\\\/stephane-maquaire-ceo-manor-gruppe\\\/\"]}]},{\"@type\":\"ImageObject\",\"inLanguage\":\"fr-FR\",\"@id\":\"https:\\\/\\\/www.immobilienbusiness.ch\\\/unternehmen\\\/2017-01-18\\\/stephane-maquaire-ceo-manor-gruppe\\\/#primaryimage\",\"url\":\"https:\\\/\\\/www.immobilienbusiness.ch\\\/wp-content\\\/uploads\\\/2017\\\/01\\\/maquaire.png\",\"contentUrl\":\"https:\\\/\\\/www.immobilienbusiness.ch\\\/wp-content\\\/uploads\\\/2017\\\/01\\\/maquaire.png\",\"width\":597,\"height\":589,\"caption\":\"St\u00e9phane Maquaire (Foto: Manor)\"},{\"@type\":\"BreadcrumbList\",\"@id\":\"https:\\\/\\\/www.immobilienbusiness.ch\\\/unternehmen\\\/2017-01-18\\\/stephane-maquaire-ceo-manor-gruppe\\\/#breadcrumb\",\"itemListElement\":[{\"@type\":\"ListItem\",\"position\":1,\"name\":\"Home\",\"item\":\"https:\\\/\\\/www.immobilienbusiness.ch\\\/\"},{\"@type\":\"ListItem\",\"position\":2,\"name\":\"St\u00e9phane Maquaire ist neuer CEO von Manor\"}]},{\"@type\":\"WebSite\",\"@id\":\"https:\\\/\\\/www.immobilienbusiness.ch\\\/#website\",\"url\":\"https:\\\/\\\/www.immobilienbusiness.ch\\\/\",\"name\":\"IMMOBILIEN Business\",\"description\":\"Unabh\u00e4ngiges Schweizer Wirtschaftsmagazin mit Fokus auf Immobilien, Architektur- und Bau sowie Investment- und Finanzierung.\",\"publisher\":{\"@id\":\"https:\\\/\\\/www.immobilienbusiness.ch\\\/#organization\"},\"potentialAction\":[{\"@type\":\"SearchAction\",\"target\":{\"@type\":\"EntryPoint\",\"urlTemplate\":\"https:\\\/\\\/www.immobilienbusiness.ch\\\/?s={search_term_string}\"},\"query-input\":{\"@type\":\"PropertyValueSpecification\",\"valueRequired\":true,\"valueName\":\"search_term_string\"}}],\"inLanguage\":\"fr-FR\"},{\"@type\":\"Organization\",\"@id\":\"https:\\\/\\\/www.immobilienbusiness.ch\\\/#organization\",\"name\":\"IMMOBILIEN Business\",\"url\":\"https:\\\/\\\/www.immobilienbusiness.ch\\\/\",\"logo\":{\"@type\":\"ImageObject\",\"inLanguage\":\"fr-FR\",\"@id\":\"https:\\\/\\\/www.immobilienbusiness.ch\\\/#\\\/schema\\\/logo\\\/image\\\/\",\"url\":\"https:\\\/\\\/www.immobilienbusiness.ch\\\/wp-content\\\/uploads\\\/2021\\\/07\\\/logo_ib.png\",\"contentUrl\":\"https:\\\/\\\/www.immobilienbusiness.ch\\\/wp-content\\\/uploads\\\/2021\\\/07\\\/logo_ib.png\",\"width\":800,\"height\":181,\"caption\":\"IMMOBILIEN Business\"},\"image\":{\"@id\":\"https:\\\/\\\/www.immobilienbusiness.ch\\\/#\\\/schema\\\/logo\\\/image\\\/\"},\"sameAs\":[\"https:\\\/\\\/www.facebook.com\\\/immobilienbusiness\\\/\"]},{\"@type\":\"Person\",\"@id\":\"https:\\\/\\\/www.immobilienbusiness.ch\\\/#\\\/schema\\\/person\\\/3fc036297b10b9f42d6db5ee932af8c8\",\"name\":\"anja.hall\",\"image\":{\"@type\":\"ImageObject\",\"inLanguage\":\"fr-FR\",\"@id\":\"https:\\\/\\\/secure.gravatar.com\\\/avatar\\\/066b5a0d447013502c71a5782f4f3469f03cfe595cc2329fb94652fe47511bfb?s=96&d=mm&r=g\",\"url\":\"https:\\\/\\\/secure.gravatar.com\\\/avatar\\\/066b5a0d447013502c71a5782f4f3469f03cfe595cc2329fb94652fe47511bfb?s=96&d=mm&r=g\",\"contentUrl\":\"https:\\\/\\\/secure.gravatar.com\\\/avatar\\\/066b5a0d447013502c71a5782f4f3469f03cfe595cc2329fb94652fe47511bfb?s=96&d=mm&r=g\",\"caption\":\"anja.hall\"},\"url\":\"https:\\\/\\\/www.immobilienbusiness.ch\\\/fr\\\/author\\\/anja-hall\\\/\"}]}<\/script>\n<!-- \/ Yoast SEO plugin. -->","yoast_head_json":{"title":"St\u00e9phane Maquaire ist neuer CEO von Manor - IMMOBILIEN Business","description":"Die Manor Gruppe hat St\u00e9phane Maquaire mit Wirkung zum 16. Januar zum CEO ernannt. Er folgt auf Bertrand Jungs, der seit 2006 CEO von Manor war.","robots":{"index":"index","follow":"follow","max-snippet":"max-snippet:-1","max-image-preview":"max-image-preview:large","max-video-preview":"max-video-preview:-1"},"canonical":"https:\/\/www.immobilienbusiness.ch\/fr\/unternehmen\/2017-01-18\/stephane-maquaire-ceo-manor-gruppe\/","og_locale":"fr_FR","og_type":"article","og_title":"St\u00e9phane Maquaire ist neuer CEO von Manor","og_description":"Die Manor Gruppe hat St\u00e9phane Maquaire mit Wirkung zum 16. Januar zum CEO ernannt. Er folgt auf Bertrand Jungs, der seit 2006 CEO von Manor war.","og_url":"https:\/\/www.immobilienbusiness.ch\/fr\/unternehmen\/2017-01-18\/stephane-maquaire-ceo-manor-gruppe\/","og_site_name":"IMMOBILIEN Business","article_publisher":"https:\/\/www.facebook.com\/immobilienbusiness\/","article_published_time":"2017-01-18T08:16:09+00:00","author":"anja.hall","twitter_card":"summary_large_image","twitter_title":"St\u00e9phane Maquaire ist neuer CEO von Manor","twitter_description":"Die Manor Gruppe hat St\u00e9phane Maquaire mit Wirkung zum 16. Januar zum CEO ernannt. Er folgt auf Bertrand Jungs, der seit 2006 CEO von Manor war.","twitter_image":"https:\/\/immobilienbusiness.ch\/wp-content\/uploads\/2017\/01\/maquaire.png","schema":{"@context":"https:\/\/schema.org","@graph":[{"@type":"Article","@id":"https:\/\/www.immobilienbusiness.ch\/unternehmen\/2017-01-18\/stephane-maquaire-ceo-manor-gruppe\/#article","isPartOf":{"@id":"https:\/\/www.immobilienbusiness.ch\/unternehmen\/2017-01-18\/stephane-maquaire-ceo-manor-gruppe\/"},"author":{"name":"anja.hall","@id":"https:\/\/www.immobilienbusiness.ch\/#\/schema\/person\/3fc036297b10b9f42d6db5ee932af8c8"},"headline":"St\u00e9phane Maquaire ist neuer CEO von Manor","datePublished":"2017-01-18T08:16:09+00:00","mainEntityOfPage":{"@id":"https:\/\/www.immobilienbusiness.ch\/unternehmen\/2017-01-18\/stephane-maquaire-ceo-manor-gruppe\/"},"wordCount":185,"commentCount":0,"publisher":{"@id":"https:\/\/www.immobilienbusiness.ch\/#organization"},"image":{"@id":"https:\/\/www.immobilienbusiness.ch\/unternehmen\/2017-01-18\/stephane-maquaire-ceo-manor-gruppe\/#primaryimage"},"thumbnailUrl":"https:\/\/www.immobilienbusiness.ch\/wp-content\/uploads\/2017\/01\/maquaire.png","keywords":["Personalia","Retail","Unternehmen"],"articleSection":["UNTERNEHMEN"],"inLanguage":"fr-FR"},{"@type":"WebPage","@id":"https:\/\/www.immobilienbusiness.ch\/unternehmen\/2017-01-18\/stephane-maquaire-ceo-manor-gruppe\/","url":"https:\/\/www.immobilienbusiness.ch\/unternehmen\/2017-01-18\/stephane-maquaire-ceo-manor-gruppe\/","name":"St\u00e9phane Maquaire ist neuer CEO von Manor - IMMOBILIEN Business","isPartOf":{"@id":"https:\/\/www.immobilienbusiness.ch\/#website"},"primaryImageOfPage":{"@id":"https:\/\/www.immobilienbusiness.ch\/unternehmen\/2017-01-18\/stephane-maquaire-ceo-manor-gruppe\/#primaryimage"},"image":{"@id":"https:\/\/www.immobilienbusiness.ch\/unternehmen\/2017-01-18\/stephane-maquaire-ceo-manor-gruppe\/#primaryimage"},"thumbnailUrl":"https:\/\/www.immobilienbusiness.ch\/wp-content\/uploads\/2017\/01\/maquaire.png","datePublished":"2017-01-18T08:16:09+00:00","description":"Die Manor Gruppe hat St\u00e9phane Maquaire mit Wirkung zum 16. Januar zum CEO ernannt. Er folgt auf Bertrand Jungs, der seit 2006 CEO von Manor war.","breadcrumb":{"@id":"https:\/\/www.immobilienbusiness.ch\/unternehmen\/2017-01-18\/stephane-maquaire-ceo-manor-gruppe\/#breadcrumb"},"inLanguage":"fr-FR","potentialAction":[{"@type":"ReadAction","target":["https:\/\/www.immobilienbusiness.ch\/unternehmen\/2017-01-18\/stephane-maquaire-ceo-manor-gruppe\/"]}]},{"@type":"ImageObject","inLanguage":"fr-FR","@id":"https:\/\/www.immobilienbusiness.ch\/unternehmen\/2017-01-18\/stephane-maquaire-ceo-manor-gruppe\/#primaryimage","url":"https:\/\/www.immobilienbusiness.ch\/wp-content\/uploads\/2017\/01\/maquaire.png","contentUrl":"https:\/\/www.immobilienbusiness.ch\/wp-content\/uploads\/2017\/01\/maquaire.png","width":597,"height":589,"caption":"St\u00e9phane Maquaire (Foto: Manor)"},{"@type":"BreadcrumbList","@id":"https:\/\/www.immobilienbusiness.ch\/unternehmen\/2017-01-18\/stephane-maquaire-ceo-manor-gruppe\/#breadcrumb","itemListElement":[{"@type":"ListItem","position":1,"name":"Home","item":"https:\/\/www.immobilienbusiness.ch\/"},{"@type":"ListItem","position":2,"name":"St\u00e9phane Maquaire ist neuer CEO von Manor"}]},{"@type":"WebSite","@id":"https:\/\/www.immobilienbusiness.ch\/#website","url":"https:\/\/www.immobilienbusiness.ch\/","name":"IMMOBILIER Business","description":"Magazine \u00e9conomique suisse ind\u00e9pendant ax\u00e9 sur l'immobilier, l'architecture et la construction ainsi que sur les investissements et le financement.","publisher":{"@id":"https:\/\/www.immobilienbusiness.ch\/#organization"},"potentialAction":[{"@type":"SearchAction","target":{"@type":"EntryPoint","urlTemplate":"https:\/\/www.immobilienbusiness.ch\/?s={search_term_string}"},"query-input":{"@type":"PropertyValueSpecification","valueRequired":true,"valueName":"search_term_string"}}],"inLanguage":"fr-FR"},{"@type":"Organization","@id":"https:\/\/www.immobilienbusiness.ch\/#organization","name":"IMMOBILIER Business","url":"https:\/\/www.immobilienbusiness.ch\/","logo":{"@type":"ImageObject","inLanguage":"fr-FR","@id":"https:\/\/www.immobilienbusiness.ch\/#\/schema\/logo\/image\/","url":"https:\/\/www.immobilienbusiness.ch\/wp-content\/uploads\/2021\/07\/logo_ib.png","contentUrl":"https:\/\/www.immobilienbusiness.ch\/wp-content\/uploads\/2021\/07\/logo_ib.png","width":800,"height":181,"caption":"IMMOBILIEN Business"},"image":{"@id":"https:\/\/www.immobilienbusiness.ch\/#\/schema\/logo\/image\/"},"sameAs":["https:\/\/www.facebook.com\/immobilienbusiness\/"]},{"@type":"Person","@id":"https:\/\/www.immobilienbusiness.ch\/#\/schema\/person\/3fc036297b10b9f42d6db5ee932af8c8","name":"anja.hall","image":{"@type":"ImageObject","inLanguage":"fr-FR","@id":"https:\/\/secure.gravatar.com\/avatar\/066b5a0d447013502c71a5782f4f3469f03cfe595cc2329fb94652fe47511bfb?s=96&d=mm&r=g","url":"https:\/\/secure.gravatar.com\/avatar\/066b5a0d447013502c71a5782f4f3469f03cfe595cc2329fb94652fe47511bfb?s=96&d=mm&r=g","contentUrl":"https:\/\/secure.gravatar.com\/avatar\/066b5a0d447013502c71a5782f4f3469f03cfe595cc2329fb94652fe47511bfb?s=96&d=mm&r=g","caption":"anja.hall"},"url":"https:\/\/www.immobilienbusiness.ch\/fr\/author\/anja-hall\/"}]}},"_links":{"self":[{"href":"https:\/\/www.immobilienbusiness.ch\/fr\/wp-json\/wp\/v2\/posts\/5852","targetHints":{"allow":["GET"]}}],"collection":[{"href":"https:\/\/www.immobilienbusiness.ch\/fr\/wp-json\/wp\/v2\/posts"}],"about":[{"href":"https:\/\/www.immobilienbusiness.ch\/fr\/wp-json\/wp\/v2\/types\/post"}],"author":[{"embeddable":true,"href":"https:\/\/www.immobilienbusiness.ch\/fr\/wp-json\/wp\/v2\/users\/3"}],"replies":[{"embeddable":true,"href":"https:\/\/www.immobilienbusiness.ch\/fr\/wp-json\/wp\/v2\/comments?post=5852"}],"version-history":[{"count":0,"href":"https:\/\/www.immobilienbusiness.ch\/fr\/wp-json\/wp\/v2\/posts\/5852\/revisions"}],"wp:featuredmedia":[{"embeddable":true,"href":"https:\/\/www.immobilienbusiness.ch\/fr\/wp-json\/wp\/v2\/media\/5889"}],"wp:attachment":[{"href":"https:\/\/www.immobilienbusiness.ch\/fr\/wp-json\/wp\/v2\/media?parent=5852"}],"wp:term":[{"taxonomy":"category","embeddable":true,"href":"https:\/\/www.immobilienbusiness.ch\/fr\/wp-json\/wp\/v2\/categories?post=5852"},{"taxonomy":"post_tag","embeddable":true,"href":"https:\/\/www.immobilienbusiness.ch\/fr\/wp-json\/wp\/v2\/tags?post=5852"}],"curies":[{"name":"wp","href":"https:\/\/api.w.org\/{rel}","templated":true}]}}