{"id":5841,"date":"2017-01-17T08:54:42","date_gmt":"2017-01-17T07:54:42","guid":{"rendered":"https:\/\/immobilienbusiness.ch\/?p=5841"},"modified":"2017-01-17T08:54:42","modified_gmt":"2017-01-17T07:54:42","slug":"helvetic-private-investments-rahman-rahmanzadeh-ruhestand","status":"publish","type":"post","link":"https:\/\/www.immobilienbusiness.ch\/fr\/unternehmen\/2017-01-17\/helvetic-private-investments-rahman-rahmanzadeh-ruhestand\/","title":{"rendered":"Helvetic Private Investments : Rahmanzadeh \u00e0 la retraite"},"content":{"rendered":"<figure id=\"attachment_5842\" aria-describedby=\"caption-attachment-5842\" style=\"width: 680px\" class=\"wp-caption alignnone\"><img loading=\"lazy\" decoding=\"async\" class=\"size-medium wp-image-5842\" src=\"https:\/\/immobilienbusiness.ch\/wp-content\/uploads\/2017\/01\/bild_hfs_rahmanzadeh_rahmann_201308.jpeg\" alt=\"\" width=\"680\" height=\"453\" \/><figcaption id=\"caption-attachment-5842\" class=\"wp-caption-text\">Rahman Rahmanzadeh (Photo : Helvetic Property Investments)<\/figcaption><\/figure>\n<p>Rahman Rahmanzadeh, 67 ans, \u00e9tait depuis 2011 membre de la direction d'Helvetic Private Investments AG, dont le si\u00e8ge est \u00e0 Wollerau, qu'il a quitt\u00e9 \u00e0 la fin de l'ann\u00e9e 2016. Il continuera toutefois d'assister l'entreprise \u00e0 l'avenir en tant que conseiller, indique Helvetic Private Investments.<\/p>\n<p>Rahmanzadeh a derri\u00e8re lui pr\u00e8s de 40 ans de d\u00e9veloppement, de r\u00e9alisation, de distribution et de gestion de projets de logements, de bureaux et de commerces de d\u00e9tail ainsi qu'un grand nombre de d\u00e9veloppements de projets dans l'espace germanophone. En Suisse, Rahman Rahmanzadeh a \u00e9t\u00e9 responsable du d\u00e9veloppement et de la r\u00e9alisation des biens immobiliers des sites \"H\u00fcrlimann\" et \"L\u00f6wenbr\u00e4u\" \u00e0 Zurich, \"Gurten\" \u00e0 Berne et \"Peninsula\" \u00e0 W\u00e4denswil.<\/p>\n<p>Son parcours professionnel l'a amen\u00e9 \u00e0 travailler pour des entreprises telles que Hochtief AG, Technoteam, Strabag, Herlitz Falkenh\u00f6h et RSE Projektmanagement en Allemagne. En Suisse, il a travaill\u00e9 pour REG Real Estate Group, PSP Properties et Peach Property Group.<\/p>\n<p>&nbsp;<\/p>","protected":false},"excerpt":{"rendered":"<p>Fin 2016, Rahman Rahmanzadeh, COO d'Helvetic Private Investments AG, est parti \u00e0 la retraite.<\/p>","protected":false},"author":3,"featured_media":5842,"comment_status":"open","ping_status":"open","sticky":false,"template":"","format":"standard","meta":{"_acf_changed":false,"_yoast_wpseo_focuskw":"Rahmanzadeh","_yoast_wpseo_title":"","_yoast_wpseo_metadesc":"Mit Ende 2016 ist Rahman Rahmanzadeh, COO der Helvetic Private Investments AG, in den Ruhestand gegangen.","_yoast_wpseo_linkdex":44,"pgc_sgb_lightbox_settings":"","footnotes":""},"categories":[988],"tags":[1563,1807],"class_list":["post-5841","post","type-post","status-publish","format-standard","has-post-thumbnail","hentry","category-unternehmen","tag-personalia","tag-unternehmen"],"acf":[],"yoast_head":"<!-- This site is optimized with the Yoast SEO plugin v27.4 - https:\/\/yoast.com\/product\/yoast-seo-wordpress\/ -->\n<title>Helvetic Private Investments: Rahmanzadeh im Ruhestand - IMMOBILIEN Business<\/title>\n<meta name=\"description\" content=\"Mit Ende 2016 ist Rahman Rahmanzadeh, COO der Helvetic Private Investments AG, in den Ruhestand gegangen.\" \/>\n<meta name=\"robots\" content=\"index, follow, max-snippet:-1, max-image-preview:large, max-video-preview:-1\" \/>\n<link rel=\"canonical\" href=\"https:\/\/www.immobilienbusiness.ch\/fr\/unternehmen\/2017-01-17\/helvetic-private-investments-rahman-rahmanzadeh-ruhestand\/\" \/>\n<meta property=\"og:locale\" content=\"fr_FR\" \/>\n<meta property=\"og:type\" content=\"article\" \/>\n<meta property=\"og:title\" content=\"Helvetic Private Investments: Rahmanzadeh im Ruhestand\" \/>\n<meta property=\"og:description\" content=\"Mit Ende 2016 ist Rahman Rahmanzadeh, COO der Helvetic Private Investments AG, in den Ruhestand gegangen.\" \/>\n<meta property=\"og:url\" content=\"https:\/\/www.immobilienbusiness.ch\/fr\/unternehmen\/2017-01-17\/helvetic-private-investments-rahman-rahmanzadeh-ruhestand\/\" \/>\n<meta property=\"og:site_name\" content=\"IMMOBILIEN Business\" \/>\n<meta property=\"article:publisher\" content=\"https:\/\/www.facebook.com\/immobilienbusiness\/\" \/>\n<meta property=\"article:published_time\" content=\"2017-01-17T07:54:42+00:00\" \/>\n<meta name=\"author\" content=\"anja.hall\" \/>\n<meta name=\"twitter:card\" content=\"summary_large_image\" \/>\n<meta name=\"twitter:title\" content=\"Helvetic Private Investments: Rahmanzadeh im Ruhestand\" \/>\n<meta name=\"twitter:description\" content=\"Mit Ende 2016 ist Rahman Rahmanzadeh, COO der Helvetic Private Investments AG, in den Ruhestand gegangen.\" \/>\n<meta name=\"twitter:image\" content=\"https:\/\/immobilienbusiness.ch\/wp-content\/uploads\/2017\/01\/bild_hfs_rahmanzadeh_rahmann_201308.jpeg\" \/>\n<script type=\"application\/ld+json\" class=\"yoast-schema-graph\">{\"@context\":\"https:\\\/\\\/schema.org\",\"@graph\":[{\"@type\":\"Article\",\"@id\":\"https:\\\/\\\/www.immobilienbusiness.ch\\\/de\\\/unternehmen\\\/2017-01-17\\\/helvetic-private-investments-rahman-rahmanzadeh-ruhestand\\\/#article\",\"isPartOf\":{\"@id\":\"https:\\\/\\\/www.immobilienbusiness.ch\\\/de\\\/unternehmen\\\/2017-01-17\\\/helvetic-private-investments-rahman-rahmanzadeh-ruhestand\\\/\"},\"author\":{\"name\":\"anja.hall\",\"@id\":\"https:\\\/\\\/www.immobilienbusiness.ch\\\/#\\\/schema\\\/person\\\/3fc036297b10b9f42d6db5ee932af8c8\"},\"headline\":\"Helvetic Private Investments: Rahmanzadeh im Ruhestand\",\"datePublished\":\"2017-01-17T07:54:42+00:00\",\"mainEntityOfPage\":{\"@id\":\"https:\\\/\\\/www.immobilienbusiness.ch\\\/de\\\/unternehmen\\\/2017-01-17\\\/helvetic-private-investments-rahman-rahmanzadeh-ruhestand\\\/\"},\"wordCount\":169,\"commentCount\":0,\"publisher\":{\"@id\":\"https:\\\/\\\/www.immobilienbusiness.ch\\\/#organization\"},\"image\":{\"@id\":\"https:\\\/\\\/www.immobilienbusiness.ch\\\/de\\\/unternehmen\\\/2017-01-17\\\/helvetic-private-investments-rahman-rahmanzadeh-ruhestand\\\/#primaryimage\"},\"thumbnailUrl\":\"https:\\\/\\\/www.immobilienbusiness.ch\\\/wp-content\\\/uploads\\\/2017\\\/01\\\/bild_hfs_rahmanzadeh_rahmann_201308-scaled.jpeg\",\"keywords\":[\"Personalia\",\"Unternehmen\"],\"articleSection\":[\"UNTERNEHMEN\"],\"inLanguage\":\"fr-FR\"},{\"@type\":\"WebPage\",\"@id\":\"https:\\\/\\\/www.immobilienbusiness.ch\\\/de\\\/unternehmen\\\/2017-01-17\\\/helvetic-private-investments-rahman-rahmanzadeh-ruhestand\\\/\",\"url\":\"https:\\\/\\\/www.immobilienbusiness.ch\\\/de\\\/unternehmen\\\/2017-01-17\\\/helvetic-private-investments-rahman-rahmanzadeh-ruhestand\\\/\",\"name\":\"Helvetic Private Investments: Rahmanzadeh im Ruhestand - IMMOBILIEN Business\",\"isPartOf\":{\"@id\":\"https:\\\/\\\/www.immobilienbusiness.ch\\\/#website\"},\"primaryImageOfPage\":{\"@id\":\"https:\\\/\\\/www.immobilienbusiness.ch\\\/de\\\/unternehmen\\\/2017-01-17\\\/helvetic-private-investments-rahman-rahmanzadeh-ruhestand\\\/#primaryimage\"},\"image\":{\"@id\":\"https:\\\/\\\/www.immobilienbusiness.ch\\\/de\\\/unternehmen\\\/2017-01-17\\\/helvetic-private-investments-rahman-rahmanzadeh-ruhestand\\\/#primaryimage\"},\"thumbnailUrl\":\"https:\\\/\\\/www.immobilienbusiness.ch\\\/wp-content\\\/uploads\\\/2017\\\/01\\\/bild_hfs_rahmanzadeh_rahmann_201308-scaled.jpeg\",\"datePublished\":\"2017-01-17T07:54:42+00:00\",\"description\":\"Mit Ende 2016 ist Rahman Rahmanzadeh, COO der Helvetic Private Investments AG, in den Ruhestand gegangen.\",\"breadcrumb\":{\"@id\":\"https:\\\/\\\/www.immobilienbusiness.ch\\\/de\\\/unternehmen\\\/2017-01-17\\\/helvetic-private-investments-rahman-rahmanzadeh-ruhestand\\\/#breadcrumb\"},\"inLanguage\":\"fr-FR\",\"potentialAction\":[{\"@type\":\"ReadAction\",\"target\":[\"https:\\\/\\\/www.immobilienbusiness.ch\\\/de\\\/unternehmen\\\/2017-01-17\\\/helvetic-private-investments-rahman-rahmanzadeh-ruhestand\\\/\"]}]},{\"@type\":\"ImageObject\",\"inLanguage\":\"fr-FR\",\"@id\":\"https:\\\/\\\/www.immobilienbusiness.ch\\\/de\\\/unternehmen\\\/2017-01-17\\\/helvetic-private-investments-rahman-rahmanzadeh-ruhestand\\\/#primaryimage\",\"url\":\"https:\\\/\\\/www.immobilienbusiness.ch\\\/wp-content\\\/uploads\\\/2017\\\/01\\\/bild_hfs_rahmanzadeh_rahmann_201308-scaled.jpeg\",\"contentUrl\":\"https:\\\/\\\/www.immobilienbusiness.ch\\\/wp-content\\\/uploads\\\/2017\\\/01\\\/bild_hfs_rahmanzadeh_rahmann_201308-scaled.jpeg\",\"width\":2560,\"height\":1704,\"caption\":\"Rahman Rahmanzadeh (Foto: Helvetic Property Investments)\"},{\"@type\":\"BreadcrumbList\",\"@id\":\"https:\\\/\\\/www.immobilienbusiness.ch\\\/de\\\/unternehmen\\\/2017-01-17\\\/helvetic-private-investments-rahman-rahmanzadeh-ruhestand\\\/#breadcrumb\",\"itemListElement\":[{\"@type\":\"ListItem\",\"position\":1,\"name\":\"Home\",\"item\":\"https:\\\/\\\/www.immobilienbusiness.ch\\\/\"},{\"@type\":\"ListItem\",\"position\":2,\"name\":\"Helvetic Private Investments: Rahmanzadeh im Ruhestand\"}]},{\"@type\":\"WebSite\",\"@id\":\"https:\\\/\\\/www.immobilienbusiness.ch\\\/#website\",\"url\":\"https:\\\/\\\/www.immobilienbusiness.ch\\\/\",\"name\":\"IMMOBILIEN Business\",\"description\":\"Unabh\u00e4ngiges Schweizer Wirtschaftsmagazin mit Fokus auf Immobilien, Architektur- und Bau sowie Investment- und Finanzierung.\",\"publisher\":{\"@id\":\"https:\\\/\\\/www.immobilienbusiness.ch\\\/#organization\"},\"potentialAction\":[{\"@type\":\"SearchAction\",\"target\":{\"@type\":\"EntryPoint\",\"urlTemplate\":\"https:\\\/\\\/www.immobilienbusiness.ch\\\/?s={search_term_string}\"},\"query-input\":{\"@type\":\"PropertyValueSpecification\",\"valueRequired\":true,\"valueName\":\"search_term_string\"}}],\"inLanguage\":\"fr-FR\"},{\"@type\":\"Organization\",\"@id\":\"https:\\\/\\\/www.immobilienbusiness.ch\\\/#organization\",\"name\":\"IMMOBILIEN Business\",\"url\":\"https:\\\/\\\/www.immobilienbusiness.ch\\\/\",\"logo\":{\"@type\":\"ImageObject\",\"inLanguage\":\"fr-FR\",\"@id\":\"https:\\\/\\\/www.immobilienbusiness.ch\\\/#\\\/schema\\\/logo\\\/image\\\/\",\"url\":\"https:\\\/\\\/www.immobilienbusiness.ch\\\/wp-content\\\/uploads\\\/2021\\\/07\\\/logo_ib.png\",\"contentUrl\":\"https:\\\/\\\/www.immobilienbusiness.ch\\\/wp-content\\\/uploads\\\/2021\\\/07\\\/logo_ib.png\",\"width\":800,\"height\":181,\"caption\":\"IMMOBILIEN Business\"},\"image\":{\"@id\":\"https:\\\/\\\/www.immobilienbusiness.ch\\\/#\\\/schema\\\/logo\\\/image\\\/\"},\"sameAs\":[\"https:\\\/\\\/www.facebook.com\\\/immobilienbusiness\\\/\"]},{\"@type\":\"Person\",\"@id\":\"https:\\\/\\\/www.immobilienbusiness.ch\\\/#\\\/schema\\\/person\\\/3fc036297b10b9f42d6db5ee932af8c8\",\"name\":\"anja.hall\",\"image\":{\"@type\":\"ImageObject\",\"inLanguage\":\"fr-FR\",\"@id\":\"https:\\\/\\\/secure.gravatar.com\\\/avatar\\\/066b5a0d447013502c71a5782f4f3469f03cfe595cc2329fb94652fe47511bfb?s=96&d=mm&r=g\",\"url\":\"https:\\\/\\\/secure.gravatar.com\\\/avatar\\\/066b5a0d447013502c71a5782f4f3469f03cfe595cc2329fb94652fe47511bfb?s=96&d=mm&r=g\",\"contentUrl\":\"https:\\\/\\\/secure.gravatar.com\\\/avatar\\\/066b5a0d447013502c71a5782f4f3469f03cfe595cc2329fb94652fe47511bfb?s=96&d=mm&r=g\",\"caption\":\"anja.hall\"},\"url\":\"https:\\\/\\\/www.immobilienbusiness.ch\\\/fr\\\/author\\\/anja-hall\\\/\"}]}<\/script>\n<!-- \/ Yoast SEO plugin. -->","yoast_head_json":{"title":"Helvetic Private Investments: Rahmanzadeh im Ruhestand - IMMOBILIEN Business","description":"Mit Ende 2016 ist Rahman Rahmanzadeh, COO der Helvetic Private Investments AG, in den Ruhestand gegangen.","robots":{"index":"index","follow":"follow","max-snippet":"max-snippet:-1","max-image-preview":"max-image-preview:large","max-video-preview":"max-video-preview:-1"},"canonical":"https:\/\/www.immobilienbusiness.ch\/fr\/unternehmen\/2017-01-17\/helvetic-private-investments-rahman-rahmanzadeh-ruhestand\/","og_locale":"fr_FR","og_type":"article","og_title":"Helvetic Private Investments: Rahmanzadeh im Ruhestand","og_description":"Mit Ende 2016 ist Rahman Rahmanzadeh, COO der Helvetic Private Investments AG, in den Ruhestand gegangen.","og_url":"https:\/\/www.immobilienbusiness.ch\/fr\/unternehmen\/2017-01-17\/helvetic-private-investments-rahman-rahmanzadeh-ruhestand\/","og_site_name":"IMMOBILIEN Business","article_publisher":"https:\/\/www.facebook.com\/immobilienbusiness\/","article_published_time":"2017-01-17T07:54:42+00:00","author":"anja.hall","twitter_card":"summary_large_image","twitter_title":"Helvetic Private Investments: Rahmanzadeh im Ruhestand","twitter_description":"Mit Ende 2016 ist Rahman Rahmanzadeh, COO der Helvetic Private Investments AG, in den Ruhestand gegangen.","twitter_image":"https:\/\/immobilienbusiness.ch\/wp-content\/uploads\/2017\/01\/bild_hfs_rahmanzadeh_rahmann_201308.jpeg","schema":{"@context":"https:\/\/schema.org","@graph":[{"@type":"Article","@id":"https:\/\/www.immobilienbusiness.ch\/de\/unternehmen\/2017-01-17\/helvetic-private-investments-rahman-rahmanzadeh-ruhestand\/#article","isPartOf":{"@id":"https:\/\/www.immobilienbusiness.ch\/de\/unternehmen\/2017-01-17\/helvetic-private-investments-rahman-rahmanzadeh-ruhestand\/"},"author":{"name":"anja.hall","@id":"https:\/\/www.immobilienbusiness.ch\/#\/schema\/person\/3fc036297b10b9f42d6db5ee932af8c8"},"headline":"Helvetic Private Investments: Rahmanzadeh im Ruhestand","datePublished":"2017-01-17T07:54:42+00:00","mainEntityOfPage":{"@id":"https:\/\/www.immobilienbusiness.ch\/de\/unternehmen\/2017-01-17\/helvetic-private-investments-rahman-rahmanzadeh-ruhestand\/"},"wordCount":169,"commentCount":0,"publisher":{"@id":"https:\/\/www.immobilienbusiness.ch\/#organization"},"image":{"@id":"https:\/\/www.immobilienbusiness.ch\/de\/unternehmen\/2017-01-17\/helvetic-private-investments-rahman-rahmanzadeh-ruhestand\/#primaryimage"},"thumbnailUrl":"https:\/\/www.immobilienbusiness.ch\/wp-content\/uploads\/2017\/01\/bild_hfs_rahmanzadeh_rahmann_201308-scaled.jpeg","keywords":["Personalia","Unternehmen"],"articleSection":["UNTERNEHMEN"],"inLanguage":"fr-FR"},{"@type":"WebPage","@id":"https:\/\/www.immobilienbusiness.ch\/de\/unternehmen\/2017-01-17\/helvetic-private-investments-rahman-rahmanzadeh-ruhestand\/","url":"https:\/\/www.immobilienbusiness.ch\/de\/unternehmen\/2017-01-17\/helvetic-private-investments-rahman-rahmanzadeh-ruhestand\/","name":"Helvetic Private Investments: Rahmanzadeh im Ruhestand - IMMOBILIEN Business","isPartOf":{"@id":"https:\/\/www.immobilienbusiness.ch\/#website"},"primaryImageOfPage":{"@id":"https:\/\/www.immobilienbusiness.ch\/de\/unternehmen\/2017-01-17\/helvetic-private-investments-rahman-rahmanzadeh-ruhestand\/#primaryimage"},"image":{"@id":"https:\/\/www.immobilienbusiness.ch\/de\/unternehmen\/2017-01-17\/helvetic-private-investments-rahman-rahmanzadeh-ruhestand\/#primaryimage"},"thumbnailUrl":"https:\/\/www.immobilienbusiness.ch\/wp-content\/uploads\/2017\/01\/bild_hfs_rahmanzadeh_rahmann_201308-scaled.jpeg","datePublished":"2017-01-17T07:54:42+00:00","description":"Mit Ende 2016 ist Rahman Rahmanzadeh, COO der Helvetic Private Investments AG, in den Ruhestand gegangen.","breadcrumb":{"@id":"https:\/\/www.immobilienbusiness.ch\/de\/unternehmen\/2017-01-17\/helvetic-private-investments-rahman-rahmanzadeh-ruhestand\/#breadcrumb"},"inLanguage":"fr-FR","potentialAction":[{"@type":"ReadAction","target":["https:\/\/www.immobilienbusiness.ch\/de\/unternehmen\/2017-01-17\/helvetic-private-investments-rahman-rahmanzadeh-ruhestand\/"]}]},{"@type":"ImageObject","inLanguage":"fr-FR","@id":"https:\/\/www.immobilienbusiness.ch\/de\/unternehmen\/2017-01-17\/helvetic-private-investments-rahman-rahmanzadeh-ruhestand\/#primaryimage","url":"https:\/\/www.immobilienbusiness.ch\/wp-content\/uploads\/2017\/01\/bild_hfs_rahmanzadeh_rahmann_201308-scaled.jpeg","contentUrl":"https:\/\/www.immobilienbusiness.ch\/wp-content\/uploads\/2017\/01\/bild_hfs_rahmanzadeh_rahmann_201308-scaled.jpeg","width":2560,"height":1704,"caption":"Rahman Rahmanzadeh (Foto: Helvetic Property Investments)"},{"@type":"BreadcrumbList","@id":"https:\/\/www.immobilienbusiness.ch\/de\/unternehmen\/2017-01-17\/helvetic-private-investments-rahman-rahmanzadeh-ruhestand\/#breadcrumb","itemListElement":[{"@type":"ListItem","position":1,"name":"Home","item":"https:\/\/www.immobilienbusiness.ch\/"},{"@type":"ListItem","position":2,"name":"Helvetic Private Investments: Rahmanzadeh im Ruhestand"}]},{"@type":"WebSite","@id":"https:\/\/www.immobilienbusiness.ch\/#website","url":"https:\/\/www.immobilienbusiness.ch\/","name":"IMMOBILIER Business","description":"Magazine \u00e9conomique suisse ind\u00e9pendant ax\u00e9 sur l'immobilier, l'architecture et la construction ainsi que sur les investissements et le financement.","publisher":{"@id":"https:\/\/www.immobilienbusiness.ch\/#organization"},"potentialAction":[{"@type":"SearchAction","target":{"@type":"EntryPoint","urlTemplate":"https:\/\/www.immobilienbusiness.ch\/?s={search_term_string}"},"query-input":{"@type":"PropertyValueSpecification","valueRequired":true,"valueName":"search_term_string"}}],"inLanguage":"fr-FR"},{"@type":"Organization","@id":"https:\/\/www.immobilienbusiness.ch\/#organization","name":"IMMOBILIER Business","url":"https:\/\/www.immobilienbusiness.ch\/","logo":{"@type":"ImageObject","inLanguage":"fr-FR","@id":"https:\/\/www.immobilienbusiness.ch\/#\/schema\/logo\/image\/","url":"https:\/\/www.immobilienbusiness.ch\/wp-content\/uploads\/2021\/07\/logo_ib.png","contentUrl":"https:\/\/www.immobilienbusiness.ch\/wp-content\/uploads\/2021\/07\/logo_ib.png","width":800,"height":181,"caption":"IMMOBILIEN Business"},"image":{"@id":"https:\/\/www.immobilienbusiness.ch\/#\/schema\/logo\/image\/"},"sameAs":["https:\/\/www.facebook.com\/immobilienbusiness\/"]},{"@type":"Person","@id":"https:\/\/www.immobilienbusiness.ch\/#\/schema\/person\/3fc036297b10b9f42d6db5ee932af8c8","name":"anja.hall","image":{"@type":"ImageObject","inLanguage":"fr-FR","@id":"https:\/\/secure.gravatar.com\/avatar\/066b5a0d447013502c71a5782f4f3469f03cfe595cc2329fb94652fe47511bfb?s=96&d=mm&r=g","url":"https:\/\/secure.gravatar.com\/avatar\/066b5a0d447013502c71a5782f4f3469f03cfe595cc2329fb94652fe47511bfb?s=96&d=mm&r=g","contentUrl":"https:\/\/secure.gravatar.com\/avatar\/066b5a0d447013502c71a5782f4f3469f03cfe595cc2329fb94652fe47511bfb?s=96&d=mm&r=g","caption":"anja.hall"},"url":"https:\/\/www.immobilienbusiness.ch\/fr\/author\/anja-hall\/"}]}},"_links":{"self":[{"href":"https:\/\/www.immobilienbusiness.ch\/fr\/wp-json\/wp\/v2\/posts\/5841","targetHints":{"allow":["GET"]}}],"collection":[{"href":"https:\/\/www.immobilienbusiness.ch\/fr\/wp-json\/wp\/v2\/posts"}],"about":[{"href":"https:\/\/www.immobilienbusiness.ch\/fr\/wp-json\/wp\/v2\/types\/post"}],"author":[{"embeddable":true,"href":"https:\/\/www.immobilienbusiness.ch\/fr\/wp-json\/wp\/v2\/users\/3"}],"replies":[{"embeddable":true,"href":"https:\/\/www.immobilienbusiness.ch\/fr\/wp-json\/wp\/v2\/comments?post=5841"}],"version-history":[{"count":0,"href":"https:\/\/www.immobilienbusiness.ch\/fr\/wp-json\/wp\/v2\/posts\/5841\/revisions"}],"wp:featuredmedia":[{"embeddable":true,"href":"https:\/\/www.immobilienbusiness.ch\/fr\/wp-json\/wp\/v2\/media\/5842"}],"wp:attachment":[{"href":"https:\/\/www.immobilienbusiness.ch\/fr\/wp-json\/wp\/v2\/media?parent=5841"}],"wp:term":[{"taxonomy":"category","embeddable":true,"href":"https:\/\/www.immobilienbusiness.ch\/fr\/wp-json\/wp\/v2\/categories?post=5841"},{"taxonomy":"post_tag","embeddable":true,"href":"https:\/\/www.immobilienbusiness.ch\/fr\/wp-json\/wp\/v2\/tags?post=5841"}],"curies":[{"name":"wp","href":"https:\/\/api.w.org\/{rel}","templated":true}]}}