{"id":58372,"date":"2024-08-12T08:02:35","date_gmt":"2024-08-12T06:02:35","guid":{"rendered":"https:\/\/www.immobilienbusiness.ch\/?p=58372"},"modified":"2024-08-15T14:20:10","modified_gmt":"2024-08-15T12:20:10","slug":"ebikon-drei-neueroeffnungen-in-der-mall-of-switzerland","status":"publish","type":"post","link":"https:\/\/www.immobilienbusiness.ch\/fr\/ib\/2024-08-12\/ebikon-drei-neueroeffnungen-in-der-mall-of-switzerland\/","title":{"rendered":"Ebikon : trois nouvelles ouvertures dans le \"Mall of Switzerland"},"content":{"rendered":"<div class=\"swpm-post-not-logged-in-msg\">Vous devez \u00eatre connect\u00e9 pour voir ce contenu. Veuillez consulter <a class=\"swpm-login-link\" href=\"https:\/\/www.immobilienbusiness.ch\/fr\/login\/?swpm_redirect_to=https%3A%2F%2Fwww.immobilienbusiness.ch%2Ffr%2Fwp-json%2Fwp%2Fv2%2Fposts%2F58372\">Connexion<\/a>. Vous n'\u00eates pas membre ? <a href=\"https:\/\/www.immobilienbusiness.ch\/fr\/registrieren\/\">Nous Rejoindre<\/a><\/div>","protected":false},"excerpt":{"rendered":"<p>En ao\u00fbt, le centre commercial accueille une boutique de mode de la marque Stradivarius, une filiale de \"The Nail Shop\" et un marchand de chaussures lucernois en tant que locataires pour un total d'un peu plus de 1.000 m\u00b2.<\/p>","protected":false},"author":102,"featured_media":56648,"comment_status":"closed","ping_status":"closed","sticky":false,"template":"","format":"standard","meta":{"_acf_changed":false,"_yoast_wpseo_focuskw":"Neuer\u00f6ffnungen Mall of Switzerland","_yoast_wpseo_title":"","_yoast_wpseo_metadesc":"Stradivarius, The Nail Shop und Schuhhaus Imgr\u00fcth er\u00f6ffnen im August in der Mall of Switzerland. Gesamtfl\u00e4che: \u00fcber 1.000 qm.","_yoast_wpseo_linkdex":53,"pgc_sgb_lightbox_settings":"","footnotes":""},"categories":[1951,985],"tags":[1181,1461,3755,3756],"class_list":["post-58372","post","type-post","status-publish","format-standard","has-post-thumbnail","hentry","category-ib","category-regionen","tag-ebikon","tag-mall-of-switzerland","tag-neueroeffnungen","tag-stradivarius"],"acf":[],"yoast_head":"<!-- This site is optimized with the Yoast SEO plugin v27.4 - https:\/\/yoast.com\/product\/yoast-seo-wordpress\/ -->\n<title>Ebikon: Drei Neuer\u00f6ffnungen in der \u00abMall of Switzerland\u00bb - IMMOBILIEN Business<\/title>\n<meta name=\"description\" content=\"Stradivarius, The Nail Shop und Schuhhaus Imgr\u00fcth er\u00f6ffnen im August in der Mall of Switzerland. Gesamtfl\u00e4che: \u00fcber 1.000 qm.\" \/>\n<meta name=\"robots\" content=\"index, follow, max-snippet:-1, max-image-preview:large, max-video-preview:-1\" \/>\n<link rel=\"canonical\" href=\"https:\/\/www.immobilienbusiness.ch\/fr\/ib\/2024-08-12\/ebikon-drei-neueroeffnungen-in-der-mall-of-switzerland\/\" \/>\n<meta property=\"og:locale\" content=\"fr_FR\" \/>\n<meta property=\"og:type\" content=\"article\" \/>\n<meta property=\"og:title\" content=\"Ebikon: Drei Neuer\u00f6ffnungen in der \u00abMall of Switzerland\u00bb - IMMOBILIEN Business\" \/>\n<meta property=\"og:description\" content=\"Stradivarius, The Nail Shop und Schuhhaus Imgr\u00fcth er\u00f6ffnen im August in der Mall of Switzerland. Gesamtfl\u00e4che: \u00fcber 1.000 qm.\" \/>\n<meta property=\"og:url\" content=\"https:\/\/www.immobilienbusiness.ch\/fr\/ib\/2024-08-12\/ebikon-drei-neueroeffnungen-in-der-mall-of-switzerland\/\" \/>\n<meta property=\"og:site_name\" content=\"IMMOBILIEN Business\" \/>\n<meta property=\"article:publisher\" content=\"https:\/\/www.facebook.com\/immobilienbusiness\/\" \/>\n<meta property=\"article:published_time\" content=\"2024-08-12T06:02:35+00:00\" \/>\n<meta property=\"article:modified_time\" content=\"2024-08-15T12:20:10+00:00\" \/>\n<meta property=\"og:image\" content=\"https:\/\/www.immobilienbusiness.ch\/wp-content\/uploads\/2024\/04\/Mall-of-Switzerland-2.png\" \/>\n\t<meta property=\"og:image:width\" content=\"958\" \/>\n\t<meta property=\"og:image:height\" content=\"389\" \/>\n\t<meta property=\"og:image:type\" content=\"image\/png\" \/>\n<meta name=\"author\" content=\"Alexander Wachter\" \/>\n<meta name=\"twitter:card\" content=\"summary_large_image\" \/>\n<script type=\"application\/ld+json\" class=\"yoast-schema-graph\">{\"@context\":\"https:\\\/\\\/schema.org\",\"@graph\":[{\"@type\":\"Article\",\"@id\":\"https:\\\/\\\/www.immobilienbusiness.ch\\\/it\\\/ib\\\/2024-08-12\\\/ebikon-drei-neueroeffnungen-in-der-mall-of-switzerland\\\/#article\",\"isPartOf\":{\"@id\":\"https:\\\/\\\/www.immobilienbusiness.ch\\\/it\\\/ib\\\/2024-08-12\\\/ebikon-drei-neueroeffnungen-in-der-mall-of-switzerland\\\/\"},\"author\":{\"name\":\"Alexander Wachter\",\"@id\":\"https:\\\/\\\/www.immobilienbusiness.ch\\\/#\\\/schema\\\/person\\\/aba8bea2db926aa0c24c08c43fe1fcd5\"},\"headline\":\"Ebikon: Drei Neuer\u00f6ffnungen in der \u00abMall of Switzerland\u00bb\",\"datePublished\":\"2024-08-12T06:02:35+00:00\",\"dateModified\":\"2024-08-15T12:20:10+00:00\",\"mainEntityOfPage\":{\"@id\":\"https:\\\/\\\/www.immobilienbusiness.ch\\\/it\\\/ib\\\/2024-08-12\\\/ebikon-drei-neueroeffnungen-in-der-mall-of-switzerland\\\/\"},\"wordCount\":130,\"publisher\":{\"@id\":\"https:\\\/\\\/www.immobilienbusiness.ch\\\/#organization\"},\"image\":{\"@id\":\"https:\\\/\\\/www.immobilienbusiness.ch\\\/it\\\/ib\\\/2024-08-12\\\/ebikon-drei-neueroeffnungen-in-der-mall-of-switzerland\\\/#primaryimage\"},\"thumbnailUrl\":\"https:\\\/\\\/www.immobilienbusiness.ch\\\/wp-content\\\/uploads\\\/2024\\\/04\\\/Mall-of-Switzerland-2.png\",\"keywords\":[\"Ebikon\",\"Mall of Switzerland\",\"Neuer\u00f6ffnungen\",\"Stradivarius\"],\"articleSection\":[\"IB+\",\"REGIONEN\"],\"inLanguage\":\"fr-FR\"},{\"@type\":\"WebPage\",\"@id\":\"https:\\\/\\\/www.immobilienbusiness.ch\\\/it\\\/ib\\\/2024-08-12\\\/ebikon-drei-neueroeffnungen-in-der-mall-of-switzerland\\\/\",\"url\":\"https:\\\/\\\/www.immobilienbusiness.ch\\\/it\\\/ib\\\/2024-08-12\\\/ebikon-drei-neueroeffnungen-in-der-mall-of-switzerland\\\/\",\"name\":\"Ebikon: Drei Neuer\u00f6ffnungen in der \u00abMall of Switzerland\u00bb - IMMOBILIEN Business\",\"isPartOf\":{\"@id\":\"https:\\\/\\\/www.immobilienbusiness.ch\\\/#website\"},\"primaryImageOfPage\":{\"@id\":\"https:\\\/\\\/www.immobilienbusiness.ch\\\/it\\\/ib\\\/2024-08-12\\\/ebikon-drei-neueroeffnungen-in-der-mall-of-switzerland\\\/#primaryimage\"},\"image\":{\"@id\":\"https:\\\/\\\/www.immobilienbusiness.ch\\\/it\\\/ib\\\/2024-08-12\\\/ebikon-drei-neueroeffnungen-in-der-mall-of-switzerland\\\/#primaryimage\"},\"thumbnailUrl\":\"https:\\\/\\\/www.immobilienbusiness.ch\\\/wp-content\\\/uploads\\\/2024\\\/04\\\/Mall-of-Switzerland-2.png\",\"datePublished\":\"2024-08-12T06:02:35+00:00\",\"dateModified\":\"2024-08-15T12:20:10+00:00\",\"description\":\"Stradivarius, The Nail Shop und Schuhhaus Imgr\u00fcth er\u00f6ffnen im August in der Mall of Switzerland. Gesamtfl\u00e4che: \u00fcber 1.000 qm.\",\"breadcrumb\":{\"@id\":\"https:\\\/\\\/www.immobilienbusiness.ch\\\/it\\\/ib\\\/2024-08-12\\\/ebikon-drei-neueroeffnungen-in-der-mall-of-switzerland\\\/#breadcrumb\"},\"inLanguage\":\"fr-FR\",\"potentialAction\":[{\"@type\":\"ReadAction\",\"target\":[\"https:\\\/\\\/www.immobilienbusiness.ch\\\/it\\\/ib\\\/2024-08-12\\\/ebikon-drei-neueroeffnungen-in-der-mall-of-switzerland\\\/\"]}]},{\"@type\":\"ImageObject\",\"inLanguage\":\"fr-FR\",\"@id\":\"https:\\\/\\\/www.immobilienbusiness.ch\\\/it\\\/ib\\\/2024-08-12\\\/ebikon-drei-neueroeffnungen-in-der-mall-of-switzerland\\\/#primaryimage\",\"url\":\"https:\\\/\\\/www.immobilienbusiness.ch\\\/wp-content\\\/uploads\\\/2024\\\/04\\\/Mall-of-Switzerland-2.png\",\"contentUrl\":\"https:\\\/\\\/www.immobilienbusiness.ch\\\/wp-content\\\/uploads\\\/2024\\\/04\\\/Mall-of-Switzerland-2.png\",\"width\":958,\"height\":389,\"caption\":\"Die Mall of Switzerland (Bild: zVg)\"},{\"@type\":\"BreadcrumbList\",\"@id\":\"https:\\\/\\\/www.immobilienbusiness.ch\\\/it\\\/ib\\\/2024-08-12\\\/ebikon-drei-neueroeffnungen-in-der-mall-of-switzerland\\\/#breadcrumb\",\"itemListElement\":[{\"@type\":\"ListItem\",\"position\":1,\"name\":\"Home\",\"item\":\"https:\\\/\\\/www.immobilienbusiness.ch\\\/\"},{\"@type\":\"ListItem\",\"position\":2,\"name\":\"Ebikon: Drei Neuer\u00f6ffnungen in der \u00abMall of Switzerland\u00bb\"}]},{\"@type\":\"WebSite\",\"@id\":\"https:\\\/\\\/www.immobilienbusiness.ch\\\/#website\",\"url\":\"https:\\\/\\\/www.immobilienbusiness.ch\\\/\",\"name\":\"IMMOBILIEN Business\",\"description\":\"Unabh\u00e4ngiges Schweizer Wirtschaftsmagazin mit Fokus auf Immobilien, Architektur- und Bau sowie Investment- und Finanzierung.\",\"publisher\":{\"@id\":\"https:\\\/\\\/www.immobilienbusiness.ch\\\/#organization\"},\"potentialAction\":[{\"@type\":\"SearchAction\",\"target\":{\"@type\":\"EntryPoint\",\"urlTemplate\":\"https:\\\/\\\/www.immobilienbusiness.ch\\\/?s={search_term_string}\"},\"query-input\":{\"@type\":\"PropertyValueSpecification\",\"valueRequired\":true,\"valueName\":\"search_term_string\"}}],\"inLanguage\":\"fr-FR\"},{\"@type\":\"Organization\",\"@id\":\"https:\\\/\\\/www.immobilienbusiness.ch\\\/#organization\",\"name\":\"IMMOBILIEN Business\",\"url\":\"https:\\\/\\\/www.immobilienbusiness.ch\\\/\",\"logo\":{\"@type\":\"ImageObject\",\"inLanguage\":\"fr-FR\",\"@id\":\"https:\\\/\\\/www.immobilienbusiness.ch\\\/#\\\/schema\\\/logo\\\/image\\\/\",\"url\":\"https:\\\/\\\/www.immobilienbusiness.ch\\\/wp-content\\\/uploads\\\/2021\\\/07\\\/logo_ib.png\",\"contentUrl\":\"https:\\\/\\\/www.immobilienbusiness.ch\\\/wp-content\\\/uploads\\\/2021\\\/07\\\/logo_ib.png\",\"width\":800,\"height\":181,\"caption\":\"IMMOBILIEN Business\"},\"image\":{\"@id\":\"https:\\\/\\\/www.immobilienbusiness.ch\\\/#\\\/schema\\\/logo\\\/image\\\/\"},\"sameAs\":[\"https:\\\/\\\/www.facebook.com\\\/immobilienbusiness\\\/\"]},{\"@type\":\"Person\",\"@id\":\"https:\\\/\\\/www.immobilienbusiness.ch\\\/#\\\/schema\\\/person\\\/aba8bea2db926aa0c24c08c43fe1fcd5\",\"name\":\"Alexander Wachter\",\"image\":{\"@type\":\"ImageObject\",\"inLanguage\":\"fr-FR\",\"@id\":\"https:\\\/\\\/secure.gravatar.com\\\/avatar\\\/1a09e471f5389b0e0a6416eac287e0927c7c97a7b77f9e787eba3af7aee281dd?s=96&d=mm&r=g\",\"url\":\"https:\\\/\\\/secure.gravatar.com\\\/avatar\\\/1a09e471f5389b0e0a6416eac287e0927c7c97a7b77f9e787eba3af7aee281dd?s=96&d=mm&r=g\",\"contentUrl\":\"https:\\\/\\\/secure.gravatar.com\\\/avatar\\\/1a09e471f5389b0e0a6416eac287e0927c7c97a7b77f9e787eba3af7aee281dd?s=96&d=mm&r=g\",\"caption\":\"Alexander Wachter\"},\"url\":\"https:\\\/\\\/www.immobilienbusiness.ch\\\/fr\\\/author\\\/alexander-wachter\\\/\"}]}<\/script>\n<!-- \/ Yoast SEO plugin. -->","yoast_head_json":{"title":"Ebikon : trois nouvelles ouvertures dans le \u00abMall of Switzerland\u00bb - IMMOBILIER Business","description":"Stradivarius, The Nail Shop et Schuhhaus Imgr\u00fcth ouvrent en ao\u00fbt dans le Mall of Switzerland. Surface totale : plus de 1.000 m\u00b2.","robots":{"index":"index","follow":"follow","max-snippet":"max-snippet:-1","max-image-preview":"max-image-preview:large","max-video-preview":"max-video-preview:-1"},"canonical":"https:\/\/www.immobilienbusiness.ch\/fr\/ib\/2024-08-12\/ebikon-drei-neueroeffnungen-in-der-mall-of-switzerland\/","og_locale":"fr_FR","og_type":"article","og_title":"Ebikon: Drei Neuer\u00f6ffnungen in der \u00abMall of Switzerland\u00bb - IMMOBILIEN Business","og_description":"Stradivarius, The Nail Shop und Schuhhaus Imgr\u00fcth er\u00f6ffnen im August in der Mall of Switzerland. Gesamtfl\u00e4che: \u00fcber 1.000 qm.","og_url":"https:\/\/www.immobilienbusiness.ch\/fr\/ib\/2024-08-12\/ebikon-drei-neueroeffnungen-in-der-mall-of-switzerland\/","og_site_name":"IMMOBILIEN Business","article_publisher":"https:\/\/www.facebook.com\/immobilienbusiness\/","article_published_time":"2024-08-12T06:02:35+00:00","article_modified_time":"2024-08-15T12:20:10+00:00","og_image":[{"width":958,"height":389,"url":"https:\/\/www.immobilienbusiness.ch\/wp-content\/uploads\/2024\/04\/Mall-of-Switzerland-2.png","type":"image\/png"}],"author":"Alexander Wachter","twitter_card":"summary_large_image","schema":{"@context":"https:\/\/schema.org","@graph":[{"@type":"Article","@id":"https:\/\/www.immobilienbusiness.ch\/it\/ib\/2024-08-12\/ebikon-drei-neueroeffnungen-in-der-mall-of-switzerland\/#article","isPartOf":{"@id":"https:\/\/www.immobilienbusiness.ch\/it\/ib\/2024-08-12\/ebikon-drei-neueroeffnungen-in-der-mall-of-switzerland\/"},"author":{"name":"Alexander Wachter","@id":"https:\/\/www.immobilienbusiness.ch\/#\/schema\/person\/aba8bea2db926aa0c24c08c43fe1fcd5"},"headline":"Ebikon: Drei Neuer\u00f6ffnungen in der \u00abMall of Switzerland\u00bb","datePublished":"2024-08-12T06:02:35+00:00","dateModified":"2024-08-15T12:20:10+00:00","mainEntityOfPage":{"@id":"https:\/\/www.immobilienbusiness.ch\/it\/ib\/2024-08-12\/ebikon-drei-neueroeffnungen-in-der-mall-of-switzerland\/"},"wordCount":130,"publisher":{"@id":"https:\/\/www.immobilienbusiness.ch\/#organization"},"image":{"@id":"https:\/\/www.immobilienbusiness.ch\/it\/ib\/2024-08-12\/ebikon-drei-neueroeffnungen-in-der-mall-of-switzerland\/#primaryimage"},"thumbnailUrl":"https:\/\/www.immobilienbusiness.ch\/wp-content\/uploads\/2024\/04\/Mall-of-Switzerland-2.png","keywords":["Ebikon","Mall of Switzerland","Neuer\u00f6ffnungen","Stradivarius"],"articleSection":["IB+","REGIONEN"],"inLanguage":"fr-FR"},{"@type":"WebPage","@id":"https:\/\/www.immobilienbusiness.ch\/it\/ib\/2024-08-12\/ebikon-drei-neueroeffnungen-in-der-mall-of-switzerland\/","url":"https:\/\/www.immobilienbusiness.ch\/it\/ib\/2024-08-12\/ebikon-drei-neueroeffnungen-in-der-mall-of-switzerland\/","name":"Ebikon : trois nouvelles ouvertures dans le \u00abMall of Switzerland\u00bb - IMMOBILIER Business","isPartOf":{"@id":"https:\/\/www.immobilienbusiness.ch\/#website"},"primaryImageOfPage":{"@id":"https:\/\/www.immobilienbusiness.ch\/it\/ib\/2024-08-12\/ebikon-drei-neueroeffnungen-in-der-mall-of-switzerland\/#primaryimage"},"image":{"@id":"https:\/\/www.immobilienbusiness.ch\/it\/ib\/2024-08-12\/ebikon-drei-neueroeffnungen-in-der-mall-of-switzerland\/#primaryimage"},"thumbnailUrl":"https:\/\/www.immobilienbusiness.ch\/wp-content\/uploads\/2024\/04\/Mall-of-Switzerland-2.png","datePublished":"2024-08-12T06:02:35+00:00","dateModified":"2024-08-15T12:20:10+00:00","description":"Stradivarius, The Nail Shop et Schuhhaus Imgr\u00fcth ouvrent en ao\u00fbt dans le Mall of Switzerland. Surface totale : plus de 1.000 m\u00b2.","breadcrumb":{"@id":"https:\/\/www.immobilienbusiness.ch\/it\/ib\/2024-08-12\/ebikon-drei-neueroeffnungen-in-der-mall-of-switzerland\/#breadcrumb"},"inLanguage":"fr-FR","potentialAction":[{"@type":"ReadAction","target":["https:\/\/www.immobilienbusiness.ch\/it\/ib\/2024-08-12\/ebikon-drei-neueroeffnungen-in-der-mall-of-switzerland\/"]}]},{"@type":"ImageObject","inLanguage":"fr-FR","@id":"https:\/\/www.immobilienbusiness.ch\/it\/ib\/2024-08-12\/ebikon-drei-neueroeffnungen-in-der-mall-of-switzerland\/#primaryimage","url":"https:\/\/www.immobilienbusiness.ch\/wp-content\/uploads\/2024\/04\/Mall-of-Switzerland-2.png","contentUrl":"https:\/\/www.immobilienbusiness.ch\/wp-content\/uploads\/2024\/04\/Mall-of-Switzerland-2.png","width":958,"height":389,"caption":"Die Mall of Switzerland (Bild: zVg)"},{"@type":"BreadcrumbList","@id":"https:\/\/www.immobilienbusiness.ch\/it\/ib\/2024-08-12\/ebikon-drei-neueroeffnungen-in-der-mall-of-switzerland\/#breadcrumb","itemListElement":[{"@type":"ListItem","position":1,"name":"Home","item":"https:\/\/www.immobilienbusiness.ch\/"},{"@type":"ListItem","position":2,"name":"Ebikon: Drei Neuer\u00f6ffnungen in der \u00abMall of Switzerland\u00bb"}]},{"@type":"WebSite","@id":"https:\/\/www.immobilienbusiness.ch\/#website","url":"https:\/\/www.immobilienbusiness.ch\/","name":"IMMOBILIER Business","description":"Magazine \u00e9conomique suisse ind\u00e9pendant ax\u00e9 sur l'immobilier, l'architecture et la construction ainsi que sur les investissements et le financement.","publisher":{"@id":"https:\/\/www.immobilienbusiness.ch\/#organization"},"potentialAction":[{"@type":"SearchAction","target":{"@type":"EntryPoint","urlTemplate":"https:\/\/www.immobilienbusiness.ch\/?s={search_term_string}"},"query-input":{"@type":"PropertyValueSpecification","valueRequired":true,"valueName":"search_term_string"}}],"inLanguage":"fr-FR"},{"@type":"Organization","@id":"https:\/\/www.immobilienbusiness.ch\/#organization","name":"IMMOBILIER Business","url":"https:\/\/www.immobilienbusiness.ch\/","logo":{"@type":"ImageObject","inLanguage":"fr-FR","@id":"https:\/\/www.immobilienbusiness.ch\/#\/schema\/logo\/image\/","url":"https:\/\/www.immobilienbusiness.ch\/wp-content\/uploads\/2021\/07\/logo_ib.png","contentUrl":"https:\/\/www.immobilienbusiness.ch\/wp-content\/uploads\/2021\/07\/logo_ib.png","width":800,"height":181,"caption":"IMMOBILIEN Business"},"image":{"@id":"https:\/\/www.immobilienbusiness.ch\/#\/schema\/logo\/image\/"},"sameAs":["https:\/\/www.facebook.com\/immobilienbusiness\/"]},{"@type":"Person","@id":"https:\/\/www.immobilienbusiness.ch\/#\/schema\/person\/aba8bea2db926aa0c24c08c43fe1fcd5","name":"Alexander Wachter","image":{"@type":"ImageObject","inLanguage":"fr-FR","@id":"https:\/\/secure.gravatar.com\/avatar\/1a09e471f5389b0e0a6416eac287e0927c7c97a7b77f9e787eba3af7aee281dd?s=96&d=mm&r=g","url":"https:\/\/secure.gravatar.com\/avatar\/1a09e471f5389b0e0a6416eac287e0927c7c97a7b77f9e787eba3af7aee281dd?s=96&d=mm&r=g","contentUrl":"https:\/\/secure.gravatar.com\/avatar\/1a09e471f5389b0e0a6416eac287e0927c7c97a7b77f9e787eba3af7aee281dd?s=96&d=mm&r=g","caption":"Alexander Wachter"},"url":"https:\/\/www.immobilienbusiness.ch\/fr\/author\/alexander-wachter\/"}]}},"_links":{"self":[{"href":"https:\/\/www.immobilienbusiness.ch\/fr\/wp-json\/wp\/v2\/posts\/58372","targetHints":{"allow":["GET"]}}],"collection":[{"href":"https:\/\/www.immobilienbusiness.ch\/fr\/wp-json\/wp\/v2\/posts"}],"about":[{"href":"https:\/\/www.immobilienbusiness.ch\/fr\/wp-json\/wp\/v2\/types\/post"}],"author":[{"embeddable":true,"href":"https:\/\/www.immobilienbusiness.ch\/fr\/wp-json\/wp\/v2\/users\/102"}],"replies":[{"embeddable":true,"href":"https:\/\/www.immobilienbusiness.ch\/fr\/wp-json\/wp\/v2\/comments?post=58372"}],"version-history":[{"count":3,"href":"https:\/\/www.immobilienbusiness.ch\/fr\/wp-json\/wp\/v2\/posts\/58372\/revisions"}],"predecessor-version":[{"id":58438,"href":"https:\/\/www.immobilienbusiness.ch\/fr\/wp-json\/wp\/v2\/posts\/58372\/revisions\/58438"}],"wp:featuredmedia":[{"embeddable":true,"href":"https:\/\/www.immobilienbusiness.ch\/fr\/wp-json\/wp\/v2\/media\/56648"}],"wp:attachment":[{"href":"https:\/\/www.immobilienbusiness.ch\/fr\/wp-json\/wp\/v2\/media?parent=58372"}],"wp:term":[{"taxonomy":"category","embeddable":true,"href":"https:\/\/www.immobilienbusiness.ch\/fr\/wp-json\/wp\/v2\/categories?post=58372"},{"taxonomy":"post_tag","embeddable":true,"href":"https:\/\/www.immobilienbusiness.ch\/fr\/wp-json\/wp\/v2\/tags?post=58372"}],"curies":[{"name":"wp","href":"https:\/\/api.w.org\/{rel}","templated":true}]}}