{"id":58314,"date":"2024-08-07T10:12:46","date_gmt":"2024-08-07T08:12:46","guid":{"rendered":"https:\/\/www.immobilienbusiness.ch\/?p=58314"},"modified":"2024-08-19T13:17:36","modified_gmt":"2024-08-19T11:17:36","slug":"qualicasa-gruender-rolf-truninger-ausgeschieden","status":"publish","type":"post","link":"https:\/\/www.immobilienbusiness.ch\/fr\/personalia\/2024-08-07\/qualicasa-gruender-rolf-truninger-ausgeschieden\/","title":{"rendered":"Qualicasa : Le fondateur Rolf Truninger a quitt\u00e9 l'entreprise"},"content":{"rendered":"<figure id=\"attachment_49254\" aria-describedby=\"caption-attachment-49254\" style=\"width: 800px\" class=\"wp-caption alignnone\"><a href=\"https:\/\/www.immobilienbusiness.ch\/wp-content\/uploads\/2023\/07\/qualicasa_mitarbeiter_Rolf_Truninger.png\"><img loading=\"lazy\" decoding=\"async\" class=\"wp-image-49254 size-full\" src=\"https:\/\/www.immobilienbusiness.ch\/wp-content\/uploads\/2023\/07\/qualicasa_mitarbeiter_Rolf_Truninger.png\" alt=\"Rolf Truninger verl\u00e4sst Qualicasa\" width=\"800\" height=\"533\" srcset=\"https:\/\/www.immobilienbusiness.ch\/wp-content\/uploads\/2023\/07\/qualicasa_mitarbeiter_Rolf_Truninger.png 800w, https:\/\/www.immobilienbusiness.ch\/wp-content\/uploads\/2023\/07\/qualicasa_mitarbeiter_Rolf_Truninger-300x200.png 300w, https:\/\/www.immobilienbusiness.ch\/wp-content\/uploads\/2023\/07\/qualicasa_mitarbeiter_Rolf_Truninger-768x512.png 768w, https:\/\/www.immobilienbusiness.ch\/wp-content\/uploads\/2023\/07\/qualicasa_mitarbeiter_Rolf_Truninger-18x12.png 18w, https:\/\/www.immobilienbusiness.ch\/wp-content\/uploads\/2023\/07\/qualicasa_mitarbeiter_Rolf_Truninger-375x250.png 375w, https:\/\/www.immobilienbusiness.ch\/wp-content\/uploads\/2023\/07\/qualicasa_mitarbeiter_Rolf_Truninger-525x350.png 525w\" sizes=\"auto, (max-width: 800px) 100vw, 800px\" \/><\/a><figcaption id=\"caption-attachment-49254\" class=\"wp-caption-text\">Un an apr\u00e8s la reprise par W\u00fcest Partner, Rolf Truninger a quitt\u00e9 Qualicasa (Photo : Qualicasa AG)<\/figcaption><\/figure>\n<p>Rolf Truninger a quitt\u00e9 Qualicasa fin juillet. Le 1er mai, Nico M\u00fcller a repris la fonction de CEO. M\u00fcller assume son nouveau poste chez Qualicasa en plus de son r\u00f4le de partenaire chez W\u00fcest Partner. \"Nico M\u00fcller occupe le poste de CEO adjoint depuis l'int\u00e9gration de Qualicasa et s'est \u00e9tabli avec succ\u00e8s dans l'entreprise\", explique Ronny Haase, pr\u00e9sident du conseil d'administration de Qualicasa. A propos du d\u00e9part du fondateur de l'entreprise, il d\u00e9clare : \"Au nom du conseil d'administration, je remercie Rolf Truninger pour son engagement infatigable, avec lequel il a construit et marqu\u00e9 Qualicasa de son empreinte au cours des 23 derni\u00e8res ann\u00e9es, ainsi que pour la bonne collaboration au cours de l'ann\u00e9e \u00e9coul\u00e9e\".<\/p>\n<p>Roland Weber, Head of Asset Controlling et membre de la direction, a quitt\u00e9 l'entreprise en mars d\u00e9j\u00e0. Son poste a \u00e9t\u00e9 repris par Micha Noser, jusqu'ici chef de projet et adjoint au Head of Asset Controlling. Il devient \u00e9galement membre de la direction de Qualicasa. Noser est titulaire d'un Master of Advanced Studies en Real Estate Management et travaille dans l'entreprise depuis 2017.<\/p>\n<p>W\u00fcest Partner a repris Qualicasa en \u00e9t\u00e9 2023 afin de faire de sa nouvelle filiale un centre de comp\u00e9tences en mati\u00e8re de construction au sein de l'entreprise. <a href=\"https:\/\/www.immobilienbusiness.ch\/fr\/unternehmen\/2023-07-03\/wueest-partner-uebernimmt-die-qualicasa-ag\/\" target=\"_blank\" rel=\"noopener\">(IB a rapport\u00e9)<\/a>. <em>(aw)<\/em><\/p>","protected":false},"excerpt":{"rendered":"<p>Apr\u00e8s 23 ans, il a officiellement quitt\u00e9 fin juillet l'entreprise qu'il avait fond\u00e9e. La nouvelle filiale de W\u00fcest Partner est d\u00e9sormais dirig\u00e9e par Nico M\u00fcller.<\/p>","protected":false},"author":102,"featured_media":49254,"comment_status":"closed","ping_status":"closed","sticky":false,"template":"","format":"standard","meta":{"_acf_changed":false,"_yoast_wpseo_focuskw":"Rolf Truninger verl\u00e4sst Qualicasa","_yoast_wpseo_title":"","_yoast_wpseo_metadesc":"Rolf Truninger verl\u00e4sst Qualicasa nach 23 Jahren. Nico M\u00fcller \u00fcbernimmt als CEO und Partner bei W\u00fcest Partner.","_yoast_wpseo_linkdex":54,"pgc_sgb_lightbox_settings":"","footnotes":""},"categories":[1912],"tags":[1563,2250,1871],"class_list":["post-58314","post","type-post","status-publish","format-standard","has-post-thumbnail","hentry","category-personalia","tag-personalia","tag-qualicasa","tag-wueest-partner"],"acf":[],"yoast_head":"<!-- This site is optimized with the Yoast SEO plugin v27.4 - https:\/\/yoast.com\/product\/yoast-seo-wordpress\/ -->\n<title>Qualicasa: Gr\u00fcnder Rolf Truninger ausgeschieden - IMMOBILIEN Business<\/title>\n<meta name=\"description\" content=\"Rolf Truninger verl\u00e4sst Qualicasa nach 23 Jahren. Nico M\u00fcller \u00fcbernimmt als CEO und Partner bei W\u00fcest Partner.\" \/>\n<meta name=\"robots\" content=\"index, follow, max-snippet:-1, max-image-preview:large, max-video-preview:-1\" \/>\n<link rel=\"canonical\" href=\"https:\/\/www.immobilienbusiness.ch\/fr\/personalia\/2024-08-07\/qualicasa-gruender-rolf-truninger-ausgeschieden\/\" \/>\n<meta property=\"og:locale\" content=\"fr_FR\" \/>\n<meta property=\"og:type\" content=\"article\" \/>\n<meta property=\"og:title\" content=\"Qualicasa: Gr\u00fcnder Rolf Truninger ausgeschieden - IMMOBILIEN Business\" \/>\n<meta property=\"og:description\" content=\"Rolf Truninger verl\u00e4sst Qualicasa nach 23 Jahren. Nico M\u00fcller \u00fcbernimmt als CEO und Partner bei W\u00fcest Partner.\" \/>\n<meta property=\"og:url\" content=\"https:\/\/www.immobilienbusiness.ch\/fr\/personalia\/2024-08-07\/qualicasa-gruender-rolf-truninger-ausgeschieden\/\" \/>\n<meta property=\"og:site_name\" content=\"IMMOBILIEN Business\" \/>\n<meta property=\"article:publisher\" content=\"https:\/\/www.facebook.com\/immobilienbusiness\/\" \/>\n<meta property=\"article:published_time\" content=\"2024-08-07T08:12:46+00:00\" \/>\n<meta property=\"article:modified_time\" content=\"2024-08-19T11:17:36+00:00\" \/>\n<meta property=\"og:image\" content=\"https:\/\/www.immobilienbusiness.ch\/wp-content\/uploads\/2023\/07\/qualicasa_mitarbeiter_Rolf_Truninger.png\" \/>\n\t<meta property=\"og:image:width\" content=\"800\" \/>\n\t<meta property=\"og:image:height\" content=\"533\" \/>\n\t<meta property=\"og:image:type\" content=\"image\/png\" \/>\n<meta name=\"author\" content=\"Alexander Wachter\" \/>\n<meta name=\"twitter:card\" content=\"summary_large_image\" \/>\n<script type=\"application\/ld+json\" class=\"yoast-schema-graph\">{\"@context\":\"https:\\\/\\\/schema.org\",\"@graph\":[{\"@type\":\"Article\",\"@id\":\"https:\\\/\\\/www.immobilienbusiness.ch\\\/de\\\/personalia\\\/2024-08-07\\\/qualicasa-gruender-rolf-truninger-ausgeschieden\\\/#article\",\"isPartOf\":{\"@id\":\"https:\\\/\\\/www.immobilienbusiness.ch\\\/de\\\/personalia\\\/2024-08-07\\\/qualicasa-gruender-rolf-truninger-ausgeschieden\\\/\"},\"author\":{\"name\":\"Alexander Wachter\",\"@id\":\"https:\\\/\\\/www.immobilienbusiness.ch\\\/#\\\/schema\\\/person\\\/aba8bea2db926aa0c24c08c43fe1fcd5\"},\"headline\":\"Qualicasa: Gr\u00fcnder Rolf Truninger ausgeschieden\",\"datePublished\":\"2024-08-07T08:12:46+00:00\",\"dateModified\":\"2024-08-19T11:17:36+00:00\",\"mainEntityOfPage\":{\"@id\":\"https:\\\/\\\/www.immobilienbusiness.ch\\\/de\\\/personalia\\\/2024-08-07\\\/qualicasa-gruender-rolf-truninger-ausgeschieden\\\/\"},\"wordCount\":220,\"publisher\":{\"@id\":\"https:\\\/\\\/www.immobilienbusiness.ch\\\/#organization\"},\"image\":{\"@id\":\"https:\\\/\\\/www.immobilienbusiness.ch\\\/de\\\/personalia\\\/2024-08-07\\\/qualicasa-gruender-rolf-truninger-ausgeschieden\\\/#primaryimage\"},\"thumbnailUrl\":\"https:\\\/\\\/www.immobilienbusiness.ch\\\/wp-content\\\/uploads\\\/2023\\\/07\\\/qualicasa_mitarbeiter_Rolf_Truninger.png\",\"keywords\":[\"Personalia\",\"Qualicasa\",\"W\u00fcest Partner\"],\"articleSection\":[\"PERSONALIA\"],\"inLanguage\":\"fr-FR\"},{\"@type\":\"WebPage\",\"@id\":\"https:\\\/\\\/www.immobilienbusiness.ch\\\/de\\\/personalia\\\/2024-08-07\\\/qualicasa-gruender-rolf-truninger-ausgeschieden\\\/\",\"url\":\"https:\\\/\\\/www.immobilienbusiness.ch\\\/de\\\/personalia\\\/2024-08-07\\\/qualicasa-gruender-rolf-truninger-ausgeschieden\\\/\",\"name\":\"Qualicasa: Gr\u00fcnder Rolf Truninger ausgeschieden - IMMOBILIEN Business\",\"isPartOf\":{\"@id\":\"https:\\\/\\\/www.immobilienbusiness.ch\\\/#website\"},\"primaryImageOfPage\":{\"@id\":\"https:\\\/\\\/www.immobilienbusiness.ch\\\/de\\\/personalia\\\/2024-08-07\\\/qualicasa-gruender-rolf-truninger-ausgeschieden\\\/#primaryimage\"},\"image\":{\"@id\":\"https:\\\/\\\/www.immobilienbusiness.ch\\\/de\\\/personalia\\\/2024-08-07\\\/qualicasa-gruender-rolf-truninger-ausgeschieden\\\/#primaryimage\"},\"thumbnailUrl\":\"https:\\\/\\\/www.immobilienbusiness.ch\\\/wp-content\\\/uploads\\\/2023\\\/07\\\/qualicasa_mitarbeiter_Rolf_Truninger.png\",\"datePublished\":\"2024-08-07T08:12:46+00:00\",\"dateModified\":\"2024-08-19T11:17:36+00:00\",\"description\":\"Rolf Truninger verl\u00e4sst Qualicasa nach 23 Jahren. Nico M\u00fcller \u00fcbernimmt als CEO und Partner bei W\u00fcest Partner.\",\"breadcrumb\":{\"@id\":\"https:\\\/\\\/www.immobilienbusiness.ch\\\/de\\\/personalia\\\/2024-08-07\\\/qualicasa-gruender-rolf-truninger-ausgeschieden\\\/#breadcrumb\"},\"inLanguage\":\"fr-FR\",\"potentialAction\":[{\"@type\":\"ReadAction\",\"target\":[\"https:\\\/\\\/www.immobilienbusiness.ch\\\/de\\\/personalia\\\/2024-08-07\\\/qualicasa-gruender-rolf-truninger-ausgeschieden\\\/\"]}]},{\"@type\":\"ImageObject\",\"inLanguage\":\"fr-FR\",\"@id\":\"https:\\\/\\\/www.immobilienbusiness.ch\\\/de\\\/personalia\\\/2024-08-07\\\/qualicasa-gruender-rolf-truninger-ausgeschieden\\\/#primaryimage\",\"url\":\"https:\\\/\\\/www.immobilienbusiness.ch\\\/wp-content\\\/uploads\\\/2023\\\/07\\\/qualicasa_mitarbeiter_Rolf_Truninger.png\",\"contentUrl\":\"https:\\\/\\\/www.immobilienbusiness.ch\\\/wp-content\\\/uploads\\\/2023\\\/07\\\/qualicasa_mitarbeiter_Rolf_Truninger.png\",\"width\":800,\"height\":533,\"caption\":\"Ein Jahr nach der \u00dcbernahme durch W\u00fcest Partner hat Rolf Truninger bei Qualicasa aufgeh\u00f6rt (Bild: Qualicasa AG)\"},{\"@type\":\"BreadcrumbList\",\"@id\":\"https:\\\/\\\/www.immobilienbusiness.ch\\\/de\\\/personalia\\\/2024-08-07\\\/qualicasa-gruender-rolf-truninger-ausgeschieden\\\/#breadcrumb\",\"itemListElement\":[{\"@type\":\"ListItem\",\"position\":1,\"name\":\"Home\",\"item\":\"https:\\\/\\\/www.immobilienbusiness.ch\\\/\"},{\"@type\":\"ListItem\",\"position\":2,\"name\":\"Qualicasa: Gr\u00fcnder Rolf Truninger ausgeschieden\"}]},{\"@type\":\"WebSite\",\"@id\":\"https:\\\/\\\/www.immobilienbusiness.ch\\\/#website\",\"url\":\"https:\\\/\\\/www.immobilienbusiness.ch\\\/\",\"name\":\"IMMOBILIEN Business\",\"description\":\"Unabh\u00e4ngiges Schweizer Wirtschaftsmagazin mit Fokus auf Immobilien, Architektur- und Bau sowie Investment- und Finanzierung.\",\"publisher\":{\"@id\":\"https:\\\/\\\/www.immobilienbusiness.ch\\\/#organization\"},\"potentialAction\":[{\"@type\":\"SearchAction\",\"target\":{\"@type\":\"EntryPoint\",\"urlTemplate\":\"https:\\\/\\\/www.immobilienbusiness.ch\\\/?s={search_term_string}\"},\"query-input\":{\"@type\":\"PropertyValueSpecification\",\"valueRequired\":true,\"valueName\":\"search_term_string\"}}],\"inLanguage\":\"fr-FR\"},{\"@type\":\"Organization\",\"@id\":\"https:\\\/\\\/www.immobilienbusiness.ch\\\/#organization\",\"name\":\"IMMOBILIEN Business\",\"url\":\"https:\\\/\\\/www.immobilienbusiness.ch\\\/\",\"logo\":{\"@type\":\"ImageObject\",\"inLanguage\":\"fr-FR\",\"@id\":\"https:\\\/\\\/www.immobilienbusiness.ch\\\/#\\\/schema\\\/logo\\\/image\\\/\",\"url\":\"https:\\\/\\\/www.immobilienbusiness.ch\\\/wp-content\\\/uploads\\\/2021\\\/07\\\/logo_ib.png\",\"contentUrl\":\"https:\\\/\\\/www.immobilienbusiness.ch\\\/wp-content\\\/uploads\\\/2021\\\/07\\\/logo_ib.png\",\"width\":800,\"height\":181,\"caption\":\"IMMOBILIEN Business\"},\"image\":{\"@id\":\"https:\\\/\\\/www.immobilienbusiness.ch\\\/#\\\/schema\\\/logo\\\/image\\\/\"},\"sameAs\":[\"https:\\\/\\\/www.facebook.com\\\/immobilienbusiness\\\/\"]},{\"@type\":\"Person\",\"@id\":\"https:\\\/\\\/www.immobilienbusiness.ch\\\/#\\\/schema\\\/person\\\/aba8bea2db926aa0c24c08c43fe1fcd5\",\"name\":\"Alexander Wachter\",\"image\":{\"@type\":\"ImageObject\",\"inLanguage\":\"fr-FR\",\"@id\":\"https:\\\/\\\/secure.gravatar.com\\\/avatar\\\/1a09e471f5389b0e0a6416eac287e0927c7c97a7b77f9e787eba3af7aee281dd?s=96&d=mm&r=g\",\"url\":\"https:\\\/\\\/secure.gravatar.com\\\/avatar\\\/1a09e471f5389b0e0a6416eac287e0927c7c97a7b77f9e787eba3af7aee281dd?s=96&d=mm&r=g\",\"contentUrl\":\"https:\\\/\\\/secure.gravatar.com\\\/avatar\\\/1a09e471f5389b0e0a6416eac287e0927c7c97a7b77f9e787eba3af7aee281dd?s=96&d=mm&r=g\",\"caption\":\"Alexander Wachter\"},\"url\":\"https:\\\/\\\/www.immobilienbusiness.ch\\\/fr\\\/author\\\/alexander-wachter\\\/\"}]}<\/script>\n<!-- \/ Yoast SEO plugin. -->","yoast_head_json":{"title":"Qualicasa: Gr\u00fcnder Rolf Truninger ausgeschieden - IMMOBILIEN Business","description":"Rolf Truninger verl\u00e4sst Qualicasa nach 23 Jahren. Nico M\u00fcller \u00fcbernimmt als CEO und Partner bei W\u00fcest Partner.","robots":{"index":"index","follow":"follow","max-snippet":"max-snippet:-1","max-image-preview":"max-image-preview:large","max-video-preview":"max-video-preview:-1"},"canonical":"https:\/\/www.immobilienbusiness.ch\/fr\/personalia\/2024-08-07\/qualicasa-gruender-rolf-truninger-ausgeschieden\/","og_locale":"fr_FR","og_type":"article","og_title":"Qualicasa: Gr\u00fcnder Rolf Truninger ausgeschieden - IMMOBILIEN Business","og_description":"Rolf Truninger verl\u00e4sst Qualicasa nach 23 Jahren. Nico M\u00fcller \u00fcbernimmt als CEO und Partner bei W\u00fcest Partner.","og_url":"https:\/\/www.immobilienbusiness.ch\/fr\/personalia\/2024-08-07\/qualicasa-gruender-rolf-truninger-ausgeschieden\/","og_site_name":"IMMOBILIEN Business","article_publisher":"https:\/\/www.facebook.com\/immobilienbusiness\/","article_published_time":"2024-08-07T08:12:46+00:00","article_modified_time":"2024-08-19T11:17:36+00:00","og_image":[{"width":800,"height":533,"url":"https:\/\/www.immobilienbusiness.ch\/wp-content\/uploads\/2023\/07\/qualicasa_mitarbeiter_Rolf_Truninger.png","type":"image\/png"}],"author":"Alexander Wachter","twitter_card":"summary_large_image","schema":{"@context":"https:\/\/schema.org","@graph":[{"@type":"Article","@id":"https:\/\/www.immobilienbusiness.ch\/de\/personalia\/2024-08-07\/qualicasa-gruender-rolf-truninger-ausgeschieden\/#article","isPartOf":{"@id":"https:\/\/www.immobilienbusiness.ch\/de\/personalia\/2024-08-07\/qualicasa-gruender-rolf-truninger-ausgeschieden\/"},"author":{"name":"Alexander Wachter","@id":"https:\/\/www.immobilienbusiness.ch\/#\/schema\/person\/aba8bea2db926aa0c24c08c43fe1fcd5"},"headline":"Qualicasa: Gr\u00fcnder Rolf Truninger ausgeschieden","datePublished":"2024-08-07T08:12:46+00:00","dateModified":"2024-08-19T11:17:36+00:00","mainEntityOfPage":{"@id":"https:\/\/www.immobilienbusiness.ch\/de\/personalia\/2024-08-07\/qualicasa-gruender-rolf-truninger-ausgeschieden\/"},"wordCount":220,"publisher":{"@id":"https:\/\/www.immobilienbusiness.ch\/#organization"},"image":{"@id":"https:\/\/www.immobilienbusiness.ch\/de\/personalia\/2024-08-07\/qualicasa-gruender-rolf-truninger-ausgeschieden\/#primaryimage"},"thumbnailUrl":"https:\/\/www.immobilienbusiness.ch\/wp-content\/uploads\/2023\/07\/qualicasa_mitarbeiter_Rolf_Truninger.png","keywords":["Personalia","Qualicasa","W\u00fcest Partner"],"articleSection":["PERSONALIA"],"inLanguage":"fr-FR"},{"@type":"WebPage","@id":"https:\/\/www.immobilienbusiness.ch\/de\/personalia\/2024-08-07\/qualicasa-gruender-rolf-truninger-ausgeschieden\/","url":"https:\/\/www.immobilienbusiness.ch\/de\/personalia\/2024-08-07\/qualicasa-gruender-rolf-truninger-ausgeschieden\/","name":"Qualicasa: Gr\u00fcnder Rolf Truninger ausgeschieden - IMMOBILIEN Business","isPartOf":{"@id":"https:\/\/www.immobilienbusiness.ch\/#website"},"primaryImageOfPage":{"@id":"https:\/\/www.immobilienbusiness.ch\/de\/personalia\/2024-08-07\/qualicasa-gruender-rolf-truninger-ausgeschieden\/#primaryimage"},"image":{"@id":"https:\/\/www.immobilienbusiness.ch\/de\/personalia\/2024-08-07\/qualicasa-gruender-rolf-truninger-ausgeschieden\/#primaryimage"},"thumbnailUrl":"https:\/\/www.immobilienbusiness.ch\/wp-content\/uploads\/2023\/07\/qualicasa_mitarbeiter_Rolf_Truninger.png","datePublished":"2024-08-07T08:12:46+00:00","dateModified":"2024-08-19T11:17:36+00:00","description":"Rolf Truninger verl\u00e4sst Qualicasa nach 23 Jahren. Nico M\u00fcller \u00fcbernimmt als CEO und Partner bei W\u00fcest Partner.","breadcrumb":{"@id":"https:\/\/www.immobilienbusiness.ch\/de\/personalia\/2024-08-07\/qualicasa-gruender-rolf-truninger-ausgeschieden\/#breadcrumb"},"inLanguage":"fr-FR","potentialAction":[{"@type":"ReadAction","target":["https:\/\/www.immobilienbusiness.ch\/de\/personalia\/2024-08-07\/qualicasa-gruender-rolf-truninger-ausgeschieden\/"]}]},{"@type":"ImageObject","inLanguage":"fr-FR","@id":"https:\/\/www.immobilienbusiness.ch\/de\/personalia\/2024-08-07\/qualicasa-gruender-rolf-truninger-ausgeschieden\/#primaryimage","url":"https:\/\/www.immobilienbusiness.ch\/wp-content\/uploads\/2023\/07\/qualicasa_mitarbeiter_Rolf_Truninger.png","contentUrl":"https:\/\/www.immobilienbusiness.ch\/wp-content\/uploads\/2023\/07\/qualicasa_mitarbeiter_Rolf_Truninger.png","width":800,"height":533,"caption":"Ein Jahr nach der \u00dcbernahme durch W\u00fcest Partner hat Rolf Truninger bei Qualicasa aufgeh\u00f6rt (Bild: Qualicasa AG)"},{"@type":"BreadcrumbList","@id":"https:\/\/www.immobilienbusiness.ch\/de\/personalia\/2024-08-07\/qualicasa-gruender-rolf-truninger-ausgeschieden\/#breadcrumb","itemListElement":[{"@type":"ListItem","position":1,"name":"Home","item":"https:\/\/www.immobilienbusiness.ch\/"},{"@type":"ListItem","position":2,"name":"Qualicasa: Gr\u00fcnder Rolf Truninger ausgeschieden"}]},{"@type":"WebSite","@id":"https:\/\/www.immobilienbusiness.ch\/#website","url":"https:\/\/www.immobilienbusiness.ch\/","name":"IMMOBILIER Business","description":"Magazine \u00e9conomique suisse ind\u00e9pendant ax\u00e9 sur l'immobilier, l'architecture et la construction ainsi que sur les investissements et le financement.","publisher":{"@id":"https:\/\/www.immobilienbusiness.ch\/#organization"},"potentialAction":[{"@type":"SearchAction","target":{"@type":"EntryPoint","urlTemplate":"https:\/\/www.immobilienbusiness.ch\/?s={search_term_string}"},"query-input":{"@type":"PropertyValueSpecification","valueRequired":true,"valueName":"search_term_string"}}],"inLanguage":"fr-FR"},{"@type":"Organization","@id":"https:\/\/www.immobilienbusiness.ch\/#organization","name":"IMMOBILIER Business","url":"https:\/\/www.immobilienbusiness.ch\/","logo":{"@type":"ImageObject","inLanguage":"fr-FR","@id":"https:\/\/www.immobilienbusiness.ch\/#\/schema\/logo\/image\/","url":"https:\/\/www.immobilienbusiness.ch\/wp-content\/uploads\/2021\/07\/logo_ib.png","contentUrl":"https:\/\/www.immobilienbusiness.ch\/wp-content\/uploads\/2021\/07\/logo_ib.png","width":800,"height":181,"caption":"IMMOBILIEN Business"},"image":{"@id":"https:\/\/www.immobilienbusiness.ch\/#\/schema\/logo\/image\/"},"sameAs":["https:\/\/www.facebook.com\/immobilienbusiness\/"]},{"@type":"Person","@id":"https:\/\/www.immobilienbusiness.ch\/#\/schema\/person\/aba8bea2db926aa0c24c08c43fe1fcd5","name":"Alexander Wachter","image":{"@type":"ImageObject","inLanguage":"fr-FR","@id":"https:\/\/secure.gravatar.com\/avatar\/1a09e471f5389b0e0a6416eac287e0927c7c97a7b77f9e787eba3af7aee281dd?s=96&d=mm&r=g","url":"https:\/\/secure.gravatar.com\/avatar\/1a09e471f5389b0e0a6416eac287e0927c7c97a7b77f9e787eba3af7aee281dd?s=96&d=mm&r=g","contentUrl":"https:\/\/secure.gravatar.com\/avatar\/1a09e471f5389b0e0a6416eac287e0927c7c97a7b77f9e787eba3af7aee281dd?s=96&d=mm&r=g","caption":"Alexander Wachter"},"url":"https:\/\/www.immobilienbusiness.ch\/fr\/author\/alexander-wachter\/"}]}},"_links":{"self":[{"href":"https:\/\/www.immobilienbusiness.ch\/fr\/wp-json\/wp\/v2\/posts\/58314","targetHints":{"allow":["GET"]}}],"collection":[{"href":"https:\/\/www.immobilienbusiness.ch\/fr\/wp-json\/wp\/v2\/posts"}],"about":[{"href":"https:\/\/www.immobilienbusiness.ch\/fr\/wp-json\/wp\/v2\/types\/post"}],"author":[{"embeddable":true,"href":"https:\/\/www.immobilienbusiness.ch\/fr\/wp-json\/wp\/v2\/users\/102"}],"replies":[{"embeddable":true,"href":"https:\/\/www.immobilienbusiness.ch\/fr\/wp-json\/wp\/v2\/comments?post=58314"}],"version-history":[{"count":4,"href":"https:\/\/www.immobilienbusiness.ch\/fr\/wp-json\/wp\/v2\/posts\/58314\/revisions"}],"predecessor-version":[{"id":58536,"href":"https:\/\/www.immobilienbusiness.ch\/fr\/wp-json\/wp\/v2\/posts\/58314\/revisions\/58536"}],"wp:featuredmedia":[{"embeddable":true,"href":"https:\/\/www.immobilienbusiness.ch\/fr\/wp-json\/wp\/v2\/media\/49254"}],"wp:attachment":[{"href":"https:\/\/www.immobilienbusiness.ch\/fr\/wp-json\/wp\/v2\/media?parent=58314"}],"wp:term":[{"taxonomy":"category","embeddable":true,"href":"https:\/\/www.immobilienbusiness.ch\/fr\/wp-json\/wp\/v2\/categories?post=58314"},{"taxonomy":"post_tag","embeddable":true,"href":"https:\/\/www.immobilienbusiness.ch\/fr\/wp-json\/wp\/v2\/tags?post=58314"}],"curies":[{"name":"wp","href":"https:\/\/api.w.org\/{rel}","templated":true}]}}