{"id":58201,"date":"2024-07-26T08:06:44","date_gmt":"2024-07-26T06:06:44","guid":{"rendered":"https:\/\/www.immobilienbusiness.ch\/?p=58201"},"modified":"2024-08-20T06:50:33","modified_gmt":"2024-08-20T04:50:33","slug":"winterthur-130-genossenschaftliche-wohnungen-auf-busdepot","status":"publish","type":"post","link":"https:\/\/www.immobilienbusiness.ch\/fr\/regionen\/2024-07-26\/winterthur-130-genossenschaftliche-wohnungen-auf-busdepot\/","title":{"rendered":"Winterthur : 130 logements coop\u00e9ratifs sur un d\u00e9p\u00f4t de bus"},"content":{"rendered":"<figure id=\"attachment_58204\" aria-describedby=\"caption-attachment-58204\" style=\"width: 509px\" class=\"wp-caption alignnone\"><a href=\"https:\/\/www.immobilienbusiness.ch\/wp-content\/uploads\/2024\/07\/Deutweg-Winterthur.png\"><img loading=\"lazy\" decoding=\"async\" class=\"wp-image-58204 size-full\" src=\"https:\/\/www.immobilienbusiness.ch\/wp-content\/uploads\/2024\/07\/Deutweg-Winterthur.png\" alt=\"Wohn\u00fcberbauung \" width=\"509\" height=\"274\" srcset=\"https:\/\/www.immobilienbusiness.ch\/wp-content\/uploads\/2024\/07\/Deutweg-Winterthur.png 509w, https:\/\/www.immobilienbusiness.ch\/wp-content\/uploads\/2024\/07\/Deutweg-Winterthur-300x161.png 300w, https:\/\/www.immobilienbusiness.ch\/wp-content\/uploads\/2024\/07\/Deutweg-Winterthur-18x10.png 18w, https:\/\/www.immobilienbusiness.ch\/wp-content\/uploads\/2024\/07\/Deutweg-Winterthur-375x202.png 375w\" sizes=\"auto, (max-width: 509px) 100vw, 509px\" \/><\/a><figcaption id=\"caption-attachment-58204\" class=\"wp-caption-text\">Voici \u00e0 quoi ressemblera le lotissement (visualisation : zVg)<\/figcaption><\/figure>\n<p>A Winterthur, un ensemble d'habitations coop\u00e9ratives est en train de voir le jour sur les terrains d'un ancien d\u00e9p\u00f4t de bus et de tramways. Il y a trois ans d\u00e9j\u00e0, le concours d'architecture pour le site du Deutweg avait \u00e9t\u00e9 d\u00e9cid\u00e9 ; c'est le bureau d'architectes zurichois Conen Sigl Architekt:innen GmbH qui l'a remport\u00e9. Entre-temps, l'avant-projet est presque termin\u00e9, comme l'indiquent les ma\u00eetres d'ouvrage sur demande.<\/p>\n<p>Il est pr\u00e9vu de conserver la majeure partie des b\u00e2timents existants entre la T\u00f6sstalstrasse et la Talgutstrasse et de les compl\u00e9ter par de nouvelles constructions. Outre les quelque 130 logements, un jardin d'enfants et une place avec un caf\u00e9 de quartier ou un lieu de rencontre de quartier devraient voir le jour. En outre, des surfaces pour des activit\u00e9s commerciales - au total environ 1.700 m\u00b2 dans un b\u00e2timent administratif existant et dans une partie d'un d\u00e9p\u00f4t - ainsi que des jardins communautaires sont \u00e9galement pr\u00e9vus.<\/p>\n<p>Trois coop\u00e9ratives d'habitation se sont associ\u00e9es pour le projet \"Depot Deutweg\". La plus grande d'entre elles est la GWG Gemeinn\u00fctzige Wohnbaugenossenschaft Winterthur, qui g\u00e8re 1 400 logements. La Gaiwo offre des possibilit\u00e9s de logement aux personnes \u00e2g\u00e9es et aux personnes handicap\u00e9es dans plus de 600 appartements. La coop\u00e9rative d'habitation Talgut, fond\u00e9e en 1944, poss\u00e8de la plupart de ses quelque 300 logements dans le voisinage du d\u00e9p\u00f4t Deutweg, dans le quartier de Mattenbach. Ils ont d\u00e9pos\u00e9 la demande de permis de construire pour ce quartier con\u00e7u sans voitures en avril. Il faudra toutefois attendre encore un peu avant de pouvoir emm\u00e9nager dans le d\u00e9p\u00f4t Deutweg : l'emm\u00e9nagement est pr\u00e9vu pour 2028.<\/p>\n<p>La direction g\u00e9n\u00e9rale du projet est assur\u00e9e par la soci\u00e9t\u00e9 zurichoise Archipel GmbH. <em>(aw)<\/em><\/p>","protected":false},"excerpt":{"rendered":"<p>Trois coop\u00e9ratives vont construire sur un ancien d\u00e9p\u00f4t de bus et de tram. Les b\u00e2timents existants seront en partie conserv\u00e9s. Des surfaces commerciales sont \u00e9galement pr\u00e9vues.<\/p>","protected":false},"author":102,"featured_media":58204,"comment_status":"closed","ping_status":"closed","sticky":false,"template":"","format":"standard","meta":{"_acf_changed":false,"_yoast_wpseo_focuskw":"Wohn\u00fcberbauung","_yoast_wpseo_title":"","_yoast_wpseo_metadesc":"Genossenschaftliche Wohn\u00fcberbauung auf ehemaligem Bus- und Tramdepot in Winterthur mit 130 Wohnungen, Kindergarten und Gewerbefl\u00e4chen.","_yoast_wpseo_linkdex":59,"pgc_sgb_lightbox_settings":"","footnotes":""},"categories":[985],"tags":[3722,3721,3720,3718,1492,1600,3719,1858],"class_list":["post-58201","post","type-post","status-publish","format-standard","has-post-thumbnail","hentry","category-regionen","tag-archipel-gmbh","tag-conen-sigl-architektinnen-gmbh","tag-gaiwo","tag-gwg","tag-mietwohnungen","tag-projekt-in-planung","tag-talgut","tag-winterthur"],"acf":[],"yoast_head":"<!-- This site is optimized with the Yoast SEO plugin v27.4 - https:\/\/yoast.com\/product\/yoast-seo-wordpress\/ -->\n<title>Winterthur: 130 genossenschaftliche Wohnungen auf Busdepot - IMMOBILIEN Business<\/title>\n<meta name=\"description\" content=\"Genossenschaftliche Wohn\u00fcberbauung auf ehemaligem Bus- und Tramdepot in Winterthur mit 130 Wohnungen, Kindergarten und Gewerbefl\u00e4chen.\" \/>\n<meta name=\"robots\" content=\"index, follow, max-snippet:-1, max-image-preview:large, max-video-preview:-1\" \/>\n<link rel=\"canonical\" href=\"https:\/\/www.immobilienbusiness.ch\/fr\/regionen\/2024-07-26\/winterthur-130-genossenschaftliche-wohnungen-auf-busdepot\/\" \/>\n<meta property=\"og:locale\" content=\"fr_FR\" \/>\n<meta property=\"og:type\" content=\"article\" \/>\n<meta property=\"og:title\" content=\"Winterthur: 130 genossenschaftliche Wohnungen auf Busdepot - IMMOBILIEN Business\" \/>\n<meta property=\"og:description\" content=\"Genossenschaftliche Wohn\u00fcberbauung auf ehemaligem Bus- und Tramdepot in Winterthur mit 130 Wohnungen, Kindergarten und Gewerbefl\u00e4chen.\" \/>\n<meta property=\"og:url\" content=\"https:\/\/www.immobilienbusiness.ch\/fr\/regionen\/2024-07-26\/winterthur-130-genossenschaftliche-wohnungen-auf-busdepot\/\" \/>\n<meta property=\"og:site_name\" content=\"IMMOBILIEN Business\" \/>\n<meta property=\"article:publisher\" content=\"https:\/\/www.facebook.com\/immobilienbusiness\/\" \/>\n<meta property=\"article:published_time\" content=\"2024-07-26T06:06:44+00:00\" \/>\n<meta property=\"article:modified_time\" content=\"2024-08-20T04:50:33+00:00\" \/>\n<meta property=\"og:image\" content=\"https:\/\/www.immobilienbusiness.ch\/wp-content\/uploads\/2024\/07\/Deutweg-Winterthur.png\" \/>\n\t<meta property=\"og:image:width\" content=\"509\" \/>\n\t<meta property=\"og:image:height\" content=\"274\" \/>\n\t<meta property=\"og:image:type\" content=\"image\/png\" \/>\n<meta name=\"author\" content=\"Alexander Wachter\" \/>\n<meta name=\"twitter:card\" content=\"summary_large_image\" \/>\n<script type=\"application\/ld+json\" class=\"yoast-schema-graph\">{\"@context\":\"https:\\\/\\\/schema.org\",\"@graph\":[{\"@type\":\"Article\",\"@id\":\"https:\\\/\\\/www.immobilienbusiness.ch\\\/fr\\\/regionen\\\/2024-07-26\\\/winterthur-130-genossenschaftliche-wohnungen-auf-busdepot\\\/#article\",\"isPartOf\":{\"@id\":\"https:\\\/\\\/www.immobilienbusiness.ch\\\/fr\\\/regionen\\\/2024-07-26\\\/winterthur-130-genossenschaftliche-wohnungen-auf-busdepot\\\/\"},\"author\":{\"name\":\"Alexander Wachter\",\"@id\":\"https:\\\/\\\/www.immobilienbusiness.ch\\\/#\\\/schema\\\/person\\\/aba8bea2db926aa0c24c08c43fe1fcd5\"},\"headline\":\"Winterthur: 130 genossenschaftliche Wohnungen auf Busdepot\",\"datePublished\":\"2024-07-26T06:06:44+00:00\",\"dateModified\":\"2024-08-20T04:50:33+00:00\",\"mainEntityOfPage\":{\"@id\":\"https:\\\/\\\/www.immobilienbusiness.ch\\\/fr\\\/regionen\\\/2024-07-26\\\/winterthur-130-genossenschaftliche-wohnungen-auf-busdepot\\\/\"},\"wordCount\":239,\"publisher\":{\"@id\":\"https:\\\/\\\/www.immobilienbusiness.ch\\\/#organization\"},\"image\":{\"@id\":\"https:\\\/\\\/www.immobilienbusiness.ch\\\/fr\\\/regionen\\\/2024-07-26\\\/winterthur-130-genossenschaftliche-wohnungen-auf-busdepot\\\/#primaryimage\"},\"thumbnailUrl\":\"https:\\\/\\\/www.immobilienbusiness.ch\\\/wp-content\\\/uploads\\\/2024\\\/07\\\/Deutweg-Winterthur.png\",\"keywords\":[\"Archipel GmbH\",\"Conen Sigl Architekt:innen GmbH\",\"Gaiwo\",\"GWG\",\"Mietwohnungen\",\"Projekt in Planung\",\"Talgut\",\"Winterthur\"],\"articleSection\":[\"REGIONEN\"],\"inLanguage\":\"fr-FR\"},{\"@type\":\"WebPage\",\"@id\":\"https:\\\/\\\/www.immobilienbusiness.ch\\\/fr\\\/regionen\\\/2024-07-26\\\/winterthur-130-genossenschaftliche-wohnungen-auf-busdepot\\\/\",\"url\":\"https:\\\/\\\/www.immobilienbusiness.ch\\\/fr\\\/regionen\\\/2024-07-26\\\/winterthur-130-genossenschaftliche-wohnungen-auf-busdepot\\\/\",\"name\":\"Winterthur: 130 genossenschaftliche Wohnungen auf Busdepot - IMMOBILIEN Business\",\"isPartOf\":{\"@id\":\"https:\\\/\\\/www.immobilienbusiness.ch\\\/#website\"},\"primaryImageOfPage\":{\"@id\":\"https:\\\/\\\/www.immobilienbusiness.ch\\\/fr\\\/regionen\\\/2024-07-26\\\/winterthur-130-genossenschaftliche-wohnungen-auf-busdepot\\\/#primaryimage\"},\"image\":{\"@id\":\"https:\\\/\\\/www.immobilienbusiness.ch\\\/fr\\\/regionen\\\/2024-07-26\\\/winterthur-130-genossenschaftliche-wohnungen-auf-busdepot\\\/#primaryimage\"},\"thumbnailUrl\":\"https:\\\/\\\/www.immobilienbusiness.ch\\\/wp-content\\\/uploads\\\/2024\\\/07\\\/Deutweg-Winterthur.png\",\"datePublished\":\"2024-07-26T06:06:44+00:00\",\"dateModified\":\"2024-08-20T04:50:33+00:00\",\"description\":\"Genossenschaftliche Wohn\u00fcberbauung auf ehemaligem Bus- und Tramdepot in Winterthur mit 130 Wohnungen, Kindergarten und Gewerbefl\u00e4chen.\",\"breadcrumb\":{\"@id\":\"https:\\\/\\\/www.immobilienbusiness.ch\\\/fr\\\/regionen\\\/2024-07-26\\\/winterthur-130-genossenschaftliche-wohnungen-auf-busdepot\\\/#breadcrumb\"},\"inLanguage\":\"fr-FR\",\"potentialAction\":[{\"@type\":\"ReadAction\",\"target\":[\"https:\\\/\\\/www.immobilienbusiness.ch\\\/fr\\\/regionen\\\/2024-07-26\\\/winterthur-130-genossenschaftliche-wohnungen-auf-busdepot\\\/\"]}]},{\"@type\":\"ImageObject\",\"inLanguage\":\"fr-FR\",\"@id\":\"https:\\\/\\\/www.immobilienbusiness.ch\\\/fr\\\/regionen\\\/2024-07-26\\\/winterthur-130-genossenschaftliche-wohnungen-auf-busdepot\\\/#primaryimage\",\"url\":\"https:\\\/\\\/www.immobilienbusiness.ch\\\/wp-content\\\/uploads\\\/2024\\\/07\\\/Deutweg-Winterthur.png\",\"contentUrl\":\"https:\\\/\\\/www.immobilienbusiness.ch\\\/wp-content\\\/uploads\\\/2024\\\/07\\\/Deutweg-Winterthur.png\",\"width\":509,\"height\":274,\"caption\":\"So soll die \u00dcberbauung aussehen (Visualisierung: zVg)\"},{\"@type\":\"BreadcrumbList\",\"@id\":\"https:\\\/\\\/www.immobilienbusiness.ch\\\/fr\\\/regionen\\\/2024-07-26\\\/winterthur-130-genossenschaftliche-wohnungen-auf-busdepot\\\/#breadcrumb\",\"itemListElement\":[{\"@type\":\"ListItem\",\"position\":1,\"name\":\"Home\",\"item\":\"https:\\\/\\\/www.immobilienbusiness.ch\\\/\"},{\"@type\":\"ListItem\",\"position\":2,\"name\":\"Winterthur: 130 genossenschaftliche Wohnungen auf Busdepot\"}]},{\"@type\":\"WebSite\",\"@id\":\"https:\\\/\\\/www.immobilienbusiness.ch\\\/#website\",\"url\":\"https:\\\/\\\/www.immobilienbusiness.ch\\\/\",\"name\":\"IMMOBILIEN Business\",\"description\":\"Unabh\u00e4ngiges Schweizer Wirtschaftsmagazin mit Fokus auf Immobilien, Architektur- und Bau sowie Investment- und Finanzierung.\",\"publisher\":{\"@id\":\"https:\\\/\\\/www.immobilienbusiness.ch\\\/#organization\"},\"potentialAction\":[{\"@type\":\"SearchAction\",\"target\":{\"@type\":\"EntryPoint\",\"urlTemplate\":\"https:\\\/\\\/www.immobilienbusiness.ch\\\/?s={search_term_string}\"},\"query-input\":{\"@type\":\"PropertyValueSpecification\",\"valueRequired\":true,\"valueName\":\"search_term_string\"}}],\"inLanguage\":\"fr-FR\"},{\"@type\":\"Organization\",\"@id\":\"https:\\\/\\\/www.immobilienbusiness.ch\\\/#organization\",\"name\":\"IMMOBILIEN Business\",\"url\":\"https:\\\/\\\/www.immobilienbusiness.ch\\\/\",\"logo\":{\"@type\":\"ImageObject\",\"inLanguage\":\"fr-FR\",\"@id\":\"https:\\\/\\\/www.immobilienbusiness.ch\\\/#\\\/schema\\\/logo\\\/image\\\/\",\"url\":\"https:\\\/\\\/www.immobilienbusiness.ch\\\/wp-content\\\/uploads\\\/2021\\\/07\\\/logo_ib.png\",\"contentUrl\":\"https:\\\/\\\/www.immobilienbusiness.ch\\\/wp-content\\\/uploads\\\/2021\\\/07\\\/logo_ib.png\",\"width\":800,\"height\":181,\"caption\":\"IMMOBILIEN Business\"},\"image\":{\"@id\":\"https:\\\/\\\/www.immobilienbusiness.ch\\\/#\\\/schema\\\/logo\\\/image\\\/\"},\"sameAs\":[\"https:\\\/\\\/www.facebook.com\\\/immobilienbusiness\\\/\"]},{\"@type\":\"Person\",\"@id\":\"https:\\\/\\\/www.immobilienbusiness.ch\\\/#\\\/schema\\\/person\\\/aba8bea2db926aa0c24c08c43fe1fcd5\",\"name\":\"Alexander Wachter\",\"image\":{\"@type\":\"ImageObject\",\"inLanguage\":\"fr-FR\",\"@id\":\"https:\\\/\\\/secure.gravatar.com\\\/avatar\\\/1a09e471f5389b0e0a6416eac287e0927c7c97a7b77f9e787eba3af7aee281dd?s=96&d=mm&r=g\",\"url\":\"https:\\\/\\\/secure.gravatar.com\\\/avatar\\\/1a09e471f5389b0e0a6416eac287e0927c7c97a7b77f9e787eba3af7aee281dd?s=96&d=mm&r=g\",\"contentUrl\":\"https:\\\/\\\/secure.gravatar.com\\\/avatar\\\/1a09e471f5389b0e0a6416eac287e0927c7c97a7b77f9e787eba3af7aee281dd?s=96&d=mm&r=g\",\"caption\":\"Alexander Wachter\"},\"url\":\"https:\\\/\\\/www.immobilienbusiness.ch\\\/fr\\\/author\\\/alexander-wachter\\\/\"}]}<\/script>\n<!-- \/ Yoast SEO plugin. -->","yoast_head_json":{"title":"Winterthur: 130 genossenschaftliche Wohnungen auf Busdepot - IMMOBILIEN Business","description":"Genossenschaftliche Wohn\u00fcberbauung auf ehemaligem Bus- und Tramdepot in Winterthur mit 130 Wohnungen, Kindergarten und Gewerbefl\u00e4chen.","robots":{"index":"index","follow":"follow","max-snippet":"max-snippet:-1","max-image-preview":"max-image-preview:large","max-video-preview":"max-video-preview:-1"},"canonical":"https:\/\/www.immobilienbusiness.ch\/fr\/regionen\/2024-07-26\/winterthur-130-genossenschaftliche-wohnungen-auf-busdepot\/","og_locale":"fr_FR","og_type":"article","og_title":"Winterthur: 130 genossenschaftliche Wohnungen auf Busdepot - IMMOBILIEN Business","og_description":"Genossenschaftliche Wohn\u00fcberbauung auf ehemaligem Bus- und Tramdepot in Winterthur mit 130 Wohnungen, Kindergarten und Gewerbefl\u00e4chen.","og_url":"https:\/\/www.immobilienbusiness.ch\/fr\/regionen\/2024-07-26\/winterthur-130-genossenschaftliche-wohnungen-auf-busdepot\/","og_site_name":"IMMOBILIEN Business","article_publisher":"https:\/\/www.facebook.com\/immobilienbusiness\/","article_published_time":"2024-07-26T06:06:44+00:00","article_modified_time":"2024-08-20T04:50:33+00:00","og_image":[{"width":509,"height":274,"url":"https:\/\/www.immobilienbusiness.ch\/wp-content\/uploads\/2024\/07\/Deutweg-Winterthur.png","type":"image\/png"}],"author":"Alexander Wachter","twitter_card":"summary_large_image","schema":{"@context":"https:\/\/schema.org","@graph":[{"@type":"Article","@id":"https:\/\/www.immobilienbusiness.ch\/fr\/regionen\/2024-07-26\/winterthur-130-genossenschaftliche-wohnungen-auf-busdepot\/#article","isPartOf":{"@id":"https:\/\/www.immobilienbusiness.ch\/fr\/regionen\/2024-07-26\/winterthur-130-genossenschaftliche-wohnungen-auf-busdepot\/"},"author":{"name":"Alexander Wachter","@id":"https:\/\/www.immobilienbusiness.ch\/#\/schema\/person\/aba8bea2db926aa0c24c08c43fe1fcd5"},"headline":"Winterthur: 130 genossenschaftliche Wohnungen auf Busdepot","datePublished":"2024-07-26T06:06:44+00:00","dateModified":"2024-08-20T04:50:33+00:00","mainEntityOfPage":{"@id":"https:\/\/www.immobilienbusiness.ch\/fr\/regionen\/2024-07-26\/winterthur-130-genossenschaftliche-wohnungen-auf-busdepot\/"},"wordCount":239,"publisher":{"@id":"https:\/\/www.immobilienbusiness.ch\/#organization"},"image":{"@id":"https:\/\/www.immobilienbusiness.ch\/fr\/regionen\/2024-07-26\/winterthur-130-genossenschaftliche-wohnungen-auf-busdepot\/#primaryimage"},"thumbnailUrl":"https:\/\/www.immobilienbusiness.ch\/wp-content\/uploads\/2024\/07\/Deutweg-Winterthur.png","keywords":["Archipel GmbH","Conen Sigl Architekt:innen GmbH","Gaiwo","GWG","Mietwohnungen","Projekt in Planung","Talgut","Winterthur"],"articleSection":["REGIONEN"],"inLanguage":"fr-FR"},{"@type":"WebPage","@id":"https:\/\/www.immobilienbusiness.ch\/fr\/regionen\/2024-07-26\/winterthur-130-genossenschaftliche-wohnungen-auf-busdepot\/","url":"https:\/\/www.immobilienbusiness.ch\/fr\/regionen\/2024-07-26\/winterthur-130-genossenschaftliche-wohnungen-auf-busdepot\/","name":"Winterthur: 130 genossenschaftliche Wohnungen auf Busdepot - IMMOBILIEN Business","isPartOf":{"@id":"https:\/\/www.immobilienbusiness.ch\/#website"},"primaryImageOfPage":{"@id":"https:\/\/www.immobilienbusiness.ch\/fr\/regionen\/2024-07-26\/winterthur-130-genossenschaftliche-wohnungen-auf-busdepot\/#primaryimage"},"image":{"@id":"https:\/\/www.immobilienbusiness.ch\/fr\/regionen\/2024-07-26\/winterthur-130-genossenschaftliche-wohnungen-auf-busdepot\/#primaryimage"},"thumbnailUrl":"https:\/\/www.immobilienbusiness.ch\/wp-content\/uploads\/2024\/07\/Deutweg-Winterthur.png","datePublished":"2024-07-26T06:06:44+00:00","dateModified":"2024-08-20T04:50:33+00:00","description":"Genossenschaftliche Wohn\u00fcberbauung auf ehemaligem Bus- und Tramdepot in Winterthur mit 130 Wohnungen, Kindergarten und Gewerbefl\u00e4chen.","breadcrumb":{"@id":"https:\/\/www.immobilienbusiness.ch\/fr\/regionen\/2024-07-26\/winterthur-130-genossenschaftliche-wohnungen-auf-busdepot\/#breadcrumb"},"inLanguage":"fr-FR","potentialAction":[{"@type":"ReadAction","target":["https:\/\/www.immobilienbusiness.ch\/fr\/regionen\/2024-07-26\/winterthur-130-genossenschaftliche-wohnungen-auf-busdepot\/"]}]},{"@type":"ImageObject","inLanguage":"fr-FR","@id":"https:\/\/www.immobilienbusiness.ch\/fr\/regionen\/2024-07-26\/winterthur-130-genossenschaftliche-wohnungen-auf-busdepot\/#primaryimage","url":"https:\/\/www.immobilienbusiness.ch\/wp-content\/uploads\/2024\/07\/Deutweg-Winterthur.png","contentUrl":"https:\/\/www.immobilienbusiness.ch\/wp-content\/uploads\/2024\/07\/Deutweg-Winterthur.png","width":509,"height":274,"caption":"So soll die \u00dcberbauung aussehen (Visualisierung: zVg)"},{"@type":"BreadcrumbList","@id":"https:\/\/www.immobilienbusiness.ch\/fr\/regionen\/2024-07-26\/winterthur-130-genossenschaftliche-wohnungen-auf-busdepot\/#breadcrumb","itemListElement":[{"@type":"ListItem","position":1,"name":"Home","item":"https:\/\/www.immobilienbusiness.ch\/"},{"@type":"ListItem","position":2,"name":"Winterthur: 130 genossenschaftliche Wohnungen auf Busdepot"}]},{"@type":"WebSite","@id":"https:\/\/www.immobilienbusiness.ch\/#website","url":"https:\/\/www.immobilienbusiness.ch\/","name":"IMMOBILIER Business","description":"Magazine \u00e9conomique suisse ind\u00e9pendant ax\u00e9 sur l'immobilier, l'architecture et la construction ainsi que sur les investissements et le financement.","publisher":{"@id":"https:\/\/www.immobilienbusiness.ch\/#organization"},"potentialAction":[{"@type":"SearchAction","target":{"@type":"EntryPoint","urlTemplate":"https:\/\/www.immobilienbusiness.ch\/?s={search_term_string}"},"query-input":{"@type":"PropertyValueSpecification","valueRequired":true,"valueName":"search_term_string"}}],"inLanguage":"fr-FR"},{"@type":"Organization","@id":"https:\/\/www.immobilienbusiness.ch\/#organization","name":"IMMOBILIER Business","url":"https:\/\/www.immobilienbusiness.ch\/","logo":{"@type":"ImageObject","inLanguage":"fr-FR","@id":"https:\/\/www.immobilienbusiness.ch\/#\/schema\/logo\/image\/","url":"https:\/\/www.immobilienbusiness.ch\/wp-content\/uploads\/2021\/07\/logo_ib.png","contentUrl":"https:\/\/www.immobilienbusiness.ch\/wp-content\/uploads\/2021\/07\/logo_ib.png","width":800,"height":181,"caption":"IMMOBILIEN Business"},"image":{"@id":"https:\/\/www.immobilienbusiness.ch\/#\/schema\/logo\/image\/"},"sameAs":["https:\/\/www.facebook.com\/immobilienbusiness\/"]},{"@type":"Person","@id":"https:\/\/www.immobilienbusiness.ch\/#\/schema\/person\/aba8bea2db926aa0c24c08c43fe1fcd5","name":"Alexander Wachter","image":{"@type":"ImageObject","inLanguage":"fr-FR","@id":"https:\/\/secure.gravatar.com\/avatar\/1a09e471f5389b0e0a6416eac287e0927c7c97a7b77f9e787eba3af7aee281dd?s=96&d=mm&r=g","url":"https:\/\/secure.gravatar.com\/avatar\/1a09e471f5389b0e0a6416eac287e0927c7c97a7b77f9e787eba3af7aee281dd?s=96&d=mm&r=g","contentUrl":"https:\/\/secure.gravatar.com\/avatar\/1a09e471f5389b0e0a6416eac287e0927c7c97a7b77f9e787eba3af7aee281dd?s=96&d=mm&r=g","caption":"Alexander Wachter"},"url":"https:\/\/www.immobilienbusiness.ch\/fr\/author\/alexander-wachter\/"}]}},"_links":{"self":[{"href":"https:\/\/www.immobilienbusiness.ch\/fr\/wp-json\/wp\/v2\/posts\/58201","targetHints":{"allow":["GET"]}}],"collection":[{"href":"https:\/\/www.immobilienbusiness.ch\/fr\/wp-json\/wp\/v2\/posts"}],"about":[{"href":"https:\/\/www.immobilienbusiness.ch\/fr\/wp-json\/wp\/v2\/types\/post"}],"author":[{"embeddable":true,"href":"https:\/\/www.immobilienbusiness.ch\/fr\/wp-json\/wp\/v2\/users\/102"}],"replies":[{"embeddable":true,"href":"https:\/\/www.immobilienbusiness.ch\/fr\/wp-json\/wp\/v2\/comments?post=58201"}],"version-history":[{"count":5,"href":"https:\/\/www.immobilienbusiness.ch\/fr\/wp-json\/wp\/v2\/posts\/58201\/revisions"}],"predecessor-version":[{"id":58561,"href":"https:\/\/www.immobilienbusiness.ch\/fr\/wp-json\/wp\/v2\/posts\/58201\/revisions\/58561"}],"wp:featuredmedia":[{"embeddable":true,"href":"https:\/\/www.immobilienbusiness.ch\/fr\/wp-json\/wp\/v2\/media\/58204"}],"wp:attachment":[{"href":"https:\/\/www.immobilienbusiness.ch\/fr\/wp-json\/wp\/v2\/media?parent=58201"}],"wp:term":[{"taxonomy":"category","embeddable":true,"href":"https:\/\/www.immobilienbusiness.ch\/fr\/wp-json\/wp\/v2\/categories?post=58201"},{"taxonomy":"post_tag","embeddable":true,"href":"https:\/\/www.immobilienbusiness.ch\/fr\/wp-json\/wp\/v2\/tags?post=58201"}],"curies":[{"name":"wp","href":"https:\/\/api.w.org\/{rel}","templated":true}]}}