{"id":5814,"date":"2017-01-16T07:58:03","date_gmt":"2017-01-16T06:58:03","guid":{"rendered":"https:\/\/immobilienbusiness.ch\/?p=5814"},"modified":"2017-01-16T07:58:03","modified_gmt":"2017-01-16T06:58:03","slug":"remax-rainer-joehl-ist-neuer-ceo","status":"publish","type":"post","link":"https:\/\/www.immobilienbusiness.ch\/fr\/unternehmen\/2017-01-16\/remax-rainer-joehl-ist-neuer-ceo\/","title":{"rendered":"LA SOCI\u00c9T\u00c9 RE\/MAX : Rainer J\u00f6hl est le nouveau CEO"},"content":{"rendered":"<figure id=\"attachment_5816\" aria-describedby=\"caption-attachment-5816\" style=\"width: 643px\" class=\"wp-caption alignnone\"><img loading=\"lazy\" decoding=\"async\" class=\"size-full wp-image-5816\" src=\"https:\/\/immobilienbusiness.ch\/wp-content\/uploads\/2017\/01\/Rainer-J\u00f6hl.png\" alt=\"\" width=\"643\" height=\"574\" \/><figcaption id=\"caption-attachment-5816\" class=\"wp-caption-text\">Rainer J\u00f6hl (Photo : RE\/MAX)<\/figcaption><\/figure>\n<p>Le 1er janvier 2017, Rainer J\u00f6hl a pris la direction de RE\/MAX Switzerland en tant que nouveau CEO. Il a ainsi succ\u00e9d\u00e9 \u00e0 Marco R\u00f6llin, directeur g\u00e9n\u00e9ral depuis de nombreuses ann\u00e9es. Ce dernier se concentrera \u00e0 l'avenir sur la mise en place et la direction du bureau RE\/MAX de la ville de Lucerne.<\/p>\n<p>J\u00f6hl est depuis 1999 administrateur fiduciaire de RE\/MAX Switzerland et, \u00e0 partir de 2008, membre du conseil d'administration de GJFF Franchising AG, la soci\u00e9t\u00e9 d\u00e9tentrice de la licence master de RE\/MAX pour la Suisse et le Liechtenstein. En prenant le poste de CEO, J\u00f6hl devient \u00e9galement copropri\u00e9taire de la soci\u00e9t\u00e9.<\/p>\n<p>RE\/MAX est, selon ses propres dires, le leader du march\u00e9 suisse dans le domaine de l'interm\u00e9diation de la propri\u00e9t\u00e9 du logement. En 2015, l'entreprise a g\u00e9r\u00e9 un volume d'investissement de plus de 1,7 milliard de CHF. Pour consolider cette position, J\u00f6hl veut acc\u00e9l\u00e9rer la num\u00e9risation, communique l'entreprise.<\/p>","protected":false},"excerpt":{"rendered":"<p>Depuis le d\u00e9but de l'ann\u00e9e, Rainer J\u00f6hl est le nouveau CEO de RE\/MAX Switzerland. Il succ\u00e8de \u00e0 Marco R\u00f6llin, directeur g\u00e9n\u00e9ral depuis de nombreuses ann\u00e9es.<\/p>","protected":false},"author":3,"featured_media":5816,"comment_status":"open","ping_status":"open","sticky":false,"template":"","format":"standard","meta":{"_acf_changed":false,"_yoast_wpseo_focuskw":"Rainer J\u00f6hl","_yoast_wpseo_title":"","_yoast_wpseo_metadesc":"Seit Jahresbeginn ist Rainer J\u00f6hl neuer CEO bei RE\/MAX Switzerland. Er folgt auf den langj\u00e4hrigen Gesch\u00e4ftsf\u00fchrer Marco R\u00f6llin.","_yoast_wpseo_linkdex":71,"pgc_sgb_lightbox_settings":"","footnotes":""},"categories":[988],"tags":[1460,1563,1807],"class_list":["post-5814","post","type-post","status-publish","format-standard","has-post-thumbnail","hentry","category-unternehmen","tag-makler","tag-personalia","tag-unternehmen"],"acf":[],"yoast_head":"<!-- This site is optimized with the Yoast SEO plugin v27.4 - https:\/\/yoast.com\/product\/yoast-seo-wordpress\/ -->\n<title>RE\/MAX: Rainer J\u00f6hl ist neuer CEO - IMMOBILIEN Business<\/title>\n<meta name=\"description\" content=\"Seit Jahresbeginn ist Rainer J\u00f6hl neuer CEO bei RE\/MAX Switzerland. Er folgt auf den langj\u00e4hrigen Gesch\u00e4ftsf\u00fchrer Marco R\u00f6llin.\" \/>\n<meta name=\"robots\" content=\"index, follow, max-snippet:-1, max-image-preview:large, max-video-preview:-1\" \/>\n<link rel=\"canonical\" href=\"https:\/\/www.immobilienbusiness.ch\/fr\/unternehmen\/2017-01-16\/remax-rainer-joehl-ist-neuer-ceo\/\" \/>\n<meta property=\"og:locale\" content=\"fr_FR\" \/>\n<meta property=\"og:type\" content=\"article\" \/>\n<meta property=\"og:title\" content=\"RE\/MAX: Rainer J\u00f6hl ist neuer CEO\" \/>\n<meta property=\"og:description\" content=\"Seit Jahresbeginn ist Rainer J\u00f6hl neuer CEO bei RE\/MAX Switzerland. Er folgt auf den langj\u00e4hrigen Gesch\u00e4ftsf\u00fchrer Marco R\u00f6llin.\" \/>\n<meta property=\"og:url\" content=\"https:\/\/www.immobilienbusiness.ch\/fr\/unternehmen\/2017-01-16\/remax-rainer-joehl-ist-neuer-ceo\/\" \/>\n<meta property=\"og:site_name\" content=\"IMMOBILIEN Business\" \/>\n<meta property=\"article:publisher\" content=\"https:\/\/www.facebook.com\/immobilienbusiness\/\" \/>\n<meta property=\"article:published_time\" content=\"2017-01-16T06:58:03+00:00\" \/>\n<meta name=\"author\" content=\"anja.hall\" \/>\n<meta name=\"twitter:card\" content=\"summary_large_image\" \/>\n<meta name=\"twitter:title\" content=\"RE\/MAX: Rainer J\u00f6hl ist neuer CEO\" \/>\n<meta name=\"twitter:description\" content=\"Seit Jahresbeginn ist Rainer J\u00f6hl neuer CEO bei RE\/MAX Switzerland. Er folgt auf den langj\u00e4hrigen Gesch\u00e4ftsf\u00fchrer Marco R\u00f6llin.\" \/>\n<meta name=\"twitter:image\" content=\"https:\/\/immobilienbusiness.ch\/wp-content\/uploads\/2017\/01\/Rainer-J\u00f6hl.png\" \/>\n<script type=\"application\/ld+json\" class=\"yoast-schema-graph\">{\"@context\":\"https:\\\/\\\/schema.org\",\"@graph\":[{\"@type\":\"Article\",\"@id\":\"https:\\\/\\\/www.immobilienbusiness.ch\\\/unternehmen\\\/2017-01-16\\\/remax-rainer-joehl-ist-neuer-ceo\\\/#article\",\"isPartOf\":{\"@id\":\"https:\\\/\\\/www.immobilienbusiness.ch\\\/unternehmen\\\/2017-01-16\\\/remax-rainer-joehl-ist-neuer-ceo\\\/\"},\"author\":{\"name\":\"anja.hall\",\"@id\":\"https:\\\/\\\/www.immobilienbusiness.ch\\\/#\\\/schema\\\/person\\\/3fc036297b10b9f42d6db5ee932af8c8\"},\"headline\":\"RE\\\/MAX: Rainer J\u00f6hl ist neuer CEO\",\"datePublished\":\"2017-01-16T06:58:03+00:00\",\"mainEntityOfPage\":{\"@id\":\"https:\\\/\\\/www.immobilienbusiness.ch\\\/unternehmen\\\/2017-01-16\\\/remax-rainer-joehl-ist-neuer-ceo\\\/\"},\"wordCount\":148,\"commentCount\":0,\"publisher\":{\"@id\":\"https:\\\/\\\/www.immobilienbusiness.ch\\\/#organization\"},\"image\":{\"@id\":\"https:\\\/\\\/www.immobilienbusiness.ch\\\/unternehmen\\\/2017-01-16\\\/remax-rainer-joehl-ist-neuer-ceo\\\/#primaryimage\"},\"thumbnailUrl\":\"https:\\\/\\\/www.immobilienbusiness.ch\\\/wp-content\\\/uploads\\\/2017\\\/01\\\/Rainer-Joehl.png\",\"keywords\":[\"Makler\",\"Personalia\",\"Unternehmen\"],\"articleSection\":[\"UNTERNEHMEN\"],\"inLanguage\":\"fr-FR\"},{\"@type\":\"WebPage\",\"@id\":\"https:\\\/\\\/www.immobilienbusiness.ch\\\/unternehmen\\\/2017-01-16\\\/remax-rainer-joehl-ist-neuer-ceo\\\/\",\"url\":\"https:\\\/\\\/www.immobilienbusiness.ch\\\/unternehmen\\\/2017-01-16\\\/remax-rainer-joehl-ist-neuer-ceo\\\/\",\"name\":\"RE\\\/MAX: Rainer J\u00f6hl ist neuer CEO - IMMOBILIEN Business\",\"isPartOf\":{\"@id\":\"https:\\\/\\\/www.immobilienbusiness.ch\\\/#website\"},\"primaryImageOfPage\":{\"@id\":\"https:\\\/\\\/www.immobilienbusiness.ch\\\/unternehmen\\\/2017-01-16\\\/remax-rainer-joehl-ist-neuer-ceo\\\/#primaryimage\"},\"image\":{\"@id\":\"https:\\\/\\\/www.immobilienbusiness.ch\\\/unternehmen\\\/2017-01-16\\\/remax-rainer-joehl-ist-neuer-ceo\\\/#primaryimage\"},\"thumbnailUrl\":\"https:\\\/\\\/www.immobilienbusiness.ch\\\/wp-content\\\/uploads\\\/2017\\\/01\\\/Rainer-Joehl.png\",\"datePublished\":\"2017-01-16T06:58:03+00:00\",\"description\":\"Seit Jahresbeginn ist Rainer J\u00f6hl neuer CEO bei RE\\\/MAX Switzerland. Er folgt auf den langj\u00e4hrigen Gesch\u00e4ftsf\u00fchrer Marco R\u00f6llin.\",\"breadcrumb\":{\"@id\":\"https:\\\/\\\/www.immobilienbusiness.ch\\\/unternehmen\\\/2017-01-16\\\/remax-rainer-joehl-ist-neuer-ceo\\\/#breadcrumb\"},\"inLanguage\":\"fr-FR\",\"potentialAction\":[{\"@type\":\"ReadAction\",\"target\":[\"https:\\\/\\\/www.immobilienbusiness.ch\\\/unternehmen\\\/2017-01-16\\\/remax-rainer-joehl-ist-neuer-ceo\\\/\"]}]},{\"@type\":\"ImageObject\",\"inLanguage\":\"fr-FR\",\"@id\":\"https:\\\/\\\/www.immobilienbusiness.ch\\\/unternehmen\\\/2017-01-16\\\/remax-rainer-joehl-ist-neuer-ceo\\\/#primaryimage\",\"url\":\"https:\\\/\\\/www.immobilienbusiness.ch\\\/wp-content\\\/uploads\\\/2017\\\/01\\\/Rainer-Joehl.png\",\"contentUrl\":\"https:\\\/\\\/www.immobilienbusiness.ch\\\/wp-content\\\/uploads\\\/2017\\\/01\\\/Rainer-Joehl.png\",\"width\":643,\"height\":574,\"caption\":\"Rainer J\u00f6hl (Foto: RE\\\/MAX)\"},{\"@type\":\"BreadcrumbList\",\"@id\":\"https:\\\/\\\/www.immobilienbusiness.ch\\\/unternehmen\\\/2017-01-16\\\/remax-rainer-joehl-ist-neuer-ceo\\\/#breadcrumb\",\"itemListElement\":[{\"@type\":\"ListItem\",\"position\":1,\"name\":\"Home\",\"item\":\"https:\\\/\\\/www.immobilienbusiness.ch\\\/\"},{\"@type\":\"ListItem\",\"position\":2,\"name\":\"RE\\\/MAX: Rainer J\u00f6hl ist neuer CEO\"}]},{\"@type\":\"WebSite\",\"@id\":\"https:\\\/\\\/www.immobilienbusiness.ch\\\/#website\",\"url\":\"https:\\\/\\\/www.immobilienbusiness.ch\\\/\",\"name\":\"IMMOBILIEN Business\",\"description\":\"Unabh\u00e4ngiges Schweizer Wirtschaftsmagazin mit Fokus auf Immobilien, Architektur- und Bau sowie Investment- und Finanzierung.\",\"publisher\":{\"@id\":\"https:\\\/\\\/www.immobilienbusiness.ch\\\/#organization\"},\"potentialAction\":[{\"@type\":\"SearchAction\",\"target\":{\"@type\":\"EntryPoint\",\"urlTemplate\":\"https:\\\/\\\/www.immobilienbusiness.ch\\\/?s={search_term_string}\"},\"query-input\":{\"@type\":\"PropertyValueSpecification\",\"valueRequired\":true,\"valueName\":\"search_term_string\"}}],\"inLanguage\":\"fr-FR\"},{\"@type\":\"Organization\",\"@id\":\"https:\\\/\\\/www.immobilienbusiness.ch\\\/#organization\",\"name\":\"IMMOBILIEN Business\",\"url\":\"https:\\\/\\\/www.immobilienbusiness.ch\\\/\",\"logo\":{\"@type\":\"ImageObject\",\"inLanguage\":\"fr-FR\",\"@id\":\"https:\\\/\\\/www.immobilienbusiness.ch\\\/#\\\/schema\\\/logo\\\/image\\\/\",\"url\":\"https:\\\/\\\/www.immobilienbusiness.ch\\\/wp-content\\\/uploads\\\/2021\\\/07\\\/logo_ib.png\",\"contentUrl\":\"https:\\\/\\\/www.immobilienbusiness.ch\\\/wp-content\\\/uploads\\\/2021\\\/07\\\/logo_ib.png\",\"width\":800,\"height\":181,\"caption\":\"IMMOBILIEN Business\"},\"image\":{\"@id\":\"https:\\\/\\\/www.immobilienbusiness.ch\\\/#\\\/schema\\\/logo\\\/image\\\/\"},\"sameAs\":[\"https:\\\/\\\/www.facebook.com\\\/immobilienbusiness\\\/\"]},{\"@type\":\"Person\",\"@id\":\"https:\\\/\\\/www.immobilienbusiness.ch\\\/#\\\/schema\\\/person\\\/3fc036297b10b9f42d6db5ee932af8c8\",\"name\":\"anja.hall\",\"image\":{\"@type\":\"ImageObject\",\"inLanguage\":\"fr-FR\",\"@id\":\"https:\\\/\\\/secure.gravatar.com\\\/avatar\\\/066b5a0d447013502c71a5782f4f3469f03cfe595cc2329fb94652fe47511bfb?s=96&d=mm&r=g\",\"url\":\"https:\\\/\\\/secure.gravatar.com\\\/avatar\\\/066b5a0d447013502c71a5782f4f3469f03cfe595cc2329fb94652fe47511bfb?s=96&d=mm&r=g\",\"contentUrl\":\"https:\\\/\\\/secure.gravatar.com\\\/avatar\\\/066b5a0d447013502c71a5782f4f3469f03cfe595cc2329fb94652fe47511bfb?s=96&d=mm&r=g\",\"caption\":\"anja.hall\"},\"url\":\"https:\\\/\\\/www.immobilienbusiness.ch\\\/fr\\\/author\\\/anja-hall\\\/\"}]}<\/script>\n<!-- \/ Yoast SEO plugin. -->","yoast_head_json":{"title":"RE\/MAX : Rainer J\u00f6hl est le nouveau CEO - IMMOBILIER Business","description":"Depuis le d\u00e9but de l'ann\u00e9e, Rainer J\u00f6hl est le nouveau CEO de RE\/MAX Switzerland. Il succ\u00e8de \u00e0 Marco R\u00f6llin, directeur g\u00e9n\u00e9ral depuis de nombreuses ann\u00e9es.","robots":{"index":"index","follow":"follow","max-snippet":"max-snippet:-1","max-image-preview":"max-image-preview:large","max-video-preview":"max-video-preview:-1"},"canonical":"https:\/\/www.immobilienbusiness.ch\/fr\/unternehmen\/2017-01-16\/remax-rainer-joehl-ist-neuer-ceo\/","og_locale":"fr_FR","og_type":"article","og_title":"RE\/MAX: Rainer J\u00f6hl ist neuer CEO","og_description":"Seit Jahresbeginn ist Rainer J\u00f6hl neuer CEO bei RE\/MAX Switzerland. Er folgt auf den langj\u00e4hrigen Gesch\u00e4ftsf\u00fchrer Marco R\u00f6llin.","og_url":"https:\/\/www.immobilienbusiness.ch\/fr\/unternehmen\/2017-01-16\/remax-rainer-joehl-ist-neuer-ceo\/","og_site_name":"IMMOBILIEN Business","article_publisher":"https:\/\/www.facebook.com\/immobilienbusiness\/","article_published_time":"2017-01-16T06:58:03+00:00","author":"anja.hall","twitter_card":"summary_large_image","twitter_title":"RE\/MAX: Rainer J\u00f6hl ist neuer CEO","twitter_description":"Seit Jahresbeginn ist Rainer J\u00f6hl neuer CEO bei RE\/MAX Switzerland. Er folgt auf den langj\u00e4hrigen Gesch\u00e4ftsf\u00fchrer Marco R\u00f6llin.","twitter_image":"https:\/\/immobilienbusiness.ch\/wp-content\/uploads\/2017\/01\/Rainer-J\u00f6hl.png","schema":{"@context":"https:\/\/schema.org","@graph":[{"@type":"Article","@id":"https:\/\/www.immobilienbusiness.ch\/unternehmen\/2017-01-16\/remax-rainer-joehl-ist-neuer-ceo\/#article","isPartOf":{"@id":"https:\/\/www.immobilienbusiness.ch\/unternehmen\/2017-01-16\/remax-rainer-joehl-ist-neuer-ceo\/"},"author":{"name":"anja.hall","@id":"https:\/\/www.immobilienbusiness.ch\/#\/schema\/person\/3fc036297b10b9f42d6db5ee932af8c8"},"headline":"RE\/MAX: Rainer J\u00f6hl ist neuer CEO","datePublished":"2017-01-16T06:58:03+00:00","mainEntityOfPage":{"@id":"https:\/\/www.immobilienbusiness.ch\/unternehmen\/2017-01-16\/remax-rainer-joehl-ist-neuer-ceo\/"},"wordCount":148,"commentCount":0,"publisher":{"@id":"https:\/\/www.immobilienbusiness.ch\/#organization"},"image":{"@id":"https:\/\/www.immobilienbusiness.ch\/unternehmen\/2017-01-16\/remax-rainer-joehl-ist-neuer-ceo\/#primaryimage"},"thumbnailUrl":"https:\/\/www.immobilienbusiness.ch\/wp-content\/uploads\/2017\/01\/Rainer-Joehl.png","keywords":["Makler","Personalia","Unternehmen"],"articleSection":["UNTERNEHMEN"],"inLanguage":"fr-FR"},{"@type":"WebPage","@id":"https:\/\/www.immobilienbusiness.ch\/unternehmen\/2017-01-16\/remax-rainer-joehl-ist-neuer-ceo\/","url":"https:\/\/www.immobilienbusiness.ch\/unternehmen\/2017-01-16\/remax-rainer-joehl-ist-neuer-ceo\/","name":"RE\/MAX : Rainer J\u00f6hl est le nouveau CEO - IMMOBILIER Business","isPartOf":{"@id":"https:\/\/www.immobilienbusiness.ch\/#website"},"primaryImageOfPage":{"@id":"https:\/\/www.immobilienbusiness.ch\/unternehmen\/2017-01-16\/remax-rainer-joehl-ist-neuer-ceo\/#primaryimage"},"image":{"@id":"https:\/\/www.immobilienbusiness.ch\/unternehmen\/2017-01-16\/remax-rainer-joehl-ist-neuer-ceo\/#primaryimage"},"thumbnailUrl":"https:\/\/www.immobilienbusiness.ch\/wp-content\/uploads\/2017\/01\/Rainer-Joehl.png","datePublished":"2017-01-16T06:58:03+00:00","description":"Depuis le d\u00e9but de l'ann\u00e9e, Rainer J\u00f6hl est le nouveau CEO de RE\/MAX Switzerland. Il succ\u00e8de \u00e0 Marco R\u00f6llin, directeur g\u00e9n\u00e9ral depuis de nombreuses ann\u00e9es.","breadcrumb":{"@id":"https:\/\/www.immobilienbusiness.ch\/unternehmen\/2017-01-16\/remax-rainer-joehl-ist-neuer-ceo\/#breadcrumb"},"inLanguage":"fr-FR","potentialAction":[{"@type":"ReadAction","target":["https:\/\/www.immobilienbusiness.ch\/unternehmen\/2017-01-16\/remax-rainer-joehl-ist-neuer-ceo\/"]}]},{"@type":"ImageObject","inLanguage":"fr-FR","@id":"https:\/\/www.immobilienbusiness.ch\/unternehmen\/2017-01-16\/remax-rainer-joehl-ist-neuer-ceo\/#primaryimage","url":"https:\/\/www.immobilienbusiness.ch\/wp-content\/uploads\/2017\/01\/Rainer-Joehl.png","contentUrl":"https:\/\/www.immobilienbusiness.ch\/wp-content\/uploads\/2017\/01\/Rainer-Joehl.png","width":643,"height":574,"caption":"Rainer J\u00f6hl (Foto: RE\/MAX)"},{"@type":"BreadcrumbList","@id":"https:\/\/www.immobilienbusiness.ch\/unternehmen\/2017-01-16\/remax-rainer-joehl-ist-neuer-ceo\/#breadcrumb","itemListElement":[{"@type":"ListItem","position":1,"name":"Home","item":"https:\/\/www.immobilienbusiness.ch\/"},{"@type":"ListItem","position":2,"name":"RE\/MAX: Rainer J\u00f6hl ist neuer CEO"}]},{"@type":"WebSite","@id":"https:\/\/www.immobilienbusiness.ch\/#website","url":"https:\/\/www.immobilienbusiness.ch\/","name":"IMMOBILIER Business","description":"Magazine \u00e9conomique suisse ind\u00e9pendant ax\u00e9 sur l'immobilier, l'architecture et la construction ainsi que sur les investissements et le financement.","publisher":{"@id":"https:\/\/www.immobilienbusiness.ch\/#organization"},"potentialAction":[{"@type":"SearchAction","target":{"@type":"EntryPoint","urlTemplate":"https:\/\/www.immobilienbusiness.ch\/?s={search_term_string}"},"query-input":{"@type":"PropertyValueSpecification","valueRequired":true,"valueName":"search_term_string"}}],"inLanguage":"fr-FR"},{"@type":"Organization","@id":"https:\/\/www.immobilienbusiness.ch\/#organization","name":"IMMOBILIER Business","url":"https:\/\/www.immobilienbusiness.ch\/","logo":{"@type":"ImageObject","inLanguage":"fr-FR","@id":"https:\/\/www.immobilienbusiness.ch\/#\/schema\/logo\/image\/","url":"https:\/\/www.immobilienbusiness.ch\/wp-content\/uploads\/2021\/07\/logo_ib.png","contentUrl":"https:\/\/www.immobilienbusiness.ch\/wp-content\/uploads\/2021\/07\/logo_ib.png","width":800,"height":181,"caption":"IMMOBILIEN Business"},"image":{"@id":"https:\/\/www.immobilienbusiness.ch\/#\/schema\/logo\/image\/"},"sameAs":["https:\/\/www.facebook.com\/immobilienbusiness\/"]},{"@type":"Person","@id":"https:\/\/www.immobilienbusiness.ch\/#\/schema\/person\/3fc036297b10b9f42d6db5ee932af8c8","name":"anja.hall","image":{"@type":"ImageObject","inLanguage":"fr-FR","@id":"https:\/\/secure.gravatar.com\/avatar\/066b5a0d447013502c71a5782f4f3469f03cfe595cc2329fb94652fe47511bfb?s=96&d=mm&r=g","url":"https:\/\/secure.gravatar.com\/avatar\/066b5a0d447013502c71a5782f4f3469f03cfe595cc2329fb94652fe47511bfb?s=96&d=mm&r=g","contentUrl":"https:\/\/secure.gravatar.com\/avatar\/066b5a0d447013502c71a5782f4f3469f03cfe595cc2329fb94652fe47511bfb?s=96&d=mm&r=g","caption":"anja.hall"},"url":"https:\/\/www.immobilienbusiness.ch\/fr\/author\/anja-hall\/"}]}},"_links":{"self":[{"href":"https:\/\/www.immobilienbusiness.ch\/fr\/wp-json\/wp\/v2\/posts\/5814","targetHints":{"allow":["GET"]}}],"collection":[{"href":"https:\/\/www.immobilienbusiness.ch\/fr\/wp-json\/wp\/v2\/posts"}],"about":[{"href":"https:\/\/www.immobilienbusiness.ch\/fr\/wp-json\/wp\/v2\/types\/post"}],"author":[{"embeddable":true,"href":"https:\/\/www.immobilienbusiness.ch\/fr\/wp-json\/wp\/v2\/users\/3"}],"replies":[{"embeddable":true,"href":"https:\/\/www.immobilienbusiness.ch\/fr\/wp-json\/wp\/v2\/comments?post=5814"}],"version-history":[{"count":0,"href":"https:\/\/www.immobilienbusiness.ch\/fr\/wp-json\/wp\/v2\/posts\/5814\/revisions"}],"wp:featuredmedia":[{"embeddable":true,"href":"https:\/\/www.immobilienbusiness.ch\/fr\/wp-json\/wp\/v2\/media\/5816"}],"wp:attachment":[{"href":"https:\/\/www.immobilienbusiness.ch\/fr\/wp-json\/wp\/v2\/media?parent=5814"}],"wp:term":[{"taxonomy":"category","embeddable":true,"href":"https:\/\/www.immobilienbusiness.ch\/fr\/wp-json\/wp\/v2\/categories?post=5814"},{"taxonomy":"post_tag","embeddable":true,"href":"https:\/\/www.immobilienbusiness.ch\/fr\/wp-json\/wp\/v2\/tags?post=5814"}],"curies":[{"name":"wp","href":"https:\/\/api.w.org\/{rel}","templated":true}]}}