{"id":58018,"date":"2024-07-16T07:19:46","date_gmt":"2024-07-16T05:19:46","guid":{"rendered":"https:\/\/www.immobilienbusiness.ch\/?p=58018"},"modified":"2024-08-20T07:12:23","modified_gmt":"2024-08-20T05:12:23","slug":"swiss-life-fonds-schliesst-rekord-kapitalerhoehung-ab","status":"publish","type":"post","link":"https:\/\/www.immobilienbusiness.ch\/fr\/unternehmen\/2024-07-16\/swiss-life-fonds-schliesst-rekord-kapitalerhoehung-ab\/","title":{"rendered":"Swiss Life : Le fonds finalise une augmentation de capital record"},"content":{"rendered":"<figure id=\"attachment_1385\" aria-describedby=\"caption-attachment-1385\" style=\"width: 1280px\" class=\"wp-caption alignnone\"><a href=\"https:\/\/www.immobilienbusiness.ch\/wp-content\/uploads\/2016\/12\/Valres-Kapitalerhoehung-fuer-Valres-Swiss-Residential-Fund-immobilien-business.jpg\"><img loading=\"lazy\" decoding=\"async\" class=\"wp-image-1385 size-full\" src=\"https:\/\/www.immobilienbusiness.ch\/wp-content\/uploads\/2016\/12\/Valres-Kapitalerhoehung-fuer-Valres-Swiss-Residential-Fund-immobilien-business.jpg\" alt=\"ESG Swiss Properties\" width=\"1280\" height=\"949\" srcset=\"https:\/\/www.immobilienbusiness.ch\/wp-content\/uploads\/2016\/12\/Valres-Kapitalerhoehung-fuer-Valres-Swiss-Residential-Fund-immobilien-business.jpg 1280w, https:\/\/www.immobilienbusiness.ch\/wp-content\/uploads\/2016\/12\/Valres-Kapitalerhoehung-fuer-Valres-Swiss-Residential-Fund-immobilien-business-300x222.jpg 300w, https:\/\/www.immobilienbusiness.ch\/wp-content\/uploads\/2016\/12\/Valres-Kapitalerhoehung-fuer-Valres-Swiss-Residential-Fund-immobilien-business-1024x759.jpg 1024w, https:\/\/www.immobilienbusiness.ch\/wp-content\/uploads\/2016\/12\/Valres-Kapitalerhoehung-fuer-Valres-Swiss-Residential-Fund-immobilien-business-768x569.jpg 768w, https:\/\/www.immobilienbusiness.ch\/wp-content\/uploads\/2016\/12\/Valres-Kapitalerhoehung-fuer-Valres-Swiss-Residential-Fund-immobilien-business-16x12.jpg 16w, https:\/\/www.immobilienbusiness.ch\/wp-content\/uploads\/2016\/12\/Valres-Kapitalerhoehung-fuer-Valres-Swiss-Residential-Fund-immobilien-business-236x175.jpg 236w, https:\/\/www.immobilienbusiness.ch\/wp-content\/uploads\/2016\/12\/Valres-Kapitalerhoehung-fuer-Valres-Swiss-Residential-Fund-immobilien-business-472x350.jpg 472w, https:\/\/www.immobilienbusiness.ch\/wp-content\/uploads\/2016\/12\/Valres-Kapitalerhoehung-fuer-Valres-Swiss-Residential-Fund-immobilien-business-1079x800.jpg 1079w, https:\/\/www.immobilienbusiness.ch\/wp-content\/uploads\/2016\/12\/Valres-Kapitalerhoehung-fuer-Valres-Swiss-Residential-Fund-immobilien-business-920x682.jpg 920w\" sizes=\"auto, (max-width: 1280px) 100vw, 1280px\" \/><\/a><figcaption id=\"caption-attachment-1385\" class=\"wp-caption-text\">Swiss Life a r\u00e9alis\u00e9 une \u00e9mission de fonds avec un nouveau record (photo : Pixabay)<\/figcaption><\/figure>\n<p>Swiss Life Asset Managers a conclu la plus importante augmentation de capital jamais r\u00e9alis\u00e9e par un fonds immobilier suisse cot\u00e9 en bourse. Comme annonc\u00e9 r\u00e9cemment, le fonds immobilier Swiss Life REF (CH) ESG Swiss Properties b\u00e9n\u00e9ficie de nouveaux moyens \u00e0 hauteur d'environ 610 millions de francs. Il devient ainsi l'un des cinq plus grands fonds immobiliers cot\u00e9s en bourse de Suisse. Sa capitalisation boursi\u00e8re s'\u00e9l\u00e8ve d\u00e9sormais \u00e0 environ 2,5 milliards de francs suisses.<\/p>\n<p>L'\u00e9mission a \u00e9t\u00e9 r\u00e9alis\u00e9e \u00e0 la commission (\"best-effort basis\") dans le cadre d'une offre publique de souscription en Suisse. Trois droits de souscription donnaient droit \u00e0 l'acquisition d'une nouvelle part. Au total, 5,4 millions de nouvelles parts seront \u00e9mises, ce qui correspond \u00e0 un taux de souscription de 100%. La lib\u00e9ration des nouvelles parts aura lieu le 17 juillet 2024.<\/p>\n<p>L'augmentation de capital permet d'acqu\u00e9rir un portefeuille immobilier du groupe Swiss Life d'une valeur d'environ 700 millions de CHF. IB avait d\u00e9j\u00e0 inform\u00e9 de sa composition <a href=\"https:\/\/www.immobilienbusiness.ch\/fr\/ib\/2024-06-11\/swiss-life-esg-swiss-properties-nennt-details-zum-700-millionen-schweren-kauf\/\" target=\"_blank\" rel=\"noopener\">ici<\/a> a rapport\u00e9. Outre l'achat de portefeuilles, les fonds sont pr\u00e9vus pour la r\u00e9novation et la densification des immeubles d'habitation existants. De plus, le taux d'endettement doit \u00eatre r\u00e9duit \u00e0 environ 23%. Dans une premi\u00e8re annonce, le volume d'\u00e9mission avait \u00e9t\u00e9 chiffr\u00e9 \u00e0 650 millions de CHF. <a href=\"https:\/\/www.immobilienbusiness.ch\/fr\/unternehmen\/2024-04-18\/swiss-life-plant-650-millionen-schwere-emission-fuer-schweizer-fonds\/\" target=\"_blank\" rel=\"noopener\">(IB a rapport\u00e9)<\/a>. <em>(aw)<\/em><\/p>\n<p>&nbsp;<\/p>\n<p>&nbsp;<\/p>\n<p>&nbsp;<\/p>","protected":false},"excerpt":{"rendered":"<p>Le fonds ESG Swiss Properties re\u00e7oit 610 millions de francs - il s'agit du volume d'\u00e9mission le plus \u00e9lev\u00e9 jamais r\u00e9alis\u00e9 par un fonds immobilier suisse cot\u00e9.<\/p>","protected":false},"author":102,"featured_media":1385,"comment_status":"closed","ping_status":"closed","sticky":false,"template":"","format":"standard","meta":{"_acf_changed":false,"_yoast_wpseo_focuskw":"ESG Swiss Properties","_yoast_wpseo_title":"","_yoast_wpseo_metadesc":"Swiss Life erzielt Rekordkapitalerh\u00f6hung von 610 Mio. CHF f\u00fcr Immobilienfonds, Marktkapitalisierung nun 2,5 Mrd. CHF.","_yoast_wpseo_linkdex":52,"pgc_sgb_lightbox_settings":"","footnotes":""},"categories":[988],"tags":[1344,1412,1756],"class_list":["post-58018","post","type-post","status-publish","format-standard","has-post-thumbnail","hentry","category-unternehmen","tag-immobilienfonds","tag-kapitalerhoehung","tag-swiss-life"],"acf":[],"yoast_head":"<!-- This site is optimized with the Yoast SEO plugin v27.5 - https:\/\/yoast.com\/product\/yoast-seo-wordpress\/ -->\n<title>Swiss Life: Fonds schliesst Rekord-Kapitalerh\u00f6hung ab - IMMOBILIEN Business<\/title>\n<meta name=\"description\" content=\"Swiss Life erzielt Rekordkapitalerh\u00f6hung von 610 Mio. CHF f\u00fcr Immobilienfonds, Marktkapitalisierung nun 2,5 Mrd. CHF.\" \/>\n<meta name=\"robots\" content=\"index, follow, max-snippet:-1, max-image-preview:large, max-video-preview:-1\" \/>\n<link rel=\"canonical\" href=\"https:\/\/www.immobilienbusiness.ch\/fr\/unternehmen\/2024-07-16\/swiss-life-fonds-schliesst-rekord-kapitalerhoehung-ab\/\" \/>\n<meta property=\"og:locale\" content=\"fr_FR\" \/>\n<meta property=\"og:type\" content=\"article\" \/>\n<meta property=\"og:title\" content=\"Swiss Life: Fonds schliesst Rekord-Kapitalerh\u00f6hung ab - IMMOBILIEN Business\" \/>\n<meta property=\"og:description\" content=\"Swiss Life erzielt Rekordkapitalerh\u00f6hung von 610 Mio. CHF f\u00fcr Immobilienfonds, Marktkapitalisierung nun 2,5 Mrd. CHF.\" \/>\n<meta property=\"og:url\" content=\"https:\/\/www.immobilienbusiness.ch\/fr\/unternehmen\/2024-07-16\/swiss-life-fonds-schliesst-rekord-kapitalerhoehung-ab\/\" \/>\n<meta property=\"og:site_name\" content=\"IMMOBILIEN Business\" \/>\n<meta property=\"article:publisher\" content=\"https:\/\/www.facebook.com\/immobilienbusiness\/\" \/>\n<meta property=\"article:published_time\" content=\"2024-07-16T05:19:46+00:00\" \/>\n<meta property=\"article:modified_time\" content=\"2024-08-20T05:12:23+00:00\" \/>\n<meta property=\"og:image\" content=\"https:\/\/www.immobilienbusiness.ch\/wp-content\/uploads\/2016\/12\/Valres-Kapitalerhoehung-fuer-Valres-Swiss-Residential-Fund-immobilien-business.jpg\" \/>\n\t<meta property=\"og:image:width\" content=\"1280\" \/>\n\t<meta property=\"og:image:height\" content=\"949\" \/>\n\t<meta property=\"og:image:type\" content=\"image\/jpeg\" \/>\n<meta name=\"author\" content=\"Alexander Wachter\" \/>\n<meta name=\"twitter:card\" content=\"summary_large_image\" \/>\n<script type=\"application\/ld+json\" class=\"yoast-schema-graph\">{\"@context\":\"https:\\\/\\\/schema.org\",\"@graph\":[{\"@type\":\"Article\",\"@id\":\"https:\\\/\\\/www.immobilienbusiness.ch\\\/en\\\/unternehmen\\\/2024-07-16\\\/swiss-life-fonds-schliesst-rekord-kapitalerhoehung-ab\\\/#article\",\"isPartOf\":{\"@id\":\"https:\\\/\\\/www.immobilienbusiness.ch\\\/en\\\/unternehmen\\\/2024-07-16\\\/swiss-life-fonds-schliesst-rekord-kapitalerhoehung-ab\\\/\"},\"author\":{\"name\":\"Alexander Wachter\",\"@id\":\"https:\\\/\\\/www.immobilienbusiness.ch\\\/#\\\/schema\\\/person\\\/aba8bea2db926aa0c24c08c43fe1fcd5\"},\"headline\":\"Swiss Life: Fonds schliesst Rekord-Kapitalerh\u00f6hung ab\",\"datePublished\":\"2024-07-16T05:19:46+00:00\",\"dateModified\":\"2024-08-20T05:12:23+00:00\",\"mainEntityOfPage\":{\"@id\":\"https:\\\/\\\/www.immobilienbusiness.ch\\\/en\\\/unternehmen\\\/2024-07-16\\\/swiss-life-fonds-schliesst-rekord-kapitalerhoehung-ab\\\/\"},\"wordCount\":206,\"publisher\":{\"@id\":\"https:\\\/\\\/www.immobilienbusiness.ch\\\/#organization\"},\"image\":{\"@id\":\"https:\\\/\\\/www.immobilienbusiness.ch\\\/en\\\/unternehmen\\\/2024-07-16\\\/swiss-life-fonds-schliesst-rekord-kapitalerhoehung-ab\\\/#primaryimage\"},\"thumbnailUrl\":\"https:\\\/\\\/www.immobilienbusiness.ch\\\/wp-content\\\/uploads\\\/2016\\\/12\\\/Valres-Kapitalerhoehung-fuer-Valres-Swiss-Residential-Fund-immobilien-business.jpg\",\"keywords\":[\"Immobilienfonds\",\"Kapitalerh\u00f6hung\",\"Swiss Life\"],\"articleSection\":[\"UNTERNEHMEN\"],\"inLanguage\":\"fr-FR\"},{\"@type\":\"WebPage\",\"@id\":\"https:\\\/\\\/www.immobilienbusiness.ch\\\/en\\\/unternehmen\\\/2024-07-16\\\/swiss-life-fonds-schliesst-rekord-kapitalerhoehung-ab\\\/\",\"url\":\"https:\\\/\\\/www.immobilienbusiness.ch\\\/en\\\/unternehmen\\\/2024-07-16\\\/swiss-life-fonds-schliesst-rekord-kapitalerhoehung-ab\\\/\",\"name\":\"Swiss Life: Fonds schliesst Rekord-Kapitalerh\u00f6hung ab - IMMOBILIEN Business\",\"isPartOf\":{\"@id\":\"https:\\\/\\\/www.immobilienbusiness.ch\\\/#website\"},\"primaryImageOfPage\":{\"@id\":\"https:\\\/\\\/www.immobilienbusiness.ch\\\/en\\\/unternehmen\\\/2024-07-16\\\/swiss-life-fonds-schliesst-rekord-kapitalerhoehung-ab\\\/#primaryimage\"},\"image\":{\"@id\":\"https:\\\/\\\/www.immobilienbusiness.ch\\\/en\\\/unternehmen\\\/2024-07-16\\\/swiss-life-fonds-schliesst-rekord-kapitalerhoehung-ab\\\/#primaryimage\"},\"thumbnailUrl\":\"https:\\\/\\\/www.immobilienbusiness.ch\\\/wp-content\\\/uploads\\\/2016\\\/12\\\/Valres-Kapitalerhoehung-fuer-Valres-Swiss-Residential-Fund-immobilien-business.jpg\",\"datePublished\":\"2024-07-16T05:19:46+00:00\",\"dateModified\":\"2024-08-20T05:12:23+00:00\",\"description\":\"Swiss Life erzielt Rekordkapitalerh\u00f6hung von 610 Mio. CHF f\u00fcr Immobilienfonds, Marktkapitalisierung nun 2,5 Mrd. CHF.\",\"breadcrumb\":{\"@id\":\"https:\\\/\\\/www.immobilienbusiness.ch\\\/en\\\/unternehmen\\\/2024-07-16\\\/swiss-life-fonds-schliesst-rekord-kapitalerhoehung-ab\\\/#breadcrumb\"},\"inLanguage\":\"fr-FR\",\"potentialAction\":[{\"@type\":\"ReadAction\",\"target\":[\"https:\\\/\\\/www.immobilienbusiness.ch\\\/en\\\/unternehmen\\\/2024-07-16\\\/swiss-life-fonds-schliesst-rekord-kapitalerhoehung-ab\\\/\"]}]},{\"@type\":\"ImageObject\",\"inLanguage\":\"fr-FR\",\"@id\":\"https:\\\/\\\/www.immobilienbusiness.ch\\\/en\\\/unternehmen\\\/2024-07-16\\\/swiss-life-fonds-schliesst-rekord-kapitalerhoehung-ab\\\/#primaryimage\",\"url\":\"https:\\\/\\\/www.immobilienbusiness.ch\\\/wp-content\\\/uploads\\\/2016\\\/12\\\/Valres-Kapitalerhoehung-fuer-Valres-Swiss-Residential-Fund-immobilien-business.jpg\",\"contentUrl\":\"https:\\\/\\\/www.immobilienbusiness.ch\\\/wp-content\\\/uploads\\\/2016\\\/12\\\/Valres-Kapitalerhoehung-fuer-Valres-Swiss-Residential-Fund-immobilien-business.jpg\",\"width\":1280,\"height\":949,\"caption\":\"Edmond de Rothschild plant eine Kapitalaufnahme f\u00fcr ein Teilverm\u00f6gen seiner Immobilien-Sicav Fonds (Foto: Pixabay)\"},{\"@type\":\"BreadcrumbList\",\"@id\":\"https:\\\/\\\/www.immobilienbusiness.ch\\\/en\\\/unternehmen\\\/2024-07-16\\\/swiss-life-fonds-schliesst-rekord-kapitalerhoehung-ab\\\/#breadcrumb\",\"itemListElement\":[{\"@type\":\"ListItem\",\"position\":1,\"name\":\"Home\",\"item\":\"https:\\\/\\\/www.immobilienbusiness.ch\\\/\"},{\"@type\":\"ListItem\",\"position\":2,\"name\":\"Swiss Life: Fonds schliesst Rekord-Kapitalerh\u00f6hung ab\"}]},{\"@type\":\"WebSite\",\"@id\":\"https:\\\/\\\/www.immobilienbusiness.ch\\\/#website\",\"url\":\"https:\\\/\\\/www.immobilienbusiness.ch\\\/\",\"name\":\"IMMOBILIEN Business\",\"description\":\"Unabh\u00e4ngiges Schweizer Wirtschaftsmagazin mit Fokus auf Immobilien, Architektur- und Bau sowie Investment- und Finanzierung.\",\"publisher\":{\"@id\":\"https:\\\/\\\/www.immobilienbusiness.ch\\\/#organization\"},\"potentialAction\":[{\"@type\":\"SearchAction\",\"target\":{\"@type\":\"EntryPoint\",\"urlTemplate\":\"https:\\\/\\\/www.immobilienbusiness.ch\\\/?s={search_term_string}\"},\"query-input\":{\"@type\":\"PropertyValueSpecification\",\"valueRequired\":true,\"valueName\":\"search_term_string\"}}],\"inLanguage\":\"fr-FR\"},{\"@type\":\"Organization\",\"@id\":\"https:\\\/\\\/www.immobilienbusiness.ch\\\/#organization\",\"name\":\"IMMOBILIEN Business\",\"url\":\"https:\\\/\\\/www.immobilienbusiness.ch\\\/\",\"logo\":{\"@type\":\"ImageObject\",\"inLanguage\":\"fr-FR\",\"@id\":\"https:\\\/\\\/www.immobilienbusiness.ch\\\/#\\\/schema\\\/logo\\\/image\\\/\",\"url\":\"https:\\\/\\\/www.immobilienbusiness.ch\\\/wp-content\\\/uploads\\\/2021\\\/07\\\/logo_ib.png\",\"contentUrl\":\"https:\\\/\\\/www.immobilienbusiness.ch\\\/wp-content\\\/uploads\\\/2021\\\/07\\\/logo_ib.png\",\"width\":800,\"height\":181,\"caption\":\"IMMOBILIEN Business\"},\"image\":{\"@id\":\"https:\\\/\\\/www.immobilienbusiness.ch\\\/#\\\/schema\\\/logo\\\/image\\\/\"},\"sameAs\":[\"https:\\\/\\\/www.facebook.com\\\/immobilienbusiness\\\/\"]},{\"@type\":\"Person\",\"@id\":\"https:\\\/\\\/www.immobilienbusiness.ch\\\/#\\\/schema\\\/person\\\/aba8bea2db926aa0c24c08c43fe1fcd5\",\"name\":\"Alexander Wachter\",\"image\":{\"@type\":\"ImageObject\",\"inLanguage\":\"fr-FR\",\"@id\":\"https:\\\/\\\/secure.gravatar.com\\\/avatar\\\/1a09e471f5389b0e0a6416eac287e0927c7c97a7b77f9e787eba3af7aee281dd?s=96&d=mm&r=g\",\"url\":\"https:\\\/\\\/secure.gravatar.com\\\/avatar\\\/1a09e471f5389b0e0a6416eac287e0927c7c97a7b77f9e787eba3af7aee281dd?s=96&d=mm&r=g\",\"contentUrl\":\"https:\\\/\\\/secure.gravatar.com\\\/avatar\\\/1a09e471f5389b0e0a6416eac287e0927c7c97a7b77f9e787eba3af7aee281dd?s=96&d=mm&r=g\",\"caption\":\"Alexander Wachter\"},\"url\":\"https:\\\/\\\/www.immobilienbusiness.ch\\\/fr\\\/author\\\/alexander-wachter\\\/\"}]}<\/script>\n<!-- \/ Yoast SEO plugin. -->","yoast_head_json":{"title":"Swiss Life: Fonds schliesst Rekord-Kapitalerh\u00f6hung ab - IMMOBILIEN Business","description":"Swiss Life erzielt Rekordkapitalerh\u00f6hung von 610 Mio. CHF f\u00fcr Immobilienfonds, Marktkapitalisierung nun 2,5 Mrd. CHF.","robots":{"index":"index","follow":"follow","max-snippet":"max-snippet:-1","max-image-preview":"max-image-preview:large","max-video-preview":"max-video-preview:-1"},"canonical":"https:\/\/www.immobilienbusiness.ch\/fr\/unternehmen\/2024-07-16\/swiss-life-fonds-schliesst-rekord-kapitalerhoehung-ab\/","og_locale":"fr_FR","og_type":"article","og_title":"Swiss Life: Fonds schliesst Rekord-Kapitalerh\u00f6hung ab - IMMOBILIEN Business","og_description":"Swiss Life erzielt Rekordkapitalerh\u00f6hung von 610 Mio. CHF f\u00fcr Immobilienfonds, Marktkapitalisierung nun 2,5 Mrd. CHF.","og_url":"https:\/\/www.immobilienbusiness.ch\/fr\/unternehmen\/2024-07-16\/swiss-life-fonds-schliesst-rekord-kapitalerhoehung-ab\/","og_site_name":"IMMOBILIEN Business","article_publisher":"https:\/\/www.facebook.com\/immobilienbusiness\/","article_published_time":"2024-07-16T05:19:46+00:00","article_modified_time":"2024-08-20T05:12:23+00:00","og_image":[{"width":1280,"height":949,"url":"https:\/\/www.immobilienbusiness.ch\/wp-content\/uploads\/2016\/12\/Valres-Kapitalerhoehung-fuer-Valres-Swiss-Residential-Fund-immobilien-business.jpg","type":"image\/jpeg"}],"author":"Alexander Wachter","twitter_card":"summary_large_image","schema":{"@context":"https:\/\/schema.org","@graph":[{"@type":"Article","@id":"https:\/\/www.immobilienbusiness.ch\/en\/unternehmen\/2024-07-16\/swiss-life-fonds-schliesst-rekord-kapitalerhoehung-ab\/#article","isPartOf":{"@id":"https:\/\/www.immobilienbusiness.ch\/en\/unternehmen\/2024-07-16\/swiss-life-fonds-schliesst-rekord-kapitalerhoehung-ab\/"},"author":{"name":"Alexander Wachter","@id":"https:\/\/www.immobilienbusiness.ch\/#\/schema\/person\/aba8bea2db926aa0c24c08c43fe1fcd5"},"headline":"Swiss Life: Fonds schliesst Rekord-Kapitalerh\u00f6hung ab","datePublished":"2024-07-16T05:19:46+00:00","dateModified":"2024-08-20T05:12:23+00:00","mainEntityOfPage":{"@id":"https:\/\/www.immobilienbusiness.ch\/en\/unternehmen\/2024-07-16\/swiss-life-fonds-schliesst-rekord-kapitalerhoehung-ab\/"},"wordCount":206,"publisher":{"@id":"https:\/\/www.immobilienbusiness.ch\/#organization"},"image":{"@id":"https:\/\/www.immobilienbusiness.ch\/en\/unternehmen\/2024-07-16\/swiss-life-fonds-schliesst-rekord-kapitalerhoehung-ab\/#primaryimage"},"thumbnailUrl":"https:\/\/www.immobilienbusiness.ch\/wp-content\/uploads\/2016\/12\/Valres-Kapitalerhoehung-fuer-Valres-Swiss-Residential-Fund-immobilien-business.jpg","keywords":["Immobilienfonds","Kapitalerh\u00f6hung","Swiss Life"],"articleSection":["UNTERNEHMEN"],"inLanguage":"fr-FR"},{"@type":"WebPage","@id":"https:\/\/www.immobilienbusiness.ch\/en\/unternehmen\/2024-07-16\/swiss-life-fonds-schliesst-rekord-kapitalerhoehung-ab\/","url":"https:\/\/www.immobilienbusiness.ch\/en\/unternehmen\/2024-07-16\/swiss-life-fonds-schliesst-rekord-kapitalerhoehung-ab\/","name":"Swiss Life: Fonds schliesst Rekord-Kapitalerh\u00f6hung ab - IMMOBILIEN Business","isPartOf":{"@id":"https:\/\/www.immobilienbusiness.ch\/#website"},"primaryImageOfPage":{"@id":"https:\/\/www.immobilienbusiness.ch\/en\/unternehmen\/2024-07-16\/swiss-life-fonds-schliesst-rekord-kapitalerhoehung-ab\/#primaryimage"},"image":{"@id":"https:\/\/www.immobilienbusiness.ch\/en\/unternehmen\/2024-07-16\/swiss-life-fonds-schliesst-rekord-kapitalerhoehung-ab\/#primaryimage"},"thumbnailUrl":"https:\/\/www.immobilienbusiness.ch\/wp-content\/uploads\/2016\/12\/Valres-Kapitalerhoehung-fuer-Valres-Swiss-Residential-Fund-immobilien-business.jpg","datePublished":"2024-07-16T05:19:46+00:00","dateModified":"2024-08-20T05:12:23+00:00","description":"Swiss Life erzielt Rekordkapitalerh\u00f6hung von 610 Mio. CHF f\u00fcr Immobilienfonds, Marktkapitalisierung nun 2,5 Mrd. CHF.","breadcrumb":{"@id":"https:\/\/www.immobilienbusiness.ch\/en\/unternehmen\/2024-07-16\/swiss-life-fonds-schliesst-rekord-kapitalerhoehung-ab\/#breadcrumb"},"inLanguage":"fr-FR","potentialAction":[{"@type":"ReadAction","target":["https:\/\/www.immobilienbusiness.ch\/en\/unternehmen\/2024-07-16\/swiss-life-fonds-schliesst-rekord-kapitalerhoehung-ab\/"]}]},{"@type":"ImageObject","inLanguage":"fr-FR","@id":"https:\/\/www.immobilienbusiness.ch\/en\/unternehmen\/2024-07-16\/swiss-life-fonds-schliesst-rekord-kapitalerhoehung-ab\/#primaryimage","url":"https:\/\/www.immobilienbusiness.ch\/wp-content\/uploads\/2016\/12\/Valres-Kapitalerhoehung-fuer-Valres-Swiss-Residential-Fund-immobilien-business.jpg","contentUrl":"https:\/\/www.immobilienbusiness.ch\/wp-content\/uploads\/2016\/12\/Valres-Kapitalerhoehung-fuer-Valres-Swiss-Residential-Fund-immobilien-business.jpg","width":1280,"height":949,"caption":"Edmond de Rothschild plant eine Kapitalaufnahme f\u00fcr ein Teilverm\u00f6gen seiner Immobilien-Sicav Fonds (Foto: Pixabay)"},{"@type":"BreadcrumbList","@id":"https:\/\/www.immobilienbusiness.ch\/en\/unternehmen\/2024-07-16\/swiss-life-fonds-schliesst-rekord-kapitalerhoehung-ab\/#breadcrumb","itemListElement":[{"@type":"ListItem","position":1,"name":"Home","item":"https:\/\/www.immobilienbusiness.ch\/"},{"@type":"ListItem","position":2,"name":"Swiss Life: Fonds schliesst Rekord-Kapitalerh\u00f6hung ab"}]},{"@type":"WebSite","@id":"https:\/\/www.immobilienbusiness.ch\/#website","url":"https:\/\/www.immobilienbusiness.ch\/","name":"IMMOBILIER Business","description":"Magazine \u00e9conomique suisse ind\u00e9pendant ax\u00e9 sur l'immobilier, l'architecture et la construction ainsi que sur les investissements et le financement.","publisher":{"@id":"https:\/\/www.immobilienbusiness.ch\/#organization"},"potentialAction":[{"@type":"SearchAction","target":{"@type":"EntryPoint","urlTemplate":"https:\/\/www.immobilienbusiness.ch\/?s={search_term_string}"},"query-input":{"@type":"PropertyValueSpecification","valueRequired":true,"valueName":"search_term_string"}}],"inLanguage":"fr-FR"},{"@type":"Organization","@id":"https:\/\/www.immobilienbusiness.ch\/#organization","name":"IMMOBILIER Business","url":"https:\/\/www.immobilienbusiness.ch\/","logo":{"@type":"ImageObject","inLanguage":"fr-FR","@id":"https:\/\/www.immobilienbusiness.ch\/#\/schema\/logo\/image\/","url":"https:\/\/www.immobilienbusiness.ch\/wp-content\/uploads\/2021\/07\/logo_ib.png","contentUrl":"https:\/\/www.immobilienbusiness.ch\/wp-content\/uploads\/2021\/07\/logo_ib.png","width":800,"height":181,"caption":"IMMOBILIEN Business"},"image":{"@id":"https:\/\/www.immobilienbusiness.ch\/#\/schema\/logo\/image\/"},"sameAs":["https:\/\/www.facebook.com\/immobilienbusiness\/"]},{"@type":"Person","@id":"https:\/\/www.immobilienbusiness.ch\/#\/schema\/person\/aba8bea2db926aa0c24c08c43fe1fcd5","name":"Alexander Wachter","image":{"@type":"ImageObject","inLanguage":"fr-FR","@id":"https:\/\/secure.gravatar.com\/avatar\/1a09e471f5389b0e0a6416eac287e0927c7c97a7b77f9e787eba3af7aee281dd?s=96&d=mm&r=g","url":"https:\/\/secure.gravatar.com\/avatar\/1a09e471f5389b0e0a6416eac287e0927c7c97a7b77f9e787eba3af7aee281dd?s=96&d=mm&r=g","contentUrl":"https:\/\/secure.gravatar.com\/avatar\/1a09e471f5389b0e0a6416eac287e0927c7c97a7b77f9e787eba3af7aee281dd?s=96&d=mm&r=g","caption":"Alexander Wachter"},"url":"https:\/\/www.immobilienbusiness.ch\/fr\/author\/alexander-wachter\/"}]}},"_links":{"self":[{"href":"https:\/\/www.immobilienbusiness.ch\/fr\/wp-json\/wp\/v2\/posts\/58018","targetHints":{"allow":["GET"]}}],"collection":[{"href":"https:\/\/www.immobilienbusiness.ch\/fr\/wp-json\/wp\/v2\/posts"}],"about":[{"href":"https:\/\/www.immobilienbusiness.ch\/fr\/wp-json\/wp\/v2\/types\/post"}],"author":[{"embeddable":true,"href":"https:\/\/www.immobilienbusiness.ch\/fr\/wp-json\/wp\/v2\/users\/102"}],"replies":[{"embeddable":true,"href":"https:\/\/www.immobilienbusiness.ch\/fr\/wp-json\/wp\/v2\/comments?post=58018"}],"version-history":[{"count":6,"href":"https:\/\/www.immobilienbusiness.ch\/fr\/wp-json\/wp\/v2\/posts\/58018\/revisions"}],"predecessor-version":[{"id":58584,"href":"https:\/\/www.immobilienbusiness.ch\/fr\/wp-json\/wp\/v2\/posts\/58018\/revisions\/58584"}],"wp:featuredmedia":[{"embeddable":true,"href":"https:\/\/www.immobilienbusiness.ch\/fr\/wp-json\/wp\/v2\/media\/1385"}],"wp:attachment":[{"href":"https:\/\/www.immobilienbusiness.ch\/fr\/wp-json\/wp\/v2\/media?parent=58018"}],"wp:term":[{"taxonomy":"category","embeddable":true,"href":"https:\/\/www.immobilienbusiness.ch\/fr\/wp-json\/wp\/v2\/categories?post=58018"},{"taxonomy":"post_tag","embeddable":true,"href":"https:\/\/www.immobilienbusiness.ch\/fr\/wp-json\/wp\/v2\/tags?post=58018"}],"curies":[{"name":"wp","href":"https:\/\/api.w.org\/{rel}","templated":true}]}}