{"id":5782,"date":"2017-01-12T09:55:08","date_gmt":"2017-01-12T08:55:08","guid":{"rendered":"https:\/\/immobilienbusiness.ch\/?p=5782"},"modified":"2017-01-12T09:55:08","modified_gmt":"2017-01-12T08:55:08","slug":"kinobetreiber-wird-neuer-ankermieter-im-basler-stuecki","status":"publish","type":"post","link":"https:\/\/www.immobilienbusiness.ch\/fr\/regionen\/2017-01-12\/kinobetreiber-wird-neuer-ankermieter-im-basler-stuecki\/","title":{"rendered":"Un exploitant de cin\u00e9ma devient le nouveau locataire principal du \"St\u00fccki\" de B\u00e2le."},"content":{"rendered":"<figure id=\"attachment_5783\" aria-describedby=\"caption-attachment-5783\" style=\"width: 680px\" class=\"wp-caption alignnone\"><img loading=\"lazy\" decoding=\"async\" class=\"wp-image-5783 size-medium\" src=\"https:\/\/immobilienbusiness.ch\/wp-content\/uploads\/2017\/01\/Pressebild_Stuecki_02.jpg\" width=\"680\" height=\"454\" srcset=\"https:\/\/www.immobilienbusiness.ch\/wp-content\/uploads\/2017\/01\/Pressebild_Stuecki_02.jpg 1169w, https:\/\/www.immobilienbusiness.ch\/wp-content\/uploads\/2017\/01\/Pressebild_Stuecki_02-300x200.jpg 300w, https:\/\/www.immobilienbusiness.ch\/wp-content\/uploads\/2017\/01\/Pressebild_Stuecki_02-1024x683.jpg 1024w, https:\/\/www.immobilienbusiness.ch\/wp-content\/uploads\/2017\/01\/Pressebild_Stuecki_02-768x512.jpg 768w, https:\/\/www.immobilienbusiness.ch\/wp-content\/uploads\/2017\/01\/Pressebild_Stuecki_02-16x12.jpg 16w, https:\/\/www.immobilienbusiness.ch\/wp-content\/uploads\/2017\/01\/Pressebild_Stuecki_02-262x175.jpg 262w, https:\/\/www.immobilienbusiness.ch\/wp-content\/uploads\/2017\/01\/Pressebild_Stuecki_02-525x350.jpg 525w, https:\/\/www.immobilienbusiness.ch\/wp-content\/uploads\/2017\/01\/Pressebild_Stuecki_02-920x614.jpg 920w\" sizes=\"auto, (max-width: 680px) 100vw, 680px\" \/><figcaption id=\"caption-attachment-5783\" class=\"wp-caption-text\">La r\u00e9orientation du St\u00fccki b\u00e2lois progresse (photo : St\u00fccki Shopping)<\/figcaption><\/figure>\n<p>Comme l'indique Swiss Prime Site, propri\u00e9taire du Mall b\u00e2lois, le complexe cin\u00e9matographique sera int\u00e9gr\u00e9 dans la structure existante et disposera d'un grand foyer et d'un concept de restauration et d'h\u00f4tellerie. L'exploitant de cin\u00e9ma Arena Cinemas est d\u00e9j\u00e0 pr\u00e9sent \u00e0 Gen\u00e8ve, Fribourg, Zurich et Lugano avec une cinquantaine de salles de cin\u00e9ma.<\/p>\n<p>Avec ce nouveau locataire d'ancrage, on franchit \"une nouvelle \u00e9tape importante dans la transformation strat\u00e9gique et le d\u00e9veloppement de l'immeuble\", communique Swiss Prime Site. Le \"St\u00fccki\" se transforme de plus en plus d'un simple centre commercial en un \"melting-pot vivant avec de grandes chances d'avenir\", est-on convaincu. A l'avenir, les secteurs de prestations et d'exp\u00e9riences doivent jouer un r\u00f4le \u00e9quivalent \u00e0 celui des surfaces de vente.<\/p>\n<p>Swiss Prime Site estime que sa r\u00e9orientation est en bonne voie : le centre de fitness GYYM, lou\u00e9 depuis f\u00e9vrier 2016, aurait accueilli plus de 4000 membres en tr\u00e8s peu de temps. De plus, les locataires enregistrent actuellement une nette augmentation de la fr\u00e9quentation malgr\u00e9 un contexte de consommation difficile.<\/p>\n<h2>Le d\u00e9veloppement de l'ensemble du site se poursuit<\/h2>\n<p>La r\u00e9orientation du centre commercial est \u00e9galement une \u00e9tape importante dans le d\u00e9veloppement de l'ensemble du site. D'ici 2023, le Sciencepark existant sera agrandi en deux \u00e9tapes par de nouveaux b\u00e2timents afin de r\u00e9pondre \u00e0 la demande de laboratoires et de bureaux dans la r\u00e9gion de B\u00e2le.<\/p>\n<p>Dans le cadre du projet de d\u00e9veloppement, les deux domaines Sciencepark et Shopping\/Exp\u00e9rience doivent \u00eatre plus \u00e9troitement li\u00e9s \u00e0 des offres transversales telles que la gastronomie et les services. L'objectif est de cr\u00e9er un \"campus\" pour l'innovation, le savoir, le shopping et l'exp\u00e9rience, poursuit Swiss Prime Site.<\/p>","protected":false},"excerpt":{"rendered":"<p>Swiss Prime Site a conclu un contrat de location \u00e0 long terme pour le \"St\u00fccki\" avec l'exploitant de cin\u00e9ma Arena Cinemas. Sur une surface d'environ 14 000 m\u00e8tres carr\u00e9s, 18 salles de cin\u00e9ma avec 2 400 places assises seront construites au cours des deux prochaines ann\u00e9es.<\/p>","protected":false},"author":3,"featured_media":5783,"comment_status":"open","ping_status":"open","sticky":false,"template":"","format":"standard","meta":{"_acf_changed":false,"_yoast_wpseo_focuskw":"St\u00fccki","_yoast_wpseo_title":"","_yoast_wpseo_metadesc":"Die Swiss Prime Site hat f\u00fcr das \u00abSt\u00fccki\u00bb mit dem Kinobetreiber Arena Cinemas einen Mietvertrag geschlossen. Es entseht ein Kinokomplex mit 18 S\u00e4len.","_yoast_wpseo_linkdex":81,"pgc_sgb_lightbox_settings":"","footnotes":""},"categories":[985],"tags":[1069,1629,1697],"class_list":["post-5782","post","type-post","status-publish","format-standard","has-post-thumbnail","hentry","category-regionen","tag-basel","tag-regionen","tag-shopping-center"],"acf":[],"yoast_head":"<!-- This site is optimized with the Yoast SEO plugin v27.5 - https:\/\/yoast.com\/product\/yoast-seo-wordpress\/ -->\n<title>Kinobetreiber wird neuer Ankermieter im Basler \u00abSt\u00fccki\u00bb - IMMOBILIEN Business<\/title>\n<meta name=\"description\" content=\"Die Swiss Prime Site hat f\u00fcr das \u00abSt\u00fccki\u00bb mit dem Kinobetreiber Arena Cinemas einen Mietvertrag geschlossen. Es entseht ein Kinokomplex mit 18 S\u00e4len.\" \/>\n<meta name=\"robots\" content=\"index, follow, max-snippet:-1, max-image-preview:large, max-video-preview:-1\" \/>\n<link rel=\"canonical\" href=\"https:\/\/www.immobilienbusiness.ch\/fr\/regionen\/2017-01-12\/kinobetreiber-wird-neuer-ankermieter-im-basler-stuecki\/\" \/>\n<meta property=\"og:locale\" content=\"fr_FR\" \/>\n<meta property=\"og:type\" content=\"article\" \/>\n<meta property=\"og:title\" content=\"Kinobetreiber wird neuer Ankermieter im Basler \u00abSt\u00fccki\u00bb\" \/>\n<meta property=\"og:description\" content=\"Die Swiss Prime Site hat f\u00fcr das \u00abSt\u00fccki\u00bb mit dem Kinobetreiber Arena Cinemas einen Mietvertrag geschlossen. Es entseht ein Kinokomplex mit 18 S\u00e4len.\" \/>\n<meta property=\"og:url\" content=\"https:\/\/www.immobilienbusiness.ch\/fr\/regionen\/2017-01-12\/kinobetreiber-wird-neuer-ankermieter-im-basler-stuecki\/\" \/>\n<meta property=\"og:site_name\" content=\"IMMOBILIEN Business\" \/>\n<meta property=\"article:publisher\" content=\"https:\/\/www.facebook.com\/immobilienbusiness\/\" \/>\n<meta property=\"article:published_time\" content=\"2017-01-12T08:55:08+00:00\" \/>\n<meta name=\"author\" content=\"anja.hall\" \/>\n<meta name=\"twitter:card\" content=\"summary_large_image\" \/>\n<meta name=\"twitter:title\" content=\"Kinobetreiber wird neuer Ankermieter im Basler \u00abSt\u00fccki\u00bb\" \/>\n<meta name=\"twitter:description\" content=\"Die Swiss Prime Site hat f\u00fcr das \u00abSt\u00fccki\u00bb mit dem Kinobetreiber Arena Cinemas einen Mietvertrag geschlossen. Es entseht ein Kinokomplex mit 18 S\u00e4len.\" \/>\n<meta name=\"twitter:image\" content=\"https:\/\/immobilienbusiness.ch\/wp-content\/uploads\/2017\/01\/Pressebild_Stuecki_02.jpg\" \/>\n<script type=\"application\/ld+json\" class=\"yoast-schema-graph\">{\"@context\":\"https:\\\/\\\/schema.org\",\"@graph\":[{\"@type\":\"Article\",\"@id\":\"https:\\\/\\\/www.immobilienbusiness.ch\\\/de\\\/regionen\\\/2017-01-12\\\/kinobetreiber-wird-neuer-ankermieter-im-basler-stuecki\\\/#article\",\"isPartOf\":{\"@id\":\"https:\\\/\\\/www.immobilienbusiness.ch\\\/de\\\/regionen\\\/2017-01-12\\\/kinobetreiber-wird-neuer-ankermieter-im-basler-stuecki\\\/\"},\"author\":{\"name\":\"anja.hall\",\"@id\":\"https:\\\/\\\/www.immobilienbusiness.ch\\\/#\\\/schema\\\/person\\\/3fc036297b10b9f42d6db5ee932af8c8\"},\"headline\":\"Kinobetreiber wird neuer Ankermieter im Basler \u00abSt\u00fccki\u00bb\",\"datePublished\":\"2017-01-12T08:55:08+00:00\",\"mainEntityOfPage\":{\"@id\":\"https:\\\/\\\/www.immobilienbusiness.ch\\\/de\\\/regionen\\\/2017-01-12\\\/kinobetreiber-wird-neuer-ankermieter-im-basler-stuecki\\\/\"},\"wordCount\":257,\"commentCount\":0,\"publisher\":{\"@id\":\"https:\\\/\\\/www.immobilienbusiness.ch\\\/#organization\"},\"image\":{\"@id\":\"https:\\\/\\\/www.immobilienbusiness.ch\\\/de\\\/regionen\\\/2017-01-12\\\/kinobetreiber-wird-neuer-ankermieter-im-basler-stuecki\\\/#primaryimage\"},\"thumbnailUrl\":\"https:\\\/\\\/www.immobilienbusiness.ch\\\/wp-content\\\/uploads\\\/2017\\\/01\\\/Pressebild_Stuecki_02.jpg\",\"keywords\":[\"Basel\",\"Regionen\",\"Shopping Center\"],\"articleSection\":[\"REGIONEN\"],\"inLanguage\":\"fr-FR\"},{\"@type\":\"WebPage\",\"@id\":\"https:\\\/\\\/www.immobilienbusiness.ch\\\/de\\\/regionen\\\/2017-01-12\\\/kinobetreiber-wird-neuer-ankermieter-im-basler-stuecki\\\/\",\"url\":\"https:\\\/\\\/www.immobilienbusiness.ch\\\/de\\\/regionen\\\/2017-01-12\\\/kinobetreiber-wird-neuer-ankermieter-im-basler-stuecki\\\/\",\"name\":\"Kinobetreiber wird neuer Ankermieter im Basler \u00abSt\u00fccki\u00bb - IMMOBILIEN Business\",\"isPartOf\":{\"@id\":\"https:\\\/\\\/www.immobilienbusiness.ch\\\/#website\"},\"primaryImageOfPage\":{\"@id\":\"https:\\\/\\\/www.immobilienbusiness.ch\\\/de\\\/regionen\\\/2017-01-12\\\/kinobetreiber-wird-neuer-ankermieter-im-basler-stuecki\\\/#primaryimage\"},\"image\":{\"@id\":\"https:\\\/\\\/www.immobilienbusiness.ch\\\/de\\\/regionen\\\/2017-01-12\\\/kinobetreiber-wird-neuer-ankermieter-im-basler-stuecki\\\/#primaryimage\"},\"thumbnailUrl\":\"https:\\\/\\\/www.immobilienbusiness.ch\\\/wp-content\\\/uploads\\\/2017\\\/01\\\/Pressebild_Stuecki_02.jpg\",\"datePublished\":\"2017-01-12T08:55:08+00:00\",\"description\":\"Die Swiss Prime Site hat f\u00fcr das \u00abSt\u00fccki\u00bb mit dem Kinobetreiber Arena Cinemas einen Mietvertrag geschlossen. Es entseht ein Kinokomplex mit 18 S\u00e4len.\",\"breadcrumb\":{\"@id\":\"https:\\\/\\\/www.immobilienbusiness.ch\\\/de\\\/regionen\\\/2017-01-12\\\/kinobetreiber-wird-neuer-ankermieter-im-basler-stuecki\\\/#breadcrumb\"},\"inLanguage\":\"fr-FR\",\"potentialAction\":[{\"@type\":\"ReadAction\",\"target\":[\"https:\\\/\\\/www.immobilienbusiness.ch\\\/de\\\/regionen\\\/2017-01-12\\\/kinobetreiber-wird-neuer-ankermieter-im-basler-stuecki\\\/\"]}]},{\"@type\":\"ImageObject\",\"inLanguage\":\"fr-FR\",\"@id\":\"https:\\\/\\\/www.immobilienbusiness.ch\\\/de\\\/regionen\\\/2017-01-12\\\/kinobetreiber-wird-neuer-ankermieter-im-basler-stuecki\\\/#primaryimage\",\"url\":\"https:\\\/\\\/www.immobilienbusiness.ch\\\/wp-content\\\/uploads\\\/2017\\\/01\\\/Pressebild_Stuecki_02.jpg\",\"contentUrl\":\"https:\\\/\\\/www.immobilienbusiness.ch\\\/wp-content\\\/uploads\\\/2017\\\/01\\\/Pressebild_Stuecki_02.jpg\",\"width\":1169,\"height\":780,\"caption\":\"Die Neuausrichtung des Basler St\u00fccki kommt voran (Foto. St\u00fccki Shopping)\"},{\"@type\":\"BreadcrumbList\",\"@id\":\"https:\\\/\\\/www.immobilienbusiness.ch\\\/de\\\/regionen\\\/2017-01-12\\\/kinobetreiber-wird-neuer-ankermieter-im-basler-stuecki\\\/#breadcrumb\",\"itemListElement\":[{\"@type\":\"ListItem\",\"position\":1,\"name\":\"Home\",\"item\":\"https:\\\/\\\/www.immobilienbusiness.ch\\\/\"},{\"@type\":\"ListItem\",\"position\":2,\"name\":\"Kinobetreiber wird neuer Ankermieter im Basler \u00abSt\u00fccki\u00bb\"}]},{\"@type\":\"WebSite\",\"@id\":\"https:\\\/\\\/www.immobilienbusiness.ch\\\/#website\",\"url\":\"https:\\\/\\\/www.immobilienbusiness.ch\\\/\",\"name\":\"IMMOBILIEN Business\",\"description\":\"Unabh\u00e4ngiges Schweizer Wirtschaftsmagazin mit Fokus auf Immobilien, Architektur- und Bau sowie Investment- und Finanzierung.\",\"publisher\":{\"@id\":\"https:\\\/\\\/www.immobilienbusiness.ch\\\/#organization\"},\"potentialAction\":[{\"@type\":\"SearchAction\",\"target\":{\"@type\":\"EntryPoint\",\"urlTemplate\":\"https:\\\/\\\/www.immobilienbusiness.ch\\\/?s={search_term_string}\"},\"query-input\":{\"@type\":\"PropertyValueSpecification\",\"valueRequired\":true,\"valueName\":\"search_term_string\"}}],\"inLanguage\":\"fr-FR\"},{\"@type\":\"Organization\",\"@id\":\"https:\\\/\\\/www.immobilienbusiness.ch\\\/#organization\",\"name\":\"IMMOBILIEN Business\",\"url\":\"https:\\\/\\\/www.immobilienbusiness.ch\\\/\",\"logo\":{\"@type\":\"ImageObject\",\"inLanguage\":\"fr-FR\",\"@id\":\"https:\\\/\\\/www.immobilienbusiness.ch\\\/#\\\/schema\\\/logo\\\/image\\\/\",\"url\":\"https:\\\/\\\/www.immobilienbusiness.ch\\\/wp-content\\\/uploads\\\/2021\\\/07\\\/logo_ib.png\",\"contentUrl\":\"https:\\\/\\\/www.immobilienbusiness.ch\\\/wp-content\\\/uploads\\\/2021\\\/07\\\/logo_ib.png\",\"width\":800,\"height\":181,\"caption\":\"IMMOBILIEN Business\"},\"image\":{\"@id\":\"https:\\\/\\\/www.immobilienbusiness.ch\\\/#\\\/schema\\\/logo\\\/image\\\/\"},\"sameAs\":[\"https:\\\/\\\/www.facebook.com\\\/immobilienbusiness\\\/\"]},{\"@type\":\"Person\",\"@id\":\"https:\\\/\\\/www.immobilienbusiness.ch\\\/#\\\/schema\\\/person\\\/3fc036297b10b9f42d6db5ee932af8c8\",\"name\":\"anja.hall\",\"image\":{\"@type\":\"ImageObject\",\"inLanguage\":\"fr-FR\",\"@id\":\"https:\\\/\\\/secure.gravatar.com\\\/avatar\\\/066b5a0d447013502c71a5782f4f3469f03cfe595cc2329fb94652fe47511bfb?s=96&d=mm&r=g\",\"url\":\"https:\\\/\\\/secure.gravatar.com\\\/avatar\\\/066b5a0d447013502c71a5782f4f3469f03cfe595cc2329fb94652fe47511bfb?s=96&d=mm&r=g\",\"contentUrl\":\"https:\\\/\\\/secure.gravatar.com\\\/avatar\\\/066b5a0d447013502c71a5782f4f3469f03cfe595cc2329fb94652fe47511bfb?s=96&d=mm&r=g\",\"caption\":\"anja.hall\"},\"url\":\"https:\\\/\\\/www.immobilienbusiness.ch\\\/fr\\\/author\\\/anja-hall\\\/\"}]}<\/script>\n<!-- \/ Yoast SEO plugin. -->","yoast_head_json":{"title":"L'exploitant de cin\u00e9ma devient le nouveau locataire phare du \u00abSt\u00fccki\u00bb b\u00e2lois - IMMOBILIER Business","description":"Swiss Prime Site a conclu un contrat de location pour le \u00abSt\u00fccki\u00bb avec l'exploitant de cin\u00e9ma Arena Cinemas. Il s'agit d'un complexe cin\u00e9matographique de 18 salles.","robots":{"index":"index","follow":"follow","max-snippet":"max-snippet:-1","max-image-preview":"max-image-preview:large","max-video-preview":"max-video-preview:-1"},"canonical":"https:\/\/www.immobilienbusiness.ch\/fr\/regionen\/2017-01-12\/kinobetreiber-wird-neuer-ankermieter-im-basler-stuecki\/","og_locale":"fr_FR","og_type":"article","og_title":"Kinobetreiber wird neuer Ankermieter im Basler \u00abSt\u00fccki\u00bb","og_description":"Die Swiss Prime Site hat f\u00fcr das \u00abSt\u00fccki\u00bb mit dem Kinobetreiber Arena Cinemas einen Mietvertrag geschlossen. Es entseht ein Kinokomplex mit 18 S\u00e4len.","og_url":"https:\/\/www.immobilienbusiness.ch\/fr\/regionen\/2017-01-12\/kinobetreiber-wird-neuer-ankermieter-im-basler-stuecki\/","og_site_name":"IMMOBILIEN Business","article_publisher":"https:\/\/www.facebook.com\/immobilienbusiness\/","article_published_time":"2017-01-12T08:55:08+00:00","author":"anja.hall","twitter_card":"summary_large_image","twitter_title":"Kinobetreiber wird neuer Ankermieter im Basler \u00abSt\u00fccki\u00bb","twitter_description":"Die Swiss Prime Site hat f\u00fcr das \u00abSt\u00fccki\u00bb mit dem Kinobetreiber Arena Cinemas einen Mietvertrag geschlossen. Es entseht ein Kinokomplex mit 18 S\u00e4len.","twitter_image":"https:\/\/immobilienbusiness.ch\/wp-content\/uploads\/2017\/01\/Pressebild_Stuecki_02.jpg","schema":{"@context":"https:\/\/schema.org","@graph":[{"@type":"Article","@id":"https:\/\/www.immobilienbusiness.ch\/de\/regionen\/2017-01-12\/kinobetreiber-wird-neuer-ankermieter-im-basler-stuecki\/#article","isPartOf":{"@id":"https:\/\/www.immobilienbusiness.ch\/de\/regionen\/2017-01-12\/kinobetreiber-wird-neuer-ankermieter-im-basler-stuecki\/"},"author":{"name":"anja.hall","@id":"https:\/\/www.immobilienbusiness.ch\/#\/schema\/person\/3fc036297b10b9f42d6db5ee932af8c8"},"headline":"Kinobetreiber wird neuer Ankermieter im Basler \u00abSt\u00fccki\u00bb","datePublished":"2017-01-12T08:55:08+00:00","mainEntityOfPage":{"@id":"https:\/\/www.immobilienbusiness.ch\/de\/regionen\/2017-01-12\/kinobetreiber-wird-neuer-ankermieter-im-basler-stuecki\/"},"wordCount":257,"commentCount":0,"publisher":{"@id":"https:\/\/www.immobilienbusiness.ch\/#organization"},"image":{"@id":"https:\/\/www.immobilienbusiness.ch\/de\/regionen\/2017-01-12\/kinobetreiber-wird-neuer-ankermieter-im-basler-stuecki\/#primaryimage"},"thumbnailUrl":"https:\/\/www.immobilienbusiness.ch\/wp-content\/uploads\/2017\/01\/Pressebild_Stuecki_02.jpg","keywords":["Basel","Regionen","Shopping Center"],"articleSection":["REGIONEN"],"inLanguage":"fr-FR"},{"@type":"WebPage","@id":"https:\/\/www.immobilienbusiness.ch\/de\/regionen\/2017-01-12\/kinobetreiber-wird-neuer-ankermieter-im-basler-stuecki\/","url":"https:\/\/www.immobilienbusiness.ch\/de\/regionen\/2017-01-12\/kinobetreiber-wird-neuer-ankermieter-im-basler-stuecki\/","name":"L'exploitant de cin\u00e9ma devient le nouveau locataire phare du \u00abSt\u00fccki\u00bb b\u00e2lois - IMMOBILIER Business","isPartOf":{"@id":"https:\/\/www.immobilienbusiness.ch\/#website"},"primaryImageOfPage":{"@id":"https:\/\/www.immobilienbusiness.ch\/de\/regionen\/2017-01-12\/kinobetreiber-wird-neuer-ankermieter-im-basler-stuecki\/#primaryimage"},"image":{"@id":"https:\/\/www.immobilienbusiness.ch\/de\/regionen\/2017-01-12\/kinobetreiber-wird-neuer-ankermieter-im-basler-stuecki\/#primaryimage"},"thumbnailUrl":"https:\/\/www.immobilienbusiness.ch\/wp-content\/uploads\/2017\/01\/Pressebild_Stuecki_02.jpg","datePublished":"2017-01-12T08:55:08+00:00","description":"Swiss Prime Site a conclu un contrat de location pour le \u00abSt\u00fccki\u00bb avec l'exploitant de cin\u00e9ma Arena Cinemas. Il s'agit d'un complexe cin\u00e9matographique de 18 salles.","breadcrumb":{"@id":"https:\/\/www.immobilienbusiness.ch\/de\/regionen\/2017-01-12\/kinobetreiber-wird-neuer-ankermieter-im-basler-stuecki\/#breadcrumb"},"inLanguage":"fr-FR","potentialAction":[{"@type":"ReadAction","target":["https:\/\/www.immobilienbusiness.ch\/de\/regionen\/2017-01-12\/kinobetreiber-wird-neuer-ankermieter-im-basler-stuecki\/"]}]},{"@type":"ImageObject","inLanguage":"fr-FR","@id":"https:\/\/www.immobilienbusiness.ch\/de\/regionen\/2017-01-12\/kinobetreiber-wird-neuer-ankermieter-im-basler-stuecki\/#primaryimage","url":"https:\/\/www.immobilienbusiness.ch\/wp-content\/uploads\/2017\/01\/Pressebild_Stuecki_02.jpg","contentUrl":"https:\/\/www.immobilienbusiness.ch\/wp-content\/uploads\/2017\/01\/Pressebild_Stuecki_02.jpg","width":1169,"height":780,"caption":"Die Neuausrichtung des Basler St\u00fccki kommt voran (Foto. St\u00fccki Shopping)"},{"@type":"BreadcrumbList","@id":"https:\/\/www.immobilienbusiness.ch\/de\/regionen\/2017-01-12\/kinobetreiber-wird-neuer-ankermieter-im-basler-stuecki\/#breadcrumb","itemListElement":[{"@type":"ListItem","position":1,"name":"Home","item":"https:\/\/www.immobilienbusiness.ch\/"},{"@type":"ListItem","position":2,"name":"Kinobetreiber wird neuer Ankermieter im Basler \u00abSt\u00fccki\u00bb"}]},{"@type":"WebSite","@id":"https:\/\/www.immobilienbusiness.ch\/#website","url":"https:\/\/www.immobilienbusiness.ch\/","name":"IMMOBILIER Business","description":"Magazine \u00e9conomique suisse ind\u00e9pendant ax\u00e9 sur l'immobilier, l'architecture et la construction ainsi que sur les investissements et le financement.","publisher":{"@id":"https:\/\/www.immobilienbusiness.ch\/#organization"},"potentialAction":[{"@type":"SearchAction","target":{"@type":"EntryPoint","urlTemplate":"https:\/\/www.immobilienbusiness.ch\/?s={search_term_string}"},"query-input":{"@type":"PropertyValueSpecification","valueRequired":true,"valueName":"search_term_string"}}],"inLanguage":"fr-FR"},{"@type":"Organization","@id":"https:\/\/www.immobilienbusiness.ch\/#organization","name":"IMMOBILIER Business","url":"https:\/\/www.immobilienbusiness.ch\/","logo":{"@type":"ImageObject","inLanguage":"fr-FR","@id":"https:\/\/www.immobilienbusiness.ch\/#\/schema\/logo\/image\/","url":"https:\/\/www.immobilienbusiness.ch\/wp-content\/uploads\/2021\/07\/logo_ib.png","contentUrl":"https:\/\/www.immobilienbusiness.ch\/wp-content\/uploads\/2021\/07\/logo_ib.png","width":800,"height":181,"caption":"IMMOBILIEN Business"},"image":{"@id":"https:\/\/www.immobilienbusiness.ch\/#\/schema\/logo\/image\/"},"sameAs":["https:\/\/www.facebook.com\/immobilienbusiness\/"]},{"@type":"Person","@id":"https:\/\/www.immobilienbusiness.ch\/#\/schema\/person\/3fc036297b10b9f42d6db5ee932af8c8","name":"anja.hall","image":{"@type":"ImageObject","inLanguage":"fr-FR","@id":"https:\/\/secure.gravatar.com\/avatar\/066b5a0d447013502c71a5782f4f3469f03cfe595cc2329fb94652fe47511bfb?s=96&d=mm&r=g","url":"https:\/\/secure.gravatar.com\/avatar\/066b5a0d447013502c71a5782f4f3469f03cfe595cc2329fb94652fe47511bfb?s=96&d=mm&r=g","contentUrl":"https:\/\/secure.gravatar.com\/avatar\/066b5a0d447013502c71a5782f4f3469f03cfe595cc2329fb94652fe47511bfb?s=96&d=mm&r=g","caption":"anja.hall"},"url":"https:\/\/www.immobilienbusiness.ch\/fr\/author\/anja-hall\/"}]}},"_links":{"self":[{"href":"https:\/\/www.immobilienbusiness.ch\/fr\/wp-json\/wp\/v2\/posts\/5782","targetHints":{"allow":["GET"]}}],"collection":[{"href":"https:\/\/www.immobilienbusiness.ch\/fr\/wp-json\/wp\/v2\/posts"}],"about":[{"href":"https:\/\/www.immobilienbusiness.ch\/fr\/wp-json\/wp\/v2\/types\/post"}],"author":[{"embeddable":true,"href":"https:\/\/www.immobilienbusiness.ch\/fr\/wp-json\/wp\/v2\/users\/3"}],"replies":[{"embeddable":true,"href":"https:\/\/www.immobilienbusiness.ch\/fr\/wp-json\/wp\/v2\/comments?post=5782"}],"version-history":[{"count":0,"href":"https:\/\/www.immobilienbusiness.ch\/fr\/wp-json\/wp\/v2\/posts\/5782\/revisions"}],"wp:featuredmedia":[{"embeddable":true,"href":"https:\/\/www.immobilienbusiness.ch\/fr\/wp-json\/wp\/v2\/media\/5783"}],"wp:attachment":[{"href":"https:\/\/www.immobilienbusiness.ch\/fr\/wp-json\/wp\/v2\/media?parent=5782"}],"wp:term":[{"taxonomy":"category","embeddable":true,"href":"https:\/\/www.immobilienbusiness.ch\/fr\/wp-json\/wp\/v2\/categories?post=5782"},{"taxonomy":"post_tag","embeddable":true,"href":"https:\/\/www.immobilienbusiness.ch\/fr\/wp-json\/wp\/v2\/tags?post=5782"}],"curies":[{"name":"wp","href":"https:\/\/api.w.org\/{rel}","templated":true}]}}