{"id":57775,"date":"2024-07-02T09:30:58","date_gmt":"2024-07-02T07:30:58","guid":{"rendered":"https:\/\/www.immobilienbusiness.ch\/?p=57775"},"modified":"2024-08-20T13:50:30","modified_gmt":"2024-08-20T11:50:30","slug":"property-one-expandiert-in-die-westschweiz","status":"publish","type":"post","link":"https:\/\/www.immobilienbusiness.ch\/fr\/personalia\/2024-07-02\/property-one-expandiert-in-die-westschweiz\/","title":{"rendered":"Property One s'\u00e9tend en Suisse romande"},"content":{"rendered":"<figure id=\"attachment_57776\" aria-describedby=\"caption-attachment-57776\" style=\"width: 744px\" class=\"wp-caption alignnone\"><a href=\"https:\/\/www.immobilienbusiness.ch\/wp-content\/uploads\/2024\/07\/Yves-Marie-Maitre.png\"><img loading=\"lazy\" decoding=\"async\" class=\"wp-image-57776 size-full\" src=\"https:\/\/www.immobilienbusiness.ch\/wp-content\/uploads\/2024\/07\/Yves-Marie-Maitre.png\" alt=\"Property One Genf Expansion\" width=\"744\" height=\"481\" srcset=\"https:\/\/www.immobilienbusiness.ch\/wp-content\/uploads\/2024\/07\/Yves-Marie-Maitre.png 744w, https:\/\/www.immobilienbusiness.ch\/wp-content\/uploads\/2024\/07\/Yves-Marie-Maitre-300x194.png 300w, https:\/\/www.immobilienbusiness.ch\/wp-content\/uploads\/2024\/07\/Yves-Marie-Maitre-18x12.png 18w, https:\/\/www.immobilienbusiness.ch\/wp-content\/uploads\/2024\/07\/Yves-Marie-Maitre-375x242.png 375w, https:\/\/www.immobilienbusiness.ch\/wp-content\/uploads\/2024\/07\/Yves-Marie-Maitre-541x350.png 541w\" sizes=\"auto, (max-width: 744px) 100vw, 744px\" \/><\/a><figcaption id=\"caption-attachment-57776\" class=\"wp-caption-text\">Yves-Marie Maitre (photo : Property One)<\/figcaption><\/figure>\n<p>Le sp\u00e9cialiste de l'immobilier Property One \u00e9tend sa pr\u00e9sence \u00e0 la Suisse romande et est d\u00e9sormais \u00e9galement repr\u00e9sent\u00e9 \u00e0 Gen\u00e8ve. Jusqu'\u00e0 pr\u00e9sent, le prestataire de services disposait de sites \u00e0 Zurich, Zoug, Pf\u00e4ffikon (SZ), B\u00e2le et Ascona. En tant que Head Romandie, Yves-Marie Maitre dirigera les affaires en Suisse romande depuis Gen\u00e8ve. Jusqu'\u00e0 pr\u00e9sent, il a travaill\u00e9 entre autres pour les entreprises DBS Group, Brolliet SA et Intercity Bewirtschaftung AG. \"Nous sommes tr\u00e8s heureux que cette \u00e9tape nous permette de desservir sur place la r\u00e9gion de Gen\u00e8ve, qui est depuis longtemps pertinente et attrayante pour nous\", fait savoir Property One. \"Avec Yves-Marie Maitre, nous avons gagn\u00e9 un expert de l'immobilier disposant d'un excellent r\u00e9seau\", d\u00e9clare Kevin Hinder, co-fondateur et CEO de Property One. <em>(aw)<\/em><\/p>","protected":false},"excerpt":{"rendered":"<p>Yves-Marie Maitre dirige le nouveau site du prestataire de services \u00e0 Gen\u00e8ve.<\/p>","protected":false},"author":102,"featured_media":57776,"comment_status":"closed","ping_status":"closed","sticky":false,"template":"","format":"standard","meta":{"_acf_changed":false,"_yoast_wpseo_focuskw":"Property One Genf Expansion","_yoast_wpseo_title":"","_yoast_wpseo_metadesc":"Property One expandiert nach Genf. Yves-Marie Maitre leitet die Gesch\u00e4fte in der Westschweiz.","_yoast_wpseo_linkdex":46,"pgc_sgb_lightbox_settings":"","footnotes":""},"categories":[1912],"tags":[1212,1260,1563,2041],"class_list":["post-57775","post","type-post","status-publish","format-standard","has-post-thumbnail","hentry","category-personalia","tag-expansion","tag-genf","tag-personalia","tag-property-one"],"acf":[],"yoast_head":"<!-- This site is optimized with the Yoast SEO plugin v27.4 - https:\/\/yoast.com\/product\/yoast-seo-wordpress\/ -->\n<title>Property One expandiert in die Westschweiz - IMMOBILIEN Business<\/title>\n<meta name=\"description\" content=\"Property One expandiert nach Genf. Yves-Marie Maitre leitet die Gesch\u00e4fte in der Westschweiz.\" \/>\n<meta name=\"robots\" content=\"index, follow, max-snippet:-1, max-image-preview:large, max-video-preview:-1\" \/>\n<link rel=\"canonical\" href=\"https:\/\/www.immobilienbusiness.ch\/fr\/personalia\/2024-07-02\/property-one-expandiert-in-die-westschweiz\/\" \/>\n<meta property=\"og:locale\" content=\"fr_FR\" \/>\n<meta property=\"og:type\" content=\"article\" \/>\n<meta property=\"og:title\" content=\"Property One expandiert in die Westschweiz - IMMOBILIEN Business\" \/>\n<meta property=\"og:description\" content=\"Property One expandiert nach Genf. Yves-Marie Maitre leitet die Gesch\u00e4fte in der Westschweiz.\" \/>\n<meta property=\"og:url\" content=\"https:\/\/www.immobilienbusiness.ch\/fr\/personalia\/2024-07-02\/property-one-expandiert-in-die-westschweiz\/\" \/>\n<meta property=\"og:site_name\" content=\"IMMOBILIEN Business\" \/>\n<meta property=\"article:publisher\" content=\"https:\/\/www.facebook.com\/immobilienbusiness\/\" \/>\n<meta property=\"article:published_time\" content=\"2024-07-02T07:30:58+00:00\" \/>\n<meta property=\"article:modified_time\" content=\"2024-08-20T11:50:30+00:00\" \/>\n<meta property=\"og:image\" content=\"https:\/\/www.immobilienbusiness.ch\/wp-content\/uploads\/2024\/07\/Yves-Marie-Maitre.png\" \/>\n\t<meta property=\"og:image:width\" content=\"744\" \/>\n\t<meta property=\"og:image:height\" content=\"481\" \/>\n\t<meta property=\"og:image:type\" content=\"image\/png\" \/>\n<meta name=\"author\" content=\"Alexander Wachter\" \/>\n<meta name=\"twitter:card\" content=\"summary_large_image\" \/>\n<script type=\"application\/ld+json\" class=\"yoast-schema-graph\">{\"@context\":\"https:\\\/\\\/schema.org\",\"@graph\":[{\"@type\":\"Article\",\"@id\":\"https:\\\/\\\/www.immobilienbusiness.ch\\\/en\\\/personalia\\\/2024-07-02\\\/property-one-expandiert-in-die-westschweiz\\\/#article\",\"isPartOf\":{\"@id\":\"https:\\\/\\\/www.immobilienbusiness.ch\\\/en\\\/personalia\\\/2024-07-02\\\/property-one-expandiert-in-die-westschweiz\\\/\"},\"author\":{\"name\":\"Alexander Wachter\",\"@id\":\"https:\\\/\\\/www.immobilienbusiness.ch\\\/#\\\/schema\\\/person\\\/aba8bea2db926aa0c24c08c43fe1fcd5\"},\"headline\":\"Property One expandiert in die Westschweiz\",\"datePublished\":\"2024-07-02T07:30:58+00:00\",\"dateModified\":\"2024-08-20T11:50:30+00:00\",\"mainEntityOfPage\":{\"@id\":\"https:\\\/\\\/www.immobilienbusiness.ch\\\/en\\\/personalia\\\/2024-07-02\\\/property-one-expandiert-in-die-westschweiz\\\/\"},\"wordCount\":142,\"publisher\":{\"@id\":\"https:\\\/\\\/www.immobilienbusiness.ch\\\/#organization\"},\"image\":{\"@id\":\"https:\\\/\\\/www.immobilienbusiness.ch\\\/en\\\/personalia\\\/2024-07-02\\\/property-one-expandiert-in-die-westschweiz\\\/#primaryimage\"},\"thumbnailUrl\":\"https:\\\/\\\/www.immobilienbusiness.ch\\\/wp-content\\\/uploads\\\/2024\\\/07\\\/Yves-Marie-Maitre.png\",\"keywords\":[\"Expansion\",\"Genf\",\"Personalia\",\"Property One\"],\"articleSection\":[\"PERSONALIA\"],\"inLanguage\":\"fr-FR\"},{\"@type\":\"WebPage\",\"@id\":\"https:\\\/\\\/www.immobilienbusiness.ch\\\/en\\\/personalia\\\/2024-07-02\\\/property-one-expandiert-in-die-westschweiz\\\/\",\"url\":\"https:\\\/\\\/www.immobilienbusiness.ch\\\/en\\\/personalia\\\/2024-07-02\\\/property-one-expandiert-in-die-westschweiz\\\/\",\"name\":\"Property One expandiert in die Westschweiz - IMMOBILIEN Business\",\"isPartOf\":{\"@id\":\"https:\\\/\\\/www.immobilienbusiness.ch\\\/#website\"},\"primaryImageOfPage\":{\"@id\":\"https:\\\/\\\/www.immobilienbusiness.ch\\\/en\\\/personalia\\\/2024-07-02\\\/property-one-expandiert-in-die-westschweiz\\\/#primaryimage\"},\"image\":{\"@id\":\"https:\\\/\\\/www.immobilienbusiness.ch\\\/en\\\/personalia\\\/2024-07-02\\\/property-one-expandiert-in-die-westschweiz\\\/#primaryimage\"},\"thumbnailUrl\":\"https:\\\/\\\/www.immobilienbusiness.ch\\\/wp-content\\\/uploads\\\/2024\\\/07\\\/Yves-Marie-Maitre.png\",\"datePublished\":\"2024-07-02T07:30:58+00:00\",\"dateModified\":\"2024-08-20T11:50:30+00:00\",\"description\":\"Property One expandiert nach Genf. Yves-Marie Maitre leitet die Gesch\u00e4fte in der Westschweiz.\",\"breadcrumb\":{\"@id\":\"https:\\\/\\\/www.immobilienbusiness.ch\\\/en\\\/personalia\\\/2024-07-02\\\/property-one-expandiert-in-die-westschweiz\\\/#breadcrumb\"},\"inLanguage\":\"fr-FR\",\"potentialAction\":[{\"@type\":\"ReadAction\",\"target\":[\"https:\\\/\\\/www.immobilienbusiness.ch\\\/en\\\/personalia\\\/2024-07-02\\\/property-one-expandiert-in-die-westschweiz\\\/\"]}]},{\"@type\":\"ImageObject\",\"inLanguage\":\"fr-FR\",\"@id\":\"https:\\\/\\\/www.immobilienbusiness.ch\\\/en\\\/personalia\\\/2024-07-02\\\/property-one-expandiert-in-die-westschweiz\\\/#primaryimage\",\"url\":\"https:\\\/\\\/www.immobilienbusiness.ch\\\/wp-content\\\/uploads\\\/2024\\\/07\\\/Yves-Marie-Maitre.png\",\"contentUrl\":\"https:\\\/\\\/www.immobilienbusiness.ch\\\/wp-content\\\/uploads\\\/2024\\\/07\\\/Yves-Marie-Maitre.png\",\"width\":744,\"height\":481,\"caption\":\"Yves-Marie Maitre (Bild: Property One)\"},{\"@type\":\"BreadcrumbList\",\"@id\":\"https:\\\/\\\/www.immobilienbusiness.ch\\\/en\\\/personalia\\\/2024-07-02\\\/property-one-expandiert-in-die-westschweiz\\\/#breadcrumb\",\"itemListElement\":[{\"@type\":\"ListItem\",\"position\":1,\"name\":\"Home\",\"item\":\"https:\\\/\\\/www.immobilienbusiness.ch\\\/\"},{\"@type\":\"ListItem\",\"position\":2,\"name\":\"Property One expandiert in die Westschweiz\"}]},{\"@type\":\"WebSite\",\"@id\":\"https:\\\/\\\/www.immobilienbusiness.ch\\\/#website\",\"url\":\"https:\\\/\\\/www.immobilienbusiness.ch\\\/\",\"name\":\"IMMOBILIEN Business\",\"description\":\"Unabh\u00e4ngiges Schweizer Wirtschaftsmagazin mit Fokus auf Immobilien, Architektur- und Bau sowie Investment- und Finanzierung.\",\"publisher\":{\"@id\":\"https:\\\/\\\/www.immobilienbusiness.ch\\\/#organization\"},\"potentialAction\":[{\"@type\":\"SearchAction\",\"target\":{\"@type\":\"EntryPoint\",\"urlTemplate\":\"https:\\\/\\\/www.immobilienbusiness.ch\\\/?s={search_term_string}\"},\"query-input\":{\"@type\":\"PropertyValueSpecification\",\"valueRequired\":true,\"valueName\":\"search_term_string\"}}],\"inLanguage\":\"fr-FR\"},{\"@type\":\"Organization\",\"@id\":\"https:\\\/\\\/www.immobilienbusiness.ch\\\/#organization\",\"name\":\"IMMOBILIEN Business\",\"url\":\"https:\\\/\\\/www.immobilienbusiness.ch\\\/\",\"logo\":{\"@type\":\"ImageObject\",\"inLanguage\":\"fr-FR\",\"@id\":\"https:\\\/\\\/www.immobilienbusiness.ch\\\/#\\\/schema\\\/logo\\\/image\\\/\",\"url\":\"https:\\\/\\\/www.immobilienbusiness.ch\\\/wp-content\\\/uploads\\\/2021\\\/07\\\/logo_ib.png\",\"contentUrl\":\"https:\\\/\\\/www.immobilienbusiness.ch\\\/wp-content\\\/uploads\\\/2021\\\/07\\\/logo_ib.png\",\"width\":800,\"height\":181,\"caption\":\"IMMOBILIEN Business\"},\"image\":{\"@id\":\"https:\\\/\\\/www.immobilienbusiness.ch\\\/#\\\/schema\\\/logo\\\/image\\\/\"},\"sameAs\":[\"https:\\\/\\\/www.facebook.com\\\/immobilienbusiness\\\/\"]},{\"@type\":\"Person\",\"@id\":\"https:\\\/\\\/www.immobilienbusiness.ch\\\/#\\\/schema\\\/person\\\/aba8bea2db926aa0c24c08c43fe1fcd5\",\"name\":\"Alexander Wachter\",\"image\":{\"@type\":\"ImageObject\",\"inLanguage\":\"fr-FR\",\"@id\":\"https:\\\/\\\/secure.gravatar.com\\\/avatar\\\/1a09e471f5389b0e0a6416eac287e0927c7c97a7b77f9e787eba3af7aee281dd?s=96&d=mm&r=g\",\"url\":\"https:\\\/\\\/secure.gravatar.com\\\/avatar\\\/1a09e471f5389b0e0a6416eac287e0927c7c97a7b77f9e787eba3af7aee281dd?s=96&d=mm&r=g\",\"contentUrl\":\"https:\\\/\\\/secure.gravatar.com\\\/avatar\\\/1a09e471f5389b0e0a6416eac287e0927c7c97a7b77f9e787eba3af7aee281dd?s=96&d=mm&r=g\",\"caption\":\"Alexander Wachter\"},\"url\":\"https:\\\/\\\/www.immobilienbusiness.ch\\\/fr\\\/author\\\/alexander-wachter\\\/\"}]}<\/script>\n<!-- \/ Yoast SEO plugin. -->","yoast_head_json":{"title":"Property One s'\u00e9tend en Suisse romande - IMMOBILIER Business","description":"Property One s'\u00e9tend \u00e0 Gen\u00e8ve. Yves-Marie Maitre dirige les op\u00e9rations en Suisse romande.","robots":{"index":"index","follow":"follow","max-snippet":"max-snippet:-1","max-image-preview":"max-image-preview:large","max-video-preview":"max-video-preview:-1"},"canonical":"https:\/\/www.immobilienbusiness.ch\/fr\/personalia\/2024-07-02\/property-one-expandiert-in-die-westschweiz\/","og_locale":"fr_FR","og_type":"article","og_title":"Property One expandiert in die Westschweiz - IMMOBILIEN Business","og_description":"Property One expandiert nach Genf. Yves-Marie Maitre leitet die Gesch\u00e4fte in der Westschweiz.","og_url":"https:\/\/www.immobilienbusiness.ch\/fr\/personalia\/2024-07-02\/property-one-expandiert-in-die-westschweiz\/","og_site_name":"IMMOBILIEN Business","article_publisher":"https:\/\/www.facebook.com\/immobilienbusiness\/","article_published_time":"2024-07-02T07:30:58+00:00","article_modified_time":"2024-08-20T11:50:30+00:00","og_image":[{"width":744,"height":481,"url":"https:\/\/www.immobilienbusiness.ch\/wp-content\/uploads\/2024\/07\/Yves-Marie-Maitre.png","type":"image\/png"}],"author":"Alexander Wachter","twitter_card":"summary_large_image","schema":{"@context":"https:\/\/schema.org","@graph":[{"@type":"Article","@id":"https:\/\/www.immobilienbusiness.ch\/en\/personalia\/2024-07-02\/property-one-expandiert-in-die-westschweiz\/#article","isPartOf":{"@id":"https:\/\/www.immobilienbusiness.ch\/en\/personalia\/2024-07-02\/property-one-expandiert-in-die-westschweiz\/"},"author":{"name":"Alexander Wachter","@id":"https:\/\/www.immobilienbusiness.ch\/#\/schema\/person\/aba8bea2db926aa0c24c08c43fe1fcd5"},"headline":"Property One expandiert in die Westschweiz","datePublished":"2024-07-02T07:30:58+00:00","dateModified":"2024-08-20T11:50:30+00:00","mainEntityOfPage":{"@id":"https:\/\/www.immobilienbusiness.ch\/en\/personalia\/2024-07-02\/property-one-expandiert-in-die-westschweiz\/"},"wordCount":142,"publisher":{"@id":"https:\/\/www.immobilienbusiness.ch\/#organization"},"image":{"@id":"https:\/\/www.immobilienbusiness.ch\/en\/personalia\/2024-07-02\/property-one-expandiert-in-die-westschweiz\/#primaryimage"},"thumbnailUrl":"https:\/\/www.immobilienbusiness.ch\/wp-content\/uploads\/2024\/07\/Yves-Marie-Maitre.png","keywords":["Expansion","Genf","Personalia","Property One"],"articleSection":["PERSONALIA"],"inLanguage":"fr-FR"},{"@type":"WebPage","@id":"https:\/\/www.immobilienbusiness.ch\/en\/personalia\/2024-07-02\/property-one-expandiert-in-die-westschweiz\/","url":"https:\/\/www.immobilienbusiness.ch\/en\/personalia\/2024-07-02\/property-one-expandiert-in-die-westschweiz\/","name":"Property One s'\u00e9tend en Suisse romande - IMMOBILIER Business","isPartOf":{"@id":"https:\/\/www.immobilienbusiness.ch\/#website"},"primaryImageOfPage":{"@id":"https:\/\/www.immobilienbusiness.ch\/en\/personalia\/2024-07-02\/property-one-expandiert-in-die-westschweiz\/#primaryimage"},"image":{"@id":"https:\/\/www.immobilienbusiness.ch\/en\/personalia\/2024-07-02\/property-one-expandiert-in-die-westschweiz\/#primaryimage"},"thumbnailUrl":"https:\/\/www.immobilienbusiness.ch\/wp-content\/uploads\/2024\/07\/Yves-Marie-Maitre.png","datePublished":"2024-07-02T07:30:58+00:00","dateModified":"2024-08-20T11:50:30+00:00","description":"Property One s'\u00e9tend \u00e0 Gen\u00e8ve. Yves-Marie Maitre dirige les op\u00e9rations en Suisse romande.","breadcrumb":{"@id":"https:\/\/www.immobilienbusiness.ch\/en\/personalia\/2024-07-02\/property-one-expandiert-in-die-westschweiz\/#breadcrumb"},"inLanguage":"fr-FR","potentialAction":[{"@type":"ReadAction","target":["https:\/\/www.immobilienbusiness.ch\/en\/personalia\/2024-07-02\/property-one-expandiert-in-die-westschweiz\/"]}]},{"@type":"ImageObject","inLanguage":"fr-FR","@id":"https:\/\/www.immobilienbusiness.ch\/en\/personalia\/2024-07-02\/property-one-expandiert-in-die-westschweiz\/#primaryimage","url":"https:\/\/www.immobilienbusiness.ch\/wp-content\/uploads\/2024\/07\/Yves-Marie-Maitre.png","contentUrl":"https:\/\/www.immobilienbusiness.ch\/wp-content\/uploads\/2024\/07\/Yves-Marie-Maitre.png","width":744,"height":481,"caption":"Yves-Marie Maitre (Bild: Property One)"},{"@type":"BreadcrumbList","@id":"https:\/\/www.immobilienbusiness.ch\/en\/personalia\/2024-07-02\/property-one-expandiert-in-die-westschweiz\/#breadcrumb","itemListElement":[{"@type":"ListItem","position":1,"name":"Home","item":"https:\/\/www.immobilienbusiness.ch\/"},{"@type":"ListItem","position":2,"name":"Property One expandiert in die Westschweiz"}]},{"@type":"WebSite","@id":"https:\/\/www.immobilienbusiness.ch\/#website","url":"https:\/\/www.immobilienbusiness.ch\/","name":"IMMOBILIER Business","description":"Magazine \u00e9conomique suisse ind\u00e9pendant ax\u00e9 sur l'immobilier, l'architecture et la construction ainsi que sur les investissements et le financement.","publisher":{"@id":"https:\/\/www.immobilienbusiness.ch\/#organization"},"potentialAction":[{"@type":"SearchAction","target":{"@type":"EntryPoint","urlTemplate":"https:\/\/www.immobilienbusiness.ch\/?s={search_term_string}"},"query-input":{"@type":"PropertyValueSpecification","valueRequired":true,"valueName":"search_term_string"}}],"inLanguage":"fr-FR"},{"@type":"Organization","@id":"https:\/\/www.immobilienbusiness.ch\/#organization","name":"IMMOBILIER Business","url":"https:\/\/www.immobilienbusiness.ch\/","logo":{"@type":"ImageObject","inLanguage":"fr-FR","@id":"https:\/\/www.immobilienbusiness.ch\/#\/schema\/logo\/image\/","url":"https:\/\/www.immobilienbusiness.ch\/wp-content\/uploads\/2021\/07\/logo_ib.png","contentUrl":"https:\/\/www.immobilienbusiness.ch\/wp-content\/uploads\/2021\/07\/logo_ib.png","width":800,"height":181,"caption":"IMMOBILIEN Business"},"image":{"@id":"https:\/\/www.immobilienbusiness.ch\/#\/schema\/logo\/image\/"},"sameAs":["https:\/\/www.facebook.com\/immobilienbusiness\/"]},{"@type":"Person","@id":"https:\/\/www.immobilienbusiness.ch\/#\/schema\/person\/aba8bea2db926aa0c24c08c43fe1fcd5","name":"Alexander Wachter","image":{"@type":"ImageObject","inLanguage":"fr-FR","@id":"https:\/\/secure.gravatar.com\/avatar\/1a09e471f5389b0e0a6416eac287e0927c7c97a7b77f9e787eba3af7aee281dd?s=96&d=mm&r=g","url":"https:\/\/secure.gravatar.com\/avatar\/1a09e471f5389b0e0a6416eac287e0927c7c97a7b77f9e787eba3af7aee281dd?s=96&d=mm&r=g","contentUrl":"https:\/\/secure.gravatar.com\/avatar\/1a09e471f5389b0e0a6416eac287e0927c7c97a7b77f9e787eba3af7aee281dd?s=96&d=mm&r=g","caption":"Alexander Wachter"},"url":"https:\/\/www.immobilienbusiness.ch\/fr\/author\/alexander-wachter\/"}]}},"_links":{"self":[{"href":"https:\/\/www.immobilienbusiness.ch\/fr\/wp-json\/wp\/v2\/posts\/57775","targetHints":{"allow":["GET"]}}],"collection":[{"href":"https:\/\/www.immobilienbusiness.ch\/fr\/wp-json\/wp\/v2\/posts"}],"about":[{"href":"https:\/\/www.immobilienbusiness.ch\/fr\/wp-json\/wp\/v2\/types\/post"}],"author":[{"embeddable":true,"href":"https:\/\/www.immobilienbusiness.ch\/fr\/wp-json\/wp\/v2\/users\/102"}],"replies":[{"embeddable":true,"href":"https:\/\/www.immobilienbusiness.ch\/fr\/wp-json\/wp\/v2\/comments?post=57775"}],"version-history":[{"count":2,"href":"https:\/\/www.immobilienbusiness.ch\/fr\/wp-json\/wp\/v2\/posts\/57775\/revisions"}],"predecessor-version":[{"id":58643,"href":"https:\/\/www.immobilienbusiness.ch\/fr\/wp-json\/wp\/v2\/posts\/57775\/revisions\/58643"}],"wp:featuredmedia":[{"embeddable":true,"href":"https:\/\/www.immobilienbusiness.ch\/fr\/wp-json\/wp\/v2\/media\/57776"}],"wp:attachment":[{"href":"https:\/\/www.immobilienbusiness.ch\/fr\/wp-json\/wp\/v2\/media?parent=57775"}],"wp:term":[{"taxonomy":"category","embeddable":true,"href":"https:\/\/www.immobilienbusiness.ch\/fr\/wp-json\/wp\/v2\/categories?post=57775"},{"taxonomy":"post_tag","embeddable":true,"href":"https:\/\/www.immobilienbusiness.ch\/fr\/wp-json\/wp\/v2\/tags?post=57775"}],"curies":[{"name":"wp","href":"https:\/\/api.w.org\/{rel}","templated":true}]}}