{"id":57749,"date":"2024-07-01T16:30:54","date_gmt":"2024-07-01T14:30:54","guid":{"rendered":"https:\/\/www.immobilienbusiness.ch\/?p=57749"},"modified":"2024-08-20T13:53:35","modified_gmt":"2024-08-20T11:53:35","slug":"swiss-prime-ast-schliesst-kapitalerhoehung-ab","status":"publish","type":"post","link":"https:\/\/www.immobilienbusiness.ch\/fr\/unternehmen\/2024-07-01\/swiss-prime-ast-schliesst-kapitalerhoehung-ab\/","title":{"rendered":"Swiss Prime AST cl\u00f4ture son augmentation de capital"},"content":{"rendered":"<figure id=\"attachment_57753\" aria-describedby=\"caption-attachment-57753\" style=\"width: 398px\" class=\"wp-caption alignnone\"><a href=\"https:\/\/www.immobilienbusiness.ch\/wp-content\/uploads\/2024\/07\/Deniz-Orga.png\"><img loading=\"lazy\" decoding=\"async\" class=\"wp-image-57753 size-full\" src=\"https:\/\/www.immobilienbusiness.ch\/wp-content\/uploads\/2024\/07\/Deniz-Orga.png\" alt=\"Swiss Prime Anlagestiftung Kapitalerh\u00f6hung\" width=\"398\" height=\"224\" srcset=\"https:\/\/www.immobilienbusiness.ch\/wp-content\/uploads\/2024\/07\/Deniz-Orga.png 398w, https:\/\/www.immobilienbusiness.ch\/wp-content\/uploads\/2024\/07\/Deniz-Orga-300x169.png 300w, https:\/\/www.immobilienbusiness.ch\/wp-content\/uploads\/2024\/07\/Deniz-Orga-18x10.png 18w, https:\/\/www.immobilienbusiness.ch\/wp-content\/uploads\/2024\/07\/Deniz-Orga-375x211.png 375w\" sizes=\"auto, (max-width: 398px) 100vw, 398px\" \/><\/a><figcaption id=\"caption-attachment-57753\" class=\"wp-caption-text\">Deniz Orga (photo : Swiss Prime Fondation de placement)<\/figcaption><\/figure>\n<p>Swiss Prime Fondation de placement (SPA) a r\u00e9alis\u00e9 une \u00e9mission pour son groupe de placement SPA Immobilier Suisse du 17 mai au 14 juin. L'augmentation de capital a \u00e9t\u00e9 cl\u00f4tur\u00e9e avec un volume total de 69,3 millions de CHF. Un volume allant jusqu'\u00e0 75 millions de CHF avait \u00e9t\u00e9 annonc\u00e9. <a href=\"https:\/\/www.immobilienbusiness.ch\/fr\/unternehmen\/2024-04-23\/spa-immobilien-schweiz-plant-emission\/\" target=\"_blank\" rel=\"noopener\">(IB a rapport\u00e9)<\/a>. De nouveaux investisseurs ont \u00e9galement souscrit des parts, comme le communique SPS. Les fonds doivent permettre d'\u00e9largir le portefeuille. Sa valeur v\u00e9nale s'\u00e9l\u00e8ve \u00e0 3,99 milliards de CHF au 31 mars. En outre, l'afflux de capitaux doit servir \u00e0 financer des projets de d\u00e9veloppement et de construction tels que Riverside Living II \u00e0 Zuchwil, Co-Next \u00e0 Muttenz, Tribsche II \u00e0 Lucerne et La Colombe \u00e0 Bienne. \"Ces d\u00e9veloppements contribuent encore au renforcement du quota de logements\", \u00e9crit la fondation de placement. De plus, le taux de financement externe sera r\u00e9duit. Au 31 mars, il s'\u00e9levait \u00e0 27,2%.<\/p>\n<p>La fondation de placement de la FSP a \u00e9galement des nouveaut\u00e9s \u00e0 annoncer en mati\u00e8re de personnel : Deniz Orga, jusqu'ici CIO Europe, reprend le poste de COO et dirigera les deux compartiments de placement \"SPA Immobilier Suisse\" et \"SPA Living+ Europe\". Lorenz W\u00fcthrich, jusqu'ici Head Acquisition &amp; Sales de SPA, sera son adjoint. Reto Felder, jusqu'ici CIO \"SPA Immobilier Suisse\", assumera \"une fonction dirigeante\" au sein de Swiss Prime Site Solutions. <em>(aw)<\/em><\/p>","protected":false},"excerpt":{"rendered":"<p>Lors de sa derni\u00e8re \u00e9mission pour le groupe de placement suisse, la fondation d'investissement a presque atteint le volume maximal vis\u00e9 et annonce un changement au poste de COO.<\/p>","protected":false},"author":102,"featured_media":57753,"comment_status":"closed","ping_status":"closed","sticky":false,"template":"","format":"standard","meta":{"_acf_changed":false,"_yoast_wpseo_focuskw":"Swiss Prime Anlagestiftung Kapitalerh\u00f6hung","_yoast_wpseo_title":"","_yoast_wpseo_metadesc":"Swiss Prime Anlagestiftung erh\u00f6ht Kapital um 69,3 Mio. CHF zur Portfolioerweiterung und Projektfinanzierung. Deniz Orga wird COO.","_yoast_wpseo_linkdex":52,"pgc_sgb_lightbox_settings":"","footnotes":""},"categories":[988],"tags":[1412,1563,1759],"class_list":["post-57749","post","type-post","status-publish","format-standard","has-post-thumbnail","hentry","category-unternehmen","tag-kapitalerhoehung","tag-personalia","tag-swiss-prime-anlagestiftung"],"acf":[],"yoast_head":"<!-- This site is optimized with the Yoast SEO plugin v27.5 - https:\/\/yoast.com\/product\/yoast-seo-wordpress\/ -->\n<title>Swiss Prime AST schliesst Kapitalerh\u00f6hung ab - IMMOBILIEN Business<\/title>\n<meta name=\"description\" content=\"Swiss Prime Anlagestiftung erh\u00f6ht Kapital um 69,3 Mio. CHF zur Portfolioerweiterung und Projektfinanzierung. Deniz Orga wird COO.\" \/>\n<meta name=\"robots\" content=\"index, follow, max-snippet:-1, max-image-preview:large, max-video-preview:-1\" \/>\n<link rel=\"canonical\" href=\"https:\/\/www.immobilienbusiness.ch\/fr\/unternehmen\/2024-07-01\/swiss-prime-ast-schliesst-kapitalerhoehung-ab\/\" \/>\n<meta property=\"og:locale\" content=\"fr_FR\" \/>\n<meta property=\"og:type\" content=\"article\" \/>\n<meta property=\"og:title\" content=\"Swiss Prime AST schliesst Kapitalerh\u00f6hung ab - IMMOBILIEN Business\" \/>\n<meta property=\"og:description\" content=\"Swiss Prime Anlagestiftung erh\u00f6ht Kapital um 69,3 Mio. CHF zur Portfolioerweiterung und Projektfinanzierung. Deniz Orga wird COO.\" \/>\n<meta property=\"og:url\" content=\"https:\/\/www.immobilienbusiness.ch\/fr\/unternehmen\/2024-07-01\/swiss-prime-ast-schliesst-kapitalerhoehung-ab\/\" \/>\n<meta property=\"og:site_name\" content=\"IMMOBILIEN Business\" \/>\n<meta property=\"article:publisher\" content=\"https:\/\/www.facebook.com\/immobilienbusiness\/\" \/>\n<meta property=\"article:published_time\" content=\"2024-07-01T14:30:54+00:00\" \/>\n<meta property=\"article:modified_time\" content=\"2024-08-20T11:53:35+00:00\" \/>\n<meta property=\"og:image\" content=\"https:\/\/www.immobilienbusiness.ch\/wp-content\/uploads\/2024\/07\/Deniz-Orga.png\" \/>\n\t<meta property=\"og:image:width\" content=\"398\" \/>\n\t<meta property=\"og:image:height\" content=\"224\" \/>\n\t<meta property=\"og:image:type\" content=\"image\/png\" \/>\n<meta name=\"author\" content=\"Alexander Wachter\" \/>\n<meta name=\"twitter:card\" content=\"summary_large_image\" \/>\n<script type=\"application\/ld+json\" class=\"yoast-schema-graph\">{\"@context\":\"https:\\\/\\\/schema.org\",\"@graph\":[{\"@type\":\"Article\",\"@id\":\"https:\\\/\\\/www.immobilienbusiness.ch\\\/de\\\/unternehmen\\\/2024-07-01\\\/swiss-prime-ast-schliesst-kapitalerhoehung-ab\\\/#article\",\"isPartOf\":{\"@id\":\"https:\\\/\\\/www.immobilienbusiness.ch\\\/de\\\/unternehmen\\\/2024-07-01\\\/swiss-prime-ast-schliesst-kapitalerhoehung-ab\\\/\"},\"author\":{\"name\":\"Alexander Wachter\",\"@id\":\"https:\\\/\\\/www.immobilienbusiness.ch\\\/#\\\/schema\\\/person\\\/aba8bea2db926aa0c24c08c43fe1fcd5\"},\"headline\":\"Swiss Prime AST schliesst Kapitalerh\u00f6hung ab\",\"datePublished\":\"2024-07-01T14:30:54+00:00\",\"dateModified\":\"2024-08-20T11:53:35+00:00\",\"mainEntityOfPage\":{\"@id\":\"https:\\\/\\\/www.immobilienbusiness.ch\\\/de\\\/unternehmen\\\/2024-07-01\\\/swiss-prime-ast-schliesst-kapitalerhoehung-ab\\\/\"},\"wordCount\":215,\"publisher\":{\"@id\":\"https:\\\/\\\/www.immobilienbusiness.ch\\\/#organization\"},\"image\":{\"@id\":\"https:\\\/\\\/www.immobilienbusiness.ch\\\/de\\\/unternehmen\\\/2024-07-01\\\/swiss-prime-ast-schliesst-kapitalerhoehung-ab\\\/#primaryimage\"},\"thumbnailUrl\":\"https:\\\/\\\/www.immobilienbusiness.ch\\\/wp-content\\\/uploads\\\/2024\\\/07\\\/Deniz-Orga.png\",\"keywords\":[\"Kapitalerh\u00f6hung\",\"Personalia\",\"Swiss Prime Anlagestiftung\"],\"articleSection\":[\"UNTERNEHMEN\"],\"inLanguage\":\"fr-FR\"},{\"@type\":\"WebPage\",\"@id\":\"https:\\\/\\\/www.immobilienbusiness.ch\\\/de\\\/unternehmen\\\/2024-07-01\\\/swiss-prime-ast-schliesst-kapitalerhoehung-ab\\\/\",\"url\":\"https:\\\/\\\/www.immobilienbusiness.ch\\\/de\\\/unternehmen\\\/2024-07-01\\\/swiss-prime-ast-schliesst-kapitalerhoehung-ab\\\/\",\"name\":\"Swiss Prime AST schliesst Kapitalerh\u00f6hung ab - IMMOBILIEN Business\",\"isPartOf\":{\"@id\":\"https:\\\/\\\/www.immobilienbusiness.ch\\\/#website\"},\"primaryImageOfPage\":{\"@id\":\"https:\\\/\\\/www.immobilienbusiness.ch\\\/de\\\/unternehmen\\\/2024-07-01\\\/swiss-prime-ast-schliesst-kapitalerhoehung-ab\\\/#primaryimage\"},\"image\":{\"@id\":\"https:\\\/\\\/www.immobilienbusiness.ch\\\/de\\\/unternehmen\\\/2024-07-01\\\/swiss-prime-ast-schliesst-kapitalerhoehung-ab\\\/#primaryimage\"},\"thumbnailUrl\":\"https:\\\/\\\/www.immobilienbusiness.ch\\\/wp-content\\\/uploads\\\/2024\\\/07\\\/Deniz-Orga.png\",\"datePublished\":\"2024-07-01T14:30:54+00:00\",\"dateModified\":\"2024-08-20T11:53:35+00:00\",\"description\":\"Swiss Prime Anlagestiftung erh\u00f6ht Kapital um 69,3 Mio. CHF zur Portfolioerweiterung und Projektfinanzierung. Deniz Orga wird COO.\",\"breadcrumb\":{\"@id\":\"https:\\\/\\\/www.immobilienbusiness.ch\\\/de\\\/unternehmen\\\/2024-07-01\\\/swiss-prime-ast-schliesst-kapitalerhoehung-ab\\\/#breadcrumb\"},\"inLanguage\":\"fr-FR\",\"potentialAction\":[{\"@type\":\"ReadAction\",\"target\":[\"https:\\\/\\\/www.immobilienbusiness.ch\\\/de\\\/unternehmen\\\/2024-07-01\\\/swiss-prime-ast-schliesst-kapitalerhoehung-ab\\\/\"]}]},{\"@type\":\"ImageObject\",\"inLanguage\":\"fr-FR\",\"@id\":\"https:\\\/\\\/www.immobilienbusiness.ch\\\/de\\\/unternehmen\\\/2024-07-01\\\/swiss-prime-ast-schliesst-kapitalerhoehung-ab\\\/#primaryimage\",\"url\":\"https:\\\/\\\/www.immobilienbusiness.ch\\\/wp-content\\\/uploads\\\/2024\\\/07\\\/Deniz-Orga.png\",\"contentUrl\":\"https:\\\/\\\/www.immobilienbusiness.ch\\\/wp-content\\\/uploads\\\/2024\\\/07\\\/Deniz-Orga.png\",\"width\":398,\"height\":224,\"caption\":\"Deniz Orga (Bild: Swiss Prime Anlagestiftung)\"},{\"@type\":\"BreadcrumbList\",\"@id\":\"https:\\\/\\\/www.immobilienbusiness.ch\\\/de\\\/unternehmen\\\/2024-07-01\\\/swiss-prime-ast-schliesst-kapitalerhoehung-ab\\\/#breadcrumb\",\"itemListElement\":[{\"@type\":\"ListItem\",\"position\":1,\"name\":\"Home\",\"item\":\"https:\\\/\\\/www.immobilienbusiness.ch\\\/\"},{\"@type\":\"ListItem\",\"position\":2,\"name\":\"Swiss Prime AST schliesst Kapitalerh\u00f6hung ab\"}]},{\"@type\":\"WebSite\",\"@id\":\"https:\\\/\\\/www.immobilienbusiness.ch\\\/#website\",\"url\":\"https:\\\/\\\/www.immobilienbusiness.ch\\\/\",\"name\":\"IMMOBILIEN Business\",\"description\":\"Unabh\u00e4ngiges Schweizer Wirtschaftsmagazin mit Fokus auf Immobilien, Architektur- und Bau sowie Investment- und Finanzierung.\",\"publisher\":{\"@id\":\"https:\\\/\\\/www.immobilienbusiness.ch\\\/#organization\"},\"potentialAction\":[{\"@type\":\"SearchAction\",\"target\":{\"@type\":\"EntryPoint\",\"urlTemplate\":\"https:\\\/\\\/www.immobilienbusiness.ch\\\/?s={search_term_string}\"},\"query-input\":{\"@type\":\"PropertyValueSpecification\",\"valueRequired\":true,\"valueName\":\"search_term_string\"}}],\"inLanguage\":\"fr-FR\"},{\"@type\":\"Organization\",\"@id\":\"https:\\\/\\\/www.immobilienbusiness.ch\\\/#organization\",\"name\":\"IMMOBILIEN Business\",\"url\":\"https:\\\/\\\/www.immobilienbusiness.ch\\\/\",\"logo\":{\"@type\":\"ImageObject\",\"inLanguage\":\"fr-FR\",\"@id\":\"https:\\\/\\\/www.immobilienbusiness.ch\\\/#\\\/schema\\\/logo\\\/image\\\/\",\"url\":\"https:\\\/\\\/www.immobilienbusiness.ch\\\/wp-content\\\/uploads\\\/2021\\\/07\\\/logo_ib.png\",\"contentUrl\":\"https:\\\/\\\/www.immobilienbusiness.ch\\\/wp-content\\\/uploads\\\/2021\\\/07\\\/logo_ib.png\",\"width\":800,\"height\":181,\"caption\":\"IMMOBILIEN Business\"},\"image\":{\"@id\":\"https:\\\/\\\/www.immobilienbusiness.ch\\\/#\\\/schema\\\/logo\\\/image\\\/\"},\"sameAs\":[\"https:\\\/\\\/www.facebook.com\\\/immobilienbusiness\\\/\"]},{\"@type\":\"Person\",\"@id\":\"https:\\\/\\\/www.immobilienbusiness.ch\\\/#\\\/schema\\\/person\\\/aba8bea2db926aa0c24c08c43fe1fcd5\",\"name\":\"Alexander Wachter\",\"image\":{\"@type\":\"ImageObject\",\"inLanguage\":\"fr-FR\",\"@id\":\"https:\\\/\\\/secure.gravatar.com\\\/avatar\\\/1a09e471f5389b0e0a6416eac287e0927c7c97a7b77f9e787eba3af7aee281dd?s=96&d=mm&r=g\",\"url\":\"https:\\\/\\\/secure.gravatar.com\\\/avatar\\\/1a09e471f5389b0e0a6416eac287e0927c7c97a7b77f9e787eba3af7aee281dd?s=96&d=mm&r=g\",\"contentUrl\":\"https:\\\/\\\/secure.gravatar.com\\\/avatar\\\/1a09e471f5389b0e0a6416eac287e0927c7c97a7b77f9e787eba3af7aee281dd?s=96&d=mm&r=g\",\"caption\":\"Alexander Wachter\"},\"url\":\"https:\\\/\\\/www.immobilienbusiness.ch\\\/fr\\\/author\\\/alexander-wachter\\\/\"}]}<\/script>\n<!-- \/ Yoast SEO plugin. -->","yoast_head_json":{"title":"Swiss Prime AST schliesst Kapitalerh\u00f6hung ab - IMMOBILIEN Business","description":"Swiss Prime Anlagestiftung erh\u00f6ht Kapital um 69,3 Mio. CHF zur Portfolioerweiterung und Projektfinanzierung. Deniz Orga wird COO.","robots":{"index":"index","follow":"follow","max-snippet":"max-snippet:-1","max-image-preview":"max-image-preview:large","max-video-preview":"max-video-preview:-1"},"canonical":"https:\/\/www.immobilienbusiness.ch\/fr\/unternehmen\/2024-07-01\/swiss-prime-ast-schliesst-kapitalerhoehung-ab\/","og_locale":"fr_FR","og_type":"article","og_title":"Swiss Prime AST schliesst Kapitalerh\u00f6hung ab - IMMOBILIEN Business","og_description":"Swiss Prime Anlagestiftung erh\u00f6ht Kapital um 69,3 Mio. CHF zur Portfolioerweiterung und Projektfinanzierung. Deniz Orga wird COO.","og_url":"https:\/\/www.immobilienbusiness.ch\/fr\/unternehmen\/2024-07-01\/swiss-prime-ast-schliesst-kapitalerhoehung-ab\/","og_site_name":"IMMOBILIEN Business","article_publisher":"https:\/\/www.facebook.com\/immobilienbusiness\/","article_published_time":"2024-07-01T14:30:54+00:00","article_modified_time":"2024-08-20T11:53:35+00:00","og_image":[{"width":398,"height":224,"url":"https:\/\/www.immobilienbusiness.ch\/wp-content\/uploads\/2024\/07\/Deniz-Orga.png","type":"image\/png"}],"author":"Alexander Wachter","twitter_card":"summary_large_image","schema":{"@context":"https:\/\/schema.org","@graph":[{"@type":"Article","@id":"https:\/\/www.immobilienbusiness.ch\/de\/unternehmen\/2024-07-01\/swiss-prime-ast-schliesst-kapitalerhoehung-ab\/#article","isPartOf":{"@id":"https:\/\/www.immobilienbusiness.ch\/de\/unternehmen\/2024-07-01\/swiss-prime-ast-schliesst-kapitalerhoehung-ab\/"},"author":{"name":"Alexander Wachter","@id":"https:\/\/www.immobilienbusiness.ch\/#\/schema\/person\/aba8bea2db926aa0c24c08c43fe1fcd5"},"headline":"Swiss Prime AST schliesst Kapitalerh\u00f6hung ab","datePublished":"2024-07-01T14:30:54+00:00","dateModified":"2024-08-20T11:53:35+00:00","mainEntityOfPage":{"@id":"https:\/\/www.immobilienbusiness.ch\/de\/unternehmen\/2024-07-01\/swiss-prime-ast-schliesst-kapitalerhoehung-ab\/"},"wordCount":215,"publisher":{"@id":"https:\/\/www.immobilienbusiness.ch\/#organization"},"image":{"@id":"https:\/\/www.immobilienbusiness.ch\/de\/unternehmen\/2024-07-01\/swiss-prime-ast-schliesst-kapitalerhoehung-ab\/#primaryimage"},"thumbnailUrl":"https:\/\/www.immobilienbusiness.ch\/wp-content\/uploads\/2024\/07\/Deniz-Orga.png","keywords":["Kapitalerh\u00f6hung","Personalia","Swiss Prime Anlagestiftung"],"articleSection":["UNTERNEHMEN"],"inLanguage":"fr-FR"},{"@type":"WebPage","@id":"https:\/\/www.immobilienbusiness.ch\/de\/unternehmen\/2024-07-01\/swiss-prime-ast-schliesst-kapitalerhoehung-ab\/","url":"https:\/\/www.immobilienbusiness.ch\/de\/unternehmen\/2024-07-01\/swiss-prime-ast-schliesst-kapitalerhoehung-ab\/","name":"Swiss Prime AST schliesst Kapitalerh\u00f6hung ab - IMMOBILIEN Business","isPartOf":{"@id":"https:\/\/www.immobilienbusiness.ch\/#website"},"primaryImageOfPage":{"@id":"https:\/\/www.immobilienbusiness.ch\/de\/unternehmen\/2024-07-01\/swiss-prime-ast-schliesst-kapitalerhoehung-ab\/#primaryimage"},"image":{"@id":"https:\/\/www.immobilienbusiness.ch\/de\/unternehmen\/2024-07-01\/swiss-prime-ast-schliesst-kapitalerhoehung-ab\/#primaryimage"},"thumbnailUrl":"https:\/\/www.immobilienbusiness.ch\/wp-content\/uploads\/2024\/07\/Deniz-Orga.png","datePublished":"2024-07-01T14:30:54+00:00","dateModified":"2024-08-20T11:53:35+00:00","description":"Swiss Prime Anlagestiftung erh\u00f6ht Kapital um 69,3 Mio. CHF zur Portfolioerweiterung und Projektfinanzierung. Deniz Orga wird COO.","breadcrumb":{"@id":"https:\/\/www.immobilienbusiness.ch\/de\/unternehmen\/2024-07-01\/swiss-prime-ast-schliesst-kapitalerhoehung-ab\/#breadcrumb"},"inLanguage":"fr-FR","potentialAction":[{"@type":"ReadAction","target":["https:\/\/www.immobilienbusiness.ch\/de\/unternehmen\/2024-07-01\/swiss-prime-ast-schliesst-kapitalerhoehung-ab\/"]}]},{"@type":"ImageObject","inLanguage":"fr-FR","@id":"https:\/\/www.immobilienbusiness.ch\/de\/unternehmen\/2024-07-01\/swiss-prime-ast-schliesst-kapitalerhoehung-ab\/#primaryimage","url":"https:\/\/www.immobilienbusiness.ch\/wp-content\/uploads\/2024\/07\/Deniz-Orga.png","contentUrl":"https:\/\/www.immobilienbusiness.ch\/wp-content\/uploads\/2024\/07\/Deniz-Orga.png","width":398,"height":224,"caption":"Deniz Orga (Bild: Swiss Prime Anlagestiftung)"},{"@type":"BreadcrumbList","@id":"https:\/\/www.immobilienbusiness.ch\/de\/unternehmen\/2024-07-01\/swiss-prime-ast-schliesst-kapitalerhoehung-ab\/#breadcrumb","itemListElement":[{"@type":"ListItem","position":1,"name":"Home","item":"https:\/\/www.immobilienbusiness.ch\/"},{"@type":"ListItem","position":2,"name":"Swiss Prime AST schliesst Kapitalerh\u00f6hung ab"}]},{"@type":"WebSite","@id":"https:\/\/www.immobilienbusiness.ch\/#website","url":"https:\/\/www.immobilienbusiness.ch\/","name":"IMMOBILIER Business","description":"Magazine \u00e9conomique suisse ind\u00e9pendant ax\u00e9 sur l'immobilier, l'architecture et la construction ainsi que sur les investissements et le financement.","publisher":{"@id":"https:\/\/www.immobilienbusiness.ch\/#organization"},"potentialAction":[{"@type":"SearchAction","target":{"@type":"EntryPoint","urlTemplate":"https:\/\/www.immobilienbusiness.ch\/?s={search_term_string}"},"query-input":{"@type":"PropertyValueSpecification","valueRequired":true,"valueName":"search_term_string"}}],"inLanguage":"fr-FR"},{"@type":"Organization","@id":"https:\/\/www.immobilienbusiness.ch\/#organization","name":"IMMOBILIER Business","url":"https:\/\/www.immobilienbusiness.ch\/","logo":{"@type":"ImageObject","inLanguage":"fr-FR","@id":"https:\/\/www.immobilienbusiness.ch\/#\/schema\/logo\/image\/","url":"https:\/\/www.immobilienbusiness.ch\/wp-content\/uploads\/2021\/07\/logo_ib.png","contentUrl":"https:\/\/www.immobilienbusiness.ch\/wp-content\/uploads\/2021\/07\/logo_ib.png","width":800,"height":181,"caption":"IMMOBILIEN Business"},"image":{"@id":"https:\/\/www.immobilienbusiness.ch\/#\/schema\/logo\/image\/"},"sameAs":["https:\/\/www.facebook.com\/immobilienbusiness\/"]},{"@type":"Person","@id":"https:\/\/www.immobilienbusiness.ch\/#\/schema\/person\/aba8bea2db926aa0c24c08c43fe1fcd5","name":"Alexander Wachter","image":{"@type":"ImageObject","inLanguage":"fr-FR","@id":"https:\/\/secure.gravatar.com\/avatar\/1a09e471f5389b0e0a6416eac287e0927c7c97a7b77f9e787eba3af7aee281dd?s=96&d=mm&r=g","url":"https:\/\/secure.gravatar.com\/avatar\/1a09e471f5389b0e0a6416eac287e0927c7c97a7b77f9e787eba3af7aee281dd?s=96&d=mm&r=g","contentUrl":"https:\/\/secure.gravatar.com\/avatar\/1a09e471f5389b0e0a6416eac287e0927c7c97a7b77f9e787eba3af7aee281dd?s=96&d=mm&r=g","caption":"Alexander Wachter"},"url":"https:\/\/www.immobilienbusiness.ch\/fr\/author\/alexander-wachter\/"}]}},"_links":{"self":[{"href":"https:\/\/www.immobilienbusiness.ch\/fr\/wp-json\/wp\/v2\/posts\/57749","targetHints":{"allow":["GET"]}}],"collection":[{"href":"https:\/\/www.immobilienbusiness.ch\/fr\/wp-json\/wp\/v2\/posts"}],"about":[{"href":"https:\/\/www.immobilienbusiness.ch\/fr\/wp-json\/wp\/v2\/types\/post"}],"author":[{"embeddable":true,"href":"https:\/\/www.immobilienbusiness.ch\/fr\/wp-json\/wp\/v2\/users\/102"}],"replies":[{"embeddable":true,"href":"https:\/\/www.immobilienbusiness.ch\/fr\/wp-json\/wp\/v2\/comments?post=57749"}],"version-history":[{"count":5,"href":"https:\/\/www.immobilienbusiness.ch\/fr\/wp-json\/wp\/v2\/posts\/57749\/revisions"}],"predecessor-version":[{"id":58648,"href":"https:\/\/www.immobilienbusiness.ch\/fr\/wp-json\/wp\/v2\/posts\/57749\/revisions\/58648"}],"wp:featuredmedia":[{"embeddable":true,"href":"https:\/\/www.immobilienbusiness.ch\/fr\/wp-json\/wp\/v2\/media\/57753"}],"wp:attachment":[{"href":"https:\/\/www.immobilienbusiness.ch\/fr\/wp-json\/wp\/v2\/media?parent=57749"}],"wp:term":[{"taxonomy":"category","embeddable":true,"href":"https:\/\/www.immobilienbusiness.ch\/fr\/wp-json\/wp\/v2\/categories?post=57749"},{"taxonomy":"post_tag","embeddable":true,"href":"https:\/\/www.immobilienbusiness.ch\/fr\/wp-json\/wp\/v2\/tags?post=57749"}],"curies":[{"name":"wp","href":"https:\/\/api.w.org\/{rel}","templated":true}]}}