{"id":57291,"date":"2024-06-11T07:09:21","date_gmt":"2024-06-11T05:09:21","guid":{"rendered":"https:\/\/www.immobilienbusiness.ch\/?p=57291"},"modified":"2024-08-20T14:48:18","modified_gmt":"2024-08-20T12:48:18","slug":"winterthur-vermietungsstart-fuer-green-spin","status":"publish","type":"post","link":"https:\/\/www.immobilienbusiness.ch\/fr\/regionen\/2024-06-11\/winterthur-vermietungsstart-fuer-green-spin\/","title":{"rendered":"Winterthur : d\u00e9but des locations pour \"Green Spin"},"content":{"rendered":"<figure id=\"attachment_57292\" aria-describedby=\"caption-attachment-57292\" style=\"width: 1200px\" class=\"wp-caption alignnone\"><a href=\"https:\/\/www.immobilienbusiness.ch\/wp-content\/uploads\/2024\/05\/Green-Spin-scaled.jpg\"><img loading=\"lazy\" decoding=\"async\" class=\"wp-image-57292 size-full\" src=\"https:\/\/www.immobilienbusiness.ch\/wp-content\/uploads\/2024\/05\/Green-Spin-scaled.jpg\" alt=\"Green Spin Winterthur\" width=\"1200\" height=\"800\" srcset=\"https:\/\/www.immobilienbusiness.ch\/wp-content\/uploads\/2024\/05\/Green-Spin-scaled.jpg 1200w, https:\/\/www.immobilienbusiness.ch\/wp-content\/uploads\/2024\/05\/Green-Spin-300x200.jpg 300w, https:\/\/www.immobilienbusiness.ch\/wp-content\/uploads\/2024\/05\/Green-Spin-1024x683.jpg 1024w, https:\/\/www.immobilienbusiness.ch\/wp-content\/uploads\/2024\/05\/Green-Spin-768x512.jpg 768w, https:\/\/www.immobilienbusiness.ch\/wp-content\/uploads\/2024\/05\/Green-Spin-1536x1024.jpg 1536w, https:\/\/www.immobilienbusiness.ch\/wp-content\/uploads\/2024\/05\/Green-Spin-2048x1365.jpg 2048w, https:\/\/www.immobilienbusiness.ch\/wp-content\/uploads\/2024\/05\/Green-Spin-18x12.jpg 18w, https:\/\/www.immobilienbusiness.ch\/wp-content\/uploads\/2024\/05\/Green-Spin-375x250.jpg 375w, https:\/\/www.immobilienbusiness.ch\/wp-content\/uploads\/2024\/05\/Green-Spin-525x350.jpg 525w, https:\/\/www.immobilienbusiness.ch\/wp-content\/uploads\/2024\/05\/Green-Spin-1000x667.jpg 1000w\" sizes=\"auto, (max-width: 1200px) 100vw, 1200px\" \/><\/a><figcaption id=\"caption-attachment-57292\" class=\"wp-caption-text\">Un nouveau niveau de convivialit\u00e9 pour les v\u00e9los : libre circulation jusqu'aux \u00e9tages sup\u00e9rieurs (Photo : Visualisations : Felix Partner Design AG\/Raumgleiter AG)<\/figcaption><\/figure>\n<p>Le permis de construire de l'immeuble \"Green Spin\" \u00e0 Winterthour, qui abrite des bureaux, des services et des surfaces de vente au d\u00e9tail, a \u00e9t\u00e9 d\u00e9livr\u00e9 en mars. La location de l'immeuble a \u00e9galement commenc\u00e9, comme l'indiquent les initiateurs. Une particularit\u00e9 du projet : une rampe dans la cour int\u00e9rieure permet d'acc\u00e9der \u00e0 tous les niveaux de l'immeuble \u00e0 v\u00e9lo. <a href=\"https:\/\/www.immobilienbusiness.ch\/fr\/ib\/2022-09-28\/winterthur-buero-und-produktionsimmobilie-mit-30-000-qm-geplant\/\" target=\"_blank\" rel=\"noopener\">(IB a rapport\u00e9)<\/a>. Le projet, qui se consid\u00e8re comme un projet pionnier \u00e0 l'\u00e9chelle europ\u00e9enne, devrait devenir r\u00e9alit\u00e9 d'ici 2027. Selon Peter Felix, il n'existe pas de taux de pr\u00e9location fixe dont d\u00e9pendrait le d\u00e9but de la construction. Il a initi\u00e9 et d\u00e9velopp\u00e9 \"Green Spin\" avec sa soci\u00e9t\u00e9 Felix Partner Architektur Design. L'architecte a bon espoir de pouvoir d\u00e9marrer l'ann\u00e9e prochaine. \"Nous sommes en n\u00e9gociations prometteuses pour 25 % de la surface et recevons de nombreuses demandes\", a d\u00e9clar\u00e9 Felix lors d'un entretien avec IB.<\/p>\n<p>Le site se trouve dans le quartier de Gr\u00fcze, \u00e0 l'est de Winterthour. Le gros \u0153uvre du b\u00e2timent doit \u00eatre r\u00e9alis\u00e9 en bois, avec une structure neutre en CO\u2082. Il est \u00e9galement pr\u00e9vu d'am\u00e9nager une cour int\u00e9rieure v\u00e9g\u00e9talis\u00e9e ainsi qu'un jardin sur le toit. Des panneaux photovolta\u00efques sur les fa\u00e7ades et des \u00e9oliennes fournissent de l'\u00e9lectricit\u00e9 \u00e9cologique, le chauffage est assur\u00e9 par la g\u00e9othermie. La cour int\u00e9rieure doit devenir le \"microcosme d'un petit quartier urbain\" et offrir \u00e9galement des lieux de retraite avec une grande qualit\u00e9 de s\u00e9jour.<\/p>\n<h3>Unit\u00e9s allant jusqu'\u00e0 1.400 m\u00e8tres carr\u00e9s<\/h3>\n<p>Les entreprises qui y emm\u00e9nageront \"mettront elles aussi l'accent sur la durabilit\u00e9\", comme l'indique un communiqu\u00e9. L'immeuble est con\u00e7u aussi bien pour des entreprises \u00e9tablies que pour des start-ups. Outre les bureaux, les surfaces seront utilis\u00e9es pour la production, le sport, la restauration et le commerce de d\u00e9tail. Les unit\u00e9s, qui peuvent \u00eatre divis\u00e9es de mani\u00e8re flexible, vont de 35 \u00e0 1 400 m\u00b2.<\/p>\n<p>L'immeuble sera certifi\u00e9 par le label Breeam et devra r\u00e9pondre aux normes ESG pour le rapport de durabilit\u00e9 ainsi qu'aux niveaux Scope1 et Scope2 concernant les objectifs de protection climatique. C'est la soci\u00e9t\u00e9 H&amp;B Real Estate AG qui a \u00e9t\u00e9 charg\u00e9e de la premi\u00e8re location de l'immeuble d'une superficie totale de 31.000 m\u00b2 situ\u00e9 au 11 de la Rudolf-Diesel-Strasse. <em>(aw)<\/em><\/p>\n<p>&nbsp;<\/p>","protected":false},"excerpt":{"rendered":"<p>Selon les plans de Felix Partner Design, un immeuble de 31.000 m\u00b2 sera construit pour accueillir des bureaux, des services et des commerces de d\u00e9tail, et il sera possible d'y circuler \u00e0 v\u00e9lo jusqu'\u00e0 l'\u00e9tage sup\u00e9rieur. <\/p>","protected":false},"author":102,"featured_media":57292,"comment_status":"closed","ping_status":"closed","sticky":false,"template":"","format":"standard","meta":{"_acf_changed":false,"_yoast_wpseo_focuskw":"Green Spin Winterthur","_yoast_wpseo_title":"","_yoast_wpseo_metadesc":"Green Spin in Winterthur: CO\u2082-neutrale Holzkonstruktion, begr\u00fcnter Innenhof, Dachgarten, und Velofreundlichkeit bis in die Obergeschosse.","_yoast_wpseo_linkdex":71,"pgc_sgb_lightbox_settings":"","footnotes":""},"categories":[985],"tags":[1118,3639,2132,2690,1515,3377,1600,1643,1827,1858,1978],"class_list":["post-57291","post","type-post","status-publish","format-standard","has-post-thumbnail","hentry","category-regionen","tag-buero","tag-felix-partner-design-ag","tag-gewerbe","tag-hb-real-estate","tag-nachhaltigkeit","tag-produktion","tag-projekt-in-planung","tag-retail","tag-verfuegbare-flaechen","tag-winterthur","tag-zh"],"acf":[],"yoast_head":"<!-- This site is optimized with the Yoast SEO plugin v27.4 - https:\/\/yoast.com\/product\/yoast-seo-wordpress\/ -->\n<title>Winterthur: Vermietungsstart f\u00fcr \u00abGreen Spin\u00bb - IMMOBILIEN Business<\/title>\n<meta name=\"description\" content=\"Green Spin in Winterthur: CO\u2082-neutrale Holzkonstruktion, begr\u00fcnter Innenhof, Dachgarten, und Velofreundlichkeit bis in die Obergeschosse.\" \/>\n<meta name=\"robots\" content=\"index, follow, max-snippet:-1, max-image-preview:large, max-video-preview:-1\" \/>\n<link rel=\"canonical\" href=\"https:\/\/www.immobilienbusiness.ch\/fr\/regionen\/2024-06-11\/winterthur-vermietungsstart-fuer-green-spin\/\" \/>\n<meta property=\"og:locale\" content=\"fr_FR\" \/>\n<meta property=\"og:type\" content=\"article\" \/>\n<meta property=\"og:title\" content=\"Winterthur: Vermietungsstart f\u00fcr \u00abGreen Spin\u00bb - IMMOBILIEN Business\" \/>\n<meta property=\"og:description\" content=\"Green Spin in Winterthur: CO\u2082-neutrale Holzkonstruktion, begr\u00fcnter Innenhof, Dachgarten, und Velofreundlichkeit bis in die Obergeschosse.\" \/>\n<meta property=\"og:url\" content=\"https:\/\/www.immobilienbusiness.ch\/fr\/regionen\/2024-06-11\/winterthur-vermietungsstart-fuer-green-spin\/\" \/>\n<meta property=\"og:site_name\" content=\"IMMOBILIEN Business\" \/>\n<meta property=\"article:publisher\" content=\"https:\/\/www.facebook.com\/immobilienbusiness\/\" \/>\n<meta property=\"article:published_time\" content=\"2024-06-11T05:09:21+00:00\" \/>\n<meta property=\"article:modified_time\" content=\"2024-08-20T12:48:18+00:00\" \/>\n<meta property=\"og:image\" content=\"https:\/\/www.immobilienbusiness.ch\/wp-content\/uploads\/2024\/05\/Green-Spin-scaled.jpg\" \/>\n\t<meta property=\"og:image:width\" content=\"1200\" \/>\n\t<meta property=\"og:image:height\" content=\"800\" \/>\n\t<meta property=\"og:image:type\" content=\"image\/jpeg\" \/>\n<meta name=\"author\" content=\"Alexander Wachter\" \/>\n<meta name=\"twitter:card\" content=\"summary_large_image\" \/>\n<script type=\"application\/ld+json\" class=\"yoast-schema-graph\">{\"@context\":\"https:\\\/\\\/schema.org\",\"@graph\":[{\"@type\":\"Article\",\"@id\":\"https:\\\/\\\/www.immobilienbusiness.ch\\\/en\\\/regionen\\\/2024-06-11\\\/winterthur-vermietungsstart-fuer-green-spin\\\/#article\",\"isPartOf\":{\"@id\":\"https:\\\/\\\/www.immobilienbusiness.ch\\\/en\\\/regionen\\\/2024-06-11\\\/winterthur-vermietungsstart-fuer-green-spin\\\/\"},\"author\":{\"name\":\"Alexander Wachter\",\"@id\":\"https:\\\/\\\/www.immobilienbusiness.ch\\\/#\\\/schema\\\/person\\\/aba8bea2db926aa0c24c08c43fe1fcd5\"},\"headline\":\"Winterthur: Vermietungsstart f\u00fcr \u00abGreen Spin\u00bb\",\"datePublished\":\"2024-06-11T05:09:21+00:00\",\"dateModified\":\"2024-08-20T12:48:18+00:00\",\"mainEntityOfPage\":{\"@id\":\"https:\\\/\\\/www.immobilienbusiness.ch\\\/en\\\/regionen\\\/2024-06-11\\\/winterthur-vermietungsstart-fuer-green-spin\\\/\"},\"wordCount\":343,\"publisher\":{\"@id\":\"https:\\\/\\\/www.immobilienbusiness.ch\\\/#organization\"},\"image\":{\"@id\":\"https:\\\/\\\/www.immobilienbusiness.ch\\\/en\\\/regionen\\\/2024-06-11\\\/winterthur-vermietungsstart-fuer-green-spin\\\/#primaryimage\"},\"thumbnailUrl\":\"https:\\\/\\\/www.immobilienbusiness.ch\\\/wp-content\\\/uploads\\\/2024\\\/05\\\/Green-Spin-scaled.jpg\",\"keywords\":[\"B\u00fcro\",\"Felix Partner Design AG\",\"Gewerbe\",\"H&amp;B Real Estate\",\"Nachhaltigkeit\",\"Produktion\",\"Projekt in Planung\",\"Retail\",\"Verf\u00fcgbare Fl\u00e4chen\",\"Winterthur\",\"ZH\"],\"articleSection\":[\"REGIONEN\"],\"inLanguage\":\"fr-FR\"},{\"@type\":\"WebPage\",\"@id\":\"https:\\\/\\\/www.immobilienbusiness.ch\\\/en\\\/regionen\\\/2024-06-11\\\/winterthur-vermietungsstart-fuer-green-spin\\\/\",\"url\":\"https:\\\/\\\/www.immobilienbusiness.ch\\\/en\\\/regionen\\\/2024-06-11\\\/winterthur-vermietungsstart-fuer-green-spin\\\/\",\"name\":\"Winterthur: Vermietungsstart f\u00fcr \u00abGreen Spin\u00bb - IMMOBILIEN Business\",\"isPartOf\":{\"@id\":\"https:\\\/\\\/www.immobilienbusiness.ch\\\/#website\"},\"primaryImageOfPage\":{\"@id\":\"https:\\\/\\\/www.immobilienbusiness.ch\\\/en\\\/regionen\\\/2024-06-11\\\/winterthur-vermietungsstart-fuer-green-spin\\\/#primaryimage\"},\"image\":{\"@id\":\"https:\\\/\\\/www.immobilienbusiness.ch\\\/en\\\/regionen\\\/2024-06-11\\\/winterthur-vermietungsstart-fuer-green-spin\\\/#primaryimage\"},\"thumbnailUrl\":\"https:\\\/\\\/www.immobilienbusiness.ch\\\/wp-content\\\/uploads\\\/2024\\\/05\\\/Green-Spin-scaled.jpg\",\"datePublished\":\"2024-06-11T05:09:21+00:00\",\"dateModified\":\"2024-08-20T12:48:18+00:00\",\"description\":\"Green Spin in Winterthur: CO\u2082-neutrale Holzkonstruktion, begr\u00fcnter Innenhof, Dachgarten, und Velofreundlichkeit bis in die Obergeschosse.\",\"breadcrumb\":{\"@id\":\"https:\\\/\\\/www.immobilienbusiness.ch\\\/en\\\/regionen\\\/2024-06-11\\\/winterthur-vermietungsstart-fuer-green-spin\\\/#breadcrumb\"},\"inLanguage\":\"fr-FR\",\"potentialAction\":[{\"@type\":\"ReadAction\",\"target\":[\"https:\\\/\\\/www.immobilienbusiness.ch\\\/en\\\/regionen\\\/2024-06-11\\\/winterthur-vermietungsstart-fuer-green-spin\\\/\"]}]},{\"@type\":\"ImageObject\",\"inLanguage\":\"fr-FR\",\"@id\":\"https:\\\/\\\/www.immobilienbusiness.ch\\\/en\\\/regionen\\\/2024-06-11\\\/winterthur-vermietungsstart-fuer-green-spin\\\/#primaryimage\",\"url\":\"https:\\\/\\\/www.immobilienbusiness.ch\\\/wp-content\\\/uploads\\\/2024\\\/05\\\/Green-Spin-scaled.jpg\",\"contentUrl\":\"https:\\\/\\\/www.immobilienbusiness.ch\\\/wp-content\\\/uploads\\\/2024\\\/05\\\/Green-Spin-scaled.jpg\",\"width\":1200,\"height\":800,\"caption\":\"Ein neues Level von Velofreundlichkeit: Freie Fahrt bis ins Obergeschoss (Bild: Visualisierungen: Felix Partner Design AG\\\/Raumgleiter AG)\"},{\"@type\":\"BreadcrumbList\",\"@id\":\"https:\\\/\\\/www.immobilienbusiness.ch\\\/en\\\/regionen\\\/2024-06-11\\\/winterthur-vermietungsstart-fuer-green-spin\\\/#breadcrumb\",\"itemListElement\":[{\"@type\":\"ListItem\",\"position\":1,\"name\":\"Home\",\"item\":\"https:\\\/\\\/www.immobilienbusiness.ch\\\/\"},{\"@type\":\"ListItem\",\"position\":2,\"name\":\"Winterthur: Vermietungsstart f\u00fcr \u00abGreen Spin\u00bb\"}]},{\"@type\":\"WebSite\",\"@id\":\"https:\\\/\\\/www.immobilienbusiness.ch\\\/#website\",\"url\":\"https:\\\/\\\/www.immobilienbusiness.ch\\\/\",\"name\":\"IMMOBILIEN Business\",\"description\":\"Unabh\u00e4ngiges Schweizer Wirtschaftsmagazin mit Fokus auf Immobilien, Architektur- und Bau sowie Investment- und Finanzierung.\",\"publisher\":{\"@id\":\"https:\\\/\\\/www.immobilienbusiness.ch\\\/#organization\"},\"potentialAction\":[{\"@type\":\"SearchAction\",\"target\":{\"@type\":\"EntryPoint\",\"urlTemplate\":\"https:\\\/\\\/www.immobilienbusiness.ch\\\/?s={search_term_string}\"},\"query-input\":{\"@type\":\"PropertyValueSpecification\",\"valueRequired\":true,\"valueName\":\"search_term_string\"}}],\"inLanguage\":\"fr-FR\"},{\"@type\":\"Organization\",\"@id\":\"https:\\\/\\\/www.immobilienbusiness.ch\\\/#organization\",\"name\":\"IMMOBILIEN Business\",\"url\":\"https:\\\/\\\/www.immobilienbusiness.ch\\\/\",\"logo\":{\"@type\":\"ImageObject\",\"inLanguage\":\"fr-FR\",\"@id\":\"https:\\\/\\\/www.immobilienbusiness.ch\\\/#\\\/schema\\\/logo\\\/image\\\/\",\"url\":\"https:\\\/\\\/www.immobilienbusiness.ch\\\/wp-content\\\/uploads\\\/2021\\\/07\\\/logo_ib.png\",\"contentUrl\":\"https:\\\/\\\/www.immobilienbusiness.ch\\\/wp-content\\\/uploads\\\/2021\\\/07\\\/logo_ib.png\",\"width\":800,\"height\":181,\"caption\":\"IMMOBILIEN Business\"},\"image\":{\"@id\":\"https:\\\/\\\/www.immobilienbusiness.ch\\\/#\\\/schema\\\/logo\\\/image\\\/\"},\"sameAs\":[\"https:\\\/\\\/www.facebook.com\\\/immobilienbusiness\\\/\"]},{\"@type\":\"Person\",\"@id\":\"https:\\\/\\\/www.immobilienbusiness.ch\\\/#\\\/schema\\\/person\\\/aba8bea2db926aa0c24c08c43fe1fcd5\",\"name\":\"Alexander Wachter\",\"image\":{\"@type\":\"ImageObject\",\"inLanguage\":\"fr-FR\",\"@id\":\"https:\\\/\\\/secure.gravatar.com\\\/avatar\\\/1a09e471f5389b0e0a6416eac287e0927c7c97a7b77f9e787eba3af7aee281dd?s=96&d=mm&r=g\",\"url\":\"https:\\\/\\\/secure.gravatar.com\\\/avatar\\\/1a09e471f5389b0e0a6416eac287e0927c7c97a7b77f9e787eba3af7aee281dd?s=96&d=mm&r=g\",\"contentUrl\":\"https:\\\/\\\/secure.gravatar.com\\\/avatar\\\/1a09e471f5389b0e0a6416eac287e0927c7c97a7b77f9e787eba3af7aee281dd?s=96&d=mm&r=g\",\"caption\":\"Alexander Wachter\"},\"url\":\"https:\\\/\\\/www.immobilienbusiness.ch\\\/fr\\\/author\\\/alexander-wachter\\\/\"}]}<\/script>\n<!-- \/ Yoast SEO plugin. -->","yoast_head_json":{"title":"Winterthur: Vermietungsstart f\u00fcr \u00abGreen Spin\u00bb - IMMOBILIEN Business","description":"Green Spin in Winterthur: CO\u2082-neutrale Holzkonstruktion, begr\u00fcnter Innenhof, Dachgarten, und Velofreundlichkeit bis in die Obergeschosse.","robots":{"index":"index","follow":"follow","max-snippet":"max-snippet:-1","max-image-preview":"max-image-preview:large","max-video-preview":"max-video-preview:-1"},"canonical":"https:\/\/www.immobilienbusiness.ch\/fr\/regionen\/2024-06-11\/winterthur-vermietungsstart-fuer-green-spin\/","og_locale":"fr_FR","og_type":"article","og_title":"Winterthur: Vermietungsstart f\u00fcr \u00abGreen Spin\u00bb - IMMOBILIEN Business","og_description":"Green Spin in Winterthur: CO\u2082-neutrale Holzkonstruktion, begr\u00fcnter Innenhof, Dachgarten, und Velofreundlichkeit bis in die Obergeschosse.","og_url":"https:\/\/www.immobilienbusiness.ch\/fr\/regionen\/2024-06-11\/winterthur-vermietungsstart-fuer-green-spin\/","og_site_name":"IMMOBILIEN Business","article_publisher":"https:\/\/www.facebook.com\/immobilienbusiness\/","article_published_time":"2024-06-11T05:09:21+00:00","article_modified_time":"2024-08-20T12:48:18+00:00","og_image":[{"width":1200,"height":800,"url":"https:\/\/www.immobilienbusiness.ch\/wp-content\/uploads\/2024\/05\/Green-Spin-scaled.jpg","type":"image\/jpeg"}],"author":"Alexander Wachter","twitter_card":"summary_large_image","schema":{"@context":"https:\/\/schema.org","@graph":[{"@type":"Article","@id":"https:\/\/www.immobilienbusiness.ch\/en\/regionen\/2024-06-11\/winterthur-vermietungsstart-fuer-green-spin\/#article","isPartOf":{"@id":"https:\/\/www.immobilienbusiness.ch\/en\/regionen\/2024-06-11\/winterthur-vermietungsstart-fuer-green-spin\/"},"author":{"name":"Alexander Wachter","@id":"https:\/\/www.immobilienbusiness.ch\/#\/schema\/person\/aba8bea2db926aa0c24c08c43fe1fcd5"},"headline":"Winterthur: Vermietungsstart f\u00fcr \u00abGreen Spin\u00bb","datePublished":"2024-06-11T05:09:21+00:00","dateModified":"2024-08-20T12:48:18+00:00","mainEntityOfPage":{"@id":"https:\/\/www.immobilienbusiness.ch\/en\/regionen\/2024-06-11\/winterthur-vermietungsstart-fuer-green-spin\/"},"wordCount":343,"publisher":{"@id":"https:\/\/www.immobilienbusiness.ch\/#organization"},"image":{"@id":"https:\/\/www.immobilienbusiness.ch\/en\/regionen\/2024-06-11\/winterthur-vermietungsstart-fuer-green-spin\/#primaryimage"},"thumbnailUrl":"https:\/\/www.immobilienbusiness.ch\/wp-content\/uploads\/2024\/05\/Green-Spin-scaled.jpg","keywords":["B\u00fcro","Felix Partner Design AG","Gewerbe","H&amp;B Real Estate","Nachhaltigkeit","Produktion","Projekt in Planung","Retail","Verf\u00fcgbare Fl\u00e4chen","Winterthur","ZH"],"articleSection":["REGIONEN"],"inLanguage":"fr-FR"},{"@type":"WebPage","@id":"https:\/\/www.immobilienbusiness.ch\/en\/regionen\/2024-06-11\/winterthur-vermietungsstart-fuer-green-spin\/","url":"https:\/\/www.immobilienbusiness.ch\/en\/regionen\/2024-06-11\/winterthur-vermietungsstart-fuer-green-spin\/","name":"Winterthur: Vermietungsstart f\u00fcr \u00abGreen Spin\u00bb - IMMOBILIEN Business","isPartOf":{"@id":"https:\/\/www.immobilienbusiness.ch\/#website"},"primaryImageOfPage":{"@id":"https:\/\/www.immobilienbusiness.ch\/en\/regionen\/2024-06-11\/winterthur-vermietungsstart-fuer-green-spin\/#primaryimage"},"image":{"@id":"https:\/\/www.immobilienbusiness.ch\/en\/regionen\/2024-06-11\/winterthur-vermietungsstart-fuer-green-spin\/#primaryimage"},"thumbnailUrl":"https:\/\/www.immobilienbusiness.ch\/wp-content\/uploads\/2024\/05\/Green-Spin-scaled.jpg","datePublished":"2024-06-11T05:09:21+00:00","dateModified":"2024-08-20T12:48:18+00:00","description":"Green Spin in Winterthur: CO\u2082-neutrale Holzkonstruktion, begr\u00fcnter Innenhof, Dachgarten, und Velofreundlichkeit bis in die Obergeschosse.","breadcrumb":{"@id":"https:\/\/www.immobilienbusiness.ch\/en\/regionen\/2024-06-11\/winterthur-vermietungsstart-fuer-green-spin\/#breadcrumb"},"inLanguage":"fr-FR","potentialAction":[{"@type":"ReadAction","target":["https:\/\/www.immobilienbusiness.ch\/en\/regionen\/2024-06-11\/winterthur-vermietungsstart-fuer-green-spin\/"]}]},{"@type":"ImageObject","inLanguage":"fr-FR","@id":"https:\/\/www.immobilienbusiness.ch\/en\/regionen\/2024-06-11\/winterthur-vermietungsstart-fuer-green-spin\/#primaryimage","url":"https:\/\/www.immobilienbusiness.ch\/wp-content\/uploads\/2024\/05\/Green-Spin-scaled.jpg","contentUrl":"https:\/\/www.immobilienbusiness.ch\/wp-content\/uploads\/2024\/05\/Green-Spin-scaled.jpg","width":1200,"height":800,"caption":"Ein neues Level von Velofreundlichkeit: Freie Fahrt bis ins Obergeschoss (Bild: Visualisierungen: Felix Partner Design AG\/Raumgleiter AG)"},{"@type":"BreadcrumbList","@id":"https:\/\/www.immobilienbusiness.ch\/en\/regionen\/2024-06-11\/winterthur-vermietungsstart-fuer-green-spin\/#breadcrumb","itemListElement":[{"@type":"ListItem","position":1,"name":"Home","item":"https:\/\/www.immobilienbusiness.ch\/"},{"@type":"ListItem","position":2,"name":"Winterthur: Vermietungsstart f\u00fcr \u00abGreen Spin\u00bb"}]},{"@type":"WebSite","@id":"https:\/\/www.immobilienbusiness.ch\/#website","url":"https:\/\/www.immobilienbusiness.ch\/","name":"IMMOBILIER Business","description":"Magazine \u00e9conomique suisse ind\u00e9pendant ax\u00e9 sur l'immobilier, l'architecture et la construction ainsi que sur les investissements et le financement.","publisher":{"@id":"https:\/\/www.immobilienbusiness.ch\/#organization"},"potentialAction":[{"@type":"SearchAction","target":{"@type":"EntryPoint","urlTemplate":"https:\/\/www.immobilienbusiness.ch\/?s={search_term_string}"},"query-input":{"@type":"PropertyValueSpecification","valueRequired":true,"valueName":"search_term_string"}}],"inLanguage":"fr-FR"},{"@type":"Organization","@id":"https:\/\/www.immobilienbusiness.ch\/#organization","name":"IMMOBILIER Business","url":"https:\/\/www.immobilienbusiness.ch\/","logo":{"@type":"ImageObject","inLanguage":"fr-FR","@id":"https:\/\/www.immobilienbusiness.ch\/#\/schema\/logo\/image\/","url":"https:\/\/www.immobilienbusiness.ch\/wp-content\/uploads\/2021\/07\/logo_ib.png","contentUrl":"https:\/\/www.immobilienbusiness.ch\/wp-content\/uploads\/2021\/07\/logo_ib.png","width":800,"height":181,"caption":"IMMOBILIEN Business"},"image":{"@id":"https:\/\/www.immobilienbusiness.ch\/#\/schema\/logo\/image\/"},"sameAs":["https:\/\/www.facebook.com\/immobilienbusiness\/"]},{"@type":"Person","@id":"https:\/\/www.immobilienbusiness.ch\/#\/schema\/person\/aba8bea2db926aa0c24c08c43fe1fcd5","name":"Alexander Wachter","image":{"@type":"ImageObject","inLanguage":"fr-FR","@id":"https:\/\/secure.gravatar.com\/avatar\/1a09e471f5389b0e0a6416eac287e0927c7c97a7b77f9e787eba3af7aee281dd?s=96&d=mm&r=g","url":"https:\/\/secure.gravatar.com\/avatar\/1a09e471f5389b0e0a6416eac287e0927c7c97a7b77f9e787eba3af7aee281dd?s=96&d=mm&r=g","contentUrl":"https:\/\/secure.gravatar.com\/avatar\/1a09e471f5389b0e0a6416eac287e0927c7c97a7b77f9e787eba3af7aee281dd?s=96&d=mm&r=g","caption":"Alexander Wachter"},"url":"https:\/\/www.immobilienbusiness.ch\/fr\/author\/alexander-wachter\/"}]}},"_links":{"self":[{"href":"https:\/\/www.immobilienbusiness.ch\/fr\/wp-json\/wp\/v2\/posts\/57291","targetHints":{"allow":["GET"]}}],"collection":[{"href":"https:\/\/www.immobilienbusiness.ch\/fr\/wp-json\/wp\/v2\/posts"}],"about":[{"href":"https:\/\/www.immobilienbusiness.ch\/fr\/wp-json\/wp\/v2\/types\/post"}],"author":[{"embeddable":true,"href":"https:\/\/www.immobilienbusiness.ch\/fr\/wp-json\/wp\/v2\/users\/102"}],"replies":[{"embeddable":true,"href":"https:\/\/www.immobilienbusiness.ch\/fr\/wp-json\/wp\/v2\/comments?post=57291"}],"version-history":[{"count":7,"href":"https:\/\/www.immobilienbusiness.ch\/fr\/wp-json\/wp\/v2\/posts\/57291\/revisions"}],"predecessor-version":[{"id":58728,"href":"https:\/\/www.immobilienbusiness.ch\/fr\/wp-json\/wp\/v2\/posts\/57291\/revisions\/58728"}],"wp:featuredmedia":[{"embeddable":true,"href":"https:\/\/www.immobilienbusiness.ch\/fr\/wp-json\/wp\/v2\/media\/57292"}],"wp:attachment":[{"href":"https:\/\/www.immobilienbusiness.ch\/fr\/wp-json\/wp\/v2\/media?parent=57291"}],"wp:term":[{"taxonomy":"category","embeddable":true,"href":"https:\/\/www.immobilienbusiness.ch\/fr\/wp-json\/wp\/v2\/categories?post=57291"},{"taxonomy":"post_tag","embeddable":true,"href":"https:\/\/www.immobilienbusiness.ch\/fr\/wp-json\/wp\/v2\/tags?post=57291"}],"curies":[{"name":"wp","href":"https:\/\/api.w.org\/{rel}","templated":true}]}}