{"id":57209,"date":"2024-05-31T07:00:20","date_gmt":"2024-05-31T05:00:20","guid":{"rendered":"https:\/\/www.immobilienbusiness.ch\/?p=57209"},"modified":"2024-08-21T05:52:10","modified_gmt":"2024-08-21T03:52:10","slug":"winterthur-baubeginn-fuer-gewerbe-und-wohnflaechen-in-industriehalle","status":"publish","type":"post","link":"https:\/\/www.immobilienbusiness.ch\/fr\/regionen\/2024-05-31\/winterthur-baubeginn-fuer-gewerbe-und-wohnflaechen-in-industriehalle\/","title":{"rendered":"Winterthur : d\u00e9but de la construction de surfaces commerciales et r\u00e9sidentielles dans une halle industrielle"},"content":{"rendered":"<figure id=\"attachment_57210\" aria-describedby=\"caption-attachment-57210\" style=\"width: 539px\" class=\"wp-caption alignnone\"><a href=\"https:\/\/www.immobilienbusiness.ch\/wp-content\/uploads\/2024\/05\/Abendrot-Winterthur.png\"><img loading=\"lazy\" decoding=\"async\" class=\"wp-image-57210 size-full\" src=\"https:\/\/www.immobilienbusiness.ch\/wp-content\/uploads\/2024\/05\/Abendrot-Winterthur.png\" alt=\"Umbau Schiffbauhalle Winterthur 2025\" width=\"539\" height=\"408\" srcset=\"https:\/\/www.immobilienbusiness.ch\/wp-content\/uploads\/2024\/05\/Abendrot-Winterthur.png 539w, https:\/\/www.immobilienbusiness.ch\/wp-content\/uploads\/2024\/05\/Abendrot-Winterthur-300x227.png 300w, https:\/\/www.immobilienbusiness.ch\/wp-content\/uploads\/2024\/05\/Abendrot-Winterthur-16x12.png 16w, https:\/\/www.immobilienbusiness.ch\/wp-content\/uploads\/2024\/05\/Abendrot-Winterthur-375x284.png 375w, https:\/\/www.immobilienbusiness.ch\/wp-content\/uploads\/2024\/05\/Abendrot-Winterthur-462x350.png 462w\" sizes=\"auto, (max-width: 539px) 100vw, 539px\" \/><\/a><figcaption id=\"caption-attachment-57210\" class=\"wp-caption-text\">Une ancienne halle industrielle de Winterthur devrait bient\u00f4t s'animer (visualisation : Abendrot)<\/figcaption><\/figure>\n<p>L'ancienne \"Schiffbauhalle\" de l'entreprise Sulzer, construite en 1906 sur le site de l'entrep\u00f4t \u00e0 Winterthour, est divis\u00e9e par trois \"nefs longitudinales\" : L'aile lat\u00e9rale 181.1 a d\u00e9j\u00e0 \u00e9t\u00e9 assainie sur le plan \u00e9nerg\u00e9tique, densifi\u00e9e et sur\u00e9lev\u00e9e de trois \u00e9tages de bureaux et d'ateliers par la caisse de pension b\u00e2loise Abendrot en 2014. Cette aile s'ouvre et se montre vers les voies CFF avec une fa\u00e7ade de v\u00e9randa en verre v\u00e9g\u00e9talis\u00e9e. La halle 181.2\/3 est aujourd'hui encore le seul grand atelier ouvert sur le site de l'entrep\u00f4t. Dans la partie 181.2, l'utilisation actuelle - le stockage de machines \u00e0 vapeur historiques par une association - doit perdurer. Mais l'aile lat\u00e9rale 181.3 doit \u00eatre densifi\u00e9e \u00e0 l'int\u00e9rieur dans le cadre de l'assainissement \u00e9nerg\u00e9tique pr\u00e9vu de l'enveloppe du b\u00e2timent ; des mezzanines et des cloisons transversales devraient bient\u00f4t permettre de cr\u00e9er des ateliers, des locaux commerciaux, des bureaux et des salles de formation. En outre, le b\u00e2timent sera partiellement sur\u00e9lev\u00e9 par une construction en bois de quatre \u00e9tages. Une structure de coursives descendant jusqu'\u00e0 la rue de l'Industrie donne acc\u00e8s, du 3e au 6e \u00e9tage, \u00e0 une nouvelle offre sur le site de l'entrep\u00f4t, \u00e0 savoir des ateliers d'habitation d'une surface de 50, 75 et 100 m\u00b2. Tous les toits plats r\u00e9nov\u00e9s et neufs seront \u00e9quip\u00e9s d'installations photovolta\u00efques pour une utilisation personnelle.<\/p>\n<h3>L'autorisation de construire a \u00e9t\u00e9 donn\u00e9e<\/h3>\n<p>\"Des probl\u00e8mes de pollution divers et exigeants\" sont, selon Abendrot, la raison pour laquelle le feu vert pour la construction a \u00e9t\u00e9 quelque peu retard\u00e9. En f\u00e9vrier de l'ann\u00e9e derni\u00e8re, la fondation s'attendait encore \u00e0 un d\u00e9but des travaux en automne. <a href=\"https:\/\/www.immobilienbusiness.ch\/fr\/ib\/2023-02-01\/winterthur-zh-stiftung-abendrot-haelt-an-zeitplan-fuer-hallenprojekt-am-lagerplatz-fest\/\" target=\"_blank\" rel=\"noopener\">(IB a rapport\u00e9)<\/a>. L'autorisation d\u00e9finitive de construire n'a \u00e9t\u00e9 donn\u00e9e qu'en mars de cette ann\u00e9e et les travaux de construction ont commenc\u00e9 en mai. Le b\u00e2timent devrait \u00eatre achev\u00e9 et pr\u00eat \u00e0 \u00eatre occup\u00e9 fin 2025. La location des locaux suppl\u00e9mentaires est pr\u00e9vue \u00e0 partir de juin. <em>(aw)<\/em><\/p>","protected":false},"excerpt":{"rendered":"<p>Un peu plus tard que pr\u00e9vu au d\u00e9but de l'ann\u00e9e derni\u00e8re, les travaux de construction de bureaux et d'ateliers d'habitation ont commenc\u00e9 sur un ancien site industriel. Le ma\u00eetre d'ouvrage est la fondation Abendroth.<\/p>","protected":false},"author":102,"featured_media":57210,"comment_status":"closed","ping_status":"closed","sticky":false,"template":"","format":"standard","meta":{"_acf_changed":false,"_yoast_wpseo_focuskw":"Umbau Schiffbauhalle Winterthur 2025","_yoast_wpseo_title":"","_yoast_wpseo_metadesc":"Die Schiffbauhalle in Winterthur wird bis Ende 2025 umgebaut. Neue Ateliers, B\u00fcros und Wohnateliers entstehen.","_yoast_wpseo_linkdex":52,"pgc_sgb_lightbox_settings":"","footnotes":""},"categories":[985],"tags":[1118,2132,1969,1492,1599,1800,1858,1978],"class_list":["post-57209","post","type-post","status-publish","format-standard","has-post-thumbnail","hentry","category-regionen","tag-buero","tag-gewerbe","tag-industrie","tag-mietwohnungen","tag-projekt-in-bau","tag-umnutzung","tag-winterthur","tag-zh"],"acf":[],"yoast_head":"<!-- This site is optimized with the Yoast SEO plugin v27.4 - https:\/\/yoast.com\/product\/yoast-seo-wordpress\/ -->\n<title>Winterthur: Baubeginn f\u00fcr Gewerbe- und Wohnfl\u00e4chen in Industriehalle - IMMOBILIEN Business<\/title>\n<meta name=\"description\" content=\"Die Schiffbauhalle in Winterthur wird bis Ende 2025 umgebaut. Neue Ateliers, B\u00fcros und Wohnateliers entstehen.\" \/>\n<meta name=\"robots\" content=\"index, follow, max-snippet:-1, max-image-preview:large, max-video-preview:-1\" \/>\n<link rel=\"canonical\" href=\"https:\/\/www.immobilienbusiness.ch\/fr\/regionen\/2024-05-31\/winterthur-baubeginn-fuer-gewerbe-und-wohnflaechen-in-industriehalle\/\" \/>\n<meta property=\"og:locale\" content=\"fr_FR\" \/>\n<meta property=\"og:type\" content=\"article\" \/>\n<meta property=\"og:title\" content=\"Winterthur: Baubeginn f\u00fcr Gewerbe- und Wohnfl\u00e4chen in Industriehalle - IMMOBILIEN Business\" \/>\n<meta property=\"og:description\" content=\"Die Schiffbauhalle in Winterthur wird bis Ende 2025 umgebaut. Neue Ateliers, B\u00fcros und Wohnateliers entstehen.\" \/>\n<meta property=\"og:url\" content=\"https:\/\/www.immobilienbusiness.ch\/fr\/regionen\/2024-05-31\/winterthur-baubeginn-fuer-gewerbe-und-wohnflaechen-in-industriehalle\/\" \/>\n<meta property=\"og:site_name\" content=\"IMMOBILIEN Business\" \/>\n<meta property=\"article:publisher\" content=\"https:\/\/www.facebook.com\/immobilienbusiness\/\" \/>\n<meta property=\"article:published_time\" content=\"2024-05-31T05:00:20+00:00\" \/>\n<meta property=\"article:modified_time\" content=\"2024-08-21T03:52:10+00:00\" \/>\n<meta property=\"og:image\" content=\"https:\/\/www.immobilienbusiness.ch\/wp-content\/uploads\/2024\/05\/Abendrot-Winterthur.png\" \/>\n\t<meta property=\"og:image:width\" content=\"539\" \/>\n\t<meta property=\"og:image:height\" content=\"408\" \/>\n\t<meta property=\"og:image:type\" content=\"image\/png\" \/>\n<meta name=\"author\" content=\"Alexander Wachter\" \/>\n<meta name=\"twitter:card\" content=\"summary_large_image\" \/>\n<script type=\"application\/ld+json\" class=\"yoast-schema-graph\">{\"@context\":\"https:\\\/\\\/schema.org\",\"@graph\":[{\"@type\":\"Article\",\"@id\":\"https:\\\/\\\/www.immobilienbusiness.ch\\\/en\\\/regionen\\\/2024-05-31\\\/winterthur-baubeginn-fuer-gewerbe-und-wohnflaechen-in-industriehalle\\\/#article\",\"isPartOf\":{\"@id\":\"https:\\\/\\\/www.immobilienbusiness.ch\\\/en\\\/regionen\\\/2024-05-31\\\/winterthur-baubeginn-fuer-gewerbe-und-wohnflaechen-in-industriehalle\\\/\"},\"author\":{\"name\":\"Alexander Wachter\",\"@id\":\"https:\\\/\\\/www.immobilienbusiness.ch\\\/#\\\/schema\\\/person\\\/aba8bea2db926aa0c24c08c43fe1fcd5\"},\"headline\":\"Winterthur: Baubeginn f\u00fcr Gewerbe- und Wohnfl\u00e4chen in Industriehalle\",\"datePublished\":\"2024-05-31T05:00:20+00:00\",\"dateModified\":\"2024-08-21T03:52:10+00:00\",\"mainEntityOfPage\":{\"@id\":\"https:\\\/\\\/www.immobilienbusiness.ch\\\/en\\\/regionen\\\/2024-05-31\\\/winterthur-baubeginn-fuer-gewerbe-und-wohnflaechen-in-industriehalle\\\/\"},\"wordCount\":262,\"publisher\":{\"@id\":\"https:\\\/\\\/www.immobilienbusiness.ch\\\/#organization\"},\"image\":{\"@id\":\"https:\\\/\\\/www.immobilienbusiness.ch\\\/en\\\/regionen\\\/2024-05-31\\\/winterthur-baubeginn-fuer-gewerbe-und-wohnflaechen-in-industriehalle\\\/#primaryimage\"},\"thumbnailUrl\":\"https:\\\/\\\/www.immobilienbusiness.ch\\\/wp-content\\\/uploads\\\/2024\\\/05\\\/Abendrot-Winterthur.png\",\"keywords\":[\"B\u00fcro\",\"Gewerbe\",\"Industrie\",\"Mietwohnungen\",\"Projekt in Bau\",\"Umnutzung\",\"Winterthur\",\"ZH\"],\"articleSection\":[\"REGIONEN\"],\"inLanguage\":\"fr-FR\"},{\"@type\":\"WebPage\",\"@id\":\"https:\\\/\\\/www.immobilienbusiness.ch\\\/en\\\/regionen\\\/2024-05-31\\\/winterthur-baubeginn-fuer-gewerbe-und-wohnflaechen-in-industriehalle\\\/\",\"url\":\"https:\\\/\\\/www.immobilienbusiness.ch\\\/en\\\/regionen\\\/2024-05-31\\\/winterthur-baubeginn-fuer-gewerbe-und-wohnflaechen-in-industriehalle\\\/\",\"name\":\"Winterthur: Baubeginn f\u00fcr Gewerbe- und Wohnfl\u00e4chen in Industriehalle - IMMOBILIEN Business\",\"isPartOf\":{\"@id\":\"https:\\\/\\\/www.immobilienbusiness.ch\\\/#website\"},\"primaryImageOfPage\":{\"@id\":\"https:\\\/\\\/www.immobilienbusiness.ch\\\/en\\\/regionen\\\/2024-05-31\\\/winterthur-baubeginn-fuer-gewerbe-und-wohnflaechen-in-industriehalle\\\/#primaryimage\"},\"image\":{\"@id\":\"https:\\\/\\\/www.immobilienbusiness.ch\\\/en\\\/regionen\\\/2024-05-31\\\/winterthur-baubeginn-fuer-gewerbe-und-wohnflaechen-in-industriehalle\\\/#primaryimage\"},\"thumbnailUrl\":\"https:\\\/\\\/www.immobilienbusiness.ch\\\/wp-content\\\/uploads\\\/2024\\\/05\\\/Abendrot-Winterthur.png\",\"datePublished\":\"2024-05-31T05:00:20+00:00\",\"dateModified\":\"2024-08-21T03:52:10+00:00\",\"description\":\"Die Schiffbauhalle in Winterthur wird bis Ende 2025 umgebaut. Neue Ateliers, B\u00fcros und Wohnateliers entstehen.\",\"breadcrumb\":{\"@id\":\"https:\\\/\\\/www.immobilienbusiness.ch\\\/en\\\/regionen\\\/2024-05-31\\\/winterthur-baubeginn-fuer-gewerbe-und-wohnflaechen-in-industriehalle\\\/#breadcrumb\"},\"inLanguage\":\"fr-FR\",\"potentialAction\":[{\"@type\":\"ReadAction\",\"target\":[\"https:\\\/\\\/www.immobilienbusiness.ch\\\/en\\\/regionen\\\/2024-05-31\\\/winterthur-baubeginn-fuer-gewerbe-und-wohnflaechen-in-industriehalle\\\/\"]}]},{\"@type\":\"ImageObject\",\"inLanguage\":\"fr-FR\",\"@id\":\"https:\\\/\\\/www.immobilienbusiness.ch\\\/en\\\/regionen\\\/2024-05-31\\\/winterthur-baubeginn-fuer-gewerbe-und-wohnflaechen-in-industriehalle\\\/#primaryimage\",\"url\":\"https:\\\/\\\/www.immobilienbusiness.ch\\\/wp-content\\\/uploads\\\/2024\\\/05\\\/Abendrot-Winterthur.png\",\"contentUrl\":\"https:\\\/\\\/www.immobilienbusiness.ch\\\/wp-content\\\/uploads\\\/2024\\\/05\\\/Abendrot-Winterthur.png\",\"width\":539,\"height\":408,\"caption\":\"In einer ehemaligen Industriehalle in Winterthur soll es bald lebendig zugehen (Visualisierung: Abendrot)\"},{\"@type\":\"BreadcrumbList\",\"@id\":\"https:\\\/\\\/www.immobilienbusiness.ch\\\/en\\\/regionen\\\/2024-05-31\\\/winterthur-baubeginn-fuer-gewerbe-und-wohnflaechen-in-industriehalle\\\/#breadcrumb\",\"itemListElement\":[{\"@type\":\"ListItem\",\"position\":1,\"name\":\"Home\",\"item\":\"https:\\\/\\\/www.immobilienbusiness.ch\\\/\"},{\"@type\":\"ListItem\",\"position\":2,\"name\":\"Winterthur: Baubeginn f\u00fcr Gewerbe- und Wohnfl\u00e4chen in Industriehalle\"}]},{\"@type\":\"WebSite\",\"@id\":\"https:\\\/\\\/www.immobilienbusiness.ch\\\/#website\",\"url\":\"https:\\\/\\\/www.immobilienbusiness.ch\\\/\",\"name\":\"IMMOBILIEN Business\",\"description\":\"Unabh\u00e4ngiges Schweizer Wirtschaftsmagazin mit Fokus auf Immobilien, Architektur- und Bau sowie Investment- und Finanzierung.\",\"publisher\":{\"@id\":\"https:\\\/\\\/www.immobilienbusiness.ch\\\/#organization\"},\"potentialAction\":[{\"@type\":\"SearchAction\",\"target\":{\"@type\":\"EntryPoint\",\"urlTemplate\":\"https:\\\/\\\/www.immobilienbusiness.ch\\\/?s={search_term_string}\"},\"query-input\":{\"@type\":\"PropertyValueSpecification\",\"valueRequired\":true,\"valueName\":\"search_term_string\"}}],\"inLanguage\":\"fr-FR\"},{\"@type\":\"Organization\",\"@id\":\"https:\\\/\\\/www.immobilienbusiness.ch\\\/#organization\",\"name\":\"IMMOBILIEN Business\",\"url\":\"https:\\\/\\\/www.immobilienbusiness.ch\\\/\",\"logo\":{\"@type\":\"ImageObject\",\"inLanguage\":\"fr-FR\",\"@id\":\"https:\\\/\\\/www.immobilienbusiness.ch\\\/#\\\/schema\\\/logo\\\/image\\\/\",\"url\":\"https:\\\/\\\/www.immobilienbusiness.ch\\\/wp-content\\\/uploads\\\/2021\\\/07\\\/logo_ib.png\",\"contentUrl\":\"https:\\\/\\\/www.immobilienbusiness.ch\\\/wp-content\\\/uploads\\\/2021\\\/07\\\/logo_ib.png\",\"width\":800,\"height\":181,\"caption\":\"IMMOBILIEN Business\"},\"image\":{\"@id\":\"https:\\\/\\\/www.immobilienbusiness.ch\\\/#\\\/schema\\\/logo\\\/image\\\/\"},\"sameAs\":[\"https:\\\/\\\/www.facebook.com\\\/immobilienbusiness\\\/\"]},{\"@type\":\"Person\",\"@id\":\"https:\\\/\\\/www.immobilienbusiness.ch\\\/#\\\/schema\\\/person\\\/aba8bea2db926aa0c24c08c43fe1fcd5\",\"name\":\"Alexander Wachter\",\"image\":{\"@type\":\"ImageObject\",\"inLanguage\":\"fr-FR\",\"@id\":\"https:\\\/\\\/secure.gravatar.com\\\/avatar\\\/1a09e471f5389b0e0a6416eac287e0927c7c97a7b77f9e787eba3af7aee281dd?s=96&d=mm&r=g\",\"url\":\"https:\\\/\\\/secure.gravatar.com\\\/avatar\\\/1a09e471f5389b0e0a6416eac287e0927c7c97a7b77f9e787eba3af7aee281dd?s=96&d=mm&r=g\",\"contentUrl\":\"https:\\\/\\\/secure.gravatar.com\\\/avatar\\\/1a09e471f5389b0e0a6416eac287e0927c7c97a7b77f9e787eba3af7aee281dd?s=96&d=mm&r=g\",\"caption\":\"Alexander Wachter\"},\"url\":\"https:\\\/\\\/www.immobilienbusiness.ch\\\/fr\\\/author\\\/alexander-wachter\\\/\"}]}<\/script>\n<!-- \/ Yoast SEO plugin. -->","yoast_head_json":{"title":"Winterthur : d\u00e9but de la construction de surfaces commerciales et r\u00e9sidentielles dans une halle industrielle - IMMOBILIER Business","description":"La Schiffbauhalle \u00e0 Winterthour sera transform\u00e9e d'ici fin 2025. De nouveaux ateliers, bureaux et ateliers-logements verront le jour.","robots":{"index":"index","follow":"follow","max-snippet":"max-snippet:-1","max-image-preview":"max-image-preview:large","max-video-preview":"max-video-preview:-1"},"canonical":"https:\/\/www.immobilienbusiness.ch\/fr\/regionen\/2024-05-31\/winterthur-baubeginn-fuer-gewerbe-und-wohnflaechen-in-industriehalle\/","og_locale":"fr_FR","og_type":"article","og_title":"Winterthur: Baubeginn f\u00fcr Gewerbe- und Wohnfl\u00e4chen in Industriehalle - IMMOBILIEN Business","og_description":"Die Schiffbauhalle in Winterthur wird bis Ende 2025 umgebaut. Neue Ateliers, B\u00fcros und Wohnateliers entstehen.","og_url":"https:\/\/www.immobilienbusiness.ch\/fr\/regionen\/2024-05-31\/winterthur-baubeginn-fuer-gewerbe-und-wohnflaechen-in-industriehalle\/","og_site_name":"IMMOBILIEN Business","article_publisher":"https:\/\/www.facebook.com\/immobilienbusiness\/","article_published_time":"2024-05-31T05:00:20+00:00","article_modified_time":"2024-08-21T03:52:10+00:00","og_image":[{"width":539,"height":408,"url":"https:\/\/www.immobilienbusiness.ch\/wp-content\/uploads\/2024\/05\/Abendrot-Winterthur.png","type":"image\/png"}],"author":"Alexander Wachter","twitter_card":"summary_large_image","schema":{"@context":"https:\/\/schema.org","@graph":[{"@type":"Article","@id":"https:\/\/www.immobilienbusiness.ch\/en\/regionen\/2024-05-31\/winterthur-baubeginn-fuer-gewerbe-und-wohnflaechen-in-industriehalle\/#article","isPartOf":{"@id":"https:\/\/www.immobilienbusiness.ch\/en\/regionen\/2024-05-31\/winterthur-baubeginn-fuer-gewerbe-und-wohnflaechen-in-industriehalle\/"},"author":{"name":"Alexander Wachter","@id":"https:\/\/www.immobilienbusiness.ch\/#\/schema\/person\/aba8bea2db926aa0c24c08c43fe1fcd5"},"headline":"Winterthur: Baubeginn f\u00fcr Gewerbe- und Wohnfl\u00e4chen in Industriehalle","datePublished":"2024-05-31T05:00:20+00:00","dateModified":"2024-08-21T03:52:10+00:00","mainEntityOfPage":{"@id":"https:\/\/www.immobilienbusiness.ch\/en\/regionen\/2024-05-31\/winterthur-baubeginn-fuer-gewerbe-und-wohnflaechen-in-industriehalle\/"},"wordCount":262,"publisher":{"@id":"https:\/\/www.immobilienbusiness.ch\/#organization"},"image":{"@id":"https:\/\/www.immobilienbusiness.ch\/en\/regionen\/2024-05-31\/winterthur-baubeginn-fuer-gewerbe-und-wohnflaechen-in-industriehalle\/#primaryimage"},"thumbnailUrl":"https:\/\/www.immobilienbusiness.ch\/wp-content\/uploads\/2024\/05\/Abendrot-Winterthur.png","keywords":["B\u00fcro","Gewerbe","Industrie","Mietwohnungen","Projekt in Bau","Umnutzung","Winterthur","ZH"],"articleSection":["REGIONEN"],"inLanguage":"fr-FR"},{"@type":"WebPage","@id":"https:\/\/www.immobilienbusiness.ch\/en\/regionen\/2024-05-31\/winterthur-baubeginn-fuer-gewerbe-und-wohnflaechen-in-industriehalle\/","url":"https:\/\/www.immobilienbusiness.ch\/en\/regionen\/2024-05-31\/winterthur-baubeginn-fuer-gewerbe-und-wohnflaechen-in-industriehalle\/","name":"Winterthur : d\u00e9but de la construction de surfaces commerciales et r\u00e9sidentielles dans une halle industrielle - IMMOBILIER Business","isPartOf":{"@id":"https:\/\/www.immobilienbusiness.ch\/#website"},"primaryImageOfPage":{"@id":"https:\/\/www.immobilienbusiness.ch\/en\/regionen\/2024-05-31\/winterthur-baubeginn-fuer-gewerbe-und-wohnflaechen-in-industriehalle\/#primaryimage"},"image":{"@id":"https:\/\/www.immobilienbusiness.ch\/en\/regionen\/2024-05-31\/winterthur-baubeginn-fuer-gewerbe-und-wohnflaechen-in-industriehalle\/#primaryimage"},"thumbnailUrl":"https:\/\/www.immobilienbusiness.ch\/wp-content\/uploads\/2024\/05\/Abendrot-Winterthur.png","datePublished":"2024-05-31T05:00:20+00:00","dateModified":"2024-08-21T03:52:10+00:00","description":"La Schiffbauhalle \u00e0 Winterthour sera transform\u00e9e d'ici fin 2025. De nouveaux ateliers, bureaux et ateliers-logements verront le jour.","breadcrumb":{"@id":"https:\/\/www.immobilienbusiness.ch\/en\/regionen\/2024-05-31\/winterthur-baubeginn-fuer-gewerbe-und-wohnflaechen-in-industriehalle\/#breadcrumb"},"inLanguage":"fr-FR","potentialAction":[{"@type":"ReadAction","target":["https:\/\/www.immobilienbusiness.ch\/en\/regionen\/2024-05-31\/winterthur-baubeginn-fuer-gewerbe-und-wohnflaechen-in-industriehalle\/"]}]},{"@type":"ImageObject","inLanguage":"fr-FR","@id":"https:\/\/www.immobilienbusiness.ch\/en\/regionen\/2024-05-31\/winterthur-baubeginn-fuer-gewerbe-und-wohnflaechen-in-industriehalle\/#primaryimage","url":"https:\/\/www.immobilienbusiness.ch\/wp-content\/uploads\/2024\/05\/Abendrot-Winterthur.png","contentUrl":"https:\/\/www.immobilienbusiness.ch\/wp-content\/uploads\/2024\/05\/Abendrot-Winterthur.png","width":539,"height":408,"caption":"In einer ehemaligen Industriehalle in Winterthur soll es bald lebendig zugehen (Visualisierung: Abendrot)"},{"@type":"BreadcrumbList","@id":"https:\/\/www.immobilienbusiness.ch\/en\/regionen\/2024-05-31\/winterthur-baubeginn-fuer-gewerbe-und-wohnflaechen-in-industriehalle\/#breadcrumb","itemListElement":[{"@type":"ListItem","position":1,"name":"Home","item":"https:\/\/www.immobilienbusiness.ch\/"},{"@type":"ListItem","position":2,"name":"Winterthur: Baubeginn f\u00fcr Gewerbe- und Wohnfl\u00e4chen in Industriehalle"}]},{"@type":"WebSite","@id":"https:\/\/www.immobilienbusiness.ch\/#website","url":"https:\/\/www.immobilienbusiness.ch\/","name":"IMMOBILIER Business","description":"Magazine \u00e9conomique suisse ind\u00e9pendant ax\u00e9 sur l'immobilier, l'architecture et la construction ainsi que sur les investissements et le financement.","publisher":{"@id":"https:\/\/www.immobilienbusiness.ch\/#organization"},"potentialAction":[{"@type":"SearchAction","target":{"@type":"EntryPoint","urlTemplate":"https:\/\/www.immobilienbusiness.ch\/?s={search_term_string}"},"query-input":{"@type":"PropertyValueSpecification","valueRequired":true,"valueName":"search_term_string"}}],"inLanguage":"fr-FR"},{"@type":"Organization","@id":"https:\/\/www.immobilienbusiness.ch\/#organization","name":"IMMOBILIER Business","url":"https:\/\/www.immobilienbusiness.ch\/","logo":{"@type":"ImageObject","inLanguage":"fr-FR","@id":"https:\/\/www.immobilienbusiness.ch\/#\/schema\/logo\/image\/","url":"https:\/\/www.immobilienbusiness.ch\/wp-content\/uploads\/2021\/07\/logo_ib.png","contentUrl":"https:\/\/www.immobilienbusiness.ch\/wp-content\/uploads\/2021\/07\/logo_ib.png","width":800,"height":181,"caption":"IMMOBILIEN Business"},"image":{"@id":"https:\/\/www.immobilienbusiness.ch\/#\/schema\/logo\/image\/"},"sameAs":["https:\/\/www.facebook.com\/immobilienbusiness\/"]},{"@type":"Person","@id":"https:\/\/www.immobilienbusiness.ch\/#\/schema\/person\/aba8bea2db926aa0c24c08c43fe1fcd5","name":"Alexander Wachter","image":{"@type":"ImageObject","inLanguage":"fr-FR","@id":"https:\/\/secure.gravatar.com\/avatar\/1a09e471f5389b0e0a6416eac287e0927c7c97a7b77f9e787eba3af7aee281dd?s=96&d=mm&r=g","url":"https:\/\/secure.gravatar.com\/avatar\/1a09e471f5389b0e0a6416eac287e0927c7c97a7b77f9e787eba3af7aee281dd?s=96&d=mm&r=g","contentUrl":"https:\/\/secure.gravatar.com\/avatar\/1a09e471f5389b0e0a6416eac287e0927c7c97a7b77f9e787eba3af7aee281dd?s=96&d=mm&r=g","caption":"Alexander Wachter"},"url":"https:\/\/www.immobilienbusiness.ch\/fr\/author\/alexander-wachter\/"}]}},"_links":{"self":[{"href":"https:\/\/www.immobilienbusiness.ch\/fr\/wp-json\/wp\/v2\/posts\/57209","targetHints":{"allow":["GET"]}}],"collection":[{"href":"https:\/\/www.immobilienbusiness.ch\/fr\/wp-json\/wp\/v2\/posts"}],"about":[{"href":"https:\/\/www.immobilienbusiness.ch\/fr\/wp-json\/wp\/v2\/types\/post"}],"author":[{"embeddable":true,"href":"https:\/\/www.immobilienbusiness.ch\/fr\/wp-json\/wp\/v2\/users\/102"}],"replies":[{"embeddable":true,"href":"https:\/\/www.immobilienbusiness.ch\/fr\/wp-json\/wp\/v2\/comments?post=57209"}],"version-history":[{"count":6,"href":"https:\/\/www.immobilienbusiness.ch\/fr\/wp-json\/wp\/v2\/posts\/57209\/revisions"}],"predecessor-version":[{"id":58775,"href":"https:\/\/www.immobilienbusiness.ch\/fr\/wp-json\/wp\/v2\/posts\/57209\/revisions\/58775"}],"wp:featuredmedia":[{"embeddable":true,"href":"https:\/\/www.immobilienbusiness.ch\/fr\/wp-json\/wp\/v2\/media\/57210"}],"wp:attachment":[{"href":"https:\/\/www.immobilienbusiness.ch\/fr\/wp-json\/wp\/v2\/media?parent=57209"}],"wp:term":[{"taxonomy":"category","embeddable":true,"href":"https:\/\/www.immobilienbusiness.ch\/fr\/wp-json\/wp\/v2\/categories?post=57209"},{"taxonomy":"post_tag","embeddable":true,"href":"https:\/\/www.immobilienbusiness.ch\/fr\/wp-json\/wp\/v2\/tags?post=57209"}],"curies":[{"name":"wp","href":"https:\/\/api.w.org\/{rel}","templated":true}]}}