{"id":5703,"date":"2017-01-09T09:09:07","date_gmt":"2017-01-09T08:09:07","guid":{"rendered":"https:\/\/immobilienbusiness.ch\/?p=5703"},"modified":"2017-01-09T09:09:07","modified_gmt":"2017-01-09T08:09:07","slug":"luzern-ca-kaufhaus-neubau","status":"publish","type":"post","link":"https:\/\/www.immobilienbusiness.ch\/fr\/regionen\/2017-01-09\/luzern-ca-kaufhaus-neubau\/","title":{"rendered":"Lucerne : le grand magasin C&amp;A doit faire place \u00e0 un nouveau b\u00e2timent"},"content":{"rendered":"<figure id=\"attachment_5704\" aria-describedby=\"caption-attachment-5704\" style=\"width: 680px\" class=\"wp-caption alignnone\"><img loading=\"lazy\" decoding=\"async\" class=\"size-medium wp-image-5704\" src=\"https:\/\/immobilienbusiness.ch\/wp-content\/uploads\/2017\/01\/Depositphotos_90549466_l-2015.jpg\" alt=\"\" width=\"680\" height=\"447\" srcset=\"https:\/\/www.immobilienbusiness.ch\/wp-content\/uploads\/2017\/01\/Depositphotos_90549466_l-2015.jpg 2000w, https:\/\/www.immobilienbusiness.ch\/wp-content\/uploads\/2017\/01\/Depositphotos_90549466_l-2015-300x197.jpg 300w, https:\/\/www.immobilienbusiness.ch\/wp-content\/uploads\/2017\/01\/Depositphotos_90549466_l-2015-1024x674.jpg 1024w, https:\/\/www.immobilienbusiness.ch\/wp-content\/uploads\/2017\/01\/Depositphotos_90549466_l-2015-768x505.jpg 768w, https:\/\/www.immobilienbusiness.ch\/wp-content\/uploads\/2017\/01\/Depositphotos_90549466_l-2015-1536x1011.jpg 1536w, https:\/\/www.immobilienbusiness.ch\/wp-content\/uploads\/2017\/01\/Depositphotos_90549466_l-2015-16x12.jpg 16w, https:\/\/www.immobilienbusiness.ch\/wp-content\/uploads\/2017\/01\/Depositphotos_90549466_l-2015-266x175.jpg 266w, https:\/\/www.immobilienbusiness.ch\/wp-content\/uploads\/2017\/01\/Depositphotos_90549466_l-2015-532x350.jpg 532w, https:\/\/www.immobilienbusiness.ch\/wp-content\/uploads\/2017\/01\/Depositphotos_90549466_l-2015-1216x800.jpg 1216w, https:\/\/www.immobilienbusiness.ch\/wp-content\/uploads\/2017\/01\/Depositphotos_90549466_l-2015-920x605.jpg 920w, https:\/\/www.immobilienbusiness.ch\/wp-content\/uploads\/2017\/01\/Depositphotos_90549466_l-2015-1400x921.jpg 1400w\" sizes=\"auto, (max-width: 680px) 100vw, 680px\" \/><figcaption id=\"caption-attachment-5704\" class=\"wp-caption-text\">Vue sur la vieille ville de Lucerne (Photo : Xentana - Depositphotos)<\/figcaption><\/figure>\n<p>Comme le rapportent les m\u00e9dias locaux, Newport Holding Luzern veut d\u00e9molir jusqu'aux fondations le grand magasin C&amp;A situ\u00e9 au num\u00e9ro 4 de la Kapellgasse dans la vieille ville de Lucerne. Un nouveau b\u00e2timent devrait \u00eatre \u00e9rig\u00e9 sur le terrain \u00e0 partir de 2018. La holding allemande, qui investit dans des sites de vente au d\u00e9tail bien \u00e9tablis, avait achet\u00e9 le terrain en avril 2016 \u00e0 une communaut\u00e9 d'h\u00e9ritiers.<\/p>\n<p>Selon une \u00e9tude de faisabilit\u00e9, le nouveau b\u00e2timent de remplacement comprendra des surfaces de vente au d\u00e9tail, mais aussi des bureaux et des logements. Un concours de projets pour la nouvelle construction devrait \u00eatre achev\u00e9 d'ici l'\u00e9t\u00e9 2017.<\/p>\n<p>Selon l'article de presse, aucun magasin C&amp;A ne s'y installera toutefois plus. L'entreprise fermera probablement le site de la Kapellgasse en 2018, car l'ouverture d'une nouvelle filiale dans le Mall of Switzerland ainsi que la transformation et l'introduction d'un nouveau concept de magasin dans le magasin principal de la Hertensteinstrasse 58 sont pr\u00e9vues pour 2017. Une demande de permis de construire a r\u00e9cemment \u00e9t\u00e9 d\u00e9pos\u00e9e pour ce grand magasin C&amp;A. Le propri\u00e9taire foncier de l'immeuble est Redevco.<\/p>\n<p>&nbsp;<\/p>","protected":false},"excerpt":{"rendered":"<p>Le grand magasin C&amp;A de la Kapellgasse, dans la vieille ville de Lucerne, doit \u00eatre remplac\u00e9 par un nouveau b\u00e2timent. Il existe \u00e9galement des projets de transformation pour le magasin C&amp;A de la Hertensteinstrasse.<\/p>","protected":false},"author":3,"featured_media":5704,"comment_status":"open","ping_status":"open","sticky":false,"template":"","format":"standard","meta":{"_acf_changed":false,"_yoast_wpseo_focuskw":"C&A-Kaufhaus","_yoast_wpseo_title":"","_yoast_wpseo_metadesc":"Das C&A-Kaufhaus an der Kapellgasse in der Luzerner Altstadt soll durch einen Neubau ersetzt werden. Umbaupl\u00e4ne hat C&A auch an der Hertensteinstrasse.","_yoast_wpseo_linkdex":61,"pgc_sgb_lightbox_settings":"","footnotes":""},"categories":[985],"tags":[1021,1459,1518,1643],"class_list":["post-5703","post","type-post","status-publish","format-standard","has-post-thumbnail","hentry","category-regionen","tag-altstadt","tag-luzern","tag-neubau","tag-retail"],"acf":[],"yoast_head":"<!-- This site is optimized with the Yoast SEO plugin v27.4 - https:\/\/yoast.com\/product\/yoast-seo-wordpress\/ -->\n<title>Luzern: C&amp;A-Kaufhaus soll Neubau weichen - IMMOBILIEN Business<\/title>\n<meta name=\"description\" content=\"Das C&amp;A-Kaufhaus an der Kapellgasse in der Luzerner Altstadt soll durch einen Neubau ersetzt werden. Umbaupl\u00e4ne hat C&amp;A auch an der Hertensteinstrasse.\" \/>\n<meta name=\"robots\" content=\"index, follow, max-snippet:-1, max-image-preview:large, max-video-preview:-1\" \/>\n<link rel=\"canonical\" href=\"https:\/\/www.immobilienbusiness.ch\/fr\/regionen\/2017-01-09\/luzern-ca-kaufhaus-neubau\/\" \/>\n<meta property=\"og:locale\" content=\"fr_FR\" \/>\n<meta property=\"og:type\" content=\"article\" \/>\n<meta property=\"og:title\" content=\"Luzern: C&amp;A-Kaufhaus soll Neubau weichen\" \/>\n<meta property=\"og:description\" content=\"Das C&amp;A-Kaufhaus an der Kapellgasse in der Luzerner Altstadt soll durch einen Neubau ersetzt werden. Umbaupl\u00e4ne hat C&amp;A auch an der Hertensteinstrasse.\" \/>\n<meta property=\"og:url\" content=\"https:\/\/www.immobilienbusiness.ch\/fr\/regionen\/2017-01-09\/luzern-ca-kaufhaus-neubau\/\" \/>\n<meta property=\"og:site_name\" content=\"IMMOBILIEN Business\" \/>\n<meta property=\"article:publisher\" content=\"https:\/\/www.facebook.com\/immobilienbusiness\/\" \/>\n<meta property=\"article:published_time\" content=\"2017-01-09T08:09:07+00:00\" \/>\n<meta name=\"author\" content=\"anja.hall\" \/>\n<meta name=\"twitter:card\" content=\"summary_large_image\" \/>\n<meta name=\"twitter:title\" content=\"Luzern: C&amp;A-Kaufhaus soll Neubau weichen\" \/>\n<meta name=\"twitter:description\" content=\"Das C&amp;A-Kaufhaus an der Kapellgasse in der Luzerner Altstadt soll durch einen Neubau ersetzt werden. Umbaupl\u00e4ne hat C&amp;A auch an der Hertensteinstrasse.\" \/>\n<meta name=\"twitter:image\" content=\"https:\/\/immobilienbusiness.ch\/wp-content\/uploads\/2017\/01\/Depositphotos_90549466_l-2015.jpg\" \/>\n<script type=\"application\/ld+json\" class=\"yoast-schema-graph\">{\"@context\":\"https:\\\/\\\/schema.org\",\"@graph\":[{\"@type\":\"Article\",\"@id\":\"https:\\\/\\\/www.immobilienbusiness.ch\\\/regionen\\\/2017-01-09\\\/luzern-ca-kaufhaus-neubau\\\/#article\",\"isPartOf\":{\"@id\":\"https:\\\/\\\/www.immobilienbusiness.ch\\\/regionen\\\/2017-01-09\\\/luzern-ca-kaufhaus-neubau\\\/\"},\"author\":{\"name\":\"anja.hall\",\"@id\":\"https:\\\/\\\/www.immobilienbusiness.ch\\\/#\\\/schema\\\/person\\\/3fc036297b10b9f42d6db5ee932af8c8\"},\"headline\":\"Luzern: C&#038;A-Kaufhaus soll Neubau weichen\",\"datePublished\":\"2017-01-09T08:09:07+00:00\",\"mainEntityOfPage\":{\"@id\":\"https:\\\/\\\/www.immobilienbusiness.ch\\\/regionen\\\/2017-01-09\\\/luzern-ca-kaufhaus-neubau\\\/\"},\"wordCount\":175,\"commentCount\":0,\"publisher\":{\"@id\":\"https:\\\/\\\/www.immobilienbusiness.ch\\\/#organization\"},\"image\":{\"@id\":\"https:\\\/\\\/www.immobilienbusiness.ch\\\/regionen\\\/2017-01-09\\\/luzern-ca-kaufhaus-neubau\\\/#primaryimage\"},\"thumbnailUrl\":\"https:\\\/\\\/www.immobilienbusiness.ch\\\/wp-content\\\/uploads\\\/2017\\\/01\\\/Depositphotos_90549466_l-2015.jpg\",\"keywords\":[\"Altstadt\",\"Luzern\",\"Neubau\",\"Retail\"],\"articleSection\":[\"REGIONEN\"],\"inLanguage\":\"fr-FR\"},{\"@type\":\"WebPage\",\"@id\":\"https:\\\/\\\/www.immobilienbusiness.ch\\\/regionen\\\/2017-01-09\\\/luzern-ca-kaufhaus-neubau\\\/\",\"url\":\"https:\\\/\\\/www.immobilienbusiness.ch\\\/regionen\\\/2017-01-09\\\/luzern-ca-kaufhaus-neubau\\\/\",\"name\":\"Luzern: C&A-Kaufhaus soll Neubau weichen - IMMOBILIEN Business\",\"isPartOf\":{\"@id\":\"https:\\\/\\\/www.immobilienbusiness.ch\\\/#website\"},\"primaryImageOfPage\":{\"@id\":\"https:\\\/\\\/www.immobilienbusiness.ch\\\/regionen\\\/2017-01-09\\\/luzern-ca-kaufhaus-neubau\\\/#primaryimage\"},\"image\":{\"@id\":\"https:\\\/\\\/www.immobilienbusiness.ch\\\/regionen\\\/2017-01-09\\\/luzern-ca-kaufhaus-neubau\\\/#primaryimage\"},\"thumbnailUrl\":\"https:\\\/\\\/www.immobilienbusiness.ch\\\/wp-content\\\/uploads\\\/2017\\\/01\\\/Depositphotos_90549466_l-2015.jpg\",\"datePublished\":\"2017-01-09T08:09:07+00:00\",\"description\":\"Das C&A-Kaufhaus an der Kapellgasse in der Luzerner Altstadt soll durch einen Neubau ersetzt werden. Umbaupl\u00e4ne hat C&A auch an der Hertensteinstrasse.\",\"breadcrumb\":{\"@id\":\"https:\\\/\\\/www.immobilienbusiness.ch\\\/regionen\\\/2017-01-09\\\/luzern-ca-kaufhaus-neubau\\\/#breadcrumb\"},\"inLanguage\":\"fr-FR\",\"potentialAction\":[{\"@type\":\"ReadAction\",\"target\":[\"https:\\\/\\\/www.immobilienbusiness.ch\\\/regionen\\\/2017-01-09\\\/luzern-ca-kaufhaus-neubau\\\/\"]}]},{\"@type\":\"ImageObject\",\"inLanguage\":\"fr-FR\",\"@id\":\"https:\\\/\\\/www.immobilienbusiness.ch\\\/regionen\\\/2017-01-09\\\/luzern-ca-kaufhaus-neubau\\\/#primaryimage\",\"url\":\"https:\\\/\\\/www.immobilienbusiness.ch\\\/wp-content\\\/uploads\\\/2017\\\/01\\\/Depositphotos_90549466_l-2015.jpg\",\"contentUrl\":\"https:\\\/\\\/www.immobilienbusiness.ch\\\/wp-content\\\/uploads\\\/2017\\\/01\\\/Depositphotos_90549466_l-2015.jpg\",\"width\":2000,\"height\":1316,\"caption\":\"Blick auf die Altstadt von Luzern (Foto: Xentana - Depositphotos)\"},{\"@type\":\"BreadcrumbList\",\"@id\":\"https:\\\/\\\/www.immobilienbusiness.ch\\\/regionen\\\/2017-01-09\\\/luzern-ca-kaufhaus-neubau\\\/#breadcrumb\",\"itemListElement\":[{\"@type\":\"ListItem\",\"position\":1,\"name\":\"Home\",\"item\":\"https:\\\/\\\/www.immobilienbusiness.ch\\\/\"},{\"@type\":\"ListItem\",\"position\":2,\"name\":\"Luzern: C&#038;A-Kaufhaus soll Neubau weichen\"}]},{\"@type\":\"WebSite\",\"@id\":\"https:\\\/\\\/www.immobilienbusiness.ch\\\/#website\",\"url\":\"https:\\\/\\\/www.immobilienbusiness.ch\\\/\",\"name\":\"IMMOBILIEN Business\",\"description\":\"Unabh\u00e4ngiges Schweizer Wirtschaftsmagazin mit Fokus auf Immobilien, Architektur- und Bau sowie Investment- und Finanzierung.\",\"publisher\":{\"@id\":\"https:\\\/\\\/www.immobilienbusiness.ch\\\/#organization\"},\"potentialAction\":[{\"@type\":\"SearchAction\",\"target\":{\"@type\":\"EntryPoint\",\"urlTemplate\":\"https:\\\/\\\/www.immobilienbusiness.ch\\\/?s={search_term_string}\"},\"query-input\":{\"@type\":\"PropertyValueSpecification\",\"valueRequired\":true,\"valueName\":\"search_term_string\"}}],\"inLanguage\":\"fr-FR\"},{\"@type\":\"Organization\",\"@id\":\"https:\\\/\\\/www.immobilienbusiness.ch\\\/#organization\",\"name\":\"IMMOBILIEN Business\",\"url\":\"https:\\\/\\\/www.immobilienbusiness.ch\\\/\",\"logo\":{\"@type\":\"ImageObject\",\"inLanguage\":\"fr-FR\",\"@id\":\"https:\\\/\\\/www.immobilienbusiness.ch\\\/#\\\/schema\\\/logo\\\/image\\\/\",\"url\":\"https:\\\/\\\/www.immobilienbusiness.ch\\\/wp-content\\\/uploads\\\/2021\\\/07\\\/logo_ib.png\",\"contentUrl\":\"https:\\\/\\\/www.immobilienbusiness.ch\\\/wp-content\\\/uploads\\\/2021\\\/07\\\/logo_ib.png\",\"width\":800,\"height\":181,\"caption\":\"IMMOBILIEN Business\"},\"image\":{\"@id\":\"https:\\\/\\\/www.immobilienbusiness.ch\\\/#\\\/schema\\\/logo\\\/image\\\/\"},\"sameAs\":[\"https:\\\/\\\/www.facebook.com\\\/immobilienbusiness\\\/\"]},{\"@type\":\"Person\",\"@id\":\"https:\\\/\\\/www.immobilienbusiness.ch\\\/#\\\/schema\\\/person\\\/3fc036297b10b9f42d6db5ee932af8c8\",\"name\":\"anja.hall\",\"image\":{\"@type\":\"ImageObject\",\"inLanguage\":\"fr-FR\",\"@id\":\"https:\\\/\\\/secure.gravatar.com\\\/avatar\\\/066b5a0d447013502c71a5782f4f3469f03cfe595cc2329fb94652fe47511bfb?s=96&d=mm&r=g\",\"url\":\"https:\\\/\\\/secure.gravatar.com\\\/avatar\\\/066b5a0d447013502c71a5782f4f3469f03cfe595cc2329fb94652fe47511bfb?s=96&d=mm&r=g\",\"contentUrl\":\"https:\\\/\\\/secure.gravatar.com\\\/avatar\\\/066b5a0d447013502c71a5782f4f3469f03cfe595cc2329fb94652fe47511bfb?s=96&d=mm&r=g\",\"caption\":\"anja.hall\"},\"url\":\"https:\\\/\\\/www.immobilienbusiness.ch\\\/fr\\\/author\\\/anja-hall\\\/\"}]}<\/script>\n<!-- \/ Yoast SEO plugin. -->","yoast_head_json":{"title":"Luzern: C&A-Kaufhaus soll Neubau weichen - IMMOBILIEN Business","description":"Das C&A-Kaufhaus an der Kapellgasse in der Luzerner Altstadt soll durch einen Neubau ersetzt werden. Umbaupl\u00e4ne hat C&A auch an der Hertensteinstrasse.","robots":{"index":"index","follow":"follow","max-snippet":"max-snippet:-1","max-image-preview":"max-image-preview:large","max-video-preview":"max-video-preview:-1"},"canonical":"https:\/\/www.immobilienbusiness.ch\/fr\/regionen\/2017-01-09\/luzern-ca-kaufhaus-neubau\/","og_locale":"fr_FR","og_type":"article","og_title":"Luzern: C&A-Kaufhaus soll Neubau weichen","og_description":"Das C&A-Kaufhaus an der Kapellgasse in der Luzerner Altstadt soll durch einen Neubau ersetzt werden. Umbaupl\u00e4ne hat C&A auch an der Hertensteinstrasse.","og_url":"https:\/\/www.immobilienbusiness.ch\/fr\/regionen\/2017-01-09\/luzern-ca-kaufhaus-neubau\/","og_site_name":"IMMOBILIEN Business","article_publisher":"https:\/\/www.facebook.com\/immobilienbusiness\/","article_published_time":"2017-01-09T08:09:07+00:00","author":"anja.hall","twitter_card":"summary_large_image","twitter_title":"Luzern: C&A-Kaufhaus soll Neubau weichen","twitter_description":"Das C&A-Kaufhaus an der Kapellgasse in der Luzerner Altstadt soll durch einen Neubau ersetzt werden. Umbaupl\u00e4ne hat C&A auch an der Hertensteinstrasse.","twitter_image":"https:\/\/immobilienbusiness.ch\/wp-content\/uploads\/2017\/01\/Depositphotos_90549466_l-2015.jpg","schema":{"@context":"https:\/\/schema.org","@graph":[{"@type":"Article","@id":"https:\/\/www.immobilienbusiness.ch\/regionen\/2017-01-09\/luzern-ca-kaufhaus-neubau\/#article","isPartOf":{"@id":"https:\/\/www.immobilienbusiness.ch\/regionen\/2017-01-09\/luzern-ca-kaufhaus-neubau\/"},"author":{"name":"anja.hall","@id":"https:\/\/www.immobilienbusiness.ch\/#\/schema\/person\/3fc036297b10b9f42d6db5ee932af8c8"},"headline":"Luzern: C&#038;A-Kaufhaus soll Neubau weichen","datePublished":"2017-01-09T08:09:07+00:00","mainEntityOfPage":{"@id":"https:\/\/www.immobilienbusiness.ch\/regionen\/2017-01-09\/luzern-ca-kaufhaus-neubau\/"},"wordCount":175,"commentCount":0,"publisher":{"@id":"https:\/\/www.immobilienbusiness.ch\/#organization"},"image":{"@id":"https:\/\/www.immobilienbusiness.ch\/regionen\/2017-01-09\/luzern-ca-kaufhaus-neubau\/#primaryimage"},"thumbnailUrl":"https:\/\/www.immobilienbusiness.ch\/wp-content\/uploads\/2017\/01\/Depositphotos_90549466_l-2015.jpg","keywords":["Altstadt","Luzern","Neubau","Retail"],"articleSection":["REGIONEN"],"inLanguage":"fr-FR"},{"@type":"WebPage","@id":"https:\/\/www.immobilienbusiness.ch\/regionen\/2017-01-09\/luzern-ca-kaufhaus-neubau\/","url":"https:\/\/www.immobilienbusiness.ch\/regionen\/2017-01-09\/luzern-ca-kaufhaus-neubau\/","name":"Luzern: C&A-Kaufhaus soll Neubau weichen - IMMOBILIEN Business","isPartOf":{"@id":"https:\/\/www.immobilienbusiness.ch\/#website"},"primaryImageOfPage":{"@id":"https:\/\/www.immobilienbusiness.ch\/regionen\/2017-01-09\/luzern-ca-kaufhaus-neubau\/#primaryimage"},"image":{"@id":"https:\/\/www.immobilienbusiness.ch\/regionen\/2017-01-09\/luzern-ca-kaufhaus-neubau\/#primaryimage"},"thumbnailUrl":"https:\/\/www.immobilienbusiness.ch\/wp-content\/uploads\/2017\/01\/Depositphotos_90549466_l-2015.jpg","datePublished":"2017-01-09T08:09:07+00:00","description":"Das C&A-Kaufhaus an der Kapellgasse in der Luzerner Altstadt soll durch einen Neubau ersetzt werden. Umbaupl\u00e4ne hat C&A auch an der Hertensteinstrasse.","breadcrumb":{"@id":"https:\/\/www.immobilienbusiness.ch\/regionen\/2017-01-09\/luzern-ca-kaufhaus-neubau\/#breadcrumb"},"inLanguage":"fr-FR","potentialAction":[{"@type":"ReadAction","target":["https:\/\/www.immobilienbusiness.ch\/regionen\/2017-01-09\/luzern-ca-kaufhaus-neubau\/"]}]},{"@type":"ImageObject","inLanguage":"fr-FR","@id":"https:\/\/www.immobilienbusiness.ch\/regionen\/2017-01-09\/luzern-ca-kaufhaus-neubau\/#primaryimage","url":"https:\/\/www.immobilienbusiness.ch\/wp-content\/uploads\/2017\/01\/Depositphotos_90549466_l-2015.jpg","contentUrl":"https:\/\/www.immobilienbusiness.ch\/wp-content\/uploads\/2017\/01\/Depositphotos_90549466_l-2015.jpg","width":2000,"height":1316,"caption":"Blick auf die Altstadt von Luzern (Foto: Xentana - Depositphotos)"},{"@type":"BreadcrumbList","@id":"https:\/\/www.immobilienbusiness.ch\/regionen\/2017-01-09\/luzern-ca-kaufhaus-neubau\/#breadcrumb","itemListElement":[{"@type":"ListItem","position":1,"name":"Home","item":"https:\/\/www.immobilienbusiness.ch\/"},{"@type":"ListItem","position":2,"name":"Luzern: C&#038;A-Kaufhaus soll Neubau weichen"}]},{"@type":"WebSite","@id":"https:\/\/www.immobilienbusiness.ch\/#website","url":"https:\/\/www.immobilienbusiness.ch\/","name":"IMMOBILIER Business","description":"Magazine \u00e9conomique suisse ind\u00e9pendant ax\u00e9 sur l'immobilier, l'architecture et la construction ainsi que sur les investissements et le financement.","publisher":{"@id":"https:\/\/www.immobilienbusiness.ch\/#organization"},"potentialAction":[{"@type":"SearchAction","target":{"@type":"EntryPoint","urlTemplate":"https:\/\/www.immobilienbusiness.ch\/?s={search_term_string}"},"query-input":{"@type":"PropertyValueSpecification","valueRequired":true,"valueName":"search_term_string"}}],"inLanguage":"fr-FR"},{"@type":"Organization","@id":"https:\/\/www.immobilienbusiness.ch\/#organization","name":"IMMOBILIER Business","url":"https:\/\/www.immobilienbusiness.ch\/","logo":{"@type":"ImageObject","inLanguage":"fr-FR","@id":"https:\/\/www.immobilienbusiness.ch\/#\/schema\/logo\/image\/","url":"https:\/\/www.immobilienbusiness.ch\/wp-content\/uploads\/2021\/07\/logo_ib.png","contentUrl":"https:\/\/www.immobilienbusiness.ch\/wp-content\/uploads\/2021\/07\/logo_ib.png","width":800,"height":181,"caption":"IMMOBILIEN Business"},"image":{"@id":"https:\/\/www.immobilienbusiness.ch\/#\/schema\/logo\/image\/"},"sameAs":["https:\/\/www.facebook.com\/immobilienbusiness\/"]},{"@type":"Person","@id":"https:\/\/www.immobilienbusiness.ch\/#\/schema\/person\/3fc036297b10b9f42d6db5ee932af8c8","name":"anja.hall","image":{"@type":"ImageObject","inLanguage":"fr-FR","@id":"https:\/\/secure.gravatar.com\/avatar\/066b5a0d447013502c71a5782f4f3469f03cfe595cc2329fb94652fe47511bfb?s=96&d=mm&r=g","url":"https:\/\/secure.gravatar.com\/avatar\/066b5a0d447013502c71a5782f4f3469f03cfe595cc2329fb94652fe47511bfb?s=96&d=mm&r=g","contentUrl":"https:\/\/secure.gravatar.com\/avatar\/066b5a0d447013502c71a5782f4f3469f03cfe595cc2329fb94652fe47511bfb?s=96&d=mm&r=g","caption":"anja.hall"},"url":"https:\/\/www.immobilienbusiness.ch\/fr\/author\/anja-hall\/"}]}},"_links":{"self":[{"href":"https:\/\/www.immobilienbusiness.ch\/fr\/wp-json\/wp\/v2\/posts\/5703","targetHints":{"allow":["GET"]}}],"collection":[{"href":"https:\/\/www.immobilienbusiness.ch\/fr\/wp-json\/wp\/v2\/posts"}],"about":[{"href":"https:\/\/www.immobilienbusiness.ch\/fr\/wp-json\/wp\/v2\/types\/post"}],"author":[{"embeddable":true,"href":"https:\/\/www.immobilienbusiness.ch\/fr\/wp-json\/wp\/v2\/users\/3"}],"replies":[{"embeddable":true,"href":"https:\/\/www.immobilienbusiness.ch\/fr\/wp-json\/wp\/v2\/comments?post=5703"}],"version-history":[{"count":0,"href":"https:\/\/www.immobilienbusiness.ch\/fr\/wp-json\/wp\/v2\/posts\/5703\/revisions"}],"wp:featuredmedia":[{"embeddable":true,"href":"https:\/\/www.immobilienbusiness.ch\/fr\/wp-json\/wp\/v2\/media\/5704"}],"wp:attachment":[{"href":"https:\/\/www.immobilienbusiness.ch\/fr\/wp-json\/wp\/v2\/media?parent=5703"}],"wp:term":[{"taxonomy":"category","embeddable":true,"href":"https:\/\/www.immobilienbusiness.ch\/fr\/wp-json\/wp\/v2\/categories?post=5703"},{"taxonomy":"post_tag","embeddable":true,"href":"https:\/\/www.immobilienbusiness.ch\/fr\/wp-json\/wp\/v2\/tags?post=5703"}],"curies":[{"name":"wp","href":"https:\/\/api.w.org\/{rel}","templated":true}]}}